{"id":192242,"date":"2024-11-29T08:50:00","date_gmt":"2024-11-29T11:50:00","guid":{"rendered":"https:\/\/www.gaveanews.com\/?p=192242"},"modified":"2024-11-29T07:41:36","modified_gmt":"2024-11-29T10:41:36","slug":"a-resposta-de-deyverson-sobre-deixar-o-atletico-mg","status":"publish","type":"post","link":"https:\/\/www.gaveanews.com\/index.php\/2024\/11\/29\/a-resposta-de-deyverson-sobre-deixar-o-atletico-mg\/","title":{"rendered":"A resposta de Deyverson sobre deixar o Atl\u00e9tico-MG"},"content":{"rendered":"\n<h2 class=\"wp-block-heading\" id=\"h-deyverson-comenta-carinho-pelo-boca-juniors-e-destaca-final-da-libertadores\">Deyverson comenta carinho pelo Boca Juniors e destaca final da Libertadores<\/h2>\n\n\n\n<p>No Atl\u00e9tico-MG desde o segundo semestre, Deyverson j\u00e1 contribuiu com gols importantes na campanha do time na CONMEBOL Libertadores. O atacante ser\u00e1 uma das pe\u00e7as principais da equipe na decis\u00e3o contra o Botafogo, marcada para este s\u00e1bado (30), \u00e0s 17h (de Bras\u00edlia). Durante entrevista \u00e0 ESPN Argentina, o jogador comentou sobre o carinho que tem recebido na Argentina e a rela\u00e7\u00e3o com o Boca Juniors.<\/p>\n\n\n\n<ul class=\"wp-block-list\">\n<li><a href=\"https:\/\/www.gaveanews.com\/index.php\/2024\/11\/28\/atletico-mg-x-botafogo-final-da-libertadores-tera-novidade-2\/\">Atl\u00e9tico-MG x Botafogo: final da Libertadores ter\u00e1 novidade<\/a><\/li>\n\n\n\n<li><a href=\"https:\/\/www.gaveanews.com\/index.php\/2024\/11\/28\/stjd-toma-decisao-importante-sobre-a-mrv-arena-estadio-do-atletico-mg\/\">STJD toma decis\u00e3o importante sobre a MRV Arena, est\u00e1dio do Atl\u00e9tico-MG<\/a><\/li>\n<\/ul>\n\n\n\n<p>\u201cMe receberam muito bem aqui na Argentina. No aeroporto, j\u00e1 estavam tirando selfies comigo, at\u00e9 fazendo aquele \u2018neg\u00f3cio\u2019 do outro time. Mas fui bem tratado. Tem muita gente am\u00e1vel aqui, todos me tratando bem. Fico feliz por estar voltando para c\u00e1\u201d, disse Deyverson.<\/p>\n\n\n\n<p>Os gols do atacante na semifinal contra o River Plate aproximaram a torcida do Boca Juniors, que passou a demonstrar apoio ao jogador. \u201cAs pessoas t\u00eam muito carinho por mim, os torcedores do Boca. \u00c9 um clube hist\u00f3rico, com grandes jogadores que passaram. Isso me deixa contente\u201d, afirmou.<\/p>\n\n\n\n<p>O atacante tamb\u00e9m comentou que sua admira\u00e7\u00e3o pelo Boca Juniors vem de longa data. \u201cEu gosto muito do Boca por conta do Maradona, claro, em primeiro lugar. Tamb\u00e9m pelo Cavani, com quem conversei outro dia e troquei camisas. Tem outros \u00eddolos, como o Riquelme. Desde crian\u00e7a, eu assistia aos jogos do Boca. Joguei contra eles em La Bombonera, e a torcida, o est\u00e1dio, tudo isso marcou para mim\u201d, contou.<\/p>\n\n\n\n<p>Deyverson ainda comentou sobre os torcedores do Boca e a forma como eles apoiam o time. \u201cA forma como o torcedor canta, n\u00e3o para. Se est\u00e1 mal, canta. Se est\u00e1 bem, canta tamb\u00e9m. Isso chamou minha aten\u00e7\u00e3o e me fez gostar do Boca\u201d, disse o jogador.<\/p>\n\n\n\n<p>Perguntado sobre a possibilidade de jogar no Boca no futuro, Deyverson revelou que n\u00e3o recebeu uma proposta oficial do clube, mas que considera a torcida especial. \u201cEu imaginava que o Roman (Riquelme) me chamaria, mas o Milito me ligou primeiro. E a forma como o Atl\u00e9tico-MG me tratou, como tratou minha fam\u00edlia, foi algo que pesou para eu estar aqui agora\u201d, finalizou.<\/p>\n","protected":false},"excerpt":{"rendered":"<p>Deyverson comenta carinho pelo Boca Juniors e destaca final da Libertadores No Atl\u00e9tico-MG desde o segundo semestre, Deyverson j\u00e1 contribuiu com gols importantes na campanha do time na CONMEBOL Libertadores. O atacante ser\u00e1 uma das pe\u00e7as principais da equipe na decis\u00e3o contra o Botafogo, marcada para este s\u00e1bado (30), \u00e0s 17h (de Bras\u00edlia). Durante entrevista [&hellip;]<\/p>\n","protected":false},"author":20,"featured_media":158213,"comment_status":"open","ping_status":"closed","sticky":false,"template":"","format":"standard","meta":{"footnotes":""},"categories":[136],"tags":[],"class_list":["post-192242","post","type-post","status-publish","format-standard","has-post-thumbnail","hentry","category-atletico-mg"],"yoast_head":"<!-- This site is optimized with the Yoast SEO Premium plugin v24.2 (Yoast SEO v26.9) - https:\/\/yoast.com\/product\/yoast-seo-premium-wordpress\/ -->\n<title>A resposta de Deyverson sobre deixar o Atl\u00e9tico-MG<\/title>\n<meta name=\"robots\" content=\"index, follow, max-snippet:-1, max-image-preview:large, max-video-preview:-1\" \/>\n<link rel=\"canonical\" href=\"https:\/\/www.gaveanews.com\/index.php\/2024\/11\/29\/a-resposta-de-deyverson-sobre-deixar-o-atletico-mg\/\" \/>\n<meta property=\"og:locale\" content=\"pt_BR\" \/>\n<meta property=\"og:type\" content=\"article\" \/>\n<meta property=\"og:title\" content=\"A resposta de Deyverson sobre deixar o Atl\u00e9tico-MG\" \/>\n<meta property=\"og:description\" content=\"Deyverson comenta carinho pelo Boca Juniors e destaca final da Libertadores No Atl\u00e9tico-MG desde o segundo semestre, Deyverson j\u00e1 contribuiu com gols importantes na campanha do time na CONMEBOL Libertadores. O atacante ser\u00e1 uma das pe\u00e7as principais da equipe na decis\u00e3o contra o Botafogo, marcada para este s\u00e1bado (30), \u00e0s 17h (de Bras\u00edlia). Durante entrevista [&hellip;]\" \/>\n<meta property=\"og:url\" content=\"https:\/\/www.gaveanews.com\/index.php\/2024\/11\/29\/a-resposta-de-deyverson-sobre-deixar-o-atletico-mg\/\" \/>\n<meta property=\"og:site_name\" content=\"G\u00e1vea News\" \/>\n<meta property=\"article:publisher\" content=\"https:\/\/facebook.com\/gaveaNews\/\" \/>\n<meta property=\"article:published_time\" content=\"2024-11-29T11:50:00+00:00\" \/>\n<meta property=\"og:image\" content=\"https:\/\/www.gaveanews.com\/wp-content\/uploads\/Deyverson-com-a-camisa-do-Atletico-Mineiro-em-2024.webp\" \/>\n\t<meta property=\"og:image:width\" content=\"1350\" \/>\n\t<meta property=\"og:image:height\" content=\"1013\" \/>\n\t<meta property=\"og:image:type\" content=\"image\/webp\" \/>\n<meta name=\"author\" content=\"Lucas Barros\" \/>\n<meta name=\"twitter:card\" content=\"summary_large_image\" \/>\n<meta name=\"twitter:label1\" content=\"Escrito por\" \/>\n\t<meta name=\"twitter:data1\" content=\"Lucas Barros\" \/>\n\t<meta name=\"twitter:label2\" content=\"Est. tempo de leitura\" \/>\n\t<meta name=\"twitter:data2\" content=\"3 minutos\" \/>\n<script type=\"application\/ld+json\" class=\"yoast-schema-graph\">{\"@context\":\"https:\/\/schema.org\",\"@graph\":[{\"@type\":\"NewsArticle\",\"@id\":\"https:\/\/www.gaveanews.com\/index.php\/2024\/11\/29\/a-resposta-de-deyverson-sobre-deixar-o-atletico-mg\/#article\",\"isPartOf\":{\"@id\":\"https:\/\/www.gaveanews.com\/index.php\/2024\/11\/29\/a-resposta-de-deyverson-sobre-deixar-o-atletico-mg\/\"},\"author\":{\"name\":\"Lucas Barros\",\"@id\":\"https:\/\/www.gaveanews.com\/#\/schema\/person\/2abf0cfa878f5f899daa5f781e82264c\"},\"headline\":\"A resposta de Deyverson sobre deixar o Atl\u00e9tico-MG\",\"datePublished\":\"2024-11-29T11:50:00+00:00\",\"mainEntityOfPage\":{\"@id\":\"https:\/\/www.gaveanews.com\/index.php\/2024\/11\/29\/a-resposta-de-deyverson-sobre-deixar-o-atletico-mg\/\"},\"wordCount\":394,\"commentCount\":0,\"image\":{\"@id\":\"https:\/\/www.gaveanews.com\/index.php\/2024\/11\/29\/a-resposta-de-deyverson-sobre-deixar-o-atletico-mg\/#primaryimage\"},\"thumbnailUrl\":\"https:\/\/www.gaveanews.com\/wp-content\/uploads\/Deyverson-com-a-camisa-do-Atletico-Mineiro-em-2024.webp\",\"articleSection\":[\"Atl\u00e9tico-MG\"],\"inLanguage\":\"pt-BR\",\"potentialAction\":[{\"@type\":\"CommentAction\",\"name\":\"Comment\",\"target\":[\"https:\/\/www.gaveanews.com\/index.php\/2024\/11\/29\/a-resposta-de-deyverson-sobre-deixar-o-atletico-mg\/#respond\"]}],\"copyrightYear\":\"2024\",\"copyrightHolder\":{\"@id\":\"https:\/\/www.gaveanews.com\/#organization\"}},{\"@type\":\"WebPage\",\"@id\":\"https:\/\/www.gaveanews.com\/index.php\/2024\/11\/29\/a-resposta-de-deyverson-sobre-deixar-o-atletico-mg\/\",\"url\":\"https:\/\/www.gaveanews.com\/index.php\/2024\/11\/29\/a-resposta-de-deyverson-sobre-deixar-o-atletico-mg\/\",\"name\":\"A resposta de Deyverson sobre deixar o Atl\u00e9tico-MG\",\"isPartOf\":{\"@id\":\"https:\/\/www.gaveanews.com\/#website\"},\"primaryImageOfPage\":{\"@id\":\"https:\/\/www.gaveanews.com\/index.php\/2024\/11\/29\/a-resposta-de-deyverson-sobre-deixar-o-atletico-mg\/#primaryimage\"},\"image\":{\"@id\":\"https:\/\/www.gaveanews.com\/index.php\/2024\/11\/29\/a-resposta-de-deyverson-sobre-deixar-o-atletico-mg\/#primaryimage\"},\"thumbnailUrl\":\"https:\/\/www.gaveanews.com\/wp-content\/uploads\/Deyverson-com-a-camisa-do-Atletico-Mineiro-em-2024.webp\",\"datePublished\":\"2024-11-29T11:50:00+00:00\",\"author\":{\"@id\":\"https:\/\/www.gaveanews.com\/#\/schema\/person\/2abf0cfa878f5f899daa5f781e82264c\"},\"breadcrumb\":{\"@id\":\"https:\/\/www.gaveanews.com\/index.php\/2024\/11\/29\/a-resposta-de-deyverson-sobre-deixar-o-atletico-mg\/#breadcrumb\"},\"inLanguage\":\"pt-BR\",\"potentialAction\":[{\"@type\":\"ReadAction\",\"target\":[\"https:\/\/www.gaveanews.com\/index.php\/2024\/11\/29\/a-resposta-de-deyverson-sobre-deixar-o-atletico-mg\/\"]}]},{\"@type\":\"ImageObject\",\"inLanguage\":\"pt-BR\",\"@id\":\"https:\/\/www.gaveanews.com\/index.php\/2024\/11\/29\/a-resposta-de-deyverson-sobre-deixar-o-atletico-mg\/#primaryimage\",\"url\":\"https:\/\/www.gaveanews.com\/wp-content\/uploads\/Deyverson-com-a-camisa-do-Atletico-Mineiro-em-2024.webp\",\"contentUrl\":\"https:\/\/www.gaveanews.com\/wp-content\/uploads\/Deyverson-com-a-camisa-do-Atletico-Mineiro-em-2024.webp\",\"width\":1350,\"height\":1013,\"caption\":\"Deyverson com a camisa do Atl\u00e9tico Mineiro em 2024 (Foto: Divulga\u00e7\u00e3o\/Atl\u00e9tico Mineiro)\"},{\"@type\":\"BreadcrumbList\",\"@id\":\"https:\/\/www.gaveanews.com\/index.php\/2024\/11\/29\/a-resposta-de-deyverson-sobre-deixar-o-atletico-mg\/#breadcrumb\",\"itemListElement\":[{\"@type\":\"ListItem\",\"position\":1,\"name\":\"Home\",\"item\":\"https:\/\/www.gaveanews.com\/\"},{\"@type\":\"ListItem\",\"position\":2,\"name\":\"A resposta de Deyverson sobre deixar o Atl\u00e9tico-MG\"}]},{\"@type\":\"WebSite\",\"@id\":\"https:\/\/www.gaveanews.com\/#website\",\"url\":\"https:\/\/www.gaveanews.com\/\",\"name\":\"G\u00e1vea News\",\"description\":\"Veja todas as not\u00edcias sobre o Flamengo: Contrata\u00e7\u00f5es, categorias de base, resultados das partidas, tabela de classifica\u00e7\u00e3o, pr\u00f3ximos jogos!\",\"potentialAction\":[{\"@type\":\"SearchAction\",\"target\":{\"@type\":\"EntryPoint\",\"urlTemplate\":\"https:\/\/www.gaveanews.com\/?s={search_term_string}\"},\"query-input\":{\"@type\":\"PropertyValueSpecification\",\"valueRequired\":true,\"valueName\":\"search_term_string\"}}],\"inLanguage\":\"pt-BR\"},{\"@type\":\"Person\",\"@id\":\"https:\/\/www.gaveanews.com\/#\/schema\/person\/2abf0cfa878f5f899daa5f781e82264c\",\"name\":\"Lucas Barros\",\"image\":{\"@type\":\"ImageObject\",\"inLanguage\":\"pt-BR\",\"@id\":\"https:\/\/www.gaveanews.com\/#\/schema\/person\/image\/\",\"url\":\"https:\/\/secure.gravatar.com\/avatar\/67a6069eba66bf6fd7c80b70e1331baa3dbc3d6df5012d5c22eff29c7d59e0b0?s=96&d=mm&r=g\",\"contentUrl\":\"https:\/\/secure.gravatar.com\/avatar\/67a6069eba66bf6fd7c80b70e1331baa3dbc3d6df5012d5c22eff29c7d59e0b0?s=96&d=mm&r=g\",\"caption\":\"Lucas Barros\"}}]}<\/script>\n<!-- \/ Yoast SEO Premium plugin. -->","yoast_head_json":{"title":"A resposta de Deyverson sobre deixar o Atl\u00e9tico-MG","robots":{"index":"index","follow":"follow","max-snippet":"max-snippet:-1","max-image-preview":"max-image-preview:large","max-video-preview":"max-video-preview:-1"},"canonical":"https:\/\/www.gaveanews.com\/index.php\/2024\/11\/29\/a-resposta-de-deyverson-sobre-deixar-o-atletico-mg\/","og_locale":"pt_BR","og_type":"article","og_title":"A resposta de Deyverson sobre deixar o Atl\u00e9tico-MG","og_description":"Deyverson comenta carinho pelo Boca Juniors e destaca final da Libertadores No Atl\u00e9tico-MG desde o segundo semestre, Deyverson j\u00e1 contribuiu com gols importantes na campanha do time na CONMEBOL Libertadores. O atacante ser\u00e1 uma das pe\u00e7as principais da equipe na decis\u00e3o contra o Botafogo, marcada para este s\u00e1bado (30), \u00e0s 17h (de Bras\u00edlia). Durante entrevista [&hellip;]","og_url":"https:\/\/www.gaveanews.com\/index.php\/2024\/11\/29\/a-resposta-de-deyverson-sobre-deixar-o-atletico-mg\/","og_site_name":"G\u00e1vea News","article_publisher":"https:\/\/facebook.com\/gaveaNews\/","article_published_time":"2024-11-29T11:50:00+00:00","og_image":[{"width":1350,"height":1013,"url":"https:\/\/www.gaveanews.com\/wp-content\/uploads\/Deyverson-com-a-camisa-do-Atletico-Mineiro-em-2024.webp","type":"image\/webp"}],"author":"Lucas Barros","twitter_card":"summary_large_image","twitter_misc":{"Escrito por":"Lucas Barros","Est. tempo de leitura":"3 minutos"},"schema":{"@context":"https:\/\/schema.org","@graph":[{"@type":"NewsArticle","@id":"https:\/\/www.gaveanews.com\/index.php\/2024\/11\/29\/a-resposta-de-deyverson-sobre-deixar-o-atletico-mg\/#article","isPartOf":{"@id":"https:\/\/www.gaveanews.com\/index.php\/2024\/11\/29\/a-resposta-de-deyverson-sobre-deixar-o-atletico-mg\/"},"author":{"name":"Lucas Barros","@id":"https:\/\/www.gaveanews.com\/#\/schema\/person\/2abf0cfa878f5f899daa5f781e82264c"},"headline":"A resposta de Deyverson sobre deixar o Atl\u00e9tico-MG","datePublished":"2024-11-29T11:50:00+00:00","mainEntityOfPage":{"@id":"https:\/\/www.gaveanews.com\/index.php\/2024\/11\/29\/a-resposta-de-deyverson-sobre-deixar-o-atletico-mg\/"},"wordCount":394,"commentCount":0,"image":{"@id":"https:\/\/www.gaveanews.com\/index.php\/2024\/11\/29\/a-resposta-de-deyverson-sobre-deixar-o-atletico-mg\/#primaryimage"},"thumbnailUrl":"https:\/\/www.gaveanews.com\/wp-content\/uploads\/Deyverson-com-a-camisa-do-Atletico-Mineiro-em-2024.webp","articleSection":["Atl\u00e9tico-MG"],"inLanguage":"pt-BR","potentialAction":[{"@type":"CommentAction","name":"Comment","target":["https:\/\/www.gaveanews.com\/index.php\/2024\/11\/29\/a-resposta-de-deyverson-sobre-deixar-o-atletico-mg\/#respond"]}],"copyrightYear":"2024","copyrightHolder":{"@id":"https:\/\/www.gaveanews.com\/#organization"}},{"@type":"WebPage","@id":"https:\/\/www.gaveanews.com\/index.php\/2024\/11\/29\/a-resposta-de-deyverson-sobre-deixar-o-atletico-mg\/","url":"https:\/\/www.gaveanews.com\/index.php\/2024\/11\/29\/a-resposta-de-deyverson-sobre-deixar-o-atletico-mg\/","name":"A resposta de Deyverson sobre deixar o Atl\u00e9tico-MG","isPartOf":{"@id":"https:\/\/www.gaveanews.com\/#website"},"primaryImageOfPage":{"@id":"https:\/\/www.gaveanews.com\/index.php\/2024\/11\/29\/a-resposta-de-deyverson-sobre-deixar-o-atletico-mg\/#primaryimage"},"image":{"@id":"https:\/\/www.gaveanews.com\/index.php\/2024\/11\/29\/a-resposta-de-deyverson-sobre-deixar-o-atletico-mg\/#primaryimage"},"thumbnailUrl":"https:\/\/www.gaveanews.com\/wp-content\/uploads\/Deyverson-com-a-camisa-do-Atletico-Mineiro-em-2024.webp","datePublished":"2024-11-29T11:50:00+00:00","author":{"@id":"https:\/\/www.gaveanews.com\/#\/schema\/person\/2abf0cfa878f5f899daa5f781e82264c"},"breadcrumb":{"@id":"https:\/\/www.gaveanews.com\/index.php\/2024\/11\/29\/a-resposta-de-deyverson-sobre-deixar-o-atletico-mg\/#breadcrumb"},"inLanguage":"pt-BR","potentialAction":[{"@type":"ReadAction","target":["https:\/\/www.gaveanews.com\/index.php\/2024\/11\/29\/a-resposta-de-deyverson-sobre-deixar-o-atletico-mg\/"]}]},{"@type":"ImageObject","inLanguage":"pt-BR","@id":"https:\/\/www.gaveanews.com\/index.php\/2024\/11\/29\/a-resposta-de-deyverson-sobre-deixar-o-atletico-mg\/#primaryimage","url":"https:\/\/www.gaveanews.com\/wp-content\/uploads\/Deyverson-com-a-camisa-do-Atletico-Mineiro-em-2024.webp","contentUrl":"https:\/\/www.gaveanews.com\/wp-content\/uploads\/Deyverson-com-a-camisa-do-Atletico-Mineiro-em-2024.webp","width":1350,"height":1013,"caption":"Deyverson com a camisa do Atl\u00e9tico Mineiro em 2024 (Foto: Divulga\u00e7\u00e3o\/Atl\u00e9tico Mineiro)"},{"@type":"BreadcrumbList","@id":"https:\/\/www.gaveanews.com\/index.php\/2024\/11\/29\/a-resposta-de-deyverson-sobre-deixar-o-atletico-mg\/#breadcrumb","itemListElement":[{"@type":"ListItem","position":1,"name":"Home","item":"https:\/\/www.gaveanews.com\/"},{"@type":"ListItem","position":2,"name":"A resposta de Deyverson sobre deixar o Atl\u00e9tico-MG"}]},{"@type":"WebSite","@id":"https:\/\/www.gaveanews.com\/#website","url":"https:\/\/www.gaveanews.com\/","name":"G\u00e1vea News","description":"Veja todas as not\u00edcias sobre o Flamengo: Contrata\u00e7\u00f5es, categorias de base, resultados das partidas, tabela de classifica\u00e7\u00e3o, pr\u00f3ximos jogos!","potentialAction":[{"@type":"SearchAction","target":{"@type":"EntryPoint","urlTemplate":"https:\/\/www.gaveanews.com\/?s={search_term_string}"},"query-input":{"@type":"PropertyValueSpecification","valueRequired":true,"valueName":"search_term_string"}}],"inLanguage":"pt-BR"},{"@type":"Person","@id":"https:\/\/www.gaveanews.com\/#\/schema\/person\/2abf0cfa878f5f899daa5f781e82264c","name":"Lucas Barros","image":{"@type":"ImageObject","inLanguage":"pt-BR","@id":"https:\/\/www.gaveanews.com\/#\/schema\/person\/image\/","url":"https:\/\/secure.gravatar.com\/avatar\/67a6069eba66bf6fd7c80b70e1331baa3dbc3d6df5012d5c22eff29c7d59e0b0?s=96&d=mm&r=g","contentUrl":"https:\/\/secure.gravatar.com\/avatar\/67a6069eba66bf6fd7c80b70e1331baa3dbc3d6df5012d5c22eff29c7d59e0b0?s=96&d=mm&r=g","caption":"Lucas Barros"}}]}},"_links":{"self":[{"href":"https:\/\/www.gaveanews.com\/index.php\/wp-json\/wp\/v2\/posts\/192242","targetHints":{"allow":["GET"]}}],"collection":[{"href":"https:\/\/www.gaveanews.com\/index.php\/wp-json\/wp\/v2\/posts"}],"about":[{"href":"https:\/\/www.gaveanews.com\/index.php\/wp-json\/wp\/v2\/types\/post"}],"author":[{"embeddable":true,"href":"https:\/\/www.gaveanews.com\/index.php\/wp-json\/wp\/v2\/users\/20"}],"replies":[{"embeddable":true,"href":"https:\/\/www.gaveanews.com\/index.php\/wp-json\/wp\/v2\/comments?post=192242"}],"version-history":[{"count":1,"href":"https:\/\/www.gaveanews.com\/index.php\/wp-json\/wp\/v2\/posts\/192242\/revisions"}],"predecessor-version":[{"id":192244,"href":"https:\/\/www.gaveanews.com\/index.php\/wp-json\/wp\/v2\/posts\/192242\/revisions\/192244"}],"wp:featuredmedia":[{"embeddable":true,"href":"https:\/\/www.gaveanews.com\/index.php\/wp-json\/wp\/v2\/media\/158213"}],"wp:attachment":[{"href":"https:\/\/www.gaveanews.com\/index.php\/wp-json\/wp\/v2\/media?parent=192242"}],"wp:term":[{"taxonomy":"category","embeddable":true,"href":"https:\/\/www.gaveanews.com\/index.php\/wp-json\/wp\/v2\/categories?post=192242"},{"taxonomy":"post_tag","embeddable":true,"href":"https:\/\/www.gaveanews.com\/index.php\/wp-json\/wp\/v2\/tags?post=192242"}],"curies":[{"name":"wp","href":"https:\/\/api.w.org\/{rel}","templated":true}]}}