{"id":192246,"date":"2024-11-29T06:45:00","date_gmt":"2024-11-29T09:45:00","guid":{"rendered":"https:\/\/www.gaveanews.com\/?p=192246"},"modified":"2024-11-29T02:17:39","modified_gmt":"2024-11-29T05:17:39","slug":"chegada-de-luis-castro-declaracao-de-pedrinho-e-busca-por-reforco-as-ultimas-noticias-do-vasco","status":"publish","type":"post","link":"https:\/\/www.gaveanews.com\/index.php\/2024\/11\/29\/chegada-de-luis-castro-declaracao-de-pedrinho-e-busca-por-reforco-as-ultimas-noticias-do-vasco\/","title":{"rendered":"Chegada de Luis Castro, declara\u00e7\u00e3o de Pedrinho e busca por refor\u00e7o: as \u00faltimas not\u00edcias do Vasco"},"content":{"rendered":"\n<p>Nas \u00faltimas horas, o foco das not\u00edcias sobre o Vasco se concentram nos bastidores do clube, com destaques como a declara\u00e7\u00e3o de Pedrinho e busca por refor\u00e7o.<\/p>\n\n\n\n<p>Por conta deste contexto, leia abaixo um resumo preparado pela equipe do portal G\u00e1vea News para lhe manter muito bem informado!<\/p>\n\n\n\n<h2 class=\"wp-block-heading\" id=\"h-busca-por-reforco\">Busca por refor\u00e7o<\/h2>\n\n\n\n<p>O Vasco da Gama j\u00e1 est\u00e1 de olho no mercado de transfer\u00eancias para 2025 e monitora dois nomes para refor\u00e7ar seu ataque: Lucas Barbosa, do Santos, atualmente emprestado ao Juventude, e L\u00e9o Ch\u00fa, atacante do Seattle Sounders. Lucas Barbosa, que marcou 14 gols e deu cinco assist\u00eancias em 54 partidas nesta temporada, tem contrato com o Santos at\u00e9 2026, mas o Vasco avalia a possibilidade de um acordo financeiro ou um novo empr\u00e9stimo para traz\u00ea-lo. Ele seria uma alternativa para disputar posi\u00e7\u00e3o com Vegetti no elenco vasca\u00edno <strong><a href=\"https:\/\/www.gaveanews.com\/index.php\/2024\/11\/28\/vasco-mira-2-contratacoes-para-reforcar-o-ataque\/\">(leia a mat\u00e9ria completa).<\/a><\/strong><\/p>\n\n\n\n<blockquote class=\"instagram-media\" data-instgrm-permalink=\"https:\/\/www.instagram.com\/p\/C3YvanSvseC\/?utm_source=ig_embed&amp;utm_campaign=loading\" data-instgrm-version=\"14\" style=\" background:#FFF; border:0; border-radius:3px; box-shadow:0 0 1px 0 rgba(0,0,0,0.5),0 1px 10px 0 rgba(0,0,0,0.15); margin: 1px; max-width:540px; min-width:326px; padding:0; width:99.375%; width:-webkit-calc(100% - 2px); width:calc(100% - 2px);\"><div style=\"padding:16px;\"> <a href=\"https:\/\/www.instagram.com\/p\/C3YvanSvseC\/?utm_source=ig_embed&amp;utm_campaign=loading\" style=\" background:#FFFFFF; line-height:0; padding:0 0; text-align:center; text-decoration:none; width:100%;\" target=\"_blank\"> <div style=\" display: flex; flex-direction: row; align-items: center;\"> <div style=\"background-color: #F4F4F4; border-radius: 50%; flex-grow: 0; height: 40px; margin-right: 14px; width: 40px;\"><\/div> <div style=\"display: flex; flex-direction: column; flex-grow: 1; justify-content: center;\"> <div style=\" background-color: #F4F4F4; border-radius: 4px; flex-grow: 0; height: 14px; margin-bottom: 6px; width: 100px;\"><\/div> <div style=\" background-color: #F4F4F4; border-radius: 4px; flex-grow: 0; height: 14px; width: 60px;\"><\/div><\/div><\/div><div style=\"padding: 19% 0;\"><\/div> <div style=\"display:block; height:50px; margin:0 auto 12px; width:50px;\"><svg width=\"50px\" height=\"50px\" viewBox=\"0 0 60 60\" version=\"1.1\" xmlns=\"https:\/\/www.w3.org\/2000\/svg\" xmlns:xlink=\"https:\/\/www.w3.org\/1999\/xlink\"><g stroke=\"none\" stroke-width=\"1\" fill=\"none\" fill-rule=\"evenodd\"><g transform=\"translate(-511.000000, -20.000000)\" fill=\"#000000\"><g><path d=\"M556.869,30.41 C554.814,30.41 553.148,32.076 553.148,34.131 C553.148,36.186 554.814,37.852 556.869,37.852 C558.924,37.852 560.59,36.186 560.59,34.131 C560.59,32.076 558.924,30.41 556.869,30.41 M541,60.657 C535.114,60.657 530.342,55.887 530.342,50 C530.342,44.114 535.114,39.342 541,39.342 C546.887,39.342 551.658,44.114 551.658,50 C551.658,55.887 546.887,60.657 541,60.657 M541,33.886 C532.1,33.886 524.886,41.1 524.886,50 C524.886,58.899 532.1,66.113 541,66.113 C549.9,66.113 557.115,58.899 557.115,50 C557.115,41.1 549.9,33.886 541,33.886 M565.378,62.101 C565.244,65.022 564.756,66.606 564.346,67.663 C563.803,69.06 563.154,70.057 562.106,71.106 C561.058,72.155 560.06,72.803 558.662,73.347 C557.607,73.757 556.021,74.244 553.102,74.378 C549.944,74.521 548.997,74.552 541,74.552 C533.003,74.552 532.056,74.521 528.898,74.378 C525.979,74.244 524.393,73.757 523.338,73.347 C521.94,72.803 520.942,72.155 519.894,71.106 C518.846,70.057 518.197,69.06 517.654,67.663 C517.244,66.606 516.755,65.022 516.623,62.101 C516.479,58.943 516.448,57.996 516.448,50 C516.448,42.003 516.479,41.056 516.623,37.899 C516.755,34.978 517.244,33.391 517.654,32.338 C518.197,30.938 518.846,29.942 519.894,28.894 C520.942,27.846 521.94,27.196 523.338,26.654 C524.393,26.244 525.979,25.756 528.898,25.623 C532.057,25.479 533.004,25.448 541,25.448 C548.997,25.448 549.943,25.479 553.102,25.623 C556.021,25.756 557.607,26.244 558.662,26.654 C560.06,27.196 561.058,27.846 562.106,28.894 C563.154,29.942 563.803,30.938 564.346,32.338 C564.756,33.391 565.244,34.978 565.378,37.899 C565.522,41.056 565.552,42.003 565.552,50 C565.552,57.996 565.522,58.943 565.378,62.101 M570.82,37.631 C570.674,34.438 570.167,32.258 569.425,30.349 C568.659,28.377 567.633,26.702 565.965,25.035 C564.297,23.368 562.623,22.342 560.652,21.575 C558.743,20.834 556.562,20.326 553.369,20.18 C550.169,20.033 549.148,20 541,20 C532.853,20 531.831,20.033 528.631,20.18 C525.438,20.326 523.257,20.834 521.349,21.575 C519.376,22.342 517.703,23.368 516.035,25.035 C514.368,26.702 513.342,28.377 512.574,30.349 C511.834,32.258 511.326,34.438 511.181,37.631 C511.035,40.831 511,41.851 511,50 C511,58.147 511.035,59.17 511.181,62.369 C511.326,65.562 511.834,67.743 512.574,69.651 C513.342,71.625 514.368,73.296 516.035,74.965 C517.703,76.634 519.376,77.658 521.349,78.425 C523.257,79.167 525.438,79.673 528.631,79.82 C531.831,79.965 532.853,80.001 541,80.001 C549.148,80.001 550.169,79.965 553.369,79.82 C556.562,79.673 558.743,79.167 560.652,78.425 C562.623,77.658 564.297,76.634 565.965,74.965 C567.633,73.296 568.659,71.625 569.425,69.651 C570.167,67.743 570.674,65.562 570.82,62.369 C570.966,59.17 571,58.147 571,50 C571,41.851 570.966,40.831 570.82,37.631\"><\/path><\/g><\/g><\/g><\/svg><\/div><div style=\"padding-top: 8px;\"> <div style=\" color:#3897f0; font-family:Arial,sans-serif; font-size:14px; font-style:normal; font-weight:550; line-height:18px;\">Ver essa foto no Instagram<\/div><\/div><div style=\"padding: 12.5% 0;\"><\/div> <div style=\"display: flex; flex-direction: row; margin-bottom: 14px; align-items: center;\"><div> <div style=\"background-color: #F4F4F4; border-radius: 50%; height: 12.5px; width: 12.5px; transform: translateX(0px) translateY(7px);\"><\/div> <div style=\"background-color: #F4F4F4; height: 12.5px; transform: rotate(-45deg) translateX(3px) translateY(1px); width: 12.5px; flex-grow: 0; margin-right: 14px; margin-left: 2px;\"><\/div> <div style=\"background-color: #F4F4F4; border-radius: 50%; height: 12.5px; width: 12.5px; transform: translateX(9px) translateY(-18px);\"><\/div><\/div><div style=\"margin-left: 8px;\"> <div style=\" background-color: #F4F4F4; border-radius: 50%; flex-grow: 0; height: 20px; width: 20px;\"><\/div> <div style=\" width: 0; height: 0; border-top: 2px solid transparent; border-left: 6px solid #f4f4f4; border-bottom: 2px solid transparent; transform: translateX(16px) translateY(-4px) rotate(30deg)\"><\/div><\/div><div style=\"margin-left: auto;\"> <div style=\" width: 0px; border-top: 8px solid #F4F4F4; border-right: 8px solid transparent; transform: translateY(16px);\"><\/div> <div style=\" background-color: #F4F4F4; flex-grow: 0; height: 12px; width: 16px; transform: translateY(-4px);\"><\/div> <div style=\" width: 0; height: 0; border-top: 8px solid #F4F4F4; border-left: 8px solid transparent; transform: translateY(-4px) translateX(8px);\"><\/div><\/div><\/div> <div style=\"display: flex; flex-direction: column; flex-grow: 1; justify-content: center; margin-bottom: 24px;\"> <div style=\" background-color: #F4F4F4; border-radius: 4px; flex-grow: 0; height: 14px; margin-bottom: 6px; width: 224px;\"><\/div> <div style=\" background-color: #F4F4F4; border-radius: 4px; flex-grow: 0; height: 14px; width: 144px;\"><\/div><\/div><\/a><p style=\" color:#c9c8cd; font-family:Arial,sans-serif; font-size:14px; line-height:17px; margin-bottom:0; margin-top:8px; overflow:hidden; padding:8px 0 7px; text-align:center; text-overflow:ellipsis; white-space:nowrap;\"><a href=\"https:\/\/www.instagram.com\/p\/C3YvanSvseC\/?utm_source=ig_embed&amp;utm_campaign=loading\" style=\" color:#c9c8cd; font-family:Arial,sans-serif; font-size:14px; font-style:normal; font-weight:normal; line-height:17px; text-decoration:none;\" target=\"_blank\">Uma publica\u00e7\u00e3o compartilhada por Le\u0301o Chu\u0301 \ud83c\udff9\ud83c\udde7\ud83c\uddf7 arrow (@leochu07)<\/a><\/p><\/div><\/blockquote>\n<script async src=\"\/\/www.instagram.com\/embed.js\"><\/script>\n\n\n\n<p>Outro alvo \u00e9 L\u00e9o Ch\u00fa, que atua na MLS e tamb\u00e9m desperta interesse do clube carioca. A diretoria tem como prioridade fortalecer o elenco para a pr\u00f3xima temporada, mesmo enquanto foca nos jogos finais do Campeonato Brasileiro. Ap\u00f3s a derrota para o Corinthians, o Vasco demitiu o t\u00e9cnico Rafael Paiva e colocou Felipe Maestro como interino at\u00e9 o fim do ano, apostando em jovens talentos para tentar reverter o momento complicado.<\/p>\n\n\n\n<p>Enquanto busca refor\u00e7os, o Vasco tamb\u00e9m procura um novo treinador para 2025. Luis Castro \u00e9 um dos principais nomes considerados, embora o Santos esteja \u00e0 frente nas negocia\u00e7\u00f5es com o t\u00e9cnico. O clube, no entanto, ainda tem Pedro Caixinha como uma segunda op\u00e7\u00e3o. Antes de definir seu futuro, o Vasco enfrenta o Atl\u00e9tico-GO neste s\u00e1bado (30), em S\u00e3o Janu\u00e1rio, buscando uma vit\u00f3ria para se recuperar no Brasileir\u00e3o.<\/p>\n\n\n\n<h2 class=\"wp-block-heading\" id=\"h-declaracao-de-pedrinho\">Declara\u00e7\u00e3o de Pedrinho<\/h2>\n\n\n\n<p>O Vasco est\u00e1 ajustando sua estrat\u00e9gia para a pr\u00f3xima temporada e deve priorizar contrata\u00e7\u00f5es no mercado nacional, conforme revelaram Pedrinho, presidente do clube, e Marcelo Sant\u2019Anna, diretor de esportes, em coletiva em S\u00e3o Janu\u00e1rio. A decis\u00e3o reflete os desafios enfrentados por jogadores estrangeiros do elenco em 2024, como Capasso e Orellano, e o alto custo do mercado internacional. Embora n\u00e3o descarte novas contrata\u00e7\u00f5es de estrangeiros, a gest\u00e3o busca atletas que possam oferecer retorno t\u00e9cnico imediato e econ\u00f4mico, enquanto valoriza talentos da base e negocia\u00e7\u00f5es mais acess\u00edveis com clubes brasileiros<strong><a href=\"https:\/\/www.gaveanews.com\/index.php\/2024\/11\/28\/dirigentes-do-vasco-sao-sinceros-sobre-contratacao-de-tecnico-estrangeiro\/\"> (leia a mat\u00e9ria completa).<\/a><\/strong><\/p>\n\n\n\n<figure class=\"wp-block-image size-full\"><img loading=\"lazy\" decoding=\"async\" width=\"1024\" height=\"562\" src=\"https:\/\/www.gaveanews.com\/wp-content\/uploads\/Pedrinho-presidente-do-Vasco.webp\" alt=\"\" class=\"wp-image-146559\" srcset=\"https:\/\/www.gaveanews.com\/wp-content\/uploads\/Pedrinho-presidente-do-Vasco.webp 1024w, https:\/\/www.gaveanews.com\/wp-content\/uploads\/Pedrinho-presidente-do-Vasco-300x165.webp 300w, https:\/\/www.gaveanews.com\/wp-content\/uploads\/Pedrinho-presidente-do-Vasco-768x422.webp 768w, https:\/\/www.gaveanews.com\/wp-content\/uploads\/Pedrinho-presidente-do-Vasco-765x420.webp 765w, https:\/\/www.gaveanews.com\/wp-content\/uploads\/Pedrinho-presidente-do-Vasco-640x350.webp 640w, https:\/\/www.gaveanews.com\/wp-content\/uploads\/Pedrinho-presidente-do-Vasco-681x374.webp 681w, https:\/\/www.gaveanews.com\/wp-content\/uploads\/Pedrinho-presidente-do-Vasco-1022x562.webp 1022w, https:\/\/www.gaveanews.com\/wp-content\/uploads\/Pedrinho-presidente-do-Vasco-100x55.webp 100w\" sizes=\"auto, (max-width: 1024px) 100vw, 1024px\" \/><figcaption class=\"wp-element-caption\">Pedrinho, presidente do Vasco (Foto: Reprodu\u00e7\u00e3o\/Vasco TV)<\/figcaption><\/figure>\n\n\n\n<p>Entre os nomes cogitados para refor\u00e7ar o time, Isidro Pitta, atacante do Cuiab\u00e1, surge como uma prioridade para aumentar a capacidade ofensiva do Vasco. O paraguaio, com tr\u00eas anos no Brasil, se adapta ao perfil desejado pela diretoria, mas a disputa por sua contrata\u00e7\u00e3o pode ser um obst\u00e1culo. <\/p>\n\n\n\n<p>Outra op\u00e7\u00e3o \u00e9 Lucas Barbosa, atacante emprestado pelo Santos e em destaque no Juventude, embora as negocia\u00e7\u00f5es ainda n\u00e3o tenham sido iniciadas. Essas movimenta\u00e7\u00f5es fazem parte do planejamento para fortalecer o elenco de forma sustent\u00e1vel, considerando o or\u00e7amento do clube para 2025.<\/p>\n\n\n\n<p>Al\u00e9m de jogadores, a busca por um novo t\u00e9cnico \u00e9 um desafio para a diretoria. Pedrinho destacou a dificuldade de encontrar um treinador alinhado com a filosofia do clube, que inclui o uso da base e a adapta\u00e7\u00e3o \u00e0s condi\u00e7\u00f5es financeiras. A prefer\u00eancia recai sobre t\u00e9cnicos brasileiros ou estrangeiros que j\u00e1 tenham experi\u00eancia no futebol nacional. Com a temporada atual chegando ao fim, o Vasco espera que as pr\u00f3ximas decis\u00f5es sejam estrat\u00e9gicas para consolidar seu desempenho no pr\u00f3ximo ano e manter a estabilidade em um mercado competitivo.<\/p>\n\n\n\n<h2 class=\"wp-block-heading\" id=\"h-chegada-de-luis-castro\">Chegada de Luis Castro<\/h2>\n\n\n\n<p>Ap\u00f3s a demiss\u00e3o de Rafael Paiva, o Vasco busca um novo t\u00e9cnico para 2025 e o presidente Pedrinho tem como principal alvo o portugu\u00eas Pedro Caixinha. Embora Luis Castro tenha sido inicialmente considerado o plano A, as negocia\u00e7\u00f5es avan\u00e7adas do treinador com o Santos diminu\u00edram suas chances de assumir o clube carioca. Pedro Caixinha, ex-Bragantino, surge como uma op\u00e7\u00e3o mais vi\u00e1vel, devido ao custo menor e \u00e0 vontade do t\u00e9cnico de permanecer no Brasil <strong><a href=\"https:\/\/www.gaveanews.com\/index.php\/2024\/11\/28\/o-tecnico-preferido-de-pedrinho-para-assumir-o-vasco-em-2025\/\">(leia a mat\u00e9ria completa)<\/a><\/strong><\/p>\n\n\n\n<figure class=\"wp-block-image size-full\"><img loading=\"lazy\" decoding=\"async\" width=\"888\" height=\"592\" src=\"https:\/\/www.gaveanews.com\/wp-content\/uploads\/Luis-Castro-durante-uma-viagem-do-Al-Nassr.webp\" alt=\"\" class=\"wp-image-155173\" srcset=\"https:\/\/www.gaveanews.com\/wp-content\/uploads\/Luis-Castro-durante-uma-viagem-do-Al-Nassr.webp 888w, https:\/\/www.gaveanews.com\/wp-content\/uploads\/Luis-Castro-durante-uma-viagem-do-Al-Nassr-300x200.webp 300w, https:\/\/www.gaveanews.com\/wp-content\/uploads\/Luis-Castro-durante-uma-viagem-do-Al-Nassr-768x512.webp 768w, https:\/\/www.gaveanews.com\/wp-content\/uploads\/Luis-Castro-durante-uma-viagem-do-Al-Nassr-630x420.webp 630w, https:\/\/www.gaveanews.com\/wp-content\/uploads\/Luis-Castro-durante-uma-viagem-do-Al-Nassr-640x427.webp 640w, https:\/\/www.gaveanews.com\/wp-content\/uploads\/Luis-Castro-durante-uma-viagem-do-Al-Nassr-681x454.webp 681w, https:\/\/www.gaveanews.com\/wp-content\/uploads\/Luis-Castro-durante-uma-viagem-do-Al-Nassr-100x67.webp 100w\" sizes=\"auto, (max-width: 888px) 100vw, 888px\" \/><figcaption class=\"wp-element-caption\">Luis Castro durante uma viagem do Al Nassr (Foto: Divulga\u00e7\u00e3o\/Al Nassr)<\/figcaption><\/figure>\n\n\n\n<p>As tratativas entre o Vasco e Caixinha devem avan\u00e7ar nos pr\u00f3ximos dias, j\u00e1 que o staff do treinador confirmou seu interesse em continuar trabalhando no futebol brasileiro. Enquanto isso, Felipe &#8216;Maestro&#8217; assume o comando t\u00e9cnico de forma interina para os tr\u00eas jogos restantes no Brasileir\u00e3o. O Vasco, atualmente na 11\u00aa posi\u00e7\u00e3o, ainda busca uma vaga na fase preliminar da Libertadores e enfrentar\u00e1 Atl\u00e9tico-GO, Atl\u00e9tico-MG e Cuiab\u00e1 nas rodadas finais.<\/p>\n\n\n\n<p>A escolha de Pedro Caixinha reflete a busca do Vasco por um treinador que alinhe qualidade t\u00e9cnica com responsabilidade financeira, seguindo o planejamento do presidente Pedrinho para 2025. A chegada do t\u00e9cnico portugu\u00eas pode marcar um novo ciclo no clube, que pretende montar um elenco competitivo e retomar o protagonismo no cen\u00e1rio nacional, focando na estabilidade e ambi\u00e7\u00e3o para a pr\u00f3xima temporada.<\/p>\n","protected":false},"excerpt":{"rendered":"<p>Nas \u00faltimas horas, o foco das not\u00edcias sobre o Vasco se concentram nos bastidores do clube, com destaques como a declara\u00e7\u00e3o de Pedrinho e busca por refor\u00e7o. Por conta deste contexto, leia abaixo um resumo preparado pela equipe do portal G\u00e1vea News para lhe manter muito bem informado! Busca por refor\u00e7o O Vasco da Gama [&hellip;]<\/p>\n","protected":false},"author":27,"featured_media":147443,"comment_status":"open","ping_status":"closed","sticky":false,"template":"","format":"standard","meta":{"footnotes":""},"categories":[152],"tags":[],"class_list":["post-192246","post","type-post","status-publish","format-standard","has-post-thumbnail","hentry","category-vasco"],"yoast_head":"<!-- This site is optimized with the Yoast SEO Premium plugin v24.2 (Yoast SEO v26.9) - https:\/\/yoast.com\/product\/yoast-seo-premium-wordpress\/ -->\n<title>Chegada de Luis Castro, declara\u00e7\u00e3o de Pedrinho e busca por refor\u00e7o: as \u00faltimas not\u00edcias do Vasco<\/title>\n<meta name=\"robots\" content=\"index, follow, max-snippet:-1, max-image-preview:large, max-video-preview:-1\" \/>\n<link rel=\"canonical\" href=\"https:\/\/www.gaveanews.com\/index.php\/2024\/11\/29\/chegada-de-luis-castro-declaracao-de-pedrinho-e-busca-por-reforco-as-ultimas-noticias-do-vasco\/\" \/>\n<meta property=\"og:locale\" content=\"pt_BR\" \/>\n<meta property=\"og:type\" content=\"article\" \/>\n<meta property=\"og:title\" content=\"Chegada de Luis Castro, declara\u00e7\u00e3o de Pedrinho e busca por refor\u00e7o: as \u00faltimas not\u00edcias do Vasco\" \/>\n<meta property=\"og:description\" content=\"Nas \u00faltimas horas, o foco das not\u00edcias sobre o Vasco se concentram nos bastidores do clube, com destaques como a declara\u00e7\u00e3o de Pedrinho e busca por refor\u00e7o. Por conta deste contexto, leia abaixo um resumo preparado pela equipe do portal G\u00e1vea News para lhe manter muito bem informado! Busca por refor\u00e7o O Vasco da Gama [&hellip;]\" \/>\n<meta property=\"og:url\" content=\"https:\/\/www.gaveanews.com\/index.php\/2024\/11\/29\/chegada-de-luis-castro-declaracao-de-pedrinho-e-busca-por-reforco-as-ultimas-noticias-do-vasco\/\" \/>\n<meta property=\"og:site_name\" content=\"G\u00e1vea News\" \/>\n<meta property=\"article:publisher\" content=\"https:\/\/facebook.com\/gaveaNews\/\" \/>\n<meta property=\"article:published_time\" content=\"2024-11-29T09:45:00+00:00\" \/>\n<meta property=\"og:image\" content=\"https:\/\/www.gaveanews.com\/wp-content\/uploads\/Camisa-do-Vasco-da-Gama.webp\" \/>\n\t<meta property=\"og:image:width\" content=\"1440\" \/>\n\t<meta property=\"og:image:height\" content=\"960\" \/>\n\t<meta property=\"og:image:type\" content=\"image\/jpeg\" \/>\n<meta name=\"author\" content=\"Matheus Felipe\" \/>\n<meta name=\"twitter:card\" content=\"summary_large_image\" \/>\n<meta name=\"twitter:label1\" content=\"Escrito por\" \/>\n\t<meta name=\"twitter:data1\" content=\"Matheus Felipe\" \/>\n\t<meta name=\"twitter:label2\" content=\"Est. tempo de leitura\" \/>\n\t<meta name=\"twitter:data2\" content=\"5 minutos\" \/>\n<script type=\"application\/ld+json\" class=\"yoast-schema-graph\">{\"@context\":\"https:\/\/schema.org\",\"@graph\":[{\"@type\":\"NewsArticle\",\"@id\":\"https:\/\/www.gaveanews.com\/index.php\/2024\/11\/29\/chegada-de-luis-castro-declaracao-de-pedrinho-e-busca-por-reforco-as-ultimas-noticias-do-vasco\/#article\",\"isPartOf\":{\"@id\":\"https:\/\/www.gaveanews.com\/index.php\/2024\/11\/29\/chegada-de-luis-castro-declaracao-de-pedrinho-e-busca-por-reforco-as-ultimas-noticias-do-vasco\/\"},\"author\":{\"name\":\"Matheus Felipe\",\"@id\":\"https:\/\/www.gaveanews.com\/#\/schema\/person\/8207cd4627f56151707418bfc835b2fb\"},\"headline\":\"Chegada de Luis Castro, declara\u00e7\u00e3o de Pedrinho e busca por refor\u00e7o: as \u00faltimas not\u00edcias do Vasco\",\"datePublished\":\"2024-11-29T09:45:00+00:00\",\"mainEntityOfPage\":{\"@id\":\"https:\/\/www.gaveanews.com\/index.php\/2024\/11\/29\/chegada-de-luis-castro-declaracao-de-pedrinho-e-busca-por-reforco-as-ultimas-noticias-do-vasco\/\"},\"wordCount\":897,\"commentCount\":0,\"image\":{\"@id\":\"https:\/\/www.gaveanews.com\/index.php\/2024\/11\/29\/chegada-de-luis-castro-declaracao-de-pedrinho-e-busca-por-reforco-as-ultimas-noticias-do-vasco\/#primaryimage\"},\"thumbnailUrl\":\"https:\/\/www.gaveanews.com\/wp-content\/uploads\/Camisa-do-Vasco-da-Gama.webp\",\"articleSection\":[\"Vasco\"],\"inLanguage\":\"pt-BR\",\"potentialAction\":[{\"@type\":\"CommentAction\",\"name\":\"Comment\",\"target\":[\"https:\/\/www.gaveanews.com\/index.php\/2024\/11\/29\/chegada-de-luis-castro-declaracao-de-pedrinho-e-busca-por-reforco-as-ultimas-noticias-do-vasco\/#respond\"]}],\"copyrightYear\":\"2024\",\"copyrightHolder\":{\"@id\":\"https:\/\/www.gaveanews.com\/#organization\"}},{\"@type\":\"WebPage\",\"@id\":\"https:\/\/www.gaveanews.com\/index.php\/2024\/11\/29\/chegada-de-luis-castro-declaracao-de-pedrinho-e-busca-por-reforco-as-ultimas-noticias-do-vasco\/\",\"url\":\"https:\/\/www.gaveanews.com\/index.php\/2024\/11\/29\/chegada-de-luis-castro-declaracao-de-pedrinho-e-busca-por-reforco-as-ultimas-noticias-do-vasco\/\",\"name\":\"Chegada de Luis Castro, declara\u00e7\u00e3o de Pedrinho e busca por refor\u00e7o: as \u00faltimas not\u00edcias do Vasco\",\"isPartOf\":{\"@id\":\"https:\/\/www.gaveanews.com\/#website\"},\"primaryImageOfPage\":{\"@id\":\"https:\/\/www.gaveanews.com\/index.php\/2024\/11\/29\/chegada-de-luis-castro-declaracao-de-pedrinho-e-busca-por-reforco-as-ultimas-noticias-do-vasco\/#primaryimage\"},\"image\":{\"@id\":\"https:\/\/www.gaveanews.com\/index.php\/2024\/11\/29\/chegada-de-luis-castro-declaracao-de-pedrinho-e-busca-por-reforco-as-ultimas-noticias-do-vasco\/#primaryimage\"},\"thumbnailUrl\":\"https:\/\/www.gaveanews.com\/wp-content\/uploads\/Camisa-do-Vasco-da-Gama.webp\",\"datePublished\":\"2024-11-29T09:45:00+00:00\",\"author\":{\"@id\":\"https:\/\/www.gaveanews.com\/#\/schema\/person\/8207cd4627f56151707418bfc835b2fb\"},\"breadcrumb\":{\"@id\":\"https:\/\/www.gaveanews.com\/index.php\/2024\/11\/29\/chegada-de-luis-castro-declaracao-de-pedrinho-e-busca-por-reforco-as-ultimas-noticias-do-vasco\/#breadcrumb\"},\"inLanguage\":\"pt-BR\",\"potentialAction\":[{\"@type\":\"ReadAction\",\"target\":[\"https:\/\/www.gaveanews.com\/index.php\/2024\/11\/29\/chegada-de-luis-castro-declaracao-de-pedrinho-e-busca-por-reforco-as-ultimas-noticias-do-vasco\/\"]}]},{\"@type\":\"ImageObject\",\"inLanguage\":\"pt-BR\",\"@id\":\"https:\/\/www.gaveanews.com\/index.php\/2024\/11\/29\/chegada-de-luis-castro-declaracao-de-pedrinho-e-busca-por-reforco-as-ultimas-noticias-do-vasco\/#primaryimage\",\"url\":\"https:\/\/www.gaveanews.com\/wp-content\/uploads\/Camisa-do-Vasco-da-Gama.webp\",\"contentUrl\":\"https:\/\/www.gaveanews.com\/wp-content\/uploads\/Camisa-do-Vasco-da-Gama.webp\",\"width\":1440,\"height\":960,\"caption\":\"Camisa do Vasco da Gama (Foto: Reprodu\u00e7\u00e3o\/Instagram)\"},{\"@type\":\"BreadcrumbList\",\"@id\":\"https:\/\/www.gaveanews.com\/index.php\/2024\/11\/29\/chegada-de-luis-castro-declaracao-de-pedrinho-e-busca-por-reforco-as-ultimas-noticias-do-vasco\/#breadcrumb\",\"itemListElement\":[{\"@type\":\"ListItem\",\"position\":1,\"name\":\"Home\",\"item\":\"https:\/\/www.gaveanews.com\/\"},{\"@type\":\"ListItem\",\"position\":2,\"name\":\"Chegada de Luis Castro, declara\u00e7\u00e3o de Pedrinho e busca por refor\u00e7o: as \u00faltimas not\u00edcias do Vasco\"}]},{\"@type\":\"WebSite\",\"@id\":\"https:\/\/www.gaveanews.com\/#website\",\"url\":\"https:\/\/www.gaveanews.com\/\",\"name\":\"G\u00e1vea News\",\"description\":\"Veja todas as not\u00edcias sobre o Flamengo: Contrata\u00e7\u00f5es, categorias de base, resultados das partidas, tabela de classifica\u00e7\u00e3o, pr\u00f3ximos jogos!\",\"potentialAction\":[{\"@type\":\"SearchAction\",\"target\":{\"@type\":\"EntryPoint\",\"urlTemplate\":\"https:\/\/www.gaveanews.com\/?s={search_term_string}\"},\"query-input\":{\"@type\":\"PropertyValueSpecification\",\"valueRequired\":true,\"valueName\":\"search_term_string\"}}],\"inLanguage\":\"pt-BR\"},{\"@type\":\"Person\",\"@id\":\"https:\/\/www.gaveanews.com\/#\/schema\/person\/8207cd4627f56151707418bfc835b2fb\",\"name\":\"Matheus Felipe\",\"image\":{\"@type\":\"ImageObject\",\"inLanguage\":\"pt-BR\",\"@id\":\"https:\/\/www.gaveanews.com\/#\/schema\/person\/image\/\",\"url\":\"https:\/\/secure.gravatar.com\/avatar\/a452ffbed9130f726358b298bb3a99ce4bd3c5338411f8440e87e14d74c7c087?s=96&d=mm&r=g\",\"contentUrl\":\"https:\/\/secure.gravatar.com\/avatar\/a452ffbed9130f726358b298bb3a99ce4bd3c5338411f8440e87e14d74c7c087?s=96&d=mm&r=g\",\"caption\":\"Matheus Felipe\"}}]}<\/script>\n<!-- \/ Yoast SEO Premium plugin. -->","yoast_head_json":{"title":"Chegada de Luis Castro, declara\u00e7\u00e3o de Pedrinho e busca por refor\u00e7o: as \u00faltimas not\u00edcias do Vasco","robots":{"index":"index","follow":"follow","max-snippet":"max-snippet:-1","max-image-preview":"max-image-preview:large","max-video-preview":"max-video-preview:-1"},"canonical":"https:\/\/www.gaveanews.com\/index.php\/2024\/11\/29\/chegada-de-luis-castro-declaracao-de-pedrinho-e-busca-por-reforco-as-ultimas-noticias-do-vasco\/","og_locale":"pt_BR","og_type":"article","og_title":"Chegada de Luis Castro, declara\u00e7\u00e3o de Pedrinho e busca por refor\u00e7o: as \u00faltimas not\u00edcias do Vasco","og_description":"Nas \u00faltimas horas, o foco das not\u00edcias sobre o Vasco se concentram nos bastidores do clube, com destaques como a declara\u00e7\u00e3o de Pedrinho e busca por refor\u00e7o. Por conta deste contexto, leia abaixo um resumo preparado pela equipe do portal G\u00e1vea News para lhe manter muito bem informado! Busca por refor\u00e7o O Vasco da Gama [&hellip;]","og_url":"https:\/\/www.gaveanews.com\/index.php\/2024\/11\/29\/chegada-de-luis-castro-declaracao-de-pedrinho-e-busca-por-reforco-as-ultimas-noticias-do-vasco\/","og_site_name":"G\u00e1vea News","article_publisher":"https:\/\/facebook.com\/gaveaNews\/","article_published_time":"2024-11-29T09:45:00+00:00","og_image":[{"width":1440,"height":960,"url":"https:\/\/www.gaveanews.com\/wp-content\/uploads\/Camisa-do-Vasco-da-Gama.webp","type":"image\/jpeg"}],"author":"Matheus Felipe","twitter_card":"summary_large_image","twitter_misc":{"Escrito por":"Matheus Felipe","Est. tempo de leitura":"5 minutos"},"schema":{"@context":"https:\/\/schema.org","@graph":[{"@type":"NewsArticle","@id":"https:\/\/www.gaveanews.com\/index.php\/2024\/11\/29\/chegada-de-luis-castro-declaracao-de-pedrinho-e-busca-por-reforco-as-ultimas-noticias-do-vasco\/#article","isPartOf":{"@id":"https:\/\/www.gaveanews.com\/index.php\/2024\/11\/29\/chegada-de-luis-castro-declaracao-de-pedrinho-e-busca-por-reforco-as-ultimas-noticias-do-vasco\/"},"author":{"name":"Matheus Felipe","@id":"https:\/\/www.gaveanews.com\/#\/schema\/person\/8207cd4627f56151707418bfc835b2fb"},"headline":"Chegada de Luis Castro, declara\u00e7\u00e3o de Pedrinho e busca por refor\u00e7o: as \u00faltimas not\u00edcias do Vasco","datePublished":"2024-11-29T09:45:00+00:00","mainEntityOfPage":{"@id":"https:\/\/www.gaveanews.com\/index.php\/2024\/11\/29\/chegada-de-luis-castro-declaracao-de-pedrinho-e-busca-por-reforco-as-ultimas-noticias-do-vasco\/"},"wordCount":897,"commentCount":0,"image":{"@id":"https:\/\/www.gaveanews.com\/index.php\/2024\/11\/29\/chegada-de-luis-castro-declaracao-de-pedrinho-e-busca-por-reforco-as-ultimas-noticias-do-vasco\/#primaryimage"},"thumbnailUrl":"https:\/\/www.gaveanews.com\/wp-content\/uploads\/Camisa-do-Vasco-da-Gama.webp","articleSection":["Vasco"],"inLanguage":"pt-BR","potentialAction":[{"@type":"CommentAction","name":"Comment","target":["https:\/\/www.gaveanews.com\/index.php\/2024\/11\/29\/chegada-de-luis-castro-declaracao-de-pedrinho-e-busca-por-reforco-as-ultimas-noticias-do-vasco\/#respond"]}],"copyrightYear":"2024","copyrightHolder":{"@id":"https:\/\/www.gaveanews.com\/#organization"}},{"@type":"WebPage","@id":"https:\/\/www.gaveanews.com\/index.php\/2024\/11\/29\/chegada-de-luis-castro-declaracao-de-pedrinho-e-busca-por-reforco-as-ultimas-noticias-do-vasco\/","url":"https:\/\/www.gaveanews.com\/index.php\/2024\/11\/29\/chegada-de-luis-castro-declaracao-de-pedrinho-e-busca-por-reforco-as-ultimas-noticias-do-vasco\/","name":"Chegada de Luis Castro, declara\u00e7\u00e3o de Pedrinho e busca por refor\u00e7o: as \u00faltimas not\u00edcias do Vasco","isPartOf":{"@id":"https:\/\/www.gaveanews.com\/#website"},"primaryImageOfPage":{"@id":"https:\/\/www.gaveanews.com\/index.php\/2024\/11\/29\/chegada-de-luis-castro-declaracao-de-pedrinho-e-busca-por-reforco-as-ultimas-noticias-do-vasco\/#primaryimage"},"image":{"@id":"https:\/\/www.gaveanews.com\/index.php\/2024\/11\/29\/chegada-de-luis-castro-declaracao-de-pedrinho-e-busca-por-reforco-as-ultimas-noticias-do-vasco\/#primaryimage"},"thumbnailUrl":"https:\/\/www.gaveanews.com\/wp-content\/uploads\/Camisa-do-Vasco-da-Gama.webp","datePublished":"2024-11-29T09:45:00+00:00","author":{"@id":"https:\/\/www.gaveanews.com\/#\/schema\/person\/8207cd4627f56151707418bfc835b2fb"},"breadcrumb":{"@id":"https:\/\/www.gaveanews.com\/index.php\/2024\/11\/29\/chegada-de-luis-castro-declaracao-de-pedrinho-e-busca-por-reforco-as-ultimas-noticias-do-vasco\/#breadcrumb"},"inLanguage":"pt-BR","potentialAction":[{"@type":"ReadAction","target":["https:\/\/www.gaveanews.com\/index.php\/2024\/11\/29\/chegada-de-luis-castro-declaracao-de-pedrinho-e-busca-por-reforco-as-ultimas-noticias-do-vasco\/"]}]},{"@type":"ImageObject","inLanguage":"pt-BR","@id":"https:\/\/www.gaveanews.com\/index.php\/2024\/11\/29\/chegada-de-luis-castro-declaracao-de-pedrinho-e-busca-por-reforco-as-ultimas-noticias-do-vasco\/#primaryimage","url":"https:\/\/www.gaveanews.com\/wp-content\/uploads\/Camisa-do-Vasco-da-Gama.webp","contentUrl":"https:\/\/www.gaveanews.com\/wp-content\/uploads\/Camisa-do-Vasco-da-Gama.webp","width":1440,"height":960,"caption":"Camisa do Vasco da Gama (Foto: Reprodu\u00e7\u00e3o\/Instagram)"},{"@type":"BreadcrumbList","@id":"https:\/\/www.gaveanews.com\/index.php\/2024\/11\/29\/chegada-de-luis-castro-declaracao-de-pedrinho-e-busca-por-reforco-as-ultimas-noticias-do-vasco\/#breadcrumb","itemListElement":[{"@type":"ListItem","position":1,"name":"Home","item":"https:\/\/www.gaveanews.com\/"},{"@type":"ListItem","position":2,"name":"Chegada de Luis Castro, declara\u00e7\u00e3o de Pedrinho e busca por refor\u00e7o: as \u00faltimas not\u00edcias do Vasco"}]},{"@type":"WebSite","@id":"https:\/\/www.gaveanews.com\/#website","url":"https:\/\/www.gaveanews.com\/","name":"G\u00e1vea News","description":"Veja todas as not\u00edcias sobre o Flamengo: Contrata\u00e7\u00f5es, categorias de base, resultados das partidas, tabela de classifica\u00e7\u00e3o, pr\u00f3ximos jogos!","potentialAction":[{"@type":"SearchAction","target":{"@type":"EntryPoint","urlTemplate":"https:\/\/www.gaveanews.com\/?s={search_term_string}"},"query-input":{"@type":"PropertyValueSpecification","valueRequired":true,"valueName":"search_term_string"}}],"inLanguage":"pt-BR"},{"@type":"Person","@id":"https:\/\/www.gaveanews.com\/#\/schema\/person\/8207cd4627f56151707418bfc835b2fb","name":"Matheus Felipe","image":{"@type":"ImageObject","inLanguage":"pt-BR","@id":"https:\/\/www.gaveanews.com\/#\/schema\/person\/image\/","url":"https:\/\/secure.gravatar.com\/avatar\/a452ffbed9130f726358b298bb3a99ce4bd3c5338411f8440e87e14d74c7c087?s=96&d=mm&r=g","contentUrl":"https:\/\/secure.gravatar.com\/avatar\/a452ffbed9130f726358b298bb3a99ce4bd3c5338411f8440e87e14d74c7c087?s=96&d=mm&r=g","caption":"Matheus Felipe"}}]}},"_links":{"self":[{"href":"https:\/\/www.gaveanews.com\/index.php\/wp-json\/wp\/v2\/posts\/192246","targetHints":{"allow":["GET"]}}],"collection":[{"href":"https:\/\/www.gaveanews.com\/index.php\/wp-json\/wp\/v2\/posts"}],"about":[{"href":"https:\/\/www.gaveanews.com\/index.php\/wp-json\/wp\/v2\/types\/post"}],"author":[{"embeddable":true,"href":"https:\/\/www.gaveanews.com\/index.php\/wp-json\/wp\/v2\/users\/27"}],"replies":[{"embeddable":true,"href":"https:\/\/www.gaveanews.com\/index.php\/wp-json\/wp\/v2\/comments?post=192246"}],"version-history":[{"count":1,"href":"https:\/\/www.gaveanews.com\/index.php\/wp-json\/wp\/v2\/posts\/192246\/revisions"}],"predecessor-version":[{"id":192251,"href":"https:\/\/www.gaveanews.com\/index.php\/wp-json\/wp\/v2\/posts\/192246\/revisions\/192251"}],"wp:featuredmedia":[{"embeddable":true,"href":"https:\/\/www.gaveanews.com\/index.php\/wp-json\/wp\/v2\/media\/147443"}],"wp:attachment":[{"href":"https:\/\/www.gaveanews.com\/index.php\/wp-json\/wp\/v2\/media?parent=192246"}],"wp:term":[{"taxonomy":"category","embeddable":true,"href":"https:\/\/www.gaveanews.com\/index.php\/wp-json\/wp\/v2\/categories?post=192246"},{"taxonomy":"post_tag","embeddable":true,"href":"https:\/\/www.gaveanews.com\/index.php\/wp-json\/wp\/v2\/tags?post=192246"}],"curies":[{"name":"wp","href":"https:\/\/api.w.org\/{rel}","templated":true}]}}