{"id":192276,"date":"2024-11-29T10:00:00","date_gmt":"2024-11-29T13:00:00","guid":{"rendered":"https:\/\/www.gaveanews.com\/?p=192276"},"modified":"2024-11-29T09:26:30","modified_gmt":"2024-11-29T12:26:30","slug":"os-pontos-perdidos-pelo-flamengo-que-acabaram-com-o-sonho-do-brasileirao","status":"publish","type":"post","link":"https:\/\/www.gaveanews.com\/index.php\/2024\/11\/29\/os-pontos-perdidos-pelo-flamengo-que-acabaram-com-o-sonho-do-brasileirao\/","title":{"rendered":"Os pontos perdidos pelo Flamengo que acabaram com o sonho do Brasileir\u00e3o"},"content":{"rendered":"\n<p>Em 17 de abril, o Flamengo derrotou o S\u00e3o Paulo por 2 a 1 no Maracan\u00e3, reassumindo a lideran\u00e7a do Campeonato Brasileiro ap\u00f3s um longo intervalo de tr\u00eas anos ou 115 jogos. O Rubro-Negro permaneceu na ponta da S\u00e9rie A, mesmo durante a Copa Am\u00e9rica, quando foi o time com mais atletas convocados para a sele\u00e7\u00e3o. Esse cen\u00e1rio gerou grande confian\u00e7a internamente no Ninho do Urubu para a busca por um t\u00edtulo que n\u00e3o vinha desde 2020.<\/p>\n\n\n\n<ul class=\"wp-block-list\">\n<li><a href=\"https:\/\/www.gaveanews.com\/index.php\/2024\/11\/29\/atitude-de-pedro-lancamento-de-jogador-e-declaracao-de-renato-mauricio-prado-as-ultimas-noticias-do-flamengo\/\">Atitude de Pedro, lan\u00e7amento de jogador e declara\u00e7\u00e3o de Renato Maur\u00edcio Prado: as \u00faltimas not\u00edcias do Flamengo<\/a><\/li>\n\n\n\n<li><a href=\"https:\/\/www.gaveanews.com\/index.php\/2024\/11\/28\/veja-detalhes-da-despedida-de-gabigol-do-flamengo\/\">Veja detalhes da despedida de Gabigol, do Flamengo<br><\/a><\/li>\n<\/ul>\n\n\n\n<p>Entretanto, o Flamengo apresentou uma queda significativa em seu desempenho no segundo turno e chega \u00e0s \u00faltimas tr\u00eas partidas sem possibilidades matem\u00e1ticas de conquistar o t\u00edtulo, visto que est\u00e1 a 10 pontos do l\u00edder Botafogo, com apenas nove em jogo. O ge destaca a seguir oito pontos que o Rubro-Negro deixou escapar, tanto sob o comando de Tite quanto de Filipe Lu\u00eds, o que afastou a equipe da disputa pelo eneacampeonato nacional.<\/p>\n\n\n\n<h2 class=\"wp-block-heading\" id=\"h-flamengo-1-x-1-palmeiras-2-pontos\">Flamengo 1 x 1 Palmeiras: -2 pontos<br><br><\/h2>\n\n\n\n<p>Ap\u00f3s eliminar o Palmeiras na Copa do Brasil, o Flamengo sob a dire\u00e7\u00e3o de Tite teve um novo confronto com o rival no Maracan\u00e3. Em uma partida bastante acirrada, o Rubro-Negro abriu o placar com um gol sofrido de Arrascaeta e manteve a vantagem at\u00e9 os 41 minutos do segundo tempo. Este jogo tamb\u00e9m ficou marcado pelas s\u00e9rias les\u00f5es que afastaram Everton Cebolinha e Vi\u00f1a do restante da temporada.<\/p>\n\n\n\n<figure class=\"wp-block-image size-full\"><img loading=\"lazy\" decoding=\"async\" width=\"640\" height=\"402\" src=\"https:\/\/www.gaveanews.com\/wp-content\/uploads\/arrascaeta-bruno-henrique-flamengo-madureira.webp\" alt=\"\" class=\"wp-image-167855\" srcset=\"https:\/\/www.gaveanews.com\/wp-content\/uploads\/arrascaeta-bruno-henrique-flamengo-madureira.webp 640w, https:\/\/www.gaveanews.com\/wp-content\/uploads\/arrascaeta-bruno-henrique-flamengo-madureira-300x188.webp 300w, https:\/\/www.gaveanews.com\/wp-content\/uploads\/arrascaeta-bruno-henrique-flamengo-madureira-100x63.webp 100w\" sizes=\"auto, (max-width: 640px) 100vw, 640px\" \/><figcaption class=\"wp-element-caption\">Foto: Divulga\u00e7\u00e3o\/ Flamengo<\/figcaption><\/figure>\n\n\n\n<h2 class=\"wp-block-heading\" id=\"h-flamengo-1-x-1-vasco-2-pontos\">Flamengo 1 x 1 Vasco: -2 pontos<br><\/h2>\n\n\n\n<p>Ainda sob o comando de Tite, o Flamengo atropelou o Vasco mais uma vez no Maracan\u00e3. No entanto, dessa vez as bolas n\u00e3o entraram como na goleada de 6 a 1 no primeiro turno. No segundo tempo, o Rubro-Negro lutou at\u00e9 marcar o gol com Gerson. Contudo, aos 41, foi novamente penalizado e sofreu o empate em um contra-ataque. Foi tamb\u00e9m o jogo que causou a s\u00e9ria les\u00e3o de Luiz Ara\u00fajo, que ainda n\u00e3o conseguiu voltar a jogar.<\/p>\n\n\n\n<h2 class=\"wp-block-heading\" id=\"h-inter-1-x-1-flamengo-2-pontos\">Inter 1 x 1 Flamengo: -2 pontos<\/h2>\n\n\n\n<p>Sob o comando de Filipe Lu\u00eds, o Flamengo recebeu o Inter em jogo atrasado da 17 rodada, e protagonizou um espet\u00e1culo no Beira-Rio, repleto de oportunidades para ambos os lados. O Rubro-Negro abriu o placar com uma excelente cobran\u00e7a de p\u00eanalti de Alcaraz no final do primeiro tempo, teve a oportunidade de finalizar a partida na segunda etapa, por\u00e9m, acabou cedendo o empate aos 43 minutos.<\/p>\n\n\n\n<h2 class=\"wp-block-heading\" id=\"h-flamengo-0-x-0-atletico-mg-2-pontos\">Flamengo 0 x 0 Atl\u00e9tico-MG: -2 pontos<\/h2>\n\n\n\n<p>Tr\u00eas dias ap\u00f3s conquistar a Copa do Brasil sobre o Atl\u00e9tico-MG, o Flamengo de Filipe Lu\u00eds voltou a enfrentar o rival e mostrou superioridade contra o Galo no Maracan\u00e3. No entanto, desta vez, o Rubro-Negro foi travado por uma atua\u00e7\u00e3o not\u00e1vel do goleiro Everson e n\u00e3o conseguiu balan\u00e7ar as redes. Contudo, este confronto \u00e9 contabilizado pois o time perdeu uma oportunidade de ouro ao desperdi\u00e7ar um p\u00eanalti mal convertido por David Luiz, mesmo com a presen\u00e7a dp Alcaraz em campo.<\/p>\n\n\n\n<p>Com esses oito pontos, o Flamengo alcan\u00e7aria hoje 71 pontos, apenas dois atr\u00e1s do Botafogo e ainda com chances reais de vit\u00f3ria. No entanto, a dura realidade \u00e9 que o Rubro-Negro alcan\u00e7ou o quarto ano consecutivo sem lutar pelo t\u00edtulo nas rodadas finais. <\/p>\n\n\n\n<p><\/p>\n\n\n\n<p><br><br><\/p>\n\n\n\n<p><br><br><\/p>\n\n\n\n<p><br><\/p>\n","protected":false},"excerpt":{"rendered":"<p>Em 17 de abril, o Flamengo derrotou o S\u00e3o Paulo por 2 a 1 no Maracan\u00e3, reassumindo a lideran\u00e7a do Campeonato Brasileiro ap\u00f3s um longo intervalo de tr\u00eas anos ou 115 jogos. O Rubro-Negro permaneceu na ponta da S\u00e9rie A, mesmo durante a Copa Am\u00e9rica, quando foi o time com mais atletas convocados para a [&hellip;]<\/p>\n","protected":false},"author":16,"featured_media":178106,"comment_status":"open","ping_status":"closed","sticky":false,"template":"","format":"standard","meta":{"footnotes":""},"categories":[1],"tags":[],"class_list":["post-192276","post","type-post","status-publish","format-standard","has-post-thumbnail","hentry","category-flamengo"],"yoast_head":"<!-- This site is optimized with the Yoast SEO Premium plugin v24.2 (Yoast SEO v26.9) - https:\/\/yoast.com\/product\/yoast-seo-premium-wordpress\/ -->\n<title>Os pontos perdidos pelo Flamengo que acabaram com o sonho do Brasileir\u00e3o<\/title>\n<meta name=\"description\" content=\"Os pontos perdidos pelo Flamengo que acabaram com o sonho do Brasileir\u00e3o\" \/>\n<meta name=\"robots\" content=\"index, follow, max-snippet:-1, max-image-preview:large, max-video-preview:-1\" \/>\n<link rel=\"canonical\" href=\"https:\/\/www.gaveanews.com\/index.php\/2024\/11\/29\/os-pontos-perdidos-pelo-flamengo-que-acabaram-com-o-sonho-do-brasileirao\/\" \/>\n<meta property=\"og:locale\" content=\"pt_BR\" \/>\n<meta property=\"og:type\" content=\"article\" \/>\n<meta property=\"og:title\" content=\"Os pontos perdidos pelo Flamengo que acabaram com o sonho do Brasileir\u00e3o\" \/>\n<meta property=\"og:description\" content=\"Os pontos perdidos pelo Flamengo que acabaram com o sonho do Brasileir\u00e3o\" \/>\n<meta property=\"og:url\" content=\"https:\/\/www.gaveanews.com\/index.php\/2024\/11\/29\/os-pontos-perdidos-pelo-flamengo-que-acabaram-com-o-sonho-do-brasileirao\/\" \/>\n<meta property=\"og:site_name\" content=\"G\u00e1vea News\" \/>\n<meta property=\"article:publisher\" content=\"https:\/\/facebook.com\/gaveaNews\/\" \/>\n<meta property=\"article:published_time\" content=\"2024-11-29T13:00:00+00:00\" \/>\n<meta property=\"og:image\" content=\"https:\/\/www.gaveanews.com\/wp-content\/uploads\/Flamengo-x-Juventude-pelo-Campeonato-Brasileiro.webp\" \/>\n\t<meta property=\"og:image:width\" content=\"641\" \/>\n\t<meta property=\"og:image:height\" content=\"420\" \/>\n\t<meta property=\"og:image:type\" content=\"image\/jpeg\" \/>\n<meta name=\"author\" content=\"D\u00e9bora Figueiredo\" \/>\n<meta name=\"twitter:card\" content=\"summary_large_image\" \/>\n<meta name=\"twitter:label1\" content=\"Escrito por\" \/>\n\t<meta name=\"twitter:data1\" content=\"D\u00e9bora Figueiredo\" \/>\n\t<meta name=\"twitter:label2\" content=\"Est. tempo de leitura\" \/>\n\t<meta name=\"twitter:data2\" content=\"4 minutos\" \/>\n<script type=\"application\/ld+json\" class=\"yoast-schema-graph\">{\"@context\":\"https:\/\/schema.org\",\"@graph\":[{\"@type\":\"NewsArticle\",\"@id\":\"https:\/\/www.gaveanews.com\/index.php\/2024\/11\/29\/os-pontos-perdidos-pelo-flamengo-que-acabaram-com-o-sonho-do-brasileirao\/#article\",\"isPartOf\":{\"@id\":\"https:\/\/www.gaveanews.com\/index.php\/2024\/11\/29\/os-pontos-perdidos-pelo-flamengo-que-acabaram-com-o-sonho-do-brasileirao\/\"},\"author\":{\"name\":\"D\u00e9bora Figueiredo\",\"@id\":\"https:\/\/www.gaveanews.com\/#\/schema\/person\/37122681a8575a5c8db05a56f099a5e4\"},\"headline\":\"Os pontos perdidos pelo Flamengo que acabaram com o sonho do Brasileir\u00e3o\",\"datePublished\":\"2024-11-29T13:00:00+00:00\",\"mainEntityOfPage\":{\"@id\":\"https:\/\/www.gaveanews.com\/index.php\/2024\/11\/29\/os-pontos-perdidos-pelo-flamengo-que-acabaram-com-o-sonho-do-brasileirao\/\"},\"wordCount\":586,\"commentCount\":0,\"image\":{\"@id\":\"https:\/\/www.gaveanews.com\/index.php\/2024\/11\/29\/os-pontos-perdidos-pelo-flamengo-que-acabaram-com-o-sonho-do-brasileirao\/#primaryimage\"},\"thumbnailUrl\":\"https:\/\/www.gaveanews.com\/wp-content\/uploads\/Flamengo-x-Juventude-pelo-Campeonato-Brasileiro.webp\",\"articleSection\":[\"Flamengo\"],\"inLanguage\":\"pt-BR\",\"potentialAction\":[{\"@type\":\"CommentAction\",\"name\":\"Comment\",\"target\":[\"https:\/\/www.gaveanews.com\/index.php\/2024\/11\/29\/os-pontos-perdidos-pelo-flamengo-que-acabaram-com-o-sonho-do-brasileirao\/#respond\"]}],\"copyrightYear\":\"2024\",\"copyrightHolder\":{\"@id\":\"https:\/\/www.gaveanews.com\/#organization\"}},{\"@type\":\"WebPage\",\"@id\":\"https:\/\/www.gaveanews.com\/index.php\/2024\/11\/29\/os-pontos-perdidos-pelo-flamengo-que-acabaram-com-o-sonho-do-brasileirao\/\",\"url\":\"https:\/\/www.gaveanews.com\/index.php\/2024\/11\/29\/os-pontos-perdidos-pelo-flamengo-que-acabaram-com-o-sonho-do-brasileirao\/\",\"name\":\"Os pontos perdidos pelo Flamengo que acabaram com o sonho do Brasileir\u00e3o\",\"isPartOf\":{\"@id\":\"https:\/\/www.gaveanews.com\/#website\"},\"primaryImageOfPage\":{\"@id\":\"https:\/\/www.gaveanews.com\/index.php\/2024\/11\/29\/os-pontos-perdidos-pelo-flamengo-que-acabaram-com-o-sonho-do-brasileirao\/#primaryimage\"},\"image\":{\"@id\":\"https:\/\/www.gaveanews.com\/index.php\/2024\/11\/29\/os-pontos-perdidos-pelo-flamengo-que-acabaram-com-o-sonho-do-brasileirao\/#primaryimage\"},\"thumbnailUrl\":\"https:\/\/www.gaveanews.com\/wp-content\/uploads\/Flamengo-x-Juventude-pelo-Campeonato-Brasileiro.webp\",\"datePublished\":\"2024-11-29T13:00:00+00:00\",\"author\":{\"@id\":\"https:\/\/www.gaveanews.com\/#\/schema\/person\/37122681a8575a5c8db05a56f099a5e4\"},\"description\":\"Os pontos perdidos pelo Flamengo que acabaram com o sonho do Brasileir\u00e3o\",\"breadcrumb\":{\"@id\":\"https:\/\/www.gaveanews.com\/index.php\/2024\/11\/29\/os-pontos-perdidos-pelo-flamengo-que-acabaram-com-o-sonho-do-brasileirao\/#breadcrumb\"},\"inLanguage\":\"pt-BR\",\"potentialAction\":[{\"@type\":\"ReadAction\",\"target\":[\"https:\/\/www.gaveanews.com\/index.php\/2024\/11\/29\/os-pontos-perdidos-pelo-flamengo-que-acabaram-com-o-sonho-do-brasileirao\/\"]}]},{\"@type\":\"ImageObject\",\"inLanguage\":\"pt-BR\",\"@id\":\"https:\/\/www.gaveanews.com\/index.php\/2024\/11\/29\/os-pontos-perdidos-pelo-flamengo-que-acabaram-com-o-sonho-do-brasileirao\/#primaryimage\",\"url\":\"https:\/\/www.gaveanews.com\/wp-content\/uploads\/Flamengo-x-Juventude-pelo-Campeonato-Brasileiro.webp\",\"contentUrl\":\"https:\/\/www.gaveanews.com\/wp-content\/uploads\/Flamengo-x-Juventude-pelo-Campeonato-Brasileiro.webp\",\"width\":641,\"height\":420,\"caption\":\"Flamengo x Juventude pelo Campeonato Brasileiro (Foto: Gilvan de Souza\/Flamengo)\"},{\"@type\":\"BreadcrumbList\",\"@id\":\"https:\/\/www.gaveanews.com\/index.php\/2024\/11\/29\/os-pontos-perdidos-pelo-flamengo-que-acabaram-com-o-sonho-do-brasileirao\/#breadcrumb\",\"itemListElement\":[{\"@type\":\"ListItem\",\"position\":1,\"name\":\"Home\",\"item\":\"https:\/\/www.gaveanews.com\/\"},{\"@type\":\"ListItem\",\"position\":2,\"name\":\"Os pontos perdidos pelo Flamengo que acabaram com o sonho do Brasileir\u00e3o\"}]},{\"@type\":\"WebSite\",\"@id\":\"https:\/\/www.gaveanews.com\/#website\",\"url\":\"https:\/\/www.gaveanews.com\/\",\"name\":\"G\u00e1vea News\",\"description\":\"Veja todas as not\u00edcias sobre o Flamengo: Contrata\u00e7\u00f5es, categorias de base, resultados das partidas, tabela de classifica\u00e7\u00e3o, pr\u00f3ximos jogos!\",\"potentialAction\":[{\"@type\":\"SearchAction\",\"target\":{\"@type\":\"EntryPoint\",\"urlTemplate\":\"https:\/\/www.gaveanews.com\/?s={search_term_string}\"},\"query-input\":{\"@type\":\"PropertyValueSpecification\",\"valueRequired\":true,\"valueName\":\"search_term_string\"}}],\"inLanguage\":\"pt-BR\"},{\"@type\":\"Person\",\"@id\":\"https:\/\/www.gaveanews.com\/#\/schema\/person\/37122681a8575a5c8db05a56f099a5e4\",\"name\":\"D\u00e9bora Figueiredo\",\"image\":{\"@type\":\"ImageObject\",\"inLanguage\":\"pt-BR\",\"@id\":\"https:\/\/www.gaveanews.com\/#\/schema\/person\/image\/\",\"url\":\"https:\/\/secure.gravatar.com\/avatar\/1f44802859351588499d26f52aed1d15796ce17e67602895b72837c08018868d?s=96&d=mm&r=g\",\"contentUrl\":\"https:\/\/secure.gravatar.com\/avatar\/1f44802859351588499d26f52aed1d15796ce17e67602895b72837c08018868d?s=96&d=mm&r=g\",\"caption\":\"D\u00e9bora Figueiredo\"}}]}<\/script>\n<!-- \/ Yoast SEO Premium plugin. -->","yoast_head_json":{"title":"Os pontos perdidos pelo Flamengo que acabaram com o sonho do Brasileir\u00e3o","description":"Os pontos perdidos pelo Flamengo que acabaram com o sonho do Brasileir\u00e3o","robots":{"index":"index","follow":"follow","max-snippet":"max-snippet:-1","max-image-preview":"max-image-preview:large","max-video-preview":"max-video-preview:-1"},"canonical":"https:\/\/www.gaveanews.com\/index.php\/2024\/11\/29\/os-pontos-perdidos-pelo-flamengo-que-acabaram-com-o-sonho-do-brasileirao\/","og_locale":"pt_BR","og_type":"article","og_title":"Os pontos perdidos pelo Flamengo que acabaram com o sonho do Brasileir\u00e3o","og_description":"Os pontos perdidos pelo Flamengo que acabaram com o sonho do Brasileir\u00e3o","og_url":"https:\/\/www.gaveanews.com\/index.php\/2024\/11\/29\/os-pontos-perdidos-pelo-flamengo-que-acabaram-com-o-sonho-do-brasileirao\/","og_site_name":"G\u00e1vea News","article_publisher":"https:\/\/facebook.com\/gaveaNews\/","article_published_time":"2024-11-29T13:00:00+00:00","og_image":[{"width":641,"height":420,"url":"https:\/\/www.gaveanews.com\/wp-content\/uploads\/Flamengo-x-Juventude-pelo-Campeonato-Brasileiro.webp","type":"image\/jpeg"}],"author":"D\u00e9bora Figueiredo","twitter_card":"summary_large_image","twitter_misc":{"Escrito por":"D\u00e9bora Figueiredo","Est. tempo de leitura":"4 minutos"},"schema":{"@context":"https:\/\/schema.org","@graph":[{"@type":"NewsArticle","@id":"https:\/\/www.gaveanews.com\/index.php\/2024\/11\/29\/os-pontos-perdidos-pelo-flamengo-que-acabaram-com-o-sonho-do-brasileirao\/#article","isPartOf":{"@id":"https:\/\/www.gaveanews.com\/index.php\/2024\/11\/29\/os-pontos-perdidos-pelo-flamengo-que-acabaram-com-o-sonho-do-brasileirao\/"},"author":{"name":"D\u00e9bora Figueiredo","@id":"https:\/\/www.gaveanews.com\/#\/schema\/person\/37122681a8575a5c8db05a56f099a5e4"},"headline":"Os pontos perdidos pelo Flamengo que acabaram com o sonho do Brasileir\u00e3o","datePublished":"2024-11-29T13:00:00+00:00","mainEntityOfPage":{"@id":"https:\/\/www.gaveanews.com\/index.php\/2024\/11\/29\/os-pontos-perdidos-pelo-flamengo-que-acabaram-com-o-sonho-do-brasileirao\/"},"wordCount":586,"commentCount":0,"image":{"@id":"https:\/\/www.gaveanews.com\/index.php\/2024\/11\/29\/os-pontos-perdidos-pelo-flamengo-que-acabaram-com-o-sonho-do-brasileirao\/#primaryimage"},"thumbnailUrl":"https:\/\/www.gaveanews.com\/wp-content\/uploads\/Flamengo-x-Juventude-pelo-Campeonato-Brasileiro.webp","articleSection":["Flamengo"],"inLanguage":"pt-BR","potentialAction":[{"@type":"CommentAction","name":"Comment","target":["https:\/\/www.gaveanews.com\/index.php\/2024\/11\/29\/os-pontos-perdidos-pelo-flamengo-que-acabaram-com-o-sonho-do-brasileirao\/#respond"]}],"copyrightYear":"2024","copyrightHolder":{"@id":"https:\/\/www.gaveanews.com\/#organization"}},{"@type":"WebPage","@id":"https:\/\/www.gaveanews.com\/index.php\/2024\/11\/29\/os-pontos-perdidos-pelo-flamengo-que-acabaram-com-o-sonho-do-brasileirao\/","url":"https:\/\/www.gaveanews.com\/index.php\/2024\/11\/29\/os-pontos-perdidos-pelo-flamengo-que-acabaram-com-o-sonho-do-brasileirao\/","name":"Os pontos perdidos pelo Flamengo que acabaram com o sonho do Brasileir\u00e3o","isPartOf":{"@id":"https:\/\/www.gaveanews.com\/#website"},"primaryImageOfPage":{"@id":"https:\/\/www.gaveanews.com\/index.php\/2024\/11\/29\/os-pontos-perdidos-pelo-flamengo-que-acabaram-com-o-sonho-do-brasileirao\/#primaryimage"},"image":{"@id":"https:\/\/www.gaveanews.com\/index.php\/2024\/11\/29\/os-pontos-perdidos-pelo-flamengo-que-acabaram-com-o-sonho-do-brasileirao\/#primaryimage"},"thumbnailUrl":"https:\/\/www.gaveanews.com\/wp-content\/uploads\/Flamengo-x-Juventude-pelo-Campeonato-Brasileiro.webp","datePublished":"2024-11-29T13:00:00+00:00","author":{"@id":"https:\/\/www.gaveanews.com\/#\/schema\/person\/37122681a8575a5c8db05a56f099a5e4"},"description":"Os pontos perdidos pelo Flamengo que acabaram com o sonho do Brasileir\u00e3o","breadcrumb":{"@id":"https:\/\/www.gaveanews.com\/index.php\/2024\/11\/29\/os-pontos-perdidos-pelo-flamengo-que-acabaram-com-o-sonho-do-brasileirao\/#breadcrumb"},"inLanguage":"pt-BR","potentialAction":[{"@type":"ReadAction","target":["https:\/\/www.gaveanews.com\/index.php\/2024\/11\/29\/os-pontos-perdidos-pelo-flamengo-que-acabaram-com-o-sonho-do-brasileirao\/"]}]},{"@type":"ImageObject","inLanguage":"pt-BR","@id":"https:\/\/www.gaveanews.com\/index.php\/2024\/11\/29\/os-pontos-perdidos-pelo-flamengo-que-acabaram-com-o-sonho-do-brasileirao\/#primaryimage","url":"https:\/\/www.gaveanews.com\/wp-content\/uploads\/Flamengo-x-Juventude-pelo-Campeonato-Brasileiro.webp","contentUrl":"https:\/\/www.gaveanews.com\/wp-content\/uploads\/Flamengo-x-Juventude-pelo-Campeonato-Brasileiro.webp","width":641,"height":420,"caption":"Flamengo x Juventude pelo Campeonato Brasileiro (Foto: Gilvan de Souza\/Flamengo)"},{"@type":"BreadcrumbList","@id":"https:\/\/www.gaveanews.com\/index.php\/2024\/11\/29\/os-pontos-perdidos-pelo-flamengo-que-acabaram-com-o-sonho-do-brasileirao\/#breadcrumb","itemListElement":[{"@type":"ListItem","position":1,"name":"Home","item":"https:\/\/www.gaveanews.com\/"},{"@type":"ListItem","position":2,"name":"Os pontos perdidos pelo Flamengo que acabaram com o sonho do Brasileir\u00e3o"}]},{"@type":"WebSite","@id":"https:\/\/www.gaveanews.com\/#website","url":"https:\/\/www.gaveanews.com\/","name":"G\u00e1vea News","description":"Veja todas as not\u00edcias sobre o Flamengo: Contrata\u00e7\u00f5es, categorias de base, resultados das partidas, tabela de classifica\u00e7\u00e3o, pr\u00f3ximos jogos!","potentialAction":[{"@type":"SearchAction","target":{"@type":"EntryPoint","urlTemplate":"https:\/\/www.gaveanews.com\/?s={search_term_string}"},"query-input":{"@type":"PropertyValueSpecification","valueRequired":true,"valueName":"search_term_string"}}],"inLanguage":"pt-BR"},{"@type":"Person","@id":"https:\/\/www.gaveanews.com\/#\/schema\/person\/37122681a8575a5c8db05a56f099a5e4","name":"D\u00e9bora Figueiredo","image":{"@type":"ImageObject","inLanguage":"pt-BR","@id":"https:\/\/www.gaveanews.com\/#\/schema\/person\/image\/","url":"https:\/\/secure.gravatar.com\/avatar\/1f44802859351588499d26f52aed1d15796ce17e67602895b72837c08018868d?s=96&d=mm&r=g","contentUrl":"https:\/\/secure.gravatar.com\/avatar\/1f44802859351588499d26f52aed1d15796ce17e67602895b72837c08018868d?s=96&d=mm&r=g","caption":"D\u00e9bora Figueiredo"}}]}},"_links":{"self":[{"href":"https:\/\/www.gaveanews.com\/index.php\/wp-json\/wp\/v2\/posts\/192276","targetHints":{"allow":["GET"]}}],"collection":[{"href":"https:\/\/www.gaveanews.com\/index.php\/wp-json\/wp\/v2\/posts"}],"about":[{"href":"https:\/\/www.gaveanews.com\/index.php\/wp-json\/wp\/v2\/types\/post"}],"author":[{"embeddable":true,"href":"https:\/\/www.gaveanews.com\/index.php\/wp-json\/wp\/v2\/users\/16"}],"replies":[{"embeddable":true,"href":"https:\/\/www.gaveanews.com\/index.php\/wp-json\/wp\/v2\/comments?post=192276"}],"version-history":[{"count":1,"href":"https:\/\/www.gaveanews.com\/index.php\/wp-json\/wp\/v2\/posts\/192276\/revisions"}],"predecessor-version":[{"id":192281,"href":"https:\/\/www.gaveanews.com\/index.php\/wp-json\/wp\/v2\/posts\/192276\/revisions\/192281"}],"wp:featuredmedia":[{"embeddable":true,"href":"https:\/\/www.gaveanews.com\/index.php\/wp-json\/wp\/v2\/media\/178106"}],"wp:attachment":[{"href":"https:\/\/www.gaveanews.com\/index.php\/wp-json\/wp\/v2\/media?parent=192276"}],"wp:term":[{"taxonomy":"category","embeddable":true,"href":"https:\/\/www.gaveanews.com\/index.php\/wp-json\/wp\/v2\/categories?post=192276"},{"taxonomy":"post_tag","embeddable":true,"href":"https:\/\/www.gaveanews.com\/index.php\/wp-json\/wp\/v2\/tags?post=192276"}],"curies":[{"name":"wp","href":"https:\/\/api.w.org\/{rel}","templated":true}]}}