{"id":192284,"date":"2024-11-29T11:15:56","date_gmt":"2024-11-29T14:15:56","guid":{"rendered":"https:\/\/www.gaveanews.com\/?p=192284"},"modified":"2024-11-29T11:16:20","modified_gmt":"2024-11-29T14:16:20","slug":"pedro-caixinha-vai-assinar-com-o-vasco","status":"publish","type":"post","link":"https:\/\/www.gaveanews.com\/index.php\/2024\/11\/29\/pedro-caixinha-vai-assinar-com-o-vasco\/","title":{"rendered":"Pedro Caixinha vai assinar com o Vasco?"},"content":{"rendered":"\n<h2 class=\"wp-block-heading\" id=\"h-pedro-caixinha-agrada-e-pode-comandar-o-vasco-em-2025\">Pedro Caixinha agrada e pode comandar o Vasco em 2025<\/h2>\n\n\n\n<p>O Vasco da Gama, um dos times com torcidas mais fervorosas do Brasil, est\u00e1 atravessando um momento crucial na escolha de seu novo t\u00e9cnico para a temporada de 2025. Com desafios significativos pela frente, como a falta do est\u00e1dio S\u00e3o Janu\u00e1rio, o Cruz-Maltino busca um profissional que una expertise t\u00e9cnica e a capacidade de desenvolver novas promessas. Pedro Caixinha, um treinador portugu\u00eas que j\u00e1 comandou o Red Bull Bragantino, desponta como o favorito, embora outros nomes ainda estejam sendo avaliados pela diretoria.<\/p>\n\n\n\n<ul class=\"wp-block-list\">\n<li><a href=\"https:\/\/www.gaveanews.com\/index.php\/2024\/11\/29\/pablo-vegetti-david-rayan-dimitri-payet-mateus-carvalho-paulo-henrique-hugo-moura-pablo-galdames-adson-e-puma-rodriguez-jogadores-do-vasco-da-gama-com-mais-finalizacoes-no-brasileirao\/\">Pablo Vegetti, David, Rayan, Dimitri Payet, Mateus Carvalho, Paulo Henrique, Hugo Moura, Pablo Galdames, Adson e Puma Rodr\u00edguez: jogadores do Vasco da Gama com mais finaliza\u00e7\u00f5es no Brasileir\u00e3o<\/a><\/li>\n\n\n\n<li><a href=\"https:\/\/www.gaveanews.com\/index.php\/2024\/11\/28\/vasco-mira-2-contratacoes-para-reforcar-o-ataque\/\">Vasco mira 2 contrata\u00e7\u00f5es para refor\u00e7ar o ataque<\/a><\/li>\n<\/ul>\n\n\n\n<p>A procura por um treinador transcende uma mera escolha, trata-se de uma decis\u00e3o estrat\u00e9gica que moldar\u00e1 o futuro do Vasco. Essa escolha impactar\u00e1 os planos esportivos, financeiros e institucionais, especialmente considerando as restri\u00e7\u00f5es or\u00e7ament\u00e1rias enfrentadas pelo clube. A viv\u00eancia internacional de Caixinha e sua compet\u00eancia em integrar jovens jogadores ao time principal o colocam em evid\u00eancia nas delibera\u00e7\u00f5es internas.<\/p>\n\n\n\n<p>O Vasco enfrenta diversos desafios na temporada de 2025. O clube tamb\u00e9m enfrentar\u00e1 desafios log\u00edsticos devido \u00e0 falta de S\u00e3o Janu\u00e1rio, que est\u00e1 em processo de reformas estruturais. Esta circunst\u00e2ncia requer um t\u00e9cnico capaz de gerir adversidades e manter o rendimento do time mesmo em circunst\u00e2ncias adversas.<\/p>\n\n\n\n<figure class=\"wp-block-image size-large\"><img loading=\"lazy\" decoding=\"async\" width=\"938\" height=\"1024\" src=\"https:\/\/www.gaveanews.com\/wp-content\/uploads\/Pedro-Caixinha-938x1024.webp\" alt=\"\" class=\"wp-image-112591\" srcset=\"https:\/\/www.gaveanews.com\/wp-content\/uploads\/Pedro-Caixinha-938x1024.webp 938w, https:\/\/www.gaveanews.com\/wp-content\/uploads\/Pedro-Caixinha-275x300.webp 275w, https:\/\/www.gaveanews.com\/wp-content\/uploads\/Pedro-Caixinha-768x838.webp 768w, https:\/\/www.gaveanews.com\/wp-content\/uploads\/Pedro-Caixinha-385x420.webp 385w, https:\/\/www.gaveanews.com\/wp-content\/uploads\/Pedro-Caixinha-770x840.webp 770w, https:\/\/www.gaveanews.com\/wp-content\/uploads\/Pedro-Caixinha-640x699.webp 640w, https:\/\/www.gaveanews.com\/wp-content\/uploads\/Pedro-Caixinha-681x743.webp 681w, https:\/\/www.gaveanews.com\/wp-content\/uploads\/Pedro-Caixinha-100x109.webp 100w, https:\/\/www.gaveanews.com\/wp-content\/uploads\/Pedro-Caixinha.webp 984w\" sizes=\"auto, (max-width: 938px) 100vw, 938px\" \/><figcaption class=\"wp-element-caption\">T\u00e9cnico Pedro Caixinha em treino do Bragantino \u2014 Foto: Ari Ferreira\/Red Bull Bragantino<\/figcaption><\/figure>\n\n\n\n<p>Al\u00e9m disso, o Vasco procura harmonizar seu plano esportivo com a promo\u00e7\u00e3o de suas divis\u00f5es de base. Nos \u00faltimos anos, o clube tem se empenhado em desenvolver talentos que possam agregar ao time principal e gerar receitas atrav\u00e9s de transa\u00e7\u00f5es. Pedro Caixinha \u00e9 percebido como um indiv\u00edduo com a capacidade de potencializar esse potencial, empregando sua experi\u00eancia para transformar jovens promessas em atletas de excel\u00eancia.<\/p>\n\n\n\n<p>A diretoria se esfor\u00e7a para reduzir esses impactos, analisando op\u00e7\u00f5es que preservem a proximidade com o p\u00fablico e assegurem receitas apropriadas. A sele\u00e7\u00e3o do t\u00e9cnico ser\u00e1 crucial neste cen\u00e1rio, j\u00e1 que ele ter\u00e1 que motivar o grupo e enfrentar os desafios impostos pela mudan\u00e7a tempor\u00e1ria de local.<\/p>\n\n\n\n<p>Pedro Caixinha se destaca por sua metodologia de trabalho e sua compet\u00eancia em desenvolver jovens talentos. Esses elementos s\u00e3o considerados cruciais para a situa\u00e7\u00e3o atual do Vasco, que procura harmonizar seu or\u00e7amento com a valoriza\u00e7\u00e3o de sua base.<\/p>\n\n\n\n<p>Ademais, a viv\u00eancia internacional de Caixinha, que j\u00e1 visitou v\u00e1rios pa\u00edses e culturas, o habilita a gerir a press\u00e3o de dirigir um clube do porte do Vasco. Ele compreende a relev\u00e2ncia de resultados imediatos, mas tamb\u00e9m tem uma perspectiva de longo prazo, em sintonia com as metas do Cruz-Maltino.<\/p>\n","protected":false},"excerpt":{"rendered":"<p>Pedro Caixinha agrada e pode comandar o Vasco em 2025 O Vasco da Gama, um dos times com torcidas mais fervorosas do Brasil, est\u00e1 atravessando um momento crucial na escolha de seu novo t\u00e9cnico para a temporada de 2025. Com desafios significativos pela frente, como a falta do est\u00e1dio S\u00e3o Janu\u00e1rio, o Cruz-Maltino busca um [&hellip;]<\/p>\n","protected":false},"author":16,"featured_media":155280,"comment_status":"open","ping_status":"closed","sticky":false,"template":"","format":"standard","meta":{"footnotes":""},"categories":[152],"tags":[],"class_list":["post-192284","post","type-post","status-publish","format-standard","has-post-thumbnail","hentry","category-vasco"],"yoast_head":"<!-- This site is optimized with the Yoast SEO Premium plugin v24.2 (Yoast SEO v26.9) - https:\/\/yoast.com\/product\/yoast-seo-premium-wordpress\/ -->\n<title>Pedro Caixinha vai assinar com o Vasco?<\/title>\n<meta name=\"description\" content=\"Pedro Caixinha vai assinar com o Vasco?\" \/>\n<meta name=\"robots\" content=\"index, follow, max-snippet:-1, max-image-preview:large, max-video-preview:-1\" \/>\n<link rel=\"canonical\" href=\"https:\/\/www.gaveanews.com\/index.php\/2024\/11\/29\/pedro-caixinha-vai-assinar-com-o-vasco\/\" \/>\n<meta property=\"og:locale\" content=\"pt_BR\" \/>\n<meta property=\"og:type\" content=\"article\" \/>\n<meta property=\"og:title\" content=\"Pedro Caixinha vai assinar com o Vasco?\" \/>\n<meta property=\"og:description\" content=\"Pedro Caixinha vai assinar com o Vasco?\" \/>\n<meta property=\"og:url\" content=\"https:\/\/www.gaveanews.com\/index.php\/2024\/11\/29\/pedro-caixinha-vai-assinar-com-o-vasco\/\" \/>\n<meta property=\"og:site_name\" content=\"G\u00e1vea News\" \/>\n<meta property=\"article:publisher\" content=\"https:\/\/facebook.com\/gaveaNews\/\" \/>\n<meta property=\"article:published_time\" content=\"2024-11-29T14:15:56+00:00\" \/>\n<meta property=\"article:modified_time\" content=\"2024-11-29T14:16:20+00:00\" \/>\n<meta property=\"og:image\" content=\"https:\/\/www.gaveanews.com\/wp-content\/uploads\/redbullbragantino_1722302453979.webp\" \/>\n\t<meta property=\"og:image:width\" content=\"1440\" \/>\n\t<meta property=\"og:image:height\" content=\"1440\" \/>\n\t<meta property=\"og:image:type\" content=\"image\/jpeg\" \/>\n<meta name=\"author\" content=\"D\u00e9bora Figueiredo\" \/>\n<meta name=\"twitter:card\" content=\"summary_large_image\" \/>\n<meta name=\"twitter:label1\" content=\"Escrito por\" \/>\n\t<meta name=\"twitter:data1\" content=\"D\u00e9bora Figueiredo\" \/>\n\t<meta name=\"twitter:label2\" content=\"Est. tempo de leitura\" \/>\n\t<meta name=\"twitter:data2\" content=\"3 minutos\" \/>\n<script type=\"application\/ld+json\" class=\"yoast-schema-graph\">{\"@context\":\"https:\/\/schema.org\",\"@graph\":[{\"@type\":\"NewsArticle\",\"@id\":\"https:\/\/www.gaveanews.com\/index.php\/2024\/11\/29\/pedro-caixinha-vai-assinar-com-o-vasco\/#article\",\"isPartOf\":{\"@id\":\"https:\/\/www.gaveanews.com\/index.php\/2024\/11\/29\/pedro-caixinha-vai-assinar-com-o-vasco\/\"},\"author\":{\"name\":\"D\u00e9bora Figueiredo\",\"@id\":\"https:\/\/www.gaveanews.com\/#\/schema\/person\/37122681a8575a5c8db05a56f099a5e4\"},\"headline\":\"Pedro Caixinha vai assinar com o Vasco?\",\"datePublished\":\"2024-11-29T14:15:56+00:00\",\"dateModified\":\"2024-11-29T14:16:20+00:00\",\"mainEntityOfPage\":{\"@id\":\"https:\/\/www.gaveanews.com\/index.php\/2024\/11\/29\/pedro-caixinha-vai-assinar-com-o-vasco\/\"},\"wordCount\":502,\"commentCount\":0,\"image\":{\"@id\":\"https:\/\/www.gaveanews.com\/index.php\/2024\/11\/29\/pedro-caixinha-vai-assinar-com-o-vasco\/#primaryimage\"},\"thumbnailUrl\":\"https:\/\/www.gaveanews.com\/wp-content\/uploads\/redbullbragantino_1722302453979.webp\",\"articleSection\":[\"Vasco\"],\"inLanguage\":\"pt-BR\",\"potentialAction\":[{\"@type\":\"CommentAction\",\"name\":\"Comment\",\"target\":[\"https:\/\/www.gaveanews.com\/index.php\/2024\/11\/29\/pedro-caixinha-vai-assinar-com-o-vasco\/#respond\"]}],\"copyrightYear\":\"2024\",\"copyrightHolder\":{\"@id\":\"https:\/\/www.gaveanews.com\/#organization\"}},{\"@type\":\"WebPage\",\"@id\":\"https:\/\/www.gaveanews.com\/index.php\/2024\/11\/29\/pedro-caixinha-vai-assinar-com-o-vasco\/\",\"url\":\"https:\/\/www.gaveanews.com\/index.php\/2024\/11\/29\/pedro-caixinha-vai-assinar-com-o-vasco\/\",\"name\":\"Pedro Caixinha vai assinar com o Vasco?\",\"isPartOf\":{\"@id\":\"https:\/\/www.gaveanews.com\/#website\"},\"primaryImageOfPage\":{\"@id\":\"https:\/\/www.gaveanews.com\/index.php\/2024\/11\/29\/pedro-caixinha-vai-assinar-com-o-vasco\/#primaryimage\"},\"image\":{\"@id\":\"https:\/\/www.gaveanews.com\/index.php\/2024\/11\/29\/pedro-caixinha-vai-assinar-com-o-vasco\/#primaryimage\"},\"thumbnailUrl\":\"https:\/\/www.gaveanews.com\/wp-content\/uploads\/redbullbragantino_1722302453979.webp\",\"datePublished\":\"2024-11-29T14:15:56+00:00\",\"dateModified\":\"2024-11-29T14:16:20+00:00\",\"author\":{\"@id\":\"https:\/\/www.gaveanews.com\/#\/schema\/person\/37122681a8575a5c8db05a56f099a5e4\"},\"description\":\"Pedro Caixinha vai assinar com o Vasco?\",\"breadcrumb\":{\"@id\":\"https:\/\/www.gaveanews.com\/index.php\/2024\/11\/29\/pedro-caixinha-vai-assinar-com-o-vasco\/#breadcrumb\"},\"inLanguage\":\"pt-BR\",\"potentialAction\":[{\"@type\":\"ReadAction\",\"target\":[\"https:\/\/www.gaveanews.com\/index.php\/2024\/11\/29\/pedro-caixinha-vai-assinar-com-o-vasco\/\"]}]},{\"@type\":\"ImageObject\",\"inLanguage\":\"pt-BR\",\"@id\":\"https:\/\/www.gaveanews.com\/index.php\/2024\/11\/29\/pedro-caixinha-vai-assinar-com-o-vasco\/#primaryimage\",\"url\":\"https:\/\/www.gaveanews.com\/wp-content\/uploads\/redbullbragantino_1722302453979.webp\",\"contentUrl\":\"https:\/\/www.gaveanews.com\/wp-content\/uploads\/redbullbragantino_1722302453979.webp\",\"width\":1440,\"height\":1440},{\"@type\":\"BreadcrumbList\",\"@id\":\"https:\/\/www.gaveanews.com\/index.php\/2024\/11\/29\/pedro-caixinha-vai-assinar-com-o-vasco\/#breadcrumb\",\"itemListElement\":[{\"@type\":\"ListItem\",\"position\":1,\"name\":\"Home\",\"item\":\"https:\/\/www.gaveanews.com\/\"},{\"@type\":\"ListItem\",\"position\":2,\"name\":\"Pedro Caixinha vai assinar com o Vasco?\"}]},{\"@type\":\"WebSite\",\"@id\":\"https:\/\/www.gaveanews.com\/#website\",\"url\":\"https:\/\/www.gaveanews.com\/\",\"name\":\"G\u00e1vea News\",\"description\":\"Veja todas as not\u00edcias sobre o Flamengo: Contrata\u00e7\u00f5es, categorias de base, resultados das partidas, tabela de classifica\u00e7\u00e3o, pr\u00f3ximos jogos!\",\"potentialAction\":[{\"@type\":\"SearchAction\",\"target\":{\"@type\":\"EntryPoint\",\"urlTemplate\":\"https:\/\/www.gaveanews.com\/?s={search_term_string}\"},\"query-input\":{\"@type\":\"PropertyValueSpecification\",\"valueRequired\":true,\"valueName\":\"search_term_string\"}}],\"inLanguage\":\"pt-BR\"},{\"@type\":\"Person\",\"@id\":\"https:\/\/www.gaveanews.com\/#\/schema\/person\/37122681a8575a5c8db05a56f099a5e4\",\"name\":\"D\u00e9bora Figueiredo\",\"image\":{\"@type\":\"ImageObject\",\"inLanguage\":\"pt-BR\",\"@id\":\"https:\/\/www.gaveanews.com\/#\/schema\/person\/image\/\",\"url\":\"https:\/\/secure.gravatar.com\/avatar\/1f44802859351588499d26f52aed1d15796ce17e67602895b72837c08018868d?s=96&d=mm&r=g\",\"contentUrl\":\"https:\/\/secure.gravatar.com\/avatar\/1f44802859351588499d26f52aed1d15796ce17e67602895b72837c08018868d?s=96&d=mm&r=g\",\"caption\":\"D\u00e9bora Figueiredo\"}}]}<\/script>\n<!-- \/ Yoast SEO Premium plugin. -->","yoast_head_json":{"title":"Pedro Caixinha vai assinar com o Vasco?","description":"Pedro Caixinha vai assinar com o Vasco?","robots":{"index":"index","follow":"follow","max-snippet":"max-snippet:-1","max-image-preview":"max-image-preview:large","max-video-preview":"max-video-preview:-1"},"canonical":"https:\/\/www.gaveanews.com\/index.php\/2024\/11\/29\/pedro-caixinha-vai-assinar-com-o-vasco\/","og_locale":"pt_BR","og_type":"article","og_title":"Pedro Caixinha vai assinar com o Vasco?","og_description":"Pedro Caixinha vai assinar com o Vasco?","og_url":"https:\/\/www.gaveanews.com\/index.php\/2024\/11\/29\/pedro-caixinha-vai-assinar-com-o-vasco\/","og_site_name":"G\u00e1vea News","article_publisher":"https:\/\/facebook.com\/gaveaNews\/","article_published_time":"2024-11-29T14:15:56+00:00","article_modified_time":"2024-11-29T14:16:20+00:00","og_image":[{"width":1440,"height":1440,"url":"https:\/\/www.gaveanews.com\/wp-content\/uploads\/redbullbragantino_1722302453979.webp","type":"image\/jpeg"}],"author":"D\u00e9bora Figueiredo","twitter_card":"summary_large_image","twitter_misc":{"Escrito por":"D\u00e9bora Figueiredo","Est. tempo de leitura":"3 minutos"},"schema":{"@context":"https:\/\/schema.org","@graph":[{"@type":"NewsArticle","@id":"https:\/\/www.gaveanews.com\/index.php\/2024\/11\/29\/pedro-caixinha-vai-assinar-com-o-vasco\/#article","isPartOf":{"@id":"https:\/\/www.gaveanews.com\/index.php\/2024\/11\/29\/pedro-caixinha-vai-assinar-com-o-vasco\/"},"author":{"name":"D\u00e9bora Figueiredo","@id":"https:\/\/www.gaveanews.com\/#\/schema\/person\/37122681a8575a5c8db05a56f099a5e4"},"headline":"Pedro Caixinha vai assinar com o Vasco?","datePublished":"2024-11-29T14:15:56+00:00","dateModified":"2024-11-29T14:16:20+00:00","mainEntityOfPage":{"@id":"https:\/\/www.gaveanews.com\/index.php\/2024\/11\/29\/pedro-caixinha-vai-assinar-com-o-vasco\/"},"wordCount":502,"commentCount":0,"image":{"@id":"https:\/\/www.gaveanews.com\/index.php\/2024\/11\/29\/pedro-caixinha-vai-assinar-com-o-vasco\/#primaryimage"},"thumbnailUrl":"https:\/\/www.gaveanews.com\/wp-content\/uploads\/redbullbragantino_1722302453979.webp","articleSection":["Vasco"],"inLanguage":"pt-BR","potentialAction":[{"@type":"CommentAction","name":"Comment","target":["https:\/\/www.gaveanews.com\/index.php\/2024\/11\/29\/pedro-caixinha-vai-assinar-com-o-vasco\/#respond"]}],"copyrightYear":"2024","copyrightHolder":{"@id":"https:\/\/www.gaveanews.com\/#organization"}},{"@type":"WebPage","@id":"https:\/\/www.gaveanews.com\/index.php\/2024\/11\/29\/pedro-caixinha-vai-assinar-com-o-vasco\/","url":"https:\/\/www.gaveanews.com\/index.php\/2024\/11\/29\/pedro-caixinha-vai-assinar-com-o-vasco\/","name":"Pedro Caixinha vai assinar com o Vasco?","isPartOf":{"@id":"https:\/\/www.gaveanews.com\/#website"},"primaryImageOfPage":{"@id":"https:\/\/www.gaveanews.com\/index.php\/2024\/11\/29\/pedro-caixinha-vai-assinar-com-o-vasco\/#primaryimage"},"image":{"@id":"https:\/\/www.gaveanews.com\/index.php\/2024\/11\/29\/pedro-caixinha-vai-assinar-com-o-vasco\/#primaryimage"},"thumbnailUrl":"https:\/\/www.gaveanews.com\/wp-content\/uploads\/redbullbragantino_1722302453979.webp","datePublished":"2024-11-29T14:15:56+00:00","dateModified":"2024-11-29T14:16:20+00:00","author":{"@id":"https:\/\/www.gaveanews.com\/#\/schema\/person\/37122681a8575a5c8db05a56f099a5e4"},"description":"Pedro Caixinha vai assinar com o Vasco?","breadcrumb":{"@id":"https:\/\/www.gaveanews.com\/index.php\/2024\/11\/29\/pedro-caixinha-vai-assinar-com-o-vasco\/#breadcrumb"},"inLanguage":"pt-BR","potentialAction":[{"@type":"ReadAction","target":["https:\/\/www.gaveanews.com\/index.php\/2024\/11\/29\/pedro-caixinha-vai-assinar-com-o-vasco\/"]}]},{"@type":"ImageObject","inLanguage":"pt-BR","@id":"https:\/\/www.gaveanews.com\/index.php\/2024\/11\/29\/pedro-caixinha-vai-assinar-com-o-vasco\/#primaryimage","url":"https:\/\/www.gaveanews.com\/wp-content\/uploads\/redbullbragantino_1722302453979.webp","contentUrl":"https:\/\/www.gaveanews.com\/wp-content\/uploads\/redbullbragantino_1722302453979.webp","width":1440,"height":1440},{"@type":"BreadcrumbList","@id":"https:\/\/www.gaveanews.com\/index.php\/2024\/11\/29\/pedro-caixinha-vai-assinar-com-o-vasco\/#breadcrumb","itemListElement":[{"@type":"ListItem","position":1,"name":"Home","item":"https:\/\/www.gaveanews.com\/"},{"@type":"ListItem","position":2,"name":"Pedro Caixinha vai assinar com o Vasco?"}]},{"@type":"WebSite","@id":"https:\/\/www.gaveanews.com\/#website","url":"https:\/\/www.gaveanews.com\/","name":"G\u00e1vea News","description":"Veja todas as not\u00edcias sobre o Flamengo: Contrata\u00e7\u00f5es, categorias de base, resultados das partidas, tabela de classifica\u00e7\u00e3o, pr\u00f3ximos jogos!","potentialAction":[{"@type":"SearchAction","target":{"@type":"EntryPoint","urlTemplate":"https:\/\/www.gaveanews.com\/?s={search_term_string}"},"query-input":{"@type":"PropertyValueSpecification","valueRequired":true,"valueName":"search_term_string"}}],"inLanguage":"pt-BR"},{"@type":"Person","@id":"https:\/\/www.gaveanews.com\/#\/schema\/person\/37122681a8575a5c8db05a56f099a5e4","name":"D\u00e9bora Figueiredo","image":{"@type":"ImageObject","inLanguage":"pt-BR","@id":"https:\/\/www.gaveanews.com\/#\/schema\/person\/image\/","url":"https:\/\/secure.gravatar.com\/avatar\/1f44802859351588499d26f52aed1d15796ce17e67602895b72837c08018868d?s=96&d=mm&r=g","contentUrl":"https:\/\/secure.gravatar.com\/avatar\/1f44802859351588499d26f52aed1d15796ce17e67602895b72837c08018868d?s=96&d=mm&r=g","caption":"D\u00e9bora Figueiredo"}}]}},"_links":{"self":[{"href":"https:\/\/www.gaveanews.com\/index.php\/wp-json\/wp\/v2\/posts\/192284","targetHints":{"allow":["GET"]}}],"collection":[{"href":"https:\/\/www.gaveanews.com\/index.php\/wp-json\/wp\/v2\/posts"}],"about":[{"href":"https:\/\/www.gaveanews.com\/index.php\/wp-json\/wp\/v2\/types\/post"}],"author":[{"embeddable":true,"href":"https:\/\/www.gaveanews.com\/index.php\/wp-json\/wp\/v2\/users\/16"}],"replies":[{"embeddable":true,"href":"https:\/\/www.gaveanews.com\/index.php\/wp-json\/wp\/v2\/comments?post=192284"}],"version-history":[{"count":2,"href":"https:\/\/www.gaveanews.com\/index.php\/wp-json\/wp\/v2\/posts\/192284\/revisions"}],"predecessor-version":[{"id":192324,"href":"https:\/\/www.gaveanews.com\/index.php\/wp-json\/wp\/v2\/posts\/192284\/revisions\/192324"}],"wp:featuredmedia":[{"embeddable":true,"href":"https:\/\/www.gaveanews.com\/index.php\/wp-json\/wp\/v2\/media\/155280"}],"wp:attachment":[{"href":"https:\/\/www.gaveanews.com\/index.php\/wp-json\/wp\/v2\/media?parent=192284"}],"wp:term":[{"taxonomy":"category","embeddable":true,"href":"https:\/\/www.gaveanews.com\/index.php\/wp-json\/wp\/v2\/categories?post=192284"},{"taxonomy":"post_tag","embeddable":true,"href":"https:\/\/www.gaveanews.com\/index.php\/wp-json\/wp\/v2\/tags?post=192284"}],"curies":[{"name":"wp","href":"https:\/\/api.w.org\/{rel}","templated":true}]}}