{"id":192339,"date":"2024-11-29T14:15:00","date_gmt":"2024-11-29T17:15:00","guid":{"rendered":"https:\/\/www.gaveanews.com\/?p=192339"},"modified":"2024-11-29T13:43:39","modified_gmt":"2024-11-29T16:43:39","slug":"que-situacao-time-do-real-madrid-da-o-troco-em-mbappe-por-neymar","status":"publish","type":"post","link":"https:\/\/www.gaveanews.com\/index.php\/2024\/11\/29\/que-situacao-time-do-real-madrid-da-o-troco-em-mbappe-por-neymar\/","title":{"rendered":"Que situa\u00e7\u00e3o! Time do Real Madrid d\u00e1 o troco em Mbapp\u00e9 por Neymar"},"content":{"rendered":"\n<p>O futebol \u00e9 um mundo de egos, rivalidades e muitas vezes, ironias. Quem diria que o astro franc\u00eas Kylian Mbapp\u00e9, o mesmo que fez Neymar sofrer com seu comportamento no PSG, estaria agora sendo boicotado por seus pr\u00f3prios companheiros no Real Madrid?&nbsp;<\/p>\n\n\n\n<ul class=\"wp-block-list\">\n<li><a href=\"https:\/\/www.gaveanews.com\/index.php\/2024\/11\/28\/video-onibus-do-real-madrid-se-envolve-em-acidente\/\">V\u00eddeo: \u00f4nibus do Real Madrid se envolve em acidente<\/a><\/li>\n\n\n\n<li><a href=\"https:\/\/www.gaveanews.com\/index.php\/2024\/11\/28\/declaracao-de-neymar-revelacao-de-neymar-pai-e-final-da-copinha-as-ultimas-noticias-do-santos\/\">Declara\u00e7\u00e3o de Neymar, revela\u00e7\u00e3o de Neymar pai e final da copinha: as \u00faltimas not\u00edcias do Santos<\/a><\/li>\n<\/ul>\n\n\n\n<h2 class=\"wp-block-heading\" id=\"h-o-passado-conturbado-de-mbappe-no-psg\">O passado conturbado de Mbapp\u00e9 no PSG<\/h2>\n\n\n\n<p>Mbapp\u00e9 sempre foi a grande joia do Paris Saint-Germain, mas sua rela\u00e7\u00e3o com outros astros do time nunca foi das melhores. O atacante franc\u00eas exigiu mudan\u00e7as no PSG, incluindo a sa\u00edda de Lionel Messi e Neymar, o que de fato aconteceu.&nbsp;<\/p>\n\n\n\n<p>Al\u00e9m disso, a postura de Mbapp\u00e9, que se sentia incomodado com o &#8220;excesso&#8221; de sul-americanos no time, foi um dos pontos que mais desgastou sua conviv\u00eancia no clube. O comportamento do franc\u00eas gerou tens\u00f5es, principalmente com Neymar, que se tornou alvo do boicote de Mbapp\u00e9.<\/p>\n\n\n\n<h2 class=\"wp-block-heading\" id=\"h-a-decepcao-no-real-madrid\">A decep\u00e7\u00e3o no Real Madrid<\/h2>\n\n\n\n<p>Ap\u00f3s se desvincular do PSG, Mbapp\u00e9 foi para o Real Madrid com grandes expectativas. Afinal, o jogador afirmou que seu objetivo era se tornar o \u201cmelhor do mundo\u201d.&nbsp;<\/p>\n\n\n\n<p>Contudo, sua chegada ao gigante espanhol n\u00e3o foi da maneira que ele esperava. Em vez de ser saudado como o novo rei, Mbapp\u00e9 logo se viu no centro de uma crise de relacionamento com seus novos companheiros, algo que ficou claro durante uma partida da Champions League, onde Jude Bellingham pediu explicitamente para que n\u00e3o lhe passassem a bola.&nbsp;<\/p>\n\n\n\n<p>Essa cena no vesti\u00e1rio de Anfield, onde o franc\u00eas foi deixado de lado, foi um reflexo do seu atual status no time.<\/p>\n\n\n\n<h2 class=\"wp-block-heading\" id=\"h-o-troco-de-bellingham-nao-toque-a-bola-para-ele\">O troco de Bellingham: \u2018N\u00e3o toque a bola para ele\u2019<\/h2>\n\n\n\n<p>No confronto entre Real Madrid e Liverpool, durante o intervalo do jogo perdido por 2 a 0, Bellingham foi enf\u00e1tico: \u201cN\u00e3o toque a bola para ele. Est\u00e1 jogando contra n\u00f3s.\u201d<\/p>\n\n\n\n<p>A situa\u00e7\u00e3o ficou ainda mais tensa quando ele perdeu um p\u00eanalti decisivo no momento mais cr\u00edtico da partida. Vale destacar que a rela\u00e7\u00e3o do atacante com seus companheiros no PSG j\u00e1 havia sido abalada, especialmente com Neymar, que acabou sendo negociado para o futebol \u00e1rabe.<\/p>\n\n\n\n<h2 class=\"wp-block-heading\" id=\"h-a-crise-na-selecao-francesa\">A crise na Sele\u00e7\u00e3o Francesa<\/h2>\n\n\n\n<p>Al\u00e9m dos problemas no clube, Mbapp\u00e9 tamb\u00e9m enfrenta dificuldades com a Sele\u00e7\u00e3o Francesa. Recusou uma convoca\u00e7\u00e3o alegando les\u00e3o, mas foi flagrado em uma festa em Estocolmo enquanto seus companheiros jogavam. Isso gerou cr\u00edticas n\u00e3o s\u00f3 da imprensa, mas tamb\u00e9m do t\u00e9cnico Didier Deschamps, que o deixou de fora em jogos subsequentes.<\/p>\n\n\n\n<p>&nbsp;Com isso, o que parecia ser uma ascens\u00e3o mete\u00f3rica para o franc\u00eas est\u00e1 se transformando em uma crise de imagem, tanto no Real Madrid quanto na Fran\u00e7a.<\/p>\n","protected":false},"excerpt":{"rendered":"<p>O futebol \u00e9 um mundo de egos, rivalidades e muitas vezes, ironias. Quem diria que o astro franc\u00eas Kylian Mbapp\u00e9, o mesmo que fez Neymar sofrer com seu comportamento no PSG, estaria agora sendo boicotado por seus pr\u00f3prios companheiros no Real Madrid?&nbsp; O passado conturbado de Mbapp\u00e9 no PSG Mbapp\u00e9 sempre foi a grande joia [&hellip;]<\/p>\n","protected":false},"author":25,"featured_media":158755,"comment_status":"open","ping_status":"closed","sticky":false,"template":"","format":"standard","meta":{"footnotes":""},"categories":[88],"tags":[],"class_list":["post-192339","post","type-post","status-publish","format-standard","has-post-thumbnail","hentry","category-real-madrid"],"yoast_head":"<!-- This site is optimized with the Yoast SEO Premium plugin v24.2 (Yoast SEO v26.9) - https:\/\/yoast.com\/product\/yoast-seo-premium-wordpress\/ -->\n<title>Que situa\u00e7\u00e3o! Time do Real Madrid d\u00e1 o troco em Mbapp\u00e9 por Neymar<\/title>\n<meta name=\"robots\" content=\"index, follow, max-snippet:-1, max-image-preview:large, max-video-preview:-1\" \/>\n<link rel=\"canonical\" href=\"https:\/\/www.gaveanews.com\/index.php\/2024\/11\/29\/que-situacao-time-do-real-madrid-da-o-troco-em-mbappe-por-neymar\/\" \/>\n<meta property=\"og:locale\" content=\"pt_BR\" \/>\n<meta property=\"og:type\" content=\"article\" \/>\n<meta property=\"og:title\" content=\"Que situa\u00e7\u00e3o! Time do Real Madrid d\u00e1 o troco em Mbapp\u00e9 por Neymar\" \/>\n<meta property=\"og:description\" content=\"O futebol \u00e9 um mundo de egos, rivalidades e muitas vezes, ironias. Quem diria que o astro franc\u00eas Kylian Mbapp\u00e9, o mesmo que fez Neymar sofrer com seu comportamento no PSG, estaria agora sendo boicotado por seus pr\u00f3prios companheiros no Real Madrid?&nbsp; O passado conturbado de Mbapp\u00e9 no PSG Mbapp\u00e9 sempre foi a grande joia [&hellip;]\" \/>\n<meta property=\"og:url\" content=\"https:\/\/www.gaveanews.com\/index.php\/2024\/11\/29\/que-situacao-time-do-real-madrid-da-o-troco-em-mbappe-por-neymar\/\" \/>\n<meta property=\"og:site_name\" content=\"G\u00e1vea News\" \/>\n<meta property=\"article:publisher\" content=\"https:\/\/facebook.com\/gaveaNews\/\" \/>\n<meta property=\"article:published_time\" content=\"2024-11-29T17:15:00+00:00\" \/>\n<meta property=\"og:image\" content=\"https:\/\/www.gaveanews.com\/wp-content\/uploads\/Kylian-Mbappe-com-a-camisa-do-Real-Madrid-em-2024-1.webp\" \/>\n\t<meta property=\"og:image:width\" content=\"1350\" \/>\n\t<meta property=\"og:image:height\" content=\"900\" \/>\n\t<meta property=\"og:image:type\" content=\"image\/webp\" \/>\n<meta name=\"author\" content=\"Rafaela Ladeira\" \/>\n<meta name=\"twitter:card\" content=\"summary_large_image\" \/>\n<meta name=\"twitter:label1\" content=\"Escrito por\" \/>\n\t<meta name=\"twitter:data1\" content=\"Rafaela Ladeira\" \/>\n\t<meta name=\"twitter:label2\" content=\"Est. tempo de leitura\" \/>\n\t<meta name=\"twitter:data2\" content=\"3 minutos\" \/>\n<script type=\"application\/ld+json\" class=\"yoast-schema-graph\">{\"@context\":\"https:\/\/schema.org\",\"@graph\":[{\"@type\":\"NewsArticle\",\"@id\":\"https:\/\/www.gaveanews.com\/index.php\/2024\/11\/29\/que-situacao-time-do-real-madrid-da-o-troco-em-mbappe-por-neymar\/#article\",\"isPartOf\":{\"@id\":\"https:\/\/www.gaveanews.com\/index.php\/2024\/11\/29\/que-situacao-time-do-real-madrid-da-o-troco-em-mbappe-por-neymar\/\"},\"author\":{\"name\":\"Rafaela Ladeira\",\"@id\":\"https:\/\/www.gaveanews.com\/#\/schema\/person\/0eb3e3fe1754f0205218538adbe8f5ed\"},\"headline\":\"Que situa\u00e7\u00e3o! Time do Real Madrid d\u00e1 o troco em Mbapp\u00e9 por Neymar\",\"datePublished\":\"2024-11-29T17:15:00+00:00\",\"mainEntityOfPage\":{\"@id\":\"https:\/\/www.gaveanews.com\/index.php\/2024\/11\/29\/que-situacao-time-do-real-madrid-da-o-troco-em-mbappe-por-neymar\/\"},\"wordCount\":500,\"commentCount\":0,\"image\":{\"@id\":\"https:\/\/www.gaveanews.com\/index.php\/2024\/11\/29\/que-situacao-time-do-real-madrid-da-o-troco-em-mbappe-por-neymar\/#primaryimage\"},\"thumbnailUrl\":\"https:\/\/www.gaveanews.com\/wp-content\/uploads\/Kylian-Mbappe-com-a-camisa-do-Real-Madrid-em-2024-1.webp\",\"articleSection\":[\"Real Madrid\"],\"inLanguage\":\"pt-BR\",\"potentialAction\":[{\"@type\":\"CommentAction\",\"name\":\"Comment\",\"target\":[\"https:\/\/www.gaveanews.com\/index.php\/2024\/11\/29\/que-situacao-time-do-real-madrid-da-o-troco-em-mbappe-por-neymar\/#respond\"]}],\"copyrightYear\":\"2024\",\"copyrightHolder\":{\"@id\":\"https:\/\/www.gaveanews.com\/#organization\"}},{\"@type\":\"WebPage\",\"@id\":\"https:\/\/www.gaveanews.com\/index.php\/2024\/11\/29\/que-situacao-time-do-real-madrid-da-o-troco-em-mbappe-por-neymar\/\",\"url\":\"https:\/\/www.gaveanews.com\/index.php\/2024\/11\/29\/que-situacao-time-do-real-madrid-da-o-troco-em-mbappe-por-neymar\/\",\"name\":\"Que situa\u00e7\u00e3o! Time do Real Madrid d\u00e1 o troco em Mbapp\u00e9 por Neymar\",\"isPartOf\":{\"@id\":\"https:\/\/www.gaveanews.com\/#website\"},\"primaryImageOfPage\":{\"@id\":\"https:\/\/www.gaveanews.com\/index.php\/2024\/11\/29\/que-situacao-time-do-real-madrid-da-o-troco-em-mbappe-por-neymar\/#primaryimage\"},\"image\":{\"@id\":\"https:\/\/www.gaveanews.com\/index.php\/2024\/11\/29\/que-situacao-time-do-real-madrid-da-o-troco-em-mbappe-por-neymar\/#primaryimage\"},\"thumbnailUrl\":\"https:\/\/www.gaveanews.com\/wp-content\/uploads\/Kylian-Mbappe-com-a-camisa-do-Real-Madrid-em-2024-1.webp\",\"datePublished\":\"2024-11-29T17:15:00+00:00\",\"author\":{\"@id\":\"https:\/\/www.gaveanews.com\/#\/schema\/person\/0eb3e3fe1754f0205218538adbe8f5ed\"},\"breadcrumb\":{\"@id\":\"https:\/\/www.gaveanews.com\/index.php\/2024\/11\/29\/que-situacao-time-do-real-madrid-da-o-troco-em-mbappe-por-neymar\/#breadcrumb\"},\"inLanguage\":\"pt-BR\",\"potentialAction\":[{\"@type\":\"ReadAction\",\"target\":[\"https:\/\/www.gaveanews.com\/index.php\/2024\/11\/29\/que-situacao-time-do-real-madrid-da-o-troco-em-mbappe-por-neymar\/\"]}]},{\"@type\":\"ImageObject\",\"inLanguage\":\"pt-BR\",\"@id\":\"https:\/\/www.gaveanews.com\/index.php\/2024\/11\/29\/que-situacao-time-do-real-madrid-da-o-troco-em-mbappe-por-neymar\/#primaryimage\",\"url\":\"https:\/\/www.gaveanews.com\/wp-content\/uploads\/Kylian-Mbappe-com-a-camisa-do-Real-Madrid-em-2024-1.webp\",\"contentUrl\":\"https:\/\/www.gaveanews.com\/wp-content\/uploads\/Kylian-Mbappe-com-a-camisa-do-Real-Madrid-em-2024-1.webp\",\"width\":1350,\"height\":900,\"caption\":\"Kylian Mbapp\u00e9 com a camisa do Real Madrid em 2024 (Foto: Reprodu\u00e7\u00e3o\/Instagram)\"},{\"@type\":\"BreadcrumbList\",\"@id\":\"https:\/\/www.gaveanews.com\/index.php\/2024\/11\/29\/que-situacao-time-do-real-madrid-da-o-troco-em-mbappe-por-neymar\/#breadcrumb\",\"itemListElement\":[{\"@type\":\"ListItem\",\"position\":1,\"name\":\"Home\",\"item\":\"https:\/\/www.gaveanews.com\/\"},{\"@type\":\"ListItem\",\"position\":2,\"name\":\"Que situa\u00e7\u00e3o! Time do Real Madrid d\u00e1 o troco em Mbapp\u00e9 por Neymar\"}]},{\"@type\":\"WebSite\",\"@id\":\"https:\/\/www.gaveanews.com\/#website\",\"url\":\"https:\/\/www.gaveanews.com\/\",\"name\":\"G\u00e1vea News\",\"description\":\"Veja todas as not\u00edcias sobre o Flamengo: Contrata\u00e7\u00f5es, categorias de base, resultados das partidas, tabela de classifica\u00e7\u00e3o, pr\u00f3ximos jogos!\",\"potentialAction\":[{\"@type\":\"SearchAction\",\"target\":{\"@type\":\"EntryPoint\",\"urlTemplate\":\"https:\/\/www.gaveanews.com\/?s={search_term_string}\"},\"query-input\":{\"@type\":\"PropertyValueSpecification\",\"valueRequired\":true,\"valueName\":\"search_term_string\"}}],\"inLanguage\":\"pt-BR\"},{\"@type\":\"Person\",\"@id\":\"https:\/\/www.gaveanews.com\/#\/schema\/person\/0eb3e3fe1754f0205218538adbe8f5ed\",\"name\":\"Rafaela Ladeira\",\"image\":{\"@type\":\"ImageObject\",\"inLanguage\":\"pt-BR\",\"@id\":\"https:\/\/www.gaveanews.com\/#\/schema\/person\/image\/\",\"url\":\"https:\/\/secure.gravatar.com\/avatar\/c31f513acffd85eacab5730cbdfdbbf59f21ba5aeada8cd890acea879fbb2455?s=96&d=mm&r=g\",\"contentUrl\":\"https:\/\/secure.gravatar.com\/avatar\/c31f513acffd85eacab5730cbdfdbbf59f21ba5aeada8cd890acea879fbb2455?s=96&d=mm&r=g\",\"caption\":\"Rafaela Ladeira\"}}]}<\/script>\n<!-- \/ Yoast SEO Premium plugin. -->","yoast_head_json":{"title":"Que situa\u00e7\u00e3o! Time do Real Madrid d\u00e1 o troco em Mbapp\u00e9 por Neymar","robots":{"index":"index","follow":"follow","max-snippet":"max-snippet:-1","max-image-preview":"max-image-preview:large","max-video-preview":"max-video-preview:-1"},"canonical":"https:\/\/www.gaveanews.com\/index.php\/2024\/11\/29\/que-situacao-time-do-real-madrid-da-o-troco-em-mbappe-por-neymar\/","og_locale":"pt_BR","og_type":"article","og_title":"Que situa\u00e7\u00e3o! Time do Real Madrid d\u00e1 o troco em Mbapp\u00e9 por Neymar","og_description":"O futebol \u00e9 um mundo de egos, rivalidades e muitas vezes, ironias. Quem diria que o astro franc\u00eas Kylian Mbapp\u00e9, o mesmo que fez Neymar sofrer com seu comportamento no PSG, estaria agora sendo boicotado por seus pr\u00f3prios companheiros no Real Madrid?&nbsp; O passado conturbado de Mbapp\u00e9 no PSG Mbapp\u00e9 sempre foi a grande joia [&hellip;]","og_url":"https:\/\/www.gaveanews.com\/index.php\/2024\/11\/29\/que-situacao-time-do-real-madrid-da-o-troco-em-mbappe-por-neymar\/","og_site_name":"G\u00e1vea News","article_publisher":"https:\/\/facebook.com\/gaveaNews\/","article_published_time":"2024-11-29T17:15:00+00:00","og_image":[{"width":1350,"height":900,"url":"https:\/\/www.gaveanews.com\/wp-content\/uploads\/Kylian-Mbappe-com-a-camisa-do-Real-Madrid-em-2024-1.webp","type":"image\/webp"}],"author":"Rafaela Ladeira","twitter_card":"summary_large_image","twitter_misc":{"Escrito por":"Rafaela Ladeira","Est. tempo de leitura":"3 minutos"},"schema":{"@context":"https:\/\/schema.org","@graph":[{"@type":"NewsArticle","@id":"https:\/\/www.gaveanews.com\/index.php\/2024\/11\/29\/que-situacao-time-do-real-madrid-da-o-troco-em-mbappe-por-neymar\/#article","isPartOf":{"@id":"https:\/\/www.gaveanews.com\/index.php\/2024\/11\/29\/que-situacao-time-do-real-madrid-da-o-troco-em-mbappe-por-neymar\/"},"author":{"name":"Rafaela Ladeira","@id":"https:\/\/www.gaveanews.com\/#\/schema\/person\/0eb3e3fe1754f0205218538adbe8f5ed"},"headline":"Que situa\u00e7\u00e3o! Time do Real Madrid d\u00e1 o troco em Mbapp\u00e9 por Neymar","datePublished":"2024-11-29T17:15:00+00:00","mainEntityOfPage":{"@id":"https:\/\/www.gaveanews.com\/index.php\/2024\/11\/29\/que-situacao-time-do-real-madrid-da-o-troco-em-mbappe-por-neymar\/"},"wordCount":500,"commentCount":0,"image":{"@id":"https:\/\/www.gaveanews.com\/index.php\/2024\/11\/29\/que-situacao-time-do-real-madrid-da-o-troco-em-mbappe-por-neymar\/#primaryimage"},"thumbnailUrl":"https:\/\/www.gaveanews.com\/wp-content\/uploads\/Kylian-Mbappe-com-a-camisa-do-Real-Madrid-em-2024-1.webp","articleSection":["Real Madrid"],"inLanguage":"pt-BR","potentialAction":[{"@type":"CommentAction","name":"Comment","target":["https:\/\/www.gaveanews.com\/index.php\/2024\/11\/29\/que-situacao-time-do-real-madrid-da-o-troco-em-mbappe-por-neymar\/#respond"]}],"copyrightYear":"2024","copyrightHolder":{"@id":"https:\/\/www.gaveanews.com\/#organization"}},{"@type":"WebPage","@id":"https:\/\/www.gaveanews.com\/index.php\/2024\/11\/29\/que-situacao-time-do-real-madrid-da-o-troco-em-mbappe-por-neymar\/","url":"https:\/\/www.gaveanews.com\/index.php\/2024\/11\/29\/que-situacao-time-do-real-madrid-da-o-troco-em-mbappe-por-neymar\/","name":"Que situa\u00e7\u00e3o! Time do Real Madrid d\u00e1 o troco em Mbapp\u00e9 por Neymar","isPartOf":{"@id":"https:\/\/www.gaveanews.com\/#website"},"primaryImageOfPage":{"@id":"https:\/\/www.gaveanews.com\/index.php\/2024\/11\/29\/que-situacao-time-do-real-madrid-da-o-troco-em-mbappe-por-neymar\/#primaryimage"},"image":{"@id":"https:\/\/www.gaveanews.com\/index.php\/2024\/11\/29\/que-situacao-time-do-real-madrid-da-o-troco-em-mbappe-por-neymar\/#primaryimage"},"thumbnailUrl":"https:\/\/www.gaveanews.com\/wp-content\/uploads\/Kylian-Mbappe-com-a-camisa-do-Real-Madrid-em-2024-1.webp","datePublished":"2024-11-29T17:15:00+00:00","author":{"@id":"https:\/\/www.gaveanews.com\/#\/schema\/person\/0eb3e3fe1754f0205218538adbe8f5ed"},"breadcrumb":{"@id":"https:\/\/www.gaveanews.com\/index.php\/2024\/11\/29\/que-situacao-time-do-real-madrid-da-o-troco-em-mbappe-por-neymar\/#breadcrumb"},"inLanguage":"pt-BR","potentialAction":[{"@type":"ReadAction","target":["https:\/\/www.gaveanews.com\/index.php\/2024\/11\/29\/que-situacao-time-do-real-madrid-da-o-troco-em-mbappe-por-neymar\/"]}]},{"@type":"ImageObject","inLanguage":"pt-BR","@id":"https:\/\/www.gaveanews.com\/index.php\/2024\/11\/29\/que-situacao-time-do-real-madrid-da-o-troco-em-mbappe-por-neymar\/#primaryimage","url":"https:\/\/www.gaveanews.com\/wp-content\/uploads\/Kylian-Mbappe-com-a-camisa-do-Real-Madrid-em-2024-1.webp","contentUrl":"https:\/\/www.gaveanews.com\/wp-content\/uploads\/Kylian-Mbappe-com-a-camisa-do-Real-Madrid-em-2024-1.webp","width":1350,"height":900,"caption":"Kylian Mbapp\u00e9 com a camisa do Real Madrid em 2024 (Foto: Reprodu\u00e7\u00e3o\/Instagram)"},{"@type":"BreadcrumbList","@id":"https:\/\/www.gaveanews.com\/index.php\/2024\/11\/29\/que-situacao-time-do-real-madrid-da-o-troco-em-mbappe-por-neymar\/#breadcrumb","itemListElement":[{"@type":"ListItem","position":1,"name":"Home","item":"https:\/\/www.gaveanews.com\/"},{"@type":"ListItem","position":2,"name":"Que situa\u00e7\u00e3o! Time do Real Madrid d\u00e1 o troco em Mbapp\u00e9 por Neymar"}]},{"@type":"WebSite","@id":"https:\/\/www.gaveanews.com\/#website","url":"https:\/\/www.gaveanews.com\/","name":"G\u00e1vea News","description":"Veja todas as not\u00edcias sobre o Flamengo: Contrata\u00e7\u00f5es, categorias de base, resultados das partidas, tabela de classifica\u00e7\u00e3o, pr\u00f3ximos jogos!","potentialAction":[{"@type":"SearchAction","target":{"@type":"EntryPoint","urlTemplate":"https:\/\/www.gaveanews.com\/?s={search_term_string}"},"query-input":{"@type":"PropertyValueSpecification","valueRequired":true,"valueName":"search_term_string"}}],"inLanguage":"pt-BR"},{"@type":"Person","@id":"https:\/\/www.gaveanews.com\/#\/schema\/person\/0eb3e3fe1754f0205218538adbe8f5ed","name":"Rafaela Ladeira","image":{"@type":"ImageObject","inLanguage":"pt-BR","@id":"https:\/\/www.gaveanews.com\/#\/schema\/person\/image\/","url":"https:\/\/secure.gravatar.com\/avatar\/c31f513acffd85eacab5730cbdfdbbf59f21ba5aeada8cd890acea879fbb2455?s=96&d=mm&r=g","contentUrl":"https:\/\/secure.gravatar.com\/avatar\/c31f513acffd85eacab5730cbdfdbbf59f21ba5aeada8cd890acea879fbb2455?s=96&d=mm&r=g","caption":"Rafaela Ladeira"}}]}},"_links":{"self":[{"href":"https:\/\/www.gaveanews.com\/index.php\/wp-json\/wp\/v2\/posts\/192339","targetHints":{"allow":["GET"]}}],"collection":[{"href":"https:\/\/www.gaveanews.com\/index.php\/wp-json\/wp\/v2\/posts"}],"about":[{"href":"https:\/\/www.gaveanews.com\/index.php\/wp-json\/wp\/v2\/types\/post"}],"author":[{"embeddable":true,"href":"https:\/\/www.gaveanews.com\/index.php\/wp-json\/wp\/v2\/users\/25"}],"replies":[{"embeddable":true,"href":"https:\/\/www.gaveanews.com\/index.php\/wp-json\/wp\/v2\/comments?post=192339"}],"version-history":[{"count":1,"href":"https:\/\/www.gaveanews.com\/index.php\/wp-json\/wp\/v2\/posts\/192339\/revisions"}],"predecessor-version":[{"id":192340,"href":"https:\/\/www.gaveanews.com\/index.php\/wp-json\/wp\/v2\/posts\/192339\/revisions\/192340"}],"wp:featuredmedia":[{"embeddable":true,"href":"https:\/\/www.gaveanews.com\/index.php\/wp-json\/wp\/v2\/media\/158755"}],"wp:attachment":[{"href":"https:\/\/www.gaveanews.com\/index.php\/wp-json\/wp\/v2\/media?parent=192339"}],"wp:term":[{"taxonomy":"category","embeddable":true,"href":"https:\/\/www.gaveanews.com\/index.php\/wp-json\/wp\/v2\/categories?post=192339"},{"taxonomy":"post_tag","embeddable":true,"href":"https:\/\/www.gaveanews.com\/index.php\/wp-json\/wp\/v2\/tags?post=192339"}],"curies":[{"name":"wp","href":"https:\/\/api.w.org\/{rel}","templated":true}]}}