{"id":192403,"date":"2024-11-29T16:35:00","date_gmt":"2024-11-29T19:35:00","guid":{"rendered":"https:\/\/www.gaveanews.com\/?p=192403"},"modified":"2024-11-29T15:29:04","modified_gmt":"2024-11-29T18:29:04","slug":"libertadores-presidente-do-botafogo-aponta-placar-para-a-final-contra-o-atletico-mg","status":"publish","type":"post","link":"https:\/\/www.gaveanews.com\/index.php\/2024\/11\/29\/libertadores-presidente-do-botafogo-aponta-placar-para-a-final-contra-o-atletico-mg\/","title":{"rendered":"Libertadores: presidente do Botafogo aponta placar para a final contra o Atl\u00e9tico-MG"},"content":{"rendered":"\n<p>Durc\u00e9sio Mello, presidente do Botafogo, abriu o jogo sobre seus palpites para a grande final in\u00e9dita da Libertadores entre Botafogo e Atl\u00e9tico Mineiro.<\/p>\n\n\n\n<p>Durc\u00e9sio disse que se mant\u00e9m muito ansioso e n\u00e3o tem conseguido dormir nos \u00faltimos dias, pensando s\u00f3 na final:<\/p>\n\n\n\n<ul class=\"wp-block-list\">\n<li><a href=\"https:\/\/www.gaveanews.com\/index.php\/2024\/11\/28\/a-declaracao-do-goleiro-everson-sobre-a-final-da-libertadores-contra-o-botafogo\/\">A declara\u00e7\u00e3o do goleiro Everson sobre a final da Libertadores contra o Botafogo<\/a><\/li>\n\n\n\n<li><a href=\"https:\/\/www.gaveanews.com\/index.php\/2024\/11\/27\/botafogo-vira-motivo-de-piada-antes-da-final-da-libertadores\/\">Botafogo vira motivo de piada antes da final da Libertadores<\/a><\/li>\n<\/ul>\n\n\n\n<p>\u201cMuita ansiedade. Sem dormir direito e vivendo esse momento m\u00e1gico. Nunca pensei que o&nbsp;Botafogo&nbsp;estaria nessa situa\u00e7\u00e3o hoje. Al\u00e9m disso, \u00e9 a melhor torcida do Brasil. Estamos aqui gra\u00e7as a eles. Final \u00e9 final. Mas Botafogo 2 a 0. Muita f\u00e9 para apoiar o Botafogo. Vamos ser campe\u00f5es\u201d, disse<\/p>\n\n\n\n<p>Durc\u00e9sio comentou tamb\u00e9m sobre os investimentos que o John Textor tem feito no Botafogo e a import\u00e2ncia dele na montagem do elenco do Fog\u00e3o:<\/p>\n\n\n\n<p>\u201cA gente preparou o clube para isso, depois vendemos e tivemos a sorte de vender para John Textor, que \u00e9 um amante do futebol e ama o Botafogo\u201d.<\/p>\n\n\n\n<h2 class=\"wp-block-heading\" id=\"h-onde-assistir-botafogo-x-atletico-mineiro\">Onde assistir Botafogo x Atl\u00e9tico Mineiro?<\/h2>\n\n\n\n<p>Botafogo e Atl\u00e9tico Mineiro se enfrentam no pr\u00f3ximo dia 30 de novembro, s\u00e1bado, conhecido como &#8216;amanh\u00e3&#8217;, pela final da Libertadores da Am\u00e9rica.<\/p>\n\n\n\n<p>O jogo vai ter in\u00edcio \u00e0s 17 horas no hor\u00e1rio de Bras\u00edlia e vai acontecer no Monumental de Nu\u00f1ez, na Argentina, casa do River Plate. Globo, ESPN, Disney e Paramount transmitem a partida.<\/p>\n\n\n\n<p>O Botafogo chega na final ap\u00f3s vencer o Pe\u00f1arol em dois jogos bastante disputados. O Botafogo venceu no jogo da ida por 5 a 0 e perdeu na volta por 3 a 1. <\/p>\n\n\n\n<p>O Atl\u00e9tico Mineiro fez o dever de casa contra o River Plate na semifinal, venceu por 3 a 0 e depois s\u00f3 empatou sem gols na Argentina.<\/p>\n\n\n\n<p>A torcida do Botafogo que vai em peso para a grande final da competi\u00e7\u00e3o, mais de 40 mil ingressos por parte do time carioca foram comprados, algo que evidencia a emo\u00e7\u00e3o do torcedor do Botafogo em ir para a primeira final da hist\u00f3ria do clube.<\/p>\n","protected":false},"excerpt":{"rendered":"<p>Durc\u00e9sio Mello, presidente do Botafogo, abriu o jogo sobre seus palpites para a grande final in\u00e9dita da Libertadores entre Botafogo e Atl\u00e9tico Mineiro. Durc\u00e9sio disse que se mant\u00e9m muito ansioso e n\u00e3o tem conseguido dormir nos \u00faltimos dias, pensando s\u00f3 na final: \u201cMuita ansiedade. Sem dormir direito e vivendo esse momento m\u00e1gico. Nunca pensei que [&hellip;]<\/p>\n","protected":false},"author":19,"featured_media":182060,"comment_status":"open","ping_status":"closed","sticky":false,"template":"","format":"standard","meta":{"footnotes":""},"categories":[138],"tags":[],"class_list":["post-192403","post","type-post","status-publish","format-standard","has-post-thumbnail","hentry","category-botafogo"],"yoast_head":"<!-- This site is optimized with the Yoast SEO Premium plugin v24.2 (Yoast SEO v26.9) - https:\/\/yoast.com\/product\/yoast-seo-premium-wordpress\/ -->\n<title>Libertadores: presidente do Botafogo aponta placar para a final contra o Atl\u00e9tico-MG<\/title>\n<meta name=\"robots\" content=\"index, follow, max-snippet:-1, max-image-preview:large, max-video-preview:-1\" \/>\n<link rel=\"canonical\" href=\"https:\/\/www.gaveanews.com\/index.php\/2024\/11\/29\/libertadores-presidente-do-botafogo-aponta-placar-para-a-final-contra-o-atletico-mg\/\" \/>\n<meta property=\"og:locale\" content=\"pt_BR\" \/>\n<meta property=\"og:type\" content=\"article\" \/>\n<meta property=\"og:title\" content=\"Libertadores: presidente do Botafogo aponta placar para a final contra o Atl\u00e9tico-MG\" \/>\n<meta property=\"og:description\" content=\"Durc\u00e9sio Mello, presidente do Botafogo, abriu o jogo sobre seus palpites para a grande final in\u00e9dita da Libertadores entre Botafogo e Atl\u00e9tico Mineiro. Durc\u00e9sio disse que se mant\u00e9m muito ansioso e n\u00e3o tem conseguido dormir nos \u00faltimos dias, pensando s\u00f3 na final: \u201cMuita ansiedade. Sem dormir direito e vivendo esse momento m\u00e1gico. Nunca pensei que [&hellip;]\" \/>\n<meta property=\"og:url\" content=\"https:\/\/www.gaveanews.com\/index.php\/2024\/11\/29\/libertadores-presidente-do-botafogo-aponta-placar-para-a-final-contra-o-atletico-mg\/\" \/>\n<meta property=\"og:site_name\" content=\"G\u00e1vea News\" \/>\n<meta property=\"article:publisher\" content=\"https:\/\/facebook.com\/gaveaNews\/\" \/>\n<meta property=\"article:published_time\" content=\"2024-11-29T19:35:00+00:00\" \/>\n<meta property=\"og:image\" content=\"https:\/\/www.gaveanews.com\/wp-content\/uploads\/Escudo-do-Botafogo-1.webp\" \/>\n\t<meta property=\"og:image:width\" content=\"787\" \/>\n\t<meta property=\"og:image:height\" content=\"525\" \/>\n\t<meta property=\"og:image:type\" content=\"image\/webp\" \/>\n<meta name=\"author\" content=\"Bruno Zanchetta\" \/>\n<meta name=\"twitter:card\" content=\"summary_large_image\" \/>\n<meta name=\"twitter:label1\" content=\"Escrito por\" \/>\n\t<meta name=\"twitter:data1\" content=\"Bruno Zanchetta\" \/>\n\t<meta name=\"twitter:label2\" content=\"Est. tempo de leitura\" \/>\n\t<meta name=\"twitter:data2\" content=\"3 minutos\" \/>\n<script type=\"application\/ld+json\" class=\"yoast-schema-graph\">{\"@context\":\"https:\/\/schema.org\",\"@graph\":[{\"@type\":\"NewsArticle\",\"@id\":\"https:\/\/www.gaveanews.com\/index.php\/2024\/11\/29\/libertadores-presidente-do-botafogo-aponta-placar-para-a-final-contra-o-atletico-mg\/#article\",\"isPartOf\":{\"@id\":\"https:\/\/www.gaveanews.com\/index.php\/2024\/11\/29\/libertadores-presidente-do-botafogo-aponta-placar-para-a-final-contra-o-atletico-mg\/\"},\"author\":{\"name\":\"Bruno Zanchetta\",\"@id\":\"https:\/\/www.gaveanews.com\/#\/schema\/person\/32fddefab25b466689f181be346cd98c\"},\"headline\":\"Libertadores: presidente do Botafogo aponta placar para a final contra o Atl\u00e9tico-MG\",\"datePublished\":\"2024-11-29T19:35:00+00:00\",\"mainEntityOfPage\":{\"@id\":\"https:\/\/www.gaveanews.com\/index.php\/2024\/11\/29\/libertadores-presidente-do-botafogo-aponta-placar-para-a-final-contra-o-atletico-mg\/\"},\"wordCount\":365,\"commentCount\":0,\"image\":{\"@id\":\"https:\/\/www.gaveanews.com\/index.php\/2024\/11\/29\/libertadores-presidente-do-botafogo-aponta-placar-para-a-final-contra-o-atletico-mg\/#primaryimage\"},\"thumbnailUrl\":\"https:\/\/www.gaveanews.com\/wp-content\/uploads\/Escudo-do-Botafogo-1.webp\",\"articleSection\":[\"Botafogo\"],\"inLanguage\":\"pt-BR\",\"potentialAction\":[{\"@type\":\"CommentAction\",\"name\":\"Comment\",\"target\":[\"https:\/\/www.gaveanews.com\/index.php\/2024\/11\/29\/libertadores-presidente-do-botafogo-aponta-placar-para-a-final-contra-o-atletico-mg\/#respond\"]}],\"copyrightYear\":\"2024\",\"copyrightHolder\":{\"@id\":\"https:\/\/www.gaveanews.com\/#organization\"}},{\"@type\":\"WebPage\",\"@id\":\"https:\/\/www.gaveanews.com\/index.php\/2024\/11\/29\/libertadores-presidente-do-botafogo-aponta-placar-para-a-final-contra-o-atletico-mg\/\",\"url\":\"https:\/\/www.gaveanews.com\/index.php\/2024\/11\/29\/libertadores-presidente-do-botafogo-aponta-placar-para-a-final-contra-o-atletico-mg\/\",\"name\":\"Libertadores: presidente do Botafogo aponta placar para a final contra o Atl\u00e9tico-MG\",\"isPartOf\":{\"@id\":\"https:\/\/www.gaveanews.com\/#website\"},\"primaryImageOfPage\":{\"@id\":\"https:\/\/www.gaveanews.com\/index.php\/2024\/11\/29\/libertadores-presidente-do-botafogo-aponta-placar-para-a-final-contra-o-atletico-mg\/#primaryimage\"},\"image\":{\"@id\":\"https:\/\/www.gaveanews.com\/index.php\/2024\/11\/29\/libertadores-presidente-do-botafogo-aponta-placar-para-a-final-contra-o-atletico-mg\/#primaryimage\"},\"thumbnailUrl\":\"https:\/\/www.gaveanews.com\/wp-content\/uploads\/Escudo-do-Botafogo-1.webp\",\"datePublished\":\"2024-11-29T19:35:00+00:00\",\"author\":{\"@id\":\"https:\/\/www.gaveanews.com\/#\/schema\/person\/32fddefab25b466689f181be346cd98c\"},\"breadcrumb\":{\"@id\":\"https:\/\/www.gaveanews.com\/index.php\/2024\/11\/29\/libertadores-presidente-do-botafogo-aponta-placar-para-a-final-contra-o-atletico-mg\/#breadcrumb\"},\"inLanguage\":\"pt-BR\",\"potentialAction\":[{\"@type\":\"ReadAction\",\"target\":[\"https:\/\/www.gaveanews.com\/index.php\/2024\/11\/29\/libertadores-presidente-do-botafogo-aponta-placar-para-a-final-contra-o-atletico-mg\/\"]}]},{\"@type\":\"ImageObject\",\"inLanguage\":\"pt-BR\",\"@id\":\"https:\/\/www.gaveanews.com\/index.php\/2024\/11\/29\/libertadores-presidente-do-botafogo-aponta-placar-para-a-final-contra-o-atletico-mg\/#primaryimage\",\"url\":\"https:\/\/www.gaveanews.com\/wp-content\/uploads\/Escudo-do-Botafogo-1.webp\",\"contentUrl\":\"https:\/\/www.gaveanews.com\/wp-content\/uploads\/Escudo-do-Botafogo-1.webp\",\"width\":787,\"height\":525,\"caption\":\"Escudo do Botafogo (Foto: Reprodu\u00e7\u00e3o\/Botafogo)\"},{\"@type\":\"BreadcrumbList\",\"@id\":\"https:\/\/www.gaveanews.com\/index.php\/2024\/11\/29\/libertadores-presidente-do-botafogo-aponta-placar-para-a-final-contra-o-atletico-mg\/#breadcrumb\",\"itemListElement\":[{\"@type\":\"ListItem\",\"position\":1,\"name\":\"Home\",\"item\":\"https:\/\/www.gaveanews.com\/\"},{\"@type\":\"ListItem\",\"position\":2,\"name\":\"Libertadores: presidente do Botafogo aponta placar para a final contra o Atl\u00e9tico-MG\"}]},{\"@type\":\"WebSite\",\"@id\":\"https:\/\/www.gaveanews.com\/#website\",\"url\":\"https:\/\/www.gaveanews.com\/\",\"name\":\"G\u00e1vea News\",\"description\":\"Veja todas as not\u00edcias sobre o Flamengo: Contrata\u00e7\u00f5es, categorias de base, resultados das partidas, tabela de classifica\u00e7\u00e3o, pr\u00f3ximos jogos!\",\"potentialAction\":[{\"@type\":\"SearchAction\",\"target\":{\"@type\":\"EntryPoint\",\"urlTemplate\":\"https:\/\/www.gaveanews.com\/?s={search_term_string}\"},\"query-input\":{\"@type\":\"PropertyValueSpecification\",\"valueRequired\":true,\"valueName\":\"search_term_string\"}}],\"inLanguage\":\"pt-BR\"},{\"@type\":\"Person\",\"@id\":\"https:\/\/www.gaveanews.com\/#\/schema\/person\/32fddefab25b466689f181be346cd98c\",\"name\":\"Bruno Zanchetta\",\"image\":{\"@type\":\"ImageObject\",\"inLanguage\":\"pt-BR\",\"@id\":\"https:\/\/www.gaveanews.com\/#\/schema\/person\/image\/\",\"url\":\"https:\/\/secure.gravatar.com\/avatar\/3ba2d39f8a912ad65276975a996d6ad8d9e3dd13448684be8dc4d7c17099d2ee?s=96&d=mm&r=g\",\"contentUrl\":\"https:\/\/secure.gravatar.com\/avatar\/3ba2d39f8a912ad65276975a996d6ad8d9e3dd13448684be8dc4d7c17099d2ee?s=96&d=mm&r=g\",\"caption\":\"Bruno Zanchetta\"}}]}<\/script>\n<!-- \/ Yoast SEO Premium plugin. -->","yoast_head_json":{"title":"Libertadores: presidente do Botafogo aponta placar para a final contra o Atl\u00e9tico-MG","robots":{"index":"index","follow":"follow","max-snippet":"max-snippet:-1","max-image-preview":"max-image-preview:large","max-video-preview":"max-video-preview:-1"},"canonical":"https:\/\/www.gaveanews.com\/index.php\/2024\/11\/29\/libertadores-presidente-do-botafogo-aponta-placar-para-a-final-contra-o-atletico-mg\/","og_locale":"pt_BR","og_type":"article","og_title":"Libertadores: presidente do Botafogo aponta placar para a final contra o Atl\u00e9tico-MG","og_description":"Durc\u00e9sio Mello, presidente do Botafogo, abriu o jogo sobre seus palpites para a grande final in\u00e9dita da Libertadores entre Botafogo e Atl\u00e9tico Mineiro. Durc\u00e9sio disse que se mant\u00e9m muito ansioso e n\u00e3o tem conseguido dormir nos \u00faltimos dias, pensando s\u00f3 na final: \u201cMuita ansiedade. Sem dormir direito e vivendo esse momento m\u00e1gico. Nunca pensei que [&hellip;]","og_url":"https:\/\/www.gaveanews.com\/index.php\/2024\/11\/29\/libertadores-presidente-do-botafogo-aponta-placar-para-a-final-contra-o-atletico-mg\/","og_site_name":"G\u00e1vea News","article_publisher":"https:\/\/facebook.com\/gaveaNews\/","article_published_time":"2024-11-29T19:35:00+00:00","og_image":[{"width":787,"height":525,"url":"https:\/\/www.gaveanews.com\/wp-content\/uploads\/Escudo-do-Botafogo-1.webp","type":"image\/webp"}],"author":"Bruno Zanchetta","twitter_card":"summary_large_image","twitter_misc":{"Escrito por":"Bruno Zanchetta","Est. tempo de leitura":"3 minutos"},"schema":{"@context":"https:\/\/schema.org","@graph":[{"@type":"NewsArticle","@id":"https:\/\/www.gaveanews.com\/index.php\/2024\/11\/29\/libertadores-presidente-do-botafogo-aponta-placar-para-a-final-contra-o-atletico-mg\/#article","isPartOf":{"@id":"https:\/\/www.gaveanews.com\/index.php\/2024\/11\/29\/libertadores-presidente-do-botafogo-aponta-placar-para-a-final-contra-o-atletico-mg\/"},"author":{"name":"Bruno Zanchetta","@id":"https:\/\/www.gaveanews.com\/#\/schema\/person\/32fddefab25b466689f181be346cd98c"},"headline":"Libertadores: presidente do Botafogo aponta placar para a final contra o Atl\u00e9tico-MG","datePublished":"2024-11-29T19:35:00+00:00","mainEntityOfPage":{"@id":"https:\/\/www.gaveanews.com\/index.php\/2024\/11\/29\/libertadores-presidente-do-botafogo-aponta-placar-para-a-final-contra-o-atletico-mg\/"},"wordCount":365,"commentCount":0,"image":{"@id":"https:\/\/www.gaveanews.com\/index.php\/2024\/11\/29\/libertadores-presidente-do-botafogo-aponta-placar-para-a-final-contra-o-atletico-mg\/#primaryimage"},"thumbnailUrl":"https:\/\/www.gaveanews.com\/wp-content\/uploads\/Escudo-do-Botafogo-1.webp","articleSection":["Botafogo"],"inLanguage":"pt-BR","potentialAction":[{"@type":"CommentAction","name":"Comment","target":["https:\/\/www.gaveanews.com\/index.php\/2024\/11\/29\/libertadores-presidente-do-botafogo-aponta-placar-para-a-final-contra-o-atletico-mg\/#respond"]}],"copyrightYear":"2024","copyrightHolder":{"@id":"https:\/\/www.gaveanews.com\/#organization"}},{"@type":"WebPage","@id":"https:\/\/www.gaveanews.com\/index.php\/2024\/11\/29\/libertadores-presidente-do-botafogo-aponta-placar-para-a-final-contra-o-atletico-mg\/","url":"https:\/\/www.gaveanews.com\/index.php\/2024\/11\/29\/libertadores-presidente-do-botafogo-aponta-placar-para-a-final-contra-o-atletico-mg\/","name":"Libertadores: presidente do Botafogo aponta placar para a final contra o Atl\u00e9tico-MG","isPartOf":{"@id":"https:\/\/www.gaveanews.com\/#website"},"primaryImageOfPage":{"@id":"https:\/\/www.gaveanews.com\/index.php\/2024\/11\/29\/libertadores-presidente-do-botafogo-aponta-placar-para-a-final-contra-o-atletico-mg\/#primaryimage"},"image":{"@id":"https:\/\/www.gaveanews.com\/index.php\/2024\/11\/29\/libertadores-presidente-do-botafogo-aponta-placar-para-a-final-contra-o-atletico-mg\/#primaryimage"},"thumbnailUrl":"https:\/\/www.gaveanews.com\/wp-content\/uploads\/Escudo-do-Botafogo-1.webp","datePublished":"2024-11-29T19:35:00+00:00","author":{"@id":"https:\/\/www.gaveanews.com\/#\/schema\/person\/32fddefab25b466689f181be346cd98c"},"breadcrumb":{"@id":"https:\/\/www.gaveanews.com\/index.php\/2024\/11\/29\/libertadores-presidente-do-botafogo-aponta-placar-para-a-final-contra-o-atletico-mg\/#breadcrumb"},"inLanguage":"pt-BR","potentialAction":[{"@type":"ReadAction","target":["https:\/\/www.gaveanews.com\/index.php\/2024\/11\/29\/libertadores-presidente-do-botafogo-aponta-placar-para-a-final-contra-o-atletico-mg\/"]}]},{"@type":"ImageObject","inLanguage":"pt-BR","@id":"https:\/\/www.gaveanews.com\/index.php\/2024\/11\/29\/libertadores-presidente-do-botafogo-aponta-placar-para-a-final-contra-o-atletico-mg\/#primaryimage","url":"https:\/\/www.gaveanews.com\/wp-content\/uploads\/Escudo-do-Botafogo-1.webp","contentUrl":"https:\/\/www.gaveanews.com\/wp-content\/uploads\/Escudo-do-Botafogo-1.webp","width":787,"height":525,"caption":"Escudo do Botafogo (Foto: Reprodu\u00e7\u00e3o\/Botafogo)"},{"@type":"BreadcrumbList","@id":"https:\/\/www.gaveanews.com\/index.php\/2024\/11\/29\/libertadores-presidente-do-botafogo-aponta-placar-para-a-final-contra-o-atletico-mg\/#breadcrumb","itemListElement":[{"@type":"ListItem","position":1,"name":"Home","item":"https:\/\/www.gaveanews.com\/"},{"@type":"ListItem","position":2,"name":"Libertadores: presidente do Botafogo aponta placar para a final contra o Atl\u00e9tico-MG"}]},{"@type":"WebSite","@id":"https:\/\/www.gaveanews.com\/#website","url":"https:\/\/www.gaveanews.com\/","name":"G\u00e1vea News","description":"Veja todas as not\u00edcias sobre o Flamengo: Contrata\u00e7\u00f5es, categorias de base, resultados das partidas, tabela de classifica\u00e7\u00e3o, pr\u00f3ximos jogos!","potentialAction":[{"@type":"SearchAction","target":{"@type":"EntryPoint","urlTemplate":"https:\/\/www.gaveanews.com\/?s={search_term_string}"},"query-input":{"@type":"PropertyValueSpecification","valueRequired":true,"valueName":"search_term_string"}}],"inLanguage":"pt-BR"},{"@type":"Person","@id":"https:\/\/www.gaveanews.com\/#\/schema\/person\/32fddefab25b466689f181be346cd98c","name":"Bruno Zanchetta","image":{"@type":"ImageObject","inLanguage":"pt-BR","@id":"https:\/\/www.gaveanews.com\/#\/schema\/person\/image\/","url":"https:\/\/secure.gravatar.com\/avatar\/3ba2d39f8a912ad65276975a996d6ad8d9e3dd13448684be8dc4d7c17099d2ee?s=96&d=mm&r=g","contentUrl":"https:\/\/secure.gravatar.com\/avatar\/3ba2d39f8a912ad65276975a996d6ad8d9e3dd13448684be8dc4d7c17099d2ee?s=96&d=mm&r=g","caption":"Bruno Zanchetta"}}]}},"_links":{"self":[{"href":"https:\/\/www.gaveanews.com\/index.php\/wp-json\/wp\/v2\/posts\/192403","targetHints":{"allow":["GET"]}}],"collection":[{"href":"https:\/\/www.gaveanews.com\/index.php\/wp-json\/wp\/v2\/posts"}],"about":[{"href":"https:\/\/www.gaveanews.com\/index.php\/wp-json\/wp\/v2\/types\/post"}],"author":[{"embeddable":true,"href":"https:\/\/www.gaveanews.com\/index.php\/wp-json\/wp\/v2\/users\/19"}],"replies":[{"embeddable":true,"href":"https:\/\/www.gaveanews.com\/index.php\/wp-json\/wp\/v2\/comments?post=192403"}],"version-history":[{"count":2,"href":"https:\/\/www.gaveanews.com\/index.php\/wp-json\/wp\/v2\/posts\/192403\/revisions"}],"predecessor-version":[{"id":192428,"href":"https:\/\/www.gaveanews.com\/index.php\/wp-json\/wp\/v2\/posts\/192403\/revisions\/192428"}],"wp:featuredmedia":[{"embeddable":true,"href":"https:\/\/www.gaveanews.com\/index.php\/wp-json\/wp\/v2\/media\/182060"}],"wp:attachment":[{"href":"https:\/\/www.gaveanews.com\/index.php\/wp-json\/wp\/v2\/media?parent=192403"}],"wp:term":[{"taxonomy":"category","embeddable":true,"href":"https:\/\/www.gaveanews.com\/index.php\/wp-json\/wp\/v2\/categories?post=192403"},{"taxonomy":"post_tag","embeddable":true,"href":"https:\/\/www.gaveanews.com\/index.php\/wp-json\/wp\/v2\/tags?post=192403"}],"curies":[{"name":"wp","href":"https:\/\/api.w.org\/{rel}","templated":true}]}}