{"id":192431,"date":"2024-11-29T18:10:00","date_gmt":"2024-11-29T21:10:00","guid":{"rendered":"https:\/\/www.gaveanews.com\/?p=192431"},"modified":"2024-11-29T18:02:10","modified_gmt":"2024-11-29T21:02:10","slug":"ex-apresentador-da-rede-globo-compara-cruzeiro-com-time-do-nordeste","status":"publish","type":"post","link":"https:\/\/www.gaveanews.com\/index.php\/2024\/11\/29\/ex-apresentador-da-rede-globo-compara-cruzeiro-com-time-do-nordeste\/","title":{"rendered":"Ex-apresentador da Rede Globo compara Cruzeiro com time do Nordeste"},"content":{"rendered":"\n<p>O Sport Recife confirmou seu retorno \u00e0 S\u00e9rie A do Campeonato Brasileiro ap\u00f3s tr\u00eas anos na S\u00e9rie B. No domingo (24\/11), a equipe venceu o Santos por 2 a 1 na Ilha do Retiro, terminando a temporada na terceira posi\u00e7\u00e3o, com 66 pontos.<\/p>\n\n\n\n<ul class=\"wp-block-list\">\n<li><a href=\"https:\/\/www.gaveanews.com\/index.php\/2024\/11\/29\/cruzeiro-toma-atitude-importante-nos-bastidores\/\">Cruzeiro toma atitude importante nos bastidores<\/a><\/li>\n\n\n\n<li><a href=\"https:\/\/www.gaveanews.com\/index.php\/2024\/11\/29\/a-declaracao-de-matheus-pereira-sobre-a-atual-fase-do-cruzeiro\/\">A declara\u00e7\u00e3o de Matheus Pereira sobre a atual fase do Cruzeiro<\/a><\/li>\n<\/ul>\n\n\n\n<p>O jornalista Fernando Rocha celebrou o feito do time pernambucano. Filho do ex-presidente do Cruzeiro Jos\u00e9 Dalai Rocha, ele enalteceu a import\u00e2ncia do Sport na elite do futebol nacional. Rocha, ex-apresentador do programa Bem Estar da TV Globo, afirmou que o clube possui uma identidade forte e comparou sua relev\u00e2ncia \u00e0 do Cruzeiro.<\/p>\n\n\n\n<p>\u201cTr\u00eas anos depois o Sport voltou! A verdade \u00e9 que o Sport nunca deveria ter sa\u00eddo. O time do Recife que \u00e9 a cara do Cruzeiro. Respeito absoluto! A S\u00e9rie A agradece\u201d, escreveu ele.<\/p>\n\n\n\n<blockquote class=\"twitter-tweet\"><p lang=\"pt\" dir=\"ltr\">Tr\u00eas anos depois o Sport voltou!<br>A verdade \u00e9 que o Sport nunca deveria ter sa\u00eddo. O time do Recife que \u00e9 a cara do CRUZEIRO. Respeito absoluto! A S\u00e9rie A agradece! <a href=\"https:\/\/t.co\/RVrF66Z7g8\">pic.twitter.com\/RVrF66Z7g8<\/a><\/p>&mdash; Fernando Rocha (@fernandoroch) <a href=\"https:\/\/twitter.com\/fernandoroch\/status\/1860829453183541600?ref_src=twsrc%5Etfw\">November 24, 2024<\/a><\/blockquote> <script async src=\"https:\/\/platform.twitter.com\/widgets.js\" charset=\"utf-8\"><\/script>\n\n\n\n<h2 class=\"wp-block-heading\" id=\"h-times-que-garantiram-acesso-para-a-serie-a-do-brasileirao\">Times que garantiram acesso para a S\u00e9rie A do Brasileir\u00e3o <\/h2>\n\n\n\n<p>Al\u00e9m do Sport, o Santos garantiu o acesso como campe\u00e3o da S\u00e9rie B. O time paulista assegurou a lideran\u00e7a antecipadamente e encerrou a competi\u00e7\u00e3o com 70 pontos. O Mirassol, vice-campe\u00e3o, tamb\u00e9m subiu, ap\u00f3s vencer a Chapecoense por 1 a 0 no est\u00e1dio Mai\u00e3o, no interior de S\u00e3o Paulo. Assim sendo, o clube conquistou 67 pontos e far\u00e1 sua estreia hist\u00f3rica na primeira divis\u00e3o.<\/p>\n\n\n\n<p>O Cear\u00e1 completou o grupo dos promovidos ao empatar em 0 a 0 com o Guarani, \u00faltimo colocado do campeonato, no est\u00e1dio Brinco de Ouro, em Campinas. Com 64 pontos, o time cearense obteve o acesso ao retornar \u00e0 S\u00e9rie A ap\u00f3s uma temporada na segunda divis\u00e3o.<\/p>\n\n\n\n<p>No entanto, o Novorizontino, com 64 pontos, ficou na quinta posi\u00e7\u00e3o. A equipe perdeu para o Goi\u00e1s por 1 a 0 no est\u00e1dio da Serrinha, em Goi\u00e2nia, e n\u00e3o conseguiu a classifica\u00e7\u00e3o. Apesar de uma campanha consistente, o clube disputar\u00e1 mais um ano na S\u00e9rie B.<\/p>\n\n\n\n<p>A \u00faltima rodada foi marcada por grande competitividade. Isso porque tr\u00eas vagas para o acesso ainda estavam em disputa, o que tornou os jogos decisivos. Assim, al\u00e9m do Santos, Sport, Mirassol e Cear\u00e1 garantiram suas coloca\u00e7\u00f5es e celebraram a conquista de um lugar na elite do futebol brasileiro para a temporada de 2025.<\/p>\n","protected":false},"excerpt":{"rendered":"<p>O Sport Recife confirmou seu retorno \u00e0 S\u00e9rie A do Campeonato Brasileiro ap\u00f3s tr\u00eas anos na S\u00e9rie B. No domingo (24\/11), a equipe venceu o Santos por 2 a 1 na Ilha do Retiro, terminando a temporada na terceira posi\u00e7\u00e3o, com 66 pontos. O jornalista Fernando Rocha celebrou o feito do time pernambucano. Filho do [&hellip;]<\/p>\n","protected":false},"author":28,"featured_media":165466,"comment_status":"open","ping_status":"closed","sticky":false,"template":"","format":"standard","meta":{"footnotes":""},"categories":[143,154],"tags":[],"class_list":["post-192431","post","type-post","status-publish","format-standard","has-post-thumbnail","hentry","category-cruzeiro","category-sport"],"yoast_head":"<!-- This site is optimized with the Yoast SEO Premium plugin v24.2 (Yoast SEO v26.9) - https:\/\/yoast.com\/product\/yoast-seo-premium-wordpress\/ -->\n<title>Ex-apresentador da Rede Globo compara Cruzeiro com time do Nordeste<\/title>\n<meta name=\"robots\" content=\"index, follow, max-snippet:-1, max-image-preview:large, max-video-preview:-1\" \/>\n<link rel=\"canonical\" href=\"https:\/\/www.gaveanews.com\/index.php\/2024\/11\/29\/ex-apresentador-da-rede-globo-compara-cruzeiro-com-time-do-nordeste\/\" \/>\n<meta property=\"og:locale\" content=\"pt_BR\" \/>\n<meta property=\"og:type\" content=\"article\" \/>\n<meta property=\"og:title\" content=\"Ex-apresentador da Rede Globo compara Cruzeiro com time do Nordeste\" \/>\n<meta property=\"og:description\" content=\"O Sport Recife confirmou seu retorno \u00e0 S\u00e9rie A do Campeonato Brasileiro ap\u00f3s tr\u00eas anos na S\u00e9rie B. No domingo (24\/11), a equipe venceu o Santos por 2 a 1 na Ilha do Retiro, terminando a temporada na terceira posi\u00e7\u00e3o, com 66 pontos. O jornalista Fernando Rocha celebrou o feito do time pernambucano. Filho do [&hellip;]\" \/>\n<meta property=\"og:url\" content=\"https:\/\/www.gaveanews.com\/index.php\/2024\/11\/29\/ex-apresentador-da-rede-globo-compara-cruzeiro-com-time-do-nordeste\/\" \/>\n<meta property=\"og:site_name\" content=\"G\u00e1vea News\" \/>\n<meta property=\"article:publisher\" content=\"https:\/\/facebook.com\/gaveaNews\/\" \/>\n<meta property=\"article:published_time\" content=\"2024-11-29T21:10:00+00:00\" \/>\n<meta property=\"og:image\" content=\"http:\/\/www.gaveanews.com\/wp-content\/uploads\/Escudo-do-Cruzeiro.webp\" \/>\n\t<meta property=\"og:image:width\" content=\"1387\" \/>\n\t<meta property=\"og:image:height\" content=\"924\" \/>\n\t<meta property=\"og:image:type\" content=\"image\/webp\" \/>\n<meta name=\"author\" content=\"Hudson Pereira\" \/>\n<meta name=\"twitter:card\" content=\"summary_large_image\" \/>\n<meta name=\"twitter:label1\" content=\"Escrito por\" \/>\n\t<meta name=\"twitter:data1\" content=\"Hudson Pereira\" \/>\n\t<meta name=\"twitter:label2\" content=\"Est. tempo de leitura\" \/>\n\t<meta name=\"twitter:data2\" content=\"3 minutos\" \/>\n<script type=\"application\/ld+json\" class=\"yoast-schema-graph\">{\"@context\":\"https:\/\/schema.org\",\"@graph\":[{\"@type\":\"NewsArticle\",\"@id\":\"https:\/\/www.gaveanews.com\/index.php\/2024\/11\/29\/ex-apresentador-da-rede-globo-compara-cruzeiro-com-time-do-nordeste\/#article\",\"isPartOf\":{\"@id\":\"https:\/\/www.gaveanews.com\/index.php\/2024\/11\/29\/ex-apresentador-da-rede-globo-compara-cruzeiro-com-time-do-nordeste\/\"},\"author\":{\"name\":\"Hudson Pereira\",\"@id\":\"https:\/\/www.gaveanews.com\/#\/schema\/person\/bd08f00534b403119b92741a6d469ef0\"},\"headline\":\"Ex-apresentador da Rede Globo compara Cruzeiro com time do Nordeste\",\"datePublished\":\"2024-11-29T21:10:00+00:00\",\"mainEntityOfPage\":{\"@id\":\"https:\/\/www.gaveanews.com\/index.php\/2024\/11\/29\/ex-apresentador-da-rede-globo-compara-cruzeiro-com-time-do-nordeste\/\"},\"wordCount\":440,\"commentCount\":0,\"image\":{\"@id\":\"https:\/\/www.gaveanews.com\/index.php\/2024\/11\/29\/ex-apresentador-da-rede-globo-compara-cruzeiro-com-time-do-nordeste\/#primaryimage\"},\"thumbnailUrl\":\"https:\/\/www.gaveanews.com\/wp-content\/uploads\/Escudo-do-Cruzeiro.webp\",\"articleSection\":[\"Cruzeiro\",\"Sport\"],\"inLanguage\":\"pt-BR\",\"potentialAction\":[{\"@type\":\"CommentAction\",\"name\":\"Comment\",\"target\":[\"https:\/\/www.gaveanews.com\/index.php\/2024\/11\/29\/ex-apresentador-da-rede-globo-compara-cruzeiro-com-time-do-nordeste\/#respond\"]}],\"copyrightYear\":\"2024\",\"copyrightHolder\":{\"@id\":\"https:\/\/www.gaveanews.com\/#organization\"}},{\"@type\":\"WebPage\",\"@id\":\"https:\/\/www.gaveanews.com\/index.php\/2024\/11\/29\/ex-apresentador-da-rede-globo-compara-cruzeiro-com-time-do-nordeste\/\",\"url\":\"https:\/\/www.gaveanews.com\/index.php\/2024\/11\/29\/ex-apresentador-da-rede-globo-compara-cruzeiro-com-time-do-nordeste\/\",\"name\":\"Ex-apresentador da Rede Globo compara Cruzeiro com time do Nordeste\",\"isPartOf\":{\"@id\":\"https:\/\/www.gaveanews.com\/#website\"},\"primaryImageOfPage\":{\"@id\":\"https:\/\/www.gaveanews.com\/index.php\/2024\/11\/29\/ex-apresentador-da-rede-globo-compara-cruzeiro-com-time-do-nordeste\/#primaryimage\"},\"image\":{\"@id\":\"https:\/\/www.gaveanews.com\/index.php\/2024\/11\/29\/ex-apresentador-da-rede-globo-compara-cruzeiro-com-time-do-nordeste\/#primaryimage\"},\"thumbnailUrl\":\"https:\/\/www.gaveanews.com\/wp-content\/uploads\/Escudo-do-Cruzeiro.webp\",\"datePublished\":\"2024-11-29T21:10:00+00:00\",\"author\":{\"@id\":\"https:\/\/www.gaveanews.com\/#\/schema\/person\/bd08f00534b403119b92741a6d469ef0\"},\"breadcrumb\":{\"@id\":\"https:\/\/www.gaveanews.com\/index.php\/2024\/11\/29\/ex-apresentador-da-rede-globo-compara-cruzeiro-com-time-do-nordeste\/#breadcrumb\"},\"inLanguage\":\"pt-BR\",\"potentialAction\":[{\"@type\":\"ReadAction\",\"target\":[\"https:\/\/www.gaveanews.com\/index.php\/2024\/11\/29\/ex-apresentador-da-rede-globo-compara-cruzeiro-com-time-do-nordeste\/\"]}]},{\"@type\":\"ImageObject\",\"inLanguage\":\"pt-BR\",\"@id\":\"https:\/\/www.gaveanews.com\/index.php\/2024\/11\/29\/ex-apresentador-da-rede-globo-compara-cruzeiro-com-time-do-nordeste\/#primaryimage\",\"url\":\"https:\/\/www.gaveanews.com\/wp-content\/uploads\/Escudo-do-Cruzeiro.webp\",\"contentUrl\":\"https:\/\/www.gaveanews.com\/wp-content\/uploads\/Escudo-do-Cruzeiro.webp\",\"width\":1387,\"height\":924,\"caption\":\"Escudo do Cruzeiro (Foto: Reprodu\u00e7\u00e3o\/Cruzeiro)\"},{\"@type\":\"BreadcrumbList\",\"@id\":\"https:\/\/www.gaveanews.com\/index.php\/2024\/11\/29\/ex-apresentador-da-rede-globo-compara-cruzeiro-com-time-do-nordeste\/#breadcrumb\",\"itemListElement\":[{\"@type\":\"ListItem\",\"position\":1,\"name\":\"Home\",\"item\":\"https:\/\/www.gaveanews.com\/\"},{\"@type\":\"ListItem\",\"position\":2,\"name\":\"Ex-apresentador da Rede Globo compara Cruzeiro com time do Nordeste\"}]},{\"@type\":\"WebSite\",\"@id\":\"https:\/\/www.gaveanews.com\/#website\",\"url\":\"https:\/\/www.gaveanews.com\/\",\"name\":\"G\u00e1vea News\",\"description\":\"Veja todas as not\u00edcias sobre o Flamengo: Contrata\u00e7\u00f5es, categorias de base, resultados das partidas, tabela de classifica\u00e7\u00e3o, pr\u00f3ximos jogos!\",\"potentialAction\":[{\"@type\":\"SearchAction\",\"target\":{\"@type\":\"EntryPoint\",\"urlTemplate\":\"https:\/\/www.gaveanews.com\/?s={search_term_string}\"},\"query-input\":{\"@type\":\"PropertyValueSpecification\",\"valueRequired\":true,\"valueName\":\"search_term_string\"}}],\"inLanguage\":\"pt-BR\"},{\"@type\":\"Person\",\"@id\":\"https:\/\/www.gaveanews.com\/#\/schema\/person\/bd08f00534b403119b92741a6d469ef0\",\"name\":\"Hudson Pereira\",\"image\":{\"@type\":\"ImageObject\",\"inLanguage\":\"pt-BR\",\"@id\":\"https:\/\/www.gaveanews.com\/#\/schema\/person\/image\/\",\"url\":\"https:\/\/secure.gravatar.com\/avatar\/ecc491b489e454e510efffc9b23c1052ce5fb4f2e05555768ba65819cd55f03e?s=96&d=mm&r=g\",\"contentUrl\":\"https:\/\/secure.gravatar.com\/avatar\/ecc491b489e454e510efffc9b23c1052ce5fb4f2e05555768ba65819cd55f03e?s=96&d=mm&r=g\",\"caption\":\"Hudson Pereira\"}}]}<\/script>\n<!-- \/ Yoast SEO Premium plugin. -->","yoast_head_json":{"title":"Ex-apresentador da Rede Globo compara Cruzeiro com time do Nordeste","robots":{"index":"index","follow":"follow","max-snippet":"max-snippet:-1","max-image-preview":"max-image-preview:large","max-video-preview":"max-video-preview:-1"},"canonical":"https:\/\/www.gaveanews.com\/index.php\/2024\/11\/29\/ex-apresentador-da-rede-globo-compara-cruzeiro-com-time-do-nordeste\/","og_locale":"pt_BR","og_type":"article","og_title":"Ex-apresentador da Rede Globo compara Cruzeiro com time do Nordeste","og_description":"O Sport Recife confirmou seu retorno \u00e0 S\u00e9rie A do Campeonato Brasileiro ap\u00f3s tr\u00eas anos na S\u00e9rie B. No domingo (24\/11), a equipe venceu o Santos por 2 a 1 na Ilha do Retiro, terminando a temporada na terceira posi\u00e7\u00e3o, com 66 pontos. O jornalista Fernando Rocha celebrou o feito do time pernambucano. Filho do [&hellip;]","og_url":"https:\/\/www.gaveanews.com\/index.php\/2024\/11\/29\/ex-apresentador-da-rede-globo-compara-cruzeiro-com-time-do-nordeste\/","og_site_name":"G\u00e1vea News","article_publisher":"https:\/\/facebook.com\/gaveaNews\/","article_published_time":"2024-11-29T21:10:00+00:00","og_image":[{"width":1387,"height":924,"url":"http:\/\/www.gaveanews.com\/wp-content\/uploads\/Escudo-do-Cruzeiro.webp","type":"image\/webp"}],"author":"Hudson Pereira","twitter_card":"summary_large_image","twitter_misc":{"Escrito por":"Hudson Pereira","Est. tempo de leitura":"3 minutos"},"schema":{"@context":"https:\/\/schema.org","@graph":[{"@type":"NewsArticle","@id":"https:\/\/www.gaveanews.com\/index.php\/2024\/11\/29\/ex-apresentador-da-rede-globo-compara-cruzeiro-com-time-do-nordeste\/#article","isPartOf":{"@id":"https:\/\/www.gaveanews.com\/index.php\/2024\/11\/29\/ex-apresentador-da-rede-globo-compara-cruzeiro-com-time-do-nordeste\/"},"author":{"name":"Hudson Pereira","@id":"https:\/\/www.gaveanews.com\/#\/schema\/person\/bd08f00534b403119b92741a6d469ef0"},"headline":"Ex-apresentador da Rede Globo compara Cruzeiro com time do Nordeste","datePublished":"2024-11-29T21:10:00+00:00","mainEntityOfPage":{"@id":"https:\/\/www.gaveanews.com\/index.php\/2024\/11\/29\/ex-apresentador-da-rede-globo-compara-cruzeiro-com-time-do-nordeste\/"},"wordCount":440,"commentCount":0,"image":{"@id":"https:\/\/www.gaveanews.com\/index.php\/2024\/11\/29\/ex-apresentador-da-rede-globo-compara-cruzeiro-com-time-do-nordeste\/#primaryimage"},"thumbnailUrl":"https:\/\/www.gaveanews.com\/wp-content\/uploads\/Escudo-do-Cruzeiro.webp","articleSection":["Cruzeiro","Sport"],"inLanguage":"pt-BR","potentialAction":[{"@type":"CommentAction","name":"Comment","target":["https:\/\/www.gaveanews.com\/index.php\/2024\/11\/29\/ex-apresentador-da-rede-globo-compara-cruzeiro-com-time-do-nordeste\/#respond"]}],"copyrightYear":"2024","copyrightHolder":{"@id":"https:\/\/www.gaveanews.com\/#organization"}},{"@type":"WebPage","@id":"https:\/\/www.gaveanews.com\/index.php\/2024\/11\/29\/ex-apresentador-da-rede-globo-compara-cruzeiro-com-time-do-nordeste\/","url":"https:\/\/www.gaveanews.com\/index.php\/2024\/11\/29\/ex-apresentador-da-rede-globo-compara-cruzeiro-com-time-do-nordeste\/","name":"Ex-apresentador da Rede Globo compara Cruzeiro com time do Nordeste","isPartOf":{"@id":"https:\/\/www.gaveanews.com\/#website"},"primaryImageOfPage":{"@id":"https:\/\/www.gaveanews.com\/index.php\/2024\/11\/29\/ex-apresentador-da-rede-globo-compara-cruzeiro-com-time-do-nordeste\/#primaryimage"},"image":{"@id":"https:\/\/www.gaveanews.com\/index.php\/2024\/11\/29\/ex-apresentador-da-rede-globo-compara-cruzeiro-com-time-do-nordeste\/#primaryimage"},"thumbnailUrl":"https:\/\/www.gaveanews.com\/wp-content\/uploads\/Escudo-do-Cruzeiro.webp","datePublished":"2024-11-29T21:10:00+00:00","author":{"@id":"https:\/\/www.gaveanews.com\/#\/schema\/person\/bd08f00534b403119b92741a6d469ef0"},"breadcrumb":{"@id":"https:\/\/www.gaveanews.com\/index.php\/2024\/11\/29\/ex-apresentador-da-rede-globo-compara-cruzeiro-com-time-do-nordeste\/#breadcrumb"},"inLanguage":"pt-BR","potentialAction":[{"@type":"ReadAction","target":["https:\/\/www.gaveanews.com\/index.php\/2024\/11\/29\/ex-apresentador-da-rede-globo-compara-cruzeiro-com-time-do-nordeste\/"]}]},{"@type":"ImageObject","inLanguage":"pt-BR","@id":"https:\/\/www.gaveanews.com\/index.php\/2024\/11\/29\/ex-apresentador-da-rede-globo-compara-cruzeiro-com-time-do-nordeste\/#primaryimage","url":"https:\/\/www.gaveanews.com\/wp-content\/uploads\/Escudo-do-Cruzeiro.webp","contentUrl":"https:\/\/www.gaveanews.com\/wp-content\/uploads\/Escudo-do-Cruzeiro.webp","width":1387,"height":924,"caption":"Escudo do Cruzeiro (Foto: Reprodu\u00e7\u00e3o\/Cruzeiro)"},{"@type":"BreadcrumbList","@id":"https:\/\/www.gaveanews.com\/index.php\/2024\/11\/29\/ex-apresentador-da-rede-globo-compara-cruzeiro-com-time-do-nordeste\/#breadcrumb","itemListElement":[{"@type":"ListItem","position":1,"name":"Home","item":"https:\/\/www.gaveanews.com\/"},{"@type":"ListItem","position":2,"name":"Ex-apresentador da Rede Globo compara Cruzeiro com time do Nordeste"}]},{"@type":"WebSite","@id":"https:\/\/www.gaveanews.com\/#website","url":"https:\/\/www.gaveanews.com\/","name":"G\u00e1vea News","description":"Veja todas as not\u00edcias sobre o Flamengo: Contrata\u00e7\u00f5es, categorias de base, resultados das partidas, tabela de classifica\u00e7\u00e3o, pr\u00f3ximos jogos!","potentialAction":[{"@type":"SearchAction","target":{"@type":"EntryPoint","urlTemplate":"https:\/\/www.gaveanews.com\/?s={search_term_string}"},"query-input":{"@type":"PropertyValueSpecification","valueRequired":true,"valueName":"search_term_string"}}],"inLanguage":"pt-BR"},{"@type":"Person","@id":"https:\/\/www.gaveanews.com\/#\/schema\/person\/bd08f00534b403119b92741a6d469ef0","name":"Hudson Pereira","image":{"@type":"ImageObject","inLanguage":"pt-BR","@id":"https:\/\/www.gaveanews.com\/#\/schema\/person\/image\/","url":"https:\/\/secure.gravatar.com\/avatar\/ecc491b489e454e510efffc9b23c1052ce5fb4f2e05555768ba65819cd55f03e?s=96&d=mm&r=g","contentUrl":"https:\/\/secure.gravatar.com\/avatar\/ecc491b489e454e510efffc9b23c1052ce5fb4f2e05555768ba65819cd55f03e?s=96&d=mm&r=g","caption":"Hudson Pereira"}}]}},"_links":{"self":[{"href":"https:\/\/www.gaveanews.com\/index.php\/wp-json\/wp\/v2\/posts\/192431","targetHints":{"allow":["GET"]}}],"collection":[{"href":"https:\/\/www.gaveanews.com\/index.php\/wp-json\/wp\/v2\/posts"}],"about":[{"href":"https:\/\/www.gaveanews.com\/index.php\/wp-json\/wp\/v2\/types\/post"}],"author":[{"embeddable":true,"href":"https:\/\/www.gaveanews.com\/index.php\/wp-json\/wp\/v2\/users\/28"}],"replies":[{"embeddable":true,"href":"https:\/\/www.gaveanews.com\/index.php\/wp-json\/wp\/v2\/comments?post=192431"}],"version-history":[{"count":1,"href":"https:\/\/www.gaveanews.com\/index.php\/wp-json\/wp\/v2\/posts\/192431\/revisions"}],"predecessor-version":[{"id":192448,"href":"https:\/\/www.gaveanews.com\/index.php\/wp-json\/wp\/v2\/posts\/192431\/revisions\/192448"}],"wp:featuredmedia":[{"embeddable":true,"href":"https:\/\/www.gaveanews.com\/index.php\/wp-json\/wp\/v2\/media\/165466"}],"wp:attachment":[{"href":"https:\/\/www.gaveanews.com\/index.php\/wp-json\/wp\/v2\/media?parent=192431"}],"wp:term":[{"taxonomy":"category","embeddable":true,"href":"https:\/\/www.gaveanews.com\/index.php\/wp-json\/wp\/v2\/categories?post=192431"},{"taxonomy":"post_tag","embeddable":true,"href":"https:\/\/www.gaveanews.com\/index.php\/wp-json\/wp\/v2\/tags?post=192431"}],"curies":[{"name":"wp","href":"https:\/\/api.w.org\/{rel}","templated":true}]}}