{"id":192492,"date":"2024-11-29T18:55:00","date_gmt":"2024-11-29T21:55:00","guid":{"rendered":"https:\/\/www.gaveanews.com\/?p=192492"},"modified":"2024-11-29T18:27:08","modified_gmt":"2024-11-29T21:27:08","slug":"tecnico-do-botafogo-artur-jorge-e-sincero-sobre-final-da-libertadores","status":"publish","type":"post","link":"https:\/\/www.gaveanews.com\/index.php\/2024\/11\/29\/tecnico-do-botafogo-artur-jorge-e-sincero-sobre-final-da-libertadores\/","title":{"rendered":"T\u00e9cnico do Botafogo, Artur Jorge \u00e9 sincero sobre final da Libertadores"},"content":{"rendered":"\n<p>A final da Libertadores entre Botafogo e Atl\u00e9tico-MG promete ser hist\u00f3rica, e para Artur Jorge, t\u00e9cnico alvinegro, este \u00e9 o jogo mais importante de sua carreira. Em entrevista coletiva na v\u00e9spera da decis\u00e3o, realizada no Monumental de N\u00fa\u00f1ez, em Buenos Aires, o treinador destacou a responsabilidade de liderar sua equipe em busca de um t\u00edtulo in\u00e9dito para o clube carioca.<\/p>\n\n\n\n<ul class=\"wp-block-list\">\n<li><a href=\"https:\/\/www.gaveanews.com\/index.php\/2024\/11\/29\/atletico-mg-x-botafogo-transmissao-ao-vivo-pela-libertadores\/\">Atl\u00e9tico-MG x Botafogo: transmiss\u00e3o ao vivo pela Libertadores<\/a><\/li>\n\n\n\n<li><a href=\"https:\/\/www.gaveanews.com\/index.php\/2024\/11\/29\/video-torcida-do-botafogo-faz-festa-para-jhon-textor\/\">V\u00eddeo: Torcida do Botafogo faz festa para Jhon Textor<\/a><\/li>\n<\/ul>\n\n\n\n<h2 class=\"wp-block-heading\" id=\"h-responsabilidade-e-motivacao-para-a-grande-final\">Responsabilidade e motiva\u00e7\u00e3o para a grande final<\/h2>\n\n\n\n<p>Artur Jorge reconheceu o peso da partida e o sonho da torcida alvinegra, ressaltando o quanto isso impacta sua motiva\u00e7\u00e3o: \u201cArrisco dizer que \u00e9 o jogo mais importante da minha carreira. Carregamos a responsabilidade de muitas pessoas, mas isso n\u00e3o tira o prazer de viver esse momento\u201d, afirmou.&nbsp;<\/p>\n\n\n\n<p>Para o comandante, \u00e9 uma honra liderar o Botafogo em uma final hist\u00f3rica, destacando sua ambi\u00e7\u00e3o de fazer parte da hist\u00f3ria do clube e conquistar o t\u00e3o desejado trof\u00e9u da Libertadores.<\/p>\n\n\n\n<h2 class=\"wp-block-heading\" id=\"h-preparacao-e-competitividade-no-elenco\">Prepara\u00e7\u00e3o e competitividade no elenco<\/h2>\n\n\n\n<p>Al\u00e9m de Artur Jorge, Marlon Freitas, capit\u00e3o do Botafogo, tamb\u00e9m participou da coletiva, destacando a prepara\u00e7\u00e3o do time para a final. O volante ressaltou a qualidade do elenco, enfatizando que ambas as equipes chegaram \u00e0 decis\u00e3o merecidamente: \u201cAcredito que as duas equipes est\u00e3o preparadas para conquistar o t\u00edtulo. O momento \u00e9 \u00fanico e estamos prontos para dar nosso melhor\u201d, afirmou Marlon.&nbsp;<\/p>\n\n\n\n<p>Para Artur Jorge, a competitividade interna tem sido fundamental. O t\u00e9cnico reconheceu a qualidade de todos os jogadores, afirmando que a equipe est\u00e1 em uma constante busca pelo melhor rendimento, independentemente de quem comece a partida.<\/p>\n\n\n\n<h2 class=\"wp-block-heading\" id=\"h-o-desejo-de-repetir-o-sucesso-de-outros-treinadores\">O desejo de repetir o sucesso de outros treinadores<\/h2>\n\n\n\n<p>Artur Jorge tamb\u00e9m falou sobre a inspira\u00e7\u00e3o que tira de outros treinadores, como Jorge Jesus e Abel Ferreira, que conquistaram a Libertadores com seus clubes. Ele destacou que o objetivo \u00e9 liderar o Botafogo com determina\u00e7\u00e3o e ambi\u00e7\u00e3o para alcan\u00e7ar o t\u00edtulo, sem se deixar abater pelas expectativas externas.&nbsp;<\/p>\n\n\n\n<p>O treinador sabe que, para alcan\u00e7ar a gl\u00f3ria, ser\u00e1 necess\u00e1rio lutar at\u00e9 o \u00faltimo minuto, fazendo ajustes pontuais e guiando a equipe com sua vis\u00e3o estrat\u00e9gica.<\/p>\n\n\n\n<h2 class=\"wp-block-heading\" id=\"h-fe-na-vitoria-e-a-esperanca-de-fazer-historia\">F\u00e9 na vit\u00f3ria e a esperan\u00e7a de fazer hist\u00f3ria<\/h2>\n\n\n\n<p>Para o t\u00e9cnico, a final n\u00e3o \u00e9 apenas um confronto decisivo, mas uma chance de fazer hist\u00f3ria. &#8220;Sabemos que a tarefa ser\u00e1 dif\u00edcil, mas confiamos nos nossos jogadores. Eles v\u00e3o lutar com todas as for\u00e7as para conquistar o t\u00edtulo&#8221;, declarou Artur Jorge.&nbsp;<\/p>\n\n\n\n<p>A confian\u00e7a do treinador reflete-se tamb\u00e9m na uni\u00e3o e no esp\u00edrito coletivo do grupo, que tem sido fundamental ao longo da temporada.<\/p>\n\n\n\n<p>Botafogo e Atl\u00e9tico-MG se enfrentam neste s\u00e1bado, \u00e0s 17h (hor\u00e1rio de Bras\u00edlia), e o clube carioca tem a oportunidade de fazer hist\u00f3ria ao conquistar seu primeiro t\u00edtulo da Libertadores.<\/p>\n","protected":false},"excerpt":{"rendered":"<p>A final da Libertadores entre Botafogo e Atl\u00e9tico-MG promete ser hist\u00f3rica, e para Artur Jorge, t\u00e9cnico alvinegro, este \u00e9 o jogo mais importante de sua carreira. Em entrevista coletiva na v\u00e9spera da decis\u00e3o, realizada no Monumental de N\u00fa\u00f1ez, em Buenos Aires, o treinador destacou a responsabilidade de liderar sua equipe em busca de um t\u00edtulo [&hellip;]<\/p>\n","protected":false},"author":24,"featured_media":149047,"comment_status":"open","ping_status":"closed","sticky":false,"template":"","format":"standard","meta":{"footnotes":""},"categories":[138],"tags":[],"class_list":["post-192492","post","type-post","status-publish","format-standard","has-post-thumbnail","hentry","category-botafogo"],"yoast_head":"<!-- This site is optimized with the Yoast SEO Premium plugin v24.2 (Yoast SEO v26.9) - https:\/\/yoast.com\/product\/yoast-seo-premium-wordpress\/ -->\n<title>T\u00e9cnico do Botafogo, Artur Jorge \u00e9 sincero sobre final da Libertadores<\/title>\n<meta name=\"robots\" content=\"index, follow, max-snippet:-1, max-image-preview:large, max-video-preview:-1\" \/>\n<link rel=\"canonical\" href=\"https:\/\/www.gaveanews.com\/index.php\/2024\/11\/29\/tecnico-do-botafogo-artur-jorge-e-sincero-sobre-final-da-libertadores\/\" \/>\n<meta property=\"og:locale\" content=\"pt_BR\" \/>\n<meta property=\"og:type\" content=\"article\" \/>\n<meta property=\"og:title\" content=\"T\u00e9cnico do Botafogo, Artur Jorge \u00e9 sincero sobre final da Libertadores\" \/>\n<meta property=\"og:description\" content=\"A final da Libertadores entre Botafogo e Atl\u00e9tico-MG promete ser hist\u00f3rica, e para Artur Jorge, t\u00e9cnico alvinegro, este \u00e9 o jogo mais importante de sua carreira. Em entrevista coletiva na v\u00e9spera da decis\u00e3o, realizada no Monumental de N\u00fa\u00f1ez, em Buenos Aires, o treinador destacou a responsabilidade de liderar sua equipe em busca de um t\u00edtulo [&hellip;]\" \/>\n<meta property=\"og:url\" content=\"https:\/\/www.gaveanews.com\/index.php\/2024\/11\/29\/tecnico-do-botafogo-artur-jorge-e-sincero-sobre-final-da-libertadores\/\" \/>\n<meta property=\"og:site_name\" content=\"G\u00e1vea News\" \/>\n<meta property=\"article:publisher\" content=\"https:\/\/facebook.com\/gaveaNews\/\" \/>\n<meta property=\"article:published_time\" content=\"2024-11-29T21:55:00+00:00\" \/>\n<meta property=\"og:image\" content=\"https:\/\/www.gaveanews.com\/wp-content\/uploads\/artur-jorge-coletiva.webp\" \/>\n\t<meta property=\"og:image:width\" content=\"795\" \/>\n\t<meta property=\"og:image:height\" content=\"448\" \/>\n\t<meta property=\"og:image:type\" content=\"image\/webp\" \/>\n<meta name=\"author\" content=\"Leandro Cardoso\" \/>\n<meta name=\"twitter:card\" content=\"summary_large_image\" \/>\n<meta name=\"twitter:label1\" content=\"Escrito por\" \/>\n\t<meta name=\"twitter:data1\" content=\"Leandro Cardoso\" \/>\n\t<meta name=\"twitter:label2\" content=\"Est. tempo de leitura\" \/>\n\t<meta name=\"twitter:data2\" content=\"3 minutos\" \/>\n<script type=\"application\/ld+json\" class=\"yoast-schema-graph\">{\"@context\":\"https:\/\/schema.org\",\"@graph\":[{\"@type\":\"NewsArticle\",\"@id\":\"https:\/\/www.gaveanews.com\/index.php\/2024\/11\/29\/tecnico-do-botafogo-artur-jorge-e-sincero-sobre-final-da-libertadores\/#article\",\"isPartOf\":{\"@id\":\"https:\/\/www.gaveanews.com\/index.php\/2024\/11\/29\/tecnico-do-botafogo-artur-jorge-e-sincero-sobre-final-da-libertadores\/\"},\"author\":{\"name\":\"Leandro Cardoso\",\"@id\":\"https:\/\/www.gaveanews.com\/#\/schema\/person\/2424ec6409bc3f068411fc5e4e9b6168\"},\"headline\":\"T\u00e9cnico do Botafogo, Artur Jorge \u00e9 sincero sobre final da Libertadores\",\"datePublished\":\"2024-11-29T21:55:00+00:00\",\"mainEntityOfPage\":{\"@id\":\"https:\/\/www.gaveanews.com\/index.php\/2024\/11\/29\/tecnico-do-botafogo-artur-jorge-e-sincero-sobre-final-da-libertadores\/\"},\"wordCount\":518,\"commentCount\":0,\"image\":{\"@id\":\"https:\/\/www.gaveanews.com\/index.php\/2024\/11\/29\/tecnico-do-botafogo-artur-jorge-e-sincero-sobre-final-da-libertadores\/#primaryimage\"},\"thumbnailUrl\":\"https:\/\/www.gaveanews.com\/wp-content\/uploads\/artur-jorge-coletiva.webp\",\"articleSection\":[\"Botafogo\"],\"inLanguage\":\"pt-BR\",\"potentialAction\":[{\"@type\":\"CommentAction\",\"name\":\"Comment\",\"target\":[\"https:\/\/www.gaveanews.com\/index.php\/2024\/11\/29\/tecnico-do-botafogo-artur-jorge-e-sincero-sobre-final-da-libertadores\/#respond\"]}],\"copyrightYear\":\"2024\",\"copyrightHolder\":{\"@id\":\"https:\/\/www.gaveanews.com\/#organization\"}},{\"@type\":\"WebPage\",\"@id\":\"https:\/\/www.gaveanews.com\/index.php\/2024\/11\/29\/tecnico-do-botafogo-artur-jorge-e-sincero-sobre-final-da-libertadores\/\",\"url\":\"https:\/\/www.gaveanews.com\/index.php\/2024\/11\/29\/tecnico-do-botafogo-artur-jorge-e-sincero-sobre-final-da-libertadores\/\",\"name\":\"T\u00e9cnico do Botafogo, Artur Jorge \u00e9 sincero sobre final da Libertadores\",\"isPartOf\":{\"@id\":\"https:\/\/www.gaveanews.com\/#website\"},\"primaryImageOfPage\":{\"@id\":\"https:\/\/www.gaveanews.com\/index.php\/2024\/11\/29\/tecnico-do-botafogo-artur-jorge-e-sincero-sobre-final-da-libertadores\/#primaryimage\"},\"image\":{\"@id\":\"https:\/\/www.gaveanews.com\/index.php\/2024\/11\/29\/tecnico-do-botafogo-artur-jorge-e-sincero-sobre-final-da-libertadores\/#primaryimage\"},\"thumbnailUrl\":\"https:\/\/www.gaveanews.com\/wp-content\/uploads\/artur-jorge-coletiva.webp\",\"datePublished\":\"2024-11-29T21:55:00+00:00\",\"author\":{\"@id\":\"https:\/\/www.gaveanews.com\/#\/schema\/person\/2424ec6409bc3f068411fc5e4e9b6168\"},\"breadcrumb\":{\"@id\":\"https:\/\/www.gaveanews.com\/index.php\/2024\/11\/29\/tecnico-do-botafogo-artur-jorge-e-sincero-sobre-final-da-libertadores\/#breadcrumb\"},\"inLanguage\":\"pt-BR\",\"potentialAction\":[{\"@type\":\"ReadAction\",\"target\":[\"https:\/\/www.gaveanews.com\/index.php\/2024\/11\/29\/tecnico-do-botafogo-artur-jorge-e-sincero-sobre-final-da-libertadores\/\"]}]},{\"@type\":\"ImageObject\",\"inLanguage\":\"pt-BR\",\"@id\":\"https:\/\/www.gaveanews.com\/index.php\/2024\/11\/29\/tecnico-do-botafogo-artur-jorge-e-sincero-sobre-final-da-libertadores\/#primaryimage\",\"url\":\"https:\/\/www.gaveanews.com\/wp-content\/uploads\/artur-jorge-coletiva.webp\",\"contentUrl\":\"https:\/\/www.gaveanews.com\/wp-content\/uploads\/artur-jorge-coletiva.webp\",\"width\":795,\"height\":448,\"caption\":\"Foto: Reprodu\u00e7\u00e3o\"},{\"@type\":\"BreadcrumbList\",\"@id\":\"https:\/\/www.gaveanews.com\/index.php\/2024\/11\/29\/tecnico-do-botafogo-artur-jorge-e-sincero-sobre-final-da-libertadores\/#breadcrumb\",\"itemListElement\":[{\"@type\":\"ListItem\",\"position\":1,\"name\":\"Home\",\"item\":\"https:\/\/www.gaveanews.com\/\"},{\"@type\":\"ListItem\",\"position\":2,\"name\":\"T\u00e9cnico do Botafogo, Artur Jorge \u00e9 sincero sobre final da Libertadores\"}]},{\"@type\":\"WebSite\",\"@id\":\"https:\/\/www.gaveanews.com\/#website\",\"url\":\"https:\/\/www.gaveanews.com\/\",\"name\":\"G\u00e1vea News\",\"description\":\"Veja todas as not\u00edcias sobre o Flamengo: Contrata\u00e7\u00f5es, categorias de base, resultados das partidas, tabela de classifica\u00e7\u00e3o, pr\u00f3ximos jogos!\",\"potentialAction\":[{\"@type\":\"SearchAction\",\"target\":{\"@type\":\"EntryPoint\",\"urlTemplate\":\"https:\/\/www.gaveanews.com\/?s={search_term_string}\"},\"query-input\":{\"@type\":\"PropertyValueSpecification\",\"valueRequired\":true,\"valueName\":\"search_term_string\"}}],\"inLanguage\":\"pt-BR\"},{\"@type\":\"Person\",\"@id\":\"https:\/\/www.gaveanews.com\/#\/schema\/person\/2424ec6409bc3f068411fc5e4e9b6168\",\"name\":\"Leandro Cardoso\",\"image\":{\"@type\":\"ImageObject\",\"inLanguage\":\"pt-BR\",\"@id\":\"https:\/\/www.gaveanews.com\/#\/schema\/person\/image\/\",\"url\":\"https:\/\/secure.gravatar.com\/avatar\/8ca179f9b55eefe9f376f5493ef25475bfa59fbc28ce937f6076ce20e523098f?s=96&d=mm&r=g\",\"contentUrl\":\"https:\/\/secure.gravatar.com\/avatar\/8ca179f9b55eefe9f376f5493ef25475bfa59fbc28ce937f6076ce20e523098f?s=96&d=mm&r=g\",\"caption\":\"Leandro Cardoso\"}}]}<\/script>\n<!-- \/ Yoast SEO Premium plugin. -->","yoast_head_json":{"title":"T\u00e9cnico do Botafogo, Artur Jorge \u00e9 sincero sobre final da Libertadores","robots":{"index":"index","follow":"follow","max-snippet":"max-snippet:-1","max-image-preview":"max-image-preview:large","max-video-preview":"max-video-preview:-1"},"canonical":"https:\/\/www.gaveanews.com\/index.php\/2024\/11\/29\/tecnico-do-botafogo-artur-jorge-e-sincero-sobre-final-da-libertadores\/","og_locale":"pt_BR","og_type":"article","og_title":"T\u00e9cnico do Botafogo, Artur Jorge \u00e9 sincero sobre final da Libertadores","og_description":"A final da Libertadores entre Botafogo e Atl\u00e9tico-MG promete ser hist\u00f3rica, e para Artur Jorge, t\u00e9cnico alvinegro, este \u00e9 o jogo mais importante de sua carreira. Em entrevista coletiva na v\u00e9spera da decis\u00e3o, realizada no Monumental de N\u00fa\u00f1ez, em Buenos Aires, o treinador destacou a responsabilidade de liderar sua equipe em busca de um t\u00edtulo [&hellip;]","og_url":"https:\/\/www.gaveanews.com\/index.php\/2024\/11\/29\/tecnico-do-botafogo-artur-jorge-e-sincero-sobre-final-da-libertadores\/","og_site_name":"G\u00e1vea News","article_publisher":"https:\/\/facebook.com\/gaveaNews\/","article_published_time":"2024-11-29T21:55:00+00:00","og_image":[{"width":795,"height":448,"url":"https:\/\/www.gaveanews.com\/wp-content\/uploads\/artur-jorge-coletiva.webp","type":"image\/webp"}],"author":"Leandro Cardoso","twitter_card":"summary_large_image","twitter_misc":{"Escrito por":"Leandro Cardoso","Est. tempo de leitura":"3 minutos"},"schema":{"@context":"https:\/\/schema.org","@graph":[{"@type":"NewsArticle","@id":"https:\/\/www.gaveanews.com\/index.php\/2024\/11\/29\/tecnico-do-botafogo-artur-jorge-e-sincero-sobre-final-da-libertadores\/#article","isPartOf":{"@id":"https:\/\/www.gaveanews.com\/index.php\/2024\/11\/29\/tecnico-do-botafogo-artur-jorge-e-sincero-sobre-final-da-libertadores\/"},"author":{"name":"Leandro Cardoso","@id":"https:\/\/www.gaveanews.com\/#\/schema\/person\/2424ec6409bc3f068411fc5e4e9b6168"},"headline":"T\u00e9cnico do Botafogo, Artur Jorge \u00e9 sincero sobre final da Libertadores","datePublished":"2024-11-29T21:55:00+00:00","mainEntityOfPage":{"@id":"https:\/\/www.gaveanews.com\/index.php\/2024\/11\/29\/tecnico-do-botafogo-artur-jorge-e-sincero-sobre-final-da-libertadores\/"},"wordCount":518,"commentCount":0,"image":{"@id":"https:\/\/www.gaveanews.com\/index.php\/2024\/11\/29\/tecnico-do-botafogo-artur-jorge-e-sincero-sobre-final-da-libertadores\/#primaryimage"},"thumbnailUrl":"https:\/\/www.gaveanews.com\/wp-content\/uploads\/artur-jorge-coletiva.webp","articleSection":["Botafogo"],"inLanguage":"pt-BR","potentialAction":[{"@type":"CommentAction","name":"Comment","target":["https:\/\/www.gaveanews.com\/index.php\/2024\/11\/29\/tecnico-do-botafogo-artur-jorge-e-sincero-sobre-final-da-libertadores\/#respond"]}],"copyrightYear":"2024","copyrightHolder":{"@id":"https:\/\/www.gaveanews.com\/#organization"}},{"@type":"WebPage","@id":"https:\/\/www.gaveanews.com\/index.php\/2024\/11\/29\/tecnico-do-botafogo-artur-jorge-e-sincero-sobre-final-da-libertadores\/","url":"https:\/\/www.gaveanews.com\/index.php\/2024\/11\/29\/tecnico-do-botafogo-artur-jorge-e-sincero-sobre-final-da-libertadores\/","name":"T\u00e9cnico do Botafogo, Artur Jorge \u00e9 sincero sobre final da Libertadores","isPartOf":{"@id":"https:\/\/www.gaveanews.com\/#website"},"primaryImageOfPage":{"@id":"https:\/\/www.gaveanews.com\/index.php\/2024\/11\/29\/tecnico-do-botafogo-artur-jorge-e-sincero-sobre-final-da-libertadores\/#primaryimage"},"image":{"@id":"https:\/\/www.gaveanews.com\/index.php\/2024\/11\/29\/tecnico-do-botafogo-artur-jorge-e-sincero-sobre-final-da-libertadores\/#primaryimage"},"thumbnailUrl":"https:\/\/www.gaveanews.com\/wp-content\/uploads\/artur-jorge-coletiva.webp","datePublished":"2024-11-29T21:55:00+00:00","author":{"@id":"https:\/\/www.gaveanews.com\/#\/schema\/person\/2424ec6409bc3f068411fc5e4e9b6168"},"breadcrumb":{"@id":"https:\/\/www.gaveanews.com\/index.php\/2024\/11\/29\/tecnico-do-botafogo-artur-jorge-e-sincero-sobre-final-da-libertadores\/#breadcrumb"},"inLanguage":"pt-BR","potentialAction":[{"@type":"ReadAction","target":["https:\/\/www.gaveanews.com\/index.php\/2024\/11\/29\/tecnico-do-botafogo-artur-jorge-e-sincero-sobre-final-da-libertadores\/"]}]},{"@type":"ImageObject","inLanguage":"pt-BR","@id":"https:\/\/www.gaveanews.com\/index.php\/2024\/11\/29\/tecnico-do-botafogo-artur-jorge-e-sincero-sobre-final-da-libertadores\/#primaryimage","url":"https:\/\/www.gaveanews.com\/wp-content\/uploads\/artur-jorge-coletiva.webp","contentUrl":"https:\/\/www.gaveanews.com\/wp-content\/uploads\/artur-jorge-coletiva.webp","width":795,"height":448,"caption":"Foto: Reprodu\u00e7\u00e3o"},{"@type":"BreadcrumbList","@id":"https:\/\/www.gaveanews.com\/index.php\/2024\/11\/29\/tecnico-do-botafogo-artur-jorge-e-sincero-sobre-final-da-libertadores\/#breadcrumb","itemListElement":[{"@type":"ListItem","position":1,"name":"Home","item":"https:\/\/www.gaveanews.com\/"},{"@type":"ListItem","position":2,"name":"T\u00e9cnico do Botafogo, Artur Jorge \u00e9 sincero sobre final da Libertadores"}]},{"@type":"WebSite","@id":"https:\/\/www.gaveanews.com\/#website","url":"https:\/\/www.gaveanews.com\/","name":"G\u00e1vea News","description":"Veja todas as not\u00edcias sobre o Flamengo: Contrata\u00e7\u00f5es, categorias de base, resultados das partidas, tabela de classifica\u00e7\u00e3o, pr\u00f3ximos jogos!","potentialAction":[{"@type":"SearchAction","target":{"@type":"EntryPoint","urlTemplate":"https:\/\/www.gaveanews.com\/?s={search_term_string}"},"query-input":{"@type":"PropertyValueSpecification","valueRequired":true,"valueName":"search_term_string"}}],"inLanguage":"pt-BR"},{"@type":"Person","@id":"https:\/\/www.gaveanews.com\/#\/schema\/person\/2424ec6409bc3f068411fc5e4e9b6168","name":"Leandro Cardoso","image":{"@type":"ImageObject","inLanguage":"pt-BR","@id":"https:\/\/www.gaveanews.com\/#\/schema\/person\/image\/","url":"https:\/\/secure.gravatar.com\/avatar\/8ca179f9b55eefe9f376f5493ef25475bfa59fbc28ce937f6076ce20e523098f?s=96&d=mm&r=g","contentUrl":"https:\/\/secure.gravatar.com\/avatar\/8ca179f9b55eefe9f376f5493ef25475bfa59fbc28ce937f6076ce20e523098f?s=96&d=mm&r=g","caption":"Leandro Cardoso"}}]}},"_links":{"self":[{"href":"https:\/\/www.gaveanews.com\/index.php\/wp-json\/wp\/v2\/posts\/192492","targetHints":{"allow":["GET"]}}],"collection":[{"href":"https:\/\/www.gaveanews.com\/index.php\/wp-json\/wp\/v2\/posts"}],"about":[{"href":"https:\/\/www.gaveanews.com\/index.php\/wp-json\/wp\/v2\/types\/post"}],"author":[{"embeddable":true,"href":"https:\/\/www.gaveanews.com\/index.php\/wp-json\/wp\/v2\/users\/24"}],"replies":[{"embeddable":true,"href":"https:\/\/www.gaveanews.com\/index.php\/wp-json\/wp\/v2\/comments?post=192492"}],"version-history":[{"count":1,"href":"https:\/\/www.gaveanews.com\/index.php\/wp-json\/wp\/v2\/posts\/192492\/revisions"}],"predecessor-version":[{"id":192493,"href":"https:\/\/www.gaveanews.com\/index.php\/wp-json\/wp\/v2\/posts\/192492\/revisions\/192493"}],"wp:featuredmedia":[{"embeddable":true,"href":"https:\/\/www.gaveanews.com\/index.php\/wp-json\/wp\/v2\/media\/149047"}],"wp:attachment":[{"href":"https:\/\/www.gaveanews.com\/index.php\/wp-json\/wp\/v2\/media?parent=192492"}],"wp:term":[{"taxonomy":"category","embeddable":true,"href":"https:\/\/www.gaveanews.com\/index.php\/wp-json\/wp\/v2\/categories?post=192492"},{"taxonomy":"post_tag","embeddable":true,"href":"https:\/\/www.gaveanews.com\/index.php\/wp-json\/wp\/v2\/tags?post=192492"}],"curies":[{"name":"wp","href":"https:\/\/api.w.org\/{rel}","templated":true}]}}