{"id":192502,"date":"2024-11-29T19:05:00","date_gmt":"2024-11-29T22:05:00","guid":{"rendered":"https:\/\/www.gaveanews.com\/?p=192502"},"modified":"2024-11-29T19:19:25","modified_gmt":"2024-11-29T22:19:25","slug":"mais-de-2-bilhoes-veja-o-valor-da-divida-do-corinthians","status":"publish","type":"post","link":"https:\/\/www.gaveanews.com\/index.php\/2024\/11\/29\/mais-de-2-bilhoes-veja-o-valor-da-divida-do-corinthians\/","title":{"rendered":"Corinthians d\u00e1 satisfa\u00e7\u00e3o \u00e0 Justi\u00e7a"},"content":{"rendered":"\n<p>A crise financeira do Corinthians chegou a um ponto alarmante, com a atualiza\u00e7\u00e3o da d\u00edvida total do clube para R$ 2,4 bilh\u00f5es. Esse valor, que j\u00e1 era consider\u00e1vel, aumentou em R$ 100 milh\u00f5es desde o \u00faltimo levantamento apresentado no evento &#8220;Dia da Transpar\u00eancia&#8221;, realizado em setembro.&nbsp;<\/p>\n\n\n\n<ul class=\"wp-block-list\">\n<li><a href=\"https:\/\/www.gaveanews.com\/index.php\/2024\/11\/28\/corinthians-e-punido-pelo-stjd\/\">Corinthians \u00e9 punido pelo STJD<\/a><\/li>\n\n\n\n<li><a href=\"https:\/\/www.gaveanews.com\/index.php\/2024\/11\/29\/video-emissora-tem-atitude-inusitada-com-depay-do-corinthians\/\">V\u00eddeo: emissora tem atitude inusitada com Depay, do Corinthians<\/a><\/li>\n<\/ul>\n\n\n\n<p>O clube, que est\u00e1 buscando a recupera\u00e7\u00e3o judicial, apresentou essa cifra em um pedido \u00e0 Justi\u00e7a para o Regime Centralizado de Execu\u00e7\u00f5es (REC), uma medida que visa reestruturar suas finan\u00e7as e facilitar a negocia\u00e7\u00e3o coletiva de suas d\u00edvidas.<\/p>\n\n\n\n<h2 class=\"wp-block-heading\" id=\"h-o-peso-da-divida-da-arena\">O peso da d\u00edvida da Arena<\/h2>\n\n\n\n<p>Entre as principais d\u00edvidas do Corinthians, destaca-se o valor de R$ 704 milh\u00f5es com a Caixa Econ\u00f4mica Federal, referente ao financiamento da Neo Qu\u00edmica Arena. Esse montante \u00e9 uma das maiores responsabilidades financeiras do clube, o que motivou a cria\u00e7\u00e3o da campanha de arrecada\u00e7\u00e3o &#8220;Doe Arena&#8221;, liderada pela Gavi\u00f5es da Fiel.&nbsp;<\/p>\n\n\n\n<p>Vale destacar que a iniciativa est\u00e1 sendo um sucesso, arrecadando R$ 10 milh\u00f5es em apenas dois dias, com o objetivo de ajudar a quitar a d\u00edvida do est\u00e1dio.<\/p>\n\n\n\n<p>Dessa maneira, o clube alvinegro tenta aliviar a pesada carga da Arena, que compromete boa parte das suas finan\u00e7as. Al\u00e9m disso, a vaquinha est\u00e1 sendo organizada com o apoio da Caixa Econ\u00f4mica, com a promessa de que os recursos ser\u00e3o aplicados exclusivamente no pagamento da d\u00edvida do est\u00e1dio.<\/p>\n\n\n\n<h2 class=\"wp-block-heading\" id=\"h-as-dividas-com-jogadores-e-a-falta-de-fluxo-de-caixa\">As d\u00edvidas com jogadores e a falta de fluxo de caixa<\/h2>\n\n\n\n<p>Al\u00e9m das d\u00edvidas com a Arena, o Corinthians enfrenta s\u00e9rias dificuldades financeiras em rela\u00e7\u00e3o ao pagamento de seus jogadores, fornecedores e outros credores. O clube tem um \u201cfluxo de caixa estrangulado\u201d, com o que \u00e9 conhecido como insolv\u00eancia moment\u00e2nea, dificultando a quita\u00e7\u00e3o das obriga\u00e7\u00f5es de curto prazo, como os sal\u00e1rios dos atletas.<\/p>\n\n\n\n<p>Somente em 2024, o Corinthians teve mais de R$ 50 milh\u00f5es bloqueados devido a a\u00e7\u00f5es judiciais, uma situa\u00e7\u00e3o que agrava ainda mais a crise financeira.&nbsp;<\/p>\n\n\n\n<p>O clube tamb\u00e9m registrou penhoras de mais de R$ 19 milh\u00f5es, devido a uma d\u00edvida com a antiga patrocinadora Pixbet, que afetaram diretamente sua capacidade de cumprir compromissos. Por isso, o Corinthians est\u00e1 buscando uma forma de renegociar essas d\u00edvidas de maneira coletiva, para evitar que a situa\u00e7\u00e3o piore ainda mais.<\/p>\n\n\n\n<h2 class=\"wp-block-heading\" id=\"h-o-papel-do-regime-centralizado-de-execucoes-rec\">O papel do Regime Centralizado de Execu\u00e7\u00f5es (REC)<\/h2>\n\n\n\n<p>O Regime Centralizado de Execu\u00e7\u00f5es \u00e9 uma das alternativas do Corinthians para tentar minimizar os impactos dessa d\u00edvida gigante.&nbsp;<\/p>\n\n\n\n<p>Com isso, o clube busca negociar de forma organizada e coletiva suas d\u00edvidas com os credores, incluindo clubes e empres\u00e1rios, a fim de parcelar as d\u00edvidas ao longo de v\u00e1rios anos e impedir novos bloqueios judiciais.&nbsp;<\/p>\n\n\n\n<p>Sendo assim, o Corinthians tem a expectativa de que o REC ser\u00e1 fundamental para reequilibrar suas finan\u00e7as, al\u00e9m de cortar custos e aumentar receitas.<\/p>\n\n\n\n<h2 class=\"wp-block-heading\" id=\"h-projecoes-e-cortes-necessarios\">Proje\u00e7\u00f5es e cortes necess\u00e1rios<\/h2>\n\n\n\n<p>A gest\u00e3o de Augusto Melo, atual presidente do Corinthians, tem feito esfor\u00e7os para cortar gastos e aumentar a receita.&nbsp;<\/p>\n\n\n\n<p>O clube prev\u00ea que, mesmo com a renegocia\u00e7\u00e3o das d\u00edvidas, ser\u00e1 necess\u00e1rio adotar medidas mais dr\u00e1sticas para equilibrar o or\u00e7amento. Com isso, o Corinthians vai precisar de um plano robusto para reduzir seus custos operacionais, que s\u00e3o alt\u00edssimos, principalmente no futebol profissional.<\/p>\n\n\n\n<p>Por isso, o clube se encontra em um cen\u00e1rio desafiador, onde a renegocia\u00e7\u00e3o das d\u00edvidas com jogadores, clubes e empresas ser\u00e1 crucial para garantir a continuidade das atividades e a estabilidade financeira a longo prazo. Isso porque, a cada dia que passa, a d\u00edvida aumenta e os bloqueios judiciais se tornam mais recorrentes.<\/p>\n","protected":false},"excerpt":{"rendered":"<p>A crise financeira do Corinthians chegou a um ponto alarmante, com a atualiza\u00e7\u00e3o da d\u00edvida total do clube para R$ 2,4 bilh\u00f5es. Esse valor, que j\u00e1 era consider\u00e1vel, aumentou em R$ 100 milh\u00f5es desde o \u00faltimo levantamento apresentado no evento &#8220;Dia da Transpar\u00eancia&#8221;, realizado em setembro.&nbsp; O clube, que est\u00e1 buscando a recupera\u00e7\u00e3o judicial, apresentou [&hellip;]<\/p>\n","protected":false},"author":24,"featured_media":154473,"comment_status":"open","ping_status":"closed","sticky":false,"template":"","format":"standard","meta":{"footnotes":""},"categories":[141],"tags":[],"class_list":["post-192502","post","type-post","status-publish","format-standard","has-post-thumbnail","hentry","category-corinthians"],"yoast_head":"<!-- This site is optimized with the Yoast SEO Premium plugin v24.2 (Yoast SEO v26.9) - https:\/\/yoast.com\/product\/yoast-seo-premium-wordpress\/ -->\n<title>Corinthians d\u00e1 satisfa\u00e7\u00e3o \u00e0 Justi\u00e7a<\/title>\n<meta name=\"robots\" content=\"index, follow, max-snippet:-1, max-image-preview:large, max-video-preview:-1\" \/>\n<link rel=\"canonical\" href=\"https:\/\/www.gaveanews.com\/index.php\/2024\/11\/29\/mais-de-2-bilhoes-veja-o-valor-da-divida-do-corinthians\/\" \/>\n<meta property=\"og:locale\" content=\"pt_BR\" \/>\n<meta property=\"og:type\" content=\"article\" \/>\n<meta property=\"og:title\" content=\"Corinthians d\u00e1 satisfa\u00e7\u00e3o \u00e0 Justi\u00e7a\" \/>\n<meta property=\"og:description\" content=\"A crise financeira do Corinthians chegou a um ponto alarmante, com a atualiza\u00e7\u00e3o da d\u00edvida total do clube para R$ 2,4 bilh\u00f5es. Esse valor, que j\u00e1 era consider\u00e1vel, aumentou em R$ 100 milh\u00f5es desde o \u00faltimo levantamento apresentado no evento &#8220;Dia da Transpar\u00eancia&#8221;, realizado em setembro.&nbsp; O clube, que est\u00e1 buscando a recupera\u00e7\u00e3o judicial, apresentou [&hellip;]\" \/>\n<meta property=\"og:url\" content=\"https:\/\/www.gaveanews.com\/index.php\/2024\/11\/29\/mais-de-2-bilhoes-veja-o-valor-da-divida-do-corinthians\/\" \/>\n<meta property=\"og:site_name\" content=\"G\u00e1vea News\" \/>\n<meta property=\"article:publisher\" content=\"https:\/\/facebook.com\/gaveaNews\/\" \/>\n<meta property=\"article:published_time\" content=\"2024-11-29T22:05:00+00:00\" \/>\n<meta property=\"article:modified_time\" content=\"2024-11-29T22:19:25+00:00\" \/>\n<meta property=\"og:image\" content=\"https:\/\/www.gaveanews.com\/wp-content\/uploads\/Escudo-do-Corinthians-na-Neo-Quimica-Arena.webp\" \/>\n\t<meta property=\"og:image:width\" content=\"1440\" \/>\n\t<meta property=\"og:image:height\" content=\"959\" \/>\n\t<meta property=\"og:image:type\" content=\"image\/jpeg\" \/>\n<meta name=\"author\" content=\"Leandro Cardoso\" \/>\n<meta name=\"twitter:card\" content=\"summary_large_image\" \/>\n<meta name=\"twitter:label1\" content=\"Escrito por\" \/>\n\t<meta name=\"twitter:data1\" content=\"Leandro Cardoso\" \/>\n\t<meta name=\"twitter:label2\" content=\"Est. tempo de leitura\" \/>\n\t<meta name=\"twitter:data2\" content=\"4 minutos\" \/>\n<script type=\"application\/ld+json\" class=\"yoast-schema-graph\">{\"@context\":\"https:\/\/schema.org\",\"@graph\":[{\"@type\":\"NewsArticle\",\"@id\":\"https:\/\/www.gaveanews.com\/index.php\/2024\/11\/29\/mais-de-2-bilhoes-veja-o-valor-da-divida-do-corinthians\/#article\",\"isPartOf\":{\"@id\":\"https:\/\/www.gaveanews.com\/index.php\/2024\/11\/29\/mais-de-2-bilhoes-veja-o-valor-da-divida-do-corinthians\/\"},\"author\":{\"name\":\"Leandro Cardoso\",\"@id\":\"https:\/\/www.gaveanews.com\/#\/schema\/person\/2424ec6409bc3f068411fc5e4e9b6168\"},\"headline\":\"Corinthians d\u00e1 satisfa\u00e7\u00e3o \u00e0 Justi\u00e7a\",\"datePublished\":\"2024-11-29T22:05:00+00:00\",\"dateModified\":\"2024-11-29T22:19:25+00:00\",\"mainEntityOfPage\":{\"@id\":\"https:\/\/www.gaveanews.com\/index.php\/2024\/11\/29\/mais-de-2-bilhoes-veja-o-valor-da-divida-do-corinthians\/\"},\"wordCount\":647,\"commentCount\":0,\"image\":{\"@id\":\"https:\/\/www.gaveanews.com\/index.php\/2024\/11\/29\/mais-de-2-bilhoes-veja-o-valor-da-divida-do-corinthians\/#primaryimage\"},\"thumbnailUrl\":\"https:\/\/www.gaveanews.com\/wp-content\/uploads\/Escudo-do-Corinthians-na-Neo-Quimica-Arena.webp\",\"articleSection\":[\"Corinthians\"],\"inLanguage\":\"pt-BR\",\"potentialAction\":[{\"@type\":\"CommentAction\",\"name\":\"Comment\",\"target\":[\"https:\/\/www.gaveanews.com\/index.php\/2024\/11\/29\/mais-de-2-bilhoes-veja-o-valor-da-divida-do-corinthians\/#respond\"]}],\"copyrightYear\":\"2024\",\"copyrightHolder\":{\"@id\":\"https:\/\/www.gaveanews.com\/#organization\"}},{\"@type\":\"WebPage\",\"@id\":\"https:\/\/www.gaveanews.com\/index.php\/2024\/11\/29\/mais-de-2-bilhoes-veja-o-valor-da-divida-do-corinthians\/\",\"url\":\"https:\/\/www.gaveanews.com\/index.php\/2024\/11\/29\/mais-de-2-bilhoes-veja-o-valor-da-divida-do-corinthians\/\",\"name\":\"Corinthians d\u00e1 satisfa\u00e7\u00e3o \u00e0 Justi\u00e7a\",\"isPartOf\":{\"@id\":\"https:\/\/www.gaveanews.com\/#website\"},\"primaryImageOfPage\":{\"@id\":\"https:\/\/www.gaveanews.com\/index.php\/2024\/11\/29\/mais-de-2-bilhoes-veja-o-valor-da-divida-do-corinthians\/#primaryimage\"},\"image\":{\"@id\":\"https:\/\/www.gaveanews.com\/index.php\/2024\/11\/29\/mais-de-2-bilhoes-veja-o-valor-da-divida-do-corinthians\/#primaryimage\"},\"thumbnailUrl\":\"https:\/\/www.gaveanews.com\/wp-content\/uploads\/Escudo-do-Corinthians-na-Neo-Quimica-Arena.webp\",\"datePublished\":\"2024-11-29T22:05:00+00:00\",\"dateModified\":\"2024-11-29T22:19:25+00:00\",\"author\":{\"@id\":\"https:\/\/www.gaveanews.com\/#\/schema\/person\/2424ec6409bc3f068411fc5e4e9b6168\"},\"breadcrumb\":{\"@id\":\"https:\/\/www.gaveanews.com\/index.php\/2024\/11\/29\/mais-de-2-bilhoes-veja-o-valor-da-divida-do-corinthians\/#breadcrumb\"},\"inLanguage\":\"pt-BR\",\"potentialAction\":[{\"@type\":\"ReadAction\",\"target\":[\"https:\/\/www.gaveanews.com\/index.php\/2024\/11\/29\/mais-de-2-bilhoes-veja-o-valor-da-divida-do-corinthians\/\"]}]},{\"@type\":\"ImageObject\",\"inLanguage\":\"pt-BR\",\"@id\":\"https:\/\/www.gaveanews.com\/index.php\/2024\/11\/29\/mais-de-2-bilhoes-veja-o-valor-da-divida-do-corinthians\/#primaryimage\",\"url\":\"https:\/\/www.gaveanews.com\/wp-content\/uploads\/Escudo-do-Corinthians-na-Neo-Quimica-Arena.webp\",\"contentUrl\":\"https:\/\/www.gaveanews.com\/wp-content\/uploads\/Escudo-do-Corinthians-na-Neo-Quimica-Arena.webp\",\"width\":1440,\"height\":959,\"caption\":\"Escudo do Corinthians na N\u00e9o Qu\u00edmica Arena (Foto Reprodu\u00e7\u00e3o\/Instagram)\"},{\"@type\":\"BreadcrumbList\",\"@id\":\"https:\/\/www.gaveanews.com\/index.php\/2024\/11\/29\/mais-de-2-bilhoes-veja-o-valor-da-divida-do-corinthians\/#breadcrumb\",\"itemListElement\":[{\"@type\":\"ListItem\",\"position\":1,\"name\":\"Home\",\"item\":\"https:\/\/www.gaveanews.com\/\"},{\"@type\":\"ListItem\",\"position\":2,\"name\":\"Corinthians d\u00e1 satisfa\u00e7\u00e3o \u00e0 Justi\u00e7a\"}]},{\"@type\":\"WebSite\",\"@id\":\"https:\/\/www.gaveanews.com\/#website\",\"url\":\"https:\/\/www.gaveanews.com\/\",\"name\":\"G\u00e1vea News\",\"description\":\"Veja todas as not\u00edcias sobre o Flamengo: Contrata\u00e7\u00f5es, categorias de base, resultados das partidas, tabela de classifica\u00e7\u00e3o, pr\u00f3ximos jogos!\",\"potentialAction\":[{\"@type\":\"SearchAction\",\"target\":{\"@type\":\"EntryPoint\",\"urlTemplate\":\"https:\/\/www.gaveanews.com\/?s={search_term_string}\"},\"query-input\":{\"@type\":\"PropertyValueSpecification\",\"valueRequired\":true,\"valueName\":\"search_term_string\"}}],\"inLanguage\":\"pt-BR\"},{\"@type\":\"Person\",\"@id\":\"https:\/\/www.gaveanews.com\/#\/schema\/person\/2424ec6409bc3f068411fc5e4e9b6168\",\"name\":\"Leandro Cardoso\",\"image\":{\"@type\":\"ImageObject\",\"inLanguage\":\"pt-BR\",\"@id\":\"https:\/\/www.gaveanews.com\/#\/schema\/person\/image\/\",\"url\":\"https:\/\/secure.gravatar.com\/avatar\/8ca179f9b55eefe9f376f5493ef25475bfa59fbc28ce937f6076ce20e523098f?s=96&d=mm&r=g\",\"contentUrl\":\"https:\/\/secure.gravatar.com\/avatar\/8ca179f9b55eefe9f376f5493ef25475bfa59fbc28ce937f6076ce20e523098f?s=96&d=mm&r=g\",\"caption\":\"Leandro Cardoso\"}}]}<\/script>\n<!-- \/ Yoast SEO Premium plugin. -->","yoast_head_json":{"title":"Corinthians d\u00e1 satisfa\u00e7\u00e3o \u00e0 Justi\u00e7a","robots":{"index":"index","follow":"follow","max-snippet":"max-snippet:-1","max-image-preview":"max-image-preview:large","max-video-preview":"max-video-preview:-1"},"canonical":"https:\/\/www.gaveanews.com\/index.php\/2024\/11\/29\/mais-de-2-bilhoes-veja-o-valor-da-divida-do-corinthians\/","og_locale":"pt_BR","og_type":"article","og_title":"Corinthians d\u00e1 satisfa\u00e7\u00e3o \u00e0 Justi\u00e7a","og_description":"A crise financeira do Corinthians chegou a um ponto alarmante, com a atualiza\u00e7\u00e3o da d\u00edvida total do clube para R$ 2,4 bilh\u00f5es. Esse valor, que j\u00e1 era consider\u00e1vel, aumentou em R$ 100 milh\u00f5es desde o \u00faltimo levantamento apresentado no evento &#8220;Dia da Transpar\u00eancia&#8221;, realizado em setembro.&nbsp; O clube, que est\u00e1 buscando a recupera\u00e7\u00e3o judicial, apresentou [&hellip;]","og_url":"https:\/\/www.gaveanews.com\/index.php\/2024\/11\/29\/mais-de-2-bilhoes-veja-o-valor-da-divida-do-corinthians\/","og_site_name":"G\u00e1vea News","article_publisher":"https:\/\/facebook.com\/gaveaNews\/","article_published_time":"2024-11-29T22:05:00+00:00","article_modified_time":"2024-11-29T22:19:25+00:00","og_image":[{"width":1440,"height":959,"url":"https:\/\/www.gaveanews.com\/wp-content\/uploads\/Escudo-do-Corinthians-na-Neo-Quimica-Arena.webp","type":"image\/jpeg"}],"author":"Leandro Cardoso","twitter_card":"summary_large_image","twitter_misc":{"Escrito por":"Leandro Cardoso","Est. tempo de leitura":"4 minutos"},"schema":{"@context":"https:\/\/schema.org","@graph":[{"@type":"NewsArticle","@id":"https:\/\/www.gaveanews.com\/index.php\/2024\/11\/29\/mais-de-2-bilhoes-veja-o-valor-da-divida-do-corinthians\/#article","isPartOf":{"@id":"https:\/\/www.gaveanews.com\/index.php\/2024\/11\/29\/mais-de-2-bilhoes-veja-o-valor-da-divida-do-corinthians\/"},"author":{"name":"Leandro Cardoso","@id":"https:\/\/www.gaveanews.com\/#\/schema\/person\/2424ec6409bc3f068411fc5e4e9b6168"},"headline":"Corinthians d\u00e1 satisfa\u00e7\u00e3o \u00e0 Justi\u00e7a","datePublished":"2024-11-29T22:05:00+00:00","dateModified":"2024-11-29T22:19:25+00:00","mainEntityOfPage":{"@id":"https:\/\/www.gaveanews.com\/index.php\/2024\/11\/29\/mais-de-2-bilhoes-veja-o-valor-da-divida-do-corinthians\/"},"wordCount":647,"commentCount":0,"image":{"@id":"https:\/\/www.gaveanews.com\/index.php\/2024\/11\/29\/mais-de-2-bilhoes-veja-o-valor-da-divida-do-corinthians\/#primaryimage"},"thumbnailUrl":"https:\/\/www.gaveanews.com\/wp-content\/uploads\/Escudo-do-Corinthians-na-Neo-Quimica-Arena.webp","articleSection":["Corinthians"],"inLanguage":"pt-BR","potentialAction":[{"@type":"CommentAction","name":"Comment","target":["https:\/\/www.gaveanews.com\/index.php\/2024\/11\/29\/mais-de-2-bilhoes-veja-o-valor-da-divida-do-corinthians\/#respond"]}],"copyrightYear":"2024","copyrightHolder":{"@id":"https:\/\/www.gaveanews.com\/#organization"}},{"@type":"WebPage","@id":"https:\/\/www.gaveanews.com\/index.php\/2024\/11\/29\/mais-de-2-bilhoes-veja-o-valor-da-divida-do-corinthians\/","url":"https:\/\/www.gaveanews.com\/index.php\/2024\/11\/29\/mais-de-2-bilhoes-veja-o-valor-da-divida-do-corinthians\/","name":"Corinthians d\u00e1 satisfa\u00e7\u00e3o \u00e0 Justi\u00e7a","isPartOf":{"@id":"https:\/\/www.gaveanews.com\/#website"},"primaryImageOfPage":{"@id":"https:\/\/www.gaveanews.com\/index.php\/2024\/11\/29\/mais-de-2-bilhoes-veja-o-valor-da-divida-do-corinthians\/#primaryimage"},"image":{"@id":"https:\/\/www.gaveanews.com\/index.php\/2024\/11\/29\/mais-de-2-bilhoes-veja-o-valor-da-divida-do-corinthians\/#primaryimage"},"thumbnailUrl":"https:\/\/www.gaveanews.com\/wp-content\/uploads\/Escudo-do-Corinthians-na-Neo-Quimica-Arena.webp","datePublished":"2024-11-29T22:05:00+00:00","dateModified":"2024-11-29T22:19:25+00:00","author":{"@id":"https:\/\/www.gaveanews.com\/#\/schema\/person\/2424ec6409bc3f068411fc5e4e9b6168"},"breadcrumb":{"@id":"https:\/\/www.gaveanews.com\/index.php\/2024\/11\/29\/mais-de-2-bilhoes-veja-o-valor-da-divida-do-corinthians\/#breadcrumb"},"inLanguage":"pt-BR","potentialAction":[{"@type":"ReadAction","target":["https:\/\/www.gaveanews.com\/index.php\/2024\/11\/29\/mais-de-2-bilhoes-veja-o-valor-da-divida-do-corinthians\/"]}]},{"@type":"ImageObject","inLanguage":"pt-BR","@id":"https:\/\/www.gaveanews.com\/index.php\/2024\/11\/29\/mais-de-2-bilhoes-veja-o-valor-da-divida-do-corinthians\/#primaryimage","url":"https:\/\/www.gaveanews.com\/wp-content\/uploads\/Escudo-do-Corinthians-na-Neo-Quimica-Arena.webp","contentUrl":"https:\/\/www.gaveanews.com\/wp-content\/uploads\/Escudo-do-Corinthians-na-Neo-Quimica-Arena.webp","width":1440,"height":959,"caption":"Escudo do Corinthians na N\u00e9o Qu\u00edmica Arena (Foto Reprodu\u00e7\u00e3o\/Instagram)"},{"@type":"BreadcrumbList","@id":"https:\/\/www.gaveanews.com\/index.php\/2024\/11\/29\/mais-de-2-bilhoes-veja-o-valor-da-divida-do-corinthians\/#breadcrumb","itemListElement":[{"@type":"ListItem","position":1,"name":"Home","item":"https:\/\/www.gaveanews.com\/"},{"@type":"ListItem","position":2,"name":"Corinthians d\u00e1 satisfa\u00e7\u00e3o \u00e0 Justi\u00e7a"}]},{"@type":"WebSite","@id":"https:\/\/www.gaveanews.com\/#website","url":"https:\/\/www.gaveanews.com\/","name":"G\u00e1vea News","description":"Veja todas as not\u00edcias sobre o Flamengo: Contrata\u00e7\u00f5es, categorias de base, resultados das partidas, tabela de classifica\u00e7\u00e3o, pr\u00f3ximos jogos!","potentialAction":[{"@type":"SearchAction","target":{"@type":"EntryPoint","urlTemplate":"https:\/\/www.gaveanews.com\/?s={search_term_string}"},"query-input":{"@type":"PropertyValueSpecification","valueRequired":true,"valueName":"search_term_string"}}],"inLanguage":"pt-BR"},{"@type":"Person","@id":"https:\/\/www.gaveanews.com\/#\/schema\/person\/2424ec6409bc3f068411fc5e4e9b6168","name":"Leandro Cardoso","image":{"@type":"ImageObject","inLanguage":"pt-BR","@id":"https:\/\/www.gaveanews.com\/#\/schema\/person\/image\/","url":"https:\/\/secure.gravatar.com\/avatar\/8ca179f9b55eefe9f376f5493ef25475bfa59fbc28ce937f6076ce20e523098f?s=96&d=mm&r=g","contentUrl":"https:\/\/secure.gravatar.com\/avatar\/8ca179f9b55eefe9f376f5493ef25475bfa59fbc28ce937f6076ce20e523098f?s=96&d=mm&r=g","caption":"Leandro Cardoso"}}]}},"_links":{"self":[{"href":"https:\/\/www.gaveanews.com\/index.php\/wp-json\/wp\/v2\/posts\/192502","targetHints":{"allow":["GET"]}}],"collection":[{"href":"https:\/\/www.gaveanews.com\/index.php\/wp-json\/wp\/v2\/posts"}],"about":[{"href":"https:\/\/www.gaveanews.com\/index.php\/wp-json\/wp\/v2\/types\/post"}],"author":[{"embeddable":true,"href":"https:\/\/www.gaveanews.com\/index.php\/wp-json\/wp\/v2\/users\/24"}],"replies":[{"embeddable":true,"href":"https:\/\/www.gaveanews.com\/index.php\/wp-json\/wp\/v2\/comments?post=192502"}],"version-history":[{"count":2,"href":"https:\/\/www.gaveanews.com\/index.php\/wp-json\/wp\/v2\/posts\/192502\/revisions"}],"predecessor-version":[{"id":192538,"href":"https:\/\/www.gaveanews.com\/index.php\/wp-json\/wp\/v2\/posts\/192502\/revisions\/192538"}],"wp:featuredmedia":[{"embeddable":true,"href":"https:\/\/www.gaveanews.com\/index.php\/wp-json\/wp\/v2\/media\/154473"}],"wp:attachment":[{"href":"https:\/\/www.gaveanews.com\/index.php\/wp-json\/wp\/v2\/media?parent=192502"}],"wp:term":[{"taxonomy":"category","embeddable":true,"href":"https:\/\/www.gaveanews.com\/index.php\/wp-json\/wp\/v2\/categories?post=192502"},{"taxonomy":"post_tag","embeddable":true,"href":"https:\/\/www.gaveanews.com\/index.php\/wp-json\/wp\/v2\/tags?post=192502"}],"curies":[{"name":"wp","href":"https:\/\/api.w.org\/{rel}","templated":true}]}}