{"id":192571,"date":"2024-11-29T20:45:00","date_gmt":"2024-11-29T23:45:00","guid":{"rendered":"https:\/\/www.gaveanews.com\/?p=192571"},"modified":"2024-11-29T20:37:09","modified_gmt":"2024-11-29T23:37:09","slug":"sao-paulo-mantem-otimismo-com-contratacao-de-lateral","status":"publish","type":"post","link":"https:\/\/www.gaveanews.com\/index.php\/2024\/11\/29\/sao-paulo-mantem-otimismo-com-contratacao-de-lateral\/","title":{"rendered":"S\u00e3o Paulo mant\u00e9m otimismo com contrata\u00e7\u00e3o de lateral"},"content":{"rendered":"\n<h2 class=\"wp-block-heading\" id=\"h-sao-paulo-mira-contratacao-de-wendell-e-aposta-em-projeto-para-vencer-concorrencia\">S\u00e3o Paulo mira contrata\u00e7\u00e3o de Wendell e aposta em projeto para vencer concorr\u00eancia<\/h2>\n\n\n\n<p>O S\u00e3o Paulo est\u00e1 no mercado em busca de refor\u00e7os e v\u00ea em Wendell, lateral-esquerdo do Porto, uma op\u00e7\u00e3o estrat\u00e9gica para a pr\u00f3xima temporada. O jogador de 31 anos tem contrato com o clube portugu\u00eas at\u00e9 junho de 2025, mas fez apenas duas partidas na atual temporada e avalia a possibilidade de retornar ao Brasil.<\/p>\n\n\n\n<ul class=\"wp-block-list\">\n<li><a href=\"https:\/\/www.gaveanews.com\/index.php\/2024\/11\/29\/corinthians-e-sao-paulo-disputam-contratacao\/\">Corinthians e S\u00e3o Paulo disputam contrata\u00e7\u00e3o<\/a><\/li>\n\n\n\n<li><a href=\"https:\/\/www.gaveanews.com\/index.php\/2024\/11\/26\/idolo-do-sao-paulo-detona-luis-zubeldia\/\">\u00cddolo do S\u00e3o Paulo detona Luis Zubeld\u00eda<\/a><\/li>\n<\/ul>\n\n\n\n<p>O Tricolor paulista sabe que n\u00e3o est\u00e1 sozinho na corrida por Wendell, que tamb\u00e9m \u00e9 cobi\u00e7ado por outros clubes brasileiros. No entanto, aposta em um projeto esportivo s\u00f3lido e na possibilidade de oferecer protagonismo ao jogador, que chegaria para ser titular imediato e disputar a Libertadores, caso o S\u00e3o Paulo confirme a vaga na fase de grupos da competi\u00e7\u00e3o continental.<\/p>\n\n\n\n<p>Com um or\u00e7amento limitado para 2024, o S\u00e3o Paulo reconhece que n\u00e3o poder\u00e1 competir financeiramente com alguns rivais, mas acredita que o desejo do atleta de retornar ao Brasil pode ser um fator decisivo. Wendell, que tem dez anos de experi\u00eancia no futebol europeu, j\u00e1 manifestou a pessoas pr\u00f3ximas a inten\u00e7\u00e3o de voltar ao pa\u00eds, o que anima a diretoria tricolor.<\/p>\n\n\n\n<p>Revelado pelo Gr\u00eamio, Wendell foi vendido ao Bayer Leverkusen em 2014, onde construiu uma s\u00f3lida carreira na Bundesliga ao longo de sete temporadas. Em 2021, transferiu-se para o Porto, mas perdeu espa\u00e7o recentemente. Sua experi\u00eancia internacional e capacidade t\u00e9cnica s\u00e3o vistas como pontos positivos para refor\u00e7ar a lateral esquerda do S\u00e3o Paulo, setor que a diretoria considera priorit\u00e1rio.<\/p>\n\n\n\n<p>Em entrevista recente, o presidente do S\u00e3o Paulo, Julio Casares, elogiou Wendell e revelou que j\u00e1 houve conversas preliminares. Durante a Copa Am\u00e9rica, disputada nos Estados Unidos, Casares teve um primeiro contato com o jogador e sua fam\u00edlia.<\/p>\n\n\n\n<p>\u201cWendell sempre gostei, toda nossa comiss\u00e3o gosta. Eu o conheci na Copa Am\u00e9rica, tive momentos de conversa com ele. Senti que, se vier ao Brasil, tem muito interesse de vir ao S\u00e3o Paulo. [\u2026] Mas futebol \u00e9 s\u00f3 quando tiver apalavrado e assinado\u201d, destacou o presidente.<\/p>\n\n\n\n<p>Apesar de ainda n\u00e3o haver uma proposta formal, as negocia\u00e7\u00f5es est\u00e3o em andamento e a diretoria mant\u00e9m cautela, lembrando do caso Lucas Moura, que passou por um processo similar antes de seu retorno ao clube.<\/p>\n\n\n\n<p>O S\u00e3o Paulo aguarda avan\u00e7os nas tratativas e monitora a situa\u00e7\u00e3o de Wendell em Portugal. O foco agora \u00e9 viabilizar a libera\u00e7\u00e3o antecipada do jogador junto ao Porto, o que seria fundamental para a concretiza\u00e7\u00e3o do neg\u00f3cio. Caso tenha sucesso, o Tricolor espera anunciar o refor\u00e7o na pr\u00f3xima janela de transfer\u00eancias.<\/p>\n","protected":false},"excerpt":{"rendered":"<p>S\u00e3o Paulo mira contrata\u00e7\u00e3o de Wendell e aposta em projeto para vencer concorr\u00eancia O S\u00e3o Paulo est\u00e1 no mercado em busca de refor\u00e7os e v\u00ea em Wendell, lateral-esquerdo do Porto, uma op\u00e7\u00e3o estrat\u00e9gica para a pr\u00f3xima temporada. O jogador de 31 anos tem contrato com o clube portugu\u00eas at\u00e9 junho de 2025, mas fez apenas [&hellip;]<\/p>\n","protected":false},"author":17,"featured_media":157734,"comment_status":"open","ping_status":"closed","sticky":false,"template":"","format":"standard","meta":{"footnotes":""},"categories":[151],"tags":[],"class_list":["post-192571","post","type-post","status-publish","format-standard","has-post-thumbnail","hentry","category-sao-paulo"],"yoast_head":"<!-- This site is optimized with the Yoast SEO Premium plugin v24.2 (Yoast SEO v26.9) - https:\/\/yoast.com\/product\/yoast-seo-premium-wordpress\/ -->\n<title>S\u00e3o Paulo mant\u00e9m otimismo com contrata\u00e7\u00e3o de lateral<\/title>\n<meta name=\"robots\" content=\"index, follow, max-snippet:-1, max-image-preview:large, max-video-preview:-1\" \/>\n<link rel=\"canonical\" href=\"https:\/\/www.gaveanews.com\/index.php\/2024\/11\/29\/sao-paulo-mantem-otimismo-com-contratacao-de-lateral\/\" \/>\n<meta property=\"og:locale\" content=\"pt_BR\" \/>\n<meta property=\"og:type\" content=\"article\" \/>\n<meta property=\"og:title\" content=\"S\u00e3o Paulo mant\u00e9m otimismo com contrata\u00e7\u00e3o de lateral\" \/>\n<meta property=\"og:description\" content=\"S\u00e3o Paulo mira contrata\u00e7\u00e3o de Wendell e aposta em projeto para vencer concorr\u00eancia O S\u00e3o Paulo est\u00e1 no mercado em busca de refor\u00e7os e v\u00ea em Wendell, lateral-esquerdo do Porto, uma op\u00e7\u00e3o estrat\u00e9gica para a pr\u00f3xima temporada. O jogador de 31 anos tem contrato com o clube portugu\u00eas at\u00e9 junho de 2025, mas fez apenas [&hellip;]\" \/>\n<meta property=\"og:url\" content=\"https:\/\/www.gaveanews.com\/index.php\/2024\/11\/29\/sao-paulo-mantem-otimismo-com-contratacao-de-lateral\/\" \/>\n<meta property=\"og:site_name\" content=\"G\u00e1vea News\" \/>\n<meta property=\"article:publisher\" content=\"https:\/\/facebook.com\/gaveaNews\/\" \/>\n<meta property=\"article:published_time\" content=\"2024-11-29T23:45:00+00:00\" \/>\n<meta property=\"og:image\" content=\"https:\/\/www.gaveanews.com\/wp-content\/uploads\/Elenco-do-Sao-Paulo.webp\" \/>\n\t<meta property=\"og:image:width\" content=\"1242\" \/>\n\t<meta property=\"og:image:height\" content=\"1235\" \/>\n\t<meta property=\"og:image:type\" content=\"image\/jpeg\" \/>\n<meta name=\"author\" content=\"Geovanna Thomaz\" \/>\n<meta name=\"twitter:card\" content=\"summary_large_image\" \/>\n<meta name=\"twitter:label1\" content=\"Escrito por\" \/>\n\t<meta name=\"twitter:data1\" content=\"Geovanna Thomaz\" \/>\n\t<meta name=\"twitter:label2\" content=\"Est. tempo de leitura\" \/>\n\t<meta name=\"twitter:data2\" content=\"3 minutos\" \/>\n<script type=\"application\/ld+json\" class=\"yoast-schema-graph\">{\"@context\":\"https:\/\/schema.org\",\"@graph\":[{\"@type\":\"NewsArticle\",\"@id\":\"https:\/\/www.gaveanews.com\/index.php\/2024\/11\/29\/sao-paulo-mantem-otimismo-com-contratacao-de-lateral\/#article\",\"isPartOf\":{\"@id\":\"https:\/\/www.gaveanews.com\/index.php\/2024\/11\/29\/sao-paulo-mantem-otimismo-com-contratacao-de-lateral\/\"},\"author\":{\"name\":\"Geovanna Thomaz\",\"@id\":\"https:\/\/www.gaveanews.com\/#\/schema\/person\/f42654babcd2b2014a1a65af82b081f1\"},\"headline\":\"S\u00e3o Paulo mant\u00e9m otimismo com contrata\u00e7\u00e3o de lateral\",\"datePublished\":\"2024-11-29T23:45:00+00:00\",\"mainEntityOfPage\":{\"@id\":\"https:\/\/www.gaveanews.com\/index.php\/2024\/11\/29\/sao-paulo-mantem-otimismo-com-contratacao-de-lateral\/\"},\"wordCount\":486,\"commentCount\":0,\"image\":{\"@id\":\"https:\/\/www.gaveanews.com\/index.php\/2024\/11\/29\/sao-paulo-mantem-otimismo-com-contratacao-de-lateral\/#primaryimage\"},\"thumbnailUrl\":\"https:\/\/www.gaveanews.com\/wp-content\/uploads\/Elenco-do-Sao-Paulo.webp\",\"articleSection\":[\"S\u00e3o Paulo\"],\"inLanguage\":\"pt-BR\",\"potentialAction\":[{\"@type\":\"CommentAction\",\"name\":\"Comment\",\"target\":[\"https:\/\/www.gaveanews.com\/index.php\/2024\/11\/29\/sao-paulo-mantem-otimismo-com-contratacao-de-lateral\/#respond\"]}],\"copyrightYear\":\"2024\",\"copyrightHolder\":{\"@id\":\"https:\/\/www.gaveanews.com\/#organization\"}},{\"@type\":\"WebPage\",\"@id\":\"https:\/\/www.gaveanews.com\/index.php\/2024\/11\/29\/sao-paulo-mantem-otimismo-com-contratacao-de-lateral\/\",\"url\":\"https:\/\/www.gaveanews.com\/index.php\/2024\/11\/29\/sao-paulo-mantem-otimismo-com-contratacao-de-lateral\/\",\"name\":\"S\u00e3o Paulo mant\u00e9m otimismo com contrata\u00e7\u00e3o de lateral\",\"isPartOf\":{\"@id\":\"https:\/\/www.gaveanews.com\/#website\"},\"primaryImageOfPage\":{\"@id\":\"https:\/\/www.gaveanews.com\/index.php\/2024\/11\/29\/sao-paulo-mantem-otimismo-com-contratacao-de-lateral\/#primaryimage\"},\"image\":{\"@id\":\"https:\/\/www.gaveanews.com\/index.php\/2024\/11\/29\/sao-paulo-mantem-otimismo-com-contratacao-de-lateral\/#primaryimage\"},\"thumbnailUrl\":\"https:\/\/www.gaveanews.com\/wp-content\/uploads\/Elenco-do-Sao-Paulo.webp\",\"datePublished\":\"2024-11-29T23:45:00+00:00\",\"author\":{\"@id\":\"https:\/\/www.gaveanews.com\/#\/schema\/person\/f42654babcd2b2014a1a65af82b081f1\"},\"breadcrumb\":{\"@id\":\"https:\/\/www.gaveanews.com\/index.php\/2024\/11\/29\/sao-paulo-mantem-otimismo-com-contratacao-de-lateral\/#breadcrumb\"},\"inLanguage\":\"pt-BR\",\"potentialAction\":[{\"@type\":\"ReadAction\",\"target\":[\"https:\/\/www.gaveanews.com\/index.php\/2024\/11\/29\/sao-paulo-mantem-otimismo-com-contratacao-de-lateral\/\"]}]},{\"@type\":\"ImageObject\",\"inLanguage\":\"pt-BR\",\"@id\":\"https:\/\/www.gaveanews.com\/index.php\/2024\/11\/29\/sao-paulo-mantem-otimismo-com-contratacao-de-lateral\/#primaryimage\",\"url\":\"https:\/\/www.gaveanews.com\/wp-content\/uploads\/Elenco-do-Sao-Paulo.webp\",\"contentUrl\":\"https:\/\/www.gaveanews.com\/wp-content\/uploads\/Elenco-do-Sao-Paulo.webp\",\"width\":1242,\"height\":1235,\"caption\":\"Elenco do S\u00e3o Paulo (Foto: Reprodu\u00e7\u00e3o\/Instagram)\"},{\"@type\":\"BreadcrumbList\",\"@id\":\"https:\/\/www.gaveanews.com\/index.php\/2024\/11\/29\/sao-paulo-mantem-otimismo-com-contratacao-de-lateral\/#breadcrumb\",\"itemListElement\":[{\"@type\":\"ListItem\",\"position\":1,\"name\":\"Home\",\"item\":\"https:\/\/www.gaveanews.com\/\"},{\"@type\":\"ListItem\",\"position\":2,\"name\":\"S\u00e3o Paulo mant\u00e9m otimismo com contrata\u00e7\u00e3o de lateral\"}]},{\"@type\":\"WebSite\",\"@id\":\"https:\/\/www.gaveanews.com\/#website\",\"url\":\"https:\/\/www.gaveanews.com\/\",\"name\":\"G\u00e1vea News\",\"description\":\"Veja todas as not\u00edcias sobre o Flamengo: Contrata\u00e7\u00f5es, categorias de base, resultados das partidas, tabela de classifica\u00e7\u00e3o, pr\u00f3ximos jogos!\",\"potentialAction\":[{\"@type\":\"SearchAction\",\"target\":{\"@type\":\"EntryPoint\",\"urlTemplate\":\"https:\/\/www.gaveanews.com\/?s={search_term_string}\"},\"query-input\":{\"@type\":\"PropertyValueSpecification\",\"valueRequired\":true,\"valueName\":\"search_term_string\"}}],\"inLanguage\":\"pt-BR\"},{\"@type\":\"Person\",\"@id\":\"https:\/\/www.gaveanews.com\/#\/schema\/person\/f42654babcd2b2014a1a65af82b081f1\",\"name\":\"Geovanna Thomaz\",\"image\":{\"@type\":\"ImageObject\",\"inLanguage\":\"pt-BR\",\"@id\":\"https:\/\/www.gaveanews.com\/#\/schema\/person\/image\/\",\"url\":\"https:\/\/secure.gravatar.com\/avatar\/4092073255489533afb558984b49b64268c47198af8623cc82a925ae9fb7118a?s=96&d=mm&r=g\",\"contentUrl\":\"https:\/\/secure.gravatar.com\/avatar\/4092073255489533afb558984b49b64268c47198af8623cc82a925ae9fb7118a?s=96&d=mm&r=g\",\"caption\":\"Geovanna Thomaz\"}}]}<\/script>\n<!-- \/ Yoast SEO Premium plugin. -->","yoast_head_json":{"title":"S\u00e3o Paulo mant\u00e9m otimismo com contrata\u00e7\u00e3o de lateral","robots":{"index":"index","follow":"follow","max-snippet":"max-snippet:-1","max-image-preview":"max-image-preview:large","max-video-preview":"max-video-preview:-1"},"canonical":"https:\/\/www.gaveanews.com\/index.php\/2024\/11\/29\/sao-paulo-mantem-otimismo-com-contratacao-de-lateral\/","og_locale":"pt_BR","og_type":"article","og_title":"S\u00e3o Paulo mant\u00e9m otimismo com contrata\u00e7\u00e3o de lateral","og_description":"S\u00e3o Paulo mira contrata\u00e7\u00e3o de Wendell e aposta em projeto para vencer concorr\u00eancia O S\u00e3o Paulo est\u00e1 no mercado em busca de refor\u00e7os e v\u00ea em Wendell, lateral-esquerdo do Porto, uma op\u00e7\u00e3o estrat\u00e9gica para a pr\u00f3xima temporada. O jogador de 31 anos tem contrato com o clube portugu\u00eas at\u00e9 junho de 2025, mas fez apenas [&hellip;]","og_url":"https:\/\/www.gaveanews.com\/index.php\/2024\/11\/29\/sao-paulo-mantem-otimismo-com-contratacao-de-lateral\/","og_site_name":"G\u00e1vea News","article_publisher":"https:\/\/facebook.com\/gaveaNews\/","article_published_time":"2024-11-29T23:45:00+00:00","og_image":[{"width":1242,"height":1235,"url":"https:\/\/www.gaveanews.com\/wp-content\/uploads\/Elenco-do-Sao-Paulo.webp","type":"image\/jpeg"}],"author":"Geovanna Thomaz","twitter_card":"summary_large_image","twitter_misc":{"Escrito por":"Geovanna Thomaz","Est. tempo de leitura":"3 minutos"},"schema":{"@context":"https:\/\/schema.org","@graph":[{"@type":"NewsArticle","@id":"https:\/\/www.gaveanews.com\/index.php\/2024\/11\/29\/sao-paulo-mantem-otimismo-com-contratacao-de-lateral\/#article","isPartOf":{"@id":"https:\/\/www.gaveanews.com\/index.php\/2024\/11\/29\/sao-paulo-mantem-otimismo-com-contratacao-de-lateral\/"},"author":{"name":"Geovanna Thomaz","@id":"https:\/\/www.gaveanews.com\/#\/schema\/person\/f42654babcd2b2014a1a65af82b081f1"},"headline":"S\u00e3o Paulo mant\u00e9m otimismo com contrata\u00e7\u00e3o de lateral","datePublished":"2024-11-29T23:45:00+00:00","mainEntityOfPage":{"@id":"https:\/\/www.gaveanews.com\/index.php\/2024\/11\/29\/sao-paulo-mantem-otimismo-com-contratacao-de-lateral\/"},"wordCount":486,"commentCount":0,"image":{"@id":"https:\/\/www.gaveanews.com\/index.php\/2024\/11\/29\/sao-paulo-mantem-otimismo-com-contratacao-de-lateral\/#primaryimage"},"thumbnailUrl":"https:\/\/www.gaveanews.com\/wp-content\/uploads\/Elenco-do-Sao-Paulo.webp","articleSection":["S\u00e3o Paulo"],"inLanguage":"pt-BR","potentialAction":[{"@type":"CommentAction","name":"Comment","target":["https:\/\/www.gaveanews.com\/index.php\/2024\/11\/29\/sao-paulo-mantem-otimismo-com-contratacao-de-lateral\/#respond"]}],"copyrightYear":"2024","copyrightHolder":{"@id":"https:\/\/www.gaveanews.com\/#organization"}},{"@type":"WebPage","@id":"https:\/\/www.gaveanews.com\/index.php\/2024\/11\/29\/sao-paulo-mantem-otimismo-com-contratacao-de-lateral\/","url":"https:\/\/www.gaveanews.com\/index.php\/2024\/11\/29\/sao-paulo-mantem-otimismo-com-contratacao-de-lateral\/","name":"S\u00e3o Paulo mant\u00e9m otimismo com contrata\u00e7\u00e3o de lateral","isPartOf":{"@id":"https:\/\/www.gaveanews.com\/#website"},"primaryImageOfPage":{"@id":"https:\/\/www.gaveanews.com\/index.php\/2024\/11\/29\/sao-paulo-mantem-otimismo-com-contratacao-de-lateral\/#primaryimage"},"image":{"@id":"https:\/\/www.gaveanews.com\/index.php\/2024\/11\/29\/sao-paulo-mantem-otimismo-com-contratacao-de-lateral\/#primaryimage"},"thumbnailUrl":"https:\/\/www.gaveanews.com\/wp-content\/uploads\/Elenco-do-Sao-Paulo.webp","datePublished":"2024-11-29T23:45:00+00:00","author":{"@id":"https:\/\/www.gaveanews.com\/#\/schema\/person\/f42654babcd2b2014a1a65af82b081f1"},"breadcrumb":{"@id":"https:\/\/www.gaveanews.com\/index.php\/2024\/11\/29\/sao-paulo-mantem-otimismo-com-contratacao-de-lateral\/#breadcrumb"},"inLanguage":"pt-BR","potentialAction":[{"@type":"ReadAction","target":["https:\/\/www.gaveanews.com\/index.php\/2024\/11\/29\/sao-paulo-mantem-otimismo-com-contratacao-de-lateral\/"]}]},{"@type":"ImageObject","inLanguage":"pt-BR","@id":"https:\/\/www.gaveanews.com\/index.php\/2024\/11\/29\/sao-paulo-mantem-otimismo-com-contratacao-de-lateral\/#primaryimage","url":"https:\/\/www.gaveanews.com\/wp-content\/uploads\/Elenco-do-Sao-Paulo.webp","contentUrl":"https:\/\/www.gaveanews.com\/wp-content\/uploads\/Elenco-do-Sao-Paulo.webp","width":1242,"height":1235,"caption":"Elenco do S\u00e3o Paulo (Foto: Reprodu\u00e7\u00e3o\/Instagram)"},{"@type":"BreadcrumbList","@id":"https:\/\/www.gaveanews.com\/index.php\/2024\/11\/29\/sao-paulo-mantem-otimismo-com-contratacao-de-lateral\/#breadcrumb","itemListElement":[{"@type":"ListItem","position":1,"name":"Home","item":"https:\/\/www.gaveanews.com\/"},{"@type":"ListItem","position":2,"name":"S\u00e3o Paulo mant\u00e9m otimismo com contrata\u00e7\u00e3o de lateral"}]},{"@type":"WebSite","@id":"https:\/\/www.gaveanews.com\/#website","url":"https:\/\/www.gaveanews.com\/","name":"G\u00e1vea News","description":"Veja todas as not\u00edcias sobre o Flamengo: Contrata\u00e7\u00f5es, categorias de base, resultados das partidas, tabela de classifica\u00e7\u00e3o, pr\u00f3ximos jogos!","potentialAction":[{"@type":"SearchAction","target":{"@type":"EntryPoint","urlTemplate":"https:\/\/www.gaveanews.com\/?s={search_term_string}"},"query-input":{"@type":"PropertyValueSpecification","valueRequired":true,"valueName":"search_term_string"}}],"inLanguage":"pt-BR"},{"@type":"Person","@id":"https:\/\/www.gaveanews.com\/#\/schema\/person\/f42654babcd2b2014a1a65af82b081f1","name":"Geovanna Thomaz","image":{"@type":"ImageObject","inLanguage":"pt-BR","@id":"https:\/\/www.gaveanews.com\/#\/schema\/person\/image\/","url":"https:\/\/secure.gravatar.com\/avatar\/4092073255489533afb558984b49b64268c47198af8623cc82a925ae9fb7118a?s=96&d=mm&r=g","contentUrl":"https:\/\/secure.gravatar.com\/avatar\/4092073255489533afb558984b49b64268c47198af8623cc82a925ae9fb7118a?s=96&d=mm&r=g","caption":"Geovanna Thomaz"}}]}},"_links":{"self":[{"href":"https:\/\/www.gaveanews.com\/index.php\/wp-json\/wp\/v2\/posts\/192571","targetHints":{"allow":["GET"]}}],"collection":[{"href":"https:\/\/www.gaveanews.com\/index.php\/wp-json\/wp\/v2\/posts"}],"about":[{"href":"https:\/\/www.gaveanews.com\/index.php\/wp-json\/wp\/v2\/types\/post"}],"author":[{"embeddable":true,"href":"https:\/\/www.gaveanews.com\/index.php\/wp-json\/wp\/v2\/users\/17"}],"replies":[{"embeddable":true,"href":"https:\/\/www.gaveanews.com\/index.php\/wp-json\/wp\/v2\/comments?post=192571"}],"version-history":[{"count":1,"href":"https:\/\/www.gaveanews.com\/index.php\/wp-json\/wp\/v2\/posts\/192571\/revisions"}],"predecessor-version":[{"id":192575,"href":"https:\/\/www.gaveanews.com\/index.php\/wp-json\/wp\/v2\/posts\/192571\/revisions\/192575"}],"wp:featuredmedia":[{"embeddable":true,"href":"https:\/\/www.gaveanews.com\/index.php\/wp-json\/wp\/v2\/media\/157734"}],"wp:attachment":[{"href":"https:\/\/www.gaveanews.com\/index.php\/wp-json\/wp\/v2\/media?parent=192571"}],"wp:term":[{"taxonomy":"category","embeddable":true,"href":"https:\/\/www.gaveanews.com\/index.php\/wp-json\/wp\/v2\/categories?post=192571"},{"taxonomy":"post_tag","embeddable":true,"href":"https:\/\/www.gaveanews.com\/index.php\/wp-json\/wp\/v2\/tags?post=192571"}],"curies":[{"name":"wp","href":"https:\/\/api.w.org\/{rel}","templated":true}]}}