{"id":192586,"date":"2024-11-29T21:15:00","date_gmt":"2024-11-30T00:15:00","guid":{"rendered":"https:\/\/www.gaveanews.com\/?p=192586"},"modified":"2024-11-29T21:08:43","modified_gmt":"2024-11-30T00:08:43","slug":"libertadores-atitude-dos-jogadores-do-botafogo-antes-da-final-chama-a-atencao","status":"publish","type":"post","link":"https:\/\/www.gaveanews.com\/index.php\/2024\/11\/29\/libertadores-atitude-dos-jogadores-do-botafogo-antes-da-final-chama-a-atencao\/","title":{"rendered":"Libertadores: atitude dos jogadores do Botafogo antes da final chama a aten\u00e7\u00e3o"},"content":{"rendered":"\n<p>O Botafogo cumpriu mais uma etapa de sua prepara\u00e7\u00e3o para a final da Conmebol Libertadores 2024, que acontecer\u00e1 no pr\u00f3ximo s\u00e1bado (30). Na tarde desta sexta-feira, o elenco alvinegro, acompanhado por dirigentes e membros da comiss\u00e3o t\u00e9cnica, esteve no Est\u00e1dio Monumental de N\u00fa\u00f1ez, casa do River Plate, palco da decis\u00e3o contra o Atl\u00e9tico-MG. <\/p>\n\n\n\n<p>O momento foi marcado por um r\u00e1pido reconhecimento do local, com os jogadores registrando fotos, fazendo ora\u00e7\u00f5es e at\u00e9 momentos de emo\u00e7\u00e3o, como o carinho de Marlon Freitas na rede de um dos gols.<\/p>\n\n\n\n<ul class=\"wp-block-list\">\n<li><strong><a href=\"https:\/\/www.gaveanews.com\/index.php\/2024\/11\/29\/acordo-com-santos-declaracao-de-dudu-cearense-e-recado-de-sergio-coelho-as-ultimas-noticias-do-botafogo\/?utm_source=terra_capa_parceiros&amp;utm_medium=referral\">Acordo com Santos, declara\u00e7\u00e3o de Dudu Cearense e recado de S\u00e9rgio Coelho: as \u00faltimas not\u00edcias do Botafogo<\/a><\/strong><\/li>\n\n\n\n<li><strong><a href=\"https:\/\/www.gaveanews.com\/index.php\/2024\/11\/29\/declaracao-de-artur-jorge-revelacao-de-igor-jesus-e-recado-de-diogo-dalot\/?utm_source=terra_capa_parceiros&amp;utm_medium=referral\">Declara\u00e7\u00e3o de Artur Jorge, revela\u00e7\u00e3o de Igor Jesus e recado de Diogo Dalot: as \u00faltimas not\u00edcias do Botafogo<\/a><\/strong><\/li>\n<\/ul>\n\n\n\n<p>O evento durou cerca de 15 minutos e teve um clima tranquilo. Os atletas circularam pelo gramado, admirando o est\u00e1dio e aproveitando para refletir sobre o momento hist\u00f3rico. Este ser\u00e1 a primeira final de Libertadores no novo Monumental, com a capacidade total de 86 mil torcedores.<\/p>\n\n\n\n<p>O propriet\u00e1rio da SAF alvinegra, John Textor, tamb\u00e9m participou da atividade e esteve ao lado do elenco. Mas foi o capit\u00e3o Marlon Freitas que protagonizou um dos momentos mais marcantes do dia. O volante cruzou o campo at\u00e9 um dos gols e fez quest\u00e3o de tocar a rede, um gesto simb\u00f3lico de carinho e conex\u00e3o com o momento decisivo de sua carreira.<\/p>\n\n\n\n<p>Emocionado, Marlon falou sobre a import\u00e2ncia desse momento e a emo\u00e7\u00e3o de disputar sua primeira final de Libertadores. &#8220;\u00c9 o \u00fanico que vem da pr\u00e9 a decidir. Muitas coisas envolvidas, minha fam\u00edlia, citei meu pai. Esse sonho. Estou muito feliz de estar aqui. A gente precisa desfrutar, estar com alegria. Foi nossa uni\u00e3o que nos trouxe at\u00e9 aqui. A gente vai desfrutar at\u00e9 o \u00faltimo minuto desse jogo&#8221;, disse o volante. O capit\u00e3o ainda destacou a import\u00e2ncia de aproveitar cada instante dessa trajet\u00f3ria at\u00e9 a grande final.<\/p>\n\n\n\n<p>O Botafogo chega \u00e0 decis\u00e3o com praticamente o elenco completo \u00e0 disposi\u00e7\u00e3o do t\u00e9cnico Artur Jorge. A \u00fanica preocupa\u00e7\u00e3o para o treinador s\u00e3o os desfalques do zagueiro Bastos, que se recupera de uma les\u00e3o muscular sofrida contra o Palmeiras, e do lateral-direito Mateo Ponte, que cumpre suspens\u00e3o ap\u00f3s ser expulso na semifinal contra o Palmeiras.<\/p>\n\n\n\n<p>A final da Conmebol Libertadores 2024 entre Botafogo e Atl\u00e9tico-MG est\u00e1 marcada para as 17h (de Bras\u00edlia). O Glorioso busca conquistar seu primeiro t\u00edtulo continental, enquanto o Galo almeja o bicampeonato. A expectativa \u00e9 grande para esse duelo hist\u00f3rico que promete emocionar os torcedores de ambos os clubes.<\/p>\n","protected":false},"excerpt":{"rendered":"<p>O Botafogo cumpriu mais uma etapa de sua prepara\u00e7\u00e3o para a final da Conmebol Libertadores 2024, que acontecer\u00e1 no pr\u00f3ximo s\u00e1bado (30). Na tarde desta sexta-feira, o elenco alvinegro, acompanhado por dirigentes e membros da comiss\u00e3o t\u00e9cnica, esteve no Est\u00e1dio Monumental de N\u00fa\u00f1ez, casa do River Plate, palco da decis\u00e3o contra o Atl\u00e9tico-MG. O momento [&hellip;]<\/p>\n","protected":false},"author":23,"featured_media":120619,"comment_status":"open","ping_status":"closed","sticky":false,"template":"","format":"standard","meta":{"footnotes":""},"categories":[138],"tags":[],"class_list":["post-192586","post","type-post","status-publish","format-standard","has-post-thumbnail","hentry","category-botafogo"],"yoast_head":"<!-- This site is optimized with the Yoast SEO Premium plugin v24.2 (Yoast SEO v26.9) - https:\/\/yoast.com\/product\/yoast-seo-premium-wordpress\/ -->\n<title>Libertadores: atitude dos jogadores do Botafogo antes da final chama a aten\u00e7\u00e3o<\/title>\n<meta name=\"robots\" content=\"index, follow, max-snippet:-1, max-image-preview:large, max-video-preview:-1\" \/>\n<link rel=\"canonical\" href=\"https:\/\/www.gaveanews.com\/index.php\/2024\/11\/29\/libertadores-atitude-dos-jogadores-do-botafogo-antes-da-final-chama-a-atencao\/\" \/>\n<meta property=\"og:locale\" content=\"pt_BR\" \/>\n<meta property=\"og:type\" content=\"article\" \/>\n<meta property=\"og:title\" content=\"Libertadores: atitude dos jogadores do Botafogo antes da final chama a aten\u00e7\u00e3o\" \/>\n<meta property=\"og:description\" content=\"O Botafogo cumpriu mais uma etapa de sua prepara\u00e7\u00e3o para a final da Conmebol Libertadores 2024, que acontecer\u00e1 no pr\u00f3ximo s\u00e1bado (30). Na tarde desta sexta-feira, o elenco alvinegro, acompanhado por dirigentes e membros da comiss\u00e3o t\u00e9cnica, esteve no Est\u00e1dio Monumental de N\u00fa\u00f1ez, casa do River Plate, palco da decis\u00e3o contra o Atl\u00e9tico-MG. O momento [&hellip;]\" \/>\n<meta property=\"og:url\" content=\"https:\/\/www.gaveanews.com\/index.php\/2024\/11\/29\/libertadores-atitude-dos-jogadores-do-botafogo-antes-da-final-chama-a-atencao\/\" \/>\n<meta property=\"og:site_name\" content=\"G\u00e1vea News\" \/>\n<meta property=\"article:publisher\" content=\"https:\/\/facebook.com\/gaveaNews\/\" \/>\n<meta property=\"article:published_time\" content=\"2024-11-30T00:15:00+00:00\" \/>\n<meta property=\"og:image\" content=\"https:\/\/www.gaveanews.com\/wp-content\/uploads\/botafogoescudo.webp\" \/>\n\t<meta property=\"og:image:width\" content=\"900\" \/>\n\t<meta property=\"og:image:height\" content=\"600\" \/>\n\t<meta property=\"og:image:type\" content=\"image\/webp\" \/>\n<meta name=\"author\" content=\"Leandro Azevedo\" \/>\n<meta name=\"twitter:card\" content=\"summary_large_image\" \/>\n<meta name=\"twitter:label1\" content=\"Escrito por\" \/>\n\t<meta name=\"twitter:data1\" content=\"Leandro Azevedo\" \/>\n\t<meta name=\"twitter:label2\" content=\"Est. tempo de leitura\" \/>\n\t<meta name=\"twitter:data2\" content=\"3 minutos\" \/>\n<script type=\"application\/ld+json\" class=\"yoast-schema-graph\">{\"@context\":\"https:\/\/schema.org\",\"@graph\":[{\"@type\":\"NewsArticle\",\"@id\":\"https:\/\/www.gaveanews.com\/index.php\/2024\/11\/29\/libertadores-atitude-dos-jogadores-do-botafogo-antes-da-final-chama-a-atencao\/#article\",\"isPartOf\":{\"@id\":\"https:\/\/www.gaveanews.com\/index.php\/2024\/11\/29\/libertadores-atitude-dos-jogadores-do-botafogo-antes-da-final-chama-a-atencao\/\"},\"author\":{\"name\":\"Leandro Azevedo\",\"@id\":\"https:\/\/www.gaveanews.com\/#\/schema\/person\/2877169f354c4596cf5aab74ea7c56a8\"},\"headline\":\"Libertadores: atitude dos jogadores do Botafogo antes da final chama a aten\u00e7\u00e3o\",\"datePublished\":\"2024-11-30T00:15:00+00:00\",\"mainEntityOfPage\":{\"@id\":\"https:\/\/www.gaveanews.com\/index.php\/2024\/11\/29\/libertadores-atitude-dos-jogadores-do-botafogo-antes-da-final-chama-a-atencao\/\"},\"wordCount\":469,\"commentCount\":0,\"image\":{\"@id\":\"https:\/\/www.gaveanews.com\/index.php\/2024\/11\/29\/libertadores-atitude-dos-jogadores-do-botafogo-antes-da-final-chama-a-atencao\/#primaryimage\"},\"thumbnailUrl\":\"https:\/\/www.gaveanews.com\/wp-content\/uploads\/botafogoescudo.webp\",\"articleSection\":[\"Botafogo\"],\"inLanguage\":\"pt-BR\",\"potentialAction\":[{\"@type\":\"CommentAction\",\"name\":\"Comment\",\"target\":[\"https:\/\/www.gaveanews.com\/index.php\/2024\/11\/29\/libertadores-atitude-dos-jogadores-do-botafogo-antes-da-final-chama-a-atencao\/#respond\"]}],\"copyrightYear\":\"2024\",\"copyrightHolder\":{\"@id\":\"https:\/\/www.gaveanews.com\/#organization\"}},{\"@type\":\"WebPage\",\"@id\":\"https:\/\/www.gaveanews.com\/index.php\/2024\/11\/29\/libertadores-atitude-dos-jogadores-do-botafogo-antes-da-final-chama-a-atencao\/\",\"url\":\"https:\/\/www.gaveanews.com\/index.php\/2024\/11\/29\/libertadores-atitude-dos-jogadores-do-botafogo-antes-da-final-chama-a-atencao\/\",\"name\":\"Libertadores: atitude dos jogadores do Botafogo antes da final chama a aten\u00e7\u00e3o\",\"isPartOf\":{\"@id\":\"https:\/\/www.gaveanews.com\/#website\"},\"primaryImageOfPage\":{\"@id\":\"https:\/\/www.gaveanews.com\/index.php\/2024\/11\/29\/libertadores-atitude-dos-jogadores-do-botafogo-antes-da-final-chama-a-atencao\/#primaryimage\"},\"image\":{\"@id\":\"https:\/\/www.gaveanews.com\/index.php\/2024\/11\/29\/libertadores-atitude-dos-jogadores-do-botafogo-antes-da-final-chama-a-atencao\/#primaryimage\"},\"thumbnailUrl\":\"https:\/\/www.gaveanews.com\/wp-content\/uploads\/botafogoescudo.webp\",\"datePublished\":\"2024-11-30T00:15:00+00:00\",\"author\":{\"@id\":\"https:\/\/www.gaveanews.com\/#\/schema\/person\/2877169f354c4596cf5aab74ea7c56a8\"},\"breadcrumb\":{\"@id\":\"https:\/\/www.gaveanews.com\/index.php\/2024\/11\/29\/libertadores-atitude-dos-jogadores-do-botafogo-antes-da-final-chama-a-atencao\/#breadcrumb\"},\"inLanguage\":\"pt-BR\",\"potentialAction\":[{\"@type\":\"ReadAction\",\"target\":[\"https:\/\/www.gaveanews.com\/index.php\/2024\/11\/29\/libertadores-atitude-dos-jogadores-do-botafogo-antes-da-final-chama-a-atencao\/\"]}]},{\"@type\":\"ImageObject\",\"inLanguage\":\"pt-BR\",\"@id\":\"https:\/\/www.gaveanews.com\/index.php\/2024\/11\/29\/libertadores-atitude-dos-jogadores-do-botafogo-antes-da-final-chama-a-atencao\/#primaryimage\",\"url\":\"https:\/\/www.gaveanews.com\/wp-content\/uploads\/botafogoescudo.webp\",\"contentUrl\":\"https:\/\/www.gaveanews.com\/wp-content\/uploads\/botafogoescudo.webp\",\"width\":900,\"height\":600,\"caption\":\"Escudo do Botafogo (Foto: Reprodu\u00e7\u00e3o)\"},{\"@type\":\"BreadcrumbList\",\"@id\":\"https:\/\/www.gaveanews.com\/index.php\/2024\/11\/29\/libertadores-atitude-dos-jogadores-do-botafogo-antes-da-final-chama-a-atencao\/#breadcrumb\",\"itemListElement\":[{\"@type\":\"ListItem\",\"position\":1,\"name\":\"Home\",\"item\":\"https:\/\/www.gaveanews.com\/\"},{\"@type\":\"ListItem\",\"position\":2,\"name\":\"Libertadores: atitude dos jogadores do Botafogo antes da final chama a aten\u00e7\u00e3o\"}]},{\"@type\":\"WebSite\",\"@id\":\"https:\/\/www.gaveanews.com\/#website\",\"url\":\"https:\/\/www.gaveanews.com\/\",\"name\":\"G\u00e1vea News\",\"description\":\"Veja todas as not\u00edcias sobre o Flamengo: Contrata\u00e7\u00f5es, categorias de base, resultados das partidas, tabela de classifica\u00e7\u00e3o, pr\u00f3ximos jogos!\",\"potentialAction\":[{\"@type\":\"SearchAction\",\"target\":{\"@type\":\"EntryPoint\",\"urlTemplate\":\"https:\/\/www.gaveanews.com\/?s={search_term_string}\"},\"query-input\":{\"@type\":\"PropertyValueSpecification\",\"valueRequired\":true,\"valueName\":\"search_term_string\"}}],\"inLanguage\":\"pt-BR\"},{\"@type\":\"Person\",\"@id\":\"https:\/\/www.gaveanews.com\/#\/schema\/person\/2877169f354c4596cf5aab74ea7c56a8\",\"name\":\"Leandro Azevedo\",\"image\":{\"@type\":\"ImageObject\",\"inLanguage\":\"pt-BR\",\"@id\":\"https:\/\/www.gaveanews.com\/#\/schema\/person\/image\/\",\"url\":\"https:\/\/secure.gravatar.com\/avatar\/e2f72eb6d986a41d592a85e4e36a6c6170e9ea8a1f433dfc29d0011a8968f89c?s=96&d=mm&r=g\",\"contentUrl\":\"https:\/\/secure.gravatar.com\/avatar\/e2f72eb6d986a41d592a85e4e36a6c6170e9ea8a1f433dfc29d0011a8968f89c?s=96&d=mm&r=g\",\"caption\":\"Leandro Azevedo\"}}]}<\/script>\n<!-- \/ Yoast SEO Premium plugin. -->","yoast_head_json":{"title":"Libertadores: atitude dos jogadores do Botafogo antes da final chama a aten\u00e7\u00e3o","robots":{"index":"index","follow":"follow","max-snippet":"max-snippet:-1","max-image-preview":"max-image-preview:large","max-video-preview":"max-video-preview:-1"},"canonical":"https:\/\/www.gaveanews.com\/index.php\/2024\/11\/29\/libertadores-atitude-dos-jogadores-do-botafogo-antes-da-final-chama-a-atencao\/","og_locale":"pt_BR","og_type":"article","og_title":"Libertadores: atitude dos jogadores do Botafogo antes da final chama a aten\u00e7\u00e3o","og_description":"O Botafogo cumpriu mais uma etapa de sua prepara\u00e7\u00e3o para a final da Conmebol Libertadores 2024, que acontecer\u00e1 no pr\u00f3ximo s\u00e1bado (30). Na tarde desta sexta-feira, o elenco alvinegro, acompanhado por dirigentes e membros da comiss\u00e3o t\u00e9cnica, esteve no Est\u00e1dio Monumental de N\u00fa\u00f1ez, casa do River Plate, palco da decis\u00e3o contra o Atl\u00e9tico-MG. O momento [&hellip;]","og_url":"https:\/\/www.gaveanews.com\/index.php\/2024\/11\/29\/libertadores-atitude-dos-jogadores-do-botafogo-antes-da-final-chama-a-atencao\/","og_site_name":"G\u00e1vea News","article_publisher":"https:\/\/facebook.com\/gaveaNews\/","article_published_time":"2024-11-30T00:15:00+00:00","og_image":[{"width":900,"height":600,"url":"https:\/\/www.gaveanews.com\/wp-content\/uploads\/botafogoescudo.webp","type":"image\/webp"}],"author":"Leandro Azevedo","twitter_card":"summary_large_image","twitter_misc":{"Escrito por":"Leandro Azevedo","Est. tempo de leitura":"3 minutos"},"schema":{"@context":"https:\/\/schema.org","@graph":[{"@type":"NewsArticle","@id":"https:\/\/www.gaveanews.com\/index.php\/2024\/11\/29\/libertadores-atitude-dos-jogadores-do-botafogo-antes-da-final-chama-a-atencao\/#article","isPartOf":{"@id":"https:\/\/www.gaveanews.com\/index.php\/2024\/11\/29\/libertadores-atitude-dos-jogadores-do-botafogo-antes-da-final-chama-a-atencao\/"},"author":{"name":"Leandro Azevedo","@id":"https:\/\/www.gaveanews.com\/#\/schema\/person\/2877169f354c4596cf5aab74ea7c56a8"},"headline":"Libertadores: atitude dos jogadores do Botafogo antes da final chama a aten\u00e7\u00e3o","datePublished":"2024-11-30T00:15:00+00:00","mainEntityOfPage":{"@id":"https:\/\/www.gaveanews.com\/index.php\/2024\/11\/29\/libertadores-atitude-dos-jogadores-do-botafogo-antes-da-final-chama-a-atencao\/"},"wordCount":469,"commentCount":0,"image":{"@id":"https:\/\/www.gaveanews.com\/index.php\/2024\/11\/29\/libertadores-atitude-dos-jogadores-do-botafogo-antes-da-final-chama-a-atencao\/#primaryimage"},"thumbnailUrl":"https:\/\/www.gaveanews.com\/wp-content\/uploads\/botafogoescudo.webp","articleSection":["Botafogo"],"inLanguage":"pt-BR","potentialAction":[{"@type":"CommentAction","name":"Comment","target":["https:\/\/www.gaveanews.com\/index.php\/2024\/11\/29\/libertadores-atitude-dos-jogadores-do-botafogo-antes-da-final-chama-a-atencao\/#respond"]}],"copyrightYear":"2024","copyrightHolder":{"@id":"https:\/\/www.gaveanews.com\/#organization"}},{"@type":"WebPage","@id":"https:\/\/www.gaveanews.com\/index.php\/2024\/11\/29\/libertadores-atitude-dos-jogadores-do-botafogo-antes-da-final-chama-a-atencao\/","url":"https:\/\/www.gaveanews.com\/index.php\/2024\/11\/29\/libertadores-atitude-dos-jogadores-do-botafogo-antes-da-final-chama-a-atencao\/","name":"Libertadores: atitude dos jogadores do Botafogo antes da final chama a aten\u00e7\u00e3o","isPartOf":{"@id":"https:\/\/www.gaveanews.com\/#website"},"primaryImageOfPage":{"@id":"https:\/\/www.gaveanews.com\/index.php\/2024\/11\/29\/libertadores-atitude-dos-jogadores-do-botafogo-antes-da-final-chama-a-atencao\/#primaryimage"},"image":{"@id":"https:\/\/www.gaveanews.com\/index.php\/2024\/11\/29\/libertadores-atitude-dos-jogadores-do-botafogo-antes-da-final-chama-a-atencao\/#primaryimage"},"thumbnailUrl":"https:\/\/www.gaveanews.com\/wp-content\/uploads\/botafogoescudo.webp","datePublished":"2024-11-30T00:15:00+00:00","author":{"@id":"https:\/\/www.gaveanews.com\/#\/schema\/person\/2877169f354c4596cf5aab74ea7c56a8"},"breadcrumb":{"@id":"https:\/\/www.gaveanews.com\/index.php\/2024\/11\/29\/libertadores-atitude-dos-jogadores-do-botafogo-antes-da-final-chama-a-atencao\/#breadcrumb"},"inLanguage":"pt-BR","potentialAction":[{"@type":"ReadAction","target":["https:\/\/www.gaveanews.com\/index.php\/2024\/11\/29\/libertadores-atitude-dos-jogadores-do-botafogo-antes-da-final-chama-a-atencao\/"]}]},{"@type":"ImageObject","inLanguage":"pt-BR","@id":"https:\/\/www.gaveanews.com\/index.php\/2024\/11\/29\/libertadores-atitude-dos-jogadores-do-botafogo-antes-da-final-chama-a-atencao\/#primaryimage","url":"https:\/\/www.gaveanews.com\/wp-content\/uploads\/botafogoescudo.webp","contentUrl":"https:\/\/www.gaveanews.com\/wp-content\/uploads\/botafogoescudo.webp","width":900,"height":600,"caption":"Escudo do Botafogo (Foto: Reprodu\u00e7\u00e3o)"},{"@type":"BreadcrumbList","@id":"https:\/\/www.gaveanews.com\/index.php\/2024\/11\/29\/libertadores-atitude-dos-jogadores-do-botafogo-antes-da-final-chama-a-atencao\/#breadcrumb","itemListElement":[{"@type":"ListItem","position":1,"name":"Home","item":"https:\/\/www.gaveanews.com\/"},{"@type":"ListItem","position":2,"name":"Libertadores: atitude dos jogadores do Botafogo antes da final chama a aten\u00e7\u00e3o"}]},{"@type":"WebSite","@id":"https:\/\/www.gaveanews.com\/#website","url":"https:\/\/www.gaveanews.com\/","name":"G\u00e1vea News","description":"Veja todas as not\u00edcias sobre o Flamengo: Contrata\u00e7\u00f5es, categorias de base, resultados das partidas, tabela de classifica\u00e7\u00e3o, pr\u00f3ximos jogos!","potentialAction":[{"@type":"SearchAction","target":{"@type":"EntryPoint","urlTemplate":"https:\/\/www.gaveanews.com\/?s={search_term_string}"},"query-input":{"@type":"PropertyValueSpecification","valueRequired":true,"valueName":"search_term_string"}}],"inLanguage":"pt-BR"},{"@type":"Person","@id":"https:\/\/www.gaveanews.com\/#\/schema\/person\/2877169f354c4596cf5aab74ea7c56a8","name":"Leandro Azevedo","image":{"@type":"ImageObject","inLanguage":"pt-BR","@id":"https:\/\/www.gaveanews.com\/#\/schema\/person\/image\/","url":"https:\/\/secure.gravatar.com\/avatar\/e2f72eb6d986a41d592a85e4e36a6c6170e9ea8a1f433dfc29d0011a8968f89c?s=96&d=mm&r=g","contentUrl":"https:\/\/secure.gravatar.com\/avatar\/e2f72eb6d986a41d592a85e4e36a6c6170e9ea8a1f433dfc29d0011a8968f89c?s=96&d=mm&r=g","caption":"Leandro Azevedo"}}]}},"_links":{"self":[{"href":"https:\/\/www.gaveanews.com\/index.php\/wp-json\/wp\/v2\/posts\/192586","targetHints":{"allow":["GET"]}}],"collection":[{"href":"https:\/\/www.gaveanews.com\/index.php\/wp-json\/wp\/v2\/posts"}],"about":[{"href":"https:\/\/www.gaveanews.com\/index.php\/wp-json\/wp\/v2\/types\/post"}],"author":[{"embeddable":true,"href":"https:\/\/www.gaveanews.com\/index.php\/wp-json\/wp\/v2\/users\/23"}],"replies":[{"embeddable":true,"href":"https:\/\/www.gaveanews.com\/index.php\/wp-json\/wp\/v2\/comments?post=192586"}],"version-history":[{"count":3,"href":"https:\/\/www.gaveanews.com\/index.php\/wp-json\/wp\/v2\/posts\/192586\/revisions"}],"predecessor-version":[{"id":192605,"href":"https:\/\/www.gaveanews.com\/index.php\/wp-json\/wp\/v2\/posts\/192586\/revisions\/192605"}],"wp:featuredmedia":[{"embeddable":true,"href":"https:\/\/www.gaveanews.com\/index.php\/wp-json\/wp\/v2\/media\/120619"}],"wp:attachment":[{"href":"https:\/\/www.gaveanews.com\/index.php\/wp-json\/wp\/v2\/media?parent=192586"}],"wp:term":[{"taxonomy":"category","embeddable":true,"href":"https:\/\/www.gaveanews.com\/index.php\/wp-json\/wp\/v2\/categories?post=192586"},{"taxonomy":"post_tag","embeddable":true,"href":"https:\/\/www.gaveanews.com\/index.php\/wp-json\/wp\/v2\/tags?post=192586"}],"curies":[{"name":"wp","href":"https:\/\/api.w.org\/{rel}","templated":true}]}}