{"id":192609,"date":"2024-11-29T21:50:11","date_gmt":"2024-11-30T00:50:11","guid":{"rendered":"https:\/\/www.gaveanews.com\/?p=192609"},"modified":"2024-11-29T21:50:14","modified_gmt":"2024-11-30T00:50:14","slug":"marcelo-ex-fluminense-e-desejado-por-clube-tradicional-da-america-do-sul","status":"publish","type":"post","link":"https:\/\/www.gaveanews.com\/index.php\/2024\/11\/29\/marcelo-ex-fluminense-e-desejado-por-clube-tradicional-da-america-do-sul\/","title":{"rendered":"Marcelo, ex-Fluminense, \u00e9 desejado por clube tradicional da Am\u00e9rica do Sul"},"content":{"rendered":"\n<p>A incerteza em torno do pr\u00f3ximo clube de Marcelo virou assunto no pleito eleitoral do Nacional, do Uruguai. Flavio Perchman, que faz parte da chapa \u201cNacional Infinito\u201d falou sobre o ex-jogador do Fluminense e afirmou que fez contatos para contar com o atleta mas que a ideia \u00e9 considerada uma \u201cutopia\u201d.<\/p>\n\n\n\n<ul class=\"wp-block-list\">\n<li><a href=\"https:\/\/www.gaveanews.com\/index.php\/2024\/11\/29\/german-cano-jhon-arias-ganso-lima-john-kennedykeno-kaua-elias-marquinhos-samuel-xavier-e-thiago-santos-os-jogadores-do-fluminense-com-mais-finalizacoes-por-jogo-no-brasileirao\/\">Germ\u00e1n Cano, Jhon Arias, Ganso, Lima, John Kennedy,Keno Kau\u00e3 Elias, Marquinhos, Samuel Xavier e Thiago Santos: os jogadores do Fluminense com mais finaliza\u00e7\u00f5es por jogo no Brasileir\u00e3o<\/a><\/li>\n\n\n\n<li><a href=\"https:\/\/www.gaveanews.com\/index.php\/2024\/11\/29\/a-declaracao-de-rivellino-direcionada-ao-time-do-fluminense\/\">A declara\u00e7\u00e3o de Rivellino direcionada ao time do Fluminense<\/a><\/li>\n<\/ul>\n\n\n\n<p>Flavio Perchman, que comp\u00f5e a chapa \u201cNacional Infinito\u201d com o candidato a presidente Ricardo Vairo, revelou que existe interesse no lateral esquerdo, ex-Real Madrid.<\/p>\n\n\n\n<p>\u201cTenho um jogador que tem 5% de chances de vir, \u00e9 uma utopia. Me respondeu e disse que est\u00e1 tirando um tempo para ver o que faz da vida. (&#8230;) Marcelo n\u00e3o vir\u00e1 por dinheiro, e tamb\u00e9m estou atr\u00e1s de um jogador importante que est\u00e1 no Brasil\u201d, disse Perchman ao programa Pasi\u00f3n Tricolor.<\/p>\n\n\n\n<p>Desde que o ex-jogador da Sele\u00e7\u00e3o Brasileira deixou o clube das Laranjeiras, muito se especula a respeito do destino dele. Mas n\u00e3o h\u00e1 nenhuma novidade. Por enquanto, ele se dedica a ser garoto propaganda do Am\u00e9rica-RN.<\/p>\n\n\n\n<p>A Doze, empresa que pertence a Marcelo, \u00e9 uma das principais acionistas da holding HI.PE Capital SA e det\u00e9m 80% das a\u00e7\u00f5es da SAF do Am\u00e9rica. Marcelo al\u00e9m de investir no clube, tamb\u00e9m participa ativamente da promo\u00e7\u00e3o dele. Recentemente, ele estrelou uma campanha de s\u00f3cio-torcedor, usando a camisa do time e segurando sua bandeira, simbolizando seu comprometimento com o projeto.<\/p>\n\n\n\n<h2 class=\"wp-block-heading\" id=\"h-marcelo-e-especulado-nos-estados-unidos\">Marcelo \u00e9 especulado nos Estados Unidos<\/h2>\n\n\n\n<p>No come\u00e7o do m\u00eas de novembro, o Los Angeles FC acenou com o interesse de contar com Marcelo para a pr\u00f3xima temporada. Ele seria uma importante aquisi\u00e7\u00e3o para o time estadunidense que disputa a Major League Soccer. O jogador chegaria para somar ao elenco que conta com os franceses Giroud e Lorris.<\/p>\n\n\n\n<p>No entanto, a negocia\u00e7\u00e3o n\u00e3o avan\u00e7ou porque o time dos Estados Unidos considerou a pedida salarial muito alta.<\/p>\n","protected":false},"excerpt":{"rendered":"<p>A incerteza em torno do pr\u00f3ximo clube de Marcelo virou assunto no pleito eleitoral do Nacional, do Uruguai. Flavio Perchman, que faz parte da chapa \u201cNacional Infinito\u201d falou sobre o ex-jogador do Fluminense e afirmou que fez contatos para contar com o atleta mas que a ideia \u00e9 considerada uma \u201cutopia\u201d. Flavio Perchman, que comp\u00f5e [&hellip;]<\/p>\n","protected":false},"author":29,"featured_media":167658,"comment_status":"open","ping_status":"closed","sticky":false,"template":"","format":"standard","meta":{"footnotes":""},"categories":[145],"tags":[],"class_list":["post-192609","post","type-post","status-publish","format-standard","has-post-thumbnail","hentry","category-fluminense"],"yoast_head":"<!-- This site is optimized with the Yoast SEO Premium plugin v24.2 (Yoast SEO v26.9) - https:\/\/yoast.com\/product\/yoast-seo-premium-wordpress\/ -->\n<title>Marcelo, ex-Fluminense, \u00e9 desejado por clube tradicional da Am\u00e9rica do Sul<\/title>\n<meta name=\"robots\" content=\"index, follow, max-snippet:-1, max-image-preview:large, max-video-preview:-1\" \/>\n<link rel=\"canonical\" href=\"https:\/\/www.gaveanews.com\/index.php\/2024\/11\/29\/marcelo-ex-fluminense-e-desejado-por-clube-tradicional-da-america-do-sul\/\" \/>\n<meta property=\"og:locale\" content=\"pt_BR\" \/>\n<meta property=\"og:type\" content=\"article\" \/>\n<meta property=\"og:title\" content=\"Marcelo, ex-Fluminense, \u00e9 desejado por clube tradicional da Am\u00e9rica do Sul\" \/>\n<meta property=\"og:description\" content=\"A incerteza em torno do pr\u00f3ximo clube de Marcelo virou assunto no pleito eleitoral do Nacional, do Uruguai. Flavio Perchman, que faz parte da chapa \u201cNacional Infinito\u201d falou sobre o ex-jogador do Fluminense e afirmou que fez contatos para contar com o atleta mas que a ideia \u00e9 considerada uma \u201cutopia\u201d. Flavio Perchman, que comp\u00f5e [&hellip;]\" \/>\n<meta property=\"og:url\" content=\"https:\/\/www.gaveanews.com\/index.php\/2024\/11\/29\/marcelo-ex-fluminense-e-desejado-por-clube-tradicional-da-america-do-sul\/\" \/>\n<meta property=\"og:site_name\" content=\"G\u00e1vea News\" \/>\n<meta property=\"article:publisher\" content=\"https:\/\/facebook.com\/gaveaNews\/\" \/>\n<meta property=\"article:published_time\" content=\"2024-11-30T00:50:11+00:00\" \/>\n<meta property=\"article:modified_time\" content=\"2024-11-30T00:50:14+00:00\" \/>\n<meta property=\"og:image\" content=\"https:\/\/www.gaveanews.com\/wp-content\/uploads\/Marcelo-pelo-Fluminense.webp\" \/>\n\t<meta property=\"og:image:width\" content=\"774\" \/>\n\t<meta property=\"og:image:height\" content=\"436\" \/>\n\t<meta property=\"og:image:type\" content=\"image\/jpeg\" \/>\n<meta name=\"author\" content=\"Marco Menezes\" \/>\n<meta name=\"twitter:card\" content=\"summary_large_image\" \/>\n<meta name=\"twitter:label1\" content=\"Escrito por\" \/>\n\t<meta name=\"twitter:data1\" content=\"Marco Menezes\" \/>\n\t<meta name=\"twitter:label2\" content=\"Est. tempo de leitura\" \/>\n\t<meta name=\"twitter:data2\" content=\"3 minutos\" \/>\n<script type=\"application\/ld+json\" class=\"yoast-schema-graph\">{\"@context\":\"https:\/\/schema.org\",\"@graph\":[{\"@type\":\"NewsArticle\",\"@id\":\"https:\/\/www.gaveanews.com\/index.php\/2024\/11\/29\/marcelo-ex-fluminense-e-desejado-por-clube-tradicional-da-america-do-sul\/#article\",\"isPartOf\":{\"@id\":\"https:\/\/www.gaveanews.com\/index.php\/2024\/11\/29\/marcelo-ex-fluminense-e-desejado-por-clube-tradicional-da-america-do-sul\/\"},\"author\":{\"name\":\"Marco Menezes\",\"@id\":\"https:\/\/www.gaveanews.com\/#\/schema\/person\/a9f62fe75380c6bada1b2fc49bc23d69\"},\"headline\":\"Marcelo, ex-Fluminense, \u00e9 desejado por clube tradicional da Am\u00e9rica do Sul\",\"datePublished\":\"2024-11-30T00:50:11+00:00\",\"dateModified\":\"2024-11-30T00:50:14+00:00\",\"mainEntityOfPage\":{\"@id\":\"https:\/\/www.gaveanews.com\/index.php\/2024\/11\/29\/marcelo-ex-fluminense-e-desejado-por-clube-tradicional-da-america-do-sul\/\"},\"wordCount\":369,\"commentCount\":0,\"image\":{\"@id\":\"https:\/\/www.gaveanews.com\/index.php\/2024\/11\/29\/marcelo-ex-fluminense-e-desejado-por-clube-tradicional-da-america-do-sul\/#primaryimage\"},\"thumbnailUrl\":\"https:\/\/www.gaveanews.com\/wp-content\/uploads\/Marcelo-pelo-Fluminense.webp\",\"articleSection\":[\"Fluminense\"],\"inLanguage\":\"pt-BR\",\"potentialAction\":[{\"@type\":\"CommentAction\",\"name\":\"Comment\",\"target\":[\"https:\/\/www.gaveanews.com\/index.php\/2024\/11\/29\/marcelo-ex-fluminense-e-desejado-por-clube-tradicional-da-america-do-sul\/#respond\"]}],\"copyrightYear\":\"2024\",\"copyrightHolder\":{\"@id\":\"https:\/\/www.gaveanews.com\/#organization\"}},{\"@type\":\"WebPage\",\"@id\":\"https:\/\/www.gaveanews.com\/index.php\/2024\/11\/29\/marcelo-ex-fluminense-e-desejado-por-clube-tradicional-da-america-do-sul\/\",\"url\":\"https:\/\/www.gaveanews.com\/index.php\/2024\/11\/29\/marcelo-ex-fluminense-e-desejado-por-clube-tradicional-da-america-do-sul\/\",\"name\":\"Marcelo, ex-Fluminense, \u00e9 desejado por clube tradicional da Am\u00e9rica do Sul\",\"isPartOf\":{\"@id\":\"https:\/\/www.gaveanews.com\/#website\"},\"primaryImageOfPage\":{\"@id\":\"https:\/\/www.gaveanews.com\/index.php\/2024\/11\/29\/marcelo-ex-fluminense-e-desejado-por-clube-tradicional-da-america-do-sul\/#primaryimage\"},\"image\":{\"@id\":\"https:\/\/www.gaveanews.com\/index.php\/2024\/11\/29\/marcelo-ex-fluminense-e-desejado-por-clube-tradicional-da-america-do-sul\/#primaryimage\"},\"thumbnailUrl\":\"https:\/\/www.gaveanews.com\/wp-content\/uploads\/Marcelo-pelo-Fluminense.webp\",\"datePublished\":\"2024-11-30T00:50:11+00:00\",\"dateModified\":\"2024-11-30T00:50:14+00:00\",\"author\":{\"@id\":\"https:\/\/www.gaveanews.com\/#\/schema\/person\/a9f62fe75380c6bada1b2fc49bc23d69\"},\"breadcrumb\":{\"@id\":\"https:\/\/www.gaveanews.com\/index.php\/2024\/11\/29\/marcelo-ex-fluminense-e-desejado-por-clube-tradicional-da-america-do-sul\/#breadcrumb\"},\"inLanguage\":\"pt-BR\",\"potentialAction\":[{\"@type\":\"ReadAction\",\"target\":[\"https:\/\/www.gaveanews.com\/index.php\/2024\/11\/29\/marcelo-ex-fluminense-e-desejado-por-clube-tradicional-da-america-do-sul\/\"]}]},{\"@type\":\"ImageObject\",\"inLanguage\":\"pt-BR\",\"@id\":\"https:\/\/www.gaveanews.com\/index.php\/2024\/11\/29\/marcelo-ex-fluminense-e-desejado-por-clube-tradicional-da-america-do-sul\/#primaryimage\",\"url\":\"https:\/\/www.gaveanews.com\/wp-content\/uploads\/Marcelo-pelo-Fluminense.webp\",\"contentUrl\":\"https:\/\/www.gaveanews.com\/wp-content\/uploads\/Marcelo-pelo-Fluminense.webp\",\"width\":774,\"height\":436,\"caption\":\"Marcelo pelo Fluminense (Foto: Mailson Santana\/Fluminense)\"},{\"@type\":\"BreadcrumbList\",\"@id\":\"https:\/\/www.gaveanews.com\/index.php\/2024\/11\/29\/marcelo-ex-fluminense-e-desejado-por-clube-tradicional-da-america-do-sul\/#breadcrumb\",\"itemListElement\":[{\"@type\":\"ListItem\",\"position\":1,\"name\":\"Home\",\"item\":\"https:\/\/www.gaveanews.com\/\"},{\"@type\":\"ListItem\",\"position\":2,\"name\":\"Marcelo, ex-Fluminense, \u00e9 desejado por clube tradicional da Am\u00e9rica do Sul\"}]},{\"@type\":\"WebSite\",\"@id\":\"https:\/\/www.gaveanews.com\/#website\",\"url\":\"https:\/\/www.gaveanews.com\/\",\"name\":\"G\u00e1vea News\",\"description\":\"Veja todas as not\u00edcias sobre o Flamengo: Contrata\u00e7\u00f5es, categorias de base, resultados das partidas, tabela de classifica\u00e7\u00e3o, pr\u00f3ximos jogos!\",\"potentialAction\":[{\"@type\":\"SearchAction\",\"target\":{\"@type\":\"EntryPoint\",\"urlTemplate\":\"https:\/\/www.gaveanews.com\/?s={search_term_string}\"},\"query-input\":{\"@type\":\"PropertyValueSpecification\",\"valueRequired\":true,\"valueName\":\"search_term_string\"}}],\"inLanguage\":\"pt-BR\"},{\"@type\":\"Person\",\"@id\":\"https:\/\/www.gaveanews.com\/#\/schema\/person\/a9f62fe75380c6bada1b2fc49bc23d69\",\"name\":\"Marco Menezes\",\"image\":{\"@type\":\"ImageObject\",\"inLanguage\":\"pt-BR\",\"@id\":\"https:\/\/www.gaveanews.com\/#\/schema\/person\/image\/\",\"url\":\"https:\/\/secure.gravatar.com\/avatar\/a1d148ae17fc8bfc5dbccffd07979e8bd2c9ba494221779de86ec2c7907b71ec?s=96&d=mm&r=g\",\"contentUrl\":\"https:\/\/secure.gravatar.com\/avatar\/a1d148ae17fc8bfc5dbccffd07979e8bd2c9ba494221779de86ec2c7907b71ec?s=96&d=mm&r=g\",\"caption\":\"Marco Menezes\"}}]}<\/script>\n<!-- \/ Yoast SEO Premium plugin. -->","yoast_head_json":{"title":"Marcelo, ex-Fluminense, \u00e9 desejado por clube tradicional da Am\u00e9rica do Sul","robots":{"index":"index","follow":"follow","max-snippet":"max-snippet:-1","max-image-preview":"max-image-preview:large","max-video-preview":"max-video-preview:-1"},"canonical":"https:\/\/www.gaveanews.com\/index.php\/2024\/11\/29\/marcelo-ex-fluminense-e-desejado-por-clube-tradicional-da-america-do-sul\/","og_locale":"pt_BR","og_type":"article","og_title":"Marcelo, ex-Fluminense, \u00e9 desejado por clube tradicional da Am\u00e9rica do Sul","og_description":"A incerteza em torno do pr\u00f3ximo clube de Marcelo virou assunto no pleito eleitoral do Nacional, do Uruguai. Flavio Perchman, que faz parte da chapa \u201cNacional Infinito\u201d falou sobre o ex-jogador do Fluminense e afirmou que fez contatos para contar com o atleta mas que a ideia \u00e9 considerada uma \u201cutopia\u201d. Flavio Perchman, que comp\u00f5e [&hellip;]","og_url":"https:\/\/www.gaveanews.com\/index.php\/2024\/11\/29\/marcelo-ex-fluminense-e-desejado-por-clube-tradicional-da-america-do-sul\/","og_site_name":"G\u00e1vea News","article_publisher":"https:\/\/facebook.com\/gaveaNews\/","article_published_time":"2024-11-30T00:50:11+00:00","article_modified_time":"2024-11-30T00:50:14+00:00","og_image":[{"width":774,"height":436,"url":"https:\/\/www.gaveanews.com\/wp-content\/uploads\/Marcelo-pelo-Fluminense.webp","type":"image\/jpeg"}],"author":"Marco Menezes","twitter_card":"summary_large_image","twitter_misc":{"Escrito por":"Marco Menezes","Est. tempo de leitura":"3 minutos"},"schema":{"@context":"https:\/\/schema.org","@graph":[{"@type":"NewsArticle","@id":"https:\/\/www.gaveanews.com\/index.php\/2024\/11\/29\/marcelo-ex-fluminense-e-desejado-por-clube-tradicional-da-america-do-sul\/#article","isPartOf":{"@id":"https:\/\/www.gaveanews.com\/index.php\/2024\/11\/29\/marcelo-ex-fluminense-e-desejado-por-clube-tradicional-da-america-do-sul\/"},"author":{"name":"Marco Menezes","@id":"https:\/\/www.gaveanews.com\/#\/schema\/person\/a9f62fe75380c6bada1b2fc49bc23d69"},"headline":"Marcelo, ex-Fluminense, \u00e9 desejado por clube tradicional da Am\u00e9rica do Sul","datePublished":"2024-11-30T00:50:11+00:00","dateModified":"2024-11-30T00:50:14+00:00","mainEntityOfPage":{"@id":"https:\/\/www.gaveanews.com\/index.php\/2024\/11\/29\/marcelo-ex-fluminense-e-desejado-por-clube-tradicional-da-america-do-sul\/"},"wordCount":369,"commentCount":0,"image":{"@id":"https:\/\/www.gaveanews.com\/index.php\/2024\/11\/29\/marcelo-ex-fluminense-e-desejado-por-clube-tradicional-da-america-do-sul\/#primaryimage"},"thumbnailUrl":"https:\/\/www.gaveanews.com\/wp-content\/uploads\/Marcelo-pelo-Fluminense.webp","articleSection":["Fluminense"],"inLanguage":"pt-BR","potentialAction":[{"@type":"CommentAction","name":"Comment","target":["https:\/\/www.gaveanews.com\/index.php\/2024\/11\/29\/marcelo-ex-fluminense-e-desejado-por-clube-tradicional-da-america-do-sul\/#respond"]}],"copyrightYear":"2024","copyrightHolder":{"@id":"https:\/\/www.gaveanews.com\/#organization"}},{"@type":"WebPage","@id":"https:\/\/www.gaveanews.com\/index.php\/2024\/11\/29\/marcelo-ex-fluminense-e-desejado-por-clube-tradicional-da-america-do-sul\/","url":"https:\/\/www.gaveanews.com\/index.php\/2024\/11\/29\/marcelo-ex-fluminense-e-desejado-por-clube-tradicional-da-america-do-sul\/","name":"Marcelo, ex-Fluminense, \u00e9 desejado por clube tradicional da Am\u00e9rica do Sul","isPartOf":{"@id":"https:\/\/www.gaveanews.com\/#website"},"primaryImageOfPage":{"@id":"https:\/\/www.gaveanews.com\/index.php\/2024\/11\/29\/marcelo-ex-fluminense-e-desejado-por-clube-tradicional-da-america-do-sul\/#primaryimage"},"image":{"@id":"https:\/\/www.gaveanews.com\/index.php\/2024\/11\/29\/marcelo-ex-fluminense-e-desejado-por-clube-tradicional-da-america-do-sul\/#primaryimage"},"thumbnailUrl":"https:\/\/www.gaveanews.com\/wp-content\/uploads\/Marcelo-pelo-Fluminense.webp","datePublished":"2024-11-30T00:50:11+00:00","dateModified":"2024-11-30T00:50:14+00:00","author":{"@id":"https:\/\/www.gaveanews.com\/#\/schema\/person\/a9f62fe75380c6bada1b2fc49bc23d69"},"breadcrumb":{"@id":"https:\/\/www.gaveanews.com\/index.php\/2024\/11\/29\/marcelo-ex-fluminense-e-desejado-por-clube-tradicional-da-america-do-sul\/#breadcrumb"},"inLanguage":"pt-BR","potentialAction":[{"@type":"ReadAction","target":["https:\/\/www.gaveanews.com\/index.php\/2024\/11\/29\/marcelo-ex-fluminense-e-desejado-por-clube-tradicional-da-america-do-sul\/"]}]},{"@type":"ImageObject","inLanguage":"pt-BR","@id":"https:\/\/www.gaveanews.com\/index.php\/2024\/11\/29\/marcelo-ex-fluminense-e-desejado-por-clube-tradicional-da-america-do-sul\/#primaryimage","url":"https:\/\/www.gaveanews.com\/wp-content\/uploads\/Marcelo-pelo-Fluminense.webp","contentUrl":"https:\/\/www.gaveanews.com\/wp-content\/uploads\/Marcelo-pelo-Fluminense.webp","width":774,"height":436,"caption":"Marcelo pelo Fluminense (Foto: Mailson Santana\/Fluminense)"},{"@type":"BreadcrumbList","@id":"https:\/\/www.gaveanews.com\/index.php\/2024\/11\/29\/marcelo-ex-fluminense-e-desejado-por-clube-tradicional-da-america-do-sul\/#breadcrumb","itemListElement":[{"@type":"ListItem","position":1,"name":"Home","item":"https:\/\/www.gaveanews.com\/"},{"@type":"ListItem","position":2,"name":"Marcelo, ex-Fluminense, \u00e9 desejado por clube tradicional da Am\u00e9rica do Sul"}]},{"@type":"WebSite","@id":"https:\/\/www.gaveanews.com\/#website","url":"https:\/\/www.gaveanews.com\/","name":"G\u00e1vea News","description":"Veja todas as not\u00edcias sobre o Flamengo: Contrata\u00e7\u00f5es, categorias de base, resultados das partidas, tabela de classifica\u00e7\u00e3o, pr\u00f3ximos jogos!","potentialAction":[{"@type":"SearchAction","target":{"@type":"EntryPoint","urlTemplate":"https:\/\/www.gaveanews.com\/?s={search_term_string}"},"query-input":{"@type":"PropertyValueSpecification","valueRequired":true,"valueName":"search_term_string"}}],"inLanguage":"pt-BR"},{"@type":"Person","@id":"https:\/\/www.gaveanews.com\/#\/schema\/person\/a9f62fe75380c6bada1b2fc49bc23d69","name":"Marco Menezes","image":{"@type":"ImageObject","inLanguage":"pt-BR","@id":"https:\/\/www.gaveanews.com\/#\/schema\/person\/image\/","url":"https:\/\/secure.gravatar.com\/avatar\/a1d148ae17fc8bfc5dbccffd07979e8bd2c9ba494221779de86ec2c7907b71ec?s=96&d=mm&r=g","contentUrl":"https:\/\/secure.gravatar.com\/avatar\/a1d148ae17fc8bfc5dbccffd07979e8bd2c9ba494221779de86ec2c7907b71ec?s=96&d=mm&r=g","caption":"Marco Menezes"}}]}},"_links":{"self":[{"href":"https:\/\/www.gaveanews.com\/index.php\/wp-json\/wp\/v2\/posts\/192609","targetHints":{"allow":["GET"]}}],"collection":[{"href":"https:\/\/www.gaveanews.com\/index.php\/wp-json\/wp\/v2\/posts"}],"about":[{"href":"https:\/\/www.gaveanews.com\/index.php\/wp-json\/wp\/v2\/types\/post"}],"author":[{"embeddable":true,"href":"https:\/\/www.gaveanews.com\/index.php\/wp-json\/wp\/v2\/users\/29"}],"replies":[{"embeddable":true,"href":"https:\/\/www.gaveanews.com\/index.php\/wp-json\/wp\/v2\/comments?post=192609"}],"version-history":[{"count":1,"href":"https:\/\/www.gaveanews.com\/index.php\/wp-json\/wp\/v2\/posts\/192609\/revisions"}],"predecessor-version":[{"id":192611,"href":"https:\/\/www.gaveanews.com\/index.php\/wp-json\/wp\/v2\/posts\/192609\/revisions\/192611"}],"wp:featuredmedia":[{"embeddable":true,"href":"https:\/\/www.gaveanews.com\/index.php\/wp-json\/wp\/v2\/media\/167658"}],"wp:attachment":[{"href":"https:\/\/www.gaveanews.com\/index.php\/wp-json\/wp\/v2\/media?parent=192609"}],"wp:term":[{"taxonomy":"category","embeddable":true,"href":"https:\/\/www.gaveanews.com\/index.php\/wp-json\/wp\/v2\/categories?post=192609"},{"taxonomy":"post_tag","embeddable":true,"href":"https:\/\/www.gaveanews.com\/index.php\/wp-json\/wp\/v2\/tags?post=192609"}],"curies":[{"name":"wp","href":"https:\/\/api.w.org\/{rel}","templated":true}]}}