{"id":192691,"date":"2024-11-30T06:40:00","date_gmt":"2024-11-30T09:40:00","guid":{"rendered":"https:\/\/www.gaveanews.com\/?p=192691"},"modified":"2024-11-30T03:30:49","modified_gmt":"2024-11-30T06:30:49","slug":"cruzeiro-pode-ter-desfalques-importantes-para-enfrentar-o-bragantino","status":"publish","type":"post","link":"https:\/\/www.gaveanews.com\/index.php\/2024\/11\/30\/cruzeiro-pode-ter-desfalques-importantes-para-enfrentar-o-bragantino\/","title":{"rendered":"Cruzeiro pode ter desfalques importantes para enfrentar o Bragantino"},"content":{"rendered":"\n<h2 class=\"wp-block-heading\" id=\"h-duvidas-e-desfalques-no-cruzeiro-para-o-jogo-contra-o-bragantino\">D\u00favidas e desfalques no Cruzeiro para o jogo contra o Bragantino<\/h2>\n\n\n\n<p>No treino do Cruzeiro, realizado na \u00faltima sexta-feira, duas d\u00favidas surgiram para o jogo contra o Bragantino, marcado para este domingo, pela 36\u00aa rodada do Campeonato Brasileiro.<\/p>\n\n\n\n<ul class=\"wp-block-list\">\n<li><a href=\"https:\/\/www.gaveanews.com\/index.php\/2024\/11\/21\/esporro-de-diniz-jornalista-contrariado-e-publicacao-de-rival-as-ultimas-noticias-do-cruzeiro\/\">Esporro de Diniz, jornalista contrariado e publica\u00e7\u00e3o de rival: as \u00faltimas not\u00edcias do Cruzeiro<\/a><\/li>\n\n\n\n<li><a href=\"https:\/\/www.gaveanews.com\/index.php\/2024\/11\/29\/cruzeiro-toma-atitude-importante-nos-bastidores\/\">Cruzeiro toma atitude importante nos bastidores<\/a><\/li>\n<\/ul>\n\n\n\n<p>Gabriel Veron deixou o campo no segundo tempo do confronto contra o Gr\u00eamio, ap\u00f3s sentir um inc\u00f4modo na coxa direita. O jogador fez tratamento com gelo no banco de reservas, mas at\u00e9 o momento n\u00e3o h\u00e1 confirma\u00e7\u00e3o de les\u00e3o. Lucas Silva, por sua vez, tamb\u00e9m teve um desconforto muscular, mas treinou normalmente e n\u00e3o dever\u00e1 ser um problema para a partida.<\/p>\n\n\n\n<p>Na zaga, caso Lucas Villalba n\u00e3o tenha condi\u00e7\u00f5es de jogo, Z\u00e9 Ivaldo ser\u00e1 o substituto. No ataque, as op\u00e7\u00f5es para Fernando Diniz s\u00e3o limitadas, com Kaique Kenji e Tevis como principais alternativas, al\u00e9m de Mateus Vital, que \u00e9 meia de origem, mas pode atuar no setor ofensivo.<\/p>\n\n\n\n<p>Durante o treinamento, Fernando Diniz teve uma conversa r\u00e1pida com os jogadores titulares e tamb\u00e9m falou individualmente com o zagueiro Jo\u00e3o Marcelo. O t\u00e9cnico segue avaliando as condi\u00e7\u00f5es dos atletas para definir a escala\u00e7\u00e3o para o confronto com o Bragantino.<\/p>\n\n\n\n<p>Al\u00e9m das d\u00favidas mencionadas, o Cruzeiro seguir\u00e1 sem alguns jogadores importantes. Matheus Henrique est\u00e1 fora ap\u00f3s fraturar a costela, Kaio Jorge se recupera de uma les\u00e3o muscular na coxa, e Juan Dinenno ainda se recupera de uma cirurgia no joelho. Rafa Silva segue fazendo trabalho de transi\u00e7\u00e3o, ap\u00f3s dores musculares.<\/p>\n\n\n\n<p>Como \u00e9 costume, o presidente Pedro Louren\u00e7o esteve presente no treinamento, acompanhando de perto a atividade, assim como outros membros da diretoria de futebol, como Edu Dracena, Paulo Pelaipe e Pedro Junio. Antes do in\u00edcio do treino, Pedrinho conversou com Fernando Diniz por mais de 10 minutos e tamb\u00e9m fez um breve contato com os jornalistas.<\/p>\n","protected":false},"excerpt":{"rendered":"<p>D\u00favidas e desfalques no Cruzeiro para o jogo contra o Bragantino No treino do Cruzeiro, realizado na \u00faltima sexta-feira, duas d\u00favidas surgiram para o jogo contra o Bragantino, marcado para este domingo, pela 36\u00aa rodada do Campeonato Brasileiro. Gabriel Veron deixou o campo no segundo tempo do confronto contra o Gr\u00eamio, ap\u00f3s sentir um inc\u00f4modo [&hellip;]<\/p>\n","protected":false},"author":20,"featured_media":169002,"comment_status":"open","ping_status":"closed","sticky":false,"template":"","format":"standard","meta":{"footnotes":""},"categories":[143],"tags":[],"class_list":["post-192691","post","type-post","status-publish","format-standard","has-post-thumbnail","hentry","category-cruzeiro"],"yoast_head":"<!-- This site is optimized with the Yoast SEO Premium plugin v24.2 (Yoast SEO v26.9) - https:\/\/yoast.com\/product\/yoast-seo-premium-wordpress\/ -->\n<title>Cruzeiro pode ter desfalques importantes para enfrentar o Bragantino<\/title>\n<meta name=\"robots\" content=\"index, follow, max-snippet:-1, max-image-preview:large, max-video-preview:-1\" \/>\n<link rel=\"canonical\" href=\"https:\/\/www.gaveanews.com\/index.php\/2024\/11\/30\/cruzeiro-pode-ter-desfalques-importantes-para-enfrentar-o-bragantino\/\" \/>\n<meta property=\"og:locale\" content=\"pt_BR\" \/>\n<meta property=\"og:type\" content=\"article\" \/>\n<meta property=\"og:title\" content=\"Cruzeiro pode ter desfalques importantes para enfrentar o Bragantino\" \/>\n<meta property=\"og:description\" content=\"D\u00favidas e desfalques no Cruzeiro para o jogo contra o Bragantino No treino do Cruzeiro, realizado na \u00faltima sexta-feira, duas d\u00favidas surgiram para o jogo contra o Bragantino, marcado para este domingo, pela 36\u00aa rodada do Campeonato Brasileiro. Gabriel Veron deixou o campo no segundo tempo do confronto contra o Gr\u00eamio, ap\u00f3s sentir um inc\u00f4modo [&hellip;]\" \/>\n<meta property=\"og:url\" content=\"https:\/\/www.gaveanews.com\/index.php\/2024\/11\/30\/cruzeiro-pode-ter-desfalques-importantes-para-enfrentar-o-bragantino\/\" \/>\n<meta property=\"og:site_name\" content=\"G\u00e1vea News\" \/>\n<meta property=\"article:publisher\" content=\"https:\/\/facebook.com\/gaveaNews\/\" \/>\n<meta property=\"article:published_time\" content=\"2024-11-30T09:40:00+00:00\" \/>\n<meta property=\"og:image\" content=\"https:\/\/www.gaveanews.com\/wp-content\/uploads\/Fernando-Diniz-como-tecnico-do-Cruzeiro-em-2024.webp\" \/>\n\t<meta property=\"og:image:width\" content=\"1607\" \/>\n\t<meta property=\"og:image:height\" content=\"1071\" \/>\n\t<meta property=\"og:image:type\" content=\"image\/webp\" \/>\n<meta name=\"author\" content=\"Lucas Barros\" \/>\n<meta name=\"twitter:card\" content=\"summary_large_image\" \/>\n<meta name=\"twitter:label1\" content=\"Escrito por\" \/>\n\t<meta name=\"twitter:data1\" content=\"Lucas Barros\" \/>\n\t<meta name=\"twitter:label2\" content=\"Est. tempo de leitura\" \/>\n\t<meta name=\"twitter:data2\" content=\"2 minutos\" \/>\n<script type=\"application\/ld+json\" class=\"yoast-schema-graph\">{\"@context\":\"https:\/\/schema.org\",\"@graph\":[{\"@type\":\"NewsArticle\",\"@id\":\"https:\/\/www.gaveanews.com\/index.php\/2024\/11\/30\/cruzeiro-pode-ter-desfalques-importantes-para-enfrentar-o-bragantino\/#article\",\"isPartOf\":{\"@id\":\"https:\/\/www.gaveanews.com\/index.php\/2024\/11\/30\/cruzeiro-pode-ter-desfalques-importantes-para-enfrentar-o-bragantino\/\"},\"author\":{\"name\":\"Lucas Barros\",\"@id\":\"https:\/\/www.gaveanews.com\/#\/schema\/person\/2abf0cfa878f5f899daa5f781e82264c\"},\"headline\":\"Cruzeiro pode ter desfalques importantes para enfrentar o Bragantino\",\"datePublished\":\"2024-11-30T09:40:00+00:00\",\"mainEntityOfPage\":{\"@id\":\"https:\/\/www.gaveanews.com\/index.php\/2024\/11\/30\/cruzeiro-pode-ter-desfalques-importantes-para-enfrentar-o-bragantino\/\"},\"wordCount\":349,\"commentCount\":0,\"image\":{\"@id\":\"https:\/\/www.gaveanews.com\/index.php\/2024\/11\/30\/cruzeiro-pode-ter-desfalques-importantes-para-enfrentar-o-bragantino\/#primaryimage\"},\"thumbnailUrl\":\"https:\/\/www.gaveanews.com\/wp-content\/uploads\/Fernando-Diniz-como-tecnico-do-Cruzeiro-em-2024.webp\",\"articleSection\":[\"Cruzeiro\"],\"inLanguage\":\"pt-BR\",\"potentialAction\":[{\"@type\":\"CommentAction\",\"name\":\"Comment\",\"target\":[\"https:\/\/www.gaveanews.com\/index.php\/2024\/11\/30\/cruzeiro-pode-ter-desfalques-importantes-para-enfrentar-o-bragantino\/#respond\"]}],\"copyrightYear\":\"2024\",\"copyrightHolder\":{\"@id\":\"https:\/\/www.gaveanews.com\/#organization\"}},{\"@type\":\"WebPage\",\"@id\":\"https:\/\/www.gaveanews.com\/index.php\/2024\/11\/30\/cruzeiro-pode-ter-desfalques-importantes-para-enfrentar-o-bragantino\/\",\"url\":\"https:\/\/www.gaveanews.com\/index.php\/2024\/11\/30\/cruzeiro-pode-ter-desfalques-importantes-para-enfrentar-o-bragantino\/\",\"name\":\"Cruzeiro pode ter desfalques importantes para enfrentar o Bragantino\",\"isPartOf\":{\"@id\":\"https:\/\/www.gaveanews.com\/#website\"},\"primaryImageOfPage\":{\"@id\":\"https:\/\/www.gaveanews.com\/index.php\/2024\/11\/30\/cruzeiro-pode-ter-desfalques-importantes-para-enfrentar-o-bragantino\/#primaryimage\"},\"image\":{\"@id\":\"https:\/\/www.gaveanews.com\/index.php\/2024\/11\/30\/cruzeiro-pode-ter-desfalques-importantes-para-enfrentar-o-bragantino\/#primaryimage\"},\"thumbnailUrl\":\"https:\/\/www.gaveanews.com\/wp-content\/uploads\/Fernando-Diniz-como-tecnico-do-Cruzeiro-em-2024.webp\",\"datePublished\":\"2024-11-30T09:40:00+00:00\",\"author\":{\"@id\":\"https:\/\/www.gaveanews.com\/#\/schema\/person\/2abf0cfa878f5f899daa5f781e82264c\"},\"breadcrumb\":{\"@id\":\"https:\/\/www.gaveanews.com\/index.php\/2024\/11\/30\/cruzeiro-pode-ter-desfalques-importantes-para-enfrentar-o-bragantino\/#breadcrumb\"},\"inLanguage\":\"pt-BR\",\"potentialAction\":[{\"@type\":\"ReadAction\",\"target\":[\"https:\/\/www.gaveanews.com\/index.php\/2024\/11\/30\/cruzeiro-pode-ter-desfalques-importantes-para-enfrentar-o-bragantino\/\"]}]},{\"@type\":\"ImageObject\",\"inLanguage\":\"pt-BR\",\"@id\":\"https:\/\/www.gaveanews.com\/index.php\/2024\/11\/30\/cruzeiro-pode-ter-desfalques-importantes-para-enfrentar-o-bragantino\/#primaryimage\",\"url\":\"https:\/\/www.gaveanews.com\/wp-content\/uploads\/Fernando-Diniz-como-tecnico-do-Cruzeiro-em-2024.webp\",\"contentUrl\":\"https:\/\/www.gaveanews.com\/wp-content\/uploads\/Fernando-Diniz-como-tecnico-do-Cruzeiro-em-2024.webp\",\"width\":1607,\"height\":1071,\"caption\":\"Fernando Diniz como t\u00e9cnico do Cruzeiro em 2024 (Foto: Gustavo Aleixo\/Cruzeiro)\"},{\"@type\":\"BreadcrumbList\",\"@id\":\"https:\/\/www.gaveanews.com\/index.php\/2024\/11\/30\/cruzeiro-pode-ter-desfalques-importantes-para-enfrentar-o-bragantino\/#breadcrumb\",\"itemListElement\":[{\"@type\":\"ListItem\",\"position\":1,\"name\":\"Home\",\"item\":\"https:\/\/www.gaveanews.com\/\"},{\"@type\":\"ListItem\",\"position\":2,\"name\":\"Cruzeiro pode ter desfalques importantes para enfrentar o Bragantino\"}]},{\"@type\":\"WebSite\",\"@id\":\"https:\/\/www.gaveanews.com\/#website\",\"url\":\"https:\/\/www.gaveanews.com\/\",\"name\":\"G\u00e1vea News\",\"description\":\"Veja todas as not\u00edcias sobre o Flamengo: Contrata\u00e7\u00f5es, categorias de base, resultados das partidas, tabela de classifica\u00e7\u00e3o, pr\u00f3ximos jogos!\",\"potentialAction\":[{\"@type\":\"SearchAction\",\"target\":{\"@type\":\"EntryPoint\",\"urlTemplate\":\"https:\/\/www.gaveanews.com\/?s={search_term_string}\"},\"query-input\":{\"@type\":\"PropertyValueSpecification\",\"valueRequired\":true,\"valueName\":\"search_term_string\"}}],\"inLanguage\":\"pt-BR\"},{\"@type\":\"Person\",\"@id\":\"https:\/\/www.gaveanews.com\/#\/schema\/person\/2abf0cfa878f5f899daa5f781e82264c\",\"name\":\"Lucas Barros\",\"image\":{\"@type\":\"ImageObject\",\"inLanguage\":\"pt-BR\",\"@id\":\"https:\/\/www.gaveanews.com\/#\/schema\/person\/image\/\",\"url\":\"https:\/\/secure.gravatar.com\/avatar\/67a6069eba66bf6fd7c80b70e1331baa3dbc3d6df5012d5c22eff29c7d59e0b0?s=96&d=mm&r=g\",\"contentUrl\":\"https:\/\/secure.gravatar.com\/avatar\/67a6069eba66bf6fd7c80b70e1331baa3dbc3d6df5012d5c22eff29c7d59e0b0?s=96&d=mm&r=g\",\"caption\":\"Lucas Barros\"}}]}<\/script>\n<!-- \/ Yoast SEO Premium plugin. -->","yoast_head_json":{"title":"Cruzeiro pode ter desfalques importantes para enfrentar o Bragantino","robots":{"index":"index","follow":"follow","max-snippet":"max-snippet:-1","max-image-preview":"max-image-preview:large","max-video-preview":"max-video-preview:-1"},"canonical":"https:\/\/www.gaveanews.com\/index.php\/2024\/11\/30\/cruzeiro-pode-ter-desfalques-importantes-para-enfrentar-o-bragantino\/","og_locale":"pt_BR","og_type":"article","og_title":"Cruzeiro pode ter desfalques importantes para enfrentar o Bragantino","og_description":"D\u00favidas e desfalques no Cruzeiro para o jogo contra o Bragantino No treino do Cruzeiro, realizado na \u00faltima sexta-feira, duas d\u00favidas surgiram para o jogo contra o Bragantino, marcado para este domingo, pela 36\u00aa rodada do Campeonato Brasileiro. Gabriel Veron deixou o campo no segundo tempo do confronto contra o Gr\u00eamio, ap\u00f3s sentir um inc\u00f4modo [&hellip;]","og_url":"https:\/\/www.gaveanews.com\/index.php\/2024\/11\/30\/cruzeiro-pode-ter-desfalques-importantes-para-enfrentar-o-bragantino\/","og_site_name":"G\u00e1vea News","article_publisher":"https:\/\/facebook.com\/gaveaNews\/","article_published_time":"2024-11-30T09:40:00+00:00","og_image":[{"width":1607,"height":1071,"url":"https:\/\/www.gaveanews.com\/wp-content\/uploads\/Fernando-Diniz-como-tecnico-do-Cruzeiro-em-2024.webp","type":"image\/webp"}],"author":"Lucas Barros","twitter_card":"summary_large_image","twitter_misc":{"Escrito por":"Lucas Barros","Est. tempo de leitura":"2 minutos"},"schema":{"@context":"https:\/\/schema.org","@graph":[{"@type":"NewsArticle","@id":"https:\/\/www.gaveanews.com\/index.php\/2024\/11\/30\/cruzeiro-pode-ter-desfalques-importantes-para-enfrentar-o-bragantino\/#article","isPartOf":{"@id":"https:\/\/www.gaveanews.com\/index.php\/2024\/11\/30\/cruzeiro-pode-ter-desfalques-importantes-para-enfrentar-o-bragantino\/"},"author":{"name":"Lucas Barros","@id":"https:\/\/www.gaveanews.com\/#\/schema\/person\/2abf0cfa878f5f899daa5f781e82264c"},"headline":"Cruzeiro pode ter desfalques importantes para enfrentar o Bragantino","datePublished":"2024-11-30T09:40:00+00:00","mainEntityOfPage":{"@id":"https:\/\/www.gaveanews.com\/index.php\/2024\/11\/30\/cruzeiro-pode-ter-desfalques-importantes-para-enfrentar-o-bragantino\/"},"wordCount":349,"commentCount":0,"image":{"@id":"https:\/\/www.gaveanews.com\/index.php\/2024\/11\/30\/cruzeiro-pode-ter-desfalques-importantes-para-enfrentar-o-bragantino\/#primaryimage"},"thumbnailUrl":"https:\/\/www.gaveanews.com\/wp-content\/uploads\/Fernando-Diniz-como-tecnico-do-Cruzeiro-em-2024.webp","articleSection":["Cruzeiro"],"inLanguage":"pt-BR","potentialAction":[{"@type":"CommentAction","name":"Comment","target":["https:\/\/www.gaveanews.com\/index.php\/2024\/11\/30\/cruzeiro-pode-ter-desfalques-importantes-para-enfrentar-o-bragantino\/#respond"]}],"copyrightYear":"2024","copyrightHolder":{"@id":"https:\/\/www.gaveanews.com\/#organization"}},{"@type":"WebPage","@id":"https:\/\/www.gaveanews.com\/index.php\/2024\/11\/30\/cruzeiro-pode-ter-desfalques-importantes-para-enfrentar-o-bragantino\/","url":"https:\/\/www.gaveanews.com\/index.php\/2024\/11\/30\/cruzeiro-pode-ter-desfalques-importantes-para-enfrentar-o-bragantino\/","name":"Cruzeiro pode ter desfalques importantes para enfrentar o Bragantino","isPartOf":{"@id":"https:\/\/www.gaveanews.com\/#website"},"primaryImageOfPage":{"@id":"https:\/\/www.gaveanews.com\/index.php\/2024\/11\/30\/cruzeiro-pode-ter-desfalques-importantes-para-enfrentar-o-bragantino\/#primaryimage"},"image":{"@id":"https:\/\/www.gaveanews.com\/index.php\/2024\/11\/30\/cruzeiro-pode-ter-desfalques-importantes-para-enfrentar-o-bragantino\/#primaryimage"},"thumbnailUrl":"https:\/\/www.gaveanews.com\/wp-content\/uploads\/Fernando-Diniz-como-tecnico-do-Cruzeiro-em-2024.webp","datePublished":"2024-11-30T09:40:00+00:00","author":{"@id":"https:\/\/www.gaveanews.com\/#\/schema\/person\/2abf0cfa878f5f899daa5f781e82264c"},"breadcrumb":{"@id":"https:\/\/www.gaveanews.com\/index.php\/2024\/11\/30\/cruzeiro-pode-ter-desfalques-importantes-para-enfrentar-o-bragantino\/#breadcrumb"},"inLanguage":"pt-BR","potentialAction":[{"@type":"ReadAction","target":["https:\/\/www.gaveanews.com\/index.php\/2024\/11\/30\/cruzeiro-pode-ter-desfalques-importantes-para-enfrentar-o-bragantino\/"]}]},{"@type":"ImageObject","inLanguage":"pt-BR","@id":"https:\/\/www.gaveanews.com\/index.php\/2024\/11\/30\/cruzeiro-pode-ter-desfalques-importantes-para-enfrentar-o-bragantino\/#primaryimage","url":"https:\/\/www.gaveanews.com\/wp-content\/uploads\/Fernando-Diniz-como-tecnico-do-Cruzeiro-em-2024.webp","contentUrl":"https:\/\/www.gaveanews.com\/wp-content\/uploads\/Fernando-Diniz-como-tecnico-do-Cruzeiro-em-2024.webp","width":1607,"height":1071,"caption":"Fernando Diniz como t\u00e9cnico do Cruzeiro em 2024 (Foto: Gustavo Aleixo\/Cruzeiro)"},{"@type":"BreadcrumbList","@id":"https:\/\/www.gaveanews.com\/index.php\/2024\/11\/30\/cruzeiro-pode-ter-desfalques-importantes-para-enfrentar-o-bragantino\/#breadcrumb","itemListElement":[{"@type":"ListItem","position":1,"name":"Home","item":"https:\/\/www.gaveanews.com\/"},{"@type":"ListItem","position":2,"name":"Cruzeiro pode ter desfalques importantes para enfrentar o Bragantino"}]},{"@type":"WebSite","@id":"https:\/\/www.gaveanews.com\/#website","url":"https:\/\/www.gaveanews.com\/","name":"G\u00e1vea News","description":"Veja todas as not\u00edcias sobre o Flamengo: Contrata\u00e7\u00f5es, categorias de base, resultados das partidas, tabela de classifica\u00e7\u00e3o, pr\u00f3ximos jogos!","potentialAction":[{"@type":"SearchAction","target":{"@type":"EntryPoint","urlTemplate":"https:\/\/www.gaveanews.com\/?s={search_term_string}"},"query-input":{"@type":"PropertyValueSpecification","valueRequired":true,"valueName":"search_term_string"}}],"inLanguage":"pt-BR"},{"@type":"Person","@id":"https:\/\/www.gaveanews.com\/#\/schema\/person\/2abf0cfa878f5f899daa5f781e82264c","name":"Lucas Barros","image":{"@type":"ImageObject","inLanguage":"pt-BR","@id":"https:\/\/www.gaveanews.com\/#\/schema\/person\/image\/","url":"https:\/\/secure.gravatar.com\/avatar\/67a6069eba66bf6fd7c80b70e1331baa3dbc3d6df5012d5c22eff29c7d59e0b0?s=96&d=mm&r=g","contentUrl":"https:\/\/secure.gravatar.com\/avatar\/67a6069eba66bf6fd7c80b70e1331baa3dbc3d6df5012d5c22eff29c7d59e0b0?s=96&d=mm&r=g","caption":"Lucas Barros"}}]}},"_links":{"self":[{"href":"https:\/\/www.gaveanews.com\/index.php\/wp-json\/wp\/v2\/posts\/192691","targetHints":{"allow":["GET"]}}],"collection":[{"href":"https:\/\/www.gaveanews.com\/index.php\/wp-json\/wp\/v2\/posts"}],"about":[{"href":"https:\/\/www.gaveanews.com\/index.php\/wp-json\/wp\/v2\/types\/post"}],"author":[{"embeddable":true,"href":"https:\/\/www.gaveanews.com\/index.php\/wp-json\/wp\/v2\/users\/20"}],"replies":[{"embeddable":true,"href":"https:\/\/www.gaveanews.com\/index.php\/wp-json\/wp\/v2\/comments?post=192691"}],"version-history":[{"count":1,"href":"https:\/\/www.gaveanews.com\/index.php\/wp-json\/wp\/v2\/posts\/192691\/revisions"}],"predecessor-version":[{"id":192692,"href":"https:\/\/www.gaveanews.com\/index.php\/wp-json\/wp\/v2\/posts\/192691\/revisions\/192692"}],"wp:featuredmedia":[{"embeddable":true,"href":"https:\/\/www.gaveanews.com\/index.php\/wp-json\/wp\/v2\/media\/169002"}],"wp:attachment":[{"href":"https:\/\/www.gaveanews.com\/index.php\/wp-json\/wp\/v2\/media?parent=192691"}],"wp:term":[{"taxonomy":"category","embeddable":true,"href":"https:\/\/www.gaveanews.com\/index.php\/wp-json\/wp\/v2\/categories?post=192691"},{"taxonomy":"post_tag","embeddable":true,"href":"https:\/\/www.gaveanews.com\/index.php\/wp-json\/wp\/v2\/tags?post=192691"}],"curies":[{"name":"wp","href":"https:\/\/api.w.org\/{rel}","templated":true}]}}