{"id":192725,"date":"2024-11-30T08:00:00","date_gmt":"2024-11-30T11:00:00","guid":{"rendered":"https:\/\/www.gaveanews.com\/?p=192725"},"modified":"2024-11-30T04:01:47","modified_gmt":"2024-11-30T07:01:47","slug":"braithwaite-do-gremio-atrai-interesse-de-time-do-exterior","status":"publish","type":"post","link":"https:\/\/www.gaveanews.com\/index.php\/2024\/11\/30\/braithwaite-do-gremio-atrai-interesse-de-time-do-exterior\/","title":{"rendered":"Braithwaite, do Gr\u00eamio, atrai interesse de time do exterior"},"content":{"rendered":"\n<p>Segundo apura\u00e7\u00f5es realizadas pelo jornal\u00a0di\u00e1rio\u00a0espanhol que comenta sobre esportes,\u00a0&#8216;Marca&#8217;, foi dito que o\u00a0Sevilla\u00a0busca refor\u00e7os para o ataque na janela de janeiro de 2025.<\/p>\n\n\n\n<ul class=\"wp-block-list\">\n<li><a href=\"https:\/\/www.gaveanews.com\/index.php\/2024\/08\/29\/renato-gaucho-recebe-propostas-para-deixar-o-gremio\/\">Renato Ga\u00facho recebe propostas para deixar o Gr\u00eamio<\/a><\/li>\n\n\n\n<li><a href=\"https:\/\/www.gaveanews.com\/index.php\/2024\/11\/14\/ele-foi-procurado-pelo-gremio-mas-recusou-a-proposta\/\">Ele foi procurado pelo Gr\u00eamio, mas recusou a proposta<\/a><\/li>\n<\/ul>\n\n\n\n<p>Al\u00e9m disso, tamb\u00e9m j\u00e1 foi definido pelo clube espanhol qual era o seu alvo, que se trata especialmente do centroavante&nbsp;<strong>Martin Braithwaite<\/strong>, do&nbsp;<strong>Gr\u00eamio<\/strong>.<\/p>\n\n\n\n<h2 class=\"wp-block-heading\" id=\"h-vem-de-um-bom-momento-na-sua-carreira\">Vem de um bom momento na sua carreira<\/h2>\n\n\n\n<p>Ainda conforme o ve\u00edculo, a equipe andaluz est\u00e1 considerando que o dinamarqu\u00eas est\u00e1 vindo de um bom momento na sua carreira.<\/p>\n\n\n\n<p>Podendo, felizmente, ser uma op\u00e7\u00e3o bem interessante para poder ajudar o clube a ter uma rea\u00e7\u00e3o no Campeonato Nacional, a LALIGA.<\/p>\n\n\n\n<h2 class=\"wp-block-heading\" id=\"h-confira-como-o-diario-espanhol-relatou\">Confira como o di\u00e1rio\u00a0espanhol relatou:<\/h2>\n\n\n\n<p>&#8220;Na temporada passada, Braithwaite jogou pelo\u00a0Espanyol\u00a0e foi o artilheiro da 2\u00aa divis\u00e3o espanhola. No momento, tamb\u00e9m vem em grande desempenho no futebol brasileiro. Ele \u00e9 seguido de perto pela diretoria do Sevilla, que v\u00ea o atleta uma boa op\u00e7\u00e3o para refor\u00e7ar um Sevilla que n\u00e3o come\u00e7ou bem a temporada&#8221;, reportou o di\u00e1rio.<\/p>\n\n\n\n<h2 class=\"wp-block-heading\" id=\"h-ja-iniciou-os-primeiros-contatos\"> J\u00e1 iniciou os primeiros contatos<\/h2>\n\n\n\n<p>Detalhe, o jornal ainda afirma que, inclusive, o time espanhol j\u00e1 at\u00e9 <strong>&#8220;iniciou os primeiros contatos&#8221;<\/strong> com o estafe respons\u00e1vel por Braithwaite.<\/p>\n\n\n\n<p>Apesar do jornal deixar bem claro que a opera\u00e7\u00e3o de uma negocia\u00e7\u00e3o pelo atleta <strong>&#8220;ainda se encontra em uma fase inicial&#8221;<\/strong>.<\/p>\n\n\n\n<p>&#8220;O Sevilla tem muitos problemas com o&nbsp;<em>fair play<\/em>&nbsp;financeiro e deve medir com cautela qualquer gasto, mas j\u00e1 est\u00e1 claro que v\u00e3o investir em um atacante&#8221;, escreveu o&nbsp;Marca.<\/p>\n\n\n\n<h2 class=\"wp-block-heading\" id=\"h-martin-braithwaite-no-gremio\">Martin Braithwaite no Gr\u00eamio<\/h2>\n\n\n\n<p>Desde que chegou ao Tricolor, no dia 10 de agosto deste ano, o artilheiro j\u00e1 consegue somar o total de <strong>8<\/strong>&nbsp;gols e&nbsp;<strong>2<\/strong>&nbsp;assist\u00eancias aos seus colegas do Gr\u00eamio em&nbsp;<strong>17&nbsp;<\/strong>partidas dentro das quatro linhas.<\/p>\n\n\n\n<p>Onde vale ressaltar que o dinamarqu\u00eas tem um contrato realizado com o Gr\u00eamio que consiste em durar at\u00e9 <strong>junho de 2026<\/strong>.<\/p>\n\n\n\n<p>Assim, as op\u00e7\u00f5es do Sevilla seriam de ter que pagar a <strong>rescis\u00e3o <\/strong>do atleta no Imortal ou tentar negociar alguma forma de <strong>empr\u00e9stimo<\/strong>.<\/p>\n\n\n\n<h2 class=\"wp-block-heading\">Pr\u00f3ximos jogos do Gr\u00eamio:<\/h2>\n\n\n\n<ul class=\"wp-block-list\">\n<li>S\u00e3o Paulo\u00a0(em casa) &#8211; 01\/12, 16h (hor\u00e1rio de Bras\u00edlia) &#8211;\u00a0Brasileir\u00e3o<\/li>\n\n\n\n<li>Vit\u00f3ria\u00a0(fora de casa) &#8211; 04\/12, 20h (hor\u00e1rio de Bras\u00edlia) &#8211;\u00a0Brasileir\u00e3o<\/li>\n\n\n\n<li>Corinthians\u00a0(em casa) &#8211; 08\/12, 16h (hor\u00e1rio de Bras\u00edlia) &#8211;\u00a0Brasileir\u00e3o<\/li>\n<\/ul>\n","protected":false},"excerpt":{"rendered":"<p>Segundo apura\u00e7\u00f5es realizadas pelo jornal\u00a0di\u00e1rio\u00a0espanhol que comenta sobre esportes,\u00a0&#8216;Marca&#8217;, foi dito que o\u00a0Sevilla\u00a0busca refor\u00e7os para o ataque na janela de janeiro de 2025. Al\u00e9m disso, tamb\u00e9m j\u00e1 foi definido pelo clube espanhol qual era o seu alvo, que se trata especialmente do centroavante&nbsp;Martin Braithwaite, do&nbsp;Gr\u00eamio. Vem de um bom momento na sua carreira Ainda conforme [&hellip;]<\/p>\n","protected":false},"author":22,"featured_media":159019,"comment_status":"open","ping_status":"closed","sticky":false,"template":"","format":"standard","meta":{"footnotes":""},"categories":[147],"tags":[],"class_list":["post-192725","post","type-post","status-publish","format-standard","has-post-thumbnail","hentry","category-gremio"],"yoast_head":"<!-- This site is optimized with the Yoast SEO Premium plugin v24.2 (Yoast SEO v26.9) - https:\/\/yoast.com\/product\/yoast-seo-premium-wordpress\/ -->\n<title>Braithwaite, do Gr\u00eamio, atrai interesse de time do exterior<\/title>\n<meta name=\"robots\" content=\"index, follow, max-snippet:-1, max-image-preview:large, max-video-preview:-1\" \/>\n<link rel=\"canonical\" href=\"https:\/\/www.gaveanews.com\/index.php\/2024\/11\/30\/braithwaite-do-gremio-atrai-interesse-de-time-do-exterior\/\" \/>\n<meta property=\"og:locale\" content=\"pt_BR\" \/>\n<meta property=\"og:type\" content=\"article\" \/>\n<meta property=\"og:title\" content=\"Braithwaite, do Gr\u00eamio, atrai interesse de time do exterior\" \/>\n<meta property=\"og:description\" content=\"Segundo apura\u00e7\u00f5es realizadas pelo jornal\u00a0di\u00e1rio\u00a0espanhol que comenta sobre esportes,\u00a0&#8216;Marca&#8217;, foi dito que o\u00a0Sevilla\u00a0busca refor\u00e7os para o ataque na janela de janeiro de 2025. Al\u00e9m disso, tamb\u00e9m j\u00e1 foi definido pelo clube espanhol qual era o seu alvo, que se trata especialmente do centroavante&nbsp;Martin Braithwaite, do&nbsp;Gr\u00eamio. Vem de um bom momento na sua carreira Ainda conforme [&hellip;]\" \/>\n<meta property=\"og:url\" content=\"https:\/\/www.gaveanews.com\/index.php\/2024\/11\/30\/braithwaite-do-gremio-atrai-interesse-de-time-do-exterior\/\" \/>\n<meta property=\"og:site_name\" content=\"G\u00e1vea News\" \/>\n<meta property=\"article:publisher\" content=\"https:\/\/facebook.com\/gaveaNews\/\" \/>\n<meta property=\"article:published_time\" content=\"2024-11-30T11:00:00+00:00\" \/>\n<meta property=\"og:image\" content=\"https:\/\/www.gaveanews.com\/wp-content\/uploads\/Braithwaite-com-a-camisa-do-Gremio-em-2024.webp\" \/>\n\t<meta property=\"og:image:width\" content=\"1440\" \/>\n\t<meta property=\"og:image:height\" content=\"960\" \/>\n\t<meta property=\"og:image:type\" content=\"image\/webp\" \/>\n<meta name=\"author\" content=\"Emilly Lima\" \/>\n<meta name=\"twitter:card\" content=\"summary_large_image\" \/>\n<meta name=\"twitter:label1\" content=\"Escrito por\" \/>\n\t<meta name=\"twitter:data1\" content=\"Emilly Lima\" \/>\n\t<meta name=\"twitter:label2\" content=\"Est. tempo de leitura\" \/>\n\t<meta name=\"twitter:data2\" content=\"3 minutos\" \/>\n<script type=\"application\/ld+json\" class=\"yoast-schema-graph\">{\"@context\":\"https:\/\/schema.org\",\"@graph\":[{\"@type\":\"NewsArticle\",\"@id\":\"https:\/\/www.gaveanews.com\/index.php\/2024\/11\/30\/braithwaite-do-gremio-atrai-interesse-de-time-do-exterior\/#article\",\"isPartOf\":{\"@id\":\"https:\/\/www.gaveanews.com\/index.php\/2024\/11\/30\/braithwaite-do-gremio-atrai-interesse-de-time-do-exterior\/\"},\"author\":{\"name\":\"Emilly Lima\",\"@id\":\"https:\/\/www.gaveanews.com\/#\/schema\/person\/8597dbe3f4d8513dd20048ce95a1895b\"},\"headline\":\"Braithwaite, do Gr\u00eamio, atrai interesse de time do exterior\",\"datePublished\":\"2024-11-30T11:00:00+00:00\",\"mainEntityOfPage\":{\"@id\":\"https:\/\/www.gaveanews.com\/index.php\/2024\/11\/30\/braithwaite-do-gremio-atrai-interesse-de-time-do-exterior\/\"},\"wordCount\":436,\"commentCount\":0,\"image\":{\"@id\":\"https:\/\/www.gaveanews.com\/index.php\/2024\/11\/30\/braithwaite-do-gremio-atrai-interesse-de-time-do-exterior\/#primaryimage\"},\"thumbnailUrl\":\"https:\/\/www.gaveanews.com\/wp-content\/uploads\/Braithwaite-com-a-camisa-do-Gremio-em-2024.webp\",\"articleSection\":[\"Gr\u00eamio\"],\"inLanguage\":\"pt-BR\",\"potentialAction\":[{\"@type\":\"CommentAction\",\"name\":\"Comment\",\"target\":[\"https:\/\/www.gaveanews.com\/index.php\/2024\/11\/30\/braithwaite-do-gremio-atrai-interesse-de-time-do-exterior\/#respond\"]}],\"copyrightYear\":\"2024\",\"copyrightHolder\":{\"@id\":\"https:\/\/www.gaveanews.com\/#organization\"}},{\"@type\":\"WebPage\",\"@id\":\"https:\/\/www.gaveanews.com\/index.php\/2024\/11\/30\/braithwaite-do-gremio-atrai-interesse-de-time-do-exterior\/\",\"url\":\"https:\/\/www.gaveanews.com\/index.php\/2024\/11\/30\/braithwaite-do-gremio-atrai-interesse-de-time-do-exterior\/\",\"name\":\"Braithwaite, do Gr\u00eamio, atrai interesse de time do exterior\",\"isPartOf\":{\"@id\":\"https:\/\/www.gaveanews.com\/#website\"},\"primaryImageOfPage\":{\"@id\":\"https:\/\/www.gaveanews.com\/index.php\/2024\/11\/30\/braithwaite-do-gremio-atrai-interesse-de-time-do-exterior\/#primaryimage\"},\"image\":{\"@id\":\"https:\/\/www.gaveanews.com\/index.php\/2024\/11\/30\/braithwaite-do-gremio-atrai-interesse-de-time-do-exterior\/#primaryimage\"},\"thumbnailUrl\":\"https:\/\/www.gaveanews.com\/wp-content\/uploads\/Braithwaite-com-a-camisa-do-Gremio-em-2024.webp\",\"datePublished\":\"2024-11-30T11:00:00+00:00\",\"author\":{\"@id\":\"https:\/\/www.gaveanews.com\/#\/schema\/person\/8597dbe3f4d8513dd20048ce95a1895b\"},\"breadcrumb\":{\"@id\":\"https:\/\/www.gaveanews.com\/index.php\/2024\/11\/30\/braithwaite-do-gremio-atrai-interesse-de-time-do-exterior\/#breadcrumb\"},\"inLanguage\":\"pt-BR\",\"potentialAction\":[{\"@type\":\"ReadAction\",\"target\":[\"https:\/\/www.gaveanews.com\/index.php\/2024\/11\/30\/braithwaite-do-gremio-atrai-interesse-de-time-do-exterior\/\"]}]},{\"@type\":\"ImageObject\",\"inLanguage\":\"pt-BR\",\"@id\":\"https:\/\/www.gaveanews.com\/index.php\/2024\/11\/30\/braithwaite-do-gremio-atrai-interesse-de-time-do-exterior\/#primaryimage\",\"url\":\"https:\/\/www.gaveanews.com\/wp-content\/uploads\/Braithwaite-com-a-camisa-do-Gremio-em-2024.webp\",\"contentUrl\":\"https:\/\/www.gaveanews.com\/wp-content\/uploads\/Braithwaite-com-a-camisa-do-Gremio-em-2024.webp\",\"width\":1440,\"height\":960,\"caption\":\"Braithwaite com a camisa do Gr\u00eamio em 2024 (Foto: Lucas Uebel\/Gr\u00eamio)\"},{\"@type\":\"BreadcrumbList\",\"@id\":\"https:\/\/www.gaveanews.com\/index.php\/2024\/11\/30\/braithwaite-do-gremio-atrai-interesse-de-time-do-exterior\/#breadcrumb\",\"itemListElement\":[{\"@type\":\"ListItem\",\"position\":1,\"name\":\"Home\",\"item\":\"https:\/\/www.gaveanews.com\/\"},{\"@type\":\"ListItem\",\"position\":2,\"name\":\"Braithwaite, do Gr\u00eamio, atrai interesse de time do exterior\"}]},{\"@type\":\"WebSite\",\"@id\":\"https:\/\/www.gaveanews.com\/#website\",\"url\":\"https:\/\/www.gaveanews.com\/\",\"name\":\"G\u00e1vea News\",\"description\":\"Veja todas as not\u00edcias sobre o Flamengo: Contrata\u00e7\u00f5es, categorias de base, resultados das partidas, tabela de classifica\u00e7\u00e3o, pr\u00f3ximos jogos!\",\"potentialAction\":[{\"@type\":\"SearchAction\",\"target\":{\"@type\":\"EntryPoint\",\"urlTemplate\":\"https:\/\/www.gaveanews.com\/?s={search_term_string}\"},\"query-input\":{\"@type\":\"PropertyValueSpecification\",\"valueRequired\":true,\"valueName\":\"search_term_string\"}}],\"inLanguage\":\"pt-BR\"},{\"@type\":\"Person\",\"@id\":\"https:\/\/www.gaveanews.com\/#\/schema\/person\/8597dbe3f4d8513dd20048ce95a1895b\",\"name\":\"Emilly Lima\",\"image\":{\"@type\":\"ImageObject\",\"inLanguage\":\"pt-BR\",\"@id\":\"https:\/\/www.gaveanews.com\/#\/schema\/person\/image\/\",\"url\":\"https:\/\/secure.gravatar.com\/avatar\/ddb4d0548bae01de3cb52e0fe30386754e9c41797565aa0a5bf4440ab4f7c0be?s=96&d=mm&r=g\",\"contentUrl\":\"https:\/\/secure.gravatar.com\/avatar\/ddb4d0548bae01de3cb52e0fe30386754e9c41797565aa0a5bf4440ab4f7c0be?s=96&d=mm&r=g\",\"caption\":\"Emilly Lima\"}}]}<\/script>\n<!-- \/ Yoast SEO Premium plugin. -->","yoast_head_json":{"title":"Braithwaite, do Gr\u00eamio, atrai interesse de time do exterior","robots":{"index":"index","follow":"follow","max-snippet":"max-snippet:-1","max-image-preview":"max-image-preview:large","max-video-preview":"max-video-preview:-1"},"canonical":"https:\/\/www.gaveanews.com\/index.php\/2024\/11\/30\/braithwaite-do-gremio-atrai-interesse-de-time-do-exterior\/","og_locale":"pt_BR","og_type":"article","og_title":"Braithwaite, do Gr\u00eamio, atrai interesse de time do exterior","og_description":"Segundo apura\u00e7\u00f5es realizadas pelo jornal\u00a0di\u00e1rio\u00a0espanhol que comenta sobre esportes,\u00a0&#8216;Marca&#8217;, foi dito que o\u00a0Sevilla\u00a0busca refor\u00e7os para o ataque na janela de janeiro de 2025. Al\u00e9m disso, tamb\u00e9m j\u00e1 foi definido pelo clube espanhol qual era o seu alvo, que se trata especialmente do centroavante&nbsp;Martin Braithwaite, do&nbsp;Gr\u00eamio. Vem de um bom momento na sua carreira Ainda conforme [&hellip;]","og_url":"https:\/\/www.gaveanews.com\/index.php\/2024\/11\/30\/braithwaite-do-gremio-atrai-interesse-de-time-do-exterior\/","og_site_name":"G\u00e1vea News","article_publisher":"https:\/\/facebook.com\/gaveaNews\/","article_published_time":"2024-11-30T11:00:00+00:00","og_image":[{"width":1440,"height":960,"url":"https:\/\/www.gaveanews.com\/wp-content\/uploads\/Braithwaite-com-a-camisa-do-Gremio-em-2024.webp","type":"image\/webp"}],"author":"Emilly Lima","twitter_card":"summary_large_image","twitter_misc":{"Escrito por":"Emilly Lima","Est. tempo de leitura":"3 minutos"},"schema":{"@context":"https:\/\/schema.org","@graph":[{"@type":"NewsArticle","@id":"https:\/\/www.gaveanews.com\/index.php\/2024\/11\/30\/braithwaite-do-gremio-atrai-interesse-de-time-do-exterior\/#article","isPartOf":{"@id":"https:\/\/www.gaveanews.com\/index.php\/2024\/11\/30\/braithwaite-do-gremio-atrai-interesse-de-time-do-exterior\/"},"author":{"name":"Emilly Lima","@id":"https:\/\/www.gaveanews.com\/#\/schema\/person\/8597dbe3f4d8513dd20048ce95a1895b"},"headline":"Braithwaite, do Gr\u00eamio, atrai interesse de time do exterior","datePublished":"2024-11-30T11:00:00+00:00","mainEntityOfPage":{"@id":"https:\/\/www.gaveanews.com\/index.php\/2024\/11\/30\/braithwaite-do-gremio-atrai-interesse-de-time-do-exterior\/"},"wordCount":436,"commentCount":0,"image":{"@id":"https:\/\/www.gaveanews.com\/index.php\/2024\/11\/30\/braithwaite-do-gremio-atrai-interesse-de-time-do-exterior\/#primaryimage"},"thumbnailUrl":"https:\/\/www.gaveanews.com\/wp-content\/uploads\/Braithwaite-com-a-camisa-do-Gremio-em-2024.webp","articleSection":["Gr\u00eamio"],"inLanguage":"pt-BR","potentialAction":[{"@type":"CommentAction","name":"Comment","target":["https:\/\/www.gaveanews.com\/index.php\/2024\/11\/30\/braithwaite-do-gremio-atrai-interesse-de-time-do-exterior\/#respond"]}],"copyrightYear":"2024","copyrightHolder":{"@id":"https:\/\/www.gaveanews.com\/#organization"}},{"@type":"WebPage","@id":"https:\/\/www.gaveanews.com\/index.php\/2024\/11\/30\/braithwaite-do-gremio-atrai-interesse-de-time-do-exterior\/","url":"https:\/\/www.gaveanews.com\/index.php\/2024\/11\/30\/braithwaite-do-gremio-atrai-interesse-de-time-do-exterior\/","name":"Braithwaite, do Gr\u00eamio, atrai interesse de time do exterior","isPartOf":{"@id":"https:\/\/www.gaveanews.com\/#website"},"primaryImageOfPage":{"@id":"https:\/\/www.gaveanews.com\/index.php\/2024\/11\/30\/braithwaite-do-gremio-atrai-interesse-de-time-do-exterior\/#primaryimage"},"image":{"@id":"https:\/\/www.gaveanews.com\/index.php\/2024\/11\/30\/braithwaite-do-gremio-atrai-interesse-de-time-do-exterior\/#primaryimage"},"thumbnailUrl":"https:\/\/www.gaveanews.com\/wp-content\/uploads\/Braithwaite-com-a-camisa-do-Gremio-em-2024.webp","datePublished":"2024-11-30T11:00:00+00:00","author":{"@id":"https:\/\/www.gaveanews.com\/#\/schema\/person\/8597dbe3f4d8513dd20048ce95a1895b"},"breadcrumb":{"@id":"https:\/\/www.gaveanews.com\/index.php\/2024\/11\/30\/braithwaite-do-gremio-atrai-interesse-de-time-do-exterior\/#breadcrumb"},"inLanguage":"pt-BR","potentialAction":[{"@type":"ReadAction","target":["https:\/\/www.gaveanews.com\/index.php\/2024\/11\/30\/braithwaite-do-gremio-atrai-interesse-de-time-do-exterior\/"]}]},{"@type":"ImageObject","inLanguage":"pt-BR","@id":"https:\/\/www.gaveanews.com\/index.php\/2024\/11\/30\/braithwaite-do-gremio-atrai-interesse-de-time-do-exterior\/#primaryimage","url":"https:\/\/www.gaveanews.com\/wp-content\/uploads\/Braithwaite-com-a-camisa-do-Gremio-em-2024.webp","contentUrl":"https:\/\/www.gaveanews.com\/wp-content\/uploads\/Braithwaite-com-a-camisa-do-Gremio-em-2024.webp","width":1440,"height":960,"caption":"Braithwaite com a camisa do Gr\u00eamio em 2024 (Foto: Lucas Uebel\/Gr\u00eamio)"},{"@type":"BreadcrumbList","@id":"https:\/\/www.gaveanews.com\/index.php\/2024\/11\/30\/braithwaite-do-gremio-atrai-interesse-de-time-do-exterior\/#breadcrumb","itemListElement":[{"@type":"ListItem","position":1,"name":"Home","item":"https:\/\/www.gaveanews.com\/"},{"@type":"ListItem","position":2,"name":"Braithwaite, do Gr\u00eamio, atrai interesse de time do exterior"}]},{"@type":"WebSite","@id":"https:\/\/www.gaveanews.com\/#website","url":"https:\/\/www.gaveanews.com\/","name":"G\u00e1vea News","description":"Veja todas as not\u00edcias sobre o Flamengo: Contrata\u00e7\u00f5es, categorias de base, resultados das partidas, tabela de classifica\u00e7\u00e3o, pr\u00f3ximos jogos!","potentialAction":[{"@type":"SearchAction","target":{"@type":"EntryPoint","urlTemplate":"https:\/\/www.gaveanews.com\/?s={search_term_string}"},"query-input":{"@type":"PropertyValueSpecification","valueRequired":true,"valueName":"search_term_string"}}],"inLanguage":"pt-BR"},{"@type":"Person","@id":"https:\/\/www.gaveanews.com\/#\/schema\/person\/8597dbe3f4d8513dd20048ce95a1895b","name":"Emilly Lima","image":{"@type":"ImageObject","inLanguage":"pt-BR","@id":"https:\/\/www.gaveanews.com\/#\/schema\/person\/image\/","url":"https:\/\/secure.gravatar.com\/avatar\/ddb4d0548bae01de3cb52e0fe30386754e9c41797565aa0a5bf4440ab4f7c0be?s=96&d=mm&r=g","contentUrl":"https:\/\/secure.gravatar.com\/avatar\/ddb4d0548bae01de3cb52e0fe30386754e9c41797565aa0a5bf4440ab4f7c0be?s=96&d=mm&r=g","caption":"Emilly Lima"}}]}},"_links":{"self":[{"href":"https:\/\/www.gaveanews.com\/index.php\/wp-json\/wp\/v2\/posts\/192725","targetHints":{"allow":["GET"]}}],"collection":[{"href":"https:\/\/www.gaveanews.com\/index.php\/wp-json\/wp\/v2\/posts"}],"about":[{"href":"https:\/\/www.gaveanews.com\/index.php\/wp-json\/wp\/v2\/types\/post"}],"author":[{"embeddable":true,"href":"https:\/\/www.gaveanews.com\/index.php\/wp-json\/wp\/v2\/users\/22"}],"replies":[{"embeddable":true,"href":"https:\/\/www.gaveanews.com\/index.php\/wp-json\/wp\/v2\/comments?post=192725"}],"version-history":[{"count":1,"href":"https:\/\/www.gaveanews.com\/index.php\/wp-json\/wp\/v2\/posts\/192725\/revisions"}],"predecessor-version":[{"id":192727,"href":"https:\/\/www.gaveanews.com\/index.php\/wp-json\/wp\/v2\/posts\/192725\/revisions\/192727"}],"wp:featuredmedia":[{"embeddable":true,"href":"https:\/\/www.gaveanews.com\/index.php\/wp-json\/wp\/v2\/media\/159019"}],"wp:attachment":[{"href":"https:\/\/www.gaveanews.com\/index.php\/wp-json\/wp\/v2\/media?parent=192725"}],"wp:term":[{"taxonomy":"category","embeddable":true,"href":"https:\/\/www.gaveanews.com\/index.php\/wp-json\/wp\/v2\/categories?post=192725"},{"taxonomy":"post_tag","embeddable":true,"href":"https:\/\/www.gaveanews.com\/index.php\/wp-json\/wp\/v2\/tags?post=192725"}],"curies":[{"name":"wp","href":"https:\/\/api.w.org\/{rel}","templated":true}]}}