{"id":192774,"date":"2024-11-30T21:10:00","date_gmt":"2024-12-01T00:10:00","guid":{"rendered":"https:\/\/www.gaveanews.com\/?p=192774"},"modified":"2024-11-30T20:40:37","modified_gmt":"2024-11-30T23:40:37","slug":"alexander-barboza-manda-recado-para-deyverson-do-atletico-mg","status":"publish","type":"post","link":"https:\/\/www.gaveanews.com\/index.php\/2024\/11\/30\/alexander-barboza-manda-recado-para-deyverson-do-atletico-mg\/","title":{"rendered":"Alexander Barboza manda recado para Deyverson, do Atl\u00e9tico-MG"},"content":{"rendered":"\n<p>O zagueiro Alexander Barboza, do Botafogo, enviou um recado ao atacante Deyverson, do Atl\u00e9tico-MG, antes da final da Copa Libertadores. O confronto decisivo acontece neste s\u00e1bado (30), \u00e0s 17h, no Monumental de N\u00fa\u00f1ez, em busca do t\u00edtulo continental.<\/p>\n\n\n\n<ul class=\"wp-block-list\">\n<li><a href=\"https:\/\/www.gaveanews.com\/index.php\/2024\/11\/29\/libertadores-atitude-dos-jogadores-do-botafogo-antes-da-final-chama-a-atencao\/\">Libertadores: atitude dos jogadores do Botafogo antes da final chama a aten\u00e7\u00e3o<\/a><\/li>\n\n\n\n<li><a href=\"https:\/\/www.gaveanews.com\/index.php\/2024\/11\/30\/video-a-declaracao-de-hulk-sobre-deyverson-e-vargas-do-atletico-mg\/\">V\u00eddeo: a declara\u00e7\u00e3o de Hulk sobre Deyverson e Vargas, do Atl\u00e9tico-MG<\/a><\/li>\n<\/ul>\n\n\n\n<p>No \u00faltimo dia 20, as equipes se enfrentaram pelo Campeonato Brasileiro, no est\u00e1dio Independ\u00eancia, e empataram sem gols. Durante o jogo, Barboza e Deyverson tiveram desentendimentos em campo, resultando na expuls\u00e3o do zagueiro.<\/p>\n\n\n\n<p>Ap\u00f3s a partida, Barboza demonstrou insatisfa\u00e7\u00e3o com a postura provocativa de Deyverson. Em entrevista \u00e0\u00a0&#8216;ESPN&#8217;, o zagueiro afirmou preferir n\u00e3o reagir \u00e0s provoca\u00e7\u00f5es, j\u00e1 que o VAR atualmente monitora as a\u00e7\u00f5es dentro de campo, mas enfatizou que continua focado em suas responsabilidades defensivas.<\/p>\n\n\n\n<p>\u201cTodo o circo fora do futebol muitas vezes funcionou, por isso ele (Deyverson) segue fazendo. \u00c9 um jogador bom, que tem sua conduta em que alguns podem gostar, outros n\u00e3o. Eu pessoalmente n\u00e3o gosto que me provoquem. Mas com todas as ferramentas do VAR que existem hoje, eu n\u00e3o posso fazer muito mais do que morder a minha l\u00edngua e tratar de fazer meu trabalho\u201d, declarou ele. <\/p>\n\n\n\n<p>Para o jogo decisivo deste s\u00e1bado, Barboza ressaltou que sua aten\u00e7\u00e3o est\u00e1 voltada para neutralizar o ataque advers\u00e1rio. Ele mencionou jogadores como Hulk e Paulinho, reconhecendo a qualidade do elenco atleticano, mas destacou que o Botafogo est\u00e1 preparado para o desafio.<\/p>\n\n\n\n<p>\u00a0\u201cMeu trabalho \u00e9 recuperar a bola e tentar impedir que ele chute para o gol. Obviamente que n\u00e3o jogamos sozinhos, s\u00e3o muitos outros jogadores, como Paulinho, Hulk, que tamb\u00e9m s\u00e3o muito bons, e nossa equipe est\u00e1 trabalhando justamente para evitar isso\u201d, contou.<\/p>\n\n\n<div class=\"wp-block-image\">\n<figure class=\"aligncenter size-large\"><img loading=\"lazy\" decoding=\"async\" width=\"1024\" height=\"768\" src=\"https:\/\/www.gaveanews.com\/wp-content\/uploads\/Deyverson-com-a-camisa-do-Atletico-Mineiro-em-2024-1024x768.webp\" alt=\"\" class=\"wp-image-158213\" srcset=\"https:\/\/www.gaveanews.com\/wp-content\/uploads\/Deyverson-com-a-camisa-do-Atletico-Mineiro-em-2024-1024x768.webp 1024w, https:\/\/www.gaveanews.com\/wp-content\/uploads\/Deyverson-com-a-camisa-do-Atletico-Mineiro-em-2024-300x225.webp 300w, https:\/\/www.gaveanews.com\/wp-content\/uploads\/Deyverson-com-a-camisa-do-Atletico-Mineiro-em-2024-768x576.webp 768w, https:\/\/www.gaveanews.com\/wp-content\/uploads\/Deyverson-com-a-camisa-do-Atletico-Mineiro-em-2024-560x420.webp 560w, https:\/\/www.gaveanews.com\/wp-content\/uploads\/Deyverson-com-a-camisa-do-Atletico-Mineiro-em-2024-1119x840.webp 1119w, https:\/\/www.gaveanews.com\/wp-content\/uploads\/Deyverson-com-a-camisa-do-Atletico-Mineiro-em-2024-80x60.webp 80w, https:\/\/www.gaveanews.com\/wp-content\/uploads\/Deyverson-com-a-camisa-do-Atletico-Mineiro-em-2024-160x120.webp 160w, https:\/\/www.gaveanews.com\/wp-content\/uploads\/Deyverson-com-a-camisa-do-Atletico-Mineiro-em-2024-100x75.webp 100w, https:\/\/www.gaveanews.com\/wp-content\/uploads\/Deyverson-com-a-camisa-do-Atletico-Mineiro-em-2024-200x150.webp 200w, https:\/\/www.gaveanews.com\/wp-content\/uploads\/Deyverson-com-a-camisa-do-Atletico-Mineiro-em-2024-180x135.webp 180w, https:\/\/www.gaveanews.com\/wp-content\/uploads\/Deyverson-com-a-camisa-do-Atletico-Mineiro-em-2024-360x270.webp 360w, https:\/\/www.gaveanews.com\/wp-content\/uploads\/Deyverson-com-a-camisa-do-Atletico-Mineiro-em-2024-238x178.webp 238w, https:\/\/www.gaveanews.com\/wp-content\/uploads\/Deyverson-com-a-camisa-do-Atletico-Mineiro-em-2024-476x356.webp 476w, https:\/\/www.gaveanews.com\/wp-content\/uploads\/Deyverson-com-a-camisa-do-Atletico-Mineiro-em-2024-640x480.webp 640w, https:\/\/www.gaveanews.com\/wp-content\/uploads\/Deyverson-com-a-camisa-do-Atletico-Mineiro-em-2024-1280x960.webp 1280w, https:\/\/www.gaveanews.com\/wp-content\/uploads\/Deyverson-com-a-camisa-do-Atletico-Mineiro-em-2024-681x511.webp 681w, https:\/\/www.gaveanews.com\/wp-content\/uploads\/Deyverson-com-a-camisa-do-Atletico-Mineiro-em-2024.webp 1350w\" sizes=\"auto, (max-width: 1024px) 100vw, 1024px\" \/><figcaption class=\"wp-element-caption\">Deyverson com a camisa do Atl\u00e9tico Mineiro em 2024 (Foto: Divulga\u00e7\u00e3o\/Atl\u00e9tico Mineiro)<\/figcaption><\/figure>\n<\/div>\n\n\n<h2 class=\"wp-block-heading\" id=\"h-jogador-do-botafogo-ficou-revoltado-em-partida-contra-atletico\">Jogador do Botafogo ficou revoltado em partida contra Atl\u00e9tico<\/h2>\n\n\n\n<p>No \u00faltimo duelo, Barboza perdeu o controle emocional. Expulso ap\u00f3s discutir com Igor Rabello, ele tentou retornar ao gramado, mas foi impedido pelos seguran\u00e7as. Durante o tumulto, insultou o goleiro Everson e desafiou Battaglia, que estava fora da partida, para um confronto.<\/p>\n\n\n\n<p>Mesmo contido, Barboza continuou provocando outros jogadores do Atl\u00e9tico-MG. Assim, Paulinho foi um dos alvos do zagueiro, que novamente precisou ser segurado por membros da equipe do Botafogo.<\/p>\n\n\n\n<p>No final, Cuiabano, seu companheiro de equipe, interveio, pedindo calma e ressaltando a necessidade de foco. Segundo ele, era importante ignorar as provoca\u00e7\u00f5es e seguir pensando nos pr\u00f3ximos desafios da temporada.<\/p>\n","protected":false},"excerpt":{"rendered":"<p>O zagueiro Alexander Barboza, do Botafogo, enviou um recado ao atacante Deyverson, do Atl\u00e9tico-MG, antes da final da Copa Libertadores. O confronto decisivo acontece neste s\u00e1bado (30), \u00e0s 17h, no Monumental de N\u00fa\u00f1ez, em busca do t\u00edtulo continental. No \u00faltimo dia 20, as equipes se enfrentaram pelo Campeonato Brasileiro, no est\u00e1dio Independ\u00eancia, e empataram sem [&hellip;]<\/p>\n","protected":false},"author":28,"featured_media":170337,"comment_status":"open","ping_status":"closed","sticky":false,"template":"","format":"standard","meta":{"footnotes":""},"categories":[136,138],"tags":[],"class_list":["post-192774","post","type-post","status-publish","format-standard","has-post-thumbnail","hentry","category-atletico-mg","category-botafogo"],"yoast_head":"<!-- This site is optimized with the Yoast SEO Premium plugin v24.2 (Yoast SEO v26.9) - https:\/\/yoast.com\/product\/yoast-seo-premium-wordpress\/ -->\n<title>Alexander Barboza manda recado para Deyverson, do Atl\u00e9tico-MG<\/title>\n<meta name=\"robots\" content=\"index, follow, max-snippet:-1, max-image-preview:large, max-video-preview:-1\" \/>\n<link rel=\"canonical\" href=\"https:\/\/www.gaveanews.com\/index.php\/2024\/11\/30\/alexander-barboza-manda-recado-para-deyverson-do-atletico-mg\/\" \/>\n<meta property=\"og:locale\" content=\"pt_BR\" \/>\n<meta property=\"og:type\" content=\"article\" \/>\n<meta property=\"og:title\" content=\"Alexander Barboza manda recado para Deyverson, do Atl\u00e9tico-MG\" \/>\n<meta property=\"og:description\" content=\"O zagueiro Alexander Barboza, do Botafogo, enviou um recado ao atacante Deyverson, do Atl\u00e9tico-MG, antes da final da Copa Libertadores. O confronto decisivo acontece neste s\u00e1bado (30), \u00e0s 17h, no Monumental de N\u00fa\u00f1ez, em busca do t\u00edtulo continental. No \u00faltimo dia 20, as equipes se enfrentaram pelo Campeonato Brasileiro, no est\u00e1dio Independ\u00eancia, e empataram sem [&hellip;]\" \/>\n<meta property=\"og:url\" content=\"https:\/\/www.gaveanews.com\/index.php\/2024\/11\/30\/alexander-barboza-manda-recado-para-deyverson-do-atletico-mg\/\" \/>\n<meta property=\"og:site_name\" content=\"G\u00e1vea News\" \/>\n<meta property=\"article:publisher\" content=\"https:\/\/facebook.com\/gaveaNews\/\" \/>\n<meta property=\"article:published_time\" content=\"2024-12-01T00:10:00+00:00\" \/>\n<meta property=\"og:image\" content=\"https:\/\/www.gaveanews.com\/wp-content\/uploads\/Alexander-Barboza-em-acao-pelo-Botafogo.webp\" \/>\n\t<meta property=\"og:image:width\" content=\"541\" \/>\n\t<meta property=\"og:image:height\" content=\"448\" \/>\n\t<meta property=\"og:image:type\" content=\"image\/jpeg\" \/>\n<meta name=\"author\" content=\"Hudson Pereira\" \/>\n<meta name=\"twitter:card\" content=\"summary_large_image\" \/>\n<meta name=\"twitter:label1\" content=\"Escrito por\" \/>\n\t<meta name=\"twitter:data1\" content=\"Hudson Pereira\" \/>\n\t<meta name=\"twitter:label2\" content=\"Est. tempo de leitura\" \/>\n\t<meta name=\"twitter:data2\" content=\"3 minutos\" \/>\n<script type=\"application\/ld+json\" class=\"yoast-schema-graph\">{\"@context\":\"https:\/\/schema.org\",\"@graph\":[{\"@type\":\"NewsArticle\",\"@id\":\"https:\/\/www.gaveanews.com\/index.php\/2024\/11\/30\/alexander-barboza-manda-recado-para-deyverson-do-atletico-mg\/#article\",\"isPartOf\":{\"@id\":\"https:\/\/www.gaveanews.com\/index.php\/2024\/11\/30\/alexander-barboza-manda-recado-para-deyverson-do-atletico-mg\/\"},\"author\":{\"name\":\"Hudson Pereira\",\"@id\":\"https:\/\/www.gaveanews.com\/#\/schema\/person\/bd08f00534b403119b92741a6d469ef0\"},\"headline\":\"Alexander Barboza manda recado para Deyverson, do Atl\u00e9tico-MG\",\"datePublished\":\"2024-12-01T00:10:00+00:00\",\"mainEntityOfPage\":{\"@id\":\"https:\/\/www.gaveanews.com\/index.php\/2024\/11\/30\/alexander-barboza-manda-recado-para-deyverson-do-atletico-mg\/\"},\"wordCount\":450,\"commentCount\":0,\"image\":{\"@id\":\"https:\/\/www.gaveanews.com\/index.php\/2024\/11\/30\/alexander-barboza-manda-recado-para-deyverson-do-atletico-mg\/#primaryimage\"},\"thumbnailUrl\":\"https:\/\/www.gaveanews.com\/wp-content\/uploads\/Alexander-Barboza-em-acao-pelo-Botafogo.webp\",\"articleSection\":[\"Atl\u00e9tico-MG\",\"Botafogo\"],\"inLanguage\":\"pt-BR\",\"potentialAction\":[{\"@type\":\"CommentAction\",\"name\":\"Comment\",\"target\":[\"https:\/\/www.gaveanews.com\/index.php\/2024\/11\/30\/alexander-barboza-manda-recado-para-deyverson-do-atletico-mg\/#respond\"]}],\"copyrightYear\":\"2024\",\"copyrightHolder\":{\"@id\":\"https:\/\/www.gaveanews.com\/#organization\"}},{\"@type\":\"WebPage\",\"@id\":\"https:\/\/www.gaveanews.com\/index.php\/2024\/11\/30\/alexander-barboza-manda-recado-para-deyverson-do-atletico-mg\/\",\"url\":\"https:\/\/www.gaveanews.com\/index.php\/2024\/11\/30\/alexander-barboza-manda-recado-para-deyverson-do-atletico-mg\/\",\"name\":\"Alexander Barboza manda recado para Deyverson, do Atl\u00e9tico-MG\",\"isPartOf\":{\"@id\":\"https:\/\/www.gaveanews.com\/#website\"},\"primaryImageOfPage\":{\"@id\":\"https:\/\/www.gaveanews.com\/index.php\/2024\/11\/30\/alexander-barboza-manda-recado-para-deyverson-do-atletico-mg\/#primaryimage\"},\"image\":{\"@id\":\"https:\/\/www.gaveanews.com\/index.php\/2024\/11\/30\/alexander-barboza-manda-recado-para-deyverson-do-atletico-mg\/#primaryimage\"},\"thumbnailUrl\":\"https:\/\/www.gaveanews.com\/wp-content\/uploads\/Alexander-Barboza-em-acao-pelo-Botafogo.webp\",\"datePublished\":\"2024-12-01T00:10:00+00:00\",\"author\":{\"@id\":\"https:\/\/www.gaveanews.com\/#\/schema\/person\/bd08f00534b403119b92741a6d469ef0\"},\"breadcrumb\":{\"@id\":\"https:\/\/www.gaveanews.com\/index.php\/2024\/11\/30\/alexander-barboza-manda-recado-para-deyverson-do-atletico-mg\/#breadcrumb\"},\"inLanguage\":\"pt-BR\",\"potentialAction\":[{\"@type\":\"ReadAction\",\"target\":[\"https:\/\/www.gaveanews.com\/index.php\/2024\/11\/30\/alexander-barboza-manda-recado-para-deyverson-do-atletico-mg\/\"]}]},{\"@type\":\"ImageObject\",\"inLanguage\":\"pt-BR\",\"@id\":\"https:\/\/www.gaveanews.com\/index.php\/2024\/11\/30\/alexander-barboza-manda-recado-para-deyverson-do-atletico-mg\/#primaryimage\",\"url\":\"https:\/\/www.gaveanews.com\/wp-content\/uploads\/Alexander-Barboza-em-acao-pelo-Botafogo.webp\",\"contentUrl\":\"https:\/\/www.gaveanews.com\/wp-content\/uploads\/Alexander-Barboza-em-acao-pelo-Botafogo.webp\",\"width\":541,\"height\":448,\"caption\":\"Alexander Barboza em a\u00e7\u00e3o pelo Botafogo (Foto: Vitor Silva\/Botafogo)\"},{\"@type\":\"BreadcrumbList\",\"@id\":\"https:\/\/www.gaveanews.com\/index.php\/2024\/11\/30\/alexander-barboza-manda-recado-para-deyverson-do-atletico-mg\/#breadcrumb\",\"itemListElement\":[{\"@type\":\"ListItem\",\"position\":1,\"name\":\"Home\",\"item\":\"https:\/\/www.gaveanews.com\/\"},{\"@type\":\"ListItem\",\"position\":2,\"name\":\"Alexander Barboza manda recado para Deyverson, do Atl\u00e9tico-MG\"}]},{\"@type\":\"WebSite\",\"@id\":\"https:\/\/www.gaveanews.com\/#website\",\"url\":\"https:\/\/www.gaveanews.com\/\",\"name\":\"G\u00e1vea News\",\"description\":\"Veja todas as not\u00edcias sobre o Flamengo: Contrata\u00e7\u00f5es, categorias de base, resultados das partidas, tabela de classifica\u00e7\u00e3o, pr\u00f3ximos jogos!\",\"potentialAction\":[{\"@type\":\"SearchAction\",\"target\":{\"@type\":\"EntryPoint\",\"urlTemplate\":\"https:\/\/www.gaveanews.com\/?s={search_term_string}\"},\"query-input\":{\"@type\":\"PropertyValueSpecification\",\"valueRequired\":true,\"valueName\":\"search_term_string\"}}],\"inLanguage\":\"pt-BR\"},{\"@type\":\"Person\",\"@id\":\"https:\/\/www.gaveanews.com\/#\/schema\/person\/bd08f00534b403119b92741a6d469ef0\",\"name\":\"Hudson Pereira\",\"image\":{\"@type\":\"ImageObject\",\"inLanguage\":\"pt-BR\",\"@id\":\"https:\/\/www.gaveanews.com\/#\/schema\/person\/image\/\",\"url\":\"https:\/\/secure.gravatar.com\/avatar\/ecc491b489e454e510efffc9b23c1052ce5fb4f2e05555768ba65819cd55f03e?s=96&d=mm&r=g\",\"contentUrl\":\"https:\/\/secure.gravatar.com\/avatar\/ecc491b489e454e510efffc9b23c1052ce5fb4f2e05555768ba65819cd55f03e?s=96&d=mm&r=g\",\"caption\":\"Hudson Pereira\"}}]}<\/script>\n<!-- \/ Yoast SEO Premium plugin. -->","yoast_head_json":{"title":"Alexander Barboza manda recado para Deyverson, do Atl\u00e9tico-MG","robots":{"index":"index","follow":"follow","max-snippet":"max-snippet:-1","max-image-preview":"max-image-preview:large","max-video-preview":"max-video-preview:-1"},"canonical":"https:\/\/www.gaveanews.com\/index.php\/2024\/11\/30\/alexander-barboza-manda-recado-para-deyverson-do-atletico-mg\/","og_locale":"pt_BR","og_type":"article","og_title":"Alexander Barboza manda recado para Deyverson, do Atl\u00e9tico-MG","og_description":"O zagueiro Alexander Barboza, do Botafogo, enviou um recado ao atacante Deyverson, do Atl\u00e9tico-MG, antes da final da Copa Libertadores. O confronto decisivo acontece neste s\u00e1bado (30), \u00e0s 17h, no Monumental de N\u00fa\u00f1ez, em busca do t\u00edtulo continental. No \u00faltimo dia 20, as equipes se enfrentaram pelo Campeonato Brasileiro, no est\u00e1dio Independ\u00eancia, e empataram sem [&hellip;]","og_url":"https:\/\/www.gaveanews.com\/index.php\/2024\/11\/30\/alexander-barboza-manda-recado-para-deyverson-do-atletico-mg\/","og_site_name":"G\u00e1vea News","article_publisher":"https:\/\/facebook.com\/gaveaNews\/","article_published_time":"2024-12-01T00:10:00+00:00","og_image":[{"width":541,"height":448,"url":"https:\/\/www.gaveanews.com\/wp-content\/uploads\/Alexander-Barboza-em-acao-pelo-Botafogo.webp","type":"image\/jpeg"}],"author":"Hudson Pereira","twitter_card":"summary_large_image","twitter_misc":{"Escrito por":"Hudson Pereira","Est. tempo de leitura":"3 minutos"},"schema":{"@context":"https:\/\/schema.org","@graph":[{"@type":"NewsArticle","@id":"https:\/\/www.gaveanews.com\/index.php\/2024\/11\/30\/alexander-barboza-manda-recado-para-deyverson-do-atletico-mg\/#article","isPartOf":{"@id":"https:\/\/www.gaveanews.com\/index.php\/2024\/11\/30\/alexander-barboza-manda-recado-para-deyverson-do-atletico-mg\/"},"author":{"name":"Hudson Pereira","@id":"https:\/\/www.gaveanews.com\/#\/schema\/person\/bd08f00534b403119b92741a6d469ef0"},"headline":"Alexander Barboza manda recado para Deyverson, do Atl\u00e9tico-MG","datePublished":"2024-12-01T00:10:00+00:00","mainEntityOfPage":{"@id":"https:\/\/www.gaveanews.com\/index.php\/2024\/11\/30\/alexander-barboza-manda-recado-para-deyverson-do-atletico-mg\/"},"wordCount":450,"commentCount":0,"image":{"@id":"https:\/\/www.gaveanews.com\/index.php\/2024\/11\/30\/alexander-barboza-manda-recado-para-deyverson-do-atletico-mg\/#primaryimage"},"thumbnailUrl":"https:\/\/www.gaveanews.com\/wp-content\/uploads\/Alexander-Barboza-em-acao-pelo-Botafogo.webp","articleSection":["Atl\u00e9tico-MG","Botafogo"],"inLanguage":"pt-BR","potentialAction":[{"@type":"CommentAction","name":"Comment","target":["https:\/\/www.gaveanews.com\/index.php\/2024\/11\/30\/alexander-barboza-manda-recado-para-deyverson-do-atletico-mg\/#respond"]}],"copyrightYear":"2024","copyrightHolder":{"@id":"https:\/\/www.gaveanews.com\/#organization"}},{"@type":"WebPage","@id":"https:\/\/www.gaveanews.com\/index.php\/2024\/11\/30\/alexander-barboza-manda-recado-para-deyverson-do-atletico-mg\/","url":"https:\/\/www.gaveanews.com\/index.php\/2024\/11\/30\/alexander-barboza-manda-recado-para-deyverson-do-atletico-mg\/","name":"Alexander Barboza manda recado para Deyverson, do Atl\u00e9tico-MG","isPartOf":{"@id":"https:\/\/www.gaveanews.com\/#website"},"primaryImageOfPage":{"@id":"https:\/\/www.gaveanews.com\/index.php\/2024\/11\/30\/alexander-barboza-manda-recado-para-deyverson-do-atletico-mg\/#primaryimage"},"image":{"@id":"https:\/\/www.gaveanews.com\/index.php\/2024\/11\/30\/alexander-barboza-manda-recado-para-deyverson-do-atletico-mg\/#primaryimage"},"thumbnailUrl":"https:\/\/www.gaveanews.com\/wp-content\/uploads\/Alexander-Barboza-em-acao-pelo-Botafogo.webp","datePublished":"2024-12-01T00:10:00+00:00","author":{"@id":"https:\/\/www.gaveanews.com\/#\/schema\/person\/bd08f00534b403119b92741a6d469ef0"},"breadcrumb":{"@id":"https:\/\/www.gaveanews.com\/index.php\/2024\/11\/30\/alexander-barboza-manda-recado-para-deyverson-do-atletico-mg\/#breadcrumb"},"inLanguage":"pt-BR","potentialAction":[{"@type":"ReadAction","target":["https:\/\/www.gaveanews.com\/index.php\/2024\/11\/30\/alexander-barboza-manda-recado-para-deyverson-do-atletico-mg\/"]}]},{"@type":"ImageObject","inLanguage":"pt-BR","@id":"https:\/\/www.gaveanews.com\/index.php\/2024\/11\/30\/alexander-barboza-manda-recado-para-deyverson-do-atletico-mg\/#primaryimage","url":"https:\/\/www.gaveanews.com\/wp-content\/uploads\/Alexander-Barboza-em-acao-pelo-Botafogo.webp","contentUrl":"https:\/\/www.gaveanews.com\/wp-content\/uploads\/Alexander-Barboza-em-acao-pelo-Botafogo.webp","width":541,"height":448,"caption":"Alexander Barboza em a\u00e7\u00e3o pelo Botafogo (Foto: Vitor Silva\/Botafogo)"},{"@type":"BreadcrumbList","@id":"https:\/\/www.gaveanews.com\/index.php\/2024\/11\/30\/alexander-barboza-manda-recado-para-deyverson-do-atletico-mg\/#breadcrumb","itemListElement":[{"@type":"ListItem","position":1,"name":"Home","item":"https:\/\/www.gaveanews.com\/"},{"@type":"ListItem","position":2,"name":"Alexander Barboza manda recado para Deyverson, do Atl\u00e9tico-MG"}]},{"@type":"WebSite","@id":"https:\/\/www.gaveanews.com\/#website","url":"https:\/\/www.gaveanews.com\/","name":"G\u00e1vea News","description":"Veja todas as not\u00edcias sobre o Flamengo: Contrata\u00e7\u00f5es, categorias de base, resultados das partidas, tabela de classifica\u00e7\u00e3o, pr\u00f3ximos jogos!","potentialAction":[{"@type":"SearchAction","target":{"@type":"EntryPoint","urlTemplate":"https:\/\/www.gaveanews.com\/?s={search_term_string}"},"query-input":{"@type":"PropertyValueSpecification","valueRequired":true,"valueName":"search_term_string"}}],"inLanguage":"pt-BR"},{"@type":"Person","@id":"https:\/\/www.gaveanews.com\/#\/schema\/person\/bd08f00534b403119b92741a6d469ef0","name":"Hudson Pereira","image":{"@type":"ImageObject","inLanguage":"pt-BR","@id":"https:\/\/www.gaveanews.com\/#\/schema\/person\/image\/","url":"https:\/\/secure.gravatar.com\/avatar\/ecc491b489e454e510efffc9b23c1052ce5fb4f2e05555768ba65819cd55f03e?s=96&d=mm&r=g","contentUrl":"https:\/\/secure.gravatar.com\/avatar\/ecc491b489e454e510efffc9b23c1052ce5fb4f2e05555768ba65819cd55f03e?s=96&d=mm&r=g","caption":"Hudson Pereira"}}]}},"_links":{"self":[{"href":"https:\/\/www.gaveanews.com\/index.php\/wp-json\/wp\/v2\/posts\/192774","targetHints":{"allow":["GET"]}}],"collection":[{"href":"https:\/\/www.gaveanews.com\/index.php\/wp-json\/wp\/v2\/posts"}],"about":[{"href":"https:\/\/www.gaveanews.com\/index.php\/wp-json\/wp\/v2\/types\/post"}],"author":[{"embeddable":true,"href":"https:\/\/www.gaveanews.com\/index.php\/wp-json\/wp\/v2\/users\/28"}],"replies":[{"embeddable":true,"href":"https:\/\/www.gaveanews.com\/index.php\/wp-json\/wp\/v2\/comments?post=192774"}],"version-history":[{"count":2,"href":"https:\/\/www.gaveanews.com\/index.php\/wp-json\/wp\/v2\/posts\/192774\/revisions"}],"predecessor-version":[{"id":192781,"href":"https:\/\/www.gaveanews.com\/index.php\/wp-json\/wp\/v2\/posts\/192774\/revisions\/192781"}],"wp:featuredmedia":[{"embeddable":true,"href":"https:\/\/www.gaveanews.com\/index.php\/wp-json\/wp\/v2\/media\/170337"}],"wp:attachment":[{"href":"https:\/\/www.gaveanews.com\/index.php\/wp-json\/wp\/v2\/media?parent=192774"}],"wp:term":[{"taxonomy":"category","embeddable":true,"href":"https:\/\/www.gaveanews.com\/index.php\/wp-json\/wp\/v2\/categories?post=192774"},{"taxonomy":"post_tag","embeddable":true,"href":"https:\/\/www.gaveanews.com\/index.php\/wp-json\/wp\/v2\/tags?post=192774"}],"curies":[{"name":"wp","href":"https:\/\/api.w.org\/{rel}","templated":true}]}}