{"id":192817,"date":"2024-11-30T21:35:00","date_gmt":"2024-12-01T00:35:00","guid":{"rendered":"https:\/\/www.gaveanews.com\/?p=192817"},"modified":"2024-11-30T20:41:48","modified_gmt":"2024-11-30T23:41:48","slug":"proxima-venda-do-flamengo-sera-do-mesmo-nivel-de-vini-jr-e-lucas-paqueta","status":"publish","type":"post","link":"https:\/\/www.gaveanews.com\/index.php\/2024\/11\/30\/proxima-venda-do-flamengo-sera-do-mesmo-nivel-de-vini-jr-e-lucas-paqueta\/","title":{"rendered":"Pr\u00f3xima venda do Flamengo ser\u00e1 do mesmo n\u00edvel de Vini Jr e Lucas Paquet\u00e1"},"content":{"rendered":"\n<h2 class=\"wp-block-heading\" id=\"h-flamengo-projeta-venda-milionaria-de-wesley-mas-so-apos-o-super-mundial-de-clubes\">Flamengo projeta venda milion\u00e1ria de Wesley, mas s\u00f3 ap\u00f3s o Super Mundial de Clubes<\/h2>\n\n\n\n<p>Destaque do Flamengo em 2024, Wesley, revelado nas categorias de base do clube, virou pe\u00e7a fundamental no elenco de Filipe Lu\u00eds e est\u00e1 no radar de grandes clubes europeus. Com contrato renovado at\u00e9 2028 e 90% dos direitos econ\u00f4micos assegurados, o Rubro-Negro planeja uma venda estrat\u00e9gica do lateral-direito apenas ap\u00f3s o Super Mundial de Clubes, marcado para junho e julho de 2025.<\/p>\n\n\n\n<ul class=\"wp-block-list\">\n<li><a href=\"https:\/\/www.gaveanews.com\/index.php\/2024\/11\/29\/a-exigencia-do-flamengo-para-vender-wesley-2\/\">A exig\u00eancia do Flamengo para vender Wesley<\/a><\/li>\n\n\n\n<li><a href=\"https:\/\/www.gaveanews.com\/index.php\/2024\/11\/06\/idolo-do-flamengo-manda-recado-para-wesley\/\">\u00cddolo do Flamengo manda recado para Wesley<\/a><\/li>\n<\/ul>\n\n\n\n<p>O Flamengo j\u00e1 recusou propostas importantes por Wesley, incluindo uma oferta de 20 milh\u00f5es de euros (cerca de R$ 120 milh\u00f5es) da Atalanta no meio do ano. A negocia\u00e7\u00e3o n\u00e3o avan\u00e7ou devido a exig\u00eancias do clube carioca sobre a forma de pagamento e a data de libera\u00e7\u00e3o. Al\u00e9m disso, o Bournemouth (ING) tamb\u00e9m oficializou uma proposta, igualmente negada.<\/p>\n\n\n\n<p>Agora, o Rubro-Negro projeta um cen\u00e1rio ainda mais favor\u00e1vel para 2025. Nos bastidores, as expectativas de lucro s\u00e3o comparadas \u00e0s vendas de Vin\u00edcius J\u00fanior e Lucas Paquet\u00e1, ambos negociados com cifras expressivas para clubes da Europa. O Flamengo espera que o desempenho de Wesley no Super Mundial de Clubes atraia gigantes do futebol mundial, especialmente da Premier League, que j\u00e1 manifestaram interesse.<\/p>\n\n\n\n<p>Ciente do mercado promissor, Wesley tem investido em seu desenvolvimento fora de campo. O lateral contratou profissionais especializados para aprimorar seu desempenho f\u00edsico e t\u00e9cnico, al\u00e9m de usar an\u00e1lises detalhadas para melhorar a tomada de decis\u00e3o. A estrat\u00e9gia visa n\u00e3o s\u00f3 manter o destaque no Flamengo, mas tamb\u00e9m se consolidar como nome forte para a Sele\u00e7\u00e3o Brasileira, o que pode valorizar ainda mais seu passe.<\/p>\n\n\n\n<p>Wesley segue como titular absoluto e pe\u00e7a-chave no esquema de Filipe Lu\u00eds. O Flamengo, j\u00e1 classificado para a fase de grupos da Libertadores 2025, encara o Internacional no pr\u00f3ximo domingo (1\u00ba), \u00e0s 16h, no Maracan\u00e3, pela pen\u00faltima rodada do Campeonato Brasileiro. A vit\u00f3ria \u00e9 fundamental para manter a equipe entre os primeiros colocados e encerrar a temporada com moral elevado.<\/p>\n","protected":false},"excerpt":{"rendered":"<p>Flamengo projeta venda milion\u00e1ria de Wesley, mas s\u00f3 ap\u00f3s o Super Mundial de Clubes Destaque do Flamengo em 2024, Wesley, revelado nas categorias de base do clube, virou pe\u00e7a fundamental no elenco de Filipe Lu\u00eds e est\u00e1 no radar de grandes clubes europeus. Com contrato renovado at\u00e9 2028 e 90% dos direitos econ\u00f4micos assegurados, o [&hellip;]<\/p>\n","protected":false},"author":17,"featured_media":126190,"comment_status":"open","ping_status":"closed","sticky":false,"template":"","format":"standard","meta":{"footnotes":""},"categories":[1],"tags":[],"class_list":["post-192817","post","type-post","status-publish","format-standard","has-post-thumbnail","hentry","category-flamengo"],"yoast_head":"<!-- This site is optimized with the Yoast SEO Premium plugin v24.2 (Yoast SEO v26.9) - https:\/\/yoast.com\/product\/yoast-seo-premium-wordpress\/ -->\n<title>Pr\u00f3xima venda do Flamengo ser\u00e1 do mesmo n\u00edvel de Vini Jr e Lucas Paquet\u00e1<\/title>\n<meta name=\"robots\" content=\"index, follow, max-snippet:-1, max-image-preview:large, max-video-preview:-1\" \/>\n<link rel=\"canonical\" href=\"https:\/\/www.gaveanews.com\/index.php\/2024\/11\/30\/proxima-venda-do-flamengo-sera-do-mesmo-nivel-de-vini-jr-e-lucas-paqueta\/\" \/>\n<meta property=\"og:locale\" content=\"pt_BR\" \/>\n<meta property=\"og:type\" content=\"article\" \/>\n<meta property=\"og:title\" content=\"Pr\u00f3xima venda do Flamengo ser\u00e1 do mesmo n\u00edvel de Vini Jr e Lucas Paquet\u00e1\" \/>\n<meta property=\"og:description\" content=\"Flamengo projeta venda milion\u00e1ria de Wesley, mas s\u00f3 ap\u00f3s o Super Mundial de Clubes Destaque do Flamengo em 2024, Wesley, revelado nas categorias de base do clube, virou pe\u00e7a fundamental no elenco de Filipe Lu\u00eds e est\u00e1 no radar de grandes clubes europeus. Com contrato renovado at\u00e9 2028 e 90% dos direitos econ\u00f4micos assegurados, o [&hellip;]\" \/>\n<meta property=\"og:url\" content=\"https:\/\/www.gaveanews.com\/index.php\/2024\/11\/30\/proxima-venda-do-flamengo-sera-do-mesmo-nivel-de-vini-jr-e-lucas-paqueta\/\" \/>\n<meta property=\"og:site_name\" content=\"G\u00e1vea News\" \/>\n<meta property=\"article:publisher\" content=\"https:\/\/facebook.com\/gaveaNews\/\" \/>\n<meta property=\"article:published_time\" content=\"2024-12-01T00:35:00+00:00\" \/>\n<meta property=\"og:image\" content=\"https:\/\/www.gaveanews.com\/wp-content\/uploads\/1707348803572.webp\" \/>\n\t<meta property=\"og:image:width\" content=\"1280\" \/>\n\t<meta property=\"og:image:height\" content=\"853\" \/>\n\t<meta property=\"og:image:type\" content=\"image\/webp\" \/>\n<meta name=\"author\" content=\"Geovanna Thomaz\" \/>\n<meta name=\"twitter:card\" content=\"summary_large_image\" \/>\n<meta name=\"twitter:label1\" content=\"Escrito por\" \/>\n\t<meta name=\"twitter:data1\" content=\"Geovanna Thomaz\" \/>\n\t<meta name=\"twitter:label2\" content=\"Est. tempo de leitura\" \/>\n\t<meta name=\"twitter:data2\" content=\"3 minutos\" \/>\n<script type=\"application\/ld+json\" class=\"yoast-schema-graph\">{\"@context\":\"https:\/\/schema.org\",\"@graph\":[{\"@type\":\"NewsArticle\",\"@id\":\"https:\/\/www.gaveanews.com\/index.php\/2024\/11\/30\/proxima-venda-do-flamengo-sera-do-mesmo-nivel-de-vini-jr-e-lucas-paqueta\/#article\",\"isPartOf\":{\"@id\":\"https:\/\/www.gaveanews.com\/index.php\/2024\/11\/30\/proxima-venda-do-flamengo-sera-do-mesmo-nivel-de-vini-jr-e-lucas-paqueta\/\"},\"author\":{\"name\":\"Geovanna Thomaz\",\"@id\":\"https:\/\/www.gaveanews.com\/#\/schema\/person\/f42654babcd2b2014a1a65af82b081f1\"},\"headline\":\"Pr\u00f3xima venda do Flamengo ser\u00e1 do mesmo n\u00edvel de Vini Jr e Lucas Paquet\u00e1\",\"datePublished\":\"2024-12-01T00:35:00+00:00\",\"mainEntityOfPage\":{\"@id\":\"https:\/\/www.gaveanews.com\/index.php\/2024\/11\/30\/proxima-venda-do-flamengo-sera-do-mesmo-nivel-de-vini-jr-e-lucas-paqueta\/\"},\"wordCount\":377,\"commentCount\":0,\"image\":{\"@id\":\"https:\/\/www.gaveanews.com\/index.php\/2024\/11\/30\/proxima-venda-do-flamengo-sera-do-mesmo-nivel-de-vini-jr-e-lucas-paqueta\/#primaryimage\"},\"thumbnailUrl\":\"https:\/\/www.gaveanews.com\/wp-content\/uploads\/1707348803572.webp\",\"articleSection\":[\"Flamengo\"],\"inLanguage\":\"pt-BR\",\"potentialAction\":[{\"@type\":\"CommentAction\",\"name\":\"Comment\",\"target\":[\"https:\/\/www.gaveanews.com\/index.php\/2024\/11\/30\/proxima-venda-do-flamengo-sera-do-mesmo-nivel-de-vini-jr-e-lucas-paqueta\/#respond\"]}],\"copyrightYear\":\"2024\",\"copyrightHolder\":{\"@id\":\"https:\/\/www.gaveanews.com\/#organization\"}},{\"@type\":\"WebPage\",\"@id\":\"https:\/\/www.gaveanews.com\/index.php\/2024\/11\/30\/proxima-venda-do-flamengo-sera-do-mesmo-nivel-de-vini-jr-e-lucas-paqueta\/\",\"url\":\"https:\/\/www.gaveanews.com\/index.php\/2024\/11\/30\/proxima-venda-do-flamengo-sera-do-mesmo-nivel-de-vini-jr-e-lucas-paqueta\/\",\"name\":\"Pr\u00f3xima venda do Flamengo ser\u00e1 do mesmo n\u00edvel de Vini Jr e Lucas Paquet\u00e1\",\"isPartOf\":{\"@id\":\"https:\/\/www.gaveanews.com\/#website\"},\"primaryImageOfPage\":{\"@id\":\"https:\/\/www.gaveanews.com\/index.php\/2024\/11\/30\/proxima-venda-do-flamengo-sera-do-mesmo-nivel-de-vini-jr-e-lucas-paqueta\/#primaryimage\"},\"image\":{\"@id\":\"https:\/\/www.gaveanews.com\/index.php\/2024\/11\/30\/proxima-venda-do-flamengo-sera-do-mesmo-nivel-de-vini-jr-e-lucas-paqueta\/#primaryimage\"},\"thumbnailUrl\":\"https:\/\/www.gaveanews.com\/wp-content\/uploads\/1707348803572.webp\",\"datePublished\":\"2024-12-01T00:35:00+00:00\",\"author\":{\"@id\":\"https:\/\/www.gaveanews.com\/#\/schema\/person\/f42654babcd2b2014a1a65af82b081f1\"},\"breadcrumb\":{\"@id\":\"https:\/\/www.gaveanews.com\/index.php\/2024\/11\/30\/proxima-venda-do-flamengo-sera-do-mesmo-nivel-de-vini-jr-e-lucas-paqueta\/#breadcrumb\"},\"inLanguage\":\"pt-BR\",\"potentialAction\":[{\"@type\":\"ReadAction\",\"target\":[\"https:\/\/www.gaveanews.com\/index.php\/2024\/11\/30\/proxima-venda-do-flamengo-sera-do-mesmo-nivel-de-vini-jr-e-lucas-paqueta\/\"]}]},{\"@type\":\"ImageObject\",\"inLanguage\":\"pt-BR\",\"@id\":\"https:\/\/www.gaveanews.com\/index.php\/2024\/11\/30\/proxima-venda-do-flamengo-sera-do-mesmo-nivel-de-vini-jr-e-lucas-paqueta\/#primaryimage\",\"url\":\"https:\/\/www.gaveanews.com\/wp-content\/uploads\/1707348803572.webp\",\"contentUrl\":\"https:\/\/www.gaveanews.com\/wp-content\/uploads\/1707348803572.webp\",\"width\":1280,\"height\":853,\"caption\":\"Vin\u00edcius J\u00fanior em a\u00e7\u00e3o pelo Flamengo (Foto: Reprodu\u00e7\u00e3o\/Instagram)\"},{\"@type\":\"BreadcrumbList\",\"@id\":\"https:\/\/www.gaveanews.com\/index.php\/2024\/11\/30\/proxima-venda-do-flamengo-sera-do-mesmo-nivel-de-vini-jr-e-lucas-paqueta\/#breadcrumb\",\"itemListElement\":[{\"@type\":\"ListItem\",\"position\":1,\"name\":\"Home\",\"item\":\"https:\/\/www.gaveanews.com\/\"},{\"@type\":\"ListItem\",\"position\":2,\"name\":\"Pr\u00f3xima venda do Flamengo ser\u00e1 do mesmo n\u00edvel de Vini Jr e Lucas Paquet\u00e1\"}]},{\"@type\":\"WebSite\",\"@id\":\"https:\/\/www.gaveanews.com\/#website\",\"url\":\"https:\/\/www.gaveanews.com\/\",\"name\":\"G\u00e1vea News\",\"description\":\"Veja todas as not\u00edcias sobre o Flamengo: Contrata\u00e7\u00f5es, categorias de base, resultados das partidas, tabela de classifica\u00e7\u00e3o, pr\u00f3ximos jogos!\",\"potentialAction\":[{\"@type\":\"SearchAction\",\"target\":{\"@type\":\"EntryPoint\",\"urlTemplate\":\"https:\/\/www.gaveanews.com\/?s={search_term_string}\"},\"query-input\":{\"@type\":\"PropertyValueSpecification\",\"valueRequired\":true,\"valueName\":\"search_term_string\"}}],\"inLanguage\":\"pt-BR\"},{\"@type\":\"Person\",\"@id\":\"https:\/\/www.gaveanews.com\/#\/schema\/person\/f42654babcd2b2014a1a65af82b081f1\",\"name\":\"Geovanna Thomaz\",\"image\":{\"@type\":\"ImageObject\",\"inLanguage\":\"pt-BR\",\"@id\":\"https:\/\/www.gaveanews.com\/#\/schema\/person\/image\/\",\"url\":\"https:\/\/secure.gravatar.com\/avatar\/4092073255489533afb558984b49b64268c47198af8623cc82a925ae9fb7118a?s=96&d=mm&r=g\",\"contentUrl\":\"https:\/\/secure.gravatar.com\/avatar\/4092073255489533afb558984b49b64268c47198af8623cc82a925ae9fb7118a?s=96&d=mm&r=g\",\"caption\":\"Geovanna Thomaz\"}}]}<\/script>\n<!-- \/ Yoast SEO Premium plugin. -->","yoast_head_json":{"title":"Pr\u00f3xima venda do Flamengo ser\u00e1 do mesmo n\u00edvel de Vini Jr e Lucas Paquet\u00e1","robots":{"index":"index","follow":"follow","max-snippet":"max-snippet:-1","max-image-preview":"max-image-preview:large","max-video-preview":"max-video-preview:-1"},"canonical":"https:\/\/www.gaveanews.com\/index.php\/2024\/11\/30\/proxima-venda-do-flamengo-sera-do-mesmo-nivel-de-vini-jr-e-lucas-paqueta\/","og_locale":"pt_BR","og_type":"article","og_title":"Pr\u00f3xima venda do Flamengo ser\u00e1 do mesmo n\u00edvel de Vini Jr e Lucas Paquet\u00e1","og_description":"Flamengo projeta venda milion\u00e1ria de Wesley, mas s\u00f3 ap\u00f3s o Super Mundial de Clubes Destaque do Flamengo em 2024, Wesley, revelado nas categorias de base do clube, virou pe\u00e7a fundamental no elenco de Filipe Lu\u00eds e est\u00e1 no radar de grandes clubes europeus. Com contrato renovado at\u00e9 2028 e 90% dos direitos econ\u00f4micos assegurados, o [&hellip;]","og_url":"https:\/\/www.gaveanews.com\/index.php\/2024\/11\/30\/proxima-venda-do-flamengo-sera-do-mesmo-nivel-de-vini-jr-e-lucas-paqueta\/","og_site_name":"G\u00e1vea News","article_publisher":"https:\/\/facebook.com\/gaveaNews\/","article_published_time":"2024-12-01T00:35:00+00:00","og_image":[{"width":1280,"height":853,"url":"https:\/\/www.gaveanews.com\/wp-content\/uploads\/1707348803572.webp","type":"image\/webp"}],"author":"Geovanna Thomaz","twitter_card":"summary_large_image","twitter_misc":{"Escrito por":"Geovanna Thomaz","Est. tempo de leitura":"3 minutos"},"schema":{"@context":"https:\/\/schema.org","@graph":[{"@type":"NewsArticle","@id":"https:\/\/www.gaveanews.com\/index.php\/2024\/11\/30\/proxima-venda-do-flamengo-sera-do-mesmo-nivel-de-vini-jr-e-lucas-paqueta\/#article","isPartOf":{"@id":"https:\/\/www.gaveanews.com\/index.php\/2024\/11\/30\/proxima-venda-do-flamengo-sera-do-mesmo-nivel-de-vini-jr-e-lucas-paqueta\/"},"author":{"name":"Geovanna Thomaz","@id":"https:\/\/www.gaveanews.com\/#\/schema\/person\/f42654babcd2b2014a1a65af82b081f1"},"headline":"Pr\u00f3xima venda do Flamengo ser\u00e1 do mesmo n\u00edvel de Vini Jr e Lucas Paquet\u00e1","datePublished":"2024-12-01T00:35:00+00:00","mainEntityOfPage":{"@id":"https:\/\/www.gaveanews.com\/index.php\/2024\/11\/30\/proxima-venda-do-flamengo-sera-do-mesmo-nivel-de-vini-jr-e-lucas-paqueta\/"},"wordCount":377,"commentCount":0,"image":{"@id":"https:\/\/www.gaveanews.com\/index.php\/2024\/11\/30\/proxima-venda-do-flamengo-sera-do-mesmo-nivel-de-vini-jr-e-lucas-paqueta\/#primaryimage"},"thumbnailUrl":"https:\/\/www.gaveanews.com\/wp-content\/uploads\/1707348803572.webp","articleSection":["Flamengo"],"inLanguage":"pt-BR","potentialAction":[{"@type":"CommentAction","name":"Comment","target":["https:\/\/www.gaveanews.com\/index.php\/2024\/11\/30\/proxima-venda-do-flamengo-sera-do-mesmo-nivel-de-vini-jr-e-lucas-paqueta\/#respond"]}],"copyrightYear":"2024","copyrightHolder":{"@id":"https:\/\/www.gaveanews.com\/#organization"}},{"@type":"WebPage","@id":"https:\/\/www.gaveanews.com\/index.php\/2024\/11\/30\/proxima-venda-do-flamengo-sera-do-mesmo-nivel-de-vini-jr-e-lucas-paqueta\/","url":"https:\/\/www.gaveanews.com\/index.php\/2024\/11\/30\/proxima-venda-do-flamengo-sera-do-mesmo-nivel-de-vini-jr-e-lucas-paqueta\/","name":"Pr\u00f3xima venda do Flamengo ser\u00e1 do mesmo n\u00edvel de Vini Jr e Lucas Paquet\u00e1","isPartOf":{"@id":"https:\/\/www.gaveanews.com\/#website"},"primaryImageOfPage":{"@id":"https:\/\/www.gaveanews.com\/index.php\/2024\/11\/30\/proxima-venda-do-flamengo-sera-do-mesmo-nivel-de-vini-jr-e-lucas-paqueta\/#primaryimage"},"image":{"@id":"https:\/\/www.gaveanews.com\/index.php\/2024\/11\/30\/proxima-venda-do-flamengo-sera-do-mesmo-nivel-de-vini-jr-e-lucas-paqueta\/#primaryimage"},"thumbnailUrl":"https:\/\/www.gaveanews.com\/wp-content\/uploads\/1707348803572.webp","datePublished":"2024-12-01T00:35:00+00:00","author":{"@id":"https:\/\/www.gaveanews.com\/#\/schema\/person\/f42654babcd2b2014a1a65af82b081f1"},"breadcrumb":{"@id":"https:\/\/www.gaveanews.com\/index.php\/2024\/11\/30\/proxima-venda-do-flamengo-sera-do-mesmo-nivel-de-vini-jr-e-lucas-paqueta\/#breadcrumb"},"inLanguage":"pt-BR","potentialAction":[{"@type":"ReadAction","target":["https:\/\/www.gaveanews.com\/index.php\/2024\/11\/30\/proxima-venda-do-flamengo-sera-do-mesmo-nivel-de-vini-jr-e-lucas-paqueta\/"]}]},{"@type":"ImageObject","inLanguage":"pt-BR","@id":"https:\/\/www.gaveanews.com\/index.php\/2024\/11\/30\/proxima-venda-do-flamengo-sera-do-mesmo-nivel-de-vini-jr-e-lucas-paqueta\/#primaryimage","url":"https:\/\/www.gaveanews.com\/wp-content\/uploads\/1707348803572.webp","contentUrl":"https:\/\/www.gaveanews.com\/wp-content\/uploads\/1707348803572.webp","width":1280,"height":853,"caption":"Vin\u00edcius J\u00fanior em a\u00e7\u00e3o pelo Flamengo (Foto: Reprodu\u00e7\u00e3o\/Instagram)"},{"@type":"BreadcrumbList","@id":"https:\/\/www.gaveanews.com\/index.php\/2024\/11\/30\/proxima-venda-do-flamengo-sera-do-mesmo-nivel-de-vini-jr-e-lucas-paqueta\/#breadcrumb","itemListElement":[{"@type":"ListItem","position":1,"name":"Home","item":"https:\/\/www.gaveanews.com\/"},{"@type":"ListItem","position":2,"name":"Pr\u00f3xima venda do Flamengo ser\u00e1 do mesmo n\u00edvel de Vini Jr e Lucas Paquet\u00e1"}]},{"@type":"WebSite","@id":"https:\/\/www.gaveanews.com\/#website","url":"https:\/\/www.gaveanews.com\/","name":"G\u00e1vea News","description":"Veja todas as not\u00edcias sobre o Flamengo: Contrata\u00e7\u00f5es, categorias de base, resultados das partidas, tabela de classifica\u00e7\u00e3o, pr\u00f3ximos jogos!","potentialAction":[{"@type":"SearchAction","target":{"@type":"EntryPoint","urlTemplate":"https:\/\/www.gaveanews.com\/?s={search_term_string}"},"query-input":{"@type":"PropertyValueSpecification","valueRequired":true,"valueName":"search_term_string"}}],"inLanguage":"pt-BR"},{"@type":"Person","@id":"https:\/\/www.gaveanews.com\/#\/schema\/person\/f42654babcd2b2014a1a65af82b081f1","name":"Geovanna Thomaz","image":{"@type":"ImageObject","inLanguage":"pt-BR","@id":"https:\/\/www.gaveanews.com\/#\/schema\/person\/image\/","url":"https:\/\/secure.gravatar.com\/avatar\/4092073255489533afb558984b49b64268c47198af8623cc82a925ae9fb7118a?s=96&d=mm&r=g","contentUrl":"https:\/\/secure.gravatar.com\/avatar\/4092073255489533afb558984b49b64268c47198af8623cc82a925ae9fb7118a?s=96&d=mm&r=g","caption":"Geovanna Thomaz"}}]}},"_links":{"self":[{"href":"https:\/\/www.gaveanews.com\/index.php\/wp-json\/wp\/v2\/posts\/192817","targetHints":{"allow":["GET"]}}],"collection":[{"href":"https:\/\/www.gaveanews.com\/index.php\/wp-json\/wp\/v2\/posts"}],"about":[{"href":"https:\/\/www.gaveanews.com\/index.php\/wp-json\/wp\/v2\/types\/post"}],"author":[{"embeddable":true,"href":"https:\/\/www.gaveanews.com\/index.php\/wp-json\/wp\/v2\/users\/17"}],"replies":[{"embeddable":true,"href":"https:\/\/www.gaveanews.com\/index.php\/wp-json\/wp\/v2\/comments?post=192817"}],"version-history":[{"count":1,"href":"https:\/\/www.gaveanews.com\/index.php\/wp-json\/wp\/v2\/posts\/192817\/revisions"}],"predecessor-version":[{"id":192819,"href":"https:\/\/www.gaveanews.com\/index.php\/wp-json\/wp\/v2\/posts\/192817\/revisions\/192819"}],"wp:featuredmedia":[{"embeddable":true,"href":"https:\/\/www.gaveanews.com\/index.php\/wp-json\/wp\/v2\/media\/126190"}],"wp:attachment":[{"href":"https:\/\/www.gaveanews.com\/index.php\/wp-json\/wp\/v2\/media?parent=192817"}],"wp:term":[{"taxonomy":"category","embeddable":true,"href":"https:\/\/www.gaveanews.com\/index.php\/wp-json\/wp\/v2\/categories?post=192817"},{"taxonomy":"post_tag","embeddable":true,"href":"https:\/\/www.gaveanews.com\/index.php\/wp-json\/wp\/v2\/tags?post=192817"}],"curies":[{"name":"wp","href":"https:\/\/api.w.org\/{rel}","templated":true}]}}