{"id":192839,"date":"2024-11-30T21:45:00","date_gmt":"2024-12-01T00:45:00","guid":{"rendered":"https:\/\/www.gaveanews.com\/?p=192839"},"modified":"2024-11-30T20:42:16","modified_gmt":"2024-11-30T23:42:16","slug":"a-declaracao-de-caio-ribeiro-sobre-a-final-da-copa-libertadores-entre-atletico-mg-x-botafogo","status":"publish","type":"post","link":"https:\/\/www.gaveanews.com\/index.php\/2024\/11\/30\/a-declaracao-de-caio-ribeiro-sobre-a-final-da-copa-libertadores-entre-atletico-mg-x-botafogo\/","title":{"rendered":"A declara\u00e7\u00e3o de Caio Ribeiro sobre a final da Copa Libertadores entre Atl\u00e9tico-MG x Botafogo"},"content":{"rendered":"\n<p>A decis\u00e3o entre Atl\u00e9tico-MG e Botafogo promete ser um espet\u00e1culo dentro e fora de campo. \u00c0s 17h deste s\u00e1bado (30), os dois gigantes alvinegros disputam o t\u00edtulo mais cobi\u00e7ado da Am\u00e9rica do Sul, com o Monumental de N\u00fa\u00f1ez como palco. Em meio \u00e0 expectativa, o comentarista esportivo Caio Ribeiro compartilhou sua an\u00e1lise e apontou o Botafogo como levemente favorito, mas sem ignorar as individualidades do Atl\u00e9tico-MG.<\/p>\n\n\n\n<ul class=\"wp-block-list\">\n<li><a href=\"https:\/\/www.gaveanews.com\/index.php\/2024\/11\/29\/atletico-mg-x-botafogo-vidente-crava-resultado-2\/\">Atl\u00e9tico-MG x Botafogo: vidente crava resultado<\/a><\/li>\n\n\n\n<li><a href=\"https:\/\/www.gaveanews.com\/index.php\/2024\/11\/29\/atletico-mg-x-botafogo-transmissao-ao-vivo-pela-libertadores\/\">Atl\u00e9tico-MG x Botafogo: transmiss\u00e3o ao vivo pela Libertadores<\/a><\/li>\n<\/ul>\n\n\n\n<h2 class=\"wp-block-heading\" id=\"h-caio-ve-favoritismo-do-botafogo-mas-destaca-estrelas-do-galo\">Caio v\u00ea favoritismo do Botafogo, mas destaca estrelas do Galo<\/h2>\n\n\n\n<p>Em entrevista \u00e0 R\u00e1dio 98 FM, Caio Ribeiro ressaltou que o Botafogo chega \u00e0 final em melhor momento, mas destacou o potencial decisivo de atletas do Atl\u00e9tico-MG, como Hulk, Paulinho e Scarpa:<\/p>\n\n\n\n<p>\u201cSer\u00e1 um jog\u00e3o. Se olharmos o momento, o Botafogo joga mais. O Galo, no entanto, precisa ativar o chip da Libertadores, quando teve um desempenho irretoc\u00e1vel\u201d, afirmou Caio Ribeiro.<\/p>\n\n\n\n<p>Al\u00e9m disso, o ex-jogador pontuou que as estrelas atleticanas est\u00e3o acostumadas a momentos de press\u00e3o, algo que ainda desperta d\u00favidas no elenco do Botafogo.<\/p>\n\n\n\n<p>\u201cO Atl\u00e9tico tem jogadores decisivos, enquanto no Botafogo ainda h\u00e1 incertezas sobre como reagir\u00e3o \u00e0 press\u00e3o. Acho que o Botafogo tem uma leve vantagem, mas o Atl\u00e9tico possui grandes nomes\u201d, disse o ex-jogador.<\/p>\n\n\n\n<h2 class=\"wp-block-heading\" id=\"h-estrategias-de-jogo-e-ajustes-taticos\">Estrat\u00e9gias de jogo e ajustes t\u00e1ticos<\/h2>\n\n\n\n<p>Vale destacar que Caio tamb\u00e9m opinou sobre aspectos t\u00e1ticos que podem influenciar a decis\u00e3o. Ele sugeriu que o Atl\u00e9tico-MG jogue com duas linhas de quatro, destacando o impacto negativo de improvisa\u00e7\u00f5es como Lyanco na zaga.<\/p>\n\n\n\n<p>\u201cSe eu fosse o treinador, n\u00e3o usaria tr\u00eas zagueiros. Jogaria com duas linhas de quatro. O Lyanco improvisado n\u00e3o se sente confort\u00e1vel, e isso acaba sacrificando o Scarpa\u201d disse Caio.<\/p>\n\n\n\n<p>Sendo assim, a estrat\u00e9gia do Galo pode ser mais conservadora, explorando a efici\u00eancia de seus atacantes em momentos pontuais.<\/p>\n\n\n\n<p>\u201cDeixaria Paulinho e Hulk na frente para decidir. O Botafogo, com esse modelo, tem mostrado dificuldades nos \u00faltimos jogos\u201d, completou Caio Ribeiro.<\/p>\n\n\n\n<h2 class=\"wp-block-heading\" id=\"h-torcida-botafoguense-em-peso\">Torcida botafoguense em peso<\/h2>\n\n\n\n<p>Por isso, outro destaque \u00e9 a presen\u00e7a massiva da torcida botafoguense, impulsionada pela fase hist\u00f3rica da equipe e pela estreia em uma final de Libertadores. Com isso, o Glorioso promete transformar o Monumental em um mar preto e branco. Dessa maneira, a expectativa \u00e9 de um duelo equilibrado, decidido nos detalhes.<\/p>\n","protected":false},"excerpt":{"rendered":"<p>A decis\u00e3o entre Atl\u00e9tico-MG e Botafogo promete ser um espet\u00e1culo dentro e fora de campo. \u00c0s 17h deste s\u00e1bado (30), os dois gigantes alvinegros disputam o t\u00edtulo mais cobi\u00e7ado da Am\u00e9rica do Sul, com o Monumental de N\u00fa\u00f1ez como palco. Em meio \u00e0 expectativa, o comentarista esportivo Caio Ribeiro compartilhou sua an\u00e1lise e apontou o [&hellip;]<\/p>\n","protected":false},"author":24,"featured_media":55951,"comment_status":"open","ping_status":"closed","sticky":false,"template":"","format":"standard","meta":{"footnotes":""},"categories":[136,138],"tags":[],"class_list":["post-192839","post","type-post","status-publish","format-standard","has-post-thumbnail","hentry","category-atletico-mg","category-botafogo"],"yoast_head":"<!-- This site is optimized with the Yoast SEO Premium plugin v24.2 (Yoast SEO v26.9) - https:\/\/yoast.com\/product\/yoast-seo-premium-wordpress\/ -->\n<title>A declara\u00e7\u00e3o de Caio Ribeiro sobre a final da Copa Libertadores entre Atl\u00e9tico-MG x Botafogo<\/title>\n<meta name=\"robots\" content=\"index, follow, max-snippet:-1, max-image-preview:large, max-video-preview:-1\" \/>\n<link rel=\"canonical\" href=\"https:\/\/www.gaveanews.com\/index.php\/2024\/11\/30\/a-declaracao-de-caio-ribeiro-sobre-a-final-da-copa-libertadores-entre-atletico-mg-x-botafogo\/\" \/>\n<meta property=\"og:locale\" content=\"pt_BR\" \/>\n<meta property=\"og:type\" content=\"article\" \/>\n<meta property=\"og:title\" content=\"A declara\u00e7\u00e3o de Caio Ribeiro sobre a final da Copa Libertadores entre Atl\u00e9tico-MG x Botafogo\" \/>\n<meta property=\"og:description\" content=\"A decis\u00e3o entre Atl\u00e9tico-MG e Botafogo promete ser um espet\u00e1culo dentro e fora de campo. \u00c0s 17h deste s\u00e1bado (30), os dois gigantes alvinegros disputam o t\u00edtulo mais cobi\u00e7ado da Am\u00e9rica do Sul, com o Monumental de N\u00fa\u00f1ez como palco. Em meio \u00e0 expectativa, o comentarista esportivo Caio Ribeiro compartilhou sua an\u00e1lise e apontou o [&hellip;]\" \/>\n<meta property=\"og:url\" content=\"https:\/\/www.gaveanews.com\/index.php\/2024\/11\/30\/a-declaracao-de-caio-ribeiro-sobre-a-final-da-copa-libertadores-entre-atletico-mg-x-botafogo\/\" \/>\n<meta property=\"og:site_name\" content=\"G\u00e1vea News\" \/>\n<meta property=\"article:publisher\" content=\"https:\/\/facebook.com\/gaveaNews\/\" \/>\n<meta property=\"article:published_time\" content=\"2024-12-01T00:45:00+00:00\" \/>\n<meta property=\"og:image\" content=\"https:\/\/www.gaveanews.com\/wp-content\/uploads\/Caio-Ribeiro-durante-o-programa-Bem-Amigos.webp\" \/>\n\t<meta property=\"og:image:width\" content=\"895\" \/>\n\t<meta property=\"og:image:height\" content=\"469\" \/>\n\t<meta property=\"og:image:type\" content=\"image\/png\" \/>\n<meta name=\"author\" content=\"Leandro Cardoso\" \/>\n<meta name=\"twitter:card\" content=\"summary_large_image\" \/>\n<meta name=\"twitter:label1\" content=\"Escrito por\" \/>\n\t<meta name=\"twitter:data1\" content=\"Leandro Cardoso\" \/>\n\t<meta name=\"twitter:label2\" content=\"Est. tempo de leitura\" \/>\n\t<meta name=\"twitter:data2\" content=\"3 minutos\" \/>\n<script type=\"application\/ld+json\" class=\"yoast-schema-graph\">{\"@context\":\"https:\/\/schema.org\",\"@graph\":[{\"@type\":\"NewsArticle\",\"@id\":\"https:\/\/www.gaveanews.com\/index.php\/2024\/11\/30\/a-declaracao-de-caio-ribeiro-sobre-a-final-da-copa-libertadores-entre-atletico-mg-x-botafogo\/#article\",\"isPartOf\":{\"@id\":\"https:\/\/www.gaveanews.com\/index.php\/2024\/11\/30\/a-declaracao-de-caio-ribeiro-sobre-a-final-da-copa-libertadores-entre-atletico-mg-x-botafogo\/\"},\"author\":{\"name\":\"Leandro Cardoso\",\"@id\":\"https:\/\/www.gaveanews.com\/#\/schema\/person\/2424ec6409bc3f068411fc5e4e9b6168\"},\"headline\":\"A declara\u00e7\u00e3o de Caio Ribeiro sobre a final da Copa Libertadores entre Atl\u00e9tico-MG x Botafogo\",\"datePublished\":\"2024-12-01T00:45:00+00:00\",\"mainEntityOfPage\":{\"@id\":\"https:\/\/www.gaveanews.com\/index.php\/2024\/11\/30\/a-declaracao-de-caio-ribeiro-sobre-a-final-da-copa-libertadores-entre-atletico-mg-x-botafogo\/\"},\"wordCount\":424,\"commentCount\":0,\"image\":{\"@id\":\"https:\/\/www.gaveanews.com\/index.php\/2024\/11\/30\/a-declaracao-de-caio-ribeiro-sobre-a-final-da-copa-libertadores-entre-atletico-mg-x-botafogo\/#primaryimage\"},\"thumbnailUrl\":\"https:\/\/www.gaveanews.com\/wp-content\/uploads\/Caio-Ribeiro-durante-o-programa-Bem-Amigos.webp\",\"articleSection\":[\"Atl\u00e9tico-MG\",\"Botafogo\"],\"inLanguage\":\"pt-BR\",\"potentialAction\":[{\"@type\":\"CommentAction\",\"name\":\"Comment\",\"target\":[\"https:\/\/www.gaveanews.com\/index.php\/2024\/11\/30\/a-declaracao-de-caio-ribeiro-sobre-a-final-da-copa-libertadores-entre-atletico-mg-x-botafogo\/#respond\"]}],\"copyrightYear\":\"2024\",\"copyrightHolder\":{\"@id\":\"https:\/\/www.gaveanews.com\/#organization\"}},{\"@type\":\"WebPage\",\"@id\":\"https:\/\/www.gaveanews.com\/index.php\/2024\/11\/30\/a-declaracao-de-caio-ribeiro-sobre-a-final-da-copa-libertadores-entre-atletico-mg-x-botafogo\/\",\"url\":\"https:\/\/www.gaveanews.com\/index.php\/2024\/11\/30\/a-declaracao-de-caio-ribeiro-sobre-a-final-da-copa-libertadores-entre-atletico-mg-x-botafogo\/\",\"name\":\"A declara\u00e7\u00e3o de Caio Ribeiro sobre a final da Copa Libertadores entre Atl\u00e9tico-MG x Botafogo\",\"isPartOf\":{\"@id\":\"https:\/\/www.gaveanews.com\/#website\"},\"primaryImageOfPage\":{\"@id\":\"https:\/\/www.gaveanews.com\/index.php\/2024\/11\/30\/a-declaracao-de-caio-ribeiro-sobre-a-final-da-copa-libertadores-entre-atletico-mg-x-botafogo\/#primaryimage\"},\"image\":{\"@id\":\"https:\/\/www.gaveanews.com\/index.php\/2024\/11\/30\/a-declaracao-de-caio-ribeiro-sobre-a-final-da-copa-libertadores-entre-atletico-mg-x-botafogo\/#primaryimage\"},\"thumbnailUrl\":\"https:\/\/www.gaveanews.com\/wp-content\/uploads\/Caio-Ribeiro-durante-o-programa-Bem-Amigos.webp\",\"datePublished\":\"2024-12-01T00:45:00+00:00\",\"author\":{\"@id\":\"https:\/\/www.gaveanews.com\/#\/schema\/person\/2424ec6409bc3f068411fc5e4e9b6168\"},\"breadcrumb\":{\"@id\":\"https:\/\/www.gaveanews.com\/index.php\/2024\/11\/30\/a-declaracao-de-caio-ribeiro-sobre-a-final-da-copa-libertadores-entre-atletico-mg-x-botafogo\/#breadcrumb\"},\"inLanguage\":\"pt-BR\",\"potentialAction\":[{\"@type\":\"ReadAction\",\"target\":[\"https:\/\/www.gaveanews.com\/index.php\/2024\/11\/30\/a-declaracao-de-caio-ribeiro-sobre-a-final-da-copa-libertadores-entre-atletico-mg-x-botafogo\/\"]}]},{\"@type\":\"ImageObject\",\"inLanguage\":\"pt-BR\",\"@id\":\"https:\/\/www.gaveanews.com\/index.php\/2024\/11\/30\/a-declaracao-de-caio-ribeiro-sobre-a-final-da-copa-libertadores-entre-atletico-mg-x-botafogo\/#primaryimage\",\"url\":\"https:\/\/www.gaveanews.com\/wp-content\/uploads\/Caio-Ribeiro-durante-o-programa-Bem-Amigos.webp\",\"contentUrl\":\"https:\/\/www.gaveanews.com\/wp-content\/uploads\/Caio-Ribeiro-durante-o-programa-Bem-Amigos.webp\",\"width\":895,\"height\":469,\"caption\":\"Caio Ribeiro durante o programa \\\"Bem Amigos\\\" (Foto: Reprodu\u00e7\u00e3o\/SporTV)\"},{\"@type\":\"BreadcrumbList\",\"@id\":\"https:\/\/www.gaveanews.com\/index.php\/2024\/11\/30\/a-declaracao-de-caio-ribeiro-sobre-a-final-da-copa-libertadores-entre-atletico-mg-x-botafogo\/#breadcrumb\",\"itemListElement\":[{\"@type\":\"ListItem\",\"position\":1,\"name\":\"Home\",\"item\":\"https:\/\/www.gaveanews.com\/\"},{\"@type\":\"ListItem\",\"position\":2,\"name\":\"A declara\u00e7\u00e3o de Caio Ribeiro sobre a final da Copa Libertadores entre Atl\u00e9tico-MG x Botafogo\"}]},{\"@type\":\"WebSite\",\"@id\":\"https:\/\/www.gaveanews.com\/#website\",\"url\":\"https:\/\/www.gaveanews.com\/\",\"name\":\"G\u00e1vea News\",\"description\":\"Veja todas as not\u00edcias sobre o Flamengo: Contrata\u00e7\u00f5es, categorias de base, resultados das partidas, tabela de classifica\u00e7\u00e3o, pr\u00f3ximos jogos!\",\"potentialAction\":[{\"@type\":\"SearchAction\",\"target\":{\"@type\":\"EntryPoint\",\"urlTemplate\":\"https:\/\/www.gaveanews.com\/?s={search_term_string}\"},\"query-input\":{\"@type\":\"PropertyValueSpecification\",\"valueRequired\":true,\"valueName\":\"search_term_string\"}}],\"inLanguage\":\"pt-BR\"},{\"@type\":\"Person\",\"@id\":\"https:\/\/www.gaveanews.com\/#\/schema\/person\/2424ec6409bc3f068411fc5e4e9b6168\",\"name\":\"Leandro Cardoso\",\"image\":{\"@type\":\"ImageObject\",\"inLanguage\":\"pt-BR\",\"@id\":\"https:\/\/www.gaveanews.com\/#\/schema\/person\/image\/\",\"url\":\"https:\/\/secure.gravatar.com\/avatar\/8ca179f9b55eefe9f376f5493ef25475bfa59fbc28ce937f6076ce20e523098f?s=96&d=mm&r=g\",\"contentUrl\":\"https:\/\/secure.gravatar.com\/avatar\/8ca179f9b55eefe9f376f5493ef25475bfa59fbc28ce937f6076ce20e523098f?s=96&d=mm&r=g\",\"caption\":\"Leandro Cardoso\"}}]}<\/script>\n<!-- \/ Yoast SEO Premium plugin. -->","yoast_head_json":{"title":"A declara\u00e7\u00e3o de Caio Ribeiro sobre a final da Copa Libertadores entre Atl\u00e9tico-MG x Botafogo","robots":{"index":"index","follow":"follow","max-snippet":"max-snippet:-1","max-image-preview":"max-image-preview:large","max-video-preview":"max-video-preview:-1"},"canonical":"https:\/\/www.gaveanews.com\/index.php\/2024\/11\/30\/a-declaracao-de-caio-ribeiro-sobre-a-final-da-copa-libertadores-entre-atletico-mg-x-botafogo\/","og_locale":"pt_BR","og_type":"article","og_title":"A declara\u00e7\u00e3o de Caio Ribeiro sobre a final da Copa Libertadores entre Atl\u00e9tico-MG x Botafogo","og_description":"A decis\u00e3o entre Atl\u00e9tico-MG e Botafogo promete ser um espet\u00e1culo dentro e fora de campo. \u00c0s 17h deste s\u00e1bado (30), os dois gigantes alvinegros disputam o t\u00edtulo mais cobi\u00e7ado da Am\u00e9rica do Sul, com o Monumental de N\u00fa\u00f1ez como palco. Em meio \u00e0 expectativa, o comentarista esportivo Caio Ribeiro compartilhou sua an\u00e1lise e apontou o [&hellip;]","og_url":"https:\/\/www.gaveanews.com\/index.php\/2024\/11\/30\/a-declaracao-de-caio-ribeiro-sobre-a-final-da-copa-libertadores-entre-atletico-mg-x-botafogo\/","og_site_name":"G\u00e1vea News","article_publisher":"https:\/\/facebook.com\/gaveaNews\/","article_published_time":"2024-12-01T00:45:00+00:00","og_image":[{"width":895,"height":469,"url":"https:\/\/www.gaveanews.com\/wp-content\/uploads\/Caio-Ribeiro-durante-o-programa-Bem-Amigos.webp","type":"image\/png"}],"author":"Leandro Cardoso","twitter_card":"summary_large_image","twitter_misc":{"Escrito por":"Leandro Cardoso","Est. tempo de leitura":"3 minutos"},"schema":{"@context":"https:\/\/schema.org","@graph":[{"@type":"NewsArticle","@id":"https:\/\/www.gaveanews.com\/index.php\/2024\/11\/30\/a-declaracao-de-caio-ribeiro-sobre-a-final-da-copa-libertadores-entre-atletico-mg-x-botafogo\/#article","isPartOf":{"@id":"https:\/\/www.gaveanews.com\/index.php\/2024\/11\/30\/a-declaracao-de-caio-ribeiro-sobre-a-final-da-copa-libertadores-entre-atletico-mg-x-botafogo\/"},"author":{"name":"Leandro Cardoso","@id":"https:\/\/www.gaveanews.com\/#\/schema\/person\/2424ec6409bc3f068411fc5e4e9b6168"},"headline":"A declara\u00e7\u00e3o de Caio Ribeiro sobre a final da Copa Libertadores entre Atl\u00e9tico-MG x Botafogo","datePublished":"2024-12-01T00:45:00+00:00","mainEntityOfPage":{"@id":"https:\/\/www.gaveanews.com\/index.php\/2024\/11\/30\/a-declaracao-de-caio-ribeiro-sobre-a-final-da-copa-libertadores-entre-atletico-mg-x-botafogo\/"},"wordCount":424,"commentCount":0,"image":{"@id":"https:\/\/www.gaveanews.com\/index.php\/2024\/11\/30\/a-declaracao-de-caio-ribeiro-sobre-a-final-da-copa-libertadores-entre-atletico-mg-x-botafogo\/#primaryimage"},"thumbnailUrl":"https:\/\/www.gaveanews.com\/wp-content\/uploads\/Caio-Ribeiro-durante-o-programa-Bem-Amigos.webp","articleSection":["Atl\u00e9tico-MG","Botafogo"],"inLanguage":"pt-BR","potentialAction":[{"@type":"CommentAction","name":"Comment","target":["https:\/\/www.gaveanews.com\/index.php\/2024\/11\/30\/a-declaracao-de-caio-ribeiro-sobre-a-final-da-copa-libertadores-entre-atletico-mg-x-botafogo\/#respond"]}],"copyrightYear":"2024","copyrightHolder":{"@id":"https:\/\/www.gaveanews.com\/#organization"}},{"@type":"WebPage","@id":"https:\/\/www.gaveanews.com\/index.php\/2024\/11\/30\/a-declaracao-de-caio-ribeiro-sobre-a-final-da-copa-libertadores-entre-atletico-mg-x-botafogo\/","url":"https:\/\/www.gaveanews.com\/index.php\/2024\/11\/30\/a-declaracao-de-caio-ribeiro-sobre-a-final-da-copa-libertadores-entre-atletico-mg-x-botafogo\/","name":"A declara\u00e7\u00e3o de Caio Ribeiro sobre a final da Copa Libertadores entre Atl\u00e9tico-MG x Botafogo","isPartOf":{"@id":"https:\/\/www.gaveanews.com\/#website"},"primaryImageOfPage":{"@id":"https:\/\/www.gaveanews.com\/index.php\/2024\/11\/30\/a-declaracao-de-caio-ribeiro-sobre-a-final-da-copa-libertadores-entre-atletico-mg-x-botafogo\/#primaryimage"},"image":{"@id":"https:\/\/www.gaveanews.com\/index.php\/2024\/11\/30\/a-declaracao-de-caio-ribeiro-sobre-a-final-da-copa-libertadores-entre-atletico-mg-x-botafogo\/#primaryimage"},"thumbnailUrl":"https:\/\/www.gaveanews.com\/wp-content\/uploads\/Caio-Ribeiro-durante-o-programa-Bem-Amigos.webp","datePublished":"2024-12-01T00:45:00+00:00","author":{"@id":"https:\/\/www.gaveanews.com\/#\/schema\/person\/2424ec6409bc3f068411fc5e4e9b6168"},"breadcrumb":{"@id":"https:\/\/www.gaveanews.com\/index.php\/2024\/11\/30\/a-declaracao-de-caio-ribeiro-sobre-a-final-da-copa-libertadores-entre-atletico-mg-x-botafogo\/#breadcrumb"},"inLanguage":"pt-BR","potentialAction":[{"@type":"ReadAction","target":["https:\/\/www.gaveanews.com\/index.php\/2024\/11\/30\/a-declaracao-de-caio-ribeiro-sobre-a-final-da-copa-libertadores-entre-atletico-mg-x-botafogo\/"]}]},{"@type":"ImageObject","inLanguage":"pt-BR","@id":"https:\/\/www.gaveanews.com\/index.php\/2024\/11\/30\/a-declaracao-de-caio-ribeiro-sobre-a-final-da-copa-libertadores-entre-atletico-mg-x-botafogo\/#primaryimage","url":"https:\/\/www.gaveanews.com\/wp-content\/uploads\/Caio-Ribeiro-durante-o-programa-Bem-Amigos.webp","contentUrl":"https:\/\/www.gaveanews.com\/wp-content\/uploads\/Caio-Ribeiro-durante-o-programa-Bem-Amigos.webp","width":895,"height":469,"caption":"Caio Ribeiro durante o programa \"Bem Amigos\" (Foto: Reprodu\u00e7\u00e3o\/SporTV)"},{"@type":"BreadcrumbList","@id":"https:\/\/www.gaveanews.com\/index.php\/2024\/11\/30\/a-declaracao-de-caio-ribeiro-sobre-a-final-da-copa-libertadores-entre-atletico-mg-x-botafogo\/#breadcrumb","itemListElement":[{"@type":"ListItem","position":1,"name":"Home","item":"https:\/\/www.gaveanews.com\/"},{"@type":"ListItem","position":2,"name":"A declara\u00e7\u00e3o de Caio Ribeiro sobre a final da Copa Libertadores entre Atl\u00e9tico-MG x Botafogo"}]},{"@type":"WebSite","@id":"https:\/\/www.gaveanews.com\/#website","url":"https:\/\/www.gaveanews.com\/","name":"G\u00e1vea News","description":"Veja todas as not\u00edcias sobre o Flamengo: Contrata\u00e7\u00f5es, categorias de base, resultados das partidas, tabela de classifica\u00e7\u00e3o, pr\u00f3ximos jogos!","potentialAction":[{"@type":"SearchAction","target":{"@type":"EntryPoint","urlTemplate":"https:\/\/www.gaveanews.com\/?s={search_term_string}"},"query-input":{"@type":"PropertyValueSpecification","valueRequired":true,"valueName":"search_term_string"}}],"inLanguage":"pt-BR"},{"@type":"Person","@id":"https:\/\/www.gaveanews.com\/#\/schema\/person\/2424ec6409bc3f068411fc5e4e9b6168","name":"Leandro Cardoso","image":{"@type":"ImageObject","inLanguage":"pt-BR","@id":"https:\/\/www.gaveanews.com\/#\/schema\/person\/image\/","url":"https:\/\/secure.gravatar.com\/avatar\/8ca179f9b55eefe9f376f5493ef25475bfa59fbc28ce937f6076ce20e523098f?s=96&d=mm&r=g","contentUrl":"https:\/\/secure.gravatar.com\/avatar\/8ca179f9b55eefe9f376f5493ef25475bfa59fbc28ce937f6076ce20e523098f?s=96&d=mm&r=g","caption":"Leandro Cardoso"}}]}},"_links":{"self":[{"href":"https:\/\/www.gaveanews.com\/index.php\/wp-json\/wp\/v2\/posts\/192839","targetHints":{"allow":["GET"]}}],"collection":[{"href":"https:\/\/www.gaveanews.com\/index.php\/wp-json\/wp\/v2\/posts"}],"about":[{"href":"https:\/\/www.gaveanews.com\/index.php\/wp-json\/wp\/v2\/types\/post"}],"author":[{"embeddable":true,"href":"https:\/\/www.gaveanews.com\/index.php\/wp-json\/wp\/v2\/users\/24"}],"replies":[{"embeddable":true,"href":"https:\/\/www.gaveanews.com\/index.php\/wp-json\/wp\/v2\/comments?post=192839"}],"version-history":[{"count":1,"href":"https:\/\/www.gaveanews.com\/index.php\/wp-json\/wp\/v2\/posts\/192839\/revisions"}],"predecessor-version":[{"id":192845,"href":"https:\/\/www.gaveanews.com\/index.php\/wp-json\/wp\/v2\/posts\/192839\/revisions\/192845"}],"wp:featuredmedia":[{"embeddable":true,"href":"https:\/\/www.gaveanews.com\/index.php\/wp-json\/wp\/v2\/media\/55951"}],"wp:attachment":[{"href":"https:\/\/www.gaveanews.com\/index.php\/wp-json\/wp\/v2\/media?parent=192839"}],"wp:term":[{"taxonomy":"category","embeddable":true,"href":"https:\/\/www.gaveanews.com\/index.php\/wp-json\/wp\/v2\/categories?post=192839"},{"taxonomy":"post_tag","embeddable":true,"href":"https:\/\/www.gaveanews.com\/index.php\/wp-json\/wp\/v2\/tags?post=192839"}],"curies":[{"name":"wp","href":"https:\/\/api.w.org\/{rel}","templated":true}]}}