{"id":193060,"date":"2024-12-01T19:30:00","date_gmt":"2024-12-01T22:30:00","guid":{"rendered":"https:\/\/www.gaveanews.com\/?p=193060"},"modified":"2024-12-01T19:19:42","modified_gmt":"2024-12-01T22:19:42","slug":"flamengo-veja-quando-pedro-vina-arrascaeta-e-cebolinha-vao-voltar","status":"publish","type":"post","link":"https:\/\/www.gaveanews.com\/index.php\/2024\/12\/01\/flamengo-veja-quando-pedro-vina-arrascaeta-e-cebolinha-vao-voltar\/","title":{"rendered":"Flamengo: veja quando Pedro, Vi\u00f1a, Arrascaeta e Cebolinha v\u00e3o voltar"},"content":{"rendered":"\n<p>O Flamengo segue acompanhando o progresso de recupera\u00e7\u00e3o dos quatro atletas em tratamento no Departamento M\u00e9dico. Matias Vi\u00f1a, Pedro, Everton Cebolinha e Arrascaeta avan\u00e7am em suas respectivas reabilita\u00e7\u00f5es ap\u00f3s les\u00f5es graves. M\u00e1rcio Tannure, gerente de Sa\u00fade e Alto Rendimento, informou as previs\u00f5es de retorno, mas destacou que prazos podem sofrer altera\u00e7\u00f5es dependendo da evolu\u00e7\u00e3o de cada caso.<\/p>\n\n\n\n<ul class=\"wp-block-list\">\n<li><a href=\"https:\/\/www.gaveanews.com\/index.php\/2024\/12\/01\/flamengo-tem-mais-seguidores-que-fluminense-botafogo-e-vasco-juntos\/\">Flamengo tem mais seguidores que Fluminense, Botafogo e Vasco juntos<\/a><\/li>\n\n\n\n<li><a href=\"https:\/\/www.gaveanews.com\/index.php\/2024\/12\/01\/video-ele-tentou-minimizar-a-torcida-do-flamengo-mas-se-deu-mal-ao-vivo\/\">V\u00eddeo: ele tentou minimizar a torcida do Flamengo mas se deu mal ao vivo<\/a><\/li>\n<\/ul>\n\n\n\n<p>Durante entrevista \u00e0 &#8216;FlaTV&#8217;, Tannure refor\u00e7ou que o clube d\u00e1 prioridade ao cumprimento rigoroso das etapas de recupera\u00e7\u00e3o. Ele explicou que as datas previstas servem apenas como estimativas, j\u00e1 que o principal objetivo \u00e9 garantir que os atletas retornem em condi\u00e7\u00f5es f\u00edsicas ideais.<\/p>\n\n\n\n<h2 class=\"wp-block-heading\" id=\"h-vina-encara-tratamento-desafiador-apos-lesao-complexa\">Vi\u00f1a encara tratamento desafiador ap\u00f3s les\u00e3o complexa<\/h2>\n\n\n\n<p>Matias Vi\u00f1a lesionou-se gravemente no jogo contra o Palmeiras, em 11 de agosto de 2024. Ele enfrenta uma recupera\u00e7\u00e3o prolongada devido \u00e0 les\u00e3o multiligamentar no joelho. A previs\u00e3o inicial para retorno \u00e9 entre junho e setembro de 2025, e o jogador segue evoluindo conforme o esperado, conforme informa\u00e7\u00f5es do m\u00e9dico.<\/p>\n\n\n\n<h2 class=\"wp-block-heading\" id=\"h-pedro-foca-na-reabilitacao-de-lesao-ligamentar\">Pedro foca na reabilita\u00e7\u00e3o de les\u00e3o ligamentar<\/h2>\n\n\n\n<p>Pedro sofreu uma les\u00e3o ligamentar durante um treino da Sele\u00e7\u00e3o Brasileira em 4 de setembro de 2024. Embora sua recupera\u00e7\u00e3o seja menos complexa que a de Vi\u00f1a, o Flamengo estima seu retorno entre maio e julho de 2025. O clube mant\u00e9m o compromisso de liberar o atleta apenas ap\u00f3s o cumprimento integral das etapas de tratamento.<\/p>\n\n\n\n<p>&#8220;A m\u00e9dia de retorno esperado para o Pedro \u00e9 entre 8 e 10 meses, mas por isso que a gente diz a m\u00e9dia. Fiz quest\u00e3o de deixar bem claro que a gente n\u00e3o se preocupa com o prazo, mas sim com etapas. Alguns jogadores podem cumprir as etapas antes, outros demorarem mais tempo, mas ele s\u00f3 vai voltar quando tiver pleno&#8221;, comentou M\u00e1rcio Tannure.<\/p>\n\n\n\n<h2 class=\"wp-block-heading\" id=\"h-cebolinha-e-arrascaeta-preparam-se-para-reinicio-em-2025\">Cebolinha e Arrascaeta preparam-se para rein\u00edcio em 2025<\/h2>\n\n\n\n<p>Everton Cebolinha rompeu o tend\u00e3o de Aquiles em 11 de agosto de 2024, enquanto Arrascaeta passou por cirurgia de menisco em 10 de novembro. Ambos devem estar prontos para treinar com o elenco na pr\u00e9-temporada de 2025, iniciando o ano totalmente recuperados.<\/p>\n\n\n\n<h2 class=\"wp-block-heading\" id=\"h-luiz-araujo-podera-reforcar-o-flamengo-no-fim-do-ano\">Luiz Ara\u00fajo poder\u00e1 refor\u00e7ar o Flamengo no fim do ano<\/h2>\n\n\n\n<p>Luiz Ara\u00fajo tamb\u00e9m passou por cirurgia ap\u00f3s se lesionar contra o Vasco, em 15 de setembro de 2024. Ele j\u00e1 est\u00e1 em fase de transi\u00e7\u00e3o e pode atuar nos dois \u00faltimos jogos do Brasileir\u00e3o, contra Crici\u00fama e Vit\u00f3ria, nos dias 4 e 8 de dezembro.<\/p>\n\n\n\n<h2 class=\"wp-block-heading\" id=\"h-planejamento-foca-em-desafios-de-2025\">Planejamento foca em desafios de 2025<\/h2>\n\n\n\n<p>Enquanto Cebolinha e Arrascaeta devem participar do amistoso contra o S\u00e3o Paulo em 19 de janeiro, nos Estados Unidos, Pedro e Vi\u00f1a trabalham para estar \u00e0 disposi\u00e7\u00e3o no Super Mundial de Clubes, que ocorrer\u00e1 entre junho e julho do pr\u00f3ximo ano. Assim sendo, o Flamengo mant\u00e9m o foco na plena recupera\u00e7\u00e3o de seus atletas, visando fortalecer o elenco para a temporada.<\/p>\n","protected":false},"excerpt":{"rendered":"<p>O Flamengo segue acompanhando o progresso de recupera\u00e7\u00e3o dos quatro atletas em tratamento no Departamento M\u00e9dico. Matias Vi\u00f1a, Pedro, Everton Cebolinha e Arrascaeta avan\u00e7am em suas respectivas reabilita\u00e7\u00f5es ap\u00f3s les\u00f5es graves. M\u00e1rcio Tannure, gerente de Sa\u00fade e Alto Rendimento, informou as previs\u00f5es de retorno, mas destacou que prazos podem sofrer altera\u00e7\u00f5es dependendo da evolu\u00e7\u00e3o de [&hellip;]<\/p>\n","protected":false},"author":28,"featured_media":144711,"comment_status":"open","ping_status":"closed","sticky":false,"template":"","format":"standard","meta":{"footnotes":""},"categories":[1],"tags":[],"class_list":["post-193060","post","type-post","status-publish","format-standard","has-post-thumbnail","hentry","category-flamengo"],"yoast_head":"<!-- This site is optimized with the Yoast SEO Premium plugin v24.2 (Yoast SEO v26.9) - https:\/\/yoast.com\/product\/yoast-seo-premium-wordpress\/ -->\n<title>Flamengo: veja quando Pedro, Vi\u00f1a, Arrascaeta e Cebolinha v\u00e3o voltar<\/title>\n<meta name=\"robots\" content=\"index, follow, max-snippet:-1, max-image-preview:large, max-video-preview:-1\" \/>\n<link rel=\"canonical\" href=\"https:\/\/www.gaveanews.com\/index.php\/2024\/12\/01\/flamengo-veja-quando-pedro-vina-arrascaeta-e-cebolinha-vao-voltar\/\" \/>\n<meta property=\"og:locale\" content=\"pt_BR\" \/>\n<meta property=\"og:type\" content=\"article\" \/>\n<meta property=\"og:title\" content=\"Flamengo: veja quando Pedro, Vi\u00f1a, Arrascaeta e Cebolinha v\u00e3o voltar\" \/>\n<meta property=\"og:description\" content=\"O Flamengo segue acompanhando o progresso de recupera\u00e7\u00e3o dos quatro atletas em tratamento no Departamento M\u00e9dico. Matias Vi\u00f1a, Pedro, Everton Cebolinha e Arrascaeta avan\u00e7am em suas respectivas reabilita\u00e7\u00f5es ap\u00f3s les\u00f5es graves. M\u00e1rcio Tannure, gerente de Sa\u00fade e Alto Rendimento, informou as previs\u00f5es de retorno, mas destacou que prazos podem sofrer altera\u00e7\u00f5es dependendo da evolu\u00e7\u00e3o de [&hellip;]\" \/>\n<meta property=\"og:url\" content=\"https:\/\/www.gaveanews.com\/index.php\/2024\/12\/01\/flamengo-veja-quando-pedro-vina-arrascaeta-e-cebolinha-vao-voltar\/\" \/>\n<meta property=\"og:site_name\" content=\"G\u00e1vea News\" \/>\n<meta property=\"article:publisher\" content=\"https:\/\/facebook.com\/gaveaNews\/\" \/>\n<meta property=\"article:published_time\" content=\"2024-12-01T22:30:00+00:00\" \/>\n<meta property=\"og:image\" content=\"https:\/\/www.gaveanews.com\/wp-content\/uploads\/Pedro-atacante-do-Flamengo.webp\" \/>\n\t<meta property=\"og:image:width\" content=\"1600\" \/>\n\t<meta property=\"og:image:height\" content=\"1066\" \/>\n\t<meta property=\"og:image:type\" content=\"image\/jpeg\" \/>\n<meta name=\"author\" content=\"Hudson Pereira\" \/>\n<meta name=\"twitter:card\" content=\"summary_large_image\" \/>\n<meta name=\"twitter:label1\" content=\"Escrito por\" \/>\n\t<meta name=\"twitter:data1\" content=\"Hudson Pereira\" \/>\n\t<meta name=\"twitter:label2\" content=\"Est. tempo de leitura\" \/>\n\t<meta name=\"twitter:data2\" content=\"3 minutos\" \/>\n<script type=\"application\/ld+json\" class=\"yoast-schema-graph\">{\"@context\":\"https:\/\/schema.org\",\"@graph\":[{\"@type\":\"NewsArticle\",\"@id\":\"https:\/\/www.gaveanews.com\/index.php\/2024\/12\/01\/flamengo-veja-quando-pedro-vina-arrascaeta-e-cebolinha-vao-voltar\/#article\",\"isPartOf\":{\"@id\":\"https:\/\/www.gaveanews.com\/index.php\/2024\/12\/01\/flamengo-veja-quando-pedro-vina-arrascaeta-e-cebolinha-vao-voltar\/\"},\"author\":{\"name\":\"Hudson Pereira\",\"@id\":\"https:\/\/www.gaveanews.com\/#\/schema\/person\/bd08f00534b403119b92741a6d469ef0\"},\"headline\":\"Flamengo: veja quando Pedro, Vi\u00f1a, Arrascaeta e Cebolinha v\u00e3o voltar\",\"datePublished\":\"2024-12-01T22:30:00+00:00\",\"mainEntityOfPage\":{\"@id\":\"https:\/\/www.gaveanews.com\/index.php\/2024\/12\/01\/flamengo-veja-quando-pedro-vina-arrascaeta-e-cebolinha-vao-voltar\/\"},\"wordCount\":524,\"commentCount\":0,\"image\":{\"@id\":\"https:\/\/www.gaveanews.com\/index.php\/2024\/12\/01\/flamengo-veja-quando-pedro-vina-arrascaeta-e-cebolinha-vao-voltar\/#primaryimage\"},\"thumbnailUrl\":\"https:\/\/www.gaveanews.com\/wp-content\/uploads\/Pedro-atacante-do-Flamengo.webp\",\"articleSection\":[\"Flamengo\"],\"inLanguage\":\"pt-BR\",\"potentialAction\":[{\"@type\":\"CommentAction\",\"name\":\"Comment\",\"target\":[\"https:\/\/www.gaveanews.com\/index.php\/2024\/12\/01\/flamengo-veja-quando-pedro-vina-arrascaeta-e-cebolinha-vao-voltar\/#respond\"]}],\"copyrightYear\":\"2024\",\"copyrightHolder\":{\"@id\":\"https:\/\/www.gaveanews.com\/#organization\"}},{\"@type\":\"WebPage\",\"@id\":\"https:\/\/www.gaveanews.com\/index.php\/2024\/12\/01\/flamengo-veja-quando-pedro-vina-arrascaeta-e-cebolinha-vao-voltar\/\",\"url\":\"https:\/\/www.gaveanews.com\/index.php\/2024\/12\/01\/flamengo-veja-quando-pedro-vina-arrascaeta-e-cebolinha-vao-voltar\/\",\"name\":\"Flamengo: veja quando Pedro, Vi\u00f1a, Arrascaeta e Cebolinha v\u00e3o voltar\",\"isPartOf\":{\"@id\":\"https:\/\/www.gaveanews.com\/#website\"},\"primaryImageOfPage\":{\"@id\":\"https:\/\/www.gaveanews.com\/index.php\/2024\/12\/01\/flamengo-veja-quando-pedro-vina-arrascaeta-e-cebolinha-vao-voltar\/#primaryimage\"},\"image\":{\"@id\":\"https:\/\/www.gaveanews.com\/index.php\/2024\/12\/01\/flamengo-veja-quando-pedro-vina-arrascaeta-e-cebolinha-vao-voltar\/#primaryimage\"},\"thumbnailUrl\":\"https:\/\/www.gaveanews.com\/wp-content\/uploads\/Pedro-atacante-do-Flamengo.webp\",\"datePublished\":\"2024-12-01T22:30:00+00:00\",\"author\":{\"@id\":\"https:\/\/www.gaveanews.com\/#\/schema\/person\/bd08f00534b403119b92741a6d469ef0\"},\"breadcrumb\":{\"@id\":\"https:\/\/www.gaveanews.com\/index.php\/2024\/12\/01\/flamengo-veja-quando-pedro-vina-arrascaeta-e-cebolinha-vao-voltar\/#breadcrumb\"},\"inLanguage\":\"pt-BR\",\"potentialAction\":[{\"@type\":\"ReadAction\",\"target\":[\"https:\/\/www.gaveanews.com\/index.php\/2024\/12\/01\/flamengo-veja-quando-pedro-vina-arrascaeta-e-cebolinha-vao-voltar\/\"]}]},{\"@type\":\"ImageObject\",\"inLanguage\":\"pt-BR\",\"@id\":\"https:\/\/www.gaveanews.com\/index.php\/2024\/12\/01\/flamengo-veja-quando-pedro-vina-arrascaeta-e-cebolinha-vao-voltar\/#primaryimage\",\"url\":\"https:\/\/www.gaveanews.com\/wp-content\/uploads\/Pedro-atacante-do-Flamengo.webp\",\"contentUrl\":\"https:\/\/www.gaveanews.com\/wp-content\/uploads\/Pedro-atacante-do-Flamengo.webp\",\"width\":1600,\"height\":1066,\"caption\":\"Pedro, atacante do Flamengo (Foto: Gilvan de Souza)\"},{\"@type\":\"BreadcrumbList\",\"@id\":\"https:\/\/www.gaveanews.com\/index.php\/2024\/12\/01\/flamengo-veja-quando-pedro-vina-arrascaeta-e-cebolinha-vao-voltar\/#breadcrumb\",\"itemListElement\":[{\"@type\":\"ListItem\",\"position\":1,\"name\":\"Home\",\"item\":\"https:\/\/www.gaveanews.com\/\"},{\"@type\":\"ListItem\",\"position\":2,\"name\":\"Flamengo: veja quando Pedro, Vi\u00f1a, Arrascaeta e Cebolinha v\u00e3o voltar\"}]},{\"@type\":\"WebSite\",\"@id\":\"https:\/\/www.gaveanews.com\/#website\",\"url\":\"https:\/\/www.gaveanews.com\/\",\"name\":\"G\u00e1vea News\",\"description\":\"Veja todas as not\u00edcias sobre o Flamengo: Contrata\u00e7\u00f5es, categorias de base, resultados das partidas, tabela de classifica\u00e7\u00e3o, pr\u00f3ximos jogos!\",\"potentialAction\":[{\"@type\":\"SearchAction\",\"target\":{\"@type\":\"EntryPoint\",\"urlTemplate\":\"https:\/\/www.gaveanews.com\/?s={search_term_string}\"},\"query-input\":{\"@type\":\"PropertyValueSpecification\",\"valueRequired\":true,\"valueName\":\"search_term_string\"}}],\"inLanguage\":\"pt-BR\"},{\"@type\":\"Person\",\"@id\":\"https:\/\/www.gaveanews.com\/#\/schema\/person\/bd08f00534b403119b92741a6d469ef0\",\"name\":\"Hudson Pereira\",\"image\":{\"@type\":\"ImageObject\",\"inLanguage\":\"pt-BR\",\"@id\":\"https:\/\/www.gaveanews.com\/#\/schema\/person\/image\/\",\"url\":\"https:\/\/secure.gravatar.com\/avatar\/ecc491b489e454e510efffc9b23c1052ce5fb4f2e05555768ba65819cd55f03e?s=96&d=mm&r=g\",\"contentUrl\":\"https:\/\/secure.gravatar.com\/avatar\/ecc491b489e454e510efffc9b23c1052ce5fb4f2e05555768ba65819cd55f03e?s=96&d=mm&r=g\",\"caption\":\"Hudson Pereira\"}}]}<\/script>\n<!-- \/ Yoast SEO Premium plugin. -->","yoast_head_json":{"title":"Flamengo: veja quando Pedro, Vi\u00f1a, Arrascaeta e Cebolinha v\u00e3o voltar","robots":{"index":"index","follow":"follow","max-snippet":"max-snippet:-1","max-image-preview":"max-image-preview:large","max-video-preview":"max-video-preview:-1"},"canonical":"https:\/\/www.gaveanews.com\/index.php\/2024\/12\/01\/flamengo-veja-quando-pedro-vina-arrascaeta-e-cebolinha-vao-voltar\/","og_locale":"pt_BR","og_type":"article","og_title":"Flamengo: veja quando Pedro, Vi\u00f1a, Arrascaeta e Cebolinha v\u00e3o voltar","og_description":"O Flamengo segue acompanhando o progresso de recupera\u00e7\u00e3o dos quatro atletas em tratamento no Departamento M\u00e9dico. Matias Vi\u00f1a, Pedro, Everton Cebolinha e Arrascaeta avan\u00e7am em suas respectivas reabilita\u00e7\u00f5es ap\u00f3s les\u00f5es graves. M\u00e1rcio Tannure, gerente de Sa\u00fade e Alto Rendimento, informou as previs\u00f5es de retorno, mas destacou que prazos podem sofrer altera\u00e7\u00f5es dependendo da evolu\u00e7\u00e3o de [&hellip;]","og_url":"https:\/\/www.gaveanews.com\/index.php\/2024\/12\/01\/flamengo-veja-quando-pedro-vina-arrascaeta-e-cebolinha-vao-voltar\/","og_site_name":"G\u00e1vea News","article_publisher":"https:\/\/facebook.com\/gaveaNews\/","article_published_time":"2024-12-01T22:30:00+00:00","og_image":[{"width":1600,"height":1066,"url":"https:\/\/www.gaveanews.com\/wp-content\/uploads\/Pedro-atacante-do-Flamengo.webp","type":"image\/jpeg"}],"author":"Hudson Pereira","twitter_card":"summary_large_image","twitter_misc":{"Escrito por":"Hudson Pereira","Est. tempo de leitura":"3 minutos"},"schema":{"@context":"https:\/\/schema.org","@graph":[{"@type":"NewsArticle","@id":"https:\/\/www.gaveanews.com\/index.php\/2024\/12\/01\/flamengo-veja-quando-pedro-vina-arrascaeta-e-cebolinha-vao-voltar\/#article","isPartOf":{"@id":"https:\/\/www.gaveanews.com\/index.php\/2024\/12\/01\/flamengo-veja-quando-pedro-vina-arrascaeta-e-cebolinha-vao-voltar\/"},"author":{"name":"Hudson Pereira","@id":"https:\/\/www.gaveanews.com\/#\/schema\/person\/bd08f00534b403119b92741a6d469ef0"},"headline":"Flamengo: veja quando Pedro, Vi\u00f1a, Arrascaeta e Cebolinha v\u00e3o voltar","datePublished":"2024-12-01T22:30:00+00:00","mainEntityOfPage":{"@id":"https:\/\/www.gaveanews.com\/index.php\/2024\/12\/01\/flamengo-veja-quando-pedro-vina-arrascaeta-e-cebolinha-vao-voltar\/"},"wordCount":524,"commentCount":0,"image":{"@id":"https:\/\/www.gaveanews.com\/index.php\/2024\/12\/01\/flamengo-veja-quando-pedro-vina-arrascaeta-e-cebolinha-vao-voltar\/#primaryimage"},"thumbnailUrl":"https:\/\/www.gaveanews.com\/wp-content\/uploads\/Pedro-atacante-do-Flamengo.webp","articleSection":["Flamengo"],"inLanguage":"pt-BR","potentialAction":[{"@type":"CommentAction","name":"Comment","target":["https:\/\/www.gaveanews.com\/index.php\/2024\/12\/01\/flamengo-veja-quando-pedro-vina-arrascaeta-e-cebolinha-vao-voltar\/#respond"]}],"copyrightYear":"2024","copyrightHolder":{"@id":"https:\/\/www.gaveanews.com\/#organization"}},{"@type":"WebPage","@id":"https:\/\/www.gaveanews.com\/index.php\/2024\/12\/01\/flamengo-veja-quando-pedro-vina-arrascaeta-e-cebolinha-vao-voltar\/","url":"https:\/\/www.gaveanews.com\/index.php\/2024\/12\/01\/flamengo-veja-quando-pedro-vina-arrascaeta-e-cebolinha-vao-voltar\/","name":"Flamengo: veja quando Pedro, Vi\u00f1a, Arrascaeta e Cebolinha v\u00e3o voltar","isPartOf":{"@id":"https:\/\/www.gaveanews.com\/#website"},"primaryImageOfPage":{"@id":"https:\/\/www.gaveanews.com\/index.php\/2024\/12\/01\/flamengo-veja-quando-pedro-vina-arrascaeta-e-cebolinha-vao-voltar\/#primaryimage"},"image":{"@id":"https:\/\/www.gaveanews.com\/index.php\/2024\/12\/01\/flamengo-veja-quando-pedro-vina-arrascaeta-e-cebolinha-vao-voltar\/#primaryimage"},"thumbnailUrl":"https:\/\/www.gaveanews.com\/wp-content\/uploads\/Pedro-atacante-do-Flamengo.webp","datePublished":"2024-12-01T22:30:00+00:00","author":{"@id":"https:\/\/www.gaveanews.com\/#\/schema\/person\/bd08f00534b403119b92741a6d469ef0"},"breadcrumb":{"@id":"https:\/\/www.gaveanews.com\/index.php\/2024\/12\/01\/flamengo-veja-quando-pedro-vina-arrascaeta-e-cebolinha-vao-voltar\/#breadcrumb"},"inLanguage":"pt-BR","potentialAction":[{"@type":"ReadAction","target":["https:\/\/www.gaveanews.com\/index.php\/2024\/12\/01\/flamengo-veja-quando-pedro-vina-arrascaeta-e-cebolinha-vao-voltar\/"]}]},{"@type":"ImageObject","inLanguage":"pt-BR","@id":"https:\/\/www.gaveanews.com\/index.php\/2024\/12\/01\/flamengo-veja-quando-pedro-vina-arrascaeta-e-cebolinha-vao-voltar\/#primaryimage","url":"https:\/\/www.gaveanews.com\/wp-content\/uploads\/Pedro-atacante-do-Flamengo.webp","contentUrl":"https:\/\/www.gaveanews.com\/wp-content\/uploads\/Pedro-atacante-do-Flamengo.webp","width":1600,"height":1066,"caption":"Pedro, atacante do Flamengo (Foto: Gilvan de Souza)"},{"@type":"BreadcrumbList","@id":"https:\/\/www.gaveanews.com\/index.php\/2024\/12\/01\/flamengo-veja-quando-pedro-vina-arrascaeta-e-cebolinha-vao-voltar\/#breadcrumb","itemListElement":[{"@type":"ListItem","position":1,"name":"Home","item":"https:\/\/www.gaveanews.com\/"},{"@type":"ListItem","position":2,"name":"Flamengo: veja quando Pedro, Vi\u00f1a, Arrascaeta e Cebolinha v\u00e3o voltar"}]},{"@type":"WebSite","@id":"https:\/\/www.gaveanews.com\/#website","url":"https:\/\/www.gaveanews.com\/","name":"G\u00e1vea News","description":"Veja todas as not\u00edcias sobre o Flamengo: Contrata\u00e7\u00f5es, categorias de base, resultados das partidas, tabela de classifica\u00e7\u00e3o, pr\u00f3ximos jogos!","potentialAction":[{"@type":"SearchAction","target":{"@type":"EntryPoint","urlTemplate":"https:\/\/www.gaveanews.com\/?s={search_term_string}"},"query-input":{"@type":"PropertyValueSpecification","valueRequired":true,"valueName":"search_term_string"}}],"inLanguage":"pt-BR"},{"@type":"Person","@id":"https:\/\/www.gaveanews.com\/#\/schema\/person\/bd08f00534b403119b92741a6d469ef0","name":"Hudson Pereira","image":{"@type":"ImageObject","inLanguage":"pt-BR","@id":"https:\/\/www.gaveanews.com\/#\/schema\/person\/image\/","url":"https:\/\/secure.gravatar.com\/avatar\/ecc491b489e454e510efffc9b23c1052ce5fb4f2e05555768ba65819cd55f03e?s=96&d=mm&r=g","contentUrl":"https:\/\/secure.gravatar.com\/avatar\/ecc491b489e454e510efffc9b23c1052ce5fb4f2e05555768ba65819cd55f03e?s=96&d=mm&r=g","caption":"Hudson Pereira"}}]}},"_links":{"self":[{"href":"https:\/\/www.gaveanews.com\/index.php\/wp-json\/wp\/v2\/posts\/193060","targetHints":{"allow":["GET"]}}],"collection":[{"href":"https:\/\/www.gaveanews.com\/index.php\/wp-json\/wp\/v2\/posts"}],"about":[{"href":"https:\/\/www.gaveanews.com\/index.php\/wp-json\/wp\/v2\/types\/post"}],"author":[{"embeddable":true,"href":"https:\/\/www.gaveanews.com\/index.php\/wp-json\/wp\/v2\/users\/28"}],"replies":[{"embeddable":true,"href":"https:\/\/www.gaveanews.com\/index.php\/wp-json\/wp\/v2\/comments?post=193060"}],"version-history":[{"count":4,"href":"https:\/\/www.gaveanews.com\/index.php\/wp-json\/wp\/v2\/posts\/193060\/revisions"}],"predecessor-version":[{"id":193140,"href":"https:\/\/www.gaveanews.com\/index.php\/wp-json\/wp\/v2\/posts\/193060\/revisions\/193140"}],"wp:featuredmedia":[{"embeddable":true,"href":"https:\/\/www.gaveanews.com\/index.php\/wp-json\/wp\/v2\/media\/144711"}],"wp:attachment":[{"href":"https:\/\/www.gaveanews.com\/index.php\/wp-json\/wp\/v2\/media?parent=193060"}],"wp:term":[{"taxonomy":"category","embeddable":true,"href":"https:\/\/www.gaveanews.com\/index.php\/wp-json\/wp\/v2\/categories?post=193060"},{"taxonomy":"post_tag","embeddable":true,"href":"https:\/\/www.gaveanews.com\/index.php\/wp-json\/wp\/v2\/tags?post=193060"}],"curies":[{"name":"wp","href":"https:\/\/api.w.org\/{rel}","templated":true}]}}