{"id":193293,"date":"2024-12-02T15:00:00","date_gmt":"2024-12-02T18:00:00","guid":{"rendered":"https:\/\/www.gaveanews.com\/?p=193293"},"modified":"2024-12-02T13:06:36","modified_gmt":"2024-12-02T16:06:36","slug":"clube-europeu-disputa-contratacao-com-o-flamengo","status":"publish","type":"post","link":"https:\/\/www.gaveanews.com\/index.php\/2024\/12\/02\/clube-europeu-disputa-contratacao-com-o-flamengo\/","title":{"rendered":"Clube europeu disputa contrata\u00e7\u00e3o com o Flamengo"},"content":{"rendered":"\n<p>O Flamengo surge como um dos principais interessados na contrata\u00e7\u00e3o do lateral-direito Danilo, atualmente jogador da Juventus e integrante da Sele\u00e7\u00e3o Brasileira. O atleta desperta grande interesse no mercado por sua experi\u00eancia e qualidade t\u00e9cnica.<\/p>\n\n\n\n<ul class=\"wp-block-list\">\n<li><a href=\"https:\/\/www.gaveanews.com\/index.php\/2024\/12\/02\/flamengo-a-declaracao-de-diego-alves-direcionada-a-rossi\/\">Flamengo: a declara\u00e7\u00e3o de Diego Alves direcionada a Rossi<\/a><\/li>\n\n\n\n<li><a href=\"https:\/\/www.gaveanews.com\/index.php\/2024\/12\/02\/ele-deixou-o-flamengo-e-conquistou-o-titulo-da-libertadores-pelo-botafogo\/\">Ele deixou o Flamengo e conquistou o t\u00edtulo da Libertadores pelo Botafogo<\/a><\/li>\n<\/ul>\n\n\n\n<p>Por outro lado, o Olympique de Marseille tamb\u00e9m entrou na disputa pelo jogador. Conforme divulgado pelo &#8216;L\u2019\u00c9quipe&#8217;, o clube franc\u00eas, \u00fanico vencedor do pa\u00eds na Champions League, est\u00e1 determinado a fechar o acordo em janeiro. O t\u00e9cnico Roberto De Zerbi, grande admirador de Danilo, refor\u00e7a o interesse do Olympique.<\/p>\n\n\n\n<p>Apesar do ass\u00e9dio europeu, Danilo j\u00e1 demonstrou abertura para atuar pelo Flamengo no futuro pr\u00f3ximo. O lateral considera o time carioca uma possibilidade concreta, o que aumenta a expectativa de sua poss\u00edvel vinda ao futebol brasileiro.<\/p>\n\n\n\n<p>O desejo de Danilo de deixar Turim e enfrentar novos desafios se torna cada vez mais evidente. O jogador busca a antecipa\u00e7\u00e3o de sua rescis\u00e3o contratual com a Juventus, visando maior liberdade para definir seu pr\u00f3ximo destino.<\/p>\n\n\n<div class=\"wp-block-image\">\n<figure class=\"aligncenter size-full\"><img loading=\"lazy\" decoding=\"async\" width=\"640\" height=\"400\" src=\"https:\/\/www.gaveanews.com\/wp-content\/uploads\/danilo-juventus-flamengo.webp\" alt=\"\" class=\"wp-image-146699\" srcset=\"https:\/\/www.gaveanews.com\/wp-content\/uploads\/danilo-juventus-flamengo.webp 640w, https:\/\/www.gaveanews.com\/wp-content\/uploads\/danilo-juventus-flamengo-300x188.webp 300w, https:\/\/www.gaveanews.com\/wp-content\/uploads\/danilo-juventus-flamengo-100x63.webp 100w\" sizes=\"auto, (max-width: 640px) 100vw, 640px\" \/><figcaption class=\"wp-element-caption\">O jogador Danilo em a\u00e7\u00e3o &#8211; Foto: Divulga\u00e7\u00e3o \/ Juventus FC<\/figcaption><\/figure>\n<\/div>\n\n\n<h2 class=\"wp-block-heading\" id=\"h-danilo-pode-jogar-no-flamengo\">Danilo pode jogar no Flamengo <\/h2>\n\n\n\n<p>A volta ao Brasil \u00e9 uma perspectiva atraente para o atleta, que v\u00ea o Flamengo como um cen\u00e1rio ideal para retomar sua trajet\u00f3ria no futebol nacional. A estrutura e a proje\u00e7\u00e3o do clube no mercado esportivo tornam a op\u00e7\u00e3o ainda mais interessante.<\/p>\n\n\n\n<p>Com contrato vigente at\u00e9 junho de 2025, Danilo poder\u00e1 assinar um pr\u00e9-contrato a partir de janeiro com qualquer equipe do Brasil, Europa ou de outros continentes. Essa possibilidade amplia a concorr\u00eancia entre os clubes interessados em contar com o lateral.<\/p>\n\n\n\n<h2 class=\"wp-block-heading\" id=\"h-danilo-prioriza-o-flamengo-e-outro-clube-no-brasil\">Danilo prioriza o Flamengo e outro clube no Brasil<\/h2>\n\n\n\n<p>Em entrevista recente ao &#8216;GE&#8217;, Danilo comentou sobre a possibilidade de voltar a atuar no futebol brasileiro. O jogador destacou que, caso decida retornar, suas prioridades seriam o Flamengo e o Santos, clube onde se destacou em sua carreira.<\/p>\n\n\n\n<p>&#8220;Estou planejando ainda aquilo que v\u00e3o ser meus pr\u00f3ximos anos como jogador de futebol. N\u00e3o quero jogar at\u00e9 muito tarde, sempre falei isso. Dois ou tr\u00eas anos \u00e9 o m\u00e1ximo que eu quero jogar. Mas, se em algum momento eu falar &#8216;quero voltar para o Brasil&#8217;, tem duas prioridades: Flamengo e Santos&#8221;, afirmou Danilo.<\/p>\n","protected":false},"excerpt":{"rendered":"<p>O Flamengo surge como um dos principais interessados na contrata\u00e7\u00e3o do lateral-direito Danilo, atualmente jogador da Juventus e integrante da Sele\u00e7\u00e3o Brasileira. O atleta desperta grande interesse no mercado por sua experi\u00eancia e qualidade t\u00e9cnica. Por outro lado, o Olympique de Marseille tamb\u00e9m entrou na disputa pelo jogador. Conforme divulgado pelo &#8216;L\u2019\u00c9quipe&#8217;, o clube franc\u00eas, [&hellip;]<\/p>\n","protected":false},"author":28,"featured_media":122174,"comment_status":"open","ping_status":"closed","sticky":false,"template":"","format":"standard","meta":{"footnotes":""},"categories":[1,108],"tags":[],"class_list":["post-193293","post","type-post","status-publish","format-standard","has-post-thumbnail","hentry","category-flamengo","category-juventus"],"yoast_head":"<!-- This site is optimized with the Yoast SEO Premium plugin v24.2 (Yoast SEO v26.9) - https:\/\/yoast.com\/product\/yoast-seo-premium-wordpress\/ -->\n<title>Clube europeu disputa contrata\u00e7\u00e3o com o Flamengo<\/title>\n<meta name=\"robots\" content=\"index, follow, max-snippet:-1, max-image-preview:large, max-video-preview:-1\" \/>\n<link rel=\"canonical\" href=\"https:\/\/www.gaveanews.com\/index.php\/2024\/12\/02\/clube-europeu-disputa-contratacao-com-o-flamengo\/\" \/>\n<meta property=\"og:locale\" content=\"pt_BR\" \/>\n<meta property=\"og:type\" content=\"article\" \/>\n<meta property=\"og:title\" content=\"Clube europeu disputa contrata\u00e7\u00e3o com o Flamengo\" \/>\n<meta property=\"og:description\" content=\"O Flamengo surge como um dos principais interessados na contrata\u00e7\u00e3o do lateral-direito Danilo, atualmente jogador da Juventus e integrante da Sele\u00e7\u00e3o Brasileira. O atleta desperta grande interesse no mercado por sua experi\u00eancia e qualidade t\u00e9cnica. Por outro lado, o Olympique de Marseille tamb\u00e9m entrou na disputa pelo jogador. Conforme divulgado pelo &#8216;L\u2019\u00c9quipe&#8217;, o clube franc\u00eas, [&hellip;]\" \/>\n<meta property=\"og:url\" content=\"https:\/\/www.gaveanews.com\/index.php\/2024\/12\/02\/clube-europeu-disputa-contratacao-com-o-flamengo\/\" \/>\n<meta property=\"og:site_name\" content=\"G\u00e1vea News\" \/>\n<meta property=\"article:publisher\" content=\"https:\/\/facebook.com\/gaveaNews\/\" \/>\n<meta property=\"article:published_time\" content=\"2024-12-02T18:00:00+00:00\" \/>\n<meta property=\"og:image\" content=\"https:\/\/www.gaveanews.com\/wp-content\/uploads\/ninhodourubu.webp\" \/>\n\t<meta property=\"og:image:width\" content=\"1218\" \/>\n\t<meta property=\"og:image:height\" content=\"812\" \/>\n\t<meta property=\"og:image:type\" content=\"image\/webp\" \/>\n<meta name=\"author\" content=\"Hudson Pereira\" \/>\n<meta name=\"twitter:card\" content=\"summary_large_image\" \/>\n<meta name=\"twitter:label1\" content=\"Escrito por\" \/>\n\t<meta name=\"twitter:data1\" content=\"Hudson Pereira\" \/>\n\t<meta name=\"twitter:label2\" content=\"Est. tempo de leitura\" \/>\n\t<meta name=\"twitter:data2\" content=\"3 minutos\" \/>\n<script type=\"application\/ld+json\" class=\"yoast-schema-graph\">{\"@context\":\"https:\/\/schema.org\",\"@graph\":[{\"@type\":\"NewsArticle\",\"@id\":\"https:\/\/www.gaveanews.com\/index.php\/2024\/12\/02\/clube-europeu-disputa-contratacao-com-o-flamengo\/#article\",\"isPartOf\":{\"@id\":\"https:\/\/www.gaveanews.com\/index.php\/2024\/12\/02\/clube-europeu-disputa-contratacao-com-o-flamengo\/\"},\"author\":{\"name\":\"Hudson Pereira\",\"@id\":\"https:\/\/www.gaveanews.com\/#\/schema\/person\/bd08f00534b403119b92741a6d469ef0\"},\"headline\":\"Clube europeu disputa contrata\u00e7\u00e3o com o Flamengo\",\"datePublished\":\"2024-12-02T18:00:00+00:00\",\"mainEntityOfPage\":{\"@id\":\"https:\/\/www.gaveanews.com\/index.php\/2024\/12\/02\/clube-europeu-disputa-contratacao-com-o-flamengo\/\"},\"wordCount\":413,\"commentCount\":0,\"image\":{\"@id\":\"https:\/\/www.gaveanews.com\/index.php\/2024\/12\/02\/clube-europeu-disputa-contratacao-com-o-flamengo\/#primaryimage\"},\"thumbnailUrl\":\"https:\/\/www.gaveanews.com\/wp-content\/uploads\/ninhodourubu.webp\",\"articleSection\":[\"Flamengo\",\"Juventus\"],\"inLanguage\":\"pt-BR\",\"potentialAction\":[{\"@type\":\"CommentAction\",\"name\":\"Comment\",\"target\":[\"https:\/\/www.gaveanews.com\/index.php\/2024\/12\/02\/clube-europeu-disputa-contratacao-com-o-flamengo\/#respond\"]}],\"copyrightYear\":\"2024\",\"copyrightHolder\":{\"@id\":\"https:\/\/www.gaveanews.com\/#organization\"}},{\"@type\":\"WebPage\",\"@id\":\"https:\/\/www.gaveanews.com\/index.php\/2024\/12\/02\/clube-europeu-disputa-contratacao-com-o-flamengo\/\",\"url\":\"https:\/\/www.gaveanews.com\/index.php\/2024\/12\/02\/clube-europeu-disputa-contratacao-com-o-flamengo\/\",\"name\":\"Clube europeu disputa contrata\u00e7\u00e3o com o Flamengo\",\"isPartOf\":{\"@id\":\"https:\/\/www.gaveanews.com\/#website\"},\"primaryImageOfPage\":{\"@id\":\"https:\/\/www.gaveanews.com\/index.php\/2024\/12\/02\/clube-europeu-disputa-contratacao-com-o-flamengo\/#primaryimage\"},\"image\":{\"@id\":\"https:\/\/www.gaveanews.com\/index.php\/2024\/12\/02\/clube-europeu-disputa-contratacao-com-o-flamengo\/#primaryimage\"},\"thumbnailUrl\":\"https:\/\/www.gaveanews.com\/wp-content\/uploads\/ninhodourubu.webp\",\"datePublished\":\"2024-12-02T18:00:00+00:00\",\"author\":{\"@id\":\"https:\/\/www.gaveanews.com\/#\/schema\/person\/bd08f00534b403119b92741a6d469ef0\"},\"breadcrumb\":{\"@id\":\"https:\/\/www.gaveanews.com\/index.php\/2024\/12\/02\/clube-europeu-disputa-contratacao-com-o-flamengo\/#breadcrumb\"},\"inLanguage\":\"pt-BR\",\"potentialAction\":[{\"@type\":\"ReadAction\",\"target\":[\"https:\/\/www.gaveanews.com\/index.php\/2024\/12\/02\/clube-europeu-disputa-contratacao-com-o-flamengo\/\"]}]},{\"@type\":\"ImageObject\",\"inLanguage\":\"pt-BR\",\"@id\":\"https:\/\/www.gaveanews.com\/index.php\/2024\/12\/02\/clube-europeu-disputa-contratacao-com-o-flamengo\/#primaryimage\",\"url\":\"https:\/\/www.gaveanews.com\/wp-content\/uploads\/ninhodourubu.webp\",\"contentUrl\":\"https:\/\/www.gaveanews.com\/wp-content\/uploads\/ninhodourubu.webp\",\"width\":1218,\"height\":812,\"caption\":\"Centro de treinamento do Flamengo (Foto: Reprodu\u00e7\u00e3o)\"},{\"@type\":\"BreadcrumbList\",\"@id\":\"https:\/\/www.gaveanews.com\/index.php\/2024\/12\/02\/clube-europeu-disputa-contratacao-com-o-flamengo\/#breadcrumb\",\"itemListElement\":[{\"@type\":\"ListItem\",\"position\":1,\"name\":\"Home\",\"item\":\"https:\/\/www.gaveanews.com\/\"},{\"@type\":\"ListItem\",\"position\":2,\"name\":\"Clube europeu disputa contrata\u00e7\u00e3o com o Flamengo\"}]},{\"@type\":\"WebSite\",\"@id\":\"https:\/\/www.gaveanews.com\/#website\",\"url\":\"https:\/\/www.gaveanews.com\/\",\"name\":\"G\u00e1vea News\",\"description\":\"Veja todas as not\u00edcias sobre o Flamengo: Contrata\u00e7\u00f5es, categorias de base, resultados das partidas, tabela de classifica\u00e7\u00e3o, pr\u00f3ximos jogos!\",\"potentialAction\":[{\"@type\":\"SearchAction\",\"target\":{\"@type\":\"EntryPoint\",\"urlTemplate\":\"https:\/\/www.gaveanews.com\/?s={search_term_string}\"},\"query-input\":{\"@type\":\"PropertyValueSpecification\",\"valueRequired\":true,\"valueName\":\"search_term_string\"}}],\"inLanguage\":\"pt-BR\"},{\"@type\":\"Person\",\"@id\":\"https:\/\/www.gaveanews.com\/#\/schema\/person\/bd08f00534b403119b92741a6d469ef0\",\"name\":\"Hudson Pereira\",\"image\":{\"@type\":\"ImageObject\",\"inLanguage\":\"pt-BR\",\"@id\":\"https:\/\/www.gaveanews.com\/#\/schema\/person\/image\/\",\"url\":\"https:\/\/secure.gravatar.com\/avatar\/ecc491b489e454e510efffc9b23c1052ce5fb4f2e05555768ba65819cd55f03e?s=96&d=mm&r=g\",\"contentUrl\":\"https:\/\/secure.gravatar.com\/avatar\/ecc491b489e454e510efffc9b23c1052ce5fb4f2e05555768ba65819cd55f03e?s=96&d=mm&r=g\",\"caption\":\"Hudson Pereira\"}}]}<\/script>\n<!-- \/ Yoast SEO Premium plugin. -->","yoast_head_json":{"title":"Clube europeu disputa contrata\u00e7\u00e3o com o Flamengo","robots":{"index":"index","follow":"follow","max-snippet":"max-snippet:-1","max-image-preview":"max-image-preview:large","max-video-preview":"max-video-preview:-1"},"canonical":"https:\/\/www.gaveanews.com\/index.php\/2024\/12\/02\/clube-europeu-disputa-contratacao-com-o-flamengo\/","og_locale":"pt_BR","og_type":"article","og_title":"Clube europeu disputa contrata\u00e7\u00e3o com o Flamengo","og_description":"O Flamengo surge como um dos principais interessados na contrata\u00e7\u00e3o do lateral-direito Danilo, atualmente jogador da Juventus e integrante da Sele\u00e7\u00e3o Brasileira. O atleta desperta grande interesse no mercado por sua experi\u00eancia e qualidade t\u00e9cnica. Por outro lado, o Olympique de Marseille tamb\u00e9m entrou na disputa pelo jogador. Conforme divulgado pelo &#8216;L\u2019\u00c9quipe&#8217;, o clube franc\u00eas, [&hellip;]","og_url":"https:\/\/www.gaveanews.com\/index.php\/2024\/12\/02\/clube-europeu-disputa-contratacao-com-o-flamengo\/","og_site_name":"G\u00e1vea News","article_publisher":"https:\/\/facebook.com\/gaveaNews\/","article_published_time":"2024-12-02T18:00:00+00:00","og_image":[{"width":1218,"height":812,"url":"https:\/\/www.gaveanews.com\/wp-content\/uploads\/ninhodourubu.webp","type":"image\/webp"}],"author":"Hudson Pereira","twitter_card":"summary_large_image","twitter_misc":{"Escrito por":"Hudson Pereira","Est. tempo de leitura":"3 minutos"},"schema":{"@context":"https:\/\/schema.org","@graph":[{"@type":"NewsArticle","@id":"https:\/\/www.gaveanews.com\/index.php\/2024\/12\/02\/clube-europeu-disputa-contratacao-com-o-flamengo\/#article","isPartOf":{"@id":"https:\/\/www.gaveanews.com\/index.php\/2024\/12\/02\/clube-europeu-disputa-contratacao-com-o-flamengo\/"},"author":{"name":"Hudson Pereira","@id":"https:\/\/www.gaveanews.com\/#\/schema\/person\/bd08f00534b403119b92741a6d469ef0"},"headline":"Clube europeu disputa contrata\u00e7\u00e3o com o Flamengo","datePublished":"2024-12-02T18:00:00+00:00","mainEntityOfPage":{"@id":"https:\/\/www.gaveanews.com\/index.php\/2024\/12\/02\/clube-europeu-disputa-contratacao-com-o-flamengo\/"},"wordCount":413,"commentCount":0,"image":{"@id":"https:\/\/www.gaveanews.com\/index.php\/2024\/12\/02\/clube-europeu-disputa-contratacao-com-o-flamengo\/#primaryimage"},"thumbnailUrl":"https:\/\/www.gaveanews.com\/wp-content\/uploads\/ninhodourubu.webp","articleSection":["Flamengo","Juventus"],"inLanguage":"pt-BR","potentialAction":[{"@type":"CommentAction","name":"Comment","target":["https:\/\/www.gaveanews.com\/index.php\/2024\/12\/02\/clube-europeu-disputa-contratacao-com-o-flamengo\/#respond"]}],"copyrightYear":"2024","copyrightHolder":{"@id":"https:\/\/www.gaveanews.com\/#organization"}},{"@type":"WebPage","@id":"https:\/\/www.gaveanews.com\/index.php\/2024\/12\/02\/clube-europeu-disputa-contratacao-com-o-flamengo\/","url":"https:\/\/www.gaveanews.com\/index.php\/2024\/12\/02\/clube-europeu-disputa-contratacao-com-o-flamengo\/","name":"Clube europeu disputa contrata\u00e7\u00e3o com o Flamengo","isPartOf":{"@id":"https:\/\/www.gaveanews.com\/#website"},"primaryImageOfPage":{"@id":"https:\/\/www.gaveanews.com\/index.php\/2024\/12\/02\/clube-europeu-disputa-contratacao-com-o-flamengo\/#primaryimage"},"image":{"@id":"https:\/\/www.gaveanews.com\/index.php\/2024\/12\/02\/clube-europeu-disputa-contratacao-com-o-flamengo\/#primaryimage"},"thumbnailUrl":"https:\/\/www.gaveanews.com\/wp-content\/uploads\/ninhodourubu.webp","datePublished":"2024-12-02T18:00:00+00:00","author":{"@id":"https:\/\/www.gaveanews.com\/#\/schema\/person\/bd08f00534b403119b92741a6d469ef0"},"breadcrumb":{"@id":"https:\/\/www.gaveanews.com\/index.php\/2024\/12\/02\/clube-europeu-disputa-contratacao-com-o-flamengo\/#breadcrumb"},"inLanguage":"pt-BR","potentialAction":[{"@type":"ReadAction","target":["https:\/\/www.gaveanews.com\/index.php\/2024\/12\/02\/clube-europeu-disputa-contratacao-com-o-flamengo\/"]}]},{"@type":"ImageObject","inLanguage":"pt-BR","@id":"https:\/\/www.gaveanews.com\/index.php\/2024\/12\/02\/clube-europeu-disputa-contratacao-com-o-flamengo\/#primaryimage","url":"https:\/\/www.gaveanews.com\/wp-content\/uploads\/ninhodourubu.webp","contentUrl":"https:\/\/www.gaveanews.com\/wp-content\/uploads\/ninhodourubu.webp","width":1218,"height":812,"caption":"Centro de treinamento do Flamengo (Foto: Reprodu\u00e7\u00e3o)"},{"@type":"BreadcrumbList","@id":"https:\/\/www.gaveanews.com\/index.php\/2024\/12\/02\/clube-europeu-disputa-contratacao-com-o-flamengo\/#breadcrumb","itemListElement":[{"@type":"ListItem","position":1,"name":"Home","item":"https:\/\/www.gaveanews.com\/"},{"@type":"ListItem","position":2,"name":"Clube europeu disputa contrata\u00e7\u00e3o com o Flamengo"}]},{"@type":"WebSite","@id":"https:\/\/www.gaveanews.com\/#website","url":"https:\/\/www.gaveanews.com\/","name":"G\u00e1vea News","description":"Veja todas as not\u00edcias sobre o Flamengo: Contrata\u00e7\u00f5es, categorias de base, resultados das partidas, tabela de classifica\u00e7\u00e3o, pr\u00f3ximos jogos!","potentialAction":[{"@type":"SearchAction","target":{"@type":"EntryPoint","urlTemplate":"https:\/\/www.gaveanews.com\/?s={search_term_string}"},"query-input":{"@type":"PropertyValueSpecification","valueRequired":true,"valueName":"search_term_string"}}],"inLanguage":"pt-BR"},{"@type":"Person","@id":"https:\/\/www.gaveanews.com\/#\/schema\/person\/bd08f00534b403119b92741a6d469ef0","name":"Hudson Pereira","image":{"@type":"ImageObject","inLanguage":"pt-BR","@id":"https:\/\/www.gaveanews.com\/#\/schema\/person\/image\/","url":"https:\/\/secure.gravatar.com\/avatar\/ecc491b489e454e510efffc9b23c1052ce5fb4f2e05555768ba65819cd55f03e?s=96&d=mm&r=g","contentUrl":"https:\/\/secure.gravatar.com\/avatar\/ecc491b489e454e510efffc9b23c1052ce5fb4f2e05555768ba65819cd55f03e?s=96&d=mm&r=g","caption":"Hudson Pereira"}}]}},"_links":{"self":[{"href":"https:\/\/www.gaveanews.com\/index.php\/wp-json\/wp\/v2\/posts\/193293","targetHints":{"allow":["GET"]}}],"collection":[{"href":"https:\/\/www.gaveanews.com\/index.php\/wp-json\/wp\/v2\/posts"}],"about":[{"href":"https:\/\/www.gaveanews.com\/index.php\/wp-json\/wp\/v2\/types\/post"}],"author":[{"embeddable":true,"href":"https:\/\/www.gaveanews.com\/index.php\/wp-json\/wp\/v2\/users\/28"}],"replies":[{"embeddable":true,"href":"https:\/\/www.gaveanews.com\/index.php\/wp-json\/wp\/v2\/comments?post=193293"}],"version-history":[{"count":1,"href":"https:\/\/www.gaveanews.com\/index.php\/wp-json\/wp\/v2\/posts\/193293\/revisions"}],"predecessor-version":[{"id":193304,"href":"https:\/\/www.gaveanews.com\/index.php\/wp-json\/wp\/v2\/posts\/193293\/revisions\/193304"}],"wp:featuredmedia":[{"embeddable":true,"href":"https:\/\/www.gaveanews.com\/index.php\/wp-json\/wp\/v2\/media\/122174"}],"wp:attachment":[{"href":"https:\/\/www.gaveanews.com\/index.php\/wp-json\/wp\/v2\/media?parent=193293"}],"wp:term":[{"taxonomy":"category","embeddable":true,"href":"https:\/\/www.gaveanews.com\/index.php\/wp-json\/wp\/v2\/categories?post=193293"},{"taxonomy":"post_tag","embeddable":true,"href":"https:\/\/www.gaveanews.com\/index.php\/wp-json\/wp\/v2\/tags?post=193293"}],"curies":[{"name":"wp","href":"https:\/\/api.w.org\/{rel}","templated":true}]}}