{"id":193298,"date":"2024-12-02T15:35:00","date_gmt":"2024-12-02T18:35:00","guid":{"rendered":"https:\/\/www.gaveanews.com\/?p=193298"},"modified":"2024-12-02T14:55:43","modified_gmt":"2024-12-02T17:55:43","slug":"athletico-pr-acerta-contratacao-para-2025","status":"publish","type":"post","link":"https:\/\/www.gaveanews.com\/index.php\/2024\/12\/02\/athletico-pr-acerta-contratacao-para-2025\/","title":{"rendered":"Athletico-PR acerta contrata\u00e7\u00e3o para 2025"},"content":{"rendered":"\n<h2 class=\"wp-block-heading\" id=\"h-furacao-encaminha-a-contratacao-de-luiz-fernando-do-atletico-go\">Furac\u00e3o encaminha a contrata\u00e7\u00e3o de Luiz Fernando do Atl\u00e9tico-GO<\/h2>\n\n\n\n<p>Embora esteja concentrado na fase final do Brasileir\u00e3o Betano, o Athletico-PR j\u00e1 iniciou os preparativos nos bastidores para a contrata\u00e7\u00e3o de refor\u00e7os para a temporada de 2025. O atacante Luiz Fernando, que vem se destacando e cujo v\u00ednculo com o Atl\u00e9tico-GO termina em dezembro, \u00e9 um dos alvos da diretoria do Furac\u00e3o.<\/p>\n\n\n\n<ul class=\"wp-block-list\">\n<li><a href=\"https:\/\/www.gaveanews.com\/index.php\/2024\/08\/08\/athletico-pr-x-bragantino-a-declaracao-de-pedro-caixinha\/\">Athl\u00e9tico PR x Bragantino: a declara\u00e7\u00e3o de Pedro Caixinha<\/a><\/li>\n\n\n\n<li><a href=\"https:\/\/www.gaveanews.com\/index.php\/2024\/08\/08\/athletico-pr-x-bragantino-a-declaracao-de-pedro-caixinha\/\">Athl\u00e9tico PR x Bragantino: a declara\u00e7\u00e3o de Pedro Caixinha<br><\/a><\/li>\n<\/ul>\n\n\n\n<p>Embora o Atl\u00e9tico-GO tenha sido rebaixados com algumas rodadas de anteced\u00eancia, Luiz Fernando se sobressaiu na equipe de Goi\u00e1s. Na temporada corrente, foram realizados 52 jogos, com 19 gols anotados e cinco assist\u00eancias fornecidas o que foi uma marca importante para o pr\u00f3prio atacante.<\/p>\n\n\n\n<p>De acordo com informa\u00e7\u00f5es do jornalista Felipe Silva o Furac\u00e3o j\u00e1 encaminho a contrata\u00e7\u00e3o do atacante, mas n\u00e3o revelou o tempo de contrato apesar disso a contrata\u00e7\u00e3o \u00e9 vista com bons olhos pela diretoria do Athl\u00e9tico-PR.<\/p>\n\n\n\n<figure class=\"wp-block-image size-large\"><img loading=\"lazy\" decoding=\"async\" width=\"1024\" height=\"639\" src=\"https:\/\/www.gaveanews.com\/wp-content\/uploads\/luiz-fernando-durante-Flamengo-x-Atletico-GO-pelo-Brasileirao-2024-no-Maracana-1024x639.webp\" alt=\"\" class=\"wp-image-155026\" srcset=\"https:\/\/www.gaveanews.com\/wp-content\/uploads\/luiz-fernando-durante-Flamengo-x-Atletico-GO-pelo-Brasileirao-2024-no-Maracana-1024x639.webp 1024w, https:\/\/www.gaveanews.com\/wp-content\/uploads\/luiz-fernando-durante-Flamengo-x-Atletico-GO-pelo-Brasileirao-2024-no-Maracana-300x187.webp 300w, https:\/\/www.gaveanews.com\/wp-content\/uploads\/luiz-fernando-durante-Flamengo-x-Atletico-GO-pelo-Brasileirao-2024-no-Maracana-768x479.webp 768w, https:\/\/www.gaveanews.com\/wp-content\/uploads\/luiz-fernando-durante-Flamengo-x-Atletico-GO-pelo-Brasileirao-2024-no-Maracana-673x420.webp 673w, https:\/\/www.gaveanews.com\/wp-content\/uploads\/luiz-fernando-durante-Flamengo-x-Atletico-GO-pelo-Brasileirao-2024-no-Maracana-640x399.webp 640w, https:\/\/www.gaveanews.com\/wp-content\/uploads\/luiz-fernando-durante-Flamengo-x-Atletico-GO-pelo-Brasileirao-2024-no-Maracana-681x425.webp 681w, https:\/\/www.gaveanews.com\/wp-content\/uploads\/luiz-fernando-durante-Flamengo-x-Atletico-GO-pelo-Brasileirao-2024-no-Maracana-100x62.webp 100w, https:\/\/www.gaveanews.com\/wp-content\/uploads\/luiz-fernando-durante-Flamengo-x-Atletico-GO-pelo-Brasileirao-2024-no-Maracana.webp 1135w\" sizes=\"auto, (max-width: 1024px) 100vw, 1024px\" \/><figcaption class=\"wp-element-caption\">Luiz Fernando durante Flamengo x Atl\u00e9tico-GO, pelo Brasileir\u00e3o 2024, no Maracan\u00e3 (Foto: Ingryd Oliveira\/ACG)<\/figcaption><\/figure>\n\n\n\n<p>Luiz Fernando \u00e9 oriundo das divis\u00f5es de base do Atl\u00e9tico, alcan\u00e7ando o profissionalismo em 2015. Ele, tamb\u00e9m conhecido como Talism\u00e3, deixou o clube em 2018, ap\u00f3s ser transferido para o Botafogo. Sem muitas oportunidades no time, jogou duas temporadas no Gr\u00eamio antes de voltar ao clube do Rio de Janeiro. No ano de 2022, o jogador retornou ao Atl\u00e9tico Goianiense, onde j\u00e1 disputou 240 partidas.<\/p>\n\n\n\n<h2 class=\"wp-block-heading\" id=\"h-como-anda-o-time-na-temporada\">Como anda o time na temporada?<\/h2>\n\n\n\n<p>O Athletico-PR avan\u00e7ou significativamente nas rodadas finais do Brasileir\u00e3o, com o objetivo de permanecer na primeira divis\u00e3o. Afinal, a equipe conquistou sete pontos nos \u00faltimos nove jogos e, portanto, s\u00f3 depende de si para escapar do descenso.<\/p>\n\n\n\n<p>Ap\u00f3s o empate contra o Fluminense o time segue fora da zona de rebaixamento mas ainda em risco, faltam apenas duas rodadas os jogos s\u00e3o contra o Red Bull Bragantino e Atl\u00e9tico-MG.<\/p>\n\n\n\n<p>Com risco de ser rebaixado ainda o furac\u00e3o precisa confirmar matematicamente a perman\u00eancia, o Athletico ter\u00e1 que vencer o confronto direto contra o Bragantino \u00a0na quinta-feira (5) para enfim respirar na s\u00e9rie A.<\/p>\n","protected":false},"excerpt":{"rendered":"<p>Furac\u00e3o encaminha a contrata\u00e7\u00e3o de Luiz Fernando do Atl\u00e9tico-GO Embora esteja concentrado na fase final do Brasileir\u00e3o Betano, o Athletico-PR j\u00e1 iniciou os preparativos nos bastidores para a contrata\u00e7\u00e3o de refor\u00e7os para a temporada de 2025. O atacante Luiz Fernando, que vem se destacando e cujo v\u00ednculo com o Atl\u00e9tico-GO termina em dezembro, \u00e9 um [&hellip;]<\/p>\n","protected":false},"author":16,"featured_media":0,"comment_status":"open","ping_status":"closed","sticky":false,"template":"","format":"standard","meta":{"footnotes":""},"categories":[134],"tags":[],"class_list":["post-193298","post","type-post","status-publish","format-standard","hentry","category-athletico-pr"],"yoast_head":"<!-- This site is optimized with the Yoast SEO Premium plugin v24.2 (Yoast SEO v26.9) - https:\/\/yoast.com\/product\/yoast-seo-premium-wordpress\/ -->\n<title>Athletico-PR acerta contrata\u00e7\u00e3o para 2025<\/title>\n<meta name=\"description\" content=\"Athletico-PR acerta contrata\u00e7\u00e3o para 2025\" \/>\n<meta name=\"robots\" content=\"index, follow, max-snippet:-1, max-image-preview:large, max-video-preview:-1\" \/>\n<link rel=\"canonical\" href=\"https:\/\/www.gaveanews.com\/index.php\/2024\/12\/02\/athletico-pr-acerta-contratacao-para-2025\/\" \/>\n<meta property=\"og:locale\" content=\"pt_BR\" \/>\n<meta property=\"og:type\" content=\"article\" \/>\n<meta property=\"og:title\" content=\"Athletico-PR acerta contrata\u00e7\u00e3o para 2025\" \/>\n<meta property=\"og:description\" content=\"Athletico-PR acerta contrata\u00e7\u00e3o para 2025\" \/>\n<meta property=\"og:url\" content=\"https:\/\/www.gaveanews.com\/index.php\/2024\/12\/02\/athletico-pr-acerta-contratacao-para-2025\/\" \/>\n<meta property=\"og:site_name\" content=\"G\u00e1vea News\" \/>\n<meta property=\"article:publisher\" content=\"https:\/\/facebook.com\/gaveaNews\/\" \/>\n<meta property=\"article:published_time\" content=\"2024-12-02T18:35:00+00:00\" \/>\n<meta property=\"og:image\" content=\"https:\/\/www.gaveanews.com\/wp-content\/uploads\/luiz-fernando-durante-Flamengo-x-Atletico-GO-pelo-Brasileirao-2024-no-Maracana-1024x639.webp\" \/>\n<meta name=\"author\" content=\"D\u00e9bora Figueiredo\" \/>\n<meta name=\"twitter:card\" content=\"summary_large_image\" \/>\n<meta name=\"twitter:label1\" content=\"Escrito por\" \/>\n\t<meta name=\"twitter:data1\" content=\"D\u00e9bora Figueiredo\" \/>\n\t<meta name=\"twitter:label2\" content=\"Est. tempo de leitura\" \/>\n\t<meta name=\"twitter:data2\" content=\"3 minutos\" \/>\n<script type=\"application\/ld+json\" class=\"yoast-schema-graph\">{\"@context\":\"https:\/\/schema.org\",\"@graph\":[{\"@type\":\"NewsArticle\",\"@id\":\"https:\/\/www.gaveanews.com\/index.php\/2024\/12\/02\/athletico-pr-acerta-contratacao-para-2025\/#article\",\"isPartOf\":{\"@id\":\"https:\/\/www.gaveanews.com\/index.php\/2024\/12\/02\/athletico-pr-acerta-contratacao-para-2025\/\"},\"author\":{\"name\":\"D\u00e9bora Figueiredo\",\"@id\":\"https:\/\/www.gaveanews.com\/#\/schema\/person\/37122681a8575a5c8db05a56f099a5e4\"},\"headline\":\"Athletico-PR acerta contrata\u00e7\u00e3o para 2025\",\"datePublished\":\"2024-12-02T18:35:00+00:00\",\"mainEntityOfPage\":{\"@id\":\"https:\/\/www.gaveanews.com\/index.php\/2024\/12\/02\/athletico-pr-acerta-contratacao-para-2025\/\"},\"wordCount\":382,\"commentCount\":0,\"image\":{\"@id\":\"https:\/\/www.gaveanews.com\/index.php\/2024\/12\/02\/athletico-pr-acerta-contratacao-para-2025\/#primaryimage\"},\"thumbnailUrl\":\"https:\/\/www.gaveanews.com\/wp-content\/uploads\/luiz-fernando-durante-Flamengo-x-Atletico-GO-pelo-Brasileirao-2024-no-Maracana-1024x639.webp\",\"articleSection\":[\"Athletico-PR\"],\"inLanguage\":\"pt-BR\",\"potentialAction\":[{\"@type\":\"CommentAction\",\"name\":\"Comment\",\"target\":[\"https:\/\/www.gaveanews.com\/index.php\/2024\/12\/02\/athletico-pr-acerta-contratacao-para-2025\/#respond\"]}],\"copyrightYear\":\"2024\",\"copyrightHolder\":{\"@id\":\"https:\/\/www.gaveanews.com\/#organization\"}},{\"@type\":\"WebPage\",\"@id\":\"https:\/\/www.gaveanews.com\/index.php\/2024\/12\/02\/athletico-pr-acerta-contratacao-para-2025\/\",\"url\":\"https:\/\/www.gaveanews.com\/index.php\/2024\/12\/02\/athletico-pr-acerta-contratacao-para-2025\/\",\"name\":\"Athletico-PR acerta contrata\u00e7\u00e3o para 2025\",\"isPartOf\":{\"@id\":\"https:\/\/www.gaveanews.com\/#website\"},\"primaryImageOfPage\":{\"@id\":\"https:\/\/www.gaveanews.com\/index.php\/2024\/12\/02\/athletico-pr-acerta-contratacao-para-2025\/#primaryimage\"},\"image\":{\"@id\":\"https:\/\/www.gaveanews.com\/index.php\/2024\/12\/02\/athletico-pr-acerta-contratacao-para-2025\/#primaryimage\"},\"thumbnailUrl\":\"https:\/\/www.gaveanews.com\/wp-content\/uploads\/luiz-fernando-durante-Flamengo-x-Atletico-GO-pelo-Brasileirao-2024-no-Maracana-1024x639.webp\",\"datePublished\":\"2024-12-02T18:35:00+00:00\",\"author\":{\"@id\":\"https:\/\/www.gaveanews.com\/#\/schema\/person\/37122681a8575a5c8db05a56f099a5e4\"},\"description\":\"Athletico-PR acerta contrata\u00e7\u00e3o para 2025\",\"breadcrumb\":{\"@id\":\"https:\/\/www.gaveanews.com\/index.php\/2024\/12\/02\/athletico-pr-acerta-contratacao-para-2025\/#breadcrumb\"},\"inLanguage\":\"pt-BR\",\"potentialAction\":[{\"@type\":\"ReadAction\",\"target\":[\"https:\/\/www.gaveanews.com\/index.php\/2024\/12\/02\/athletico-pr-acerta-contratacao-para-2025\/\"]}]},{\"@type\":\"ImageObject\",\"inLanguage\":\"pt-BR\",\"@id\":\"https:\/\/www.gaveanews.com\/index.php\/2024\/12\/02\/athletico-pr-acerta-contratacao-para-2025\/#primaryimage\",\"url\":\"https:\/\/www.gaveanews.com\/wp-content\/uploads\/luiz-fernando-durante-Flamengo-x-Atletico-GO-pelo-Brasileirao-2024-no-Maracana-1024x639.webp\",\"contentUrl\":\"https:\/\/www.gaveanews.com\/wp-content\/uploads\/luiz-fernando-durante-Flamengo-x-Atletico-GO-pelo-Brasileirao-2024-no-Maracana-1024x639.webp\"},{\"@type\":\"BreadcrumbList\",\"@id\":\"https:\/\/www.gaveanews.com\/index.php\/2024\/12\/02\/athletico-pr-acerta-contratacao-para-2025\/#breadcrumb\",\"itemListElement\":[{\"@type\":\"ListItem\",\"position\":1,\"name\":\"Home\",\"item\":\"https:\/\/www.gaveanews.com\/\"},{\"@type\":\"ListItem\",\"position\":2,\"name\":\"Athletico-PR acerta contrata\u00e7\u00e3o para 2025\"}]},{\"@type\":\"WebSite\",\"@id\":\"https:\/\/www.gaveanews.com\/#website\",\"url\":\"https:\/\/www.gaveanews.com\/\",\"name\":\"G\u00e1vea News\",\"description\":\"Veja todas as not\u00edcias sobre o Flamengo: Contrata\u00e7\u00f5es, categorias de base, resultados das partidas, tabela de classifica\u00e7\u00e3o, pr\u00f3ximos jogos!\",\"potentialAction\":[{\"@type\":\"SearchAction\",\"target\":{\"@type\":\"EntryPoint\",\"urlTemplate\":\"https:\/\/www.gaveanews.com\/?s={search_term_string}\"},\"query-input\":{\"@type\":\"PropertyValueSpecification\",\"valueRequired\":true,\"valueName\":\"search_term_string\"}}],\"inLanguage\":\"pt-BR\"},{\"@type\":\"Person\",\"@id\":\"https:\/\/www.gaveanews.com\/#\/schema\/person\/37122681a8575a5c8db05a56f099a5e4\",\"name\":\"D\u00e9bora Figueiredo\",\"image\":{\"@type\":\"ImageObject\",\"inLanguage\":\"pt-BR\",\"@id\":\"https:\/\/www.gaveanews.com\/#\/schema\/person\/image\/\",\"url\":\"https:\/\/secure.gravatar.com\/avatar\/1f44802859351588499d26f52aed1d15796ce17e67602895b72837c08018868d?s=96&d=mm&r=g\",\"contentUrl\":\"https:\/\/secure.gravatar.com\/avatar\/1f44802859351588499d26f52aed1d15796ce17e67602895b72837c08018868d?s=96&d=mm&r=g\",\"caption\":\"D\u00e9bora Figueiredo\"}}]}<\/script>\n<!-- \/ Yoast SEO Premium plugin. -->","yoast_head_json":{"title":"Athletico-PR acerta contrata\u00e7\u00e3o para 2025","description":"Athletico-PR acerta contrata\u00e7\u00e3o para 2025","robots":{"index":"index","follow":"follow","max-snippet":"max-snippet:-1","max-image-preview":"max-image-preview:large","max-video-preview":"max-video-preview:-1"},"canonical":"https:\/\/www.gaveanews.com\/index.php\/2024\/12\/02\/athletico-pr-acerta-contratacao-para-2025\/","og_locale":"pt_BR","og_type":"article","og_title":"Athletico-PR acerta contrata\u00e7\u00e3o para 2025","og_description":"Athletico-PR acerta contrata\u00e7\u00e3o para 2025","og_url":"https:\/\/www.gaveanews.com\/index.php\/2024\/12\/02\/athletico-pr-acerta-contratacao-para-2025\/","og_site_name":"G\u00e1vea News","article_publisher":"https:\/\/facebook.com\/gaveaNews\/","article_published_time":"2024-12-02T18:35:00+00:00","og_image":[{"url":"https:\/\/www.gaveanews.com\/wp-content\/uploads\/luiz-fernando-durante-Flamengo-x-Atletico-GO-pelo-Brasileirao-2024-no-Maracana-1024x639.webp","type":"","width":"","height":""}],"author":"D\u00e9bora Figueiredo","twitter_card":"summary_large_image","twitter_misc":{"Escrito por":"D\u00e9bora Figueiredo","Est. tempo de leitura":"3 minutos"},"schema":{"@context":"https:\/\/schema.org","@graph":[{"@type":"NewsArticle","@id":"https:\/\/www.gaveanews.com\/index.php\/2024\/12\/02\/athletico-pr-acerta-contratacao-para-2025\/#article","isPartOf":{"@id":"https:\/\/www.gaveanews.com\/index.php\/2024\/12\/02\/athletico-pr-acerta-contratacao-para-2025\/"},"author":{"name":"D\u00e9bora Figueiredo","@id":"https:\/\/www.gaveanews.com\/#\/schema\/person\/37122681a8575a5c8db05a56f099a5e4"},"headline":"Athletico-PR acerta contrata\u00e7\u00e3o para 2025","datePublished":"2024-12-02T18:35:00+00:00","mainEntityOfPage":{"@id":"https:\/\/www.gaveanews.com\/index.php\/2024\/12\/02\/athletico-pr-acerta-contratacao-para-2025\/"},"wordCount":382,"commentCount":0,"image":{"@id":"https:\/\/www.gaveanews.com\/index.php\/2024\/12\/02\/athletico-pr-acerta-contratacao-para-2025\/#primaryimage"},"thumbnailUrl":"https:\/\/www.gaveanews.com\/wp-content\/uploads\/luiz-fernando-durante-Flamengo-x-Atletico-GO-pelo-Brasileirao-2024-no-Maracana-1024x639.webp","articleSection":["Athletico-PR"],"inLanguage":"pt-BR","potentialAction":[{"@type":"CommentAction","name":"Comment","target":["https:\/\/www.gaveanews.com\/index.php\/2024\/12\/02\/athletico-pr-acerta-contratacao-para-2025\/#respond"]}],"copyrightYear":"2024","copyrightHolder":{"@id":"https:\/\/www.gaveanews.com\/#organization"}},{"@type":"WebPage","@id":"https:\/\/www.gaveanews.com\/index.php\/2024\/12\/02\/athletico-pr-acerta-contratacao-para-2025\/","url":"https:\/\/www.gaveanews.com\/index.php\/2024\/12\/02\/athletico-pr-acerta-contratacao-para-2025\/","name":"Athletico-PR acerta contrata\u00e7\u00e3o para 2025","isPartOf":{"@id":"https:\/\/www.gaveanews.com\/#website"},"primaryImageOfPage":{"@id":"https:\/\/www.gaveanews.com\/index.php\/2024\/12\/02\/athletico-pr-acerta-contratacao-para-2025\/#primaryimage"},"image":{"@id":"https:\/\/www.gaveanews.com\/index.php\/2024\/12\/02\/athletico-pr-acerta-contratacao-para-2025\/#primaryimage"},"thumbnailUrl":"https:\/\/www.gaveanews.com\/wp-content\/uploads\/luiz-fernando-durante-Flamengo-x-Atletico-GO-pelo-Brasileirao-2024-no-Maracana-1024x639.webp","datePublished":"2024-12-02T18:35:00+00:00","author":{"@id":"https:\/\/www.gaveanews.com\/#\/schema\/person\/37122681a8575a5c8db05a56f099a5e4"},"description":"Athletico-PR acerta contrata\u00e7\u00e3o para 2025","breadcrumb":{"@id":"https:\/\/www.gaveanews.com\/index.php\/2024\/12\/02\/athletico-pr-acerta-contratacao-para-2025\/#breadcrumb"},"inLanguage":"pt-BR","potentialAction":[{"@type":"ReadAction","target":["https:\/\/www.gaveanews.com\/index.php\/2024\/12\/02\/athletico-pr-acerta-contratacao-para-2025\/"]}]},{"@type":"ImageObject","inLanguage":"pt-BR","@id":"https:\/\/www.gaveanews.com\/index.php\/2024\/12\/02\/athletico-pr-acerta-contratacao-para-2025\/#primaryimage","url":"https:\/\/www.gaveanews.com\/wp-content\/uploads\/luiz-fernando-durante-Flamengo-x-Atletico-GO-pelo-Brasileirao-2024-no-Maracana-1024x639.webp","contentUrl":"https:\/\/www.gaveanews.com\/wp-content\/uploads\/luiz-fernando-durante-Flamengo-x-Atletico-GO-pelo-Brasileirao-2024-no-Maracana-1024x639.webp"},{"@type":"BreadcrumbList","@id":"https:\/\/www.gaveanews.com\/index.php\/2024\/12\/02\/athletico-pr-acerta-contratacao-para-2025\/#breadcrumb","itemListElement":[{"@type":"ListItem","position":1,"name":"Home","item":"https:\/\/www.gaveanews.com\/"},{"@type":"ListItem","position":2,"name":"Athletico-PR acerta contrata\u00e7\u00e3o para 2025"}]},{"@type":"WebSite","@id":"https:\/\/www.gaveanews.com\/#website","url":"https:\/\/www.gaveanews.com\/","name":"G\u00e1vea News","description":"Veja todas as not\u00edcias sobre o Flamengo: Contrata\u00e7\u00f5es, categorias de base, resultados das partidas, tabela de classifica\u00e7\u00e3o, pr\u00f3ximos jogos!","potentialAction":[{"@type":"SearchAction","target":{"@type":"EntryPoint","urlTemplate":"https:\/\/www.gaveanews.com\/?s={search_term_string}"},"query-input":{"@type":"PropertyValueSpecification","valueRequired":true,"valueName":"search_term_string"}}],"inLanguage":"pt-BR"},{"@type":"Person","@id":"https:\/\/www.gaveanews.com\/#\/schema\/person\/37122681a8575a5c8db05a56f099a5e4","name":"D\u00e9bora Figueiredo","image":{"@type":"ImageObject","inLanguage":"pt-BR","@id":"https:\/\/www.gaveanews.com\/#\/schema\/person\/image\/","url":"https:\/\/secure.gravatar.com\/avatar\/1f44802859351588499d26f52aed1d15796ce17e67602895b72837c08018868d?s=96&d=mm&r=g","contentUrl":"https:\/\/secure.gravatar.com\/avatar\/1f44802859351588499d26f52aed1d15796ce17e67602895b72837c08018868d?s=96&d=mm&r=g","caption":"D\u00e9bora Figueiredo"}}]}},"_links":{"self":[{"href":"https:\/\/www.gaveanews.com\/index.php\/wp-json\/wp\/v2\/posts\/193298","targetHints":{"allow":["GET"]}}],"collection":[{"href":"https:\/\/www.gaveanews.com\/index.php\/wp-json\/wp\/v2\/posts"}],"about":[{"href":"https:\/\/www.gaveanews.com\/index.php\/wp-json\/wp\/v2\/types\/post"}],"author":[{"embeddable":true,"href":"https:\/\/www.gaveanews.com\/index.php\/wp-json\/wp\/v2\/users\/16"}],"replies":[{"embeddable":true,"href":"https:\/\/www.gaveanews.com\/index.php\/wp-json\/wp\/v2\/comments?post=193298"}],"version-history":[{"count":1,"href":"https:\/\/www.gaveanews.com\/index.php\/wp-json\/wp\/v2\/posts\/193298\/revisions"}],"predecessor-version":[{"id":193362,"href":"https:\/\/www.gaveanews.com\/index.php\/wp-json\/wp\/v2\/posts\/193298\/revisions\/193362"}],"wp:attachment":[{"href":"https:\/\/www.gaveanews.com\/index.php\/wp-json\/wp\/v2\/media?parent=193298"}],"wp:term":[{"taxonomy":"category","embeddable":true,"href":"https:\/\/www.gaveanews.com\/index.php\/wp-json\/wp\/v2\/categories?post=193298"},{"taxonomy":"post_tag","embeddable":true,"href":"https:\/\/www.gaveanews.com\/index.php\/wp-json\/wp\/v2\/tags?post=193298"}],"curies":[{"name":"wp","href":"https:\/\/api.w.org\/{rel}","templated":true}]}}