{"id":193308,"date":"2024-12-02T15:15:00","date_gmt":"2024-12-02T18:15:00","guid":{"rendered":"https:\/\/www.gaveanews.com\/?p=193308"},"modified":"2024-12-02T14:53:47","modified_gmt":"2024-12-02T17:53:47","slug":"gremio-renato-portaluppi-ganha-dois-reforcos-no-gremio","status":"publish","type":"post","link":"https:\/\/www.gaveanews.com\/index.php\/2024\/12\/02\/gremio-renato-portaluppi-ganha-dois-reforcos-no-gremio\/","title":{"rendered":"Gr\u00eamio: Renato Portaluppi ganha dois refor\u00e7os no Gr\u00eamio"},"content":{"rendered":"\n<p>Ap\u00f3s uma vit\u00f3ria por 2 a 1 contra o S\u00e3o Paulo na Arena, o Gr\u00eamio confirmou a integra\u00e7\u00e3o de dois jovens talentos da base ao elenco profissional. O an\u00fancio, realizado no \u00faltimo domingo (1\u00ba) pelo vice-presidente de futebol Ant\u00f4nio Brum, marca mais um passo na valoriza\u00e7\u00e3o das categorias de base do clube. <\/p>\n\n\n\n<ul class=\"wp-block-list\">\n<li><a href=\"https:\/\/www.gaveanews.com\/index.php\/2024\/12\/01\/renato-gaucho-do-gremio-volta-a-atacar-a-imprensa\/\">Renato Ga\u00facho, do Gr\u00eamio, volta a atacar a imprensa<\/a><\/li>\n\n\n\n<li><a href=\"https:\/\/www.gaveanews.com\/index.php\/2024\/11\/29\/a-situacao-de-rodrigo-caio-no-gremio\/\">A situa\u00e7\u00e3o de Rodrigo Caio no Gr\u00eamio<\/a><\/li>\n<\/ul>\n\n\n\n<p>Um dos promovidos \u00e9 Alysson Edward, atacante de 18 anos, que j\u00e1 vinha figurando em jogos recentes sob o comando de Renato. O jovem acumulou minutos importantes nas partidas contra Juventude e Cruzeiro, antes de enfrentar uma les\u00e3o que o afastou temporariamente. Agora recuperado, Alysson retorna ao grupo principal com expectativas renovadas.<\/p>\n\n\n\n<p>Outro nome que ganha espa\u00e7o \u00e9 o de Tiaguinho, meio-campista de apenas 16 anos, cuja versatilidade \u00e9 uma de suas marcas. Originalmente volante, o jogador tem se destacado tamb\u00e9m em fun\u00e7\u00f5es mais avan\u00e7adas, demonstrando capacidade para atuar como um cl\u00e1ssico camisa 10. <\/p>\n\n\n\n<figure class=\"wp-block-embed is-type-photo is-provider-flickr wp-block-embed-flickr\"><div class=\"wp-block-embed__wrapper\">\n<a href=\"https:\/\/www.flickr.com\/photos\/201155970@N03\/54178063482\/in\/dateposted-public\/\"><img loading=\"lazy\" decoding=\"async\" src=\"https:\/\/live.staticflickr.com\/65535\/54178063482_53c929bd6b_z.webp\" alt=\"imagem_2024-12-02_145257869\" width=\"640\" height=\"426\" \/><\/a>\n<\/div><\/figure>\n\n\n\n<p>Al\u00e9m disso, Renato elogiou sua qualidade t\u00e9cnica e acredita no potencial do atleta para contribuir no setor ofensivo. <\/p>\n\n\n\n<p>\u201cTem o Tiaguinho, que eu levo bastante f\u00e9. Inclusive, h\u00e1 um ano que eu j\u00e1 venho conversando com os caras da base. Falei com ele sobre isso, que eu n\u00e3o gostaria que jogasse de volante l\u00e1. Pelo talento dele eu quero que atue na meia. Talento sempre tem de estar muito mais pr\u00f3ximo da \u00e1rea do advers\u00e1rio\u201d, falou em entrevista recente para GZH.<\/p>\n\n\n\n<h2 class=\"wp-block-heading\" id=\"h-gremio-faz-aposta-estrategica-na-formacao\">Gr\u00eamio faz aposta estrat\u00e9gica na forma\u00e7\u00e3o<\/h2>\n\n\n\n<p>\u00c9 v\u00e1lido ressaltar que o Gr\u00eamio possui tradi\u00e7\u00e3o de investir em talentos das categorias de base, respons\u00e1veis por revelar grandes nomes ao longo de sua hist\u00f3ria. Assim, a conviv\u00eancia com jogadores experientes, como Geromel, \u00e9 vista como uma oportunidade de amadurecimento para Alysson e Tiaguinho, que agora integram o elenco em um momento estrat\u00e9gico para o clube.<\/p>\n\n\n\n<p>Sendo assim, Alysson tenta aproveitar cada oportunidade para garantir espa\u00e7o no time titular. Enquanto isso, Tiaguinho impressiona pela maturidade t\u00e9cnica, mesmo sendo o mais jovem do grupo. Dessa forma, ambos refor\u00e7am a renova\u00e7\u00e3o do elenco, alinhada aos objetivos de longo prazo do clube.<\/p>\n","protected":false},"excerpt":{"rendered":"<p>Ap\u00f3s uma vit\u00f3ria por 2 a 1 contra o S\u00e3o Paulo na Arena, o Gr\u00eamio confirmou a integra\u00e7\u00e3o de dois jovens talentos da base ao elenco profissional. O an\u00fancio, realizado no \u00faltimo domingo (1\u00ba) pelo vice-presidente de futebol Ant\u00f4nio Brum, marca mais um passo na valoriza\u00e7\u00e3o das categorias de base do clube. Um dos promovidos [&hellip;]<\/p>\n","protected":false},"author":28,"featured_media":144188,"comment_status":"open","ping_status":"closed","sticky":false,"template":"","format":"standard","meta":{"footnotes":""},"categories":[147],"tags":[],"class_list":["post-193308","post","type-post","status-publish","format-standard","has-post-thumbnail","hentry","category-gremio"],"yoast_head":"<!-- This site is optimized with the Yoast SEO Premium plugin v24.2 (Yoast SEO v26.9) - https:\/\/yoast.com\/product\/yoast-seo-premium-wordpress\/ -->\n<title>Gr\u00eamio: Renato Portaluppi ganha dois refor\u00e7os no Gr\u00eamio<\/title>\n<meta name=\"robots\" content=\"index, follow, max-snippet:-1, max-image-preview:large, max-video-preview:-1\" \/>\n<link rel=\"canonical\" href=\"https:\/\/www.gaveanews.com\/index.php\/2024\/12\/02\/gremio-renato-portaluppi-ganha-dois-reforcos-no-gremio\/\" \/>\n<meta property=\"og:locale\" content=\"pt_BR\" \/>\n<meta property=\"og:type\" content=\"article\" \/>\n<meta property=\"og:title\" content=\"Gr\u00eamio: Renato Portaluppi ganha dois refor\u00e7os no Gr\u00eamio\" \/>\n<meta property=\"og:description\" content=\"Ap\u00f3s uma vit\u00f3ria por 2 a 1 contra o S\u00e3o Paulo na Arena, o Gr\u00eamio confirmou a integra\u00e7\u00e3o de dois jovens talentos da base ao elenco profissional. O an\u00fancio, realizado no \u00faltimo domingo (1\u00ba) pelo vice-presidente de futebol Ant\u00f4nio Brum, marca mais um passo na valoriza\u00e7\u00e3o das categorias de base do clube. Um dos promovidos [&hellip;]\" \/>\n<meta property=\"og:url\" content=\"https:\/\/www.gaveanews.com\/index.php\/2024\/12\/02\/gremio-renato-portaluppi-ganha-dois-reforcos-no-gremio\/\" \/>\n<meta property=\"og:site_name\" content=\"G\u00e1vea News\" \/>\n<meta property=\"article:publisher\" content=\"https:\/\/facebook.com\/gaveaNews\/\" \/>\n<meta property=\"article:published_time\" content=\"2024-12-02T18:15:00+00:00\" \/>\n<meta property=\"og:image\" content=\"https:\/\/www.gaveanews.com\/wp-content\/uploads\/renato-gaucho-gremio.webp\" \/>\n\t<meta property=\"og:image:width\" content=\"1000\" \/>\n\t<meta property=\"og:image:height\" content=\"563\" \/>\n\t<meta property=\"og:image:type\" content=\"image\/webp\" \/>\n<meta name=\"author\" content=\"Hudson Pereira\" \/>\n<meta name=\"twitter:card\" content=\"summary_large_image\" \/>\n<meta name=\"twitter:label1\" content=\"Escrito por\" \/>\n\t<meta name=\"twitter:data1\" content=\"Hudson Pereira\" \/>\n\t<meta name=\"twitter:label2\" content=\"Est. tempo de leitura\" \/>\n\t<meta name=\"twitter:data2\" content=\"3 minutos\" \/>\n<script type=\"application\/ld+json\" class=\"yoast-schema-graph\">{\"@context\":\"https:\/\/schema.org\",\"@graph\":[{\"@type\":\"NewsArticle\",\"@id\":\"https:\/\/www.gaveanews.com\/index.php\/2024\/12\/02\/gremio-renato-portaluppi-ganha-dois-reforcos-no-gremio\/#article\",\"isPartOf\":{\"@id\":\"https:\/\/www.gaveanews.com\/index.php\/2024\/12\/02\/gremio-renato-portaluppi-ganha-dois-reforcos-no-gremio\/\"},\"author\":{\"name\":\"Hudson Pereira\",\"@id\":\"https:\/\/www.gaveanews.com\/#\/schema\/person\/bd08f00534b403119b92741a6d469ef0\"},\"headline\":\"Gr\u00eamio: Renato Portaluppi ganha dois refor\u00e7os no Gr\u00eamio\",\"datePublished\":\"2024-12-02T18:15:00+00:00\",\"mainEntityOfPage\":{\"@id\":\"https:\/\/www.gaveanews.com\/index.php\/2024\/12\/02\/gremio-renato-portaluppi-ganha-dois-reforcos-no-gremio\/\"},\"wordCount\":394,\"commentCount\":0,\"image\":{\"@id\":\"https:\/\/www.gaveanews.com\/index.php\/2024\/12\/02\/gremio-renato-portaluppi-ganha-dois-reforcos-no-gremio\/#primaryimage\"},\"thumbnailUrl\":\"https:\/\/www.gaveanews.com\/wp-content\/uploads\/renato-gaucho-gremio.webp\",\"articleSection\":[\"Gr\u00eamio\"],\"inLanguage\":\"pt-BR\",\"potentialAction\":[{\"@type\":\"CommentAction\",\"name\":\"Comment\",\"target\":[\"https:\/\/www.gaveanews.com\/index.php\/2024\/12\/02\/gremio-renato-portaluppi-ganha-dois-reforcos-no-gremio\/#respond\"]}],\"copyrightYear\":\"2024\",\"copyrightHolder\":{\"@id\":\"https:\/\/www.gaveanews.com\/#organization\"}},{\"@type\":\"WebPage\",\"@id\":\"https:\/\/www.gaveanews.com\/index.php\/2024\/12\/02\/gremio-renato-portaluppi-ganha-dois-reforcos-no-gremio\/\",\"url\":\"https:\/\/www.gaveanews.com\/index.php\/2024\/12\/02\/gremio-renato-portaluppi-ganha-dois-reforcos-no-gremio\/\",\"name\":\"Gr\u00eamio: Renato Portaluppi ganha dois refor\u00e7os no Gr\u00eamio\",\"isPartOf\":{\"@id\":\"https:\/\/www.gaveanews.com\/#website\"},\"primaryImageOfPage\":{\"@id\":\"https:\/\/www.gaveanews.com\/index.php\/2024\/12\/02\/gremio-renato-portaluppi-ganha-dois-reforcos-no-gremio\/#primaryimage\"},\"image\":{\"@id\":\"https:\/\/www.gaveanews.com\/index.php\/2024\/12\/02\/gremio-renato-portaluppi-ganha-dois-reforcos-no-gremio\/#primaryimage\"},\"thumbnailUrl\":\"https:\/\/www.gaveanews.com\/wp-content\/uploads\/renato-gaucho-gremio.webp\",\"datePublished\":\"2024-12-02T18:15:00+00:00\",\"author\":{\"@id\":\"https:\/\/www.gaveanews.com\/#\/schema\/person\/bd08f00534b403119b92741a6d469ef0\"},\"breadcrumb\":{\"@id\":\"https:\/\/www.gaveanews.com\/index.php\/2024\/12\/02\/gremio-renato-portaluppi-ganha-dois-reforcos-no-gremio\/#breadcrumb\"},\"inLanguage\":\"pt-BR\",\"potentialAction\":[{\"@type\":\"ReadAction\",\"target\":[\"https:\/\/www.gaveanews.com\/index.php\/2024\/12\/02\/gremio-renato-portaluppi-ganha-dois-reforcos-no-gremio\/\"]}]},{\"@type\":\"ImageObject\",\"inLanguage\":\"pt-BR\",\"@id\":\"https:\/\/www.gaveanews.com\/index.php\/2024\/12\/02\/gremio-renato-portaluppi-ganha-dois-reforcos-no-gremio\/#primaryimage\",\"url\":\"https:\/\/www.gaveanews.com\/wp-content\/uploads\/renato-gaucho-gremio.webp\",\"contentUrl\":\"https:\/\/www.gaveanews.com\/wp-content\/uploads\/renato-gaucho-gremio.webp\",\"width\":1000,\"height\":563,\"caption\":\"Renato Ga\u00facho em treino do Gr\u00eamio (Foto: Lucas Uebel\/Gr\u00eamio FBPA)\"},{\"@type\":\"BreadcrumbList\",\"@id\":\"https:\/\/www.gaveanews.com\/index.php\/2024\/12\/02\/gremio-renato-portaluppi-ganha-dois-reforcos-no-gremio\/#breadcrumb\",\"itemListElement\":[{\"@type\":\"ListItem\",\"position\":1,\"name\":\"Home\",\"item\":\"https:\/\/www.gaveanews.com\/\"},{\"@type\":\"ListItem\",\"position\":2,\"name\":\"Gr\u00eamio: Renato Portaluppi ganha dois refor\u00e7os no Gr\u00eamio\"}]},{\"@type\":\"WebSite\",\"@id\":\"https:\/\/www.gaveanews.com\/#website\",\"url\":\"https:\/\/www.gaveanews.com\/\",\"name\":\"G\u00e1vea News\",\"description\":\"Veja todas as not\u00edcias sobre o Flamengo: Contrata\u00e7\u00f5es, categorias de base, resultados das partidas, tabela de classifica\u00e7\u00e3o, pr\u00f3ximos jogos!\",\"potentialAction\":[{\"@type\":\"SearchAction\",\"target\":{\"@type\":\"EntryPoint\",\"urlTemplate\":\"https:\/\/www.gaveanews.com\/?s={search_term_string}\"},\"query-input\":{\"@type\":\"PropertyValueSpecification\",\"valueRequired\":true,\"valueName\":\"search_term_string\"}}],\"inLanguage\":\"pt-BR\"},{\"@type\":\"Person\",\"@id\":\"https:\/\/www.gaveanews.com\/#\/schema\/person\/bd08f00534b403119b92741a6d469ef0\",\"name\":\"Hudson Pereira\",\"image\":{\"@type\":\"ImageObject\",\"inLanguage\":\"pt-BR\",\"@id\":\"https:\/\/www.gaveanews.com\/#\/schema\/person\/image\/\",\"url\":\"https:\/\/secure.gravatar.com\/avatar\/ecc491b489e454e510efffc9b23c1052ce5fb4f2e05555768ba65819cd55f03e?s=96&d=mm&r=g\",\"contentUrl\":\"https:\/\/secure.gravatar.com\/avatar\/ecc491b489e454e510efffc9b23c1052ce5fb4f2e05555768ba65819cd55f03e?s=96&d=mm&r=g\",\"caption\":\"Hudson Pereira\"}}]}<\/script>\n<!-- \/ Yoast SEO Premium plugin. -->","yoast_head_json":{"title":"Gr\u00eamio: Renato Portaluppi ganha dois refor\u00e7os no Gr\u00eamio","robots":{"index":"index","follow":"follow","max-snippet":"max-snippet:-1","max-image-preview":"max-image-preview:large","max-video-preview":"max-video-preview:-1"},"canonical":"https:\/\/www.gaveanews.com\/index.php\/2024\/12\/02\/gremio-renato-portaluppi-ganha-dois-reforcos-no-gremio\/","og_locale":"pt_BR","og_type":"article","og_title":"Gr\u00eamio: Renato Portaluppi ganha dois refor\u00e7os no Gr\u00eamio","og_description":"Ap\u00f3s uma vit\u00f3ria por 2 a 1 contra o S\u00e3o Paulo na Arena, o Gr\u00eamio confirmou a integra\u00e7\u00e3o de dois jovens talentos da base ao elenco profissional. O an\u00fancio, realizado no \u00faltimo domingo (1\u00ba) pelo vice-presidente de futebol Ant\u00f4nio Brum, marca mais um passo na valoriza\u00e7\u00e3o das categorias de base do clube. Um dos promovidos [&hellip;]","og_url":"https:\/\/www.gaveanews.com\/index.php\/2024\/12\/02\/gremio-renato-portaluppi-ganha-dois-reforcos-no-gremio\/","og_site_name":"G\u00e1vea News","article_publisher":"https:\/\/facebook.com\/gaveaNews\/","article_published_time":"2024-12-02T18:15:00+00:00","og_image":[{"width":1000,"height":563,"url":"https:\/\/www.gaveanews.com\/wp-content\/uploads\/renato-gaucho-gremio.webp","type":"image\/webp"}],"author":"Hudson Pereira","twitter_card":"summary_large_image","twitter_misc":{"Escrito por":"Hudson Pereira","Est. tempo de leitura":"3 minutos"},"schema":{"@context":"https:\/\/schema.org","@graph":[{"@type":"NewsArticle","@id":"https:\/\/www.gaveanews.com\/index.php\/2024\/12\/02\/gremio-renato-portaluppi-ganha-dois-reforcos-no-gremio\/#article","isPartOf":{"@id":"https:\/\/www.gaveanews.com\/index.php\/2024\/12\/02\/gremio-renato-portaluppi-ganha-dois-reforcos-no-gremio\/"},"author":{"name":"Hudson Pereira","@id":"https:\/\/www.gaveanews.com\/#\/schema\/person\/bd08f00534b403119b92741a6d469ef0"},"headline":"Gr\u00eamio: Renato Portaluppi ganha dois refor\u00e7os no Gr\u00eamio","datePublished":"2024-12-02T18:15:00+00:00","mainEntityOfPage":{"@id":"https:\/\/www.gaveanews.com\/index.php\/2024\/12\/02\/gremio-renato-portaluppi-ganha-dois-reforcos-no-gremio\/"},"wordCount":394,"commentCount":0,"image":{"@id":"https:\/\/www.gaveanews.com\/index.php\/2024\/12\/02\/gremio-renato-portaluppi-ganha-dois-reforcos-no-gremio\/#primaryimage"},"thumbnailUrl":"https:\/\/www.gaveanews.com\/wp-content\/uploads\/renato-gaucho-gremio.webp","articleSection":["Gr\u00eamio"],"inLanguage":"pt-BR","potentialAction":[{"@type":"CommentAction","name":"Comment","target":["https:\/\/www.gaveanews.com\/index.php\/2024\/12\/02\/gremio-renato-portaluppi-ganha-dois-reforcos-no-gremio\/#respond"]}],"copyrightYear":"2024","copyrightHolder":{"@id":"https:\/\/www.gaveanews.com\/#organization"}},{"@type":"WebPage","@id":"https:\/\/www.gaveanews.com\/index.php\/2024\/12\/02\/gremio-renato-portaluppi-ganha-dois-reforcos-no-gremio\/","url":"https:\/\/www.gaveanews.com\/index.php\/2024\/12\/02\/gremio-renato-portaluppi-ganha-dois-reforcos-no-gremio\/","name":"Gr\u00eamio: Renato Portaluppi ganha dois refor\u00e7os no Gr\u00eamio","isPartOf":{"@id":"https:\/\/www.gaveanews.com\/#website"},"primaryImageOfPage":{"@id":"https:\/\/www.gaveanews.com\/index.php\/2024\/12\/02\/gremio-renato-portaluppi-ganha-dois-reforcos-no-gremio\/#primaryimage"},"image":{"@id":"https:\/\/www.gaveanews.com\/index.php\/2024\/12\/02\/gremio-renato-portaluppi-ganha-dois-reforcos-no-gremio\/#primaryimage"},"thumbnailUrl":"https:\/\/www.gaveanews.com\/wp-content\/uploads\/renato-gaucho-gremio.webp","datePublished":"2024-12-02T18:15:00+00:00","author":{"@id":"https:\/\/www.gaveanews.com\/#\/schema\/person\/bd08f00534b403119b92741a6d469ef0"},"breadcrumb":{"@id":"https:\/\/www.gaveanews.com\/index.php\/2024\/12\/02\/gremio-renato-portaluppi-ganha-dois-reforcos-no-gremio\/#breadcrumb"},"inLanguage":"pt-BR","potentialAction":[{"@type":"ReadAction","target":["https:\/\/www.gaveanews.com\/index.php\/2024\/12\/02\/gremio-renato-portaluppi-ganha-dois-reforcos-no-gremio\/"]}]},{"@type":"ImageObject","inLanguage":"pt-BR","@id":"https:\/\/www.gaveanews.com\/index.php\/2024\/12\/02\/gremio-renato-portaluppi-ganha-dois-reforcos-no-gremio\/#primaryimage","url":"https:\/\/www.gaveanews.com\/wp-content\/uploads\/renato-gaucho-gremio.webp","contentUrl":"https:\/\/www.gaveanews.com\/wp-content\/uploads\/renato-gaucho-gremio.webp","width":1000,"height":563,"caption":"Renato Ga\u00facho em treino do Gr\u00eamio (Foto: Lucas Uebel\/Gr\u00eamio FBPA)"},{"@type":"BreadcrumbList","@id":"https:\/\/www.gaveanews.com\/index.php\/2024\/12\/02\/gremio-renato-portaluppi-ganha-dois-reforcos-no-gremio\/#breadcrumb","itemListElement":[{"@type":"ListItem","position":1,"name":"Home","item":"https:\/\/www.gaveanews.com\/"},{"@type":"ListItem","position":2,"name":"Gr\u00eamio: Renato Portaluppi ganha dois refor\u00e7os no Gr\u00eamio"}]},{"@type":"WebSite","@id":"https:\/\/www.gaveanews.com\/#website","url":"https:\/\/www.gaveanews.com\/","name":"G\u00e1vea News","description":"Veja todas as not\u00edcias sobre o Flamengo: Contrata\u00e7\u00f5es, categorias de base, resultados das partidas, tabela de classifica\u00e7\u00e3o, pr\u00f3ximos jogos!","potentialAction":[{"@type":"SearchAction","target":{"@type":"EntryPoint","urlTemplate":"https:\/\/www.gaveanews.com\/?s={search_term_string}"},"query-input":{"@type":"PropertyValueSpecification","valueRequired":true,"valueName":"search_term_string"}}],"inLanguage":"pt-BR"},{"@type":"Person","@id":"https:\/\/www.gaveanews.com\/#\/schema\/person\/bd08f00534b403119b92741a6d469ef0","name":"Hudson Pereira","image":{"@type":"ImageObject","inLanguage":"pt-BR","@id":"https:\/\/www.gaveanews.com\/#\/schema\/person\/image\/","url":"https:\/\/secure.gravatar.com\/avatar\/ecc491b489e454e510efffc9b23c1052ce5fb4f2e05555768ba65819cd55f03e?s=96&d=mm&r=g","contentUrl":"https:\/\/secure.gravatar.com\/avatar\/ecc491b489e454e510efffc9b23c1052ce5fb4f2e05555768ba65819cd55f03e?s=96&d=mm&r=g","caption":"Hudson Pereira"}}]}},"_links":{"self":[{"href":"https:\/\/www.gaveanews.com\/index.php\/wp-json\/wp\/v2\/posts\/193308","targetHints":{"allow":["GET"]}}],"collection":[{"href":"https:\/\/www.gaveanews.com\/index.php\/wp-json\/wp\/v2\/posts"}],"about":[{"href":"https:\/\/www.gaveanews.com\/index.php\/wp-json\/wp\/v2\/types\/post"}],"author":[{"embeddable":true,"href":"https:\/\/www.gaveanews.com\/index.php\/wp-json\/wp\/v2\/users\/28"}],"replies":[{"embeddable":true,"href":"https:\/\/www.gaveanews.com\/index.php\/wp-json\/wp\/v2\/comments?post=193308"}],"version-history":[{"count":4,"href":"https:\/\/www.gaveanews.com\/index.php\/wp-json\/wp\/v2\/posts\/193308\/revisions"}],"predecessor-version":[{"id":193378,"href":"https:\/\/www.gaveanews.com\/index.php\/wp-json\/wp\/v2\/posts\/193308\/revisions\/193378"}],"wp:featuredmedia":[{"embeddable":true,"href":"https:\/\/www.gaveanews.com\/index.php\/wp-json\/wp\/v2\/media\/144188"}],"wp:attachment":[{"href":"https:\/\/www.gaveanews.com\/index.php\/wp-json\/wp\/v2\/media?parent=193308"}],"wp:term":[{"taxonomy":"category","embeddable":true,"href":"https:\/\/www.gaveanews.com\/index.php\/wp-json\/wp\/v2\/categories?post=193308"},{"taxonomy":"post_tag","embeddable":true,"href":"https:\/\/www.gaveanews.com\/index.php\/wp-json\/wp\/v2\/tags?post=193308"}],"curies":[{"name":"wp","href":"https:\/\/api.w.org\/{rel}","templated":true}]}}