{"id":193310,"date":"2024-12-02T13:55:09","date_gmt":"2024-12-02T16:55:09","guid":{"rendered":"https:\/\/www.gaveanews.com\/?p=193310"},"modified":"2024-12-02T13:23:07","modified_gmt":"2024-12-02T16:23:07","slug":"corinthians-justica-nega-pedido-de-augusto-melo","status":"publish","type":"post","link":"https:\/\/www.gaveanews.com\/index.php\/2024\/12\/02\/corinthians-justica-nega-pedido-de-augusto-melo\/","title":{"rendered":"Corinthians: Justi\u00e7a nega pedido de Augusto Melo"},"content":{"rendered":"\n<h2 class=\"wp-block-heading\" id=\"h-justica-nega-liminar-de-augusto-melo-e-votacao-de-impeachment-no-corinthians-e-mantida\">Justi\u00e7a nega liminar de Augusto Melo, e vota\u00e7\u00e3o de impeachment no Corinthians \u00e9 mantida<\/h2>\n\n\n\n<p>A Justi\u00e7a de S\u00e3o Paulo rejeitou, nesta segunda-feira, um pedido de liminar feito pelo presidente do Corinthians, Augusto Melo, para suspender a vota\u00e7\u00e3o que pode definir seu impeachment. A decis\u00e3o, assinada pelo juiz Erasmo Samuel Tozetto, da 4\u00aa Vara C\u00edvel do Foro do Tatuap\u00e9, considerou que o processo respeita o estatuto do clube e garantiu a Melo o direito \u00e0 defesa.<\/p>\n\n\n\n<ul class=\"wp-block-list\">\n<li><a href=\"https:\/\/www.gaveanews.com\/index.php\/2024\/11\/26\/o-impeachment-de-augusto-melo-no-corinthians\/\">O impeachment de Augusto Melo no Corinthians<\/a><\/li>\n\n\n\n<li><a href=\"https:\/\/www.gaveanews.com\/index.php\/2024\/11\/24\/impeachment-no-corinthians-augusto-melo-cita-ate-memphis-depay\/\">Impeachment no Corinthians: Augusto Melo cita at\u00e9 Memphis Depay<\/a><\/li>\n<\/ul>\n\n\n\n<p>O pedido de Melo tinha como base a alega\u00e7\u00e3o de que Romeu Tuma Jr., presidente do Conselho Deliberativo e respons\u00e1vel pela convoca\u00e7\u00e3o da reuni\u00e3o, n\u00e3o seguiu os tr\u00e2mites previstos pelo estatuto corintiano. Melo argumentou que Tuma teria concordado em aguardar a conclus\u00e3o das investiga\u00e7\u00f5es policiais sobre o contrato de patroc\u00ednio com a VaideBet antes de prosseguir com o processo.<\/p>\n\n\n\n<p>A Comiss\u00e3o de \u00c9tica do clube j\u00e1 havia recomendado a suspens\u00e3o do procedimento at\u00e9 o fim do inqu\u00e9rito policial, que apura poss\u00edveis irregularidades no contrato de patroc\u00ednio firmado com a empresa desde maio. Segundo a comiss\u00e3o, uma decis\u00e3o precipitada poderia resultar em uma injusti\u00e7a. No entanto, o estatuto permite que o presidente do Conselho Deliberativo encaminhe o impeachment \u00e0 vota\u00e7\u00e3o, independentemente das recomenda\u00e7\u00f5es.<\/p>\n\n\n\n<p>Em nota divulgada nesta segunda-feira, Romeu Tuma Jr. destacou a legalidade do processo e criticou as acusa\u00e7\u00f5es de suposto golpe:<\/p>\n\n\n\n<p>\u201cComo Presidente do Conselho Deliberativo do Sport Club Corinthians Paulista, recebi com serenidade a not\u00edcia do indeferimento do recurso do presidente da Diretoria Executiva, Augusto Melo, que pedia a nulidade do procedimento da Comiss\u00e3o de \u00c9tica e da convoca\u00e7\u00e3o da Reuni\u00e3o do Conselho desta segunda, com pedido de tutela provis\u00f3ria. Quem alegava que era \u2018um golpe\u2019, com a decis\u00e3o da Justi\u00e7a, perde a falsa narrativa\u201d declarou Tuma.<\/p>\n\n\n\n<p>A vota\u00e7\u00e3o ocorrer\u00e1 nesta noite, no Parque S\u00e3o Jorge, com a primeira chamada prevista para as 18h e a segunda para as 19h. Segundo Tuma, a Pol\u00edcia Militar garantiu a seguran\u00e7a do evento.<\/p>\n\n\n\n<p>Augusto Melo, que assumiu a presid\u00eancia do clube no in\u00edcio deste ano com mandato at\u00e9 dezembro de 2026, ainda pode recorrer da decis\u00e3o judicial. Al\u00e9m do processo atual, um segundo pedido de impeachment foi recentemente protocolado no Conselho Deliberativo e segue em andamento.<\/p>\n","protected":false},"excerpt":{"rendered":"<p>Justi\u00e7a nega liminar de Augusto Melo, e vota\u00e7\u00e3o de impeachment no Corinthians \u00e9 mantida A Justi\u00e7a de S\u00e3o Paulo rejeitou, nesta segunda-feira, um pedido de liminar feito pelo presidente do Corinthians, Augusto Melo, para suspender a vota\u00e7\u00e3o que pode definir seu impeachment. A decis\u00e3o, assinada pelo juiz Erasmo Samuel Tozetto, da 4\u00aa Vara C\u00edvel do [&hellip;]<\/p>\n","protected":false},"author":17,"featured_media":145590,"comment_status":"open","ping_status":"closed","sticky":false,"template":"","format":"standard","meta":{"footnotes":""},"categories":[141],"tags":[],"class_list":["post-193310","post","type-post","status-publish","format-standard","has-post-thumbnail","hentry","category-corinthians"],"yoast_head":"<!-- This site is optimized with the Yoast SEO Premium plugin v24.2 (Yoast SEO v26.9) - https:\/\/yoast.com\/product\/yoast-seo-premium-wordpress\/ -->\n<title>Corinthians: Justi\u00e7a nega pedido de Augusto Melo<\/title>\n<meta name=\"robots\" content=\"index, follow, max-snippet:-1, max-image-preview:large, max-video-preview:-1\" \/>\n<link rel=\"canonical\" href=\"https:\/\/www.gaveanews.com\/index.php\/2024\/12\/02\/corinthians-justica-nega-pedido-de-augusto-melo\/\" \/>\n<meta property=\"og:locale\" content=\"pt_BR\" \/>\n<meta property=\"og:type\" content=\"article\" \/>\n<meta property=\"og:title\" content=\"Corinthians: Justi\u00e7a nega pedido de Augusto Melo\" \/>\n<meta property=\"og:description\" content=\"Justi\u00e7a nega liminar de Augusto Melo, e vota\u00e7\u00e3o de impeachment no Corinthians \u00e9 mantida A Justi\u00e7a de S\u00e3o Paulo rejeitou, nesta segunda-feira, um pedido de liminar feito pelo presidente do Corinthians, Augusto Melo, para suspender a vota\u00e7\u00e3o que pode definir seu impeachment. A decis\u00e3o, assinada pelo juiz Erasmo Samuel Tozetto, da 4\u00aa Vara C\u00edvel do [&hellip;]\" \/>\n<meta property=\"og:url\" content=\"https:\/\/www.gaveanews.com\/index.php\/2024\/12\/02\/corinthians-justica-nega-pedido-de-augusto-melo\/\" \/>\n<meta property=\"og:site_name\" content=\"G\u00e1vea News\" \/>\n<meta property=\"article:publisher\" content=\"https:\/\/facebook.com\/gaveaNews\/\" \/>\n<meta property=\"article:published_time\" content=\"2024-12-02T16:55:09+00:00\" \/>\n<meta property=\"og:image\" content=\"https:\/\/www.gaveanews.com\/wp-content\/uploads\/Augusto-Melo-durante-coletiva-de-imprensa-do-Corinthians.webp\" \/>\n\t<meta property=\"og:image:width\" content=\"1920\" \/>\n\t<meta property=\"og:image:height\" content=\"1080\" \/>\n\t<meta property=\"og:image:type\" content=\"image\/jpeg\" \/>\n<meta name=\"author\" content=\"Geovanna Thomaz\" \/>\n<meta name=\"twitter:card\" content=\"summary_large_image\" \/>\n<meta name=\"twitter:label1\" content=\"Escrito por\" \/>\n\t<meta name=\"twitter:data1\" content=\"Geovanna Thomaz\" \/>\n\t<meta name=\"twitter:label2\" content=\"Est. tempo de leitura\" \/>\n\t<meta name=\"twitter:data2\" content=\"3 minutos\" \/>\n<script type=\"application\/ld+json\" class=\"yoast-schema-graph\">{\"@context\":\"https:\/\/schema.org\",\"@graph\":[{\"@type\":\"NewsArticle\",\"@id\":\"https:\/\/www.gaveanews.com\/index.php\/2024\/12\/02\/corinthians-justica-nega-pedido-de-augusto-melo\/#article\",\"isPartOf\":{\"@id\":\"https:\/\/www.gaveanews.com\/index.php\/2024\/12\/02\/corinthians-justica-nega-pedido-de-augusto-melo\/\"},\"author\":{\"name\":\"Geovanna Thomaz\",\"@id\":\"https:\/\/www.gaveanews.com\/#\/schema\/person\/f42654babcd2b2014a1a65af82b081f1\"},\"headline\":\"Corinthians: Justi\u00e7a nega pedido de Augusto Melo\",\"datePublished\":\"2024-12-02T16:55:09+00:00\",\"mainEntityOfPage\":{\"@id\":\"https:\/\/www.gaveanews.com\/index.php\/2024\/12\/02\/corinthians-justica-nega-pedido-de-augusto-melo\/\"},\"wordCount\":421,\"commentCount\":0,\"image\":{\"@id\":\"https:\/\/www.gaveanews.com\/index.php\/2024\/12\/02\/corinthians-justica-nega-pedido-de-augusto-melo\/#primaryimage\"},\"thumbnailUrl\":\"https:\/\/www.gaveanews.com\/wp-content\/uploads\/Augusto-Melo-durante-coletiva-de-imprensa-do-Corinthians.webp\",\"articleSection\":[\"Corinthians\"],\"inLanguage\":\"pt-BR\",\"potentialAction\":[{\"@type\":\"CommentAction\",\"name\":\"Comment\",\"target\":[\"https:\/\/www.gaveanews.com\/index.php\/2024\/12\/02\/corinthians-justica-nega-pedido-de-augusto-melo\/#respond\"]}],\"copyrightYear\":\"2024\",\"copyrightHolder\":{\"@id\":\"https:\/\/www.gaveanews.com\/#organization\"}},{\"@type\":\"WebPage\",\"@id\":\"https:\/\/www.gaveanews.com\/index.php\/2024\/12\/02\/corinthians-justica-nega-pedido-de-augusto-melo\/\",\"url\":\"https:\/\/www.gaveanews.com\/index.php\/2024\/12\/02\/corinthians-justica-nega-pedido-de-augusto-melo\/\",\"name\":\"Corinthians: Justi\u00e7a nega pedido de Augusto Melo\",\"isPartOf\":{\"@id\":\"https:\/\/www.gaveanews.com\/#website\"},\"primaryImageOfPage\":{\"@id\":\"https:\/\/www.gaveanews.com\/index.php\/2024\/12\/02\/corinthians-justica-nega-pedido-de-augusto-melo\/#primaryimage\"},\"image\":{\"@id\":\"https:\/\/www.gaveanews.com\/index.php\/2024\/12\/02\/corinthians-justica-nega-pedido-de-augusto-melo\/#primaryimage\"},\"thumbnailUrl\":\"https:\/\/www.gaveanews.com\/wp-content\/uploads\/Augusto-Melo-durante-coletiva-de-imprensa-do-Corinthians.webp\",\"datePublished\":\"2024-12-02T16:55:09+00:00\",\"author\":{\"@id\":\"https:\/\/www.gaveanews.com\/#\/schema\/person\/f42654babcd2b2014a1a65af82b081f1\"},\"breadcrumb\":{\"@id\":\"https:\/\/www.gaveanews.com\/index.php\/2024\/12\/02\/corinthians-justica-nega-pedido-de-augusto-melo\/#breadcrumb\"},\"inLanguage\":\"pt-BR\",\"potentialAction\":[{\"@type\":\"ReadAction\",\"target\":[\"https:\/\/www.gaveanews.com\/index.php\/2024\/12\/02\/corinthians-justica-nega-pedido-de-augusto-melo\/\"]}]},{\"@type\":\"ImageObject\",\"inLanguage\":\"pt-BR\",\"@id\":\"https:\/\/www.gaveanews.com\/index.php\/2024\/12\/02\/corinthians-justica-nega-pedido-de-augusto-melo\/#primaryimage\",\"url\":\"https:\/\/www.gaveanews.com\/wp-content\/uploads\/Augusto-Melo-durante-coletiva-de-imprensa-do-Corinthians.webp\",\"contentUrl\":\"https:\/\/www.gaveanews.com\/wp-content\/uploads\/Augusto-Melo-durante-coletiva-de-imprensa-do-Corinthians.webp\",\"width\":1920,\"height\":1080,\"caption\":\"Augusto Melo durante coletiva de imprensa do Corinthians (Foto: Rodrigo Coca\/ Corinthians)\"},{\"@type\":\"BreadcrumbList\",\"@id\":\"https:\/\/www.gaveanews.com\/index.php\/2024\/12\/02\/corinthians-justica-nega-pedido-de-augusto-melo\/#breadcrumb\",\"itemListElement\":[{\"@type\":\"ListItem\",\"position\":1,\"name\":\"Home\",\"item\":\"https:\/\/www.gaveanews.com\/\"},{\"@type\":\"ListItem\",\"position\":2,\"name\":\"Corinthians: Justi\u00e7a nega pedido de Augusto Melo\"}]},{\"@type\":\"WebSite\",\"@id\":\"https:\/\/www.gaveanews.com\/#website\",\"url\":\"https:\/\/www.gaveanews.com\/\",\"name\":\"G\u00e1vea News\",\"description\":\"Veja todas as not\u00edcias sobre o Flamengo: Contrata\u00e7\u00f5es, categorias de base, resultados das partidas, tabela de classifica\u00e7\u00e3o, pr\u00f3ximos jogos!\",\"potentialAction\":[{\"@type\":\"SearchAction\",\"target\":{\"@type\":\"EntryPoint\",\"urlTemplate\":\"https:\/\/www.gaveanews.com\/?s={search_term_string}\"},\"query-input\":{\"@type\":\"PropertyValueSpecification\",\"valueRequired\":true,\"valueName\":\"search_term_string\"}}],\"inLanguage\":\"pt-BR\"},{\"@type\":\"Person\",\"@id\":\"https:\/\/www.gaveanews.com\/#\/schema\/person\/f42654babcd2b2014a1a65af82b081f1\",\"name\":\"Geovanna Thomaz\",\"image\":{\"@type\":\"ImageObject\",\"inLanguage\":\"pt-BR\",\"@id\":\"https:\/\/www.gaveanews.com\/#\/schema\/person\/image\/\",\"url\":\"https:\/\/secure.gravatar.com\/avatar\/4092073255489533afb558984b49b64268c47198af8623cc82a925ae9fb7118a?s=96&d=mm&r=g\",\"contentUrl\":\"https:\/\/secure.gravatar.com\/avatar\/4092073255489533afb558984b49b64268c47198af8623cc82a925ae9fb7118a?s=96&d=mm&r=g\",\"caption\":\"Geovanna Thomaz\"}}]}<\/script>\n<!-- \/ Yoast SEO Premium plugin. -->","yoast_head_json":{"title":"Corinthians: Justi\u00e7a nega pedido de Augusto Melo","robots":{"index":"index","follow":"follow","max-snippet":"max-snippet:-1","max-image-preview":"max-image-preview:large","max-video-preview":"max-video-preview:-1"},"canonical":"https:\/\/www.gaveanews.com\/index.php\/2024\/12\/02\/corinthians-justica-nega-pedido-de-augusto-melo\/","og_locale":"pt_BR","og_type":"article","og_title":"Corinthians: Justi\u00e7a nega pedido de Augusto Melo","og_description":"Justi\u00e7a nega liminar de Augusto Melo, e vota\u00e7\u00e3o de impeachment no Corinthians \u00e9 mantida A Justi\u00e7a de S\u00e3o Paulo rejeitou, nesta segunda-feira, um pedido de liminar feito pelo presidente do Corinthians, Augusto Melo, para suspender a vota\u00e7\u00e3o que pode definir seu impeachment. A decis\u00e3o, assinada pelo juiz Erasmo Samuel Tozetto, da 4\u00aa Vara C\u00edvel do [&hellip;]","og_url":"https:\/\/www.gaveanews.com\/index.php\/2024\/12\/02\/corinthians-justica-nega-pedido-de-augusto-melo\/","og_site_name":"G\u00e1vea News","article_publisher":"https:\/\/facebook.com\/gaveaNews\/","article_published_time":"2024-12-02T16:55:09+00:00","og_image":[{"width":1920,"height":1080,"url":"https:\/\/www.gaveanews.com\/wp-content\/uploads\/Augusto-Melo-durante-coletiva-de-imprensa-do-Corinthians.webp","type":"image\/jpeg"}],"author":"Geovanna Thomaz","twitter_card":"summary_large_image","twitter_misc":{"Escrito por":"Geovanna Thomaz","Est. tempo de leitura":"3 minutos"},"schema":{"@context":"https:\/\/schema.org","@graph":[{"@type":"NewsArticle","@id":"https:\/\/www.gaveanews.com\/index.php\/2024\/12\/02\/corinthians-justica-nega-pedido-de-augusto-melo\/#article","isPartOf":{"@id":"https:\/\/www.gaveanews.com\/index.php\/2024\/12\/02\/corinthians-justica-nega-pedido-de-augusto-melo\/"},"author":{"name":"Geovanna Thomaz","@id":"https:\/\/www.gaveanews.com\/#\/schema\/person\/f42654babcd2b2014a1a65af82b081f1"},"headline":"Corinthians: Justi\u00e7a nega pedido de Augusto Melo","datePublished":"2024-12-02T16:55:09+00:00","mainEntityOfPage":{"@id":"https:\/\/www.gaveanews.com\/index.php\/2024\/12\/02\/corinthians-justica-nega-pedido-de-augusto-melo\/"},"wordCount":421,"commentCount":0,"image":{"@id":"https:\/\/www.gaveanews.com\/index.php\/2024\/12\/02\/corinthians-justica-nega-pedido-de-augusto-melo\/#primaryimage"},"thumbnailUrl":"https:\/\/www.gaveanews.com\/wp-content\/uploads\/Augusto-Melo-durante-coletiva-de-imprensa-do-Corinthians.webp","articleSection":["Corinthians"],"inLanguage":"pt-BR","potentialAction":[{"@type":"CommentAction","name":"Comment","target":["https:\/\/www.gaveanews.com\/index.php\/2024\/12\/02\/corinthians-justica-nega-pedido-de-augusto-melo\/#respond"]}],"copyrightYear":"2024","copyrightHolder":{"@id":"https:\/\/www.gaveanews.com\/#organization"}},{"@type":"WebPage","@id":"https:\/\/www.gaveanews.com\/index.php\/2024\/12\/02\/corinthians-justica-nega-pedido-de-augusto-melo\/","url":"https:\/\/www.gaveanews.com\/index.php\/2024\/12\/02\/corinthians-justica-nega-pedido-de-augusto-melo\/","name":"Corinthians: Justi\u00e7a nega pedido de Augusto Melo","isPartOf":{"@id":"https:\/\/www.gaveanews.com\/#website"},"primaryImageOfPage":{"@id":"https:\/\/www.gaveanews.com\/index.php\/2024\/12\/02\/corinthians-justica-nega-pedido-de-augusto-melo\/#primaryimage"},"image":{"@id":"https:\/\/www.gaveanews.com\/index.php\/2024\/12\/02\/corinthians-justica-nega-pedido-de-augusto-melo\/#primaryimage"},"thumbnailUrl":"https:\/\/www.gaveanews.com\/wp-content\/uploads\/Augusto-Melo-durante-coletiva-de-imprensa-do-Corinthians.webp","datePublished":"2024-12-02T16:55:09+00:00","author":{"@id":"https:\/\/www.gaveanews.com\/#\/schema\/person\/f42654babcd2b2014a1a65af82b081f1"},"breadcrumb":{"@id":"https:\/\/www.gaveanews.com\/index.php\/2024\/12\/02\/corinthians-justica-nega-pedido-de-augusto-melo\/#breadcrumb"},"inLanguage":"pt-BR","potentialAction":[{"@type":"ReadAction","target":["https:\/\/www.gaveanews.com\/index.php\/2024\/12\/02\/corinthians-justica-nega-pedido-de-augusto-melo\/"]}]},{"@type":"ImageObject","inLanguage":"pt-BR","@id":"https:\/\/www.gaveanews.com\/index.php\/2024\/12\/02\/corinthians-justica-nega-pedido-de-augusto-melo\/#primaryimage","url":"https:\/\/www.gaveanews.com\/wp-content\/uploads\/Augusto-Melo-durante-coletiva-de-imprensa-do-Corinthians.webp","contentUrl":"https:\/\/www.gaveanews.com\/wp-content\/uploads\/Augusto-Melo-durante-coletiva-de-imprensa-do-Corinthians.webp","width":1920,"height":1080,"caption":"Augusto Melo durante coletiva de imprensa do Corinthians (Foto: Rodrigo Coca\/ Corinthians)"},{"@type":"BreadcrumbList","@id":"https:\/\/www.gaveanews.com\/index.php\/2024\/12\/02\/corinthians-justica-nega-pedido-de-augusto-melo\/#breadcrumb","itemListElement":[{"@type":"ListItem","position":1,"name":"Home","item":"https:\/\/www.gaveanews.com\/"},{"@type":"ListItem","position":2,"name":"Corinthians: Justi\u00e7a nega pedido de Augusto Melo"}]},{"@type":"WebSite","@id":"https:\/\/www.gaveanews.com\/#website","url":"https:\/\/www.gaveanews.com\/","name":"G\u00e1vea News","description":"Veja todas as not\u00edcias sobre o Flamengo: Contrata\u00e7\u00f5es, categorias de base, resultados das partidas, tabela de classifica\u00e7\u00e3o, pr\u00f3ximos jogos!","potentialAction":[{"@type":"SearchAction","target":{"@type":"EntryPoint","urlTemplate":"https:\/\/www.gaveanews.com\/?s={search_term_string}"},"query-input":{"@type":"PropertyValueSpecification","valueRequired":true,"valueName":"search_term_string"}}],"inLanguage":"pt-BR"},{"@type":"Person","@id":"https:\/\/www.gaveanews.com\/#\/schema\/person\/f42654babcd2b2014a1a65af82b081f1","name":"Geovanna Thomaz","image":{"@type":"ImageObject","inLanguage":"pt-BR","@id":"https:\/\/www.gaveanews.com\/#\/schema\/person\/image\/","url":"https:\/\/secure.gravatar.com\/avatar\/4092073255489533afb558984b49b64268c47198af8623cc82a925ae9fb7118a?s=96&d=mm&r=g","contentUrl":"https:\/\/secure.gravatar.com\/avatar\/4092073255489533afb558984b49b64268c47198af8623cc82a925ae9fb7118a?s=96&d=mm&r=g","caption":"Geovanna Thomaz"}}]}},"_links":{"self":[{"href":"https:\/\/www.gaveanews.com\/index.php\/wp-json\/wp\/v2\/posts\/193310","targetHints":{"allow":["GET"]}}],"collection":[{"href":"https:\/\/www.gaveanews.com\/index.php\/wp-json\/wp\/v2\/posts"}],"about":[{"href":"https:\/\/www.gaveanews.com\/index.php\/wp-json\/wp\/v2\/types\/post"}],"author":[{"embeddable":true,"href":"https:\/\/www.gaveanews.com\/index.php\/wp-json\/wp\/v2\/users\/17"}],"replies":[{"embeddable":true,"href":"https:\/\/www.gaveanews.com\/index.php\/wp-json\/wp\/v2\/comments?post=193310"}],"version-history":[{"count":1,"href":"https:\/\/www.gaveanews.com\/index.php\/wp-json\/wp\/v2\/posts\/193310\/revisions"}],"predecessor-version":[{"id":193312,"href":"https:\/\/www.gaveanews.com\/index.php\/wp-json\/wp\/v2\/posts\/193310\/revisions\/193312"}],"wp:featuredmedia":[{"embeddable":true,"href":"https:\/\/www.gaveanews.com\/index.php\/wp-json\/wp\/v2\/media\/145590"}],"wp:attachment":[{"href":"https:\/\/www.gaveanews.com\/index.php\/wp-json\/wp\/v2\/media?parent=193310"}],"wp:term":[{"taxonomy":"category","embeddable":true,"href":"https:\/\/www.gaveanews.com\/index.php\/wp-json\/wp\/v2\/categories?post=193310"},{"taxonomy":"post_tag","embeddable":true,"href":"https:\/\/www.gaveanews.com\/index.php\/wp-json\/wp\/v2\/tags?post=193310"}],"curies":[{"name":"wp","href":"https:\/\/api.w.org\/{rel}","templated":true}]}}