{"id":193368,"date":"2024-12-02T15:10:00","date_gmt":"2024-12-02T18:10:00","guid":{"rendered":"https:\/\/www.gaveanews.com\/?p=193368"},"modified":"2024-12-02T14:52:20","modified_gmt":"2024-12-02T17:52:20","slug":"mariano-igor-rabello-mauricio-lemos-robert-santos-vargas-alan-kardec-os-jogadores-que-estao-de-saida-do-atletico-mg","status":"publish","type":"post","link":"https:\/\/www.gaveanews.com\/index.php\/2024\/12\/02\/mariano-igor-rabello-mauricio-lemos-robert-santos-vargas-alan-kardec-os-jogadores-que-estao-de-saida-do-atletico-mg\/","title":{"rendered":"Mariano, Igor Rabello, Mauricio Lemos, Robert Santos, Vargas, Alan Kardec: os jogadores que est\u00e3o de sa\u00edda do Atl\u00e9tico-MG"},"content":{"rendered":"\n<p>Uma onda de mudan\u00e7as est\u00e1 prestes a varrer o elenco do Atl\u00e9tico-MG em 2025. Com contratos se encerrando e op\u00e7\u00f5es t\u00e1ticas em revis\u00e3o, o Galo caminha para uma significativa reformula\u00e7\u00e3o. Confira quem j\u00e1 est\u00e1 de sa\u00edda e as possibilidades para o futuro.<\/p>\n\n\n\n<ul class=\"wp-block-list\">\n<li><a href=\"https:\/\/www.gaveanews.com\/index.php\/2024\/12\/02\/a-declaracao-de-hulk-direcionada-ao-atletico-mg\/\">A declara\u00e7\u00e3o de Hulk direcionada ao Atl\u00e9tico-MG<\/a><\/li>\n\n\n\n<li><a href=\"https:\/\/www.gaveanews.com\/index.php\/2024\/12\/01\/mauro-cezar-pereira-alfineta-o-atletico-mg\/\">Mauro Cezar Pereira alfineta o Atl\u00e9tico-MG<\/a><\/li>\n<\/ul>\n\n\n\n<h2 class=\"wp-block-heading\" id=\"h-vargas-e-sua-despedida-emocional\">Vargas e sua despedida emocional<\/h2>\n\n\n\n<p>Eduardo Vargas foi o primeiro a se manifestar sobre sua sa\u00edda do clube, publicando uma carta nas redes sociais logo ap\u00f3s o vice-campeonato na Libertadores. O chileno viveu altos e baixos no Galo desde 2020 e, com seu contrato pr\u00f3ximo do fim, decidiu se despedir. \u201cGostaria de aproveitar esta mensagem para deixar meu agradecimento ao Clube Atl\u00e9tico Mineiro por estes anos aqui. Aos que sempre me apoiaram, deixo o meu muito obrigado,\u201d afirmou.<\/p>\n\n\n\n<p>Vale destacar que Vargas foi pe\u00e7a importante em conquistas marcantes, mas desde 2023 perdeu espa\u00e7o no elenco. Apesar de um desempenho modesto em 2024, com nove gols em 36 jogos, ele deixa um legado com 165 partidas e sete t\u00edtulos, incluindo o Brasileir\u00e3o de 2021.<\/p>\n\n\n\n<h2 class=\"wp-block-heading\" id=\"h-alan-kardec-e-mariano-dao-adeus\">Alan Kardec e Mariano d\u00e3o adeus<\/h2>\n\n\n\n<p>Alan Kardec e Mariano est\u00e3o na mesma situa\u00e7\u00e3o. Ambos t\u00eam contratos que terminam ao final de 2024 e n\u00e3o devem ser renovados. Isso porque suas contribui\u00e7\u00f5es em campo foram limitadas nesta temporada. Al\u00e9m disso, a idade avan\u00e7ada, especialmente no caso de Mariano, pode indicar aposentadoria como pr\u00f3ximo passo.<\/p>\n\n\n\n<p>Cabe ressaltar que Mariano, com seus 38 anos, participou de 22 jogos em 2024 e possui sete t\u00edtulos pelo Galo, enquanto Kardec enfrentou muitas les\u00f5es, contribuindo com apenas quatro gols em sua passagem.<\/p>\n\n\n\n<h2 class=\"wp-block-heading\" id=\"h-igor-rabello-robert-santos-e-mauricio-lemos-de-saida\">Igor Rabello, Robert Santos e Mauricio Lemos de sa\u00edda<\/h2>\n\n\n\n<p>O jovem Robert Santos, emprestado pelo Athletic, tamb\u00e9m deve sair ap\u00f3s atuar somente tr\u00eas vezes em 2024. J\u00e1 os zagueiros Igor Rabello e Mauricio Lemos, com contrato at\u00e9 2025, est\u00e3o na lista de prov\u00e1veis negocia\u00e7\u00f5es, pois n\u00e3o se firmaram no time titular.<\/p>\n\n\n\n<p>Sendo assim, o Atl\u00e9tico-MG entra em 2025 com foco em renova\u00e7\u00e3o, mesmo diante do desafio de disputar competi\u00e7\u00f5es como a Copa Sul-Americana. Dessa maneira, a expectativa da torcida \u00e9 que as mudan\u00e7as tragam um novo g\u00e1s ao elenco para as pr\u00f3ximas temporadas.<\/p>\n","protected":false},"excerpt":{"rendered":"<p>Uma onda de mudan\u00e7as est\u00e1 prestes a varrer o elenco do Atl\u00e9tico-MG em 2025. Com contratos se encerrando e op\u00e7\u00f5es t\u00e1ticas em revis\u00e3o, o Galo caminha para uma significativa reformula\u00e7\u00e3o. Confira quem j\u00e1 est\u00e1 de sa\u00edda e as possibilidades para o futuro. Vargas e sua despedida emocional Eduardo Vargas foi o primeiro a se manifestar [&hellip;]<\/p>\n","protected":false},"author":24,"featured_media":171939,"comment_status":"open","ping_status":"closed","sticky":false,"template":"","format":"standard","meta":{"footnotes":""},"categories":[136],"tags":[],"class_list":["post-193368","post","type-post","status-publish","format-standard","has-post-thumbnail","hentry","category-atletico-mg"],"yoast_head":"<!-- This site is optimized with the Yoast SEO Premium plugin v24.2 (Yoast SEO v26.9) - https:\/\/yoast.com\/product\/yoast-seo-premium-wordpress\/ -->\n<title>Mariano, Igor Rabello, Mauricio Lemos, Robert Santos, Vargas, Alan Kardec: os jogadores que est\u00e3o de sa\u00edda do Atl\u00e9tico-MG<\/title>\n<meta name=\"robots\" content=\"index, follow, max-snippet:-1, max-image-preview:large, max-video-preview:-1\" \/>\n<link rel=\"canonical\" href=\"https:\/\/www.gaveanews.com\/index.php\/2024\/12\/02\/mariano-igor-rabello-mauricio-lemos-robert-santos-vargas-alan-kardec-os-jogadores-que-estao-de-saida-do-atletico-mg\/\" \/>\n<meta property=\"og:locale\" content=\"pt_BR\" \/>\n<meta property=\"og:type\" content=\"article\" \/>\n<meta property=\"og:title\" content=\"Mariano, Igor Rabello, Mauricio Lemos, Robert Santos, Vargas, Alan Kardec: os jogadores que est\u00e3o de sa\u00edda do Atl\u00e9tico-MG\" \/>\n<meta property=\"og:description\" content=\"Uma onda de mudan\u00e7as est\u00e1 prestes a varrer o elenco do Atl\u00e9tico-MG em 2025. Com contratos se encerrando e op\u00e7\u00f5es t\u00e1ticas em revis\u00e3o, o Galo caminha para uma significativa reformula\u00e7\u00e3o. Confira quem j\u00e1 est\u00e1 de sa\u00edda e as possibilidades para o futuro. Vargas e sua despedida emocional Eduardo Vargas foi o primeiro a se manifestar [&hellip;]\" \/>\n<meta property=\"og:url\" content=\"https:\/\/www.gaveanews.com\/index.php\/2024\/12\/02\/mariano-igor-rabello-mauricio-lemos-robert-santos-vargas-alan-kardec-os-jogadores-que-estao-de-saida-do-atletico-mg\/\" \/>\n<meta property=\"og:site_name\" content=\"G\u00e1vea News\" \/>\n<meta property=\"article:publisher\" content=\"https:\/\/facebook.com\/gaveaNews\/\" \/>\n<meta property=\"article:published_time\" content=\"2024-12-02T18:10:00+00:00\" \/>\n<meta property=\"og:image\" content=\"https:\/\/www.gaveanews.com\/wp-content\/uploads\/Hulk-Paulinho-e-Arana-comemoram-gol-do-Atletico-MG.webp\" \/>\n\t<meta property=\"og:image:width\" content=\"774\" \/>\n\t<meta property=\"og:image:height\" content=\"516\" \/>\n\t<meta property=\"og:image:type\" content=\"image\/webp\" \/>\n<meta name=\"author\" content=\"Leandro Cardoso\" \/>\n<meta name=\"twitter:card\" content=\"summary_large_image\" \/>\n<meta name=\"twitter:label1\" content=\"Escrito por\" \/>\n\t<meta name=\"twitter:data1\" content=\"Leandro Cardoso\" \/>\n\t<meta name=\"twitter:label2\" content=\"Est. tempo de leitura\" \/>\n\t<meta name=\"twitter:data2\" content=\"3 minutos\" \/>\n<script type=\"application\/ld+json\" class=\"yoast-schema-graph\">{\"@context\":\"https:\/\/schema.org\",\"@graph\":[{\"@type\":\"NewsArticle\",\"@id\":\"https:\/\/www.gaveanews.com\/index.php\/2024\/12\/02\/mariano-igor-rabello-mauricio-lemos-robert-santos-vargas-alan-kardec-os-jogadores-que-estao-de-saida-do-atletico-mg\/#article\",\"isPartOf\":{\"@id\":\"https:\/\/www.gaveanews.com\/index.php\/2024\/12\/02\/mariano-igor-rabello-mauricio-lemos-robert-santos-vargas-alan-kardec-os-jogadores-que-estao-de-saida-do-atletico-mg\/\"},\"author\":{\"name\":\"Leandro Cardoso\",\"@id\":\"https:\/\/www.gaveanews.com\/#\/schema\/person\/2424ec6409bc3f068411fc5e4e9b6168\"},\"headline\":\"Mariano, Igor Rabello, Mauricio Lemos, Robert Santos, Vargas, Alan Kardec: os jogadores que est\u00e3o de sa\u00edda do Atl\u00e9tico-MG\",\"datePublished\":\"2024-12-02T18:10:00+00:00\",\"mainEntityOfPage\":{\"@id\":\"https:\/\/www.gaveanews.com\/index.php\/2024\/12\/02\/mariano-igor-rabello-mauricio-lemos-robert-santos-vargas-alan-kardec-os-jogadores-que-estao-de-saida-do-atletico-mg\/\"},\"wordCount\":407,\"commentCount\":0,\"image\":{\"@id\":\"https:\/\/www.gaveanews.com\/index.php\/2024\/12\/02\/mariano-igor-rabello-mauricio-lemos-robert-santos-vargas-alan-kardec-os-jogadores-que-estao-de-saida-do-atletico-mg\/#primaryimage\"},\"thumbnailUrl\":\"https:\/\/www.gaveanews.com\/wp-content\/uploads\/Hulk-Paulinho-e-Arana-comemoram-gol-do-Atletico-MG.webp\",\"articleSection\":[\"Atl\u00e9tico-MG\"],\"inLanguage\":\"pt-BR\",\"potentialAction\":[{\"@type\":\"CommentAction\",\"name\":\"Comment\",\"target\":[\"https:\/\/www.gaveanews.com\/index.php\/2024\/12\/02\/mariano-igor-rabello-mauricio-lemos-robert-santos-vargas-alan-kardec-os-jogadores-que-estao-de-saida-do-atletico-mg\/#respond\"]}],\"copyrightYear\":\"2024\",\"copyrightHolder\":{\"@id\":\"https:\/\/www.gaveanews.com\/#organization\"}},{\"@type\":\"WebPage\",\"@id\":\"https:\/\/www.gaveanews.com\/index.php\/2024\/12\/02\/mariano-igor-rabello-mauricio-lemos-robert-santos-vargas-alan-kardec-os-jogadores-que-estao-de-saida-do-atletico-mg\/\",\"url\":\"https:\/\/www.gaveanews.com\/index.php\/2024\/12\/02\/mariano-igor-rabello-mauricio-lemos-robert-santos-vargas-alan-kardec-os-jogadores-que-estao-de-saida-do-atletico-mg\/\",\"name\":\"Mariano, Igor Rabello, Mauricio Lemos, Robert Santos, Vargas, Alan Kardec: os jogadores que est\u00e3o de sa\u00edda do Atl\u00e9tico-MG\",\"isPartOf\":{\"@id\":\"https:\/\/www.gaveanews.com\/#website\"},\"primaryImageOfPage\":{\"@id\":\"https:\/\/www.gaveanews.com\/index.php\/2024\/12\/02\/mariano-igor-rabello-mauricio-lemos-robert-santos-vargas-alan-kardec-os-jogadores-que-estao-de-saida-do-atletico-mg\/#primaryimage\"},\"image\":{\"@id\":\"https:\/\/www.gaveanews.com\/index.php\/2024\/12\/02\/mariano-igor-rabello-mauricio-lemos-robert-santos-vargas-alan-kardec-os-jogadores-que-estao-de-saida-do-atletico-mg\/#primaryimage\"},\"thumbnailUrl\":\"https:\/\/www.gaveanews.com\/wp-content\/uploads\/Hulk-Paulinho-e-Arana-comemoram-gol-do-Atletico-MG.webp\",\"datePublished\":\"2024-12-02T18:10:00+00:00\",\"author\":{\"@id\":\"https:\/\/www.gaveanews.com\/#\/schema\/person\/2424ec6409bc3f068411fc5e4e9b6168\"},\"breadcrumb\":{\"@id\":\"https:\/\/www.gaveanews.com\/index.php\/2024\/12\/02\/mariano-igor-rabello-mauricio-lemos-robert-santos-vargas-alan-kardec-os-jogadores-que-estao-de-saida-do-atletico-mg\/#breadcrumb\"},\"inLanguage\":\"pt-BR\",\"potentialAction\":[{\"@type\":\"ReadAction\",\"target\":[\"https:\/\/www.gaveanews.com\/index.php\/2024\/12\/02\/mariano-igor-rabello-mauricio-lemos-robert-santos-vargas-alan-kardec-os-jogadores-que-estao-de-saida-do-atletico-mg\/\"]}]},{\"@type\":\"ImageObject\",\"inLanguage\":\"pt-BR\",\"@id\":\"https:\/\/www.gaveanews.com\/index.php\/2024\/12\/02\/mariano-igor-rabello-mauricio-lemos-robert-santos-vargas-alan-kardec-os-jogadores-que-estao-de-saida-do-atletico-mg\/#primaryimage\",\"url\":\"https:\/\/www.gaveanews.com\/wp-content\/uploads\/Hulk-Paulinho-e-Arana-comemoram-gol-do-Atletico-MG.webp\",\"contentUrl\":\"https:\/\/www.gaveanews.com\/wp-content\/uploads\/Hulk-Paulinho-e-Arana-comemoram-gol-do-Atletico-MG.webp\",\"width\":774,\"height\":516,\"caption\":\"Hulk, Paulinho e Arana comemoram gol do Atl\u00e9tico-MG (Foto: Pedro Souza\/Atl\u00e9tico-MG)\"},{\"@type\":\"BreadcrumbList\",\"@id\":\"https:\/\/www.gaveanews.com\/index.php\/2024\/12\/02\/mariano-igor-rabello-mauricio-lemos-robert-santos-vargas-alan-kardec-os-jogadores-que-estao-de-saida-do-atletico-mg\/#breadcrumb\",\"itemListElement\":[{\"@type\":\"ListItem\",\"position\":1,\"name\":\"Home\",\"item\":\"https:\/\/www.gaveanews.com\/\"},{\"@type\":\"ListItem\",\"position\":2,\"name\":\"Mariano, Igor Rabello, Mauricio Lemos, Robert Santos, Vargas, Alan Kardec: os jogadores que est\u00e3o de sa\u00edda do Atl\u00e9tico-MG\"}]},{\"@type\":\"WebSite\",\"@id\":\"https:\/\/www.gaveanews.com\/#website\",\"url\":\"https:\/\/www.gaveanews.com\/\",\"name\":\"G\u00e1vea News\",\"description\":\"Veja todas as not\u00edcias sobre o Flamengo: Contrata\u00e7\u00f5es, categorias de base, resultados das partidas, tabela de classifica\u00e7\u00e3o, pr\u00f3ximos jogos!\",\"potentialAction\":[{\"@type\":\"SearchAction\",\"target\":{\"@type\":\"EntryPoint\",\"urlTemplate\":\"https:\/\/www.gaveanews.com\/?s={search_term_string}\"},\"query-input\":{\"@type\":\"PropertyValueSpecification\",\"valueRequired\":true,\"valueName\":\"search_term_string\"}}],\"inLanguage\":\"pt-BR\"},{\"@type\":\"Person\",\"@id\":\"https:\/\/www.gaveanews.com\/#\/schema\/person\/2424ec6409bc3f068411fc5e4e9b6168\",\"name\":\"Leandro Cardoso\",\"image\":{\"@type\":\"ImageObject\",\"inLanguage\":\"pt-BR\",\"@id\":\"https:\/\/www.gaveanews.com\/#\/schema\/person\/image\/\",\"url\":\"https:\/\/secure.gravatar.com\/avatar\/8ca179f9b55eefe9f376f5493ef25475bfa59fbc28ce937f6076ce20e523098f?s=96&d=mm&r=g\",\"contentUrl\":\"https:\/\/secure.gravatar.com\/avatar\/8ca179f9b55eefe9f376f5493ef25475bfa59fbc28ce937f6076ce20e523098f?s=96&d=mm&r=g\",\"caption\":\"Leandro Cardoso\"}}]}<\/script>\n<!-- \/ Yoast SEO Premium plugin. -->","yoast_head_json":{"title":"Mariano, Igor Rabello, Mauricio Lemos, Robert Santos, Vargas, Alan Kardec: os jogadores que est\u00e3o de sa\u00edda do Atl\u00e9tico-MG","robots":{"index":"index","follow":"follow","max-snippet":"max-snippet:-1","max-image-preview":"max-image-preview:large","max-video-preview":"max-video-preview:-1"},"canonical":"https:\/\/www.gaveanews.com\/index.php\/2024\/12\/02\/mariano-igor-rabello-mauricio-lemos-robert-santos-vargas-alan-kardec-os-jogadores-que-estao-de-saida-do-atletico-mg\/","og_locale":"pt_BR","og_type":"article","og_title":"Mariano, Igor Rabello, Mauricio Lemos, Robert Santos, Vargas, Alan Kardec: os jogadores que est\u00e3o de sa\u00edda do Atl\u00e9tico-MG","og_description":"Uma onda de mudan\u00e7as est\u00e1 prestes a varrer o elenco do Atl\u00e9tico-MG em 2025. Com contratos se encerrando e op\u00e7\u00f5es t\u00e1ticas em revis\u00e3o, o Galo caminha para uma significativa reformula\u00e7\u00e3o. Confira quem j\u00e1 est\u00e1 de sa\u00edda e as possibilidades para o futuro. Vargas e sua despedida emocional Eduardo Vargas foi o primeiro a se manifestar [&hellip;]","og_url":"https:\/\/www.gaveanews.com\/index.php\/2024\/12\/02\/mariano-igor-rabello-mauricio-lemos-robert-santos-vargas-alan-kardec-os-jogadores-que-estao-de-saida-do-atletico-mg\/","og_site_name":"G\u00e1vea News","article_publisher":"https:\/\/facebook.com\/gaveaNews\/","article_published_time":"2024-12-02T18:10:00+00:00","og_image":[{"width":774,"height":516,"url":"https:\/\/www.gaveanews.com\/wp-content\/uploads\/Hulk-Paulinho-e-Arana-comemoram-gol-do-Atletico-MG.webp","type":"image\/webp"}],"author":"Leandro Cardoso","twitter_card":"summary_large_image","twitter_misc":{"Escrito por":"Leandro Cardoso","Est. tempo de leitura":"3 minutos"},"schema":{"@context":"https:\/\/schema.org","@graph":[{"@type":"NewsArticle","@id":"https:\/\/www.gaveanews.com\/index.php\/2024\/12\/02\/mariano-igor-rabello-mauricio-lemos-robert-santos-vargas-alan-kardec-os-jogadores-que-estao-de-saida-do-atletico-mg\/#article","isPartOf":{"@id":"https:\/\/www.gaveanews.com\/index.php\/2024\/12\/02\/mariano-igor-rabello-mauricio-lemos-robert-santos-vargas-alan-kardec-os-jogadores-que-estao-de-saida-do-atletico-mg\/"},"author":{"name":"Leandro Cardoso","@id":"https:\/\/www.gaveanews.com\/#\/schema\/person\/2424ec6409bc3f068411fc5e4e9b6168"},"headline":"Mariano, Igor Rabello, Mauricio Lemos, Robert Santos, Vargas, Alan Kardec: os jogadores que est\u00e3o de sa\u00edda do Atl\u00e9tico-MG","datePublished":"2024-12-02T18:10:00+00:00","mainEntityOfPage":{"@id":"https:\/\/www.gaveanews.com\/index.php\/2024\/12\/02\/mariano-igor-rabello-mauricio-lemos-robert-santos-vargas-alan-kardec-os-jogadores-que-estao-de-saida-do-atletico-mg\/"},"wordCount":407,"commentCount":0,"image":{"@id":"https:\/\/www.gaveanews.com\/index.php\/2024\/12\/02\/mariano-igor-rabello-mauricio-lemos-robert-santos-vargas-alan-kardec-os-jogadores-que-estao-de-saida-do-atletico-mg\/#primaryimage"},"thumbnailUrl":"https:\/\/www.gaveanews.com\/wp-content\/uploads\/Hulk-Paulinho-e-Arana-comemoram-gol-do-Atletico-MG.webp","articleSection":["Atl\u00e9tico-MG"],"inLanguage":"pt-BR","potentialAction":[{"@type":"CommentAction","name":"Comment","target":["https:\/\/www.gaveanews.com\/index.php\/2024\/12\/02\/mariano-igor-rabello-mauricio-lemos-robert-santos-vargas-alan-kardec-os-jogadores-que-estao-de-saida-do-atletico-mg\/#respond"]}],"copyrightYear":"2024","copyrightHolder":{"@id":"https:\/\/www.gaveanews.com\/#organization"}},{"@type":"WebPage","@id":"https:\/\/www.gaveanews.com\/index.php\/2024\/12\/02\/mariano-igor-rabello-mauricio-lemos-robert-santos-vargas-alan-kardec-os-jogadores-que-estao-de-saida-do-atletico-mg\/","url":"https:\/\/www.gaveanews.com\/index.php\/2024\/12\/02\/mariano-igor-rabello-mauricio-lemos-robert-santos-vargas-alan-kardec-os-jogadores-que-estao-de-saida-do-atletico-mg\/","name":"Mariano, Igor Rabello, Mauricio Lemos, Robert Santos, Vargas, Alan Kardec: os jogadores que est\u00e3o de sa\u00edda do Atl\u00e9tico-MG","isPartOf":{"@id":"https:\/\/www.gaveanews.com\/#website"},"primaryImageOfPage":{"@id":"https:\/\/www.gaveanews.com\/index.php\/2024\/12\/02\/mariano-igor-rabello-mauricio-lemos-robert-santos-vargas-alan-kardec-os-jogadores-que-estao-de-saida-do-atletico-mg\/#primaryimage"},"image":{"@id":"https:\/\/www.gaveanews.com\/index.php\/2024\/12\/02\/mariano-igor-rabello-mauricio-lemos-robert-santos-vargas-alan-kardec-os-jogadores-que-estao-de-saida-do-atletico-mg\/#primaryimage"},"thumbnailUrl":"https:\/\/www.gaveanews.com\/wp-content\/uploads\/Hulk-Paulinho-e-Arana-comemoram-gol-do-Atletico-MG.webp","datePublished":"2024-12-02T18:10:00+00:00","author":{"@id":"https:\/\/www.gaveanews.com\/#\/schema\/person\/2424ec6409bc3f068411fc5e4e9b6168"},"breadcrumb":{"@id":"https:\/\/www.gaveanews.com\/index.php\/2024\/12\/02\/mariano-igor-rabello-mauricio-lemos-robert-santos-vargas-alan-kardec-os-jogadores-que-estao-de-saida-do-atletico-mg\/#breadcrumb"},"inLanguage":"pt-BR","potentialAction":[{"@type":"ReadAction","target":["https:\/\/www.gaveanews.com\/index.php\/2024\/12\/02\/mariano-igor-rabello-mauricio-lemos-robert-santos-vargas-alan-kardec-os-jogadores-que-estao-de-saida-do-atletico-mg\/"]}]},{"@type":"ImageObject","inLanguage":"pt-BR","@id":"https:\/\/www.gaveanews.com\/index.php\/2024\/12\/02\/mariano-igor-rabello-mauricio-lemos-robert-santos-vargas-alan-kardec-os-jogadores-que-estao-de-saida-do-atletico-mg\/#primaryimage","url":"https:\/\/www.gaveanews.com\/wp-content\/uploads\/Hulk-Paulinho-e-Arana-comemoram-gol-do-Atletico-MG.webp","contentUrl":"https:\/\/www.gaveanews.com\/wp-content\/uploads\/Hulk-Paulinho-e-Arana-comemoram-gol-do-Atletico-MG.webp","width":774,"height":516,"caption":"Hulk, Paulinho e Arana comemoram gol do Atl\u00e9tico-MG (Foto: Pedro Souza\/Atl\u00e9tico-MG)"},{"@type":"BreadcrumbList","@id":"https:\/\/www.gaveanews.com\/index.php\/2024\/12\/02\/mariano-igor-rabello-mauricio-lemos-robert-santos-vargas-alan-kardec-os-jogadores-que-estao-de-saida-do-atletico-mg\/#breadcrumb","itemListElement":[{"@type":"ListItem","position":1,"name":"Home","item":"https:\/\/www.gaveanews.com\/"},{"@type":"ListItem","position":2,"name":"Mariano, Igor Rabello, Mauricio Lemos, Robert Santos, Vargas, Alan Kardec: os jogadores que est\u00e3o de sa\u00edda do Atl\u00e9tico-MG"}]},{"@type":"WebSite","@id":"https:\/\/www.gaveanews.com\/#website","url":"https:\/\/www.gaveanews.com\/","name":"G\u00e1vea News","description":"Veja todas as not\u00edcias sobre o Flamengo: Contrata\u00e7\u00f5es, categorias de base, resultados das partidas, tabela de classifica\u00e7\u00e3o, pr\u00f3ximos jogos!","potentialAction":[{"@type":"SearchAction","target":{"@type":"EntryPoint","urlTemplate":"https:\/\/www.gaveanews.com\/?s={search_term_string}"},"query-input":{"@type":"PropertyValueSpecification","valueRequired":true,"valueName":"search_term_string"}}],"inLanguage":"pt-BR"},{"@type":"Person","@id":"https:\/\/www.gaveanews.com\/#\/schema\/person\/2424ec6409bc3f068411fc5e4e9b6168","name":"Leandro Cardoso","image":{"@type":"ImageObject","inLanguage":"pt-BR","@id":"https:\/\/www.gaveanews.com\/#\/schema\/person\/image\/","url":"https:\/\/secure.gravatar.com\/avatar\/8ca179f9b55eefe9f376f5493ef25475bfa59fbc28ce937f6076ce20e523098f?s=96&d=mm&r=g","contentUrl":"https:\/\/secure.gravatar.com\/avatar\/8ca179f9b55eefe9f376f5493ef25475bfa59fbc28ce937f6076ce20e523098f?s=96&d=mm&r=g","caption":"Leandro Cardoso"}}]}},"_links":{"self":[{"href":"https:\/\/www.gaveanews.com\/index.php\/wp-json\/wp\/v2\/posts\/193368","targetHints":{"allow":["GET"]}}],"collection":[{"href":"https:\/\/www.gaveanews.com\/index.php\/wp-json\/wp\/v2\/posts"}],"about":[{"href":"https:\/\/www.gaveanews.com\/index.php\/wp-json\/wp\/v2\/types\/post"}],"author":[{"embeddable":true,"href":"https:\/\/www.gaveanews.com\/index.php\/wp-json\/wp\/v2\/users\/24"}],"replies":[{"embeddable":true,"href":"https:\/\/www.gaveanews.com\/index.php\/wp-json\/wp\/v2\/comments?post=193368"}],"version-history":[{"count":2,"href":"https:\/\/www.gaveanews.com\/index.php\/wp-json\/wp\/v2\/posts\/193368\/revisions"}],"predecessor-version":[{"id":193376,"href":"https:\/\/www.gaveanews.com\/index.php\/wp-json\/wp\/v2\/posts\/193368\/revisions\/193376"}],"wp:featuredmedia":[{"embeddable":true,"href":"https:\/\/www.gaveanews.com\/index.php\/wp-json\/wp\/v2\/media\/171939"}],"wp:attachment":[{"href":"https:\/\/www.gaveanews.com\/index.php\/wp-json\/wp\/v2\/media?parent=193368"}],"wp:term":[{"taxonomy":"category","embeddable":true,"href":"https:\/\/www.gaveanews.com\/index.php\/wp-json\/wp\/v2\/categories?post=193368"},{"taxonomy":"post_tag","embeddable":true,"href":"https:\/\/www.gaveanews.com\/index.php\/wp-json\/wp\/v2\/tags?post=193368"}],"curies":[{"name":"wp","href":"https:\/\/api.w.org\/{rel}","templated":true}]}}