{"id":193374,"date":"2024-12-02T16:40:00","date_gmt":"2024-12-02T19:40:00","guid":{"rendered":"https:\/\/www.gaveanews.com\/?p=193374"},"modified":"2024-12-02T16:31:31","modified_gmt":"2024-12-02T19:31:31","slug":"atletico-mg-rubens-menin-confirma-que-vai-tomar-atitude-importante-nos-bastidores","status":"publish","type":"post","link":"https:\/\/www.gaveanews.com\/index.php\/2024\/12\/02\/atletico-mg-rubens-menin-confirma-que-vai-tomar-atitude-importante-nos-bastidores\/","title":{"rendered":"Atl\u00e9tico-MG: Rubens Menin confirma que vai tomar atitude importante nos bastidores"},"content":{"rendered":"\n<h2 class=\"wp-block-heading\" id=\"h-menin-revelou-seus-planos-futuros-para-o-clube\">Menin revelou seus planos futuros para o clube <\/h2>\n\n\n\n<p>No \u00faltimo s\u00e1bado (30), o Atl\u00e9tico-MG acabou derrotado para o Botafogo na final da Libertadores pelo placar de 3 a 1. Milhares de atleticanos viajaram at\u00e9 a Argentina para acompanhar o duelo, incluindo Rubens Menin&nbsp;e&nbsp;Rafael Menin, a fam\u00edlia que comanda a&nbsp;MRV. O investidor revelou qual seu plano para o futuro do clube. <\/p>\n\n\n\n<ul class=\"wp-block-list\">\n<li><a href=\"https:\/\/www.gaveanews.com\/index.php\/2024\/12\/02\/video-essa-foi-a-declaracao-de-milito-apos-o-atletico-mg-ser-vice-mais-uma-vez\/\">V\u00eddeo: essa foi a declara\u00e7\u00e3o de Milito ap\u00f3s o Atl\u00e9tico-MG ser vice mais uma vez<\/a><\/li>\n\n\n\n<li><a href=\"https:\/\/www.gaveanews.com\/index.php\/2024\/12\/02\/goleiro-everson-do-atletico-mg-vira-motivo-de-piada-apos-titulos-do-flamengo-e-botafogo\/\">Goleiro Everson, do Atl\u00e9tico-MG, vira motivo de piada ap\u00f3s t\u00edtulos do Flamengo e Botafogo<\/a><\/li>\n<\/ul>\n\n\n\n<p>Rubens Menin est\u00e1 envolvido em v\u00e1rias empresas. Al\u00e9m da MRV, ele tem participa\u00e7\u00e3o no Banco Inter, Log, R\u00e1dio Itatiaia, CNN Brasil, Resia, Urba, e tamb\u00e9m no Atl\u00e9tico-MG. A rela\u00e7\u00e3o com o time \u00e9 um exemplo de como ele consegue juntar paix\u00e3o e neg\u00f3cio, e em 2023, o torcedor fan\u00e1tico do Galo viu no clube uma oportunidade de investir por meio da Sociedade An\u00f4nima de Futebol (SAF).<\/p>\n\n\n\n<p>Rubens acredita que a SAF \u00e9 um modelo de regulamenta\u00e7\u00e3o bem estruturado, similar ao utilizado na Inglaterra, que transforma o clube em uma empresa, com um or\u00e7amento a ser seguido, governan\u00e7a, bons profissionais e assessoria. Para investir no Atl\u00e9tico-MG, Rubens, Rafael Menin, Ricardo Guimar\u00e3es e Renato Salvador, fundaram a Galo Holding. Os &#8220;4Rs&#8221;, como s\u00e3o chamados, det\u00eam 75% das a\u00e7\u00f5es, enquanto os 25% restantes pertencem \u00e0 associa\u00e7\u00e3o.<\/p>\n\n\n\n<p>Menin enxerga que o futebol brasileiro ser\u00e1 protagonista na ind\u00fastria global de entretenimento. Um dos principais objetivos da fam\u00edlia Menin \u00e9 diminuir a grande d\u00edvida que o Galo possui, que hoje est\u00e1 na casa dos R$ 2,1 bilh\u00f5es, al\u00e9m de aumentar consideravelmente a receita e transforma-lo em um clube superavit\u00e1rio. <\/p>\n\n\n\n<p>Rubens Menin foi perguntado quais que s\u00e3o os maiores desafios de comandar um clube de futebol e o empres\u00e1rio citou a torcida, que sempre est\u00e1 atenta a tudo e \u00e9 bastante exigente. <\/p>\n\n\n\n<p>&nbsp;\u201cA torcida \u00e9 insaci\u00e1vel. Temos de ter um olhar para o presente e fazer escolhas pensando no futuro. Vamos melhorar o centro de treinamento ou contratar um atacante? Para a torcida, a resposta \u00e9 sempre a segunda\u201d, disse Rubens. <\/p>\n\n\n\n<p>Pensando no futuro, o objetivo desse novo projeto \u00e9 fazer do Atl\u00e9tico-MG um l\u00edder em uma ideia inovadora no futebol. Para isso, a Galo Holding n\u00e3o descarta a possibilidade de abrir o capital na bolsa, o que faria do clube o primeiro brasileiro com a\u00e7\u00f5es negociadas publicamente. Na Europa, clubes como Manchester United, Juventus e Benfica j\u00e1 s\u00e3o listados em bolsas de valores. \u201cPodemos fazer o IPO at\u00e9 antes de 2030\u201d, finalizou Rubens Menin.<\/p>\n","protected":false},"excerpt":{"rendered":"<p>Menin revelou seus planos futuros para o clube No \u00faltimo s\u00e1bado (30), o Atl\u00e9tico-MG acabou derrotado para o Botafogo na final da Libertadores pelo placar de 3 a 1. Milhares de atleticanos viajaram at\u00e9 a Argentina para acompanhar o duelo, incluindo Rubens Menin&nbsp;e&nbsp;Rafael Menin, a fam\u00edlia que comanda a&nbsp;MRV. O investidor revelou qual seu plano [&hellip;]<\/p>\n","protected":false},"author":21,"featured_media":153999,"comment_status":"open","ping_status":"closed","sticky":false,"template":"","format":"standard","meta":{"footnotes":""},"categories":[136],"tags":[],"class_list":["post-193374","post","type-post","status-publish","format-standard","has-post-thumbnail","hentry","category-atletico-mg"],"yoast_head":"<!-- This site is optimized with the Yoast SEO Premium plugin v24.2 (Yoast SEO v26.9) - https:\/\/yoast.com\/product\/yoast-seo-premium-wordpress\/ -->\n<title>Atl\u00e9tico-MG: Rubens Menin confirma que vai tomar atitude importante nos bastidores<\/title>\n<meta name=\"robots\" content=\"index, follow, max-snippet:-1, max-image-preview:large, max-video-preview:-1\" \/>\n<link rel=\"canonical\" href=\"https:\/\/www.gaveanews.com\/index.php\/2024\/12\/02\/atletico-mg-rubens-menin-confirma-que-vai-tomar-atitude-importante-nos-bastidores\/\" \/>\n<meta property=\"og:locale\" content=\"pt_BR\" \/>\n<meta property=\"og:type\" content=\"article\" \/>\n<meta property=\"og:title\" content=\"Atl\u00e9tico-MG: Rubens Menin confirma que vai tomar atitude importante nos bastidores\" \/>\n<meta property=\"og:description\" content=\"Menin revelou seus planos futuros para o clube No \u00faltimo s\u00e1bado (30), o Atl\u00e9tico-MG acabou derrotado para o Botafogo na final da Libertadores pelo placar de 3 a 1. Milhares de atleticanos viajaram at\u00e9 a Argentina para acompanhar o duelo, incluindo Rubens Menin&nbsp;e&nbsp;Rafael Menin, a fam\u00edlia que comanda a&nbsp;MRV. O investidor revelou qual seu plano [&hellip;]\" \/>\n<meta property=\"og:url\" content=\"https:\/\/www.gaveanews.com\/index.php\/2024\/12\/02\/atletico-mg-rubens-menin-confirma-que-vai-tomar-atitude-importante-nos-bastidores\/\" \/>\n<meta property=\"og:site_name\" content=\"G\u00e1vea News\" \/>\n<meta property=\"article:publisher\" content=\"https:\/\/facebook.com\/gaveaNews\/\" \/>\n<meta property=\"article:published_time\" content=\"2024-12-02T19:40:00+00:00\" \/>\n<meta property=\"og:image\" content=\"https:\/\/www.gaveanews.com\/wp-content\/uploads\/Estadio-do-Atletico-MG.webp\" \/>\n\t<meta property=\"og:image:width\" content=\"900\" \/>\n\t<meta property=\"og:image:height\" content=\"600\" \/>\n\t<meta property=\"og:image:type\" content=\"image\/webp\" \/>\n<meta name=\"author\" content=\"Andr\u00e9 Serra\" \/>\n<meta name=\"twitter:card\" content=\"summary_large_image\" \/>\n<meta name=\"twitter:label1\" content=\"Escrito por\" \/>\n\t<meta name=\"twitter:data1\" content=\"Andr\u00e9 Serra\" \/>\n\t<meta name=\"twitter:label2\" content=\"Est. tempo de leitura\" \/>\n\t<meta name=\"twitter:data2\" content=\"3 minutos\" \/>\n<script type=\"application\/ld+json\" class=\"yoast-schema-graph\">{\"@context\":\"https:\/\/schema.org\",\"@graph\":[{\"@type\":\"NewsArticle\",\"@id\":\"https:\/\/www.gaveanews.com\/index.php\/2024\/12\/02\/atletico-mg-rubens-menin-confirma-que-vai-tomar-atitude-importante-nos-bastidores\/#article\",\"isPartOf\":{\"@id\":\"https:\/\/www.gaveanews.com\/index.php\/2024\/12\/02\/atletico-mg-rubens-menin-confirma-que-vai-tomar-atitude-importante-nos-bastidores\/\"},\"author\":{\"name\":\"Andr\u00e9 Serra\",\"@id\":\"https:\/\/www.gaveanews.com\/#\/schema\/person\/0277a79a1289c451c281ec0411d84f0c\"},\"headline\":\"Atl\u00e9tico-MG: Rubens Menin confirma que vai tomar atitude importante nos bastidores\",\"datePublished\":\"2024-12-02T19:40:00+00:00\",\"mainEntityOfPage\":{\"@id\":\"https:\/\/www.gaveanews.com\/index.php\/2024\/12\/02\/atletico-mg-rubens-menin-confirma-que-vai-tomar-atitude-importante-nos-bastidores\/\"},\"wordCount\":464,\"commentCount\":0,\"image\":{\"@id\":\"https:\/\/www.gaveanews.com\/index.php\/2024\/12\/02\/atletico-mg-rubens-menin-confirma-que-vai-tomar-atitude-importante-nos-bastidores\/#primaryimage\"},\"thumbnailUrl\":\"https:\/\/www.gaveanews.com\/wp-content\/uploads\/Estadio-do-Atletico-MG.webp\",\"articleSection\":[\"Atl\u00e9tico-MG\"],\"inLanguage\":\"pt-BR\",\"potentialAction\":[{\"@type\":\"CommentAction\",\"name\":\"Comment\",\"target\":[\"https:\/\/www.gaveanews.com\/index.php\/2024\/12\/02\/atletico-mg-rubens-menin-confirma-que-vai-tomar-atitude-importante-nos-bastidores\/#respond\"]}],\"copyrightYear\":\"2024\",\"copyrightHolder\":{\"@id\":\"https:\/\/www.gaveanews.com\/#organization\"}},{\"@type\":\"WebPage\",\"@id\":\"https:\/\/www.gaveanews.com\/index.php\/2024\/12\/02\/atletico-mg-rubens-menin-confirma-que-vai-tomar-atitude-importante-nos-bastidores\/\",\"url\":\"https:\/\/www.gaveanews.com\/index.php\/2024\/12\/02\/atletico-mg-rubens-menin-confirma-que-vai-tomar-atitude-importante-nos-bastidores\/\",\"name\":\"Atl\u00e9tico-MG: Rubens Menin confirma que vai tomar atitude importante nos bastidores\",\"isPartOf\":{\"@id\":\"https:\/\/www.gaveanews.com\/#website\"},\"primaryImageOfPage\":{\"@id\":\"https:\/\/www.gaveanews.com\/index.php\/2024\/12\/02\/atletico-mg-rubens-menin-confirma-que-vai-tomar-atitude-importante-nos-bastidores\/#primaryimage\"},\"image\":{\"@id\":\"https:\/\/www.gaveanews.com\/index.php\/2024\/12\/02\/atletico-mg-rubens-menin-confirma-que-vai-tomar-atitude-importante-nos-bastidores\/#primaryimage\"},\"thumbnailUrl\":\"https:\/\/www.gaveanews.com\/wp-content\/uploads\/Estadio-do-Atletico-MG.webp\",\"datePublished\":\"2024-12-02T19:40:00+00:00\",\"author\":{\"@id\":\"https:\/\/www.gaveanews.com\/#\/schema\/person\/0277a79a1289c451c281ec0411d84f0c\"},\"breadcrumb\":{\"@id\":\"https:\/\/www.gaveanews.com\/index.php\/2024\/12\/02\/atletico-mg-rubens-menin-confirma-que-vai-tomar-atitude-importante-nos-bastidores\/#breadcrumb\"},\"inLanguage\":\"pt-BR\",\"potentialAction\":[{\"@type\":\"ReadAction\",\"target\":[\"https:\/\/www.gaveanews.com\/index.php\/2024\/12\/02\/atletico-mg-rubens-menin-confirma-que-vai-tomar-atitude-importante-nos-bastidores\/\"]}]},{\"@type\":\"ImageObject\",\"inLanguage\":\"pt-BR\",\"@id\":\"https:\/\/www.gaveanews.com\/index.php\/2024\/12\/02\/atletico-mg-rubens-menin-confirma-que-vai-tomar-atitude-importante-nos-bastidores\/#primaryimage\",\"url\":\"https:\/\/www.gaveanews.com\/wp-content\/uploads\/Estadio-do-Atletico-MG.webp\",\"contentUrl\":\"https:\/\/www.gaveanews.com\/wp-content\/uploads\/Estadio-do-Atletico-MG.webp\",\"width\":900,\"height\":600,\"caption\":\"Arena MRV, est\u00e1dio do Atl\u00e9tico-MG (Foto: Reprodu\u00e7\u00e3o\/Atl\u00e9tico)\"},{\"@type\":\"BreadcrumbList\",\"@id\":\"https:\/\/www.gaveanews.com\/index.php\/2024\/12\/02\/atletico-mg-rubens-menin-confirma-que-vai-tomar-atitude-importante-nos-bastidores\/#breadcrumb\",\"itemListElement\":[{\"@type\":\"ListItem\",\"position\":1,\"name\":\"Home\",\"item\":\"https:\/\/www.gaveanews.com\/\"},{\"@type\":\"ListItem\",\"position\":2,\"name\":\"Atl\u00e9tico-MG: Rubens Menin confirma que vai tomar atitude importante nos bastidores\"}]},{\"@type\":\"WebSite\",\"@id\":\"https:\/\/www.gaveanews.com\/#website\",\"url\":\"https:\/\/www.gaveanews.com\/\",\"name\":\"G\u00e1vea News\",\"description\":\"Veja todas as not\u00edcias sobre o Flamengo: Contrata\u00e7\u00f5es, categorias de base, resultados das partidas, tabela de classifica\u00e7\u00e3o, pr\u00f3ximos jogos!\",\"potentialAction\":[{\"@type\":\"SearchAction\",\"target\":{\"@type\":\"EntryPoint\",\"urlTemplate\":\"https:\/\/www.gaveanews.com\/?s={search_term_string}\"},\"query-input\":{\"@type\":\"PropertyValueSpecification\",\"valueRequired\":true,\"valueName\":\"search_term_string\"}}],\"inLanguage\":\"pt-BR\"},{\"@type\":\"Person\",\"@id\":\"https:\/\/www.gaveanews.com\/#\/schema\/person\/0277a79a1289c451c281ec0411d84f0c\",\"name\":\"Andr\u00e9 Serra\",\"image\":{\"@type\":\"ImageObject\",\"inLanguage\":\"pt-BR\",\"@id\":\"https:\/\/www.gaveanews.com\/#\/schema\/person\/image\/\",\"url\":\"https:\/\/secure.gravatar.com\/avatar\/d7231369fe48db93292b3e88eb2162dbd9a34a47a8437d9ef3bcaca2a86a83d7?s=96&d=mm&r=g\",\"contentUrl\":\"https:\/\/secure.gravatar.com\/avatar\/d7231369fe48db93292b3e88eb2162dbd9a34a47a8437d9ef3bcaca2a86a83d7?s=96&d=mm&r=g\",\"caption\":\"Andr\u00e9 Serra\"}}]}<\/script>\n<!-- \/ Yoast SEO Premium plugin. -->","yoast_head_json":{"title":"Atl\u00e9tico-MG: Rubens Menin confirma que vai tomar atitude importante nos bastidores","robots":{"index":"index","follow":"follow","max-snippet":"max-snippet:-1","max-image-preview":"max-image-preview:large","max-video-preview":"max-video-preview:-1"},"canonical":"https:\/\/www.gaveanews.com\/index.php\/2024\/12\/02\/atletico-mg-rubens-menin-confirma-que-vai-tomar-atitude-importante-nos-bastidores\/","og_locale":"pt_BR","og_type":"article","og_title":"Atl\u00e9tico-MG: Rubens Menin confirma que vai tomar atitude importante nos bastidores","og_description":"Menin revelou seus planos futuros para o clube No \u00faltimo s\u00e1bado (30), o Atl\u00e9tico-MG acabou derrotado para o Botafogo na final da Libertadores pelo placar de 3 a 1. Milhares de atleticanos viajaram at\u00e9 a Argentina para acompanhar o duelo, incluindo Rubens Menin&nbsp;e&nbsp;Rafael Menin, a fam\u00edlia que comanda a&nbsp;MRV. O investidor revelou qual seu plano [&hellip;]","og_url":"https:\/\/www.gaveanews.com\/index.php\/2024\/12\/02\/atletico-mg-rubens-menin-confirma-que-vai-tomar-atitude-importante-nos-bastidores\/","og_site_name":"G\u00e1vea News","article_publisher":"https:\/\/facebook.com\/gaveaNews\/","article_published_time":"2024-12-02T19:40:00+00:00","og_image":[{"width":900,"height":600,"url":"https:\/\/www.gaveanews.com\/wp-content\/uploads\/Estadio-do-Atletico-MG.webp","type":"image\/webp"}],"author":"Andr\u00e9 Serra","twitter_card":"summary_large_image","twitter_misc":{"Escrito por":"Andr\u00e9 Serra","Est. tempo de leitura":"3 minutos"},"schema":{"@context":"https:\/\/schema.org","@graph":[{"@type":"NewsArticle","@id":"https:\/\/www.gaveanews.com\/index.php\/2024\/12\/02\/atletico-mg-rubens-menin-confirma-que-vai-tomar-atitude-importante-nos-bastidores\/#article","isPartOf":{"@id":"https:\/\/www.gaveanews.com\/index.php\/2024\/12\/02\/atletico-mg-rubens-menin-confirma-que-vai-tomar-atitude-importante-nos-bastidores\/"},"author":{"name":"Andr\u00e9 Serra","@id":"https:\/\/www.gaveanews.com\/#\/schema\/person\/0277a79a1289c451c281ec0411d84f0c"},"headline":"Atl\u00e9tico-MG: Rubens Menin confirma que vai tomar atitude importante nos bastidores","datePublished":"2024-12-02T19:40:00+00:00","mainEntityOfPage":{"@id":"https:\/\/www.gaveanews.com\/index.php\/2024\/12\/02\/atletico-mg-rubens-menin-confirma-que-vai-tomar-atitude-importante-nos-bastidores\/"},"wordCount":464,"commentCount":0,"image":{"@id":"https:\/\/www.gaveanews.com\/index.php\/2024\/12\/02\/atletico-mg-rubens-menin-confirma-que-vai-tomar-atitude-importante-nos-bastidores\/#primaryimage"},"thumbnailUrl":"https:\/\/www.gaveanews.com\/wp-content\/uploads\/Estadio-do-Atletico-MG.webp","articleSection":["Atl\u00e9tico-MG"],"inLanguage":"pt-BR","potentialAction":[{"@type":"CommentAction","name":"Comment","target":["https:\/\/www.gaveanews.com\/index.php\/2024\/12\/02\/atletico-mg-rubens-menin-confirma-que-vai-tomar-atitude-importante-nos-bastidores\/#respond"]}],"copyrightYear":"2024","copyrightHolder":{"@id":"https:\/\/www.gaveanews.com\/#organization"}},{"@type":"WebPage","@id":"https:\/\/www.gaveanews.com\/index.php\/2024\/12\/02\/atletico-mg-rubens-menin-confirma-que-vai-tomar-atitude-importante-nos-bastidores\/","url":"https:\/\/www.gaveanews.com\/index.php\/2024\/12\/02\/atletico-mg-rubens-menin-confirma-que-vai-tomar-atitude-importante-nos-bastidores\/","name":"Atl\u00e9tico-MG: Rubens Menin confirma que vai tomar atitude importante nos bastidores","isPartOf":{"@id":"https:\/\/www.gaveanews.com\/#website"},"primaryImageOfPage":{"@id":"https:\/\/www.gaveanews.com\/index.php\/2024\/12\/02\/atletico-mg-rubens-menin-confirma-que-vai-tomar-atitude-importante-nos-bastidores\/#primaryimage"},"image":{"@id":"https:\/\/www.gaveanews.com\/index.php\/2024\/12\/02\/atletico-mg-rubens-menin-confirma-que-vai-tomar-atitude-importante-nos-bastidores\/#primaryimage"},"thumbnailUrl":"https:\/\/www.gaveanews.com\/wp-content\/uploads\/Estadio-do-Atletico-MG.webp","datePublished":"2024-12-02T19:40:00+00:00","author":{"@id":"https:\/\/www.gaveanews.com\/#\/schema\/person\/0277a79a1289c451c281ec0411d84f0c"},"breadcrumb":{"@id":"https:\/\/www.gaveanews.com\/index.php\/2024\/12\/02\/atletico-mg-rubens-menin-confirma-que-vai-tomar-atitude-importante-nos-bastidores\/#breadcrumb"},"inLanguage":"pt-BR","potentialAction":[{"@type":"ReadAction","target":["https:\/\/www.gaveanews.com\/index.php\/2024\/12\/02\/atletico-mg-rubens-menin-confirma-que-vai-tomar-atitude-importante-nos-bastidores\/"]}]},{"@type":"ImageObject","inLanguage":"pt-BR","@id":"https:\/\/www.gaveanews.com\/index.php\/2024\/12\/02\/atletico-mg-rubens-menin-confirma-que-vai-tomar-atitude-importante-nos-bastidores\/#primaryimage","url":"https:\/\/www.gaveanews.com\/wp-content\/uploads\/Estadio-do-Atletico-MG.webp","contentUrl":"https:\/\/www.gaveanews.com\/wp-content\/uploads\/Estadio-do-Atletico-MG.webp","width":900,"height":600,"caption":"Arena MRV, est\u00e1dio do Atl\u00e9tico-MG (Foto: Reprodu\u00e7\u00e3o\/Atl\u00e9tico)"},{"@type":"BreadcrumbList","@id":"https:\/\/www.gaveanews.com\/index.php\/2024\/12\/02\/atletico-mg-rubens-menin-confirma-que-vai-tomar-atitude-importante-nos-bastidores\/#breadcrumb","itemListElement":[{"@type":"ListItem","position":1,"name":"Home","item":"https:\/\/www.gaveanews.com\/"},{"@type":"ListItem","position":2,"name":"Atl\u00e9tico-MG: Rubens Menin confirma que vai tomar atitude importante nos bastidores"}]},{"@type":"WebSite","@id":"https:\/\/www.gaveanews.com\/#website","url":"https:\/\/www.gaveanews.com\/","name":"G\u00e1vea News","description":"Veja todas as not\u00edcias sobre o Flamengo: Contrata\u00e7\u00f5es, categorias de base, resultados das partidas, tabela de classifica\u00e7\u00e3o, pr\u00f3ximos jogos!","potentialAction":[{"@type":"SearchAction","target":{"@type":"EntryPoint","urlTemplate":"https:\/\/www.gaveanews.com\/?s={search_term_string}"},"query-input":{"@type":"PropertyValueSpecification","valueRequired":true,"valueName":"search_term_string"}}],"inLanguage":"pt-BR"},{"@type":"Person","@id":"https:\/\/www.gaveanews.com\/#\/schema\/person\/0277a79a1289c451c281ec0411d84f0c","name":"Andr\u00e9 Serra","image":{"@type":"ImageObject","inLanguage":"pt-BR","@id":"https:\/\/www.gaveanews.com\/#\/schema\/person\/image\/","url":"https:\/\/secure.gravatar.com\/avatar\/d7231369fe48db93292b3e88eb2162dbd9a34a47a8437d9ef3bcaca2a86a83d7?s=96&d=mm&r=g","contentUrl":"https:\/\/secure.gravatar.com\/avatar\/d7231369fe48db93292b3e88eb2162dbd9a34a47a8437d9ef3bcaca2a86a83d7?s=96&d=mm&r=g","caption":"Andr\u00e9 Serra"}}]}},"_links":{"self":[{"href":"https:\/\/www.gaveanews.com\/index.php\/wp-json\/wp\/v2\/posts\/193374","targetHints":{"allow":["GET"]}}],"collection":[{"href":"https:\/\/www.gaveanews.com\/index.php\/wp-json\/wp\/v2\/posts"}],"about":[{"href":"https:\/\/www.gaveanews.com\/index.php\/wp-json\/wp\/v2\/types\/post"}],"author":[{"embeddable":true,"href":"https:\/\/www.gaveanews.com\/index.php\/wp-json\/wp\/v2\/users\/21"}],"replies":[{"embeddable":true,"href":"https:\/\/www.gaveanews.com\/index.php\/wp-json\/wp\/v2\/comments?post=193374"}],"version-history":[{"count":2,"href":"https:\/\/www.gaveanews.com\/index.php\/wp-json\/wp\/v2\/posts\/193374\/revisions"}],"predecessor-version":[{"id":193407,"href":"https:\/\/www.gaveanews.com\/index.php\/wp-json\/wp\/v2\/posts\/193374\/revisions\/193407"}],"wp:featuredmedia":[{"embeddable":true,"href":"https:\/\/www.gaveanews.com\/index.php\/wp-json\/wp\/v2\/media\/153999"}],"wp:attachment":[{"href":"https:\/\/www.gaveanews.com\/index.php\/wp-json\/wp\/v2\/media?parent=193374"}],"wp:term":[{"taxonomy":"category","embeddable":true,"href":"https:\/\/www.gaveanews.com\/index.php\/wp-json\/wp\/v2\/categories?post=193374"},{"taxonomy":"post_tag","embeddable":true,"href":"https:\/\/www.gaveanews.com\/index.php\/wp-json\/wp\/v2\/tags?post=193374"}],"curies":[{"name":"wp","href":"https:\/\/api.w.org\/{rel}","templated":true}]}}