{"id":193404,"date":"2024-12-02T17:45:00","date_gmt":"2024-12-02T20:45:00","guid":{"rendered":"https:\/\/www.gaveanews.com\/?p=193404"},"modified":"2024-12-02T17:44:02","modified_gmt":"2024-12-02T20:44:02","slug":"estevao-marcos-rocha-raphael-veiga-felipe-anderson-richard-rios-anibal-moreno-flaco-lopez-murilo-caio-paulista-e-weverton-os-jogadores-do-palmeiras-com-mais-perdas-de-posse-de-bola-no-brasile","status":"publish","type":"post","link":"https:\/\/www.gaveanews.com\/index.php\/2024\/12\/02\/estevao-marcos-rocha-raphael-veiga-felipe-anderson-richard-rios-anibal-moreno-flaco-lopez-murilo-caio-paulista-e-weverton-os-jogadores-do-palmeiras-com-mais-perdas-de-posse-de-bola-no-brasile\/","title":{"rendered":"Est\u00eav\u00e3o, Marcos Rocha, Raphael Veiga, Felipe Anderson, Richard R\u00edos, An\u00edbal Moreno, Flaco L\u00f3pez, Murilo, Caio Paulista e Weverton: os jogadores do Palmeiras com mais perdas de posse de bola no Brasileir\u00e3o"},"content":{"rendered":"\n<p>Para manter o time vivo nos campeonatos e colher bons frutos ao final das temporadas, os jogadores precisam se empenhar em ter um time equilibrado, ou seja, com bons aproveitamentos defensivos e ofensivos.<\/p>\n\n\n\n<ul class=\"wp-block-list\">\n<li><a href=\"https:\/\/www.gaveanews.com\/index.php\/2024\/12\/02\/cruzeiro-x-palmeiras-fernando-diniz-faz-pedido-importante\/\">Cruzeiro x Palmeiras: Fernando Diniz faz pedido importante<\/a><\/li>\n\n\n\n<li><a href=\"https:\/\/www.gaveanews.com\/index.php\/2024\/12\/02\/a-situacao-fisica-de-bruno-rodrigues-no-palmeiras\/\">A situa\u00e7\u00e3o f\u00edsica de Bruno Rodrigues no Palmeiras<\/a><\/li>\n<\/ul>\n\n\n\n<p>Um dos maiores problemas que um time pode enfrentar quando tenta manter o controle de jogo \u00e9 perder a bola na press\u00e3o advers\u00e1ria. Nesse cen\u00e1rio, o G\u00e1vea News elencou o top-10 atletas com mais perdas de posse de bola do Palmeiras no Brasileir\u00e3o. Os dados foram retirados do &#8216;Sofascore&#8217;.<\/p>\n\n\n\n<h2 class=\"wp-block-heading\" id=\"h-flaco-lopez\">Flaco L\u00f3pez<\/h2>\n\n\n\n<figure class=\"wp-block-image size-full\"><img loading=\"lazy\" decoding=\"async\" width=\"1220\" height=\"674\" src=\"https:\/\/www.gaveanews.com\/wp-content\/uploads\/flaco-lopez-palmeiras.webp\" alt=\"\" class=\"wp-image-142875\" srcset=\"https:\/\/www.gaveanews.com\/wp-content\/uploads\/flaco-lopez-palmeiras.webp 1220w, https:\/\/www.gaveanews.com\/wp-content\/uploads\/flaco-lopez-palmeiras-300x166.webp 300w, https:\/\/www.gaveanews.com\/wp-content\/uploads\/flaco-lopez-palmeiras-1024x566.webp 1024w, https:\/\/www.gaveanews.com\/wp-content\/uploads\/flaco-lopez-palmeiras-768x424.webp 768w, https:\/\/www.gaveanews.com\/wp-content\/uploads\/flaco-lopez-palmeiras-760x420.webp 760w, https:\/\/www.gaveanews.com\/wp-content\/uploads\/flaco-lopez-palmeiras-640x354.webp 640w, https:\/\/www.gaveanews.com\/wp-content\/uploads\/flaco-lopez-palmeiras-681x376.webp 681w, https:\/\/www.gaveanews.com\/wp-content\/uploads\/flaco-lopez-palmeiras-100x55.webp 100w\" sizes=\"auto, (max-width: 1220px) 100vw, 1220px\" \/><figcaption class=\"wp-element-caption\">Flaco L\u00f3pez em a\u00e7\u00e3o pelo Palmeiras (Foto: Cesar Greco\/Palmeiras)<\/figcaption><\/figure>\n\n\n\n<p>Flaco L\u00f3pez abre a lista do Palmeiras e aparece em d\u00e9cimo lugar, com uma m\u00e9dia de 8.1 perdas de posse de bola por jogo. O atacante disputou 33 partidas, foi titular 22 vezes e tem uma minutagem 1.965.<\/p>\n\n\n\n<h2 class=\"wp-block-heading\" id=\"h-caio-paulista\">Caio Paulista<\/h2>\n\n\n\n<figure class=\"wp-block-image size-full\"><img loading=\"lazy\" decoding=\"async\" width=\"1600\" height=\"1307\" src=\"https:\/\/www.gaveanews.com\/wp-content\/uploads\/Caio-Paulista-pelo-Palmeiras.webp\" alt=\"\" class=\"wp-image-176755\" srcset=\"https:\/\/www.gaveanews.com\/wp-content\/uploads\/Caio-Paulista-pelo-Palmeiras.webp 1600w, https:\/\/www.gaveanews.com\/wp-content\/uploads\/Caio-Paulista-pelo-Palmeiras-300x245.webp 300w, https:\/\/www.gaveanews.com\/wp-content\/uploads\/Caio-Paulista-pelo-Palmeiras-1024x836.webp 1024w, https:\/\/www.gaveanews.com\/wp-content\/uploads\/Caio-Paulista-pelo-Palmeiras-768x627.webp 768w, https:\/\/www.gaveanews.com\/wp-content\/uploads\/Caio-Paulista-pelo-Palmeiras-1536x1255.webp 1536w, https:\/\/www.gaveanews.com\/wp-content\/uploads\/Caio-Paulista-pelo-Palmeiras-514x420.webp 514w, https:\/\/www.gaveanews.com\/wp-content\/uploads\/Caio-Paulista-pelo-Palmeiras-1028x840.webp 1028w, https:\/\/www.gaveanews.com\/wp-content\/uploads\/Caio-Paulista-pelo-Palmeiras-640x523.webp 640w, https:\/\/www.gaveanews.com\/wp-content\/uploads\/Caio-Paulista-pelo-Palmeiras-1280x1046.webp 1280w, https:\/\/www.gaveanews.com\/wp-content\/uploads\/Caio-Paulista-pelo-Palmeiras-681x556.webp 681w, https:\/\/www.gaveanews.com\/wp-content\/uploads\/Caio-Paulista-pelo-Palmeiras-1362x1113.webp 1362w, https:\/\/www.gaveanews.com\/wp-content\/uploads\/Caio-Paulista-pelo-Palmeiras-100x82.webp 100w\" sizes=\"auto, (max-width: 1600px) 100vw, 1600px\" \/><figcaption class=\"wp-element-caption\">Caio Paulista pelo Palmeiras (Foto: Palmeiras)<\/figcaption><\/figure>\n\n\n\n<p>Caio Paulista vem logo na sequ\u00eancia, com a m\u00e9dia de 8.5 perdas de posse de bola por jogo. O lateral-esquerdo disputou 22 partidas, foi titular 15 vezes e tem 1.189 minutos em campo.<\/p>\n\n\n\n<h2 class=\"wp-block-heading\" id=\"h-murilo\">Murilo<\/h2>\n\n\n\n<figure class=\"wp-block-image size-full\"><img loading=\"lazy\" decoding=\"async\" width=\"1600\" height=\"1000\" src=\"https:\/\/www.gaveanews.com\/wp-content\/uploads\/Murilo-em-acao-pelo-Palmeiras.webp\" alt=\"\" class=\"wp-image-168188\" srcset=\"https:\/\/www.gaveanews.com\/wp-content\/uploads\/Murilo-em-acao-pelo-Palmeiras.webp 1600w, https:\/\/www.gaveanews.com\/wp-content\/uploads\/Murilo-em-acao-pelo-Palmeiras-300x188.webp 300w, https:\/\/www.gaveanews.com\/wp-content\/uploads\/Murilo-em-acao-pelo-Palmeiras-1024x640.webp 1024w, https:\/\/www.gaveanews.com\/wp-content\/uploads\/Murilo-em-acao-pelo-Palmeiras-768x480.webp 768w, https:\/\/www.gaveanews.com\/wp-content\/uploads\/Murilo-em-acao-pelo-Palmeiras-1536x960.webp 1536w, https:\/\/www.gaveanews.com\/wp-content\/uploads\/Murilo-em-acao-pelo-Palmeiras-672x420.webp 672w, https:\/\/www.gaveanews.com\/wp-content\/uploads\/Murilo-em-acao-pelo-Palmeiras-1344x840.webp 1344w, https:\/\/www.gaveanews.com\/wp-content\/uploads\/Murilo-em-acao-pelo-Palmeiras-640x400.webp 640w, https:\/\/www.gaveanews.com\/wp-content\/uploads\/Murilo-em-acao-pelo-Palmeiras-1280x800.webp 1280w, https:\/\/www.gaveanews.com\/wp-content\/uploads\/Murilo-em-acao-pelo-Palmeiras-681x426.webp 681w, https:\/\/www.gaveanews.com\/wp-content\/uploads\/Murilo-em-acao-pelo-Palmeiras-1362x851.webp 1362w, https:\/\/www.gaveanews.com\/wp-content\/uploads\/Murilo-em-acao-pelo-Palmeiras-100x63.webp 100w\" sizes=\"auto, (max-width: 1600px) 100vw, 1600px\" \/><figcaption class=\"wp-element-caption\">Murilo em a\u00e7\u00e3o pelo Palmeiras (Foto: Cesar Greco\/Palmeiras)<\/figcaption><\/figure>\n\n\n\n<p>Murilo \u00e9 zagueiro e disputou 23 confrontos do torneio nacional. O atleta tem m\u00e9dia de 8.6 perdas de posse de bola por partida, foi titular em 23 dos duelos citados e tem 1.999 de minutagem.<\/p>\n\n\n\n<h2 class=\"wp-block-heading\" id=\"h-anibal-moreno\">An\u00edbal Moreno<\/h2>\n\n\n\n<figure class=\"wp-block-image size-full\"><img loading=\"lazy\" decoding=\"async\" width=\"696\" height=\"385\" src=\"https:\/\/www.gaveanews.com\/wp-content\/uploads\/Aniba-Moreno-em-acao-pelo-Palmeiras.webp\" alt=\"\" class=\"wp-image-168189\" srcset=\"https:\/\/www.gaveanews.com\/wp-content\/uploads\/Aniba-Moreno-em-acao-pelo-Palmeiras.webp 696w, https:\/\/www.gaveanews.com\/wp-content\/uploads\/Aniba-Moreno-em-acao-pelo-Palmeiras-300x166.webp 300w, https:\/\/www.gaveanews.com\/wp-content\/uploads\/Aniba-Moreno-em-acao-pelo-Palmeiras-640x354.webp 640w, https:\/\/www.gaveanews.com\/wp-content\/uploads\/Aniba-Moreno-em-acao-pelo-Palmeiras-681x377.webp 681w, https:\/\/www.gaveanews.com\/wp-content\/uploads\/Aniba-Moreno-em-acao-pelo-Palmeiras-100x55.webp 100w\" sizes=\"auto, (max-width: 696px) 100vw, 696px\" \/><figcaption class=\"wp-element-caption\">An\u00edbal Moreno em a\u00e7\u00e3o pelo Palmeiras (Foto: Fabio Menotti\/Palmeiras)<\/figcaption><\/figure>\n\n\n\n<p>An\u00edbal Moreno sobe a m\u00e9dia de perdas de posse de bola para 8.9, em 32 partidas que disputou pelo torneio nacional. O volante foi titular em 29 dos confrontos, e tem 2.421 minutos em campo.<\/p>\n\n\n\n<h2 class=\"wp-block-heading\" id=\"h-weverton\">Weverton<\/h2>\n\n\n\n<figure class=\"wp-block-image size-full\"><img loading=\"lazy\" decoding=\"async\" width=\"1325\" height=\"1500\" src=\"https:\/\/www.gaveanews.com\/wp-content\/uploads\/Weverton-durante-o-jogo-entre-Botafogo-x-Palmeiras-pelo-Brasileirao-2024.webp\" alt=\"\" class=\"wp-image-153071\" srcset=\"https:\/\/www.gaveanews.com\/wp-content\/uploads\/Weverton-durante-o-jogo-entre-Botafogo-x-Palmeiras-pelo-Brasileirao-2024.webp 1325w, https:\/\/www.gaveanews.com\/wp-content\/uploads\/Weverton-durante-o-jogo-entre-Botafogo-x-Palmeiras-pelo-Brasileirao-2024-265x300.webp 265w, https:\/\/www.gaveanews.com\/wp-content\/uploads\/Weverton-durante-o-jogo-entre-Botafogo-x-Palmeiras-pelo-Brasileirao-2024-905x1024.webp 905w, https:\/\/www.gaveanews.com\/wp-content\/uploads\/Weverton-durante-o-jogo-entre-Botafogo-x-Palmeiras-pelo-Brasileirao-2024-768x869.webp 768w, https:\/\/www.gaveanews.com\/wp-content\/uploads\/Weverton-durante-o-jogo-entre-Botafogo-x-Palmeiras-pelo-Brasileirao-2024-371x420.webp 371w, https:\/\/www.gaveanews.com\/wp-content\/uploads\/Weverton-durante-o-jogo-entre-Botafogo-x-Palmeiras-pelo-Brasileirao-2024-742x840.webp 742w, https:\/\/www.gaveanews.com\/wp-content\/uploads\/Weverton-durante-o-jogo-entre-Botafogo-x-Palmeiras-pelo-Brasileirao-2024-640x725.webp 640w, https:\/\/www.gaveanews.com\/wp-content\/uploads\/Weverton-durante-o-jogo-entre-Botafogo-x-Palmeiras-pelo-Brasileirao-2024-1280x1449.webp 1280w, https:\/\/www.gaveanews.com\/wp-content\/uploads\/Weverton-durante-o-jogo-entre-Botafogo-x-Palmeiras-pelo-Brasileirao-2024-681x771.webp 681w, https:\/\/www.gaveanews.com\/wp-content\/uploads\/Weverton-durante-o-jogo-entre-Botafogo-x-Palmeiras-pelo-Brasileirao-2024-100x113.webp 100w\" sizes=\"auto, (max-width: 1325px) 100vw, 1325px\" \/><figcaption class=\"wp-element-caption\">Weverton durante o jogo entre Botafogo x Palmeiras pelo Brasileir\u00e3o 2024 (Foto: Cesar Greco\/Palmeiras)<\/figcaption><\/figure>\n\n\n\n<p>Weverton tem m\u00e9dia de 9.7 perdas de posse de bola por partida. O goleiro do Palmeiras foi a campo 35 vezes, iniciou 35 como titular e tem 3.150 minutos em campo.<\/p>\n\n\n\n<h2 class=\"wp-block-heading\" id=\"h-richard-rios\">Richard R\u00edos<\/h2>\n\n\n\n<figure class=\"wp-block-image size-full\"><img loading=\"lazy\" decoding=\"async\" width=\"785\" height=\"475\" src=\"https:\/\/www.gaveanews.com\/wp-content\/uploads\/richard-rios-palmeiras-flamengo.webp\" alt=\"\" class=\"wp-image-99564\" srcset=\"https:\/\/www.gaveanews.com\/wp-content\/uploads\/richard-rios-palmeiras-flamengo.webp 785w, https:\/\/www.gaveanews.com\/wp-content\/uploads\/richard-rios-palmeiras-flamengo-300x182.webp 300w, https:\/\/www.gaveanews.com\/wp-content\/uploads\/richard-rios-palmeiras-flamengo-768x465.webp 768w, https:\/\/www.gaveanews.com\/wp-content\/uploads\/richard-rios-palmeiras-flamengo-694x420.webp 694w, https:\/\/www.gaveanews.com\/wp-content\/uploads\/richard-rios-palmeiras-flamengo-640x387.webp 640w, https:\/\/www.gaveanews.com\/wp-content\/uploads\/richard-rios-palmeiras-flamengo-681x412.webp 681w, https:\/\/www.gaveanews.com\/wp-content\/uploads\/richard-rios-palmeiras-flamengo-100x61.webp 100w\" sizes=\"auto, (max-width: 785px) 100vw, 785px\" \/><figcaption class=\"wp-element-caption\">Richard R\u00edos em a\u00e7\u00e3o pelo Palmeiras (Foto: Cesar Greco\/Palmeiras)<\/figcaption><\/figure>\n\n\n\n<p>Richard R\u00edos \u00e9 um dos volantes do Palmeiras e tem m\u00e9dia de 10.7 perdas de posse de bola por partida. O jogador foi a campo em 22 jogos, titular em 18 deles e tem 1.568 de minutagem.<\/p>\n\n\n\n<h2 class=\"wp-block-heading\" id=\"h-raphael-veiga\">Raphael Veiga<\/h2>\n\n\n\n<figure class=\"wp-block-image size-full\"><img loading=\"lazy\" decoding=\"async\" width=\"612\" height=\"408\" src=\"https:\/\/www.gaveanews.com\/wp-content\/uploads\/Raphael-Veiga-CB-2024.612x408.webp\" alt=\"\" class=\"wp-image-144417\" srcset=\"https:\/\/www.gaveanews.com\/wp-content\/uploads\/Raphael-Veiga-CB-2024.612x408.webp 612w, https:\/\/www.gaveanews.com\/wp-content\/uploads\/Raphael-Veiga-CB-2024.612x408-300x200.webp 300w, https:\/\/www.gaveanews.com\/wp-content\/uploads\/Raphael-Veiga-CB-2024.612x408-100x67.webp 100w\" sizes=\"auto, (max-width: 612px) 100vw, 612px\" \/><figcaption class=\"wp-element-caption\">Foto: Cesar Greco\/Palmeiras\/by Canon<\/figcaption><\/figure>\n\n\n\n<p>Raphael Veiga aparece na quarta posi\u00e7\u00e3o, com 11.0 de m\u00e9dia de perdas de posse de bola por jogo. O meia participou de 32 confrontos, foi titular 28 vezes e tem 2.345  minutos jogados.<\/p>\n\n\n\n<h2 class=\"wp-block-heading\" id=\"h-felipe-anderson\">Felipe Anderson<\/h2>\n\n\n\n<figure class=\"wp-block-image size-full\"><img loading=\"lazy\" decoding=\"async\" width=\"828\" height=\"608\" src=\"https:\/\/www.gaveanews.com\/wp-content\/uploads\/Felipe-Anderson-durante-treino-do-Palmeiras.webp\" alt=\"Felipe Anderson durante treino do Palmeiras (Foto: Reprodu\u00e7\u00e3o\/Palmeiras)\" class=\"wp-image-150549\" srcset=\"https:\/\/www.gaveanews.com\/wp-content\/uploads\/Felipe-Anderson-durante-treino-do-Palmeiras.webp 828w, https:\/\/www.gaveanews.com\/wp-content\/uploads\/Felipe-Anderson-durante-treino-do-Palmeiras-300x220.webp 300w, https:\/\/www.gaveanews.com\/wp-content\/uploads\/Felipe-Anderson-durante-treino-do-Palmeiras-768x564.webp 768w, https:\/\/www.gaveanews.com\/wp-content\/uploads\/Felipe-Anderson-durante-treino-do-Palmeiras-572x420.webp 572w, https:\/\/www.gaveanews.com\/wp-content\/uploads\/Felipe-Anderson-durante-treino-do-Palmeiras-80x60.webp 80w, https:\/\/www.gaveanews.com\/wp-content\/uploads\/Felipe-Anderson-durante-treino-do-Palmeiras-640x470.webp 640w, https:\/\/www.gaveanews.com\/wp-content\/uploads\/Felipe-Anderson-durante-treino-do-Palmeiras-681x500.webp 681w, https:\/\/www.gaveanews.com\/wp-content\/uploads\/Felipe-Anderson-durante-treino-do-Palmeiras-100x73.webp 100w\" sizes=\"auto, (max-width: 828px) 100vw, 828px\" \/><figcaption class=\"wp-element-caption\">Felipe Anderson durante treino do Palmeiras (Foto: Reprodu\u00e7\u00e3o\/Palmeiras)<\/figcaption><\/figure>\n\n\n\n<p>Felipe Anderson abre o \u2018top-3\u2019 do Palmeiras com m\u00e9dia de 12.2 perdas de posse de bola por jogo. O meia-atacante disputou 19 partidas, tem 15 confrontos como titular e 1.260 minutos jogados.<\/p>\n\n\n\n<h2 class=\"wp-block-heading\" id=\"h-estevao\">Est\u00eav\u00e3o<\/h2>\n\n\n\n<figure class=\"wp-block-image size-full\"><img loading=\"lazy\" decoding=\"async\" width=\"1245\" height=\"1500\" src=\"https:\/\/www.gaveanews.com\/wp-content\/uploads\/Estevao-durante-o-jogo-entre-Botafogo-x-Palmeiras-pelo-Brasileirao-2024.webp\" alt=\"\" class=\"wp-image-153086\" srcset=\"https:\/\/www.gaveanews.com\/wp-content\/uploads\/Estevao-durante-o-jogo-entre-Botafogo-x-Palmeiras-pelo-Brasileirao-2024.webp 1245w, https:\/\/www.gaveanews.com\/wp-content\/uploads\/Estevao-durante-o-jogo-entre-Botafogo-x-Palmeiras-pelo-Brasileirao-2024-249x300.webp 249w, https:\/\/www.gaveanews.com\/wp-content\/uploads\/Estevao-durante-o-jogo-entre-Botafogo-x-Palmeiras-pelo-Brasileirao-2024-850x1024.webp 850w, https:\/\/www.gaveanews.com\/wp-content\/uploads\/Estevao-durante-o-jogo-entre-Botafogo-x-Palmeiras-pelo-Brasileirao-2024-768x925.webp 768w, https:\/\/www.gaveanews.com\/wp-content\/uploads\/Estevao-durante-o-jogo-entre-Botafogo-x-Palmeiras-pelo-Brasileirao-2024-349x420.webp 349w, https:\/\/www.gaveanews.com\/wp-content\/uploads\/Estevao-durante-o-jogo-entre-Botafogo-x-Palmeiras-pelo-Brasileirao-2024-697x840.webp 697w, https:\/\/www.gaveanews.com\/wp-content\/uploads\/Estevao-durante-o-jogo-entre-Botafogo-x-Palmeiras-pelo-Brasileirao-2024-640x771.webp 640w, https:\/\/www.gaveanews.com\/wp-content\/uploads\/Estevao-durante-o-jogo-entre-Botafogo-x-Palmeiras-pelo-Brasileirao-2024-681x820.webp 681w, https:\/\/www.gaveanews.com\/wp-content\/uploads\/Estevao-durante-o-jogo-entre-Botafogo-x-Palmeiras-pelo-Brasileirao-2024-100x120.webp 100w\" sizes=\"auto, (max-width: 1245px) 100vw, 1245px\" \/><figcaption class=\"wp-element-caption\">Est\u00eav\u00e3o durante o jogo entre Botafogo x Palmeiras pelo Brasileir\u00e3o 2024 (Foto: Cesar Greco\/Palmeiras)<\/figcaption><\/figure>\n\n\n\n<p>A segunda posi\u00e7\u00e3o pertence a Est\u00eav\u00e3o, com m\u00e9dia de 12.4 perdas de posse de bola por duelo do torneio nacional. O atacante disputou 29 jogos, foi titular nas 24 vezes e tem 1.934 de minutagem.<\/p>\n\n\n\n<h2 class=\"wp-block-heading\" id=\"h-marcos-rocha\">Marcos Rocha<\/h2>\n\n\n\n<figure class=\"wp-block-image size-full\"><img loading=\"lazy\" decoding=\"async\" width=\"1500\" height=\"844\" src=\"https:\/\/www.gaveanews.com\/wp-content\/uploads\/Marcos-Rocha-durante-treinamento-do-Palmeiras-na-Academia-de-Futebol.webp\" alt=\"\" class=\"wp-image-157820\" srcset=\"https:\/\/www.gaveanews.com\/wp-content\/uploads\/Marcos-Rocha-durante-treinamento-do-Palmeiras-na-Academia-de-Futebol.webp 1500w, https:\/\/www.gaveanews.com\/wp-content\/uploads\/Marcos-Rocha-durante-treinamento-do-Palmeiras-na-Academia-de-Futebol-300x169.webp 300w, https:\/\/www.gaveanews.com\/wp-content\/uploads\/Marcos-Rocha-durante-treinamento-do-Palmeiras-na-Academia-de-Futebol-1024x576.webp 1024w, https:\/\/www.gaveanews.com\/wp-content\/uploads\/Marcos-Rocha-durante-treinamento-do-Palmeiras-na-Academia-de-Futebol-768x432.webp 768w, https:\/\/www.gaveanews.com\/wp-content\/uploads\/Marcos-Rocha-durante-treinamento-do-Palmeiras-na-Academia-de-Futebol-746x420.webp 746w, https:\/\/www.gaveanews.com\/wp-content\/uploads\/Marcos-Rocha-durante-treinamento-do-Palmeiras-na-Academia-de-Futebol-1493x840.webp 1493w, https:\/\/www.gaveanews.com\/wp-content\/uploads\/Marcos-Rocha-durante-treinamento-do-Palmeiras-na-Academia-de-Futebol-640x360.webp 640w, https:\/\/www.gaveanews.com\/wp-content\/uploads\/Marcos-Rocha-durante-treinamento-do-Palmeiras-na-Academia-de-Futebol-1280x720.webp 1280w, https:\/\/www.gaveanews.com\/wp-content\/uploads\/Marcos-Rocha-durante-treinamento-do-Palmeiras-na-Academia-de-Futebol-681x383.webp 681w, https:\/\/www.gaveanews.com\/wp-content\/uploads\/Marcos-Rocha-durante-treinamento-do-Palmeiras-na-Academia-de-Futebol-1362x766.webp 1362w, https:\/\/www.gaveanews.com\/wp-content\/uploads\/Marcos-Rocha-durante-treinamento-do-Palmeiras-na-Academia-de-Futebol-100x56.webp 100w\" sizes=\"auto, (max-width: 1500px) 100vw, 1500px\" \/><figcaption class=\"wp-element-caption\">Marcos Rocha durante treinamento do Palmeiras na Academia de Futebol (Foto: Cesar Greco\/Palmeiras)<\/figcaption><\/figure>\n\n\n\n<p>Marcos Rocha \u00e9 o primeiro da lista, com m\u00e9dia de 14.1 de perdas de posse de bola por confronto. O lateral-direito participou de 27 jogos, foi titular 20 vezes e tem 1.911 minutos em campo<\/p>\n","protected":false},"excerpt":{"rendered":"<p>Para manter o time vivo nos campeonatos e colher bons frutos ao final das temporadas, os jogadores precisam se empenhar em ter um time equilibrado, ou seja, com bons aproveitamentos defensivos e ofensivos. Um dos maiores problemas que um time pode enfrentar quando tenta manter o controle de jogo \u00e9 perder a bola na press\u00e3o [&hellip;]<\/p>\n","protected":false},"author":29,"featured_media":141974,"comment_status":"open","ping_status":"closed","sticky":false,"template":"","format":"standard","meta":{"footnotes":""},"categories":[150],"tags":[],"class_list":["post-193404","post","type-post","status-publish","format-standard","has-post-thumbnail","hentry","category-palmeiras"],"yoast_head":"<!-- This site is optimized with the Yoast SEO Premium plugin v24.2 (Yoast SEO v26.9) - https:\/\/yoast.com\/product\/yoast-seo-premium-wordpress\/ -->\n<title>Est\u00eav\u00e3o, Marcos Rocha, Raphael Veiga, Felipe Anderson, Richard R\u00edos, An\u00edbal Moreno, Flaco L\u00f3pez, Murilo, Caio Paulista e Weverton: os jogadores do Palmeiras com mais perdas de posse de bola no Brasileir\u00e3o<\/title>\n<meta name=\"robots\" content=\"index, follow, max-snippet:-1, max-image-preview:large, max-video-preview:-1\" \/>\n<link rel=\"canonical\" href=\"https:\/\/www.gaveanews.com\/index.php\/2024\/12\/02\/estevao-marcos-rocha-raphael-veiga-felipe-anderson-richard-rios-anibal-moreno-flaco-lopez-murilo-caio-paulista-e-weverton-os-jogadores-do-palmeiras-com-mais-perdas-de-posse-de-bola-no-brasile\/\" \/>\n<meta property=\"og:locale\" content=\"pt_BR\" \/>\n<meta property=\"og:type\" content=\"article\" \/>\n<meta property=\"og:title\" content=\"Est\u00eav\u00e3o, Marcos Rocha, Raphael Veiga, Felipe Anderson, Richard R\u00edos, An\u00edbal Moreno, Flaco L\u00f3pez, Murilo, Caio Paulista e Weverton: os jogadores do Palmeiras com mais perdas de posse de bola no Brasileir\u00e3o\" \/>\n<meta property=\"og:description\" content=\"Para manter o time vivo nos campeonatos e colher bons frutos ao final das temporadas, os jogadores precisam se empenhar em ter um time equilibrado, ou seja, com bons aproveitamentos defensivos e ofensivos. Um dos maiores problemas que um time pode enfrentar quando tenta manter o controle de jogo \u00e9 perder a bola na press\u00e3o [&hellip;]\" \/>\n<meta property=\"og:url\" content=\"https:\/\/www.gaveanews.com\/index.php\/2024\/12\/02\/estevao-marcos-rocha-raphael-veiga-felipe-anderson-richard-rios-anibal-moreno-flaco-lopez-murilo-caio-paulista-e-weverton-os-jogadores-do-palmeiras-com-mais-perdas-de-posse-de-bola-no-brasile\/\" \/>\n<meta property=\"og:site_name\" content=\"G\u00e1vea News\" \/>\n<meta property=\"article:publisher\" content=\"https:\/\/facebook.com\/gaveaNews\/\" \/>\n<meta property=\"article:published_time\" content=\"2024-12-02T20:45:00+00:00\" \/>\n<meta property=\"og:image\" content=\"https:\/\/www.gaveanews.com\/wp-content\/uploads\/O-jogador-Estevao-da-SE-Palmeiras-comemora-seu-contra-a-equipe-do-Botafogo-FC-durante-partida-valida-pela-terceira-fase-da-Copa-do-Brasil-na-arena-Allianz-Parque-1024x576-1.webp\" \/>\n\t<meta property=\"og:image:width\" content=\"1024\" \/>\n\t<meta property=\"og:image:height\" content=\"576\" \/>\n\t<meta property=\"og:image:type\" content=\"image\/webp\" \/>\n<meta name=\"author\" content=\"Marco Menezes\" \/>\n<meta name=\"twitter:card\" content=\"summary_large_image\" \/>\n<meta name=\"twitter:label1\" content=\"Escrito por\" \/>\n\t<meta name=\"twitter:data1\" content=\"Marco Menezes\" \/>\n\t<meta name=\"twitter:label2\" content=\"Est. tempo de leitura\" \/>\n\t<meta name=\"twitter:data2\" content=\"6 minutos\" \/>\n<script type=\"application\/ld+json\" class=\"yoast-schema-graph\">{\"@context\":\"https:\/\/schema.org\",\"@graph\":[{\"@type\":\"NewsArticle\",\"@id\":\"https:\/\/www.gaveanews.com\/index.php\/2024\/12\/02\/estevao-marcos-rocha-raphael-veiga-felipe-anderson-richard-rios-anibal-moreno-flaco-lopez-murilo-caio-paulista-e-weverton-os-jogadores-do-palmeiras-com-mais-perdas-de-posse-de-bola-no-brasile\/#article\",\"isPartOf\":{\"@id\":\"https:\/\/www.gaveanews.com\/index.php\/2024\/12\/02\/estevao-marcos-rocha-raphael-veiga-felipe-anderson-richard-rios-anibal-moreno-flaco-lopez-murilo-caio-paulista-e-weverton-os-jogadores-do-palmeiras-com-mais-perdas-de-posse-de-bola-no-brasile\/\"},\"author\":{\"name\":\"Marco Menezes\",\"@id\":\"https:\/\/www.gaveanews.com\/#\/schema\/person\/a9f62fe75380c6bada1b2fc49bc23d69\"},\"headline\":\"Est\u00eav\u00e3o, Marcos Rocha, Raphael Veiga, Felipe Anderson, Richard R\u00edos, An\u00edbal Moreno, Flaco L\u00f3pez, Murilo, Caio Paulista e Weverton: os jogadores do Palmeiras com mais perdas de posse de bola no Brasileir\u00e3o\",\"datePublished\":\"2024-12-02T20:45:00+00:00\",\"mainEntityOfPage\":{\"@id\":\"https:\/\/www.gaveanews.com\/index.php\/2024\/12\/02\/estevao-marcos-rocha-raphael-veiga-felipe-anderson-richard-rios-anibal-moreno-flaco-lopez-murilo-caio-paulista-e-weverton-os-jogadores-do-palmeiras-com-mais-perdas-de-posse-de-bola-no-brasile\/\"},\"wordCount\":597,\"commentCount\":0,\"image\":{\"@id\":\"https:\/\/www.gaveanews.com\/index.php\/2024\/12\/02\/estevao-marcos-rocha-raphael-veiga-felipe-anderson-richard-rios-anibal-moreno-flaco-lopez-murilo-caio-paulista-e-weverton-os-jogadores-do-palmeiras-com-mais-perdas-de-posse-de-bola-no-brasile\/#primaryimage\"},\"thumbnailUrl\":\"https:\/\/www.gaveanews.com\/wp-content\/uploads\/O-jogador-Estevao-da-SE-Palmeiras-comemora-seu-contra-a-equipe-do-Botafogo-FC-durante-partida-valida-pela-terceira-fase-da-Copa-do-Brasil-na-arena-Allianz-Parque-1024x576-1.webp\",\"articleSection\":[\"Palmeiras\"],\"inLanguage\":\"pt-BR\",\"potentialAction\":[{\"@type\":\"CommentAction\",\"name\":\"Comment\",\"target\":[\"https:\/\/www.gaveanews.com\/index.php\/2024\/12\/02\/estevao-marcos-rocha-raphael-veiga-felipe-anderson-richard-rios-anibal-moreno-flaco-lopez-murilo-caio-paulista-e-weverton-os-jogadores-do-palmeiras-com-mais-perdas-de-posse-de-bola-no-brasile\/#respond\"]}],\"copyrightYear\":\"2024\",\"copyrightHolder\":{\"@id\":\"https:\/\/www.gaveanews.com\/#organization\"}},{\"@type\":\"WebPage\",\"@id\":\"https:\/\/www.gaveanews.com\/index.php\/2024\/12\/02\/estevao-marcos-rocha-raphael-veiga-felipe-anderson-richard-rios-anibal-moreno-flaco-lopez-murilo-caio-paulista-e-weverton-os-jogadores-do-palmeiras-com-mais-perdas-de-posse-de-bola-no-brasile\/\",\"url\":\"https:\/\/www.gaveanews.com\/index.php\/2024\/12\/02\/estevao-marcos-rocha-raphael-veiga-felipe-anderson-richard-rios-anibal-moreno-flaco-lopez-murilo-caio-paulista-e-weverton-os-jogadores-do-palmeiras-com-mais-perdas-de-posse-de-bola-no-brasile\/\",\"name\":\"Est\u00eav\u00e3o, Marcos Rocha, Raphael Veiga, Felipe Anderson, Richard R\u00edos, An\u00edbal Moreno, Flaco L\u00f3pez, Murilo, Caio Paulista e Weverton: os jogadores do Palmeiras com mais perdas de posse de bola no Brasileir\u00e3o\",\"isPartOf\":{\"@id\":\"https:\/\/www.gaveanews.com\/#website\"},\"primaryImageOfPage\":{\"@id\":\"https:\/\/www.gaveanews.com\/index.php\/2024\/12\/02\/estevao-marcos-rocha-raphael-veiga-felipe-anderson-richard-rios-anibal-moreno-flaco-lopez-murilo-caio-paulista-e-weverton-os-jogadores-do-palmeiras-com-mais-perdas-de-posse-de-bola-no-brasile\/#primaryimage\"},\"image\":{\"@id\":\"https:\/\/www.gaveanews.com\/index.php\/2024\/12\/02\/estevao-marcos-rocha-raphael-veiga-felipe-anderson-richard-rios-anibal-moreno-flaco-lopez-murilo-caio-paulista-e-weverton-os-jogadores-do-palmeiras-com-mais-perdas-de-posse-de-bola-no-brasile\/#primaryimage\"},\"thumbnailUrl\":\"https:\/\/www.gaveanews.com\/wp-content\/uploads\/O-jogador-Estevao-da-SE-Palmeiras-comemora-seu-contra-a-equipe-do-Botafogo-FC-durante-partida-valida-pela-terceira-fase-da-Copa-do-Brasil-na-arena-Allianz-Parque-1024x576-1.webp\",\"datePublished\":\"2024-12-02T20:45:00+00:00\",\"author\":{\"@id\":\"https:\/\/www.gaveanews.com\/#\/schema\/person\/a9f62fe75380c6bada1b2fc49bc23d69\"},\"breadcrumb\":{\"@id\":\"https:\/\/www.gaveanews.com\/index.php\/2024\/12\/02\/estevao-marcos-rocha-raphael-veiga-felipe-anderson-richard-rios-anibal-moreno-flaco-lopez-murilo-caio-paulista-e-weverton-os-jogadores-do-palmeiras-com-mais-perdas-de-posse-de-bola-no-brasile\/#breadcrumb\"},\"inLanguage\":\"pt-BR\",\"potentialAction\":[{\"@type\":\"ReadAction\",\"target\":[\"https:\/\/www.gaveanews.com\/index.php\/2024\/12\/02\/estevao-marcos-rocha-raphael-veiga-felipe-anderson-richard-rios-anibal-moreno-flaco-lopez-murilo-caio-paulista-e-weverton-os-jogadores-do-palmeiras-com-mais-perdas-de-posse-de-bola-no-brasile\/\"]}]},{\"@type\":\"ImageObject\",\"inLanguage\":\"pt-BR\",\"@id\":\"https:\/\/www.gaveanews.com\/index.php\/2024\/12\/02\/estevao-marcos-rocha-raphael-veiga-felipe-anderson-richard-rios-anibal-moreno-flaco-lopez-murilo-caio-paulista-e-weverton-os-jogadores-do-palmeiras-com-mais-perdas-de-posse-de-bola-no-brasile\/#primaryimage\",\"url\":\"https:\/\/www.gaveanews.com\/wp-content\/uploads\/O-jogador-Estevao-da-SE-Palmeiras-comemora-seu-contra-a-equipe-do-Botafogo-FC-durante-partida-valida-pela-terceira-fase-da-Copa-do-Brasil-na-arena-Allianz-Parque-1024x576-1.webp\",\"contentUrl\":\"https:\/\/www.gaveanews.com\/wp-content\/uploads\/O-jogador-Estevao-da-SE-Palmeiras-comemora-seu-contra-a-equipe-do-Botafogo-FC-durante-partida-valida-pela-terceira-fase-da-Copa-do-Brasil-na-arena-Allianz-Parque-1024x576-1.webp\",\"width\":1024,\"height\":576,\"caption\":\"O jogador Est\u00eav\u00e3o - Foto: Cesar Greco\/Palmeiras\/by Canon\"},{\"@type\":\"BreadcrumbList\",\"@id\":\"https:\/\/www.gaveanews.com\/index.php\/2024\/12\/02\/estevao-marcos-rocha-raphael-veiga-felipe-anderson-richard-rios-anibal-moreno-flaco-lopez-murilo-caio-paulista-e-weverton-os-jogadores-do-palmeiras-com-mais-perdas-de-posse-de-bola-no-brasile\/#breadcrumb\",\"itemListElement\":[{\"@type\":\"ListItem\",\"position\":1,\"name\":\"Home\",\"item\":\"https:\/\/www.gaveanews.com\/\"},{\"@type\":\"ListItem\",\"position\":2,\"name\":\"Est\u00eav\u00e3o, Marcos Rocha, Raphael Veiga, Felipe Anderson, Richard R\u00edos, An\u00edbal Moreno, Flaco L\u00f3pez, Murilo, Caio Paulista e Weverton: os jogadores do Palmeiras com mais perdas de posse de bola no Brasileir\u00e3o\"}]},{\"@type\":\"WebSite\",\"@id\":\"https:\/\/www.gaveanews.com\/#website\",\"url\":\"https:\/\/www.gaveanews.com\/\",\"name\":\"G\u00e1vea News\",\"description\":\"Veja todas as not\u00edcias sobre o Flamengo: Contrata\u00e7\u00f5es, categorias de base, resultados das partidas, tabela de classifica\u00e7\u00e3o, pr\u00f3ximos jogos!\",\"potentialAction\":[{\"@type\":\"SearchAction\",\"target\":{\"@type\":\"EntryPoint\",\"urlTemplate\":\"https:\/\/www.gaveanews.com\/?s={search_term_string}\"},\"query-input\":{\"@type\":\"PropertyValueSpecification\",\"valueRequired\":true,\"valueName\":\"search_term_string\"}}],\"inLanguage\":\"pt-BR\"},{\"@type\":\"Person\",\"@id\":\"https:\/\/www.gaveanews.com\/#\/schema\/person\/a9f62fe75380c6bada1b2fc49bc23d69\",\"name\":\"Marco Menezes\",\"image\":{\"@type\":\"ImageObject\",\"inLanguage\":\"pt-BR\",\"@id\":\"https:\/\/www.gaveanews.com\/#\/schema\/person\/image\/\",\"url\":\"https:\/\/secure.gravatar.com\/avatar\/a1d148ae17fc8bfc5dbccffd07979e8bd2c9ba494221779de86ec2c7907b71ec?s=96&d=mm&r=g\",\"contentUrl\":\"https:\/\/secure.gravatar.com\/avatar\/a1d148ae17fc8bfc5dbccffd07979e8bd2c9ba494221779de86ec2c7907b71ec?s=96&d=mm&r=g\",\"caption\":\"Marco Menezes\"}}]}<\/script>\n<!-- \/ Yoast SEO Premium plugin. -->","yoast_head_json":{"title":"Est\u00eav\u00e3o, Marcos Rocha, Raphael Veiga, Felipe Anderson, Richard R\u00edos, An\u00edbal Moreno, Flaco L\u00f3pez, Murilo, Caio Paulista e Weverton: os jogadores do Palmeiras com mais perdas de posse de bola no Brasileir\u00e3o","robots":{"index":"index","follow":"follow","max-snippet":"max-snippet:-1","max-image-preview":"max-image-preview:large","max-video-preview":"max-video-preview:-1"},"canonical":"https:\/\/www.gaveanews.com\/index.php\/2024\/12\/02\/estevao-marcos-rocha-raphael-veiga-felipe-anderson-richard-rios-anibal-moreno-flaco-lopez-murilo-caio-paulista-e-weverton-os-jogadores-do-palmeiras-com-mais-perdas-de-posse-de-bola-no-brasile\/","og_locale":"pt_BR","og_type":"article","og_title":"Est\u00eav\u00e3o, Marcos Rocha, Raphael Veiga, Felipe Anderson, Richard R\u00edos, An\u00edbal Moreno, Flaco L\u00f3pez, Murilo, Caio Paulista e Weverton: os jogadores do Palmeiras com mais perdas de posse de bola no Brasileir\u00e3o","og_description":"Para manter o time vivo nos campeonatos e colher bons frutos ao final das temporadas, os jogadores precisam se empenhar em ter um time equilibrado, ou seja, com bons aproveitamentos defensivos e ofensivos. Um dos maiores problemas que um time pode enfrentar quando tenta manter o controle de jogo \u00e9 perder a bola na press\u00e3o [&hellip;]","og_url":"https:\/\/www.gaveanews.com\/index.php\/2024\/12\/02\/estevao-marcos-rocha-raphael-veiga-felipe-anderson-richard-rios-anibal-moreno-flaco-lopez-murilo-caio-paulista-e-weverton-os-jogadores-do-palmeiras-com-mais-perdas-de-posse-de-bola-no-brasile\/","og_site_name":"G\u00e1vea News","article_publisher":"https:\/\/facebook.com\/gaveaNews\/","article_published_time":"2024-12-02T20:45:00+00:00","og_image":[{"width":1024,"height":576,"url":"https:\/\/www.gaveanews.com\/wp-content\/uploads\/O-jogador-Estevao-da-SE-Palmeiras-comemora-seu-contra-a-equipe-do-Botafogo-FC-durante-partida-valida-pela-terceira-fase-da-Copa-do-Brasil-na-arena-Allianz-Parque-1024x576-1.webp","type":"image\/webp"}],"author":"Marco Menezes","twitter_card":"summary_large_image","twitter_misc":{"Escrito por":"Marco Menezes","Est. tempo de leitura":"6 minutos"},"schema":{"@context":"https:\/\/schema.org","@graph":[{"@type":"NewsArticle","@id":"https:\/\/www.gaveanews.com\/index.php\/2024\/12\/02\/estevao-marcos-rocha-raphael-veiga-felipe-anderson-richard-rios-anibal-moreno-flaco-lopez-murilo-caio-paulista-e-weverton-os-jogadores-do-palmeiras-com-mais-perdas-de-posse-de-bola-no-brasile\/#article","isPartOf":{"@id":"https:\/\/www.gaveanews.com\/index.php\/2024\/12\/02\/estevao-marcos-rocha-raphael-veiga-felipe-anderson-richard-rios-anibal-moreno-flaco-lopez-murilo-caio-paulista-e-weverton-os-jogadores-do-palmeiras-com-mais-perdas-de-posse-de-bola-no-brasile\/"},"author":{"name":"Marco Menezes","@id":"https:\/\/www.gaveanews.com\/#\/schema\/person\/a9f62fe75380c6bada1b2fc49bc23d69"},"headline":"Est\u00eav\u00e3o, Marcos Rocha, Raphael Veiga, Felipe Anderson, Richard R\u00edos, An\u00edbal Moreno, Flaco L\u00f3pez, Murilo, Caio Paulista e Weverton: os jogadores do Palmeiras com mais perdas de posse de bola no Brasileir\u00e3o","datePublished":"2024-12-02T20:45:00+00:00","mainEntityOfPage":{"@id":"https:\/\/www.gaveanews.com\/index.php\/2024\/12\/02\/estevao-marcos-rocha-raphael-veiga-felipe-anderson-richard-rios-anibal-moreno-flaco-lopez-murilo-caio-paulista-e-weverton-os-jogadores-do-palmeiras-com-mais-perdas-de-posse-de-bola-no-brasile\/"},"wordCount":597,"commentCount":0,"image":{"@id":"https:\/\/www.gaveanews.com\/index.php\/2024\/12\/02\/estevao-marcos-rocha-raphael-veiga-felipe-anderson-richard-rios-anibal-moreno-flaco-lopez-murilo-caio-paulista-e-weverton-os-jogadores-do-palmeiras-com-mais-perdas-de-posse-de-bola-no-brasile\/#primaryimage"},"thumbnailUrl":"https:\/\/www.gaveanews.com\/wp-content\/uploads\/O-jogador-Estevao-da-SE-Palmeiras-comemora-seu-contra-a-equipe-do-Botafogo-FC-durante-partida-valida-pela-terceira-fase-da-Copa-do-Brasil-na-arena-Allianz-Parque-1024x576-1.webp","articleSection":["Palmeiras"],"inLanguage":"pt-BR","potentialAction":[{"@type":"CommentAction","name":"Comment","target":["https:\/\/www.gaveanews.com\/index.php\/2024\/12\/02\/estevao-marcos-rocha-raphael-veiga-felipe-anderson-richard-rios-anibal-moreno-flaco-lopez-murilo-caio-paulista-e-weverton-os-jogadores-do-palmeiras-com-mais-perdas-de-posse-de-bola-no-brasile\/#respond"]}],"copyrightYear":"2024","copyrightHolder":{"@id":"https:\/\/www.gaveanews.com\/#organization"}},{"@type":"WebPage","@id":"https:\/\/www.gaveanews.com\/index.php\/2024\/12\/02\/estevao-marcos-rocha-raphael-veiga-felipe-anderson-richard-rios-anibal-moreno-flaco-lopez-murilo-caio-paulista-e-weverton-os-jogadores-do-palmeiras-com-mais-perdas-de-posse-de-bola-no-brasile\/","url":"https:\/\/www.gaveanews.com\/index.php\/2024\/12\/02\/estevao-marcos-rocha-raphael-veiga-felipe-anderson-richard-rios-anibal-moreno-flaco-lopez-murilo-caio-paulista-e-weverton-os-jogadores-do-palmeiras-com-mais-perdas-de-posse-de-bola-no-brasile\/","name":"Est\u00eav\u00e3o, Marcos Rocha, Raphael Veiga, Felipe Anderson, Richard R\u00edos, An\u00edbal Moreno, Flaco L\u00f3pez, Murilo, Caio Paulista e Weverton: os jogadores do Palmeiras com mais perdas de posse de bola no Brasileir\u00e3o","isPartOf":{"@id":"https:\/\/www.gaveanews.com\/#website"},"primaryImageOfPage":{"@id":"https:\/\/www.gaveanews.com\/index.php\/2024\/12\/02\/estevao-marcos-rocha-raphael-veiga-felipe-anderson-richard-rios-anibal-moreno-flaco-lopez-murilo-caio-paulista-e-weverton-os-jogadores-do-palmeiras-com-mais-perdas-de-posse-de-bola-no-brasile\/#primaryimage"},"image":{"@id":"https:\/\/www.gaveanews.com\/index.php\/2024\/12\/02\/estevao-marcos-rocha-raphael-veiga-felipe-anderson-richard-rios-anibal-moreno-flaco-lopez-murilo-caio-paulista-e-weverton-os-jogadores-do-palmeiras-com-mais-perdas-de-posse-de-bola-no-brasile\/#primaryimage"},"thumbnailUrl":"https:\/\/www.gaveanews.com\/wp-content\/uploads\/O-jogador-Estevao-da-SE-Palmeiras-comemora-seu-contra-a-equipe-do-Botafogo-FC-durante-partida-valida-pela-terceira-fase-da-Copa-do-Brasil-na-arena-Allianz-Parque-1024x576-1.webp","datePublished":"2024-12-02T20:45:00+00:00","author":{"@id":"https:\/\/www.gaveanews.com\/#\/schema\/person\/a9f62fe75380c6bada1b2fc49bc23d69"},"breadcrumb":{"@id":"https:\/\/www.gaveanews.com\/index.php\/2024\/12\/02\/estevao-marcos-rocha-raphael-veiga-felipe-anderson-richard-rios-anibal-moreno-flaco-lopez-murilo-caio-paulista-e-weverton-os-jogadores-do-palmeiras-com-mais-perdas-de-posse-de-bola-no-brasile\/#breadcrumb"},"inLanguage":"pt-BR","potentialAction":[{"@type":"ReadAction","target":["https:\/\/www.gaveanews.com\/index.php\/2024\/12\/02\/estevao-marcos-rocha-raphael-veiga-felipe-anderson-richard-rios-anibal-moreno-flaco-lopez-murilo-caio-paulista-e-weverton-os-jogadores-do-palmeiras-com-mais-perdas-de-posse-de-bola-no-brasile\/"]}]},{"@type":"ImageObject","inLanguage":"pt-BR","@id":"https:\/\/www.gaveanews.com\/index.php\/2024\/12\/02\/estevao-marcos-rocha-raphael-veiga-felipe-anderson-richard-rios-anibal-moreno-flaco-lopez-murilo-caio-paulista-e-weverton-os-jogadores-do-palmeiras-com-mais-perdas-de-posse-de-bola-no-brasile\/#primaryimage","url":"https:\/\/www.gaveanews.com\/wp-content\/uploads\/O-jogador-Estevao-da-SE-Palmeiras-comemora-seu-contra-a-equipe-do-Botafogo-FC-durante-partida-valida-pela-terceira-fase-da-Copa-do-Brasil-na-arena-Allianz-Parque-1024x576-1.webp","contentUrl":"https:\/\/www.gaveanews.com\/wp-content\/uploads\/O-jogador-Estevao-da-SE-Palmeiras-comemora-seu-contra-a-equipe-do-Botafogo-FC-durante-partida-valida-pela-terceira-fase-da-Copa-do-Brasil-na-arena-Allianz-Parque-1024x576-1.webp","width":1024,"height":576,"caption":"O jogador Est\u00eav\u00e3o - Foto: Cesar Greco\/Palmeiras\/by Canon"},{"@type":"BreadcrumbList","@id":"https:\/\/www.gaveanews.com\/index.php\/2024\/12\/02\/estevao-marcos-rocha-raphael-veiga-felipe-anderson-richard-rios-anibal-moreno-flaco-lopez-murilo-caio-paulista-e-weverton-os-jogadores-do-palmeiras-com-mais-perdas-de-posse-de-bola-no-brasile\/#breadcrumb","itemListElement":[{"@type":"ListItem","position":1,"name":"Home","item":"https:\/\/www.gaveanews.com\/"},{"@type":"ListItem","position":2,"name":"Est\u00eav\u00e3o, Marcos Rocha, Raphael Veiga, Felipe Anderson, Richard R\u00edos, An\u00edbal Moreno, Flaco L\u00f3pez, Murilo, Caio Paulista e Weverton: os jogadores do Palmeiras com mais perdas de posse de bola no Brasileir\u00e3o"}]},{"@type":"WebSite","@id":"https:\/\/www.gaveanews.com\/#website","url":"https:\/\/www.gaveanews.com\/","name":"G\u00e1vea News","description":"Veja todas as not\u00edcias sobre o Flamengo: Contrata\u00e7\u00f5es, categorias de base, resultados das partidas, tabela de classifica\u00e7\u00e3o, pr\u00f3ximos jogos!","potentialAction":[{"@type":"SearchAction","target":{"@type":"EntryPoint","urlTemplate":"https:\/\/www.gaveanews.com\/?s={search_term_string}"},"query-input":{"@type":"PropertyValueSpecification","valueRequired":true,"valueName":"search_term_string"}}],"inLanguage":"pt-BR"},{"@type":"Person","@id":"https:\/\/www.gaveanews.com\/#\/schema\/person\/a9f62fe75380c6bada1b2fc49bc23d69","name":"Marco Menezes","image":{"@type":"ImageObject","inLanguage":"pt-BR","@id":"https:\/\/www.gaveanews.com\/#\/schema\/person\/image\/","url":"https:\/\/secure.gravatar.com\/avatar\/a1d148ae17fc8bfc5dbccffd07979e8bd2c9ba494221779de86ec2c7907b71ec?s=96&d=mm&r=g","contentUrl":"https:\/\/secure.gravatar.com\/avatar\/a1d148ae17fc8bfc5dbccffd07979e8bd2c9ba494221779de86ec2c7907b71ec?s=96&d=mm&r=g","caption":"Marco Menezes"}}]}},"_links":{"self":[{"href":"https:\/\/www.gaveanews.com\/index.php\/wp-json\/wp\/v2\/posts\/193404","targetHints":{"allow":["GET"]}}],"collection":[{"href":"https:\/\/www.gaveanews.com\/index.php\/wp-json\/wp\/v2\/posts"}],"about":[{"href":"https:\/\/www.gaveanews.com\/index.php\/wp-json\/wp\/v2\/types\/post"}],"author":[{"embeddable":true,"href":"https:\/\/www.gaveanews.com\/index.php\/wp-json\/wp\/v2\/users\/29"}],"replies":[{"embeddable":true,"href":"https:\/\/www.gaveanews.com\/index.php\/wp-json\/wp\/v2\/comments?post=193404"}],"version-history":[{"count":1,"href":"https:\/\/www.gaveanews.com\/index.php\/wp-json\/wp\/v2\/posts\/193404\/revisions"}],"predecessor-version":[{"id":193429,"href":"https:\/\/www.gaveanews.com\/index.php\/wp-json\/wp\/v2\/posts\/193404\/revisions\/193429"}],"wp:featuredmedia":[{"embeddable":true,"href":"https:\/\/www.gaveanews.com\/index.php\/wp-json\/wp\/v2\/media\/141974"}],"wp:attachment":[{"href":"https:\/\/www.gaveanews.com\/index.php\/wp-json\/wp\/v2\/media?parent=193404"}],"wp:term":[{"taxonomy":"category","embeddable":true,"href":"https:\/\/www.gaveanews.com\/index.php\/wp-json\/wp\/v2\/categories?post=193404"},{"taxonomy":"post_tag","embeddable":true,"href":"https:\/\/www.gaveanews.com\/index.php\/wp-json\/wp\/v2\/tags?post=193404"}],"curies":[{"name":"wp","href":"https:\/\/api.w.org\/{rel}","templated":true}]}}