{"id":193515,"date":"2024-12-02T19:55:00","date_gmt":"2024-12-02T22:55:00","guid":{"rendered":"https:\/\/www.gaveanews.com\/?p=193515"},"modified":"2024-12-02T18:52:35","modified_gmt":"2024-12-02T21:52:35","slug":"volta-de-rodrygo-premio-para-vini-jr-e-declaracao-de-thierry-henry-as-ultimas-noticias-do-real-madrid","status":"publish","type":"post","link":"https:\/\/www.gaveanews.com\/index.php\/2024\/12\/02\/volta-de-rodrygo-premio-para-vini-jr-e-declaracao-de-thierry-henry-as-ultimas-noticias-do-real-madrid\/","title":{"rendered":"Volta de Rodrygo, pr\u00eamio para Vini Jr e declara\u00e7\u00e3o de Thierry Henry: as \u00faltimas not\u00edcias do Real Madrid"},"content":{"rendered":"\n<p>Nas \u00faltimas horas, o foco das not\u00edcias sobre o Real Madrid se concentram nos bastidores do clube, com destaques como a volta de Rodrygo e o pr\u00eamio para Vini Jr.<\/p>\n\n\n\n<p>Por conta deste contexto, leia abaixo um resumo preparado pela equipe do portal G\u00e1vea News para lhe manter muito bem informado!<\/p>\n\n\n\n<h2 class=\"wp-block-heading\" id=\"h-declaracao-de-thierry-henry\">Declara\u00e7\u00e3o de Thierry Henry <\/h2>\n\n\n\n<p>Jude Bellingham protagonizou um momento de frustra\u00e7\u00e3o ao chutar um copo de \u00e1gua ap\u00f3s ser substitu\u00eddo na derrota do Real Madrid por 3 a 1 contra o Milan, pela fase de grupos da Champions League. A cena chamou a aten\u00e7\u00e3o do ex-jogador Thierry Henry, que interpretou o gesto como um sinal de insatisfa\u00e7\u00e3o com a prefer\u00eancia t\u00e1tica do t\u00e9cnico Carlo Ancelotti por Kylian Mbapp\u00e9, mesmo com uma atua\u00e7\u00e3o inferior do franc\u00eas durante a partida <strong><a href=\"https:\/\/www.gaveanews.com\/index.php\/2024\/12\/01\/a-declaracao-de-thierry-henry-direcionada-a-jude-bellingham-do-real-madrid\/\">(leia a mat\u00e9ria completa).<\/a><\/strong><\/p>\n\n\n\n<figure class=\"wp-block-image size-full\"><img loading=\"lazy\" decoding=\"async\" width=\"984\" height=\"656\" src=\"https:\/\/www.gaveanews.com\/wp-content\/uploads\/Jude-Bellingham-comemora-apos-marcar-gol-pelo-Real-Madrid.webp\" alt=\"\" class=\"wp-image-108622\" srcset=\"https:\/\/www.gaveanews.com\/wp-content\/uploads\/Jude-Bellingham-comemora-apos-marcar-gol-pelo-Real-Madrid.webp 984w, https:\/\/www.gaveanews.com\/wp-content\/uploads\/Jude-Bellingham-comemora-apos-marcar-gol-pelo-Real-Madrid-300x200.webp 300w, https:\/\/www.gaveanews.com\/wp-content\/uploads\/Jude-Bellingham-comemora-apos-marcar-gol-pelo-Real-Madrid-768x512.webp 768w, https:\/\/www.gaveanews.com\/wp-content\/uploads\/Jude-Bellingham-comemora-apos-marcar-gol-pelo-Real-Madrid-630x420.webp 630w, https:\/\/www.gaveanews.com\/wp-content\/uploads\/Jude-Bellingham-comemora-apos-marcar-gol-pelo-Real-Madrid-640x427.webp 640w, https:\/\/www.gaveanews.com\/wp-content\/uploads\/Jude-Bellingham-comemora-apos-marcar-gol-pelo-Real-Madrid-681x454.webp 681w, https:\/\/www.gaveanews.com\/wp-content\/uploads\/Jude-Bellingham-comemora-apos-marcar-gol-pelo-Real-Madrid-100x67.webp 100w\" sizes=\"auto, (max-width: 984px) 100vw, 984px\" \/><figcaption class=\"wp-element-caption\">Jude Bellingham comemora ap\u00f3s marcar gol pelo Real Madrid (Foto: Getty Images)<\/figcaption><\/figure>\n\n\n\n<p>Segundo Henry, Bellingham era quem se destacava em movimenta\u00e7\u00e3o e esfor\u00e7o dentro de campo, justificando a rea\u00e7\u00e3o ao ser retirado. <\/p>\n\n\n\n<p>O ex-atacante do Arsenal destacou que a din\u00e2mica do Real Madrid parece n\u00e3o estar funcionando como um time coeso, sugerindo problemas de gest\u00e3o de egos, especialmente com a chegada de Mbapp\u00e9.<\/p>\n\n\n\n<p>O epis\u00f3dio ocorre em um momento delicado para o Real Madrid, que enfrenta dificuldades dentro e fora de campo, incluindo resultados decepcionantes e quest\u00f5es de relacionamento entre suas estrelas. A atua\u00e7\u00e3o de Bellingham, apesar de abaixo do esperado nessa partida, continua sendo crucial para o time em uma temporada de altos e baixos.<\/p>\n\n\n\n<h2 class=\"wp-block-heading\" id=\"h-premio-para-vini-jr\">Pr\u00eamio para Vini Jr<\/h2>\n\n\n\n<p>Vin\u00edcius J\u00fanior foi eleito o melhor jogador de novembro no Campeonato Espanhol, destacando-se como um dos pilares do Real Madrid na temporada. Entre suas atua\u00e7\u00f5es de destaque, o atacante brasileiro marcou um hat-trick na vit\u00f3ria por 4 a 0 contra o Osasuna e deu uma assist\u00eancia para Mbapp\u00e9 no triunfo sobre o Legan\u00e9s. At\u00e9 o momento, Vini Jr soma oito gols na La Liga, ocupando a vice-artilharia ao lado de Raphinha, do Barcelona, e atr\u00e1s de Lewandowski, que lidera com 15 gols <strong><a href=\"https:\/\/www.gaveanews.com\/index.php\/2024\/12\/02\/real-madrid-vini-jr-recebe-premio-na-europa\/\">(leia a mat\u00e9ria completa).<\/a><\/strong><\/p>\n\n\n\n<figure class=\"wp-block-image size-large\"><img loading=\"lazy\" decoding=\"async\" width=\"1024\" height=\"768\" src=\"https:\/\/www.gaveanews.com\/wp-content\/uploads\/Vinicius-Junior-exibe-o-escudo-do-Real-Madrid-apos-marcar-um-gol-pelo-time-da-Espanha-edited-1024x768.webp\" alt=\"\" class=\"wp-image-121475\" srcset=\"https:\/\/www.gaveanews.com\/wp-content\/uploads\/Vinicius-Junior-exibe-o-escudo-do-Real-Madrid-apos-marcar-um-gol-pelo-time-da-Espanha-edited-1024x768.webp 1024w, https:\/\/www.gaveanews.com\/wp-content\/uploads\/Vinicius-Junior-exibe-o-escudo-do-Real-Madrid-apos-marcar-um-gol-pelo-time-da-Espanha-edited-300x225.webp 300w, https:\/\/www.gaveanews.com\/wp-content\/uploads\/Vinicius-Junior-exibe-o-escudo-do-Real-Madrid-apos-marcar-um-gol-pelo-time-da-Espanha-edited-768x576.webp 768w, https:\/\/www.gaveanews.com\/wp-content\/uploads\/Vinicius-Junior-exibe-o-escudo-do-Real-Madrid-apos-marcar-um-gol-pelo-time-da-Espanha-edited-560x420.webp 560w, https:\/\/www.gaveanews.com\/wp-content\/uploads\/Vinicius-Junior-exibe-o-escudo-do-Real-Madrid-apos-marcar-um-gol-pelo-time-da-Espanha-edited-1120x840.webp 1120w, https:\/\/www.gaveanews.com\/wp-content\/uploads\/Vinicius-Junior-exibe-o-escudo-do-Real-Madrid-apos-marcar-um-gol-pelo-time-da-Espanha-edited-80x60.webp 80w, https:\/\/www.gaveanews.com\/wp-content\/uploads\/Vinicius-Junior-exibe-o-escudo-do-Real-Madrid-apos-marcar-um-gol-pelo-time-da-Espanha-edited-160x120.webp 160w, https:\/\/www.gaveanews.com\/wp-content\/uploads\/Vinicius-Junior-exibe-o-escudo-do-Real-Madrid-apos-marcar-um-gol-pelo-time-da-Espanha-edited-100x75.webp 100w, https:\/\/www.gaveanews.com\/wp-content\/uploads\/Vinicius-Junior-exibe-o-escudo-do-Real-Madrid-apos-marcar-um-gol-pelo-time-da-Espanha-edited-200x150.webp 200w, https:\/\/www.gaveanews.com\/wp-content\/uploads\/Vinicius-Junior-exibe-o-escudo-do-Real-Madrid-apos-marcar-um-gol-pelo-time-da-Espanha-edited-180x135.webp 180w, https:\/\/www.gaveanews.com\/wp-content\/uploads\/Vinicius-Junior-exibe-o-escudo-do-Real-Madrid-apos-marcar-um-gol-pelo-time-da-Espanha-edited-360x270.webp 360w, https:\/\/www.gaveanews.com\/wp-content\/uploads\/Vinicius-Junior-exibe-o-escudo-do-Real-Madrid-apos-marcar-um-gol-pelo-time-da-Espanha-edited-238x178.webp 238w, https:\/\/www.gaveanews.com\/wp-content\/uploads\/Vinicius-Junior-exibe-o-escudo-do-Real-Madrid-apos-marcar-um-gol-pelo-time-da-Espanha-edited-476x356.webp 476w, https:\/\/www.gaveanews.com\/wp-content\/uploads\/Vinicius-Junior-exibe-o-escudo-do-Real-Madrid-apos-marcar-um-gol-pelo-time-da-Espanha-edited-640x480.webp 640w, https:\/\/www.gaveanews.com\/wp-content\/uploads\/Vinicius-Junior-exibe-o-escudo-do-Real-Madrid-apos-marcar-um-gol-pelo-time-da-Espanha-edited-1280x960.webp 1280w, https:\/\/www.gaveanews.com\/wp-content\/uploads\/Vinicius-Junior-exibe-o-escudo-do-Real-Madrid-apos-marcar-um-gol-pelo-time-da-Espanha-edited-681x511.webp 681w, https:\/\/www.gaveanews.com\/wp-content\/uploads\/Vinicius-Junior-exibe-o-escudo-do-Real-Madrid-apos-marcar-um-gol-pelo-time-da-Espanha-edited-1362x1022.webp 1362w, https:\/\/www.gaveanews.com\/wp-content\/uploads\/Vinicius-Junior-exibe-o-escudo-do-Real-Madrid-apos-marcar-um-gol-pelo-time-da-Espanha-edited.webp 1440w\" sizes=\"auto, (max-width: 1024px) 100vw, 1024px\" \/><figcaption class=\"wp-element-caption\">Vinicius J\u00fanior exibe o escudo do Real Madrid ap\u00f3s marcar um gol pelo time da Espanha (Foto: Reprodu\u00e7\u00e3o\/Instagram)<\/figcaption><\/figure>\n\n\n\n<p>Em 22 partidas na temporada, somando compromissos pelo clube e pela sele\u00e7\u00e3o brasileira, Vin\u00edcius marcou 12 gols e contribuiu com sete assist\u00eancias. No entanto, ele sofreu uma les\u00e3o no b\u00edceps femoral da perna esquerda durante a partida contra o Legan\u00e9s e ficar\u00e1 afastado dos gramados por cerca de um m\u00eas.<\/p>\n\n\n\n<p>Apesar da aus\u00eancia de Vin\u00edcius, o Real Madrid segue firme na disputa pelo t\u00edtulo da La Liga, estando apenas um ponto atr\u00e1s do l\u00edder Barcelona. O desempenho do atacante at\u00e9 aqui refor\u00e7a sua import\u00e2ncia no elenco merengue e na briga por conquistas nesta temporada.<\/p>\n\n\n\n<h2 class=\"wp-block-heading\" id=\"h-volta-de-rodrygo\">Volta de Rodrygo<\/h2>\n\n\n\n<p>Ap\u00f3s recupera\u00e7\u00e3o de uma les\u00e3o muscular no b\u00edceps femoral da perna esquerda, Rodrygo voltou aos gramados no \u00faltimo fim de semana, na vit\u00f3ria do Real Madrid por 2 a 0 contra o Getafe, pelo Campeonato Espanhol. O brasileiro, que estava fora desde 9 de novembro, foi titular ao lado de Brahim D\u00edaz e Kylian Mbapp\u00e9, permanecendo em campo por 70 minutos antes de ser substitu\u00eddo por Luka Modric. O retorno \u00e9 um al\u00edvio para o t\u00e9cnico Carlo Ancelotti, que enfrenta uma lista extensa de desfalques importantes <strong><a href=\"https:\/\/www.gaveanews.com\/index.php\/2024\/12\/02\/recuperado-rodrygo-volta-a-campo-em-vitoria-do-real-madrid-sobre-o-getafe\/\">(leia a mat\u00e9ria completa).<\/a><\/strong><\/p>\n\n\n\n<figure class=\"wp-block-image size-full\"><img loading=\"lazy\" decoding=\"async\" width=\"846\" height=\"564\" src=\"https:\/\/www.gaveanews.com\/wp-content\/uploads\/rodrygo-real-madrid.webp\" alt=\"\" class=\"wp-image-94011\" srcset=\"https:\/\/www.gaveanews.com\/wp-content\/uploads\/rodrygo-real-madrid.webp 846w, https:\/\/www.gaveanews.com\/wp-content\/uploads\/rodrygo-real-madrid-300x200.webp 300w, https:\/\/www.gaveanews.com\/wp-content\/uploads\/rodrygo-real-madrid-768x512.webp 768w, https:\/\/www.gaveanews.com\/wp-content\/uploads\/rodrygo-real-madrid-630x420.webp 630w, https:\/\/www.gaveanews.com\/wp-content\/uploads\/rodrygo-real-madrid-640x427.webp 640w, https:\/\/www.gaveanews.com\/wp-content\/uploads\/rodrygo-real-madrid-681x454.webp 681w, https:\/\/www.gaveanews.com\/wp-content\/uploads\/rodrygo-real-madrid-100x67.webp 100w\" sizes=\"auto, (max-width: 846px) 100vw, 846px\" \/><figcaption class=\"wp-element-caption\">Rodrygo em a\u00e7\u00e3o pelo Real Madrid no Mundial de Clubes (Foto: KHALED DESOUKI\/AFP)<\/figcaption><\/figure>\n\n\n\n<p>Rodrygo n\u00e3o havia sido relacionado para o jogo contra o Liverpool na Liga dos Campe\u00f5es, mas foi liberado pelo departamento m\u00e9dico a tempo de refor\u00e7ar o ataque merengue. Na partida, os gols foram marcados por Jude Bellingham e Mbapp\u00e9, garantindo a vit\u00f3ria e mantendo o Real Madrid na briga pelos t\u00edtulos da temporada. A tend\u00eancia \u00e9 que Rodrygo seja escalado novamente como titular nos pr\u00f3ximos compromissos do time.<\/p>\n\n\n\n<p>O Real Madrid enfrenta o Athletic Bilbao no pr\u00f3ximo dia 4 e a Atalanta, pela Champions League, no dia 10. O retorno de Rodrygo fortalece o setor ofensivo em um momento crucial da temporada, mostrando sua import\u00e2ncia para o esquema de Ancelotti e a expectativa de continuar contribuindo decisivamente para os resultados da equipe.<\/p>\n","protected":false},"excerpt":{"rendered":"<p>Nas \u00faltimas horas, o foco das not\u00edcias sobre o Real Madrid se concentram nos bastidores do clube, com destaques como a volta de Rodrygo e o pr\u00eamio para Vini Jr. Por conta deste contexto, leia abaixo um resumo preparado pela equipe do portal G\u00e1vea News para lhe manter muito bem informado! Declara\u00e7\u00e3o de Thierry Henry [&hellip;]<\/p>\n","protected":false},"author":27,"featured_media":124645,"comment_status":"open","ping_status":"closed","sticky":false,"template":"","format":"standard","meta":{"footnotes":""},"categories":[88],"tags":[],"class_list":["post-193515","post","type-post","status-publish","format-standard","has-post-thumbnail","hentry","category-real-madrid"],"yoast_head":"<!-- This site is optimized with the Yoast SEO Premium plugin v24.2 (Yoast SEO v26.9) - https:\/\/yoast.com\/product\/yoast-seo-premium-wordpress\/ -->\n<title>Volta de Rodrygo, pr\u00eamio para Vini Jr e declara\u00e7\u00e3o de Thierry Henry: as \u00faltimas not\u00edcias do Real Madrid<\/title>\n<meta name=\"robots\" content=\"index, follow, max-snippet:-1, max-image-preview:large, max-video-preview:-1\" \/>\n<link rel=\"canonical\" href=\"https:\/\/www.gaveanews.com\/index.php\/2024\/12\/02\/volta-de-rodrygo-premio-para-vini-jr-e-declaracao-de-thierry-henry-as-ultimas-noticias-do-real-madrid\/\" \/>\n<meta property=\"og:locale\" content=\"pt_BR\" \/>\n<meta property=\"og:type\" content=\"article\" \/>\n<meta property=\"og:title\" content=\"Volta de Rodrygo, pr\u00eamio para Vini Jr e declara\u00e7\u00e3o de Thierry Henry: as \u00faltimas not\u00edcias do Real Madrid\" \/>\n<meta property=\"og:description\" content=\"Nas \u00faltimas horas, o foco das not\u00edcias sobre o Real Madrid se concentram nos bastidores do clube, com destaques como a volta de Rodrygo e o pr\u00eamio para Vini Jr. Por conta deste contexto, leia abaixo um resumo preparado pela equipe do portal G\u00e1vea News para lhe manter muito bem informado! Declara\u00e7\u00e3o de Thierry Henry [&hellip;]\" \/>\n<meta property=\"og:url\" content=\"https:\/\/www.gaveanews.com\/index.php\/2024\/12\/02\/volta-de-rodrygo-premio-para-vini-jr-e-declaracao-de-thierry-henry-as-ultimas-noticias-do-real-madrid\/\" \/>\n<meta property=\"og:site_name\" content=\"G\u00e1vea News\" \/>\n<meta property=\"article:publisher\" content=\"https:\/\/facebook.com\/gaveaNews\/\" \/>\n<meta property=\"article:published_time\" content=\"2024-12-02T22:55:00+00:00\" \/>\n<meta property=\"og:image\" content=\"https:\/\/www.gaveanews.com\/wp-content\/uploads\/realmadrid.webp\" \/>\n\t<meta property=\"og:image:width\" content=\"1200\" \/>\n\t<meta property=\"og:image:height\" content=\"900\" \/>\n\t<meta property=\"og:image:type\" content=\"image\/jpeg\" \/>\n<meta name=\"author\" content=\"Matheus Felipe\" \/>\n<meta name=\"twitter:card\" content=\"summary_large_image\" \/>\n<meta name=\"twitter:label1\" content=\"Escrito por\" \/>\n\t<meta name=\"twitter:data1\" content=\"Matheus Felipe\" \/>\n\t<meta name=\"twitter:label2\" content=\"Est. tempo de leitura\" \/>\n\t<meta name=\"twitter:data2\" content=\"5 minutos\" \/>\n<script type=\"application\/ld+json\" class=\"yoast-schema-graph\">{\"@context\":\"https:\/\/schema.org\",\"@graph\":[{\"@type\":\"NewsArticle\",\"@id\":\"https:\/\/www.gaveanews.com\/index.php\/2024\/12\/02\/volta-de-rodrygo-premio-para-vini-jr-e-declaracao-de-thierry-henry-as-ultimas-noticias-do-real-madrid\/#article\",\"isPartOf\":{\"@id\":\"https:\/\/www.gaveanews.com\/index.php\/2024\/12\/02\/volta-de-rodrygo-premio-para-vini-jr-e-declaracao-de-thierry-henry-as-ultimas-noticias-do-real-madrid\/\"},\"author\":{\"name\":\"Matheus Felipe\",\"@id\":\"https:\/\/www.gaveanews.com\/#\/schema\/person\/8207cd4627f56151707418bfc835b2fb\"},\"headline\":\"Volta de Rodrygo, pr\u00eamio para Vini Jr e declara\u00e7\u00e3o de Thierry Henry: as \u00faltimas not\u00edcias do Real Madrid\",\"datePublished\":\"2024-12-02T22:55:00+00:00\",\"mainEntityOfPage\":{\"@id\":\"https:\/\/www.gaveanews.com\/index.php\/2024\/12\/02\/volta-de-rodrygo-premio-para-vini-jr-e-declaracao-de-thierry-henry-as-ultimas-noticias-do-real-madrid\/\"},\"wordCount\":759,\"commentCount\":0,\"image\":{\"@id\":\"https:\/\/www.gaveanews.com\/index.php\/2024\/12\/02\/volta-de-rodrygo-premio-para-vini-jr-e-declaracao-de-thierry-henry-as-ultimas-noticias-do-real-madrid\/#primaryimage\"},\"thumbnailUrl\":\"https:\/\/www.gaveanews.com\/wp-content\/uploads\/realmadrid.webp\",\"articleSection\":[\"Real Madrid\"],\"inLanguage\":\"pt-BR\",\"potentialAction\":[{\"@type\":\"CommentAction\",\"name\":\"Comment\",\"target\":[\"https:\/\/www.gaveanews.com\/index.php\/2024\/12\/02\/volta-de-rodrygo-premio-para-vini-jr-e-declaracao-de-thierry-henry-as-ultimas-noticias-do-real-madrid\/#respond\"]}],\"copyrightYear\":\"2024\",\"copyrightHolder\":{\"@id\":\"https:\/\/www.gaveanews.com\/#organization\"}},{\"@type\":\"WebPage\",\"@id\":\"https:\/\/www.gaveanews.com\/index.php\/2024\/12\/02\/volta-de-rodrygo-premio-para-vini-jr-e-declaracao-de-thierry-henry-as-ultimas-noticias-do-real-madrid\/\",\"url\":\"https:\/\/www.gaveanews.com\/index.php\/2024\/12\/02\/volta-de-rodrygo-premio-para-vini-jr-e-declaracao-de-thierry-henry-as-ultimas-noticias-do-real-madrid\/\",\"name\":\"Volta de Rodrygo, pr\u00eamio para Vini Jr e declara\u00e7\u00e3o de Thierry Henry: as \u00faltimas not\u00edcias do Real Madrid\",\"isPartOf\":{\"@id\":\"https:\/\/www.gaveanews.com\/#website\"},\"primaryImageOfPage\":{\"@id\":\"https:\/\/www.gaveanews.com\/index.php\/2024\/12\/02\/volta-de-rodrygo-premio-para-vini-jr-e-declaracao-de-thierry-henry-as-ultimas-noticias-do-real-madrid\/#primaryimage\"},\"image\":{\"@id\":\"https:\/\/www.gaveanews.com\/index.php\/2024\/12\/02\/volta-de-rodrygo-premio-para-vini-jr-e-declaracao-de-thierry-henry-as-ultimas-noticias-do-real-madrid\/#primaryimage\"},\"thumbnailUrl\":\"https:\/\/www.gaveanews.com\/wp-content\/uploads\/realmadrid.webp\",\"datePublished\":\"2024-12-02T22:55:00+00:00\",\"author\":{\"@id\":\"https:\/\/www.gaveanews.com\/#\/schema\/person\/8207cd4627f56151707418bfc835b2fb\"},\"breadcrumb\":{\"@id\":\"https:\/\/www.gaveanews.com\/index.php\/2024\/12\/02\/volta-de-rodrygo-premio-para-vini-jr-e-declaracao-de-thierry-henry-as-ultimas-noticias-do-real-madrid\/#breadcrumb\"},\"inLanguage\":\"pt-BR\",\"potentialAction\":[{\"@type\":\"ReadAction\",\"target\":[\"https:\/\/www.gaveanews.com\/index.php\/2024\/12\/02\/volta-de-rodrygo-premio-para-vini-jr-e-declaracao-de-thierry-henry-as-ultimas-noticias-do-real-madrid\/\"]}]},{\"@type\":\"ImageObject\",\"inLanguage\":\"pt-BR\",\"@id\":\"https:\/\/www.gaveanews.com\/index.php\/2024\/12\/02\/volta-de-rodrygo-premio-para-vini-jr-e-declaracao-de-thierry-henry-as-ultimas-noticias-do-real-madrid\/#primaryimage\",\"url\":\"https:\/\/www.gaveanews.com\/wp-content\/uploads\/realmadrid.webp\",\"contentUrl\":\"https:\/\/www.gaveanews.com\/wp-content\/uploads\/realmadrid.webp\",\"width\":1200,\"height\":900,\"caption\":\"Escudo do Real Madrid (Foto: Reprodu\u00e7\u00e3o)\"},{\"@type\":\"BreadcrumbList\",\"@id\":\"https:\/\/www.gaveanews.com\/index.php\/2024\/12\/02\/volta-de-rodrygo-premio-para-vini-jr-e-declaracao-de-thierry-henry-as-ultimas-noticias-do-real-madrid\/#breadcrumb\",\"itemListElement\":[{\"@type\":\"ListItem\",\"position\":1,\"name\":\"Home\",\"item\":\"https:\/\/www.gaveanews.com\/\"},{\"@type\":\"ListItem\",\"position\":2,\"name\":\"Volta de Rodrygo, pr\u00eamio para Vini Jr e declara\u00e7\u00e3o de Thierry Henry: as \u00faltimas not\u00edcias do Real Madrid\"}]},{\"@type\":\"WebSite\",\"@id\":\"https:\/\/www.gaveanews.com\/#website\",\"url\":\"https:\/\/www.gaveanews.com\/\",\"name\":\"G\u00e1vea News\",\"description\":\"Veja todas as not\u00edcias sobre o Flamengo: Contrata\u00e7\u00f5es, categorias de base, resultados das partidas, tabela de classifica\u00e7\u00e3o, pr\u00f3ximos jogos!\",\"potentialAction\":[{\"@type\":\"SearchAction\",\"target\":{\"@type\":\"EntryPoint\",\"urlTemplate\":\"https:\/\/www.gaveanews.com\/?s={search_term_string}\"},\"query-input\":{\"@type\":\"PropertyValueSpecification\",\"valueRequired\":true,\"valueName\":\"search_term_string\"}}],\"inLanguage\":\"pt-BR\"},{\"@type\":\"Person\",\"@id\":\"https:\/\/www.gaveanews.com\/#\/schema\/person\/8207cd4627f56151707418bfc835b2fb\",\"name\":\"Matheus Felipe\",\"image\":{\"@type\":\"ImageObject\",\"inLanguage\":\"pt-BR\",\"@id\":\"https:\/\/www.gaveanews.com\/#\/schema\/person\/image\/\",\"url\":\"https:\/\/secure.gravatar.com\/avatar\/a452ffbed9130f726358b298bb3a99ce4bd3c5338411f8440e87e14d74c7c087?s=96&d=mm&r=g\",\"contentUrl\":\"https:\/\/secure.gravatar.com\/avatar\/a452ffbed9130f726358b298bb3a99ce4bd3c5338411f8440e87e14d74c7c087?s=96&d=mm&r=g\",\"caption\":\"Matheus Felipe\"}}]}<\/script>\n<!-- \/ Yoast SEO Premium plugin. -->","yoast_head_json":{"title":"Volta de Rodrygo, pr\u00eamio para Vini Jr e declara\u00e7\u00e3o de Thierry Henry: as \u00faltimas not\u00edcias do Real Madrid","robots":{"index":"index","follow":"follow","max-snippet":"max-snippet:-1","max-image-preview":"max-image-preview:large","max-video-preview":"max-video-preview:-1"},"canonical":"https:\/\/www.gaveanews.com\/index.php\/2024\/12\/02\/volta-de-rodrygo-premio-para-vini-jr-e-declaracao-de-thierry-henry-as-ultimas-noticias-do-real-madrid\/","og_locale":"pt_BR","og_type":"article","og_title":"Volta de Rodrygo, pr\u00eamio para Vini Jr e declara\u00e7\u00e3o de Thierry Henry: as \u00faltimas not\u00edcias do Real Madrid","og_description":"Nas \u00faltimas horas, o foco das not\u00edcias sobre o Real Madrid se concentram nos bastidores do clube, com destaques como a volta de Rodrygo e o pr\u00eamio para Vini Jr. Por conta deste contexto, leia abaixo um resumo preparado pela equipe do portal G\u00e1vea News para lhe manter muito bem informado! Declara\u00e7\u00e3o de Thierry Henry [&hellip;]","og_url":"https:\/\/www.gaveanews.com\/index.php\/2024\/12\/02\/volta-de-rodrygo-premio-para-vini-jr-e-declaracao-de-thierry-henry-as-ultimas-noticias-do-real-madrid\/","og_site_name":"G\u00e1vea News","article_publisher":"https:\/\/facebook.com\/gaveaNews\/","article_published_time":"2024-12-02T22:55:00+00:00","og_image":[{"width":1200,"height":900,"url":"https:\/\/www.gaveanews.com\/wp-content\/uploads\/realmadrid.webp","type":"image\/jpeg"}],"author":"Matheus Felipe","twitter_card":"summary_large_image","twitter_misc":{"Escrito por":"Matheus Felipe","Est. tempo de leitura":"5 minutos"},"schema":{"@context":"https:\/\/schema.org","@graph":[{"@type":"NewsArticle","@id":"https:\/\/www.gaveanews.com\/index.php\/2024\/12\/02\/volta-de-rodrygo-premio-para-vini-jr-e-declaracao-de-thierry-henry-as-ultimas-noticias-do-real-madrid\/#article","isPartOf":{"@id":"https:\/\/www.gaveanews.com\/index.php\/2024\/12\/02\/volta-de-rodrygo-premio-para-vini-jr-e-declaracao-de-thierry-henry-as-ultimas-noticias-do-real-madrid\/"},"author":{"name":"Matheus Felipe","@id":"https:\/\/www.gaveanews.com\/#\/schema\/person\/8207cd4627f56151707418bfc835b2fb"},"headline":"Volta de Rodrygo, pr\u00eamio para Vini Jr e declara\u00e7\u00e3o de Thierry Henry: as \u00faltimas not\u00edcias do Real Madrid","datePublished":"2024-12-02T22:55:00+00:00","mainEntityOfPage":{"@id":"https:\/\/www.gaveanews.com\/index.php\/2024\/12\/02\/volta-de-rodrygo-premio-para-vini-jr-e-declaracao-de-thierry-henry-as-ultimas-noticias-do-real-madrid\/"},"wordCount":759,"commentCount":0,"image":{"@id":"https:\/\/www.gaveanews.com\/index.php\/2024\/12\/02\/volta-de-rodrygo-premio-para-vini-jr-e-declaracao-de-thierry-henry-as-ultimas-noticias-do-real-madrid\/#primaryimage"},"thumbnailUrl":"https:\/\/www.gaveanews.com\/wp-content\/uploads\/realmadrid.webp","articleSection":["Real Madrid"],"inLanguage":"pt-BR","potentialAction":[{"@type":"CommentAction","name":"Comment","target":["https:\/\/www.gaveanews.com\/index.php\/2024\/12\/02\/volta-de-rodrygo-premio-para-vini-jr-e-declaracao-de-thierry-henry-as-ultimas-noticias-do-real-madrid\/#respond"]}],"copyrightYear":"2024","copyrightHolder":{"@id":"https:\/\/www.gaveanews.com\/#organization"}},{"@type":"WebPage","@id":"https:\/\/www.gaveanews.com\/index.php\/2024\/12\/02\/volta-de-rodrygo-premio-para-vini-jr-e-declaracao-de-thierry-henry-as-ultimas-noticias-do-real-madrid\/","url":"https:\/\/www.gaveanews.com\/index.php\/2024\/12\/02\/volta-de-rodrygo-premio-para-vini-jr-e-declaracao-de-thierry-henry-as-ultimas-noticias-do-real-madrid\/","name":"Volta de Rodrygo, pr\u00eamio para Vini Jr e declara\u00e7\u00e3o de Thierry Henry: as \u00faltimas not\u00edcias do Real Madrid","isPartOf":{"@id":"https:\/\/www.gaveanews.com\/#website"},"primaryImageOfPage":{"@id":"https:\/\/www.gaveanews.com\/index.php\/2024\/12\/02\/volta-de-rodrygo-premio-para-vini-jr-e-declaracao-de-thierry-henry-as-ultimas-noticias-do-real-madrid\/#primaryimage"},"image":{"@id":"https:\/\/www.gaveanews.com\/index.php\/2024\/12\/02\/volta-de-rodrygo-premio-para-vini-jr-e-declaracao-de-thierry-henry-as-ultimas-noticias-do-real-madrid\/#primaryimage"},"thumbnailUrl":"https:\/\/www.gaveanews.com\/wp-content\/uploads\/realmadrid.webp","datePublished":"2024-12-02T22:55:00+00:00","author":{"@id":"https:\/\/www.gaveanews.com\/#\/schema\/person\/8207cd4627f56151707418bfc835b2fb"},"breadcrumb":{"@id":"https:\/\/www.gaveanews.com\/index.php\/2024\/12\/02\/volta-de-rodrygo-premio-para-vini-jr-e-declaracao-de-thierry-henry-as-ultimas-noticias-do-real-madrid\/#breadcrumb"},"inLanguage":"pt-BR","potentialAction":[{"@type":"ReadAction","target":["https:\/\/www.gaveanews.com\/index.php\/2024\/12\/02\/volta-de-rodrygo-premio-para-vini-jr-e-declaracao-de-thierry-henry-as-ultimas-noticias-do-real-madrid\/"]}]},{"@type":"ImageObject","inLanguage":"pt-BR","@id":"https:\/\/www.gaveanews.com\/index.php\/2024\/12\/02\/volta-de-rodrygo-premio-para-vini-jr-e-declaracao-de-thierry-henry-as-ultimas-noticias-do-real-madrid\/#primaryimage","url":"https:\/\/www.gaveanews.com\/wp-content\/uploads\/realmadrid.webp","contentUrl":"https:\/\/www.gaveanews.com\/wp-content\/uploads\/realmadrid.webp","width":1200,"height":900,"caption":"Escudo do Real Madrid (Foto: Reprodu\u00e7\u00e3o)"},{"@type":"BreadcrumbList","@id":"https:\/\/www.gaveanews.com\/index.php\/2024\/12\/02\/volta-de-rodrygo-premio-para-vini-jr-e-declaracao-de-thierry-henry-as-ultimas-noticias-do-real-madrid\/#breadcrumb","itemListElement":[{"@type":"ListItem","position":1,"name":"Home","item":"https:\/\/www.gaveanews.com\/"},{"@type":"ListItem","position":2,"name":"Volta de Rodrygo, pr\u00eamio para Vini Jr e declara\u00e7\u00e3o de Thierry Henry: as \u00faltimas not\u00edcias do Real Madrid"}]},{"@type":"WebSite","@id":"https:\/\/www.gaveanews.com\/#website","url":"https:\/\/www.gaveanews.com\/","name":"G\u00e1vea News","description":"Veja todas as not\u00edcias sobre o Flamengo: Contrata\u00e7\u00f5es, categorias de base, resultados das partidas, tabela de classifica\u00e7\u00e3o, pr\u00f3ximos jogos!","potentialAction":[{"@type":"SearchAction","target":{"@type":"EntryPoint","urlTemplate":"https:\/\/www.gaveanews.com\/?s={search_term_string}"},"query-input":{"@type":"PropertyValueSpecification","valueRequired":true,"valueName":"search_term_string"}}],"inLanguage":"pt-BR"},{"@type":"Person","@id":"https:\/\/www.gaveanews.com\/#\/schema\/person\/8207cd4627f56151707418bfc835b2fb","name":"Matheus Felipe","image":{"@type":"ImageObject","inLanguage":"pt-BR","@id":"https:\/\/www.gaveanews.com\/#\/schema\/person\/image\/","url":"https:\/\/secure.gravatar.com\/avatar\/a452ffbed9130f726358b298bb3a99ce4bd3c5338411f8440e87e14d74c7c087?s=96&d=mm&r=g","contentUrl":"https:\/\/secure.gravatar.com\/avatar\/a452ffbed9130f726358b298bb3a99ce4bd3c5338411f8440e87e14d74c7c087?s=96&d=mm&r=g","caption":"Matheus Felipe"}}]}},"_links":{"self":[{"href":"https:\/\/www.gaveanews.com\/index.php\/wp-json\/wp\/v2\/posts\/193515","targetHints":{"allow":["GET"]}}],"collection":[{"href":"https:\/\/www.gaveanews.com\/index.php\/wp-json\/wp\/v2\/posts"}],"about":[{"href":"https:\/\/www.gaveanews.com\/index.php\/wp-json\/wp\/v2\/types\/post"}],"author":[{"embeddable":true,"href":"https:\/\/www.gaveanews.com\/index.php\/wp-json\/wp\/v2\/users\/27"}],"replies":[{"embeddable":true,"href":"https:\/\/www.gaveanews.com\/index.php\/wp-json\/wp\/v2\/comments?post=193515"}],"version-history":[{"count":1,"href":"https:\/\/www.gaveanews.com\/index.php\/wp-json\/wp\/v2\/posts\/193515\/revisions"}],"predecessor-version":[{"id":193518,"href":"https:\/\/www.gaveanews.com\/index.php\/wp-json\/wp\/v2\/posts\/193515\/revisions\/193518"}],"wp:featuredmedia":[{"embeddable":true,"href":"https:\/\/www.gaveanews.com\/index.php\/wp-json\/wp\/v2\/media\/124645"}],"wp:attachment":[{"href":"https:\/\/www.gaveanews.com\/index.php\/wp-json\/wp\/v2\/media?parent=193515"}],"wp:term":[{"taxonomy":"category","embeddable":true,"href":"https:\/\/www.gaveanews.com\/index.php\/wp-json\/wp\/v2\/categories?post=193515"},{"taxonomy":"post_tag","embeddable":true,"href":"https:\/\/www.gaveanews.com\/index.php\/wp-json\/wp\/v2\/tags?post=193515"}],"curies":[{"name":"wp","href":"https:\/\/api.w.org\/{rel}","templated":true}]}}