{"id":193631,"date":"2024-12-03T01:15:00","date_gmt":"2024-12-03T04:15:00","guid":{"rendered":"https:\/\/www.gaveanews.com\/?p=193631"},"modified":"2024-12-03T00:12:04","modified_gmt":"2024-12-03T03:12:04","slug":"a-declaracao-do-craque-neto-direcionada-a-gabriel-brazao-do-santos","status":"publish","type":"post","link":"https:\/\/www.gaveanews.com\/index.php\/2024\/12\/03\/a-declaracao-do-craque-neto-direcionada-a-gabriel-brazao-do-santos\/","title":{"rendered":"A declara\u00e7\u00e3o do Craque Neto direcionada a Gabriel Braz\u00e3o, do Santos"},"content":{"rendered":"\n<h2 class=\"wp-block-heading\" id=\"h-neto-elogia-gabriel-brazao-e-sugere-renovacao-de-goleiros-na-selecao-brasileira\">Neto elogia Gabriel Braz\u00e3o e sugere renova\u00e7\u00e3o de goleiros na Sele\u00e7\u00e3o Brasileira<\/h2>\n\n\n\n<p>Durante o programa &#8216;<em>Apito Final<\/em>&#8216;, exibido no \u00faltimo domingo (1), o ex-jogador e comentarista Neto exaltou o goleiro Gabriel Braz\u00e3o, do Santos, e fez uma sugest\u00e3o ousada: incluir o jovem entre os convocados para a Sele\u00e7\u00e3o Brasileira. Neto tamb\u00e9m mencionou outros dois nomes para renova\u00e7\u00e3o no gol do Brasil, John e Hugo Souza, defendendo a necessidade de mudan\u00e7a na posi\u00e7\u00e3o.<\/p>\n\n\n\n<ul class=\"wp-block-list\">\n<li><a href=\"https:\/\/www.gaveanews.com\/index.php\/2024\/12\/01\/santos-guilherme-revela-promessa-feita-por-neymar\/\">Santos: Guilherme revela promessa feita por Neymar<\/a><\/li>\n\n\n\n<li><a href=\"https:\/\/www.gaveanews.com\/index.php\/2024\/11\/27\/disputa-por-contratacao-jogador-barrado-e-jogadores-com-mais-interceptacoes-as-noticias-do-santos\/\">Disputa por contrata\u00e7\u00e3o, jogador barrado e jogadores com mais intercepta\u00e7\u00f5es: as not\u00edcias do Santos<\/a><\/li>\n<\/ul>\n\n\n\n<p>\u201cAcho que tem que ser o Hugo, John e o Braz\u00e3o. Acho que j\u00e1 deu para Alisson e Ederson. A gente tem que fazer tr\u00eas goleiros para tr\u00eas Copas do Mundo. Colocar os caras jovens\u201d, afirmou Neto, destacando a import\u00e2ncia de pensar a longo prazo e apostar em novos talentos para o gol da sele\u00e7\u00e3o.<\/p>\n\n\n\n<p>Neto n\u00e3o poupou elogios \u00e0 performance de Braz\u00e3o na S\u00e9rie B, ressaltando sua import\u00e2ncia na campanha do Santos. \u201cPegou muito. Voc\u00ea \u00e9 goleiro de sele\u00e7\u00e3o brasileira, e pode ter certeza disso\u201d, destacou o comentarista, refor\u00e7ando a confian\u00e7a no potencial do jogador santista.<\/p>\n\n\n\n<h2 class=\"wp-block-heading\" id=\"h-retorno-de-joao-paulo-e-futuro-incerto-de-renan\">Retorno de Jo\u00e3o Paulo e futuro incerto de Renan<\/h2>\n\n\n\n<p>O titular Jo\u00e3o Paulo, que se recupera de uma les\u00e3o, deve voltar aos gramados j\u00e1 nos primeiros jogos do Campeonato Paulista, em janeiro. Neto aproveitou para parabenizar Arzul, preparador de goleiros do Santos, pela forma\u00e7\u00e3o dos atletas no clube. <\/p>\n\n\n\n<p>\u201cParab\u00e9ns ao Arzul, que \u00e9 seu treinador de goleiros no Santos. O Brasil tem bons goleiros. E voc\u00ea \u00e9 um deles. Esse menino eu tenho certeza que ainda vai para uma Copa do Mundo\u201d, acrescentou Neto.<\/p>\n\n\n\n<p>Por outro lado, a diretoria do Santos deve dispensar o goleiro Renan Santos, contratado para ser o reserva de Braz\u00e3o na S\u00e9rie B. O jogador n\u00e3o disputou nenhuma partida e, mesmo quando Braz\u00e3o esteve suspenso, o t\u00e9cnico F\u00e1bio Carille optou por escalar o jovem Di\u00f3genes. O contrato de Renan termina em dezembro e n\u00e3o ser\u00e1 renovado.<\/p>\n","protected":false},"excerpt":{"rendered":"<p>Neto elogia Gabriel Braz\u00e3o e sugere renova\u00e7\u00e3o de goleiros na Sele\u00e7\u00e3o Brasileira Durante o programa &#8216;Apito Final&#8216;, exibido no \u00faltimo domingo (1), o ex-jogador e comentarista Neto exaltou o goleiro Gabriel Braz\u00e3o, do Santos, e fez uma sugest\u00e3o ousada: incluir o jovem entre os convocados para a Sele\u00e7\u00e3o Brasileira. Neto tamb\u00e9m mencionou outros dois nomes [&hellip;]<\/p>\n","protected":false},"author":17,"featured_media":151180,"comment_status":"open","ping_status":"closed","sticky":false,"template":"","format":"standard","meta":{"footnotes":""},"categories":[139],"tags":[],"class_list":["post-193631","post","type-post","status-publish","format-standard","has-post-thumbnail","hentry","category-santos"],"yoast_head":"<!-- This site is optimized with the Yoast SEO Premium plugin v24.2 (Yoast SEO v26.9) - https:\/\/yoast.com\/product\/yoast-seo-premium-wordpress\/ -->\n<title>A declara\u00e7\u00e3o do Craque Neto direcionada a Gabriel Braz\u00e3o, do Santos<\/title>\n<meta name=\"robots\" content=\"index, follow, max-snippet:-1, max-image-preview:large, max-video-preview:-1\" \/>\n<link rel=\"canonical\" href=\"https:\/\/www.gaveanews.com\/index.php\/2024\/12\/03\/a-declaracao-do-craque-neto-direcionada-a-gabriel-brazao-do-santos\/\" \/>\n<meta property=\"og:locale\" content=\"pt_BR\" \/>\n<meta property=\"og:type\" content=\"article\" \/>\n<meta property=\"og:title\" content=\"A declara\u00e7\u00e3o do Craque Neto direcionada a Gabriel Braz\u00e3o, do Santos\" \/>\n<meta property=\"og:description\" content=\"Neto elogia Gabriel Braz\u00e3o e sugere renova\u00e7\u00e3o de goleiros na Sele\u00e7\u00e3o Brasileira Durante o programa &#8216;Apito Final&#8216;, exibido no \u00faltimo domingo (1), o ex-jogador e comentarista Neto exaltou o goleiro Gabriel Braz\u00e3o, do Santos, e fez uma sugest\u00e3o ousada: incluir o jovem entre os convocados para a Sele\u00e7\u00e3o Brasileira. Neto tamb\u00e9m mencionou outros dois nomes [&hellip;]\" \/>\n<meta property=\"og:url\" content=\"https:\/\/www.gaveanews.com\/index.php\/2024\/12\/03\/a-declaracao-do-craque-neto-direcionada-a-gabriel-brazao-do-santos\/\" \/>\n<meta property=\"og:site_name\" content=\"G\u00e1vea News\" \/>\n<meta property=\"article:publisher\" content=\"https:\/\/facebook.com\/gaveaNews\/\" \/>\n<meta property=\"article:published_time\" content=\"2024-12-03T04:15:00+00:00\" \/>\n<meta property=\"og:image\" content=\"https:\/\/www.gaveanews.com\/wp-content\/uploads\/Gabriel-Brazao-em-acao-pelo-Santos.webp\" \/>\n\t<meta property=\"og:image:width\" content=\"1080\" \/>\n\t<meta property=\"og:image:height\" content=\"1346\" \/>\n\t<meta property=\"og:image:type\" content=\"image\/jpeg\" \/>\n<meta name=\"author\" content=\"Geovanna Thomaz\" \/>\n<meta name=\"twitter:card\" content=\"summary_large_image\" \/>\n<meta name=\"twitter:label1\" content=\"Escrito por\" \/>\n\t<meta name=\"twitter:data1\" content=\"Geovanna Thomaz\" \/>\n\t<meta name=\"twitter:label2\" content=\"Est. tempo de leitura\" \/>\n\t<meta name=\"twitter:data2\" content=\"3 minutos\" \/>\n<script type=\"application\/ld+json\" class=\"yoast-schema-graph\">{\"@context\":\"https:\/\/schema.org\",\"@graph\":[{\"@type\":\"NewsArticle\",\"@id\":\"https:\/\/www.gaveanews.com\/index.php\/2024\/12\/03\/a-declaracao-do-craque-neto-direcionada-a-gabriel-brazao-do-santos\/#article\",\"isPartOf\":{\"@id\":\"https:\/\/www.gaveanews.com\/index.php\/2024\/12\/03\/a-declaracao-do-craque-neto-direcionada-a-gabriel-brazao-do-santos\/\"},\"author\":{\"name\":\"Geovanna Thomaz\",\"@id\":\"https:\/\/www.gaveanews.com\/#\/schema\/person\/f42654babcd2b2014a1a65af82b081f1\"},\"headline\":\"A declara\u00e7\u00e3o do Craque Neto direcionada a Gabriel Braz\u00e3o, do Santos\",\"datePublished\":\"2024-12-03T04:15:00+00:00\",\"mainEntityOfPage\":{\"@id\":\"https:\/\/www.gaveanews.com\/index.php\/2024\/12\/03\/a-declaracao-do-craque-neto-direcionada-a-gabriel-brazao-do-santos\/\"},\"wordCount\":376,\"commentCount\":0,\"image\":{\"@id\":\"https:\/\/www.gaveanews.com\/index.php\/2024\/12\/03\/a-declaracao-do-craque-neto-direcionada-a-gabriel-brazao-do-santos\/#primaryimage\"},\"thumbnailUrl\":\"https:\/\/www.gaveanews.com\/wp-content\/uploads\/Gabriel-Brazao-em-acao-pelo-Santos.webp\",\"articleSection\":[\"Santos\"],\"inLanguage\":\"pt-BR\",\"potentialAction\":[{\"@type\":\"CommentAction\",\"name\":\"Comment\",\"target\":[\"https:\/\/www.gaveanews.com\/index.php\/2024\/12\/03\/a-declaracao-do-craque-neto-direcionada-a-gabriel-brazao-do-santos\/#respond\"]}],\"copyrightYear\":\"2024\",\"copyrightHolder\":{\"@id\":\"https:\/\/www.gaveanews.com\/#organization\"}},{\"@type\":\"WebPage\",\"@id\":\"https:\/\/www.gaveanews.com\/index.php\/2024\/12\/03\/a-declaracao-do-craque-neto-direcionada-a-gabriel-brazao-do-santos\/\",\"url\":\"https:\/\/www.gaveanews.com\/index.php\/2024\/12\/03\/a-declaracao-do-craque-neto-direcionada-a-gabriel-brazao-do-santos\/\",\"name\":\"A declara\u00e7\u00e3o do Craque Neto direcionada a Gabriel Braz\u00e3o, do Santos\",\"isPartOf\":{\"@id\":\"https:\/\/www.gaveanews.com\/#website\"},\"primaryImageOfPage\":{\"@id\":\"https:\/\/www.gaveanews.com\/index.php\/2024\/12\/03\/a-declaracao-do-craque-neto-direcionada-a-gabriel-brazao-do-santos\/#primaryimage\"},\"image\":{\"@id\":\"https:\/\/www.gaveanews.com\/index.php\/2024\/12\/03\/a-declaracao-do-craque-neto-direcionada-a-gabriel-brazao-do-santos\/#primaryimage\"},\"thumbnailUrl\":\"https:\/\/www.gaveanews.com\/wp-content\/uploads\/Gabriel-Brazao-em-acao-pelo-Santos.webp\",\"datePublished\":\"2024-12-03T04:15:00+00:00\",\"author\":{\"@id\":\"https:\/\/www.gaveanews.com\/#\/schema\/person\/f42654babcd2b2014a1a65af82b081f1\"},\"breadcrumb\":{\"@id\":\"https:\/\/www.gaveanews.com\/index.php\/2024\/12\/03\/a-declaracao-do-craque-neto-direcionada-a-gabriel-brazao-do-santos\/#breadcrumb\"},\"inLanguage\":\"pt-BR\",\"potentialAction\":[{\"@type\":\"ReadAction\",\"target\":[\"https:\/\/www.gaveanews.com\/index.php\/2024\/12\/03\/a-declaracao-do-craque-neto-direcionada-a-gabriel-brazao-do-santos\/\"]}]},{\"@type\":\"ImageObject\",\"inLanguage\":\"pt-BR\",\"@id\":\"https:\/\/www.gaveanews.com\/index.php\/2024\/12\/03\/a-declaracao-do-craque-neto-direcionada-a-gabriel-brazao-do-santos\/#primaryimage\",\"url\":\"https:\/\/www.gaveanews.com\/wp-content\/uploads\/Gabriel-Brazao-em-acao-pelo-Santos.webp\",\"contentUrl\":\"https:\/\/www.gaveanews.com\/wp-content\/uploads\/Gabriel-Brazao-em-acao-pelo-Santos.webp\",\"width\":1080,\"height\":1346,\"caption\":\"Gabriel Braz\u00e3o em a\u00e7\u00e3o pelo Santos (Foto: Reprodu\u00e7\u00e3o\/Instagram)\"},{\"@type\":\"BreadcrumbList\",\"@id\":\"https:\/\/www.gaveanews.com\/index.php\/2024\/12\/03\/a-declaracao-do-craque-neto-direcionada-a-gabriel-brazao-do-santos\/#breadcrumb\",\"itemListElement\":[{\"@type\":\"ListItem\",\"position\":1,\"name\":\"Home\",\"item\":\"https:\/\/www.gaveanews.com\/\"},{\"@type\":\"ListItem\",\"position\":2,\"name\":\"A declara\u00e7\u00e3o do Craque Neto direcionada a Gabriel Braz\u00e3o, do Santos\"}]},{\"@type\":\"WebSite\",\"@id\":\"https:\/\/www.gaveanews.com\/#website\",\"url\":\"https:\/\/www.gaveanews.com\/\",\"name\":\"G\u00e1vea News\",\"description\":\"Veja todas as not\u00edcias sobre o Flamengo: Contrata\u00e7\u00f5es, categorias de base, resultados das partidas, tabela de classifica\u00e7\u00e3o, pr\u00f3ximos jogos!\",\"potentialAction\":[{\"@type\":\"SearchAction\",\"target\":{\"@type\":\"EntryPoint\",\"urlTemplate\":\"https:\/\/www.gaveanews.com\/?s={search_term_string}\"},\"query-input\":{\"@type\":\"PropertyValueSpecification\",\"valueRequired\":true,\"valueName\":\"search_term_string\"}}],\"inLanguage\":\"pt-BR\"},{\"@type\":\"Person\",\"@id\":\"https:\/\/www.gaveanews.com\/#\/schema\/person\/f42654babcd2b2014a1a65af82b081f1\",\"name\":\"Geovanna Thomaz\",\"image\":{\"@type\":\"ImageObject\",\"inLanguage\":\"pt-BR\",\"@id\":\"https:\/\/www.gaveanews.com\/#\/schema\/person\/image\/\",\"url\":\"https:\/\/secure.gravatar.com\/avatar\/4092073255489533afb558984b49b64268c47198af8623cc82a925ae9fb7118a?s=96&d=mm&r=g\",\"contentUrl\":\"https:\/\/secure.gravatar.com\/avatar\/4092073255489533afb558984b49b64268c47198af8623cc82a925ae9fb7118a?s=96&d=mm&r=g\",\"caption\":\"Geovanna Thomaz\"}}]}<\/script>\n<!-- \/ Yoast SEO Premium plugin. -->","yoast_head_json":{"title":"A declara\u00e7\u00e3o do Craque Neto direcionada a Gabriel Braz\u00e3o, do Santos","robots":{"index":"index","follow":"follow","max-snippet":"max-snippet:-1","max-image-preview":"max-image-preview:large","max-video-preview":"max-video-preview:-1"},"canonical":"https:\/\/www.gaveanews.com\/index.php\/2024\/12\/03\/a-declaracao-do-craque-neto-direcionada-a-gabriel-brazao-do-santos\/","og_locale":"pt_BR","og_type":"article","og_title":"A declara\u00e7\u00e3o do Craque Neto direcionada a Gabriel Braz\u00e3o, do Santos","og_description":"Neto elogia Gabriel Braz\u00e3o e sugere renova\u00e7\u00e3o de goleiros na Sele\u00e7\u00e3o Brasileira Durante o programa &#8216;Apito Final&#8216;, exibido no \u00faltimo domingo (1), o ex-jogador e comentarista Neto exaltou o goleiro Gabriel Braz\u00e3o, do Santos, e fez uma sugest\u00e3o ousada: incluir o jovem entre os convocados para a Sele\u00e7\u00e3o Brasileira. Neto tamb\u00e9m mencionou outros dois nomes [&hellip;]","og_url":"https:\/\/www.gaveanews.com\/index.php\/2024\/12\/03\/a-declaracao-do-craque-neto-direcionada-a-gabriel-brazao-do-santos\/","og_site_name":"G\u00e1vea News","article_publisher":"https:\/\/facebook.com\/gaveaNews\/","article_published_time":"2024-12-03T04:15:00+00:00","og_image":[{"width":1080,"height":1346,"url":"https:\/\/www.gaveanews.com\/wp-content\/uploads\/Gabriel-Brazao-em-acao-pelo-Santos.webp","type":"image\/jpeg"}],"author":"Geovanna Thomaz","twitter_card":"summary_large_image","twitter_misc":{"Escrito por":"Geovanna Thomaz","Est. tempo de leitura":"3 minutos"},"schema":{"@context":"https:\/\/schema.org","@graph":[{"@type":"NewsArticle","@id":"https:\/\/www.gaveanews.com\/index.php\/2024\/12\/03\/a-declaracao-do-craque-neto-direcionada-a-gabriel-brazao-do-santos\/#article","isPartOf":{"@id":"https:\/\/www.gaveanews.com\/index.php\/2024\/12\/03\/a-declaracao-do-craque-neto-direcionada-a-gabriel-brazao-do-santos\/"},"author":{"name":"Geovanna Thomaz","@id":"https:\/\/www.gaveanews.com\/#\/schema\/person\/f42654babcd2b2014a1a65af82b081f1"},"headline":"A declara\u00e7\u00e3o do Craque Neto direcionada a Gabriel Braz\u00e3o, do Santos","datePublished":"2024-12-03T04:15:00+00:00","mainEntityOfPage":{"@id":"https:\/\/www.gaveanews.com\/index.php\/2024\/12\/03\/a-declaracao-do-craque-neto-direcionada-a-gabriel-brazao-do-santos\/"},"wordCount":376,"commentCount":0,"image":{"@id":"https:\/\/www.gaveanews.com\/index.php\/2024\/12\/03\/a-declaracao-do-craque-neto-direcionada-a-gabriel-brazao-do-santos\/#primaryimage"},"thumbnailUrl":"https:\/\/www.gaveanews.com\/wp-content\/uploads\/Gabriel-Brazao-em-acao-pelo-Santos.webp","articleSection":["Santos"],"inLanguage":"pt-BR","potentialAction":[{"@type":"CommentAction","name":"Comment","target":["https:\/\/www.gaveanews.com\/index.php\/2024\/12\/03\/a-declaracao-do-craque-neto-direcionada-a-gabriel-brazao-do-santos\/#respond"]}],"copyrightYear":"2024","copyrightHolder":{"@id":"https:\/\/www.gaveanews.com\/#organization"}},{"@type":"WebPage","@id":"https:\/\/www.gaveanews.com\/index.php\/2024\/12\/03\/a-declaracao-do-craque-neto-direcionada-a-gabriel-brazao-do-santos\/","url":"https:\/\/www.gaveanews.com\/index.php\/2024\/12\/03\/a-declaracao-do-craque-neto-direcionada-a-gabriel-brazao-do-santos\/","name":"A declara\u00e7\u00e3o do Craque Neto direcionada a Gabriel Braz\u00e3o, do Santos","isPartOf":{"@id":"https:\/\/www.gaveanews.com\/#website"},"primaryImageOfPage":{"@id":"https:\/\/www.gaveanews.com\/index.php\/2024\/12\/03\/a-declaracao-do-craque-neto-direcionada-a-gabriel-brazao-do-santos\/#primaryimage"},"image":{"@id":"https:\/\/www.gaveanews.com\/index.php\/2024\/12\/03\/a-declaracao-do-craque-neto-direcionada-a-gabriel-brazao-do-santos\/#primaryimage"},"thumbnailUrl":"https:\/\/www.gaveanews.com\/wp-content\/uploads\/Gabriel-Brazao-em-acao-pelo-Santos.webp","datePublished":"2024-12-03T04:15:00+00:00","author":{"@id":"https:\/\/www.gaveanews.com\/#\/schema\/person\/f42654babcd2b2014a1a65af82b081f1"},"breadcrumb":{"@id":"https:\/\/www.gaveanews.com\/index.php\/2024\/12\/03\/a-declaracao-do-craque-neto-direcionada-a-gabriel-brazao-do-santos\/#breadcrumb"},"inLanguage":"pt-BR","potentialAction":[{"@type":"ReadAction","target":["https:\/\/www.gaveanews.com\/index.php\/2024\/12\/03\/a-declaracao-do-craque-neto-direcionada-a-gabriel-brazao-do-santos\/"]}]},{"@type":"ImageObject","inLanguage":"pt-BR","@id":"https:\/\/www.gaveanews.com\/index.php\/2024\/12\/03\/a-declaracao-do-craque-neto-direcionada-a-gabriel-brazao-do-santos\/#primaryimage","url":"https:\/\/www.gaveanews.com\/wp-content\/uploads\/Gabriel-Brazao-em-acao-pelo-Santos.webp","contentUrl":"https:\/\/www.gaveanews.com\/wp-content\/uploads\/Gabriel-Brazao-em-acao-pelo-Santos.webp","width":1080,"height":1346,"caption":"Gabriel Braz\u00e3o em a\u00e7\u00e3o pelo Santos (Foto: Reprodu\u00e7\u00e3o\/Instagram)"},{"@type":"BreadcrumbList","@id":"https:\/\/www.gaveanews.com\/index.php\/2024\/12\/03\/a-declaracao-do-craque-neto-direcionada-a-gabriel-brazao-do-santos\/#breadcrumb","itemListElement":[{"@type":"ListItem","position":1,"name":"Home","item":"https:\/\/www.gaveanews.com\/"},{"@type":"ListItem","position":2,"name":"A declara\u00e7\u00e3o do Craque Neto direcionada a Gabriel Braz\u00e3o, do Santos"}]},{"@type":"WebSite","@id":"https:\/\/www.gaveanews.com\/#website","url":"https:\/\/www.gaveanews.com\/","name":"G\u00e1vea News","description":"Veja todas as not\u00edcias sobre o Flamengo: Contrata\u00e7\u00f5es, categorias de base, resultados das partidas, tabela de classifica\u00e7\u00e3o, pr\u00f3ximos jogos!","potentialAction":[{"@type":"SearchAction","target":{"@type":"EntryPoint","urlTemplate":"https:\/\/www.gaveanews.com\/?s={search_term_string}"},"query-input":{"@type":"PropertyValueSpecification","valueRequired":true,"valueName":"search_term_string"}}],"inLanguage":"pt-BR"},{"@type":"Person","@id":"https:\/\/www.gaveanews.com\/#\/schema\/person\/f42654babcd2b2014a1a65af82b081f1","name":"Geovanna Thomaz","image":{"@type":"ImageObject","inLanguage":"pt-BR","@id":"https:\/\/www.gaveanews.com\/#\/schema\/person\/image\/","url":"https:\/\/secure.gravatar.com\/avatar\/4092073255489533afb558984b49b64268c47198af8623cc82a925ae9fb7118a?s=96&d=mm&r=g","contentUrl":"https:\/\/secure.gravatar.com\/avatar\/4092073255489533afb558984b49b64268c47198af8623cc82a925ae9fb7118a?s=96&d=mm&r=g","caption":"Geovanna Thomaz"}}]}},"_links":{"self":[{"href":"https:\/\/www.gaveanews.com\/index.php\/wp-json\/wp\/v2\/posts\/193631","targetHints":{"allow":["GET"]}}],"collection":[{"href":"https:\/\/www.gaveanews.com\/index.php\/wp-json\/wp\/v2\/posts"}],"about":[{"href":"https:\/\/www.gaveanews.com\/index.php\/wp-json\/wp\/v2\/types\/post"}],"author":[{"embeddable":true,"href":"https:\/\/www.gaveanews.com\/index.php\/wp-json\/wp\/v2\/users\/17"}],"replies":[{"embeddable":true,"href":"https:\/\/www.gaveanews.com\/index.php\/wp-json\/wp\/v2\/comments?post=193631"}],"version-history":[{"count":2,"href":"https:\/\/www.gaveanews.com\/index.php\/wp-json\/wp\/v2\/posts\/193631\/revisions"}],"predecessor-version":[{"id":193701,"href":"https:\/\/www.gaveanews.com\/index.php\/wp-json\/wp\/v2\/posts\/193631\/revisions\/193701"}],"wp:featuredmedia":[{"embeddable":true,"href":"https:\/\/www.gaveanews.com\/index.php\/wp-json\/wp\/v2\/media\/151180"}],"wp:attachment":[{"href":"https:\/\/www.gaveanews.com\/index.php\/wp-json\/wp\/v2\/media?parent=193631"}],"wp:term":[{"taxonomy":"category","embeddable":true,"href":"https:\/\/www.gaveanews.com\/index.php\/wp-json\/wp\/v2\/categories?post=193631"},{"taxonomy":"post_tag","embeddable":true,"href":"https:\/\/www.gaveanews.com\/index.php\/wp-json\/wp\/v2\/tags?post=193631"}],"curies":[{"name":"wp","href":"https:\/\/api.w.org\/{rel}","templated":true}]}}