{"id":193685,"date":"2024-12-03T08:35:00","date_gmt":"2024-12-03T11:35:00","guid":{"rendered":"https:\/\/www.gaveanews.com\/?p=193685"},"modified":"2024-12-03T06:12:52","modified_gmt":"2024-12-03T09:12:52","slug":"impressionante-veja-os-6-carros-da-volkswagen-mais-vendidos-do-brasil-em-novembro-de-2024","status":"publish","type":"post","link":"https:\/\/www.gaveanews.com\/index.php\/2024\/12\/03\/impressionante-veja-os-6-carros-da-volkswagen-mais-vendidos-do-brasil-em-novembro-de-2024\/","title":{"rendered":"Impressionante! Veja os 6 carros da Volkswagen mais vendidos do Brasil em novembro de 2024"},"content":{"rendered":"\n<p>O mercado automotivo brasileiro segue em constante movimenta\u00e7\u00e3o, com modelos que se destacam pela combina\u00e7\u00e3o de tecnologia, desempenho e praticidade. Entre as fabricantes, a Volkswagen reafirma sua for\u00e7a com ve\u00edculos que conquistaram uma grande quantidade de consumidores ao longo do m\u00eas de novembro de 2024.<\/p>\n\n\n\n<p>Hatches, SUVs e sed\u00e3s est\u00e3o entre os destaques, atendendo a diferentes perfis de motoristas. Esses modelos se consolidaram n\u00e3o apenas pelas suas vendas, mas tamb\u00e9m por caracter\u00edsticas que garantem efici\u00eancia, conforto e versatilidade. Confira os ve\u00edculos mais vendidos da Volkswagen e entenda por que eles dominaram o mercado!<\/p>\n\n\n\n<h2 class=\"wp-block-heading\" id=\"h-volkswagen-polo\">Volkswagen Polo<\/h2>\n\n\n\n<p>Em novembro de 2024, o Volkswagen Polo consolidou sua relev\u00e2ncia no mercado brasileiro ao registrar 14.711 unidades vendidas. Posicionado entre os hatches compactos mais procurados, o modelo est\u00e1 dispon\u00edvel em vers\u00f5es como 1.0 MPI, Comfortline e Highline, oferecendo op\u00e7\u00f5es para diferentes perfis de consumidores.<\/p>\n\n\n\n<figure class=\"wp-block-embed is-type-photo is-provider-flickr wp-block-embed-flickr\"><div class=\"wp-block-embed__wrapper\">\n<a href=\"https:\/\/www.flickr.com\/photos\/201155970@N03\/54179849516\/in\/dateposted-public\/\"><img loading=\"lazy\" decoding=\"async\" src=\"https:\/\/live.staticflickr.com\/65535\/54179849516_8c24bb0eb4_z.webp\" alt=\"imagem_2024-12-02_230905011\" width=\"640\" height=\"400\" \/><\/a>\n<\/div><\/figure>\n\n\n\n<p>Equipado com duas op\u00e7\u00f5es de motoriza\u00e7\u00e3o, o Polo conta com o motor 1.0 flex aspirado de tr\u00eas cilindros, que entrega at\u00e9 84 cv de pot\u00eancia e 10,4 kgfm de torque, e o motor 1.0 turbo flex, tamb\u00e9m de tr\u00eas cilindros, capaz de gerar at\u00e9 128 cv e 20,4 kgfm de torque. Ambas as configura\u00e7\u00f5es garantem uma condu\u00e7\u00e3o \u00e1gil, tanto em \u00e1reas urbanas quanto em rodovias.<\/p>\n\n\n\n<p>O Volkswagen Polo mede cerca de 4.057 mm de comprimento, 1.751 mm de largura e 1.468 mm de altura, com um entre-eixos de 2.568 mm. Seu porta-malas tem capacidade para 300 litros, atendendo bem \u00e0s demandas do dia a dia.<\/p>\n\n\n\n<p>No consumo, o motor 1.0 aspirado apresenta m\u00e9dias de 8,8 km\/l na cidade e 10 km\/l na estrada com etanol, e 12,9 km\/l na cidade e 14,3 km\/l na estrada com gasolina. J\u00e1 o motor 1.0 turbo flex demonstra desempenho superior, com varia\u00e7\u00f5es no consumo dependendo da vers\u00e3o e das condi\u00e7\u00f5es de condu\u00e7\u00e3o.<\/p>\n\n\n\n<p>Sendo um modelo flex, o Polo permite o uso de etanol ou gasolina, garantindo flexibilidade ao motorista. Sua combina\u00e7\u00e3o de efici\u00eancia, economia e praticidade faz dele uma escolha atraente no segmento de hatches compactos.<\/p>\n\n\n\n<h2 class=\"wp-block-heading\" id=\"h-volkswagen-t-cross\">Volkswagen T-Cross<\/h2>\n\n\n\n<p>O Volkswagen T-Cross reafirmou sua import\u00e2ncia no mercado brasileiro ao registrar 9.468 unidades vendidas em novembro de 2024. Dispon\u00edvel em vers\u00f5es como 200 TSI, Comfortline e Highline, o modelo atende a diferentes perfis de consumidores. <\/p>\n\n\n\n<figure class=\"wp-block-embed is-type-photo is-provider-flickr wp-block-embed-flickr\"><div class=\"wp-block-embed__wrapper\">\n<a href=\"https:\/\/www.flickr.com\/photos\/201155970@N03\/54178964652\/in\/dateposted-public\/\"><img loading=\"lazy\" decoding=\"async\" src=\"https:\/\/live.staticflickr.com\/65535\/54178964652_39fed8d34a_z.webp\" alt=\"imagem_2024-12-02_230918710\" width=\"640\" height=\"360\" \/><\/a>\n<\/div><\/figure>\n\n\n\n<p>Equipado com o motor 1.0 TSI de tr\u00eas cilindros, o T-Cross alcan\u00e7a at\u00e9 128 cv de pot\u00eancia e 20,4 kgfm de torque quando abastecido com etanol, e 116 cv e 20,4 kgfm com gasolina. Associado \u00e0 transmiss\u00e3o autom\u00e1tica de seis marchas, o SUV oferece uma condu\u00e7\u00e3o equilibrada entre efici\u00eancia e desempenho.<\/p>\n\n\n\n<p>O modelo mede aproximadamente 4.199 mm de comprimento, 1.760 mm de largura e 1.568 mm de altura, com um entre-eixos de 2.651 mm. O porta-malas possui capacidade vari\u00e1vel entre 373 e 420 litros, dependendo da posi\u00e7\u00e3o dos bancos traseiros.<\/p>\n\n\n\n<p>No consumo, o motor 1.0 TSI apresenta m\u00e9dias de 8,2 km\/l na cidade e 10,1 km\/l na estrada com etanol, enquanto com gasolina os n\u00fameros chegam a 11,9 km\/l na cidade e 14,3 km\/l na estrada. Assim como o Polo, o T-Cross \u00e9 flex, permitindo o uso de etanol ou gasolina. Combinando design moderno, tecnologia e versatilidade, o T-Cross mant\u00e9m sua atratividade no segmento de SUVs compactos.<\/p>\n\n\n\n<h2 class=\"wp-block-heading\" id=\"h-volkswagen-saveiro\">Volkswagen Saveiro<\/h2>\n\n\n\n<p>Com 6.076 unidades vendidas em novembro de 2024, a Volkswagen Saveiro refor\u00e7ou sua presen\u00e7a no mercado de picapes compactas. Dispon\u00edvel nas vers\u00f5es Robust, Trendline e Cross, o modelo atende tanto a necessidades comerciais quanto pessoais.<\/p>\n\n\n\n<figure class=\"wp-block-embed is-type-photo is-provider-flickr wp-block-embed-flickr\"><div class=\"wp-block-embed__wrapper\">\n<a href=\"https:\/\/www.flickr.com\/photos\/201155970@N03\/54180121463\/in\/dateposted-public\/\"><img loading=\"lazy\" decoding=\"async\" src=\"https:\/\/live.staticflickr.com\/65535\/54180121463_417127aa7d_z.webp\" alt=\"imagem_2024-12-02_230929378\" width=\"640\" height=\"372\" \/><\/a>\n<\/div><\/figure>\n\n\n\n<p>A Saveiro \u00e9 equipada com o motor 1.6 MSI, que entrega at\u00e9 110 cv de pot\u00eancia e 15,8 kgfm de torque com etanol, e 104 cv e 15,6 kgfm com gasolina. Essa motoriza\u00e7\u00e3o garante robustez para o transporte de cargas leves e uso di\u00e1rio.<\/p>\n\n\n\n<p>O modelo apresenta dimens\u00f5es de 4.493 mm de comprimento, 1.720 mm de largura e 1.464 mm de altura, com entre-eixos de 2.753 mm. A capacidade de carga, vari\u00e1vel conforme a vers\u00e3o, suporta at\u00e9 715 kg, sendo ideal para pequenas empresas e profissionais aut\u00f4nomos.<\/p>\n\n\n\n<p>No consumo, as m\u00e9dias dependem das condi\u00e7\u00f5es de uso e do tipo de combust\u00edvel. Sendo um ve\u00edculo flex, a Saveiro aceita etanol e gasolina, oferecendo maior praticidade aos propriet\u00e1rios. Sua combina\u00e7\u00e3o de confiabilidade, versatilidade e custo-benef\u00edcio faz da Saveiro uma escolha popular no segmento de picapes compactas.<\/p>\n\n\n\n<h2 class=\"wp-block-heading\" id=\"h-volkswagen-nivus\">Volkswagen Nivus<\/h2>\n\n\n\n<p>Com 5.293 unidades vendidas em novembro de 2024, o Volkswagen Nivus reafirmou sua import\u00e2ncia entre os SUVs compactos no Brasil. Dispon\u00edvel nas vers\u00f5es Comfortline e Highline.<\/p>\n\n\n\n<figure class=\"wp-block-embed is-type-photo is-provider-flickr wp-block-embed-flickr\"><div class=\"wp-block-embed__wrapper\">\nhttps:\/\/www.flickr.com\/photos\/201155970@N03\/54178966447\/in\/dateposted-public\/\n<\/div><\/figure>\n\n\n\n<p>Equipado com o motor 1.0 TSI de tr\u00eas cilindros, o Nivus entrega at\u00e9 128 cv de pot\u00eancia e 20,4 kgfm de torque com etanol, e 116 cv com gasolina. Aliado \u00e0 transmiss\u00e3o autom\u00e1tica de seis marchas, o conjunto oferece agilidade e efici\u00eancia para diferentes condi\u00e7\u00f5es de uso.<\/p>\n\n\n\n<p>O modelo mede 4.266 mm de comprimento, 1.757 mm de largura e 1.493 mm de altura, com um entre-eixos de 2.566 mm. Seu porta-malas tem capacidade para 415 litros, atendendo bem \u00e0s necessidades do dia a dia e uso familiar.<\/p>\n\n\n\n<p>No consumo, o Nivus registra m\u00e9dias de 8,3 km\/l na cidade e 9,9 km\/l na estrada com etanol, e 11,9 km\/l na cidade e 14,1 km\/l na estrada com gasolina. Flex, ele permite o uso de ambos os combust\u00edveis, garantindo versatilidade ao motorista. Combinando design moderno, desempenho eficiente e recursos tecnol\u00f3gicos avan\u00e7ados, o Volkswagen Nivus continua a atrair consumidores em busca de um SUV compacto.<\/p>\n\n\n\n<h2 class=\"wp-block-heading\" id=\"h-volkswagen-virtus\">Volkswagen Virtus<\/h2>\n\n\n\n<p>Em novembro de 2024, o Volkswagen Virtus alcan\u00e7ou 2.764 unidades vendidas, refor\u00e7ando sua posi\u00e7\u00e3o no segmento de sed\u00e3s compactos no Brasil. Dispon\u00edvel em vers\u00f5es como 170 TSI, Comfortline 200 TSI, Highline 200 TSI e a topo de linha Exclusive 250 TSI, o modelo oferece uma ampla gama de op\u00e7\u00f5es para atender diferentes perfis de consumidores.<\/p>\n\n\n\n<figure class=\"wp-block-embed is-type-photo is-provider-flickr wp-block-embed-flickr\"><div class=\"wp-block-embed__wrapper\">\n<a href=\"https:\/\/www.flickr.com\/photos\/201155970@N03\/54180147809\/in\/dateposted-public\/\"><img loading=\"lazy\" decoding=\"async\" src=\"https:\/\/live.staticflickr.com\/65535\/54180147809_cd813cb77c_z.webp\" alt=\"imagem_2024-12-02_231040929\" width=\"640\" height=\"360\" \/><\/a>\n<\/div><\/figure>\n\n\n\n<p>As op\u00e7\u00f5es de motoriza\u00e7\u00e3o incluem o motor 1.0 turbo de tr\u00eas cilindros, com at\u00e9 128 cv de pot\u00eancia e 20,4 kgfm de torque, e o motor 1.4 turbo de quatro cilindros, que entrega 150 cv e 25,5 kgfm de torque. Ambas as configura\u00e7\u00f5es garantem um desempenho equilibrado entre economia e pot\u00eancia.<\/p>\n\n\n\n<p>O Virtus possui 4.482 mm de comprimento, 1.751 mm de largura e 1.472 mm de altura, com entre-eixos de 2.651 mm. Seu porta-malas, com capacidade de 521 litros, destaca-se na categoria.<\/p>\n\n\n\n<p>O consumo do sed\u00e3 varia conforme a motoriza\u00e7\u00e3o e as condi\u00e7\u00f5es de uso, sendo competitivo em sua classe. Flex, o Virtus permite o uso de etanol ou gasolina, garantindo flexibilidade para o motorista. Com um design refinado e uma lista abrangente de equipamentos, ele mant\u00e9m sua atratividade entre os sed\u00e3s compactos no mercado brasileiro.<\/p>\n\n\n\n<h2 class=\"wp-block-heading\" id=\"h-volkswagen-taos\">Volkswagen Taos<\/h2>\n\n\n\n<p>O Volkswagen Taos consolidou sua posi\u00e7\u00e3o no segmento de SUVs m\u00e9dios ao alcan\u00e7ar 1.808 unidades vendidas em novembro de 2024. Dispon\u00edvel nas vers\u00f5es Comfortline e Highline, o modelo combina tecnologia avan\u00e7ada, conforto e desempenho.<\/p>\n\n\n\n<figure class=\"wp-block-embed is-type-photo is-provider-flickr wp-block-embed-flickr\"><div class=\"wp-block-embed__wrapper\">\n<a href=\"https:\/\/www.flickr.com\/photos\/201155970@N03\/54178967962\/in\/dateposted-public\/\"><img loading=\"lazy\" decoding=\"async\" src=\"https:\/\/live.staticflickr.com\/65535\/54178967962_8e78a321bd_z.webp\" alt=\"imagem_2024-12-02_231118537\" width=\"640\" height=\"360\" \/><\/a>\n<\/div><\/figure>\n\n\n\n<p>Equipado com o motor 1.4 TSI de quatro cilindros, o Taos oferece at\u00e9 150 cv de pot\u00eancia e 25,5 kgfm de torque. A transmiss\u00e3o autom\u00e1tica de seis marchas complementa o conjunto mec\u00e2nico, garantindo trocas suaves e precisas, al\u00e9m de um desempenho robusto.<\/p>\n\n\n\n<p>O modelo possui 4.461 mm de comprimento, 1.841 mm de largura e 1.635 mm de altura, com um entre-eixos de 2.680 mm. Seu porta-malas comporta 498 litros, sendo ideal para fam\u00edlias e viagens.<\/p>\n\n\n\n<p>O consumo do Taos varia conforme as condi\u00e7\u00f5es de uso e o tipo de combust\u00edvel, posicionando-se bem no segmento de SUVs m\u00e9dios. Flex, ele aceita etanol e gasolina, proporcionando praticidade ao motorista. Com seu design imponente e ampla gama de recursos tecnol\u00f3gicos, o Volkswagen Taos continua a atrair consumidores que priorizam conforto e desempenho.<\/p>\n\n\n\n<p><\/p>\n","protected":false},"excerpt":{"rendered":"<p>O mercado automotivo brasileiro segue em constante movimenta\u00e7\u00e3o, com modelos que se destacam pela combina\u00e7\u00e3o de tecnologia, desempenho e praticidade. Entre as fabricantes, a Volkswagen reafirma sua for\u00e7a com ve\u00edculos que conquistaram uma grande quantidade de consumidores ao longo do m\u00eas de novembro de 2024. Hatches, SUVs e sed\u00e3s est\u00e3o entre os destaques, atendendo a [&hellip;]<\/p>\n","protected":false},"author":15,"featured_media":117935,"comment_status":"open","ping_status":"closed","sticky":false,"template":"","format":"standard","meta":{"footnotes":""},"categories":[111],"tags":[],"class_list":["post-193685","post","type-post","status-publish","format-standard","has-post-thumbnail","hentry","category-volkswagen"],"yoast_head":"<!-- This site is optimized with the Yoast SEO Premium plugin v24.2 (Yoast SEO v26.9) - https:\/\/yoast.com\/product\/yoast-seo-premium-wordpress\/ -->\n<title>Impressionante! Veja os 6 carros da Volkswagen mais vendidos do Brasil em novembro de 2024<\/title>\n<meta name=\"robots\" content=\"index, follow, max-snippet:-1, max-image-preview:large, max-video-preview:-1\" \/>\n<link rel=\"canonical\" href=\"https:\/\/www.gaveanews.com\/index.php\/2024\/12\/03\/impressionante-veja-os-6-carros-da-volkswagen-mais-vendidos-do-brasil-em-novembro-de-2024\/\" \/>\n<meta property=\"og:locale\" content=\"pt_BR\" \/>\n<meta property=\"og:type\" content=\"article\" \/>\n<meta property=\"og:title\" content=\"Impressionante! Veja os 6 carros da Volkswagen mais vendidos do Brasil em novembro de 2024\" \/>\n<meta property=\"og:description\" content=\"O mercado automotivo brasileiro segue em constante movimenta\u00e7\u00e3o, com modelos que se destacam pela combina\u00e7\u00e3o de tecnologia, desempenho e praticidade. Entre as fabricantes, a Volkswagen reafirma sua for\u00e7a com ve\u00edculos que conquistaram uma grande quantidade de consumidores ao longo do m\u00eas de novembro de 2024. Hatches, SUVs e sed\u00e3s est\u00e3o entre os destaques, atendendo a [&hellip;]\" \/>\n<meta property=\"og:url\" content=\"https:\/\/www.gaveanews.com\/index.php\/2024\/12\/03\/impressionante-veja-os-6-carros-da-volkswagen-mais-vendidos-do-brasil-em-novembro-de-2024\/\" \/>\n<meta property=\"og:site_name\" content=\"G\u00e1vea News\" \/>\n<meta property=\"article:publisher\" content=\"https:\/\/facebook.com\/gaveaNews\/\" \/>\n<meta property=\"article:published_time\" content=\"2024-12-03T11:35:00+00:00\" \/>\n<meta property=\"og:image\" content=\"https:\/\/www.gaveanews.com\/wp-content\/uploads\/Volkswagen.webp\" \/>\n\t<meta property=\"og:image:width\" content=\"1400\" \/>\n\t<meta property=\"og:image:height\" content=\"788\" \/>\n\t<meta property=\"og:image:type\" content=\"image\/jpeg\" \/>\n<meta name=\"author\" content=\"Henrique Machado\" \/>\n<meta name=\"twitter:card\" content=\"summary_large_image\" \/>\n<meta name=\"twitter:label1\" content=\"Escrito por\" \/>\n\t<meta name=\"twitter:data1\" content=\"Henrique Machado\" \/>\n\t<meta name=\"twitter:label2\" content=\"Est. tempo de leitura\" \/>\n\t<meta name=\"twitter:data2\" content=\"8 minutos\" \/>\n<script type=\"application\/ld+json\" class=\"yoast-schema-graph\">{\"@context\":\"https:\/\/schema.org\",\"@graph\":[{\"@type\":\"NewsArticle\",\"@id\":\"https:\/\/www.gaveanews.com\/index.php\/2024\/12\/03\/impressionante-veja-os-6-carros-da-volkswagen-mais-vendidos-do-brasil-em-novembro-de-2024\/#article\",\"isPartOf\":{\"@id\":\"https:\/\/www.gaveanews.com\/index.php\/2024\/12\/03\/impressionante-veja-os-6-carros-da-volkswagen-mais-vendidos-do-brasil-em-novembro-de-2024\/\"},\"author\":{\"name\":\"Henrique Machado\",\"@id\":\"https:\/\/www.gaveanews.com\/#\/schema\/person\/fd07635ec039ec3ba74ad18ec8a6dbd6\"},\"headline\":\"Impressionante! Veja os 6 carros da Volkswagen mais vendidos do Brasil em novembro de 2024\",\"datePublished\":\"2024-12-03T11:35:00+00:00\",\"mainEntityOfPage\":{\"@id\":\"https:\/\/www.gaveanews.com\/index.php\/2024\/12\/03\/impressionante-veja-os-6-carros-da-volkswagen-mais-vendidos-do-brasil-em-novembro-de-2024\/\"},\"wordCount\":1319,\"commentCount\":0,\"image\":{\"@id\":\"https:\/\/www.gaveanews.com\/index.php\/2024\/12\/03\/impressionante-veja-os-6-carros-da-volkswagen-mais-vendidos-do-brasil-em-novembro-de-2024\/#primaryimage\"},\"thumbnailUrl\":\"https:\/\/www.gaveanews.com\/wp-content\/uploads\/Volkswagen.webp\",\"articleSection\":[\"Volkswagen\"],\"inLanguage\":\"pt-BR\",\"potentialAction\":[{\"@type\":\"CommentAction\",\"name\":\"Comment\",\"target\":[\"https:\/\/www.gaveanews.com\/index.php\/2024\/12\/03\/impressionante-veja-os-6-carros-da-volkswagen-mais-vendidos-do-brasil-em-novembro-de-2024\/#respond\"]}],\"copyrightYear\":\"2024\",\"copyrightHolder\":{\"@id\":\"https:\/\/www.gaveanews.com\/#organization\"}},{\"@type\":\"WebPage\",\"@id\":\"https:\/\/www.gaveanews.com\/index.php\/2024\/12\/03\/impressionante-veja-os-6-carros-da-volkswagen-mais-vendidos-do-brasil-em-novembro-de-2024\/\",\"url\":\"https:\/\/www.gaveanews.com\/index.php\/2024\/12\/03\/impressionante-veja-os-6-carros-da-volkswagen-mais-vendidos-do-brasil-em-novembro-de-2024\/\",\"name\":\"Impressionante! Veja os 6 carros da Volkswagen mais vendidos do Brasil em novembro de 2024\",\"isPartOf\":{\"@id\":\"https:\/\/www.gaveanews.com\/#website\"},\"primaryImageOfPage\":{\"@id\":\"https:\/\/www.gaveanews.com\/index.php\/2024\/12\/03\/impressionante-veja-os-6-carros-da-volkswagen-mais-vendidos-do-brasil-em-novembro-de-2024\/#primaryimage\"},\"image\":{\"@id\":\"https:\/\/www.gaveanews.com\/index.php\/2024\/12\/03\/impressionante-veja-os-6-carros-da-volkswagen-mais-vendidos-do-brasil-em-novembro-de-2024\/#primaryimage\"},\"thumbnailUrl\":\"https:\/\/www.gaveanews.com\/wp-content\/uploads\/Volkswagen.webp\",\"datePublished\":\"2024-12-03T11:35:00+00:00\",\"author\":{\"@id\":\"https:\/\/www.gaveanews.com\/#\/schema\/person\/fd07635ec039ec3ba74ad18ec8a6dbd6\"},\"breadcrumb\":{\"@id\":\"https:\/\/www.gaveanews.com\/index.php\/2024\/12\/03\/impressionante-veja-os-6-carros-da-volkswagen-mais-vendidos-do-brasil-em-novembro-de-2024\/#breadcrumb\"},\"inLanguage\":\"pt-BR\",\"potentialAction\":[{\"@type\":\"ReadAction\",\"target\":[\"https:\/\/www.gaveanews.com\/index.php\/2024\/12\/03\/impressionante-veja-os-6-carros-da-volkswagen-mais-vendidos-do-brasil-em-novembro-de-2024\/\"]}]},{\"@type\":\"ImageObject\",\"inLanguage\":\"pt-BR\",\"@id\":\"https:\/\/www.gaveanews.com\/index.php\/2024\/12\/03\/impressionante-veja-os-6-carros-da-volkswagen-mais-vendidos-do-brasil-em-novembro-de-2024\/#primaryimage\",\"url\":\"https:\/\/www.gaveanews.com\/wp-content\/uploads\/Volkswagen.webp\",\"contentUrl\":\"https:\/\/www.gaveanews.com\/wp-content\/uploads\/Volkswagen.webp\",\"width\":1400,\"height\":788,\"caption\":\"Logomarca da Volkswagen (Foto: Reprodu\u00e7\u00e3o)\"},{\"@type\":\"BreadcrumbList\",\"@id\":\"https:\/\/www.gaveanews.com\/index.php\/2024\/12\/03\/impressionante-veja-os-6-carros-da-volkswagen-mais-vendidos-do-brasil-em-novembro-de-2024\/#breadcrumb\",\"itemListElement\":[{\"@type\":\"ListItem\",\"position\":1,\"name\":\"Home\",\"item\":\"https:\/\/www.gaveanews.com\/\"},{\"@type\":\"ListItem\",\"position\":2,\"name\":\"Impressionante! Veja os 6 carros da Volkswagen mais vendidos do Brasil em novembro de 2024\"}]},{\"@type\":\"WebSite\",\"@id\":\"https:\/\/www.gaveanews.com\/#website\",\"url\":\"https:\/\/www.gaveanews.com\/\",\"name\":\"G\u00e1vea News\",\"description\":\"Veja todas as not\u00edcias sobre o Flamengo: Contrata\u00e7\u00f5es, categorias de base, resultados das partidas, tabela de classifica\u00e7\u00e3o, pr\u00f3ximos jogos!\",\"potentialAction\":[{\"@type\":\"SearchAction\",\"target\":{\"@type\":\"EntryPoint\",\"urlTemplate\":\"https:\/\/www.gaveanews.com\/?s={search_term_string}\"},\"query-input\":{\"@type\":\"PropertyValueSpecification\",\"valueRequired\":true,\"valueName\":\"search_term_string\"}}],\"inLanguage\":\"pt-BR\"},{\"@type\":\"Person\",\"@id\":\"https:\/\/www.gaveanews.com\/#\/schema\/person\/fd07635ec039ec3ba74ad18ec8a6dbd6\",\"name\":\"Henrique Machado\",\"image\":{\"@type\":\"ImageObject\",\"inLanguage\":\"pt-BR\",\"@id\":\"https:\/\/www.gaveanews.com\/#\/schema\/person\/image\/\",\"url\":\"https:\/\/secure.gravatar.com\/avatar\/b95e35997e01d9800c1b6184bd79d4d898d370a3fce2584f5c77b907d5c7d9e9?s=96&d=mm&r=g\",\"contentUrl\":\"https:\/\/secure.gravatar.com\/avatar\/b95e35997e01d9800c1b6184bd79d4d898d370a3fce2584f5c77b907d5c7d9e9?s=96&d=mm&r=g\",\"caption\":\"Henrique Machado\"}}]}<\/script>\n<!-- \/ Yoast SEO Premium plugin. -->","yoast_head_json":{"title":"Impressionante! Veja os 6 carros da Volkswagen mais vendidos do Brasil em novembro de 2024","robots":{"index":"index","follow":"follow","max-snippet":"max-snippet:-1","max-image-preview":"max-image-preview:large","max-video-preview":"max-video-preview:-1"},"canonical":"https:\/\/www.gaveanews.com\/index.php\/2024\/12\/03\/impressionante-veja-os-6-carros-da-volkswagen-mais-vendidos-do-brasil-em-novembro-de-2024\/","og_locale":"pt_BR","og_type":"article","og_title":"Impressionante! Veja os 6 carros da Volkswagen mais vendidos do Brasil em novembro de 2024","og_description":"O mercado automotivo brasileiro segue em constante movimenta\u00e7\u00e3o, com modelos que se destacam pela combina\u00e7\u00e3o de tecnologia, desempenho e praticidade. Entre as fabricantes, a Volkswagen reafirma sua for\u00e7a com ve\u00edculos que conquistaram uma grande quantidade de consumidores ao longo do m\u00eas de novembro de 2024. Hatches, SUVs e sed\u00e3s est\u00e3o entre os destaques, atendendo a [&hellip;]","og_url":"https:\/\/www.gaveanews.com\/index.php\/2024\/12\/03\/impressionante-veja-os-6-carros-da-volkswagen-mais-vendidos-do-brasil-em-novembro-de-2024\/","og_site_name":"G\u00e1vea News","article_publisher":"https:\/\/facebook.com\/gaveaNews\/","article_published_time":"2024-12-03T11:35:00+00:00","og_image":[{"width":1400,"height":788,"url":"https:\/\/www.gaveanews.com\/wp-content\/uploads\/Volkswagen.webp","type":"image\/jpeg"}],"author":"Henrique Machado","twitter_card":"summary_large_image","twitter_misc":{"Escrito por":"Henrique Machado","Est. tempo de leitura":"8 minutos"},"schema":{"@context":"https:\/\/schema.org","@graph":[{"@type":"NewsArticle","@id":"https:\/\/www.gaveanews.com\/index.php\/2024\/12\/03\/impressionante-veja-os-6-carros-da-volkswagen-mais-vendidos-do-brasil-em-novembro-de-2024\/#article","isPartOf":{"@id":"https:\/\/www.gaveanews.com\/index.php\/2024\/12\/03\/impressionante-veja-os-6-carros-da-volkswagen-mais-vendidos-do-brasil-em-novembro-de-2024\/"},"author":{"name":"Henrique Machado","@id":"https:\/\/www.gaveanews.com\/#\/schema\/person\/fd07635ec039ec3ba74ad18ec8a6dbd6"},"headline":"Impressionante! Veja os 6 carros da Volkswagen mais vendidos do Brasil em novembro de 2024","datePublished":"2024-12-03T11:35:00+00:00","mainEntityOfPage":{"@id":"https:\/\/www.gaveanews.com\/index.php\/2024\/12\/03\/impressionante-veja-os-6-carros-da-volkswagen-mais-vendidos-do-brasil-em-novembro-de-2024\/"},"wordCount":1319,"commentCount":0,"image":{"@id":"https:\/\/www.gaveanews.com\/index.php\/2024\/12\/03\/impressionante-veja-os-6-carros-da-volkswagen-mais-vendidos-do-brasil-em-novembro-de-2024\/#primaryimage"},"thumbnailUrl":"https:\/\/www.gaveanews.com\/wp-content\/uploads\/Volkswagen.webp","articleSection":["Volkswagen"],"inLanguage":"pt-BR","potentialAction":[{"@type":"CommentAction","name":"Comment","target":["https:\/\/www.gaveanews.com\/index.php\/2024\/12\/03\/impressionante-veja-os-6-carros-da-volkswagen-mais-vendidos-do-brasil-em-novembro-de-2024\/#respond"]}],"copyrightYear":"2024","copyrightHolder":{"@id":"https:\/\/www.gaveanews.com\/#organization"}},{"@type":"WebPage","@id":"https:\/\/www.gaveanews.com\/index.php\/2024\/12\/03\/impressionante-veja-os-6-carros-da-volkswagen-mais-vendidos-do-brasil-em-novembro-de-2024\/","url":"https:\/\/www.gaveanews.com\/index.php\/2024\/12\/03\/impressionante-veja-os-6-carros-da-volkswagen-mais-vendidos-do-brasil-em-novembro-de-2024\/","name":"Impressionante! Veja os 6 carros da Volkswagen mais vendidos do Brasil em novembro de 2024","isPartOf":{"@id":"https:\/\/www.gaveanews.com\/#website"},"primaryImageOfPage":{"@id":"https:\/\/www.gaveanews.com\/index.php\/2024\/12\/03\/impressionante-veja-os-6-carros-da-volkswagen-mais-vendidos-do-brasil-em-novembro-de-2024\/#primaryimage"},"image":{"@id":"https:\/\/www.gaveanews.com\/index.php\/2024\/12\/03\/impressionante-veja-os-6-carros-da-volkswagen-mais-vendidos-do-brasil-em-novembro-de-2024\/#primaryimage"},"thumbnailUrl":"https:\/\/www.gaveanews.com\/wp-content\/uploads\/Volkswagen.webp","datePublished":"2024-12-03T11:35:00+00:00","author":{"@id":"https:\/\/www.gaveanews.com\/#\/schema\/person\/fd07635ec039ec3ba74ad18ec8a6dbd6"},"breadcrumb":{"@id":"https:\/\/www.gaveanews.com\/index.php\/2024\/12\/03\/impressionante-veja-os-6-carros-da-volkswagen-mais-vendidos-do-brasil-em-novembro-de-2024\/#breadcrumb"},"inLanguage":"pt-BR","potentialAction":[{"@type":"ReadAction","target":["https:\/\/www.gaveanews.com\/index.php\/2024\/12\/03\/impressionante-veja-os-6-carros-da-volkswagen-mais-vendidos-do-brasil-em-novembro-de-2024\/"]}]},{"@type":"ImageObject","inLanguage":"pt-BR","@id":"https:\/\/www.gaveanews.com\/index.php\/2024\/12\/03\/impressionante-veja-os-6-carros-da-volkswagen-mais-vendidos-do-brasil-em-novembro-de-2024\/#primaryimage","url":"https:\/\/www.gaveanews.com\/wp-content\/uploads\/Volkswagen.webp","contentUrl":"https:\/\/www.gaveanews.com\/wp-content\/uploads\/Volkswagen.webp","width":1400,"height":788,"caption":"Logomarca da Volkswagen (Foto: Reprodu\u00e7\u00e3o)"},{"@type":"BreadcrumbList","@id":"https:\/\/www.gaveanews.com\/index.php\/2024\/12\/03\/impressionante-veja-os-6-carros-da-volkswagen-mais-vendidos-do-brasil-em-novembro-de-2024\/#breadcrumb","itemListElement":[{"@type":"ListItem","position":1,"name":"Home","item":"https:\/\/www.gaveanews.com\/"},{"@type":"ListItem","position":2,"name":"Impressionante! Veja os 6 carros da Volkswagen mais vendidos do Brasil em novembro de 2024"}]},{"@type":"WebSite","@id":"https:\/\/www.gaveanews.com\/#website","url":"https:\/\/www.gaveanews.com\/","name":"G\u00e1vea News","description":"Veja todas as not\u00edcias sobre o Flamengo: Contrata\u00e7\u00f5es, categorias de base, resultados das partidas, tabela de classifica\u00e7\u00e3o, pr\u00f3ximos jogos!","potentialAction":[{"@type":"SearchAction","target":{"@type":"EntryPoint","urlTemplate":"https:\/\/www.gaveanews.com\/?s={search_term_string}"},"query-input":{"@type":"PropertyValueSpecification","valueRequired":true,"valueName":"search_term_string"}}],"inLanguage":"pt-BR"},{"@type":"Person","@id":"https:\/\/www.gaveanews.com\/#\/schema\/person\/fd07635ec039ec3ba74ad18ec8a6dbd6","name":"Henrique Machado","image":{"@type":"ImageObject","inLanguage":"pt-BR","@id":"https:\/\/www.gaveanews.com\/#\/schema\/person\/image\/","url":"https:\/\/secure.gravatar.com\/avatar\/b95e35997e01d9800c1b6184bd79d4d898d370a3fce2584f5c77b907d5c7d9e9?s=96&d=mm&r=g","contentUrl":"https:\/\/secure.gravatar.com\/avatar\/b95e35997e01d9800c1b6184bd79d4d898d370a3fce2584f5c77b907d5c7d9e9?s=96&d=mm&r=g","caption":"Henrique Machado"}}]}},"_links":{"self":[{"href":"https:\/\/www.gaveanews.com\/index.php\/wp-json\/wp\/v2\/posts\/193685","targetHints":{"allow":["GET"]}}],"collection":[{"href":"https:\/\/www.gaveanews.com\/index.php\/wp-json\/wp\/v2\/posts"}],"about":[{"href":"https:\/\/www.gaveanews.com\/index.php\/wp-json\/wp\/v2\/types\/post"}],"author":[{"embeddable":true,"href":"https:\/\/www.gaveanews.com\/index.php\/wp-json\/wp\/v2\/users\/15"}],"replies":[{"embeddable":true,"href":"https:\/\/www.gaveanews.com\/index.php\/wp-json\/wp\/v2\/comments?post=193685"}],"version-history":[{"count":2,"href":"https:\/\/www.gaveanews.com\/index.php\/wp-json\/wp\/v2\/posts\/193685\/revisions"}],"predecessor-version":[{"id":193690,"href":"https:\/\/www.gaveanews.com\/index.php\/wp-json\/wp\/v2\/posts\/193685\/revisions\/193690"}],"wp:featuredmedia":[{"embeddable":true,"href":"https:\/\/www.gaveanews.com\/index.php\/wp-json\/wp\/v2\/media\/117935"}],"wp:attachment":[{"href":"https:\/\/www.gaveanews.com\/index.php\/wp-json\/wp\/v2\/media?parent=193685"}],"wp:term":[{"taxonomy":"category","embeddable":true,"href":"https:\/\/www.gaveanews.com\/index.php\/wp-json\/wp\/v2\/categories?post=193685"},{"taxonomy":"post_tag","embeddable":true,"href":"https:\/\/www.gaveanews.com\/index.php\/wp-json\/wp\/v2\/tags?post=193685"}],"curies":[{"name":"wp","href":"https:\/\/api.w.org\/{rel}","templated":true}]}}