{"id":193807,"date":"2024-12-03T07:40:00","date_gmt":"2024-12-03T10:40:00","guid":{"rendered":"https:\/\/www.gaveanews.com\/?p=193807"},"modified":"2024-12-03T04:14:47","modified_gmt":"2024-12-03T07:14:47","slug":"mira-de-rival-declaracao-de-matheus-pereira-e-atitude-importante-as-ultimas-noticias-do-cruzeiro","status":"publish","type":"post","link":"https:\/\/www.gaveanews.com\/index.php\/2024\/12\/03\/mira-de-rival-declaracao-de-matheus-pereira-e-atitude-importante-as-ultimas-noticias-do-cruzeiro\/","title":{"rendered":"Mira de rival, declara\u00e7\u00e3o de Matheus Pereira e atitude importante: as \u00faltimas not\u00edcias do Cruzeiro"},"content":{"rendered":"\n<p>Nas \u00faltimas horas, o foco das not\u00edcias sobre o Cruzeiro se concentram nos bastidores do clube, com destaques como a declara\u00e7\u00e3o de Matheus Pereira e atitude importante.<\/p>\n\n\n\n<p>Por conta deste contexto, leia abaixo um resumo preparado pela equipe do portal G\u00e1vea News para lhe manter muito bem informado!<\/p>\n\n\n\n<h2 class=\"wp-block-heading\" id=\"h-atitude-importante\">Atitude importante<\/h2>\n\n\n\n<p>O Cruzeiro oficializou uma reclama\u00e7\u00e3o contra o \u00e1rbitro Raphael Claus e a equipe do VAR ap\u00f3s o empate contra o Gr\u00eamio pela 35\u00aa rodada do Brasileir\u00e3o. O clube contestou a n\u00e3o expuls\u00e3o de Rodrigo Caio, que, aos 4 minutos do segundo tempo, puxou Gabriel Ver\u00f3n pr\u00f3ximo \u00e0 \u00e1rea em uma jogada que, segundo o Cruzeiro, configurava uma clara oportunidade de gol. A diretoria argumenta que o defensor deveria ter recebido o cart\u00e3o vermelho, o que poderia ter mudado os rumos da partida<strong><a href=\"https:\/\/www.gaveanews.com\/index.php\/2024\/11\/29\/cruzeiro-toma-atitude-importante-nos-bastidores\/\"> (leia a mat\u00e9ria completa).<\/a><\/strong><\/p>\n\n\n\n<figure class=\"wp-block-image size-full\"><img loading=\"lazy\" decoding=\"async\" width=\"795\" height=\"448\" src=\"https:\/\/www.gaveanews.com\/wp-content\/uploads\/Raphael-Claus.webp\" alt=\"\" class=\"wp-image-140116\" srcset=\"https:\/\/www.gaveanews.com\/wp-content\/uploads\/Raphael-Claus.webp 795w, https:\/\/www.gaveanews.com\/wp-content\/uploads\/Raphael-Claus-300x169.webp 300w, https:\/\/www.gaveanews.com\/wp-content\/uploads\/Raphael-Claus-768x433.webp 768w, https:\/\/www.gaveanews.com\/wp-content\/uploads\/Raphael-Claus-745x420.webp 745w, https:\/\/www.gaveanews.com\/wp-content\/uploads\/Raphael-Claus-640x361.webp 640w, https:\/\/www.gaveanews.com\/wp-content\/uploads\/Raphael-Claus-681x384.webp 681w, https:\/\/www.gaveanews.com\/wp-content\/uploads\/Raphael-Claus-100x56.webp 100w\" sizes=\"auto, (max-width: 795px) 100vw, 795px\" \/><figcaption class=\"wp-element-caption\">Raphael Claus (Foto: Cesar Greco\/Palmeiras)<\/figcaption><\/figure>\n\n\n\n<p>Em nota, o Cruzeiro informou que formalizou a queixa \u00e0 Comiss\u00e3o de Arbitragem da CBF, classificando o erro como evidente e solicitando uma avalia\u00e7\u00e3o do lance. A insatisfa\u00e7\u00e3o ocorre em meio a um momento delicado para o clube, que, sob o comando de Fernando Diniz, venceu apenas duas das \u00faltimas 12 partidas. <\/p>\n\n\n\n<p>A sequ\u00eancia negativa tem irritado a torcida, que pede mudan\u00e7as na comiss\u00e3o t\u00e9cnica. Apesar disso, o Cruzeiro segue na briga por uma vaga na Pr\u00e9-Libertadores, mas precisa melhorar os resultados para n\u00e3o perder a posi\u00e7\u00e3o para Corinthians ou Bahia.<\/p>\n\n\n\n<p>A pr\u00f3xima partida do Cruzeiro ser\u00e1 contra o Red Bull Bragantino neste domingo (1\u00ba), \u00e0s 18h30, no Nabi Abi Chedid, em Bragan\u00e7a Paulista, v\u00e1lida pela 36\u00aa rodada do Campeonato Brasileiro. O confronto \u00e9 decisivo para manter as chances de classifica\u00e7\u00e3o \u00e0 competi\u00e7\u00e3o continental e aliviar a press\u00e3o sobre o t\u00e9cnico e o elenco. A torcida acompanha atenta, aguardando uma resposta em campo ap\u00f3s o epis\u00f3dio de pol\u00eamica com a arbitragem.<\/p>\n\n\n\n<h2 class=\"wp-block-heading\" id=\"h-declaracao-de-matheus-pereira\">Declara\u00e7\u00e3o de Matheus Pereira<\/h2>\n\n\n\n<p>Ap\u00f3s a perda da final da Copa Sul-Americana para o Racing e o empate contra o Gr\u00eamio na 35\u00aa rodada do Brasileir\u00e3o, Matheus Pereira analisou a temporada do Cruzeiro e refletiu sobre o desempenho da equipe. O meio-campista destacou a evolu\u00e7\u00e3o do time em rela\u00e7\u00e3o ao ano passado, quando lutava contra o rebaixamento, e apontou o vice-campeonato internacional como um progresso significativo. Ele tamb\u00e9m dividiu a responsabilidade pela queda de rendimento no segundo turno com o elenco, ressaltando que as vit\u00f3rias no in\u00edcio da competi\u00e7\u00e3o mascararam algumas defici\u00eancias da equipe <strong><a href=\"https:\/\/www.gaveanews.com\/index.php\/2024\/11\/29\/a-declaracao-de-matheus-pereira-sobre-a-atual-fase-do-cruzeiro\/\">(leia a mat\u00e9ria completa).<\/a><\/strong><\/p>\n\n\n\n<figure class=\"wp-block-image size-large\"><img loading=\"lazy\" decoding=\"async\" width=\"819\" height=\"1024\" src=\"https:\/\/www.gaveanews.com\/wp-content\/uploads\/Matheus-Pereira-em-acao-pelo-Cruzeiro-819x1024.webp\" alt=\"\" class=\"wp-image-158265\" srcset=\"https:\/\/www.gaveanews.com\/wp-content\/uploads\/Matheus-Pereira-em-acao-pelo-Cruzeiro-819x1024.webp 819w, https:\/\/www.gaveanews.com\/wp-content\/uploads\/Matheus-Pereira-em-acao-pelo-Cruzeiro-240x300.webp 240w, https:\/\/www.gaveanews.com\/wp-content\/uploads\/Matheus-Pereira-em-acao-pelo-Cruzeiro-768x960.webp 768w, https:\/\/www.gaveanews.com\/wp-content\/uploads\/Matheus-Pereira-em-acao-pelo-Cruzeiro-336x420.webp 336w, https:\/\/www.gaveanews.com\/wp-content\/uploads\/Matheus-Pereira-em-acao-pelo-Cruzeiro-672x840.webp 672w, https:\/\/www.gaveanews.com\/wp-content\/uploads\/Matheus-Pereira-em-acao-pelo-Cruzeiro-640x800.webp 640w, https:\/\/www.gaveanews.com\/wp-content\/uploads\/Matheus-Pereira-em-acao-pelo-Cruzeiro-681x851.webp 681w, https:\/\/www.gaveanews.com\/wp-content\/uploads\/Matheus-Pereira-em-acao-pelo-Cruzeiro-100x125.webp 100w, https:\/\/www.gaveanews.com\/wp-content\/uploads\/Matheus-Pereira-em-acao-pelo-Cruzeiro.webp 1080w\" sizes=\"auto, (max-width: 819px) 100vw, 819px\" \/><figcaption class=\"wp-element-caption\">Matheus Pereira em a\u00e7\u00e3o pelo Cruzeiro (Foto: Reprodu\u00e7\u00e3o\/Instagram)<\/figcaption><\/figure>\n\n\n\n<p>Matheus reconheceu a influ\u00eancia de mudan\u00e7as internas, como a chegada de novos jogadores e a troca de t\u00e9cnico, destacando a contribui\u00e7\u00e3o de Fernando Diniz. Segundo ele, a parceria com o treinador tem sido positiva tanto no desenvolvimento individual quanto no coletivo da equipe. Apesar dos resultados recentes n\u00e3o refletirem a evolu\u00e7\u00e3o dentro de campo, o jogador acredita que \u00e9 uma quest\u00e3o de tempo para que o crescimento seja traduzido em conquistas. Ele ressaltou que Diniz tem ajudado a melhorar sua performance, descrevendo a rela\u00e7\u00e3o com o t\u00e9cnico como uma &#8220;dupla&#8221; em prol do time.<\/p>\n\n\n\n<p>O meio-campista tamb\u00e9m comentou sobre as dificuldades de adapta\u00e7\u00e3o ao clube e \u00e0 cultura do Cruzeiro, afirmando que as derrotas evidenciaram problemas que j\u00e1 existiam, mas eram ocultados pelas vit\u00f3rias. Apesar do desempenho abaixo do esperado no segundo turno, Matheus demonstrou otimismo em encerrar o ano de forma positiva e confiante em um futuro promissor para a equipe. A declara\u00e7\u00e3o reflete um esfor\u00e7o coletivo para superar os desafios e buscar estabilidade na pr\u00f3xima temporada.<\/p>\n\n\n\n<h2 class=\"wp-block-heading\" id=\"h-mira-de-rival\">Mira de rival<\/h2>\n\n\n\n<p>O t\u00e9cnico Paulo Pezzolano, ex-Cruzeiro, est\u00e1 sendo cogitado como poss\u00edvel substituto de Rafael Paiva no comando do Vasco da Gama. Durante o programa <em>Boleiragem<\/em>, do SporTV, o ex-jogador Roger Flores revelou que o uruguaio est\u00e1 na lista de op\u00e7\u00f5es do clube carioca para 2025. Atualmente, Pezzolano comanda o Real Valladolid, equipe de Ronaldo Naz\u00e1rio, mas enfrenta press\u00e3o interna devido ao fraco desempenho na La Liga, onde o time \u00e9 o lanterna com apenas nove pontos em 14 jogos. A possibilidade de sua demiss\u00e3o pode abrir caminho para sua volta ao futebol brasileiro<strong><a href=\"https:\/\/www.gaveanews.com\/index.php\/2024\/11\/29\/ex-tecnico-do-cruzeiro-pode-assinar-com-o-vasco\/\"> (leia a mat\u00e9ria completa).<\/a><\/strong><\/p>\n\n\n\n<blockquote class=\"instagram-media\" data-instgrm-permalink=\"https:\/\/www.instagram.com\/p\/C-5uKwACCye\/?utm_source=ig_embed&amp;utm_campaign=loading\" data-instgrm-version=\"14\" style=\" background:#FFF; border:0; border-radius:3px; box-shadow:0 0 1px 0 rgba(0,0,0,0.5),0 1px 10px 0 rgba(0,0,0,0.15); margin: 1px; max-width:540px; min-width:326px; padding:0; width:99.375%; width:-webkit-calc(100% - 2px); width:calc(100% - 2px);\"><div style=\"padding:16px;\"> <a href=\"https:\/\/www.instagram.com\/p\/C-5uKwACCye\/?utm_source=ig_embed&amp;utm_campaign=loading\" style=\" background:#FFFFFF; line-height:0; padding:0 0; text-align:center; text-decoration:none; width:100%;\" target=\"_blank\"> <div style=\" display: flex; flex-direction: row; align-items: center;\"> <div style=\"background-color: #F4F4F4; border-radius: 50%; flex-grow: 0; height: 40px; margin-right: 14px; width: 40px;\"><\/div> <div style=\"display: flex; flex-direction: column; flex-grow: 1; justify-content: center;\"> <div style=\" background-color: #F4F4F4; border-radius: 4px; flex-grow: 0; height: 14px; margin-bottom: 6px; width: 100px;\"><\/div> <div style=\" background-color: #F4F4F4; border-radius: 4px; flex-grow: 0; height: 14px; width: 60px;\"><\/div><\/div><\/div><div style=\"padding: 19% 0;\"><\/div> <div style=\"display:block; height:50px; margin:0 auto 12px; width:50px;\"><svg width=\"50px\" height=\"50px\" viewBox=\"0 0 60 60\" version=\"1.1\" xmlns=\"https:\/\/www.w3.org\/2000\/svg\" xmlns:xlink=\"https:\/\/www.w3.org\/1999\/xlink\"><g stroke=\"none\" stroke-width=\"1\" fill=\"none\" fill-rule=\"evenodd\"><g transform=\"translate(-511.000000, -20.000000)\" fill=\"#000000\"><g><path d=\"M556.869,30.41 C554.814,30.41 553.148,32.076 553.148,34.131 C553.148,36.186 554.814,37.852 556.869,37.852 C558.924,37.852 560.59,36.186 560.59,34.131 C560.59,32.076 558.924,30.41 556.869,30.41 M541,60.657 C535.114,60.657 530.342,55.887 530.342,50 C530.342,44.114 535.114,39.342 541,39.342 C546.887,39.342 551.658,44.114 551.658,50 C551.658,55.887 546.887,60.657 541,60.657 M541,33.886 C532.1,33.886 524.886,41.1 524.886,50 C524.886,58.899 532.1,66.113 541,66.113 C549.9,66.113 557.115,58.899 557.115,50 C557.115,41.1 549.9,33.886 541,33.886 M565.378,62.101 C565.244,65.022 564.756,66.606 564.346,67.663 C563.803,69.06 563.154,70.057 562.106,71.106 C561.058,72.155 560.06,72.803 558.662,73.347 C557.607,73.757 556.021,74.244 553.102,74.378 C549.944,74.521 548.997,74.552 541,74.552 C533.003,74.552 532.056,74.521 528.898,74.378 C525.979,74.244 524.393,73.757 523.338,73.347 C521.94,72.803 520.942,72.155 519.894,71.106 C518.846,70.057 518.197,69.06 517.654,67.663 C517.244,66.606 516.755,65.022 516.623,62.101 C516.479,58.943 516.448,57.996 516.448,50 C516.448,42.003 516.479,41.056 516.623,37.899 C516.755,34.978 517.244,33.391 517.654,32.338 C518.197,30.938 518.846,29.942 519.894,28.894 C520.942,27.846 521.94,27.196 523.338,26.654 C524.393,26.244 525.979,25.756 528.898,25.623 C532.057,25.479 533.004,25.448 541,25.448 C548.997,25.448 549.943,25.479 553.102,25.623 C556.021,25.756 557.607,26.244 558.662,26.654 C560.06,27.196 561.058,27.846 562.106,28.894 C563.154,29.942 563.803,30.938 564.346,32.338 C564.756,33.391 565.244,34.978 565.378,37.899 C565.522,41.056 565.552,42.003 565.552,50 C565.552,57.996 565.522,58.943 565.378,62.101 M570.82,37.631 C570.674,34.438 570.167,32.258 569.425,30.349 C568.659,28.377 567.633,26.702 565.965,25.035 C564.297,23.368 562.623,22.342 560.652,21.575 C558.743,20.834 556.562,20.326 553.369,20.18 C550.169,20.033 549.148,20 541,20 C532.853,20 531.831,20.033 528.631,20.18 C525.438,20.326 523.257,20.834 521.349,21.575 C519.376,22.342 517.703,23.368 516.035,25.035 C514.368,26.702 513.342,28.377 512.574,30.349 C511.834,32.258 511.326,34.438 511.181,37.631 C511.035,40.831 511,41.851 511,50 C511,58.147 511.035,59.17 511.181,62.369 C511.326,65.562 511.834,67.743 512.574,69.651 C513.342,71.625 514.368,73.296 516.035,74.965 C517.703,76.634 519.376,77.658 521.349,78.425 C523.257,79.167 525.438,79.673 528.631,79.82 C531.831,79.965 532.853,80.001 541,80.001 C549.148,80.001 550.169,79.965 553.369,79.82 C556.562,79.673 558.743,79.167 560.652,78.425 C562.623,77.658 564.297,76.634 565.965,74.965 C567.633,73.296 568.659,71.625 569.425,69.651 C570.167,67.743 570.674,65.562 570.82,62.369 C570.966,59.17 571,58.147 571,50 C571,41.851 570.966,40.831 570.82,37.631\"><\/path><\/g><\/g><\/g><\/svg><\/div><div style=\"padding-top: 8px;\"> <div style=\" color:#3897f0; font-family:Arial,sans-serif; font-size:14px; font-style:normal; font-weight:550; line-height:18px;\">Ver essa foto no Instagram<\/div><\/div><div style=\"padding: 12.5% 0;\"><\/div> <div style=\"display: flex; flex-direction: row; margin-bottom: 14px; align-items: center;\"><div> <div style=\"background-color: #F4F4F4; border-radius: 50%; height: 12.5px; width: 12.5px; transform: translateX(0px) translateY(7px);\"><\/div> <div style=\"background-color: #F4F4F4; height: 12.5px; transform: rotate(-45deg) translateX(3px) translateY(1px); width: 12.5px; flex-grow: 0; margin-right: 14px; margin-left: 2px;\"><\/div> <div style=\"background-color: #F4F4F4; border-radius: 50%; height: 12.5px; width: 12.5px; transform: translateX(9px) translateY(-18px);\"><\/div><\/div><div style=\"margin-left: 8px;\"> <div style=\" background-color: #F4F4F4; border-radius: 50%; flex-grow: 0; height: 20px; width: 20px;\"><\/div> <div style=\" width: 0; height: 0; border-top: 2px solid transparent; border-left: 6px solid #f4f4f4; border-bottom: 2px solid transparent; transform: translateX(16px) translateY(-4px) rotate(30deg)\"><\/div><\/div><div style=\"margin-left: auto;\"> <div style=\" width: 0px; border-top: 8px solid #F4F4F4; border-right: 8px solid transparent; transform: translateY(16px);\"><\/div> <div style=\" background-color: #F4F4F4; flex-grow: 0; height: 12px; width: 16px; transform: translateY(-4px);\"><\/div> <div style=\" width: 0; height: 0; border-top: 8px solid #F4F4F4; border-left: 8px solid transparent; transform: translateY(-4px) translateX(8px);\"><\/div><\/div><\/div> <div style=\"display: flex; flex-direction: column; flex-grow: 1; justify-content: center; margin-bottom: 24px;\"> <div style=\" background-color: #F4F4F4; border-radius: 4px; flex-grow: 0; height: 14px; margin-bottom: 6px; width: 224px;\"><\/div> <div style=\" background-color: #F4F4F4; border-radius: 4px; flex-grow: 0; height: 14px; width: 144px;\"><\/div><\/div><\/a><p style=\" color:#c9c8cd; font-family:Arial,sans-serif; font-size:14px; line-height:17px; margin-bottom:0; margin-top:8px; overflow:hidden; padding:8px 0 7px; text-align:center; text-overflow:ellipsis; white-space:nowrap;\"><a href=\"https:\/\/www.instagram.com\/p\/C-5uKwACCye\/?utm_source=ig_embed&amp;utm_campaign=loading\" style=\" color:#c9c8cd; font-family:Arial,sans-serif; font-size:14px; font-style:normal; font-weight:normal; line-height:17px; text-decoration:none;\" target=\"_blank\">Uma publica\u00e7\u00e3o compartilhada por Paulo Pezzolano (@pezzolanodt)<\/a><\/p><\/div><\/blockquote>\n<script async src=\"\/\/www.instagram.com\/embed.js\"><\/script>\n\n\n\n<p>No Brasil, Pezzolano deixou sua marca ao dirigir o Cruzeiro de janeiro de 2022 a mar\u00e7o de 2023. Em sua primeira temporada, conduziu o clube mineiro ao t\u00edtulo da S\u00e9rie B e ao retorno \u00e0 elite do futebol nacional, conquistando a admira\u00e7\u00e3o da torcida cruzeirense. Com um retrospecto de 38 vit\u00f3rias, 13 empates e 17 derrotas em 68 jogos, o t\u00e9cnico optou por deixar o time ap\u00f3s a elimina\u00e7\u00e3o para o Am\u00e9rica-MG na semifinal do Campeonato Mineiro de 2023. Desde ent\u00e3o, seu nome \u00e9 frequentemente lembrado como op\u00e7\u00e3o para clubes brasileiros.<\/p>\n\n\n\n<p>O interesse do Vasco por Pezzolano refor\u00e7a o desejo do clube em trazer um t\u00e9cnico com experi\u00eancia em reestrutura\u00e7\u00e3o de equipes. Ap\u00f3s um ano conturbado, a diretoria busca um profissional capaz de aliar resultados em campo \u00e0 valoriza\u00e7\u00e3o de talentos. Caso se concretize, a chegada de Pezzolano ao Vasco seria vista como um movimento estrat\u00e9gico, apostando no hist\u00f3rico de sucesso do treinador e na sua capacidade de liderar projetos de grande responsabilidade.<\/p>\n","protected":false},"excerpt":{"rendered":"<p>Nas \u00faltimas horas, o foco das not\u00edcias sobre o Cruzeiro se concentram nos bastidores do clube, com destaques como a declara\u00e7\u00e3o de Matheus Pereira e atitude importante. Por conta deste contexto, leia abaixo um resumo preparado pela equipe do portal G\u00e1vea News para lhe manter muito bem informado! Atitude importante O Cruzeiro oficializou uma reclama\u00e7\u00e3o [&hellip;]<\/p>\n","protected":false},"author":27,"featured_media":143443,"comment_status":"open","ping_status":"closed","sticky":false,"template":"","format":"standard","meta":{"footnotes":""},"categories":[143],"tags":[],"class_list":["post-193807","post","type-post","status-publish","format-standard","has-post-thumbnail","hentry","category-cruzeiro"],"yoast_head":"<!-- This site is optimized with the Yoast SEO Premium plugin v24.2 (Yoast SEO v26.9) - https:\/\/yoast.com\/product\/yoast-seo-premium-wordpress\/ -->\n<title>Mira de rival, declara\u00e7\u00e3o de Matheus Pereira e atitude importante: as \u00faltimas not\u00edcias do Cruzeiro<\/title>\n<meta name=\"robots\" content=\"index, follow, max-snippet:-1, max-image-preview:large, max-video-preview:-1\" \/>\n<link rel=\"canonical\" href=\"https:\/\/www.gaveanews.com\/index.php\/2024\/12\/03\/mira-de-rival-declaracao-de-matheus-pereira-e-atitude-importante-as-ultimas-noticias-do-cruzeiro\/\" \/>\n<meta property=\"og:locale\" content=\"pt_BR\" \/>\n<meta property=\"og:type\" content=\"article\" \/>\n<meta property=\"og:title\" content=\"Mira de rival, declara\u00e7\u00e3o de Matheus Pereira e atitude importante: as \u00faltimas not\u00edcias do Cruzeiro\" \/>\n<meta property=\"og:description\" content=\"Nas \u00faltimas horas, o foco das not\u00edcias sobre o Cruzeiro se concentram nos bastidores do clube, com destaques como a declara\u00e7\u00e3o de Matheus Pereira e atitude importante. Por conta deste contexto, leia abaixo um resumo preparado pela equipe do portal G\u00e1vea News para lhe manter muito bem informado! Atitude importante O Cruzeiro oficializou uma reclama\u00e7\u00e3o [&hellip;]\" \/>\n<meta property=\"og:url\" content=\"https:\/\/www.gaveanews.com\/index.php\/2024\/12\/03\/mira-de-rival-declaracao-de-matheus-pereira-e-atitude-importante-as-ultimas-noticias-do-cruzeiro\/\" \/>\n<meta property=\"og:site_name\" content=\"G\u00e1vea News\" \/>\n<meta property=\"article:publisher\" content=\"https:\/\/facebook.com\/gaveaNews\/\" \/>\n<meta property=\"article:published_time\" content=\"2024-12-03T10:40:00+00:00\" \/>\n<meta property=\"og:image\" content=\"https:\/\/www.gaveanews.com\/wp-content\/uploads\/Elenco-do-Cruzeiro-comemorando-um-gol.webp\" \/>\n\t<meta property=\"og:image:width\" content=\"999\" \/>\n\t<meta property=\"og:image:height\" content=\"666\" \/>\n\t<meta property=\"og:image:type\" content=\"image\/webp\" \/>\n<meta name=\"author\" content=\"Matheus Felipe\" \/>\n<meta name=\"twitter:card\" content=\"summary_large_image\" \/>\n<meta name=\"twitter:label1\" content=\"Escrito por\" \/>\n\t<meta name=\"twitter:data1\" content=\"Matheus Felipe\" \/>\n\t<meta name=\"twitter:label2\" content=\"Est. tempo de leitura\" \/>\n\t<meta name=\"twitter:data2\" content=\"6 minutos\" \/>\n<script type=\"application\/ld+json\" class=\"yoast-schema-graph\">{\"@context\":\"https:\/\/schema.org\",\"@graph\":[{\"@type\":\"NewsArticle\",\"@id\":\"https:\/\/www.gaveanews.com\/index.php\/2024\/12\/03\/mira-de-rival-declaracao-de-matheus-pereira-e-atitude-importante-as-ultimas-noticias-do-cruzeiro\/#article\",\"isPartOf\":{\"@id\":\"https:\/\/www.gaveanews.com\/index.php\/2024\/12\/03\/mira-de-rival-declaracao-de-matheus-pereira-e-atitude-importante-as-ultimas-noticias-do-cruzeiro\/\"},\"author\":{\"name\":\"Matheus Felipe\",\"@id\":\"https:\/\/www.gaveanews.com\/#\/schema\/person\/8207cd4627f56151707418bfc835b2fb\"},\"headline\":\"Mira de rival, declara\u00e7\u00e3o de Matheus Pereira e atitude importante: as \u00faltimas not\u00edcias do Cruzeiro\",\"datePublished\":\"2024-12-03T10:40:00+00:00\",\"mainEntityOfPage\":{\"@id\":\"https:\/\/www.gaveanews.com\/index.php\/2024\/12\/03\/mira-de-rival-declaracao-de-matheus-pereira-e-atitude-importante-as-ultimas-noticias-do-cruzeiro\/\"},\"wordCount\":933,\"commentCount\":0,\"image\":{\"@id\":\"https:\/\/www.gaveanews.com\/index.php\/2024\/12\/03\/mira-de-rival-declaracao-de-matheus-pereira-e-atitude-importante-as-ultimas-noticias-do-cruzeiro\/#primaryimage\"},\"thumbnailUrl\":\"https:\/\/www.gaveanews.com\/wp-content\/uploads\/Elenco-do-Cruzeiro-comemorando-um-gol.webp\",\"articleSection\":[\"Cruzeiro\"],\"inLanguage\":\"pt-BR\",\"potentialAction\":[{\"@type\":\"CommentAction\",\"name\":\"Comment\",\"target\":[\"https:\/\/www.gaveanews.com\/index.php\/2024\/12\/03\/mira-de-rival-declaracao-de-matheus-pereira-e-atitude-importante-as-ultimas-noticias-do-cruzeiro\/#respond\"]}],\"copyrightYear\":\"2024\",\"copyrightHolder\":{\"@id\":\"https:\/\/www.gaveanews.com\/#organization\"}},{\"@type\":\"WebPage\",\"@id\":\"https:\/\/www.gaveanews.com\/index.php\/2024\/12\/03\/mira-de-rival-declaracao-de-matheus-pereira-e-atitude-importante-as-ultimas-noticias-do-cruzeiro\/\",\"url\":\"https:\/\/www.gaveanews.com\/index.php\/2024\/12\/03\/mira-de-rival-declaracao-de-matheus-pereira-e-atitude-importante-as-ultimas-noticias-do-cruzeiro\/\",\"name\":\"Mira de rival, declara\u00e7\u00e3o de Matheus Pereira e atitude importante: as \u00faltimas not\u00edcias do Cruzeiro\",\"isPartOf\":{\"@id\":\"https:\/\/www.gaveanews.com\/#website\"},\"primaryImageOfPage\":{\"@id\":\"https:\/\/www.gaveanews.com\/index.php\/2024\/12\/03\/mira-de-rival-declaracao-de-matheus-pereira-e-atitude-importante-as-ultimas-noticias-do-cruzeiro\/#primaryimage\"},\"image\":{\"@id\":\"https:\/\/www.gaveanews.com\/index.php\/2024\/12\/03\/mira-de-rival-declaracao-de-matheus-pereira-e-atitude-importante-as-ultimas-noticias-do-cruzeiro\/#primaryimage\"},\"thumbnailUrl\":\"https:\/\/www.gaveanews.com\/wp-content\/uploads\/Elenco-do-Cruzeiro-comemorando-um-gol.webp\",\"datePublished\":\"2024-12-03T10:40:00+00:00\",\"author\":{\"@id\":\"https:\/\/www.gaveanews.com\/#\/schema\/person\/8207cd4627f56151707418bfc835b2fb\"},\"breadcrumb\":{\"@id\":\"https:\/\/www.gaveanews.com\/index.php\/2024\/12\/03\/mira-de-rival-declaracao-de-matheus-pereira-e-atitude-importante-as-ultimas-noticias-do-cruzeiro\/#breadcrumb\"},\"inLanguage\":\"pt-BR\",\"potentialAction\":[{\"@type\":\"ReadAction\",\"target\":[\"https:\/\/www.gaveanews.com\/index.php\/2024\/12\/03\/mira-de-rival-declaracao-de-matheus-pereira-e-atitude-importante-as-ultimas-noticias-do-cruzeiro\/\"]}]},{\"@type\":\"ImageObject\",\"inLanguage\":\"pt-BR\",\"@id\":\"https:\/\/www.gaveanews.com\/index.php\/2024\/12\/03\/mira-de-rival-declaracao-de-matheus-pereira-e-atitude-importante-as-ultimas-noticias-do-cruzeiro\/#primaryimage\",\"url\":\"https:\/\/www.gaveanews.com\/wp-content\/uploads\/Elenco-do-Cruzeiro-comemorando-um-gol.webp\",\"contentUrl\":\"https:\/\/www.gaveanews.com\/wp-content\/uploads\/Elenco-do-Cruzeiro-comemorando-um-gol.webp\",\"width\":999,\"height\":666,\"caption\":\"Elenco do Cruzeiro comemorando um gol (Foto Reprodu\u00e7\u00e3o\/Instagram)\"},{\"@type\":\"BreadcrumbList\",\"@id\":\"https:\/\/www.gaveanews.com\/index.php\/2024\/12\/03\/mira-de-rival-declaracao-de-matheus-pereira-e-atitude-importante-as-ultimas-noticias-do-cruzeiro\/#breadcrumb\",\"itemListElement\":[{\"@type\":\"ListItem\",\"position\":1,\"name\":\"Home\",\"item\":\"https:\/\/www.gaveanews.com\/\"},{\"@type\":\"ListItem\",\"position\":2,\"name\":\"Mira de rival, declara\u00e7\u00e3o de Matheus Pereira e atitude importante: as \u00faltimas not\u00edcias do Cruzeiro\"}]},{\"@type\":\"WebSite\",\"@id\":\"https:\/\/www.gaveanews.com\/#website\",\"url\":\"https:\/\/www.gaveanews.com\/\",\"name\":\"G\u00e1vea News\",\"description\":\"Veja todas as not\u00edcias sobre o Flamengo: Contrata\u00e7\u00f5es, categorias de base, resultados das partidas, tabela de classifica\u00e7\u00e3o, pr\u00f3ximos jogos!\",\"potentialAction\":[{\"@type\":\"SearchAction\",\"target\":{\"@type\":\"EntryPoint\",\"urlTemplate\":\"https:\/\/www.gaveanews.com\/?s={search_term_string}\"},\"query-input\":{\"@type\":\"PropertyValueSpecification\",\"valueRequired\":true,\"valueName\":\"search_term_string\"}}],\"inLanguage\":\"pt-BR\"},{\"@type\":\"Person\",\"@id\":\"https:\/\/www.gaveanews.com\/#\/schema\/person\/8207cd4627f56151707418bfc835b2fb\",\"name\":\"Matheus Felipe\",\"image\":{\"@type\":\"ImageObject\",\"inLanguage\":\"pt-BR\",\"@id\":\"https:\/\/www.gaveanews.com\/#\/schema\/person\/image\/\",\"url\":\"https:\/\/secure.gravatar.com\/avatar\/a452ffbed9130f726358b298bb3a99ce4bd3c5338411f8440e87e14d74c7c087?s=96&d=mm&r=g\",\"contentUrl\":\"https:\/\/secure.gravatar.com\/avatar\/a452ffbed9130f726358b298bb3a99ce4bd3c5338411f8440e87e14d74c7c087?s=96&d=mm&r=g\",\"caption\":\"Matheus Felipe\"}}]}<\/script>\n<!-- \/ Yoast SEO Premium plugin. -->","yoast_head_json":{"title":"Mira de rival, declara\u00e7\u00e3o de Matheus Pereira e atitude importante: as \u00faltimas not\u00edcias do Cruzeiro","robots":{"index":"index","follow":"follow","max-snippet":"max-snippet:-1","max-image-preview":"max-image-preview:large","max-video-preview":"max-video-preview:-1"},"canonical":"https:\/\/www.gaveanews.com\/index.php\/2024\/12\/03\/mira-de-rival-declaracao-de-matheus-pereira-e-atitude-importante-as-ultimas-noticias-do-cruzeiro\/","og_locale":"pt_BR","og_type":"article","og_title":"Mira de rival, declara\u00e7\u00e3o de Matheus Pereira e atitude importante: as \u00faltimas not\u00edcias do Cruzeiro","og_description":"Nas \u00faltimas horas, o foco das not\u00edcias sobre o Cruzeiro se concentram nos bastidores do clube, com destaques como a declara\u00e7\u00e3o de Matheus Pereira e atitude importante. Por conta deste contexto, leia abaixo um resumo preparado pela equipe do portal G\u00e1vea News para lhe manter muito bem informado! Atitude importante O Cruzeiro oficializou uma reclama\u00e7\u00e3o [&hellip;]","og_url":"https:\/\/www.gaveanews.com\/index.php\/2024\/12\/03\/mira-de-rival-declaracao-de-matheus-pereira-e-atitude-importante-as-ultimas-noticias-do-cruzeiro\/","og_site_name":"G\u00e1vea News","article_publisher":"https:\/\/facebook.com\/gaveaNews\/","article_published_time":"2024-12-03T10:40:00+00:00","og_image":[{"width":999,"height":666,"url":"https:\/\/www.gaveanews.com\/wp-content\/uploads\/Elenco-do-Cruzeiro-comemorando-um-gol.webp","type":"image\/webp"}],"author":"Matheus Felipe","twitter_card":"summary_large_image","twitter_misc":{"Escrito por":"Matheus Felipe","Est. tempo de leitura":"6 minutos"},"schema":{"@context":"https:\/\/schema.org","@graph":[{"@type":"NewsArticle","@id":"https:\/\/www.gaveanews.com\/index.php\/2024\/12\/03\/mira-de-rival-declaracao-de-matheus-pereira-e-atitude-importante-as-ultimas-noticias-do-cruzeiro\/#article","isPartOf":{"@id":"https:\/\/www.gaveanews.com\/index.php\/2024\/12\/03\/mira-de-rival-declaracao-de-matheus-pereira-e-atitude-importante-as-ultimas-noticias-do-cruzeiro\/"},"author":{"name":"Matheus Felipe","@id":"https:\/\/www.gaveanews.com\/#\/schema\/person\/8207cd4627f56151707418bfc835b2fb"},"headline":"Mira de rival, declara\u00e7\u00e3o de Matheus Pereira e atitude importante: as \u00faltimas not\u00edcias do Cruzeiro","datePublished":"2024-12-03T10:40:00+00:00","mainEntityOfPage":{"@id":"https:\/\/www.gaveanews.com\/index.php\/2024\/12\/03\/mira-de-rival-declaracao-de-matheus-pereira-e-atitude-importante-as-ultimas-noticias-do-cruzeiro\/"},"wordCount":933,"commentCount":0,"image":{"@id":"https:\/\/www.gaveanews.com\/index.php\/2024\/12\/03\/mira-de-rival-declaracao-de-matheus-pereira-e-atitude-importante-as-ultimas-noticias-do-cruzeiro\/#primaryimage"},"thumbnailUrl":"https:\/\/www.gaveanews.com\/wp-content\/uploads\/Elenco-do-Cruzeiro-comemorando-um-gol.webp","articleSection":["Cruzeiro"],"inLanguage":"pt-BR","potentialAction":[{"@type":"CommentAction","name":"Comment","target":["https:\/\/www.gaveanews.com\/index.php\/2024\/12\/03\/mira-de-rival-declaracao-de-matheus-pereira-e-atitude-importante-as-ultimas-noticias-do-cruzeiro\/#respond"]}],"copyrightYear":"2024","copyrightHolder":{"@id":"https:\/\/www.gaveanews.com\/#organization"}},{"@type":"WebPage","@id":"https:\/\/www.gaveanews.com\/index.php\/2024\/12\/03\/mira-de-rival-declaracao-de-matheus-pereira-e-atitude-importante-as-ultimas-noticias-do-cruzeiro\/","url":"https:\/\/www.gaveanews.com\/index.php\/2024\/12\/03\/mira-de-rival-declaracao-de-matheus-pereira-e-atitude-importante-as-ultimas-noticias-do-cruzeiro\/","name":"Mira de rival, declara\u00e7\u00e3o de Matheus Pereira e atitude importante: as \u00faltimas not\u00edcias do Cruzeiro","isPartOf":{"@id":"https:\/\/www.gaveanews.com\/#website"},"primaryImageOfPage":{"@id":"https:\/\/www.gaveanews.com\/index.php\/2024\/12\/03\/mira-de-rival-declaracao-de-matheus-pereira-e-atitude-importante-as-ultimas-noticias-do-cruzeiro\/#primaryimage"},"image":{"@id":"https:\/\/www.gaveanews.com\/index.php\/2024\/12\/03\/mira-de-rival-declaracao-de-matheus-pereira-e-atitude-importante-as-ultimas-noticias-do-cruzeiro\/#primaryimage"},"thumbnailUrl":"https:\/\/www.gaveanews.com\/wp-content\/uploads\/Elenco-do-Cruzeiro-comemorando-um-gol.webp","datePublished":"2024-12-03T10:40:00+00:00","author":{"@id":"https:\/\/www.gaveanews.com\/#\/schema\/person\/8207cd4627f56151707418bfc835b2fb"},"breadcrumb":{"@id":"https:\/\/www.gaveanews.com\/index.php\/2024\/12\/03\/mira-de-rival-declaracao-de-matheus-pereira-e-atitude-importante-as-ultimas-noticias-do-cruzeiro\/#breadcrumb"},"inLanguage":"pt-BR","potentialAction":[{"@type":"ReadAction","target":["https:\/\/www.gaveanews.com\/index.php\/2024\/12\/03\/mira-de-rival-declaracao-de-matheus-pereira-e-atitude-importante-as-ultimas-noticias-do-cruzeiro\/"]}]},{"@type":"ImageObject","inLanguage":"pt-BR","@id":"https:\/\/www.gaveanews.com\/index.php\/2024\/12\/03\/mira-de-rival-declaracao-de-matheus-pereira-e-atitude-importante-as-ultimas-noticias-do-cruzeiro\/#primaryimage","url":"https:\/\/www.gaveanews.com\/wp-content\/uploads\/Elenco-do-Cruzeiro-comemorando-um-gol.webp","contentUrl":"https:\/\/www.gaveanews.com\/wp-content\/uploads\/Elenco-do-Cruzeiro-comemorando-um-gol.webp","width":999,"height":666,"caption":"Elenco do Cruzeiro comemorando um gol (Foto Reprodu\u00e7\u00e3o\/Instagram)"},{"@type":"BreadcrumbList","@id":"https:\/\/www.gaveanews.com\/index.php\/2024\/12\/03\/mira-de-rival-declaracao-de-matheus-pereira-e-atitude-importante-as-ultimas-noticias-do-cruzeiro\/#breadcrumb","itemListElement":[{"@type":"ListItem","position":1,"name":"Home","item":"https:\/\/www.gaveanews.com\/"},{"@type":"ListItem","position":2,"name":"Mira de rival, declara\u00e7\u00e3o de Matheus Pereira e atitude importante: as \u00faltimas not\u00edcias do Cruzeiro"}]},{"@type":"WebSite","@id":"https:\/\/www.gaveanews.com\/#website","url":"https:\/\/www.gaveanews.com\/","name":"G\u00e1vea News","description":"Veja todas as not\u00edcias sobre o Flamengo: Contrata\u00e7\u00f5es, categorias de base, resultados das partidas, tabela de classifica\u00e7\u00e3o, pr\u00f3ximos jogos!","potentialAction":[{"@type":"SearchAction","target":{"@type":"EntryPoint","urlTemplate":"https:\/\/www.gaveanews.com\/?s={search_term_string}"},"query-input":{"@type":"PropertyValueSpecification","valueRequired":true,"valueName":"search_term_string"}}],"inLanguage":"pt-BR"},{"@type":"Person","@id":"https:\/\/www.gaveanews.com\/#\/schema\/person\/8207cd4627f56151707418bfc835b2fb","name":"Matheus Felipe","image":{"@type":"ImageObject","inLanguage":"pt-BR","@id":"https:\/\/www.gaveanews.com\/#\/schema\/person\/image\/","url":"https:\/\/secure.gravatar.com\/avatar\/a452ffbed9130f726358b298bb3a99ce4bd3c5338411f8440e87e14d74c7c087?s=96&d=mm&r=g","contentUrl":"https:\/\/secure.gravatar.com\/avatar\/a452ffbed9130f726358b298bb3a99ce4bd3c5338411f8440e87e14d74c7c087?s=96&d=mm&r=g","caption":"Matheus Felipe"}}]}},"_links":{"self":[{"href":"https:\/\/www.gaveanews.com\/index.php\/wp-json\/wp\/v2\/posts\/193807","targetHints":{"allow":["GET"]}}],"collection":[{"href":"https:\/\/www.gaveanews.com\/index.php\/wp-json\/wp\/v2\/posts"}],"about":[{"href":"https:\/\/www.gaveanews.com\/index.php\/wp-json\/wp\/v2\/types\/post"}],"author":[{"embeddable":true,"href":"https:\/\/www.gaveanews.com\/index.php\/wp-json\/wp\/v2\/users\/27"}],"replies":[{"embeddable":true,"href":"https:\/\/www.gaveanews.com\/index.php\/wp-json\/wp\/v2\/comments?post=193807"}],"version-history":[{"count":1,"href":"https:\/\/www.gaveanews.com\/index.php\/wp-json\/wp\/v2\/posts\/193807\/revisions"}],"predecessor-version":[{"id":193811,"href":"https:\/\/www.gaveanews.com\/index.php\/wp-json\/wp\/v2\/posts\/193807\/revisions\/193811"}],"wp:featuredmedia":[{"embeddable":true,"href":"https:\/\/www.gaveanews.com\/index.php\/wp-json\/wp\/v2\/media\/143443"}],"wp:attachment":[{"href":"https:\/\/www.gaveanews.com\/index.php\/wp-json\/wp\/v2\/media?parent=193807"}],"wp:term":[{"taxonomy":"category","embeddable":true,"href":"https:\/\/www.gaveanews.com\/index.php\/wp-json\/wp\/v2\/categories?post=193807"},{"taxonomy":"post_tag","embeddable":true,"href":"https:\/\/www.gaveanews.com\/index.php\/wp-json\/wp\/v2\/tags?post=193807"}],"curies":[{"name":"wp","href":"https:\/\/api.w.org\/{rel}","templated":true}]}}