{"id":193958,"date":"2024-12-03T14:25:44","date_gmt":"2024-12-03T17:25:44","guid":{"rendered":"https:\/\/www.gaveanews.com\/?p=193958"},"modified":"2024-12-03T14:22:14","modified_gmt":"2024-12-03T17:22:14","slug":"a-declaracao-de-vanderlei-luxemburgo-direcionada-ao-santos","status":"publish","type":"post","link":"https:\/\/www.gaveanews.com\/index.php\/2024\/12\/03\/a-declaracao-de-vanderlei-luxemburgo-direcionada-ao-santos\/","title":{"rendered":"A declara\u00e7\u00e3o de Vanderlei Luxemburgo direcionada ao Santos"},"content":{"rendered":"\n<h2 class=\"wp-block-heading\" id=\"h-treinador-quase-fechou-com-o-clube-alvinegro-praiano\">Treinador quase fechou com o clube alvinegro praiano <\/h2>\n\n\n\n<p>O t\u00e9cnico Vanderlei Luxemburgo quase acertou com o Santos. O comandante negociou duas vezes com o clube, mas sem sucesso. O primeiro contato aconteceu no ano de 2022, e o segundo aconteceu ainda esse ano, que a equipe disputava a segunda divis\u00e3o. <\/p>\n\n\n\n<ul class=\"wp-block-list\">\n<li><a href=\"https:\/\/www.gaveanews.com\/index.php\/2024\/12\/03\/a-declaracao-do-craque-neto-direcionada-a-gabriel-brazao-do-santos\/\">A declara\u00e7\u00e3o do Craque Neto direcionada a Gabriel Braz\u00e3o, do Santos<\/a><\/li>\n\n\n\n<li><a href=\"https:\/\/www.gaveanews.com\/index.php\/2024\/12\/03\/futuro-de-cinco-jogadores-do-santos-vai-depender-do-novo-treinador\/\">Futuro de cinco jogadores do Santos vai depender do novo treinador<\/a><\/li>\n<\/ul>\n\n\n\n<p>Em 2022, Andr\u00e9s Rueda ainda era o presidente do Santos e negociava com Vanderlei Luxemburgo. A negocia\u00e7\u00e3o estava bem encaminhada e quase acertada, quando o treinador desistiu. O motivo da desist\u00eancia se deu por conta do vazamento da informa\u00e7\u00e3o para a imprensa. <\/p>\n\n\n\n<p>&#8220;Eu me reuni com ele, depois vazou a not\u00edcia e disse que foi o Oliv\u00e9rio J\u00fanior (assessor de imprensa de Luxemburgo \u00e0 \u00e9poca). Eu disse: \u201cvoc\u00ea est\u00e1 enganado. Foi voc\u00ea ou fui eu, mas eu n\u00e3o fui, ent\u00e3o foi voc\u00ea que vazou\u201d, disse Luxemburgo, que continuou:<\/p>\n\n\n\n<p>&#8220;Ele foi numa reuni\u00e3o do Comit\u00ea de Gest\u00e3o, falou que tinha conversado comigo. Ent\u00e3o, quem vazou foi ele. E por isso ele me perdeu. Como vou trabalhar com um cara que chega para mim e diz que n\u00e3o pode confiar em mim porque eu vazei a not\u00edcia, mas s\u00f3 estava eu e ele e eu n\u00e3o vazei. Ent\u00e3o, quem vazou? Ele e o grupo de gest\u00e3o do clube. Por isso, eu n\u00e3o vim para o Santos, mas foi bom, eu n\u00e3o daria certo com ele, n\u00e3o&#8221;, completou. <\/p>\n\n\n\n<p>A segunda oportunidade aconteceu esse ano, quando o Peixe disputava a S\u00e9rie B do Brasileir\u00e3o. Marcelo Teixeira, atual presidente do clube, possui uma \u00f3tima rela\u00e7\u00e3o com Luxemburgo e juntos conquistaram alguns t\u00edtulos. O treinador explicou o motivo de n\u00e3o ter aceitado o cargo. <\/p>\n\n\n\n<p>&#8220;Houve uma conversa para eu vir para o Santos, para a segunda divis\u00e3o. Eu tenho uma d\u00edvida de gratid\u00e3o com o Marcelo muito grande. Quando fui para o Real Madrid, eu j\u00e1 tinha renovado o contrato com o Marcelo e tive que falar que estava indo para o Real, n\u00e3o tinha como recusar, mas eu n\u00e3o podia vir para o Santos para segunda divis\u00e3o. Por qu\u00ea?&#8221;, disse Luxa, completando:<\/p>\n\n\n\n<p>&#8220;Quando vou para um clube, todas essas perguntas passam de ser amenas e viram porrada, s\u00f3 pancadaria, essa \u00e9 a grande verdade, porque eu tamb\u00e9m n\u00e3o sou de alisar ningu\u00e9m, e eu traria um peso muito grande para o Santos, que precisava estar tranquilo para subir para a primeira divis\u00e3o, fazer o trabalho. \u00c0s vezes em vez de ajudar voc\u00ea atrapalha&#8221;, finalizou Vanderlei Luxemburgo. <\/p>\n","protected":false},"excerpt":{"rendered":"<p>Treinador quase fechou com o clube alvinegro praiano O t\u00e9cnico Vanderlei Luxemburgo quase acertou com o Santos. O comandante negociou duas vezes com o clube, mas sem sucesso. O primeiro contato aconteceu no ano de 2022, e o segundo aconteceu ainda esse ano, que a equipe disputava a segunda divis\u00e3o. Em 2022, Andr\u00e9s Rueda ainda [&hellip;]<\/p>\n","protected":false},"author":21,"featured_media":33887,"comment_status":"open","ping_status":"closed","sticky":false,"template":"","format":"standard","meta":{"footnotes":""},"categories":[139],"tags":[],"class_list":["post-193958","post","type-post","status-publish","format-standard","has-post-thumbnail","hentry","category-santos"],"yoast_head":"<!-- This site is optimized with the Yoast SEO Premium plugin v24.2 (Yoast SEO v26.9) - https:\/\/yoast.com\/product\/yoast-seo-premium-wordpress\/ -->\n<title>A declara\u00e7\u00e3o de Vanderlei Luxemburgo direcionada ao Santos<\/title>\n<meta name=\"robots\" content=\"index, follow, max-snippet:-1, max-image-preview:large, max-video-preview:-1\" \/>\n<link rel=\"canonical\" href=\"https:\/\/www.gaveanews.com\/index.php\/2024\/12\/03\/a-declaracao-de-vanderlei-luxemburgo-direcionada-ao-santos\/\" \/>\n<meta property=\"og:locale\" content=\"pt_BR\" \/>\n<meta property=\"og:type\" content=\"article\" \/>\n<meta property=\"og:title\" content=\"A declara\u00e7\u00e3o de Vanderlei Luxemburgo direcionada ao Santos\" \/>\n<meta property=\"og:description\" content=\"Treinador quase fechou com o clube alvinegro praiano O t\u00e9cnico Vanderlei Luxemburgo quase acertou com o Santos. O comandante negociou duas vezes com o clube, mas sem sucesso. O primeiro contato aconteceu no ano de 2022, e o segundo aconteceu ainda esse ano, que a equipe disputava a segunda divis\u00e3o. Em 2022, Andr\u00e9s Rueda ainda [&hellip;]\" \/>\n<meta property=\"og:url\" content=\"https:\/\/www.gaveanews.com\/index.php\/2024\/12\/03\/a-declaracao-de-vanderlei-luxemburgo-direcionada-ao-santos\/\" \/>\n<meta property=\"og:site_name\" content=\"G\u00e1vea News\" \/>\n<meta property=\"article:publisher\" content=\"https:\/\/facebook.com\/gaveaNews\/\" \/>\n<meta property=\"article:published_time\" content=\"2024-12-03T17:25:44+00:00\" \/>\n<meta property=\"og:image\" content=\"https:\/\/www.gaveanews.com\/wp-content\/uploads\/esporte-vanderlei-luxemburgo-28092015-001-scaled.webp\" \/>\n\t<meta property=\"og:image:width\" content=\"2560\" \/>\n\t<meta property=\"og:image:height\" content=\"1707\" \/>\n\t<meta property=\"og:image:type\" content=\"image\/jpeg\" \/>\n<meta name=\"author\" content=\"Andr\u00e9 Serra\" \/>\n<meta name=\"twitter:card\" content=\"summary_large_image\" \/>\n<meta name=\"twitter:label1\" content=\"Escrito por\" \/>\n\t<meta name=\"twitter:data1\" content=\"Andr\u00e9 Serra\" \/>\n\t<meta name=\"twitter:label2\" content=\"Est. tempo de leitura\" \/>\n\t<meta name=\"twitter:data2\" content=\"3 minutos\" \/>\n<script type=\"application\/ld+json\" class=\"yoast-schema-graph\">{\"@context\":\"https:\/\/schema.org\",\"@graph\":[{\"@type\":\"NewsArticle\",\"@id\":\"https:\/\/www.gaveanews.com\/index.php\/2024\/12\/03\/a-declaracao-de-vanderlei-luxemburgo-direcionada-ao-santos\/#article\",\"isPartOf\":{\"@id\":\"https:\/\/www.gaveanews.com\/index.php\/2024\/12\/03\/a-declaracao-de-vanderlei-luxemburgo-direcionada-ao-santos\/\"},\"author\":{\"name\":\"Andr\u00e9 Serra\",\"@id\":\"https:\/\/www.gaveanews.com\/#\/schema\/person\/0277a79a1289c451c281ec0411d84f0c\"},\"headline\":\"A declara\u00e7\u00e3o de Vanderlei Luxemburgo direcionada ao Santos\",\"datePublished\":\"2024-12-03T17:25:44+00:00\",\"mainEntityOfPage\":{\"@id\":\"https:\/\/www.gaveanews.com\/index.php\/2024\/12\/03\/a-declaracao-de-vanderlei-luxemburgo-direcionada-ao-santos\/\"},\"wordCount\":467,\"commentCount\":0,\"image\":{\"@id\":\"https:\/\/www.gaveanews.com\/index.php\/2024\/12\/03\/a-declaracao-de-vanderlei-luxemburgo-direcionada-ao-santos\/#primaryimage\"},\"thumbnailUrl\":\"https:\/\/www.gaveanews.com\/wp-content\/uploads\/esporte-vanderlei-luxemburgo-28092015-001-scaled.webp\",\"articleSection\":[\"Santos\"],\"inLanguage\":\"pt-BR\",\"potentialAction\":[{\"@type\":\"CommentAction\",\"name\":\"Comment\",\"target\":[\"https:\/\/www.gaveanews.com\/index.php\/2024\/12\/03\/a-declaracao-de-vanderlei-luxemburgo-direcionada-ao-santos\/#respond\"]}],\"copyrightYear\":\"2024\",\"copyrightHolder\":{\"@id\":\"https:\/\/www.gaveanews.com\/#organization\"}},{\"@type\":\"WebPage\",\"@id\":\"https:\/\/www.gaveanews.com\/index.php\/2024\/12\/03\/a-declaracao-de-vanderlei-luxemburgo-direcionada-ao-santos\/\",\"url\":\"https:\/\/www.gaveanews.com\/index.php\/2024\/12\/03\/a-declaracao-de-vanderlei-luxemburgo-direcionada-ao-santos\/\",\"name\":\"A declara\u00e7\u00e3o de Vanderlei Luxemburgo direcionada ao Santos\",\"isPartOf\":{\"@id\":\"https:\/\/www.gaveanews.com\/#website\"},\"primaryImageOfPage\":{\"@id\":\"https:\/\/www.gaveanews.com\/index.php\/2024\/12\/03\/a-declaracao-de-vanderlei-luxemburgo-direcionada-ao-santos\/#primaryimage\"},\"image\":{\"@id\":\"https:\/\/www.gaveanews.com\/index.php\/2024\/12\/03\/a-declaracao-de-vanderlei-luxemburgo-direcionada-ao-santos\/#primaryimage\"},\"thumbnailUrl\":\"https:\/\/www.gaveanews.com\/wp-content\/uploads\/esporte-vanderlei-luxemburgo-28092015-001-scaled.webp\",\"datePublished\":\"2024-12-03T17:25:44+00:00\",\"author\":{\"@id\":\"https:\/\/www.gaveanews.com\/#\/schema\/person\/0277a79a1289c451c281ec0411d84f0c\"},\"breadcrumb\":{\"@id\":\"https:\/\/www.gaveanews.com\/index.php\/2024\/12\/03\/a-declaracao-de-vanderlei-luxemburgo-direcionada-ao-santos\/#breadcrumb\"},\"inLanguage\":\"pt-BR\",\"potentialAction\":[{\"@type\":\"ReadAction\",\"target\":[\"https:\/\/www.gaveanews.com\/index.php\/2024\/12\/03\/a-declaracao-de-vanderlei-luxemburgo-direcionada-ao-santos\/\"]}]},{\"@type\":\"ImageObject\",\"inLanguage\":\"pt-BR\",\"@id\":\"https:\/\/www.gaveanews.com\/index.php\/2024\/12\/03\/a-declaracao-de-vanderlei-luxemburgo-direcionada-ao-santos\/#primaryimage\",\"url\":\"https:\/\/www.gaveanews.com\/wp-content\/uploads\/esporte-vanderlei-luxemburgo-28092015-001-scaled.webp\",\"contentUrl\":\"https:\/\/www.gaveanews.com\/wp-content\/uploads\/esporte-vanderlei-luxemburgo-28092015-001-scaled.webp\",\"width\":2560,\"height\":1707,\"caption\":\"Vanderlei Luxemburgo (Photo by VCG\/VCG via Getty Images)\"},{\"@type\":\"BreadcrumbList\",\"@id\":\"https:\/\/www.gaveanews.com\/index.php\/2024\/12\/03\/a-declaracao-de-vanderlei-luxemburgo-direcionada-ao-santos\/#breadcrumb\",\"itemListElement\":[{\"@type\":\"ListItem\",\"position\":1,\"name\":\"Home\",\"item\":\"https:\/\/www.gaveanews.com\/\"},{\"@type\":\"ListItem\",\"position\":2,\"name\":\"A declara\u00e7\u00e3o de Vanderlei Luxemburgo direcionada ao Santos\"}]},{\"@type\":\"WebSite\",\"@id\":\"https:\/\/www.gaveanews.com\/#website\",\"url\":\"https:\/\/www.gaveanews.com\/\",\"name\":\"G\u00e1vea News\",\"description\":\"Veja todas as not\u00edcias sobre o Flamengo: Contrata\u00e7\u00f5es, categorias de base, resultados das partidas, tabela de classifica\u00e7\u00e3o, pr\u00f3ximos jogos!\",\"potentialAction\":[{\"@type\":\"SearchAction\",\"target\":{\"@type\":\"EntryPoint\",\"urlTemplate\":\"https:\/\/www.gaveanews.com\/?s={search_term_string}\"},\"query-input\":{\"@type\":\"PropertyValueSpecification\",\"valueRequired\":true,\"valueName\":\"search_term_string\"}}],\"inLanguage\":\"pt-BR\"},{\"@type\":\"Person\",\"@id\":\"https:\/\/www.gaveanews.com\/#\/schema\/person\/0277a79a1289c451c281ec0411d84f0c\",\"name\":\"Andr\u00e9 Serra\",\"image\":{\"@type\":\"ImageObject\",\"inLanguage\":\"pt-BR\",\"@id\":\"https:\/\/www.gaveanews.com\/#\/schema\/person\/image\/\",\"url\":\"https:\/\/secure.gravatar.com\/avatar\/d7231369fe48db93292b3e88eb2162dbd9a34a47a8437d9ef3bcaca2a86a83d7?s=96&d=mm&r=g\",\"contentUrl\":\"https:\/\/secure.gravatar.com\/avatar\/d7231369fe48db93292b3e88eb2162dbd9a34a47a8437d9ef3bcaca2a86a83d7?s=96&d=mm&r=g\",\"caption\":\"Andr\u00e9 Serra\"}}]}<\/script>\n<!-- \/ Yoast SEO Premium plugin. -->","yoast_head_json":{"title":"A declara\u00e7\u00e3o de Vanderlei Luxemburgo direcionada ao Santos","robots":{"index":"index","follow":"follow","max-snippet":"max-snippet:-1","max-image-preview":"max-image-preview:large","max-video-preview":"max-video-preview:-1"},"canonical":"https:\/\/www.gaveanews.com\/index.php\/2024\/12\/03\/a-declaracao-de-vanderlei-luxemburgo-direcionada-ao-santos\/","og_locale":"pt_BR","og_type":"article","og_title":"A declara\u00e7\u00e3o de Vanderlei Luxemburgo direcionada ao Santos","og_description":"Treinador quase fechou com o clube alvinegro praiano O t\u00e9cnico Vanderlei Luxemburgo quase acertou com o Santos. O comandante negociou duas vezes com o clube, mas sem sucesso. O primeiro contato aconteceu no ano de 2022, e o segundo aconteceu ainda esse ano, que a equipe disputava a segunda divis\u00e3o. Em 2022, Andr\u00e9s Rueda ainda [&hellip;]","og_url":"https:\/\/www.gaveanews.com\/index.php\/2024\/12\/03\/a-declaracao-de-vanderlei-luxemburgo-direcionada-ao-santos\/","og_site_name":"G\u00e1vea News","article_publisher":"https:\/\/facebook.com\/gaveaNews\/","article_published_time":"2024-12-03T17:25:44+00:00","og_image":[{"width":2560,"height":1707,"url":"https:\/\/www.gaveanews.com\/wp-content\/uploads\/esporte-vanderlei-luxemburgo-28092015-001-scaled.webp","type":"image\/jpeg"}],"author":"Andr\u00e9 Serra","twitter_card":"summary_large_image","twitter_misc":{"Escrito por":"Andr\u00e9 Serra","Est. tempo de leitura":"3 minutos"},"schema":{"@context":"https:\/\/schema.org","@graph":[{"@type":"NewsArticle","@id":"https:\/\/www.gaveanews.com\/index.php\/2024\/12\/03\/a-declaracao-de-vanderlei-luxemburgo-direcionada-ao-santos\/#article","isPartOf":{"@id":"https:\/\/www.gaveanews.com\/index.php\/2024\/12\/03\/a-declaracao-de-vanderlei-luxemburgo-direcionada-ao-santos\/"},"author":{"name":"Andr\u00e9 Serra","@id":"https:\/\/www.gaveanews.com\/#\/schema\/person\/0277a79a1289c451c281ec0411d84f0c"},"headline":"A declara\u00e7\u00e3o de Vanderlei Luxemburgo direcionada ao Santos","datePublished":"2024-12-03T17:25:44+00:00","mainEntityOfPage":{"@id":"https:\/\/www.gaveanews.com\/index.php\/2024\/12\/03\/a-declaracao-de-vanderlei-luxemburgo-direcionada-ao-santos\/"},"wordCount":467,"commentCount":0,"image":{"@id":"https:\/\/www.gaveanews.com\/index.php\/2024\/12\/03\/a-declaracao-de-vanderlei-luxemburgo-direcionada-ao-santos\/#primaryimage"},"thumbnailUrl":"https:\/\/www.gaveanews.com\/wp-content\/uploads\/esporte-vanderlei-luxemburgo-28092015-001-scaled.webp","articleSection":["Santos"],"inLanguage":"pt-BR","potentialAction":[{"@type":"CommentAction","name":"Comment","target":["https:\/\/www.gaveanews.com\/index.php\/2024\/12\/03\/a-declaracao-de-vanderlei-luxemburgo-direcionada-ao-santos\/#respond"]}],"copyrightYear":"2024","copyrightHolder":{"@id":"https:\/\/www.gaveanews.com\/#organization"}},{"@type":"WebPage","@id":"https:\/\/www.gaveanews.com\/index.php\/2024\/12\/03\/a-declaracao-de-vanderlei-luxemburgo-direcionada-ao-santos\/","url":"https:\/\/www.gaveanews.com\/index.php\/2024\/12\/03\/a-declaracao-de-vanderlei-luxemburgo-direcionada-ao-santos\/","name":"A declara\u00e7\u00e3o de Vanderlei Luxemburgo direcionada ao Santos","isPartOf":{"@id":"https:\/\/www.gaveanews.com\/#website"},"primaryImageOfPage":{"@id":"https:\/\/www.gaveanews.com\/index.php\/2024\/12\/03\/a-declaracao-de-vanderlei-luxemburgo-direcionada-ao-santos\/#primaryimage"},"image":{"@id":"https:\/\/www.gaveanews.com\/index.php\/2024\/12\/03\/a-declaracao-de-vanderlei-luxemburgo-direcionada-ao-santos\/#primaryimage"},"thumbnailUrl":"https:\/\/www.gaveanews.com\/wp-content\/uploads\/esporte-vanderlei-luxemburgo-28092015-001-scaled.webp","datePublished":"2024-12-03T17:25:44+00:00","author":{"@id":"https:\/\/www.gaveanews.com\/#\/schema\/person\/0277a79a1289c451c281ec0411d84f0c"},"breadcrumb":{"@id":"https:\/\/www.gaveanews.com\/index.php\/2024\/12\/03\/a-declaracao-de-vanderlei-luxemburgo-direcionada-ao-santos\/#breadcrumb"},"inLanguage":"pt-BR","potentialAction":[{"@type":"ReadAction","target":["https:\/\/www.gaveanews.com\/index.php\/2024\/12\/03\/a-declaracao-de-vanderlei-luxemburgo-direcionada-ao-santos\/"]}]},{"@type":"ImageObject","inLanguage":"pt-BR","@id":"https:\/\/www.gaveanews.com\/index.php\/2024\/12\/03\/a-declaracao-de-vanderlei-luxemburgo-direcionada-ao-santos\/#primaryimage","url":"https:\/\/www.gaveanews.com\/wp-content\/uploads\/esporte-vanderlei-luxemburgo-28092015-001-scaled.webp","contentUrl":"https:\/\/www.gaveanews.com\/wp-content\/uploads\/esporte-vanderlei-luxemburgo-28092015-001-scaled.webp","width":2560,"height":1707,"caption":"Vanderlei Luxemburgo (Photo by VCG\/VCG via Getty Images)"},{"@type":"BreadcrumbList","@id":"https:\/\/www.gaveanews.com\/index.php\/2024\/12\/03\/a-declaracao-de-vanderlei-luxemburgo-direcionada-ao-santos\/#breadcrumb","itemListElement":[{"@type":"ListItem","position":1,"name":"Home","item":"https:\/\/www.gaveanews.com\/"},{"@type":"ListItem","position":2,"name":"A declara\u00e7\u00e3o de Vanderlei Luxemburgo direcionada ao Santos"}]},{"@type":"WebSite","@id":"https:\/\/www.gaveanews.com\/#website","url":"https:\/\/www.gaveanews.com\/","name":"G\u00e1vea News","description":"Veja todas as not\u00edcias sobre o Flamengo: Contrata\u00e7\u00f5es, categorias de base, resultados das partidas, tabela de classifica\u00e7\u00e3o, pr\u00f3ximos jogos!","potentialAction":[{"@type":"SearchAction","target":{"@type":"EntryPoint","urlTemplate":"https:\/\/www.gaveanews.com\/?s={search_term_string}"},"query-input":{"@type":"PropertyValueSpecification","valueRequired":true,"valueName":"search_term_string"}}],"inLanguage":"pt-BR"},{"@type":"Person","@id":"https:\/\/www.gaveanews.com\/#\/schema\/person\/0277a79a1289c451c281ec0411d84f0c","name":"Andr\u00e9 Serra","image":{"@type":"ImageObject","inLanguage":"pt-BR","@id":"https:\/\/www.gaveanews.com\/#\/schema\/person\/image\/","url":"https:\/\/secure.gravatar.com\/avatar\/d7231369fe48db93292b3e88eb2162dbd9a34a47a8437d9ef3bcaca2a86a83d7?s=96&d=mm&r=g","contentUrl":"https:\/\/secure.gravatar.com\/avatar\/d7231369fe48db93292b3e88eb2162dbd9a34a47a8437d9ef3bcaca2a86a83d7?s=96&d=mm&r=g","caption":"Andr\u00e9 Serra"}}]}},"_links":{"self":[{"href":"https:\/\/www.gaveanews.com\/index.php\/wp-json\/wp\/v2\/posts\/193958","targetHints":{"allow":["GET"]}}],"collection":[{"href":"https:\/\/www.gaveanews.com\/index.php\/wp-json\/wp\/v2\/posts"}],"about":[{"href":"https:\/\/www.gaveanews.com\/index.php\/wp-json\/wp\/v2\/types\/post"}],"author":[{"embeddable":true,"href":"https:\/\/www.gaveanews.com\/index.php\/wp-json\/wp\/v2\/users\/21"}],"replies":[{"embeddable":true,"href":"https:\/\/www.gaveanews.com\/index.php\/wp-json\/wp\/v2\/comments?post=193958"}],"version-history":[{"count":1,"href":"https:\/\/www.gaveanews.com\/index.php\/wp-json\/wp\/v2\/posts\/193958\/revisions"}],"predecessor-version":[{"id":193974,"href":"https:\/\/www.gaveanews.com\/index.php\/wp-json\/wp\/v2\/posts\/193958\/revisions\/193974"}],"wp:featuredmedia":[{"embeddable":true,"href":"https:\/\/www.gaveanews.com\/index.php\/wp-json\/wp\/v2\/media\/33887"}],"wp:attachment":[{"href":"https:\/\/www.gaveanews.com\/index.php\/wp-json\/wp\/v2\/media?parent=193958"}],"wp:term":[{"taxonomy":"category","embeddable":true,"href":"https:\/\/www.gaveanews.com\/index.php\/wp-json\/wp\/v2\/categories?post=193958"},{"taxonomy":"post_tag","embeddable":true,"href":"https:\/\/www.gaveanews.com\/index.php\/wp-json\/wp\/v2\/tags?post=193958"}],"curies":[{"name":"wp","href":"https:\/\/api.w.org\/{rel}","templated":true}]}}