{"id":193984,"date":"2024-12-03T15:55:49","date_gmt":"2024-12-03T18:55:49","guid":{"rendered":"https:\/\/www.gaveanews.com\/?p=193984"},"modified":"2024-12-03T15:55:52","modified_gmt":"2024-12-03T18:55:52","slug":"vasco-confirma-saida-e-vai-receber-quantia-milionaria","status":"publish","type":"post","link":"https:\/\/www.gaveanews.com\/index.php\/2024\/12\/03\/vasco-confirma-saida-e-vai-receber-quantia-milionaria\/","title":{"rendered":"Vasco confirma sa\u00edda e vai receber quantia milion\u00e1ria"},"content":{"rendered":"\n<p>O Vasco da Gama encaminhou a venda do meia-atacante Luca Orellano para o FC Cincinnati, dos Estados Unidos. O jogador estava emprestado desde o come\u00e7o da temporada e ter\u00e1 os direitos econ\u00f4micos adquiridos por meio do gatilho contratual pr\u00e9-estabelecido no contrato.<\/p>\n\n\n\n<ul class=\"wp-block-list\">\n<li><a href=\"https:\/\/www.gaveanews.com\/index.php\/2024\/12\/03\/declaracao-de-deyverson-nota-oficial-de-eduardo-vargas-e-atitude-de-rival-as-ultimas-noticias-do-atletico-mg\/\">Filhos de Hulk, publica\u00e7\u00e3o de Rubens Menin e declara\u00e7\u00e3o de Hulk: as \u00faltimas not\u00edcias do Atl\u00e9tico-MG<\/a><\/li>\n\n\n\n<li><a href=\"https:\/\/www.gaveanews.com\/index.php\/2024\/12\/03\/libertadores-atletico-mg-vai-formalizar-reclamacao-sobre-a-final-contra-o-botafogo\/\">Libertadores: Atl\u00e9tico-MG vai formalizar reclama\u00e7\u00e3o sobre a final contra o Botafogo<\/a><\/li>\n<\/ul>\n\n\n\n<p>O jogador de 24 anos chegou ao Vasco em 2023 cercado de muita expectativa, por ser considerado uma das maiores promessas do futebol argentino. Revelado no V\u00e9lez Sarsfield, ele foi uma das primeiras contrata\u00e7\u00f5es da empresa estadunidense 777 Partners, quando geria a SAF vasca\u00edna.<\/p>\n\n\n\n<p>A negocia\u00e7\u00e3o, na \u00e9poca, girou em torno de 3 milh\u00f5es de d\u00f3lares, aproximadamente 15,8 milh\u00f5es de reais, por 60% dos direitos econ\u00f4micos do atleta. Mas apesar do alto investimento, o jogador n\u00e3o se adaptou bem ao clube e pediu para ser negociado no in\u00edcio de 2024.<\/p>\n\n\n\n<figure class=\"wp-block-embed is-type-photo is-provider-flickr wp-block-embed-flickr\"><div class=\"wp-block-embed__wrapper\">\n<a href=\"https:\/\/www.flickr.com\/photos\/201155970@N03\/54181327991\/in\/dateposted-public\/\"><img loading=\"lazy\" decoding=\"async\" src=\"https:\/\/live.staticflickr.com\/65535\/54181327991_92e9545939_z.webp\" alt=\"imagem_2024-12-03_155513038\" width=\"640\" height=\"427\" \/><\/a>\n<\/div><\/figure>\n\n\n\n<p>O ent\u00e3o diretor de futebol Alexandre Mattos costurou a cess\u00e3o ao FC Cincinnati, dos Estados Unidos, com op\u00e7\u00e3o de compra ao fim do v\u00ednculo de empr\u00e9stimo, em dezembro. Segundo o jornalista Lucas Pedrosa, como Orellano teve uma boa temporada com 11 gols e 5 assist\u00eancias em 36 jogos, o time estadunidense informou ao Vasco que exercer\u00e1 o direito de compra.<\/p>\n\n\n\n<p>Com isso, os americanos pagar\u00e3o 3 milh\u00f5es de d\u00f3lares, cerca de 18 milh\u00f5es de reais, um valor um pouco maior em rela\u00e7\u00e3o ao negociado em 2023, por conta da varia\u00e7\u00e3o da taxa de c\u00e2mbio. No entanto, o Vasco ter\u00e1 preju\u00edzo com o neg\u00f3cio.<\/p>\n\n\n\n<p>Isso porque o Cruz-Maltino ter\u00e1 que repassar 40% do pagamento ao ex-clube do jogador. O V\u00e9lez Sarsfield receber\u00e1 1,2 milh\u00e3o de d\u00f3lares, cerca de 7,2 milh\u00f5es de reais, enquanto o Vasco ficar\u00e1 com o restante. Portanto, o Gigante da Colina ficar\u00e1 com 1,8 milh\u00e3o de d\u00f3lares, o equivalente a 10,8 milh\u00f5es de reais.<\/p>\n","protected":false},"excerpt":{"rendered":"<p>O Vasco da Gama encaminhou a venda do meia-atacante Luca Orellano para o FC Cincinnati, dos Estados Unidos. O jogador estava emprestado desde o come\u00e7o da temporada e ter\u00e1 os direitos econ\u00f4micos adquiridos por meio do gatilho contratual pr\u00e9-estabelecido no contrato. O jogador de 24 anos chegou ao Vasco em 2023 cercado de muita expectativa, [&hellip;]<\/p>\n","protected":false},"author":29,"featured_media":152090,"comment_status":"open","ping_status":"closed","sticky":false,"template":"","format":"standard","meta":{"footnotes":""},"categories":[152],"tags":[],"class_list":["post-193984","post","type-post","status-publish","format-standard","has-post-thumbnail","hentry","category-vasco"],"yoast_head":"<!-- This site is optimized with the Yoast SEO Premium plugin v24.2 (Yoast SEO v26.9) - https:\/\/yoast.com\/product\/yoast-seo-premium-wordpress\/ -->\n<title>Vasco confirma sa\u00edda e vai receber quantia milion\u00e1ria<\/title>\n<meta name=\"robots\" content=\"index, follow, max-snippet:-1, max-image-preview:large, max-video-preview:-1\" \/>\n<link rel=\"canonical\" href=\"https:\/\/www.gaveanews.com\/index.php\/2024\/12\/03\/vasco-confirma-saida-e-vai-receber-quantia-milionaria\/\" \/>\n<meta property=\"og:locale\" content=\"pt_BR\" \/>\n<meta property=\"og:type\" content=\"article\" \/>\n<meta property=\"og:title\" content=\"Vasco confirma sa\u00edda e vai receber quantia milion\u00e1ria\" \/>\n<meta property=\"og:description\" content=\"O Vasco da Gama encaminhou a venda do meia-atacante Luca Orellano para o FC Cincinnati, dos Estados Unidos. O jogador estava emprestado desde o come\u00e7o da temporada e ter\u00e1 os direitos econ\u00f4micos adquiridos por meio do gatilho contratual pr\u00e9-estabelecido no contrato. O jogador de 24 anos chegou ao Vasco em 2023 cercado de muita expectativa, [&hellip;]\" \/>\n<meta property=\"og:url\" content=\"https:\/\/www.gaveanews.com\/index.php\/2024\/12\/03\/vasco-confirma-saida-e-vai-receber-quantia-milionaria\/\" \/>\n<meta property=\"og:site_name\" content=\"G\u00e1vea News\" \/>\n<meta property=\"article:publisher\" content=\"https:\/\/facebook.com\/gaveaNews\/\" \/>\n<meta property=\"article:published_time\" content=\"2024-12-03T18:55:49+00:00\" \/>\n<meta property=\"article:modified_time\" content=\"2024-12-03T18:55:52+00:00\" \/>\n<meta property=\"og:image\" content=\"https:\/\/www.gaveanews.com\/wp-content\/uploads\/Bandeira-do-Vasco-da-Gama.webp\" \/>\n\t<meta property=\"og:image:width\" content=\"1159\" \/>\n\t<meta property=\"og:image:height\" content=\"772\" \/>\n\t<meta property=\"og:image:type\" content=\"image\/webp\" \/>\n<meta name=\"author\" content=\"Marco Menezes\" \/>\n<meta name=\"twitter:card\" content=\"summary_large_image\" \/>\n<meta name=\"twitter:label1\" content=\"Escrito por\" \/>\n\t<meta name=\"twitter:data1\" content=\"Marco Menezes\" \/>\n\t<meta name=\"twitter:label2\" content=\"Est. tempo de leitura\" \/>\n\t<meta name=\"twitter:data2\" content=\"2 minutos\" \/>\n<script type=\"application\/ld+json\" class=\"yoast-schema-graph\">{\"@context\":\"https:\/\/schema.org\",\"@graph\":[{\"@type\":\"NewsArticle\",\"@id\":\"https:\/\/www.gaveanews.com\/index.php\/2024\/12\/03\/vasco-confirma-saida-e-vai-receber-quantia-milionaria\/#article\",\"isPartOf\":{\"@id\":\"https:\/\/www.gaveanews.com\/index.php\/2024\/12\/03\/vasco-confirma-saida-e-vai-receber-quantia-milionaria\/\"},\"author\":{\"name\":\"Marco Menezes\",\"@id\":\"https:\/\/www.gaveanews.com\/#\/schema\/person\/a9f62fe75380c6bada1b2fc49bc23d69\"},\"headline\":\"Vasco confirma sa\u00edda e vai receber quantia milion\u00e1ria\",\"datePublished\":\"2024-12-03T18:55:49+00:00\",\"dateModified\":\"2024-12-03T18:55:52+00:00\",\"mainEntityOfPage\":{\"@id\":\"https:\/\/www.gaveanews.com\/index.php\/2024\/12\/03\/vasco-confirma-saida-e-vai-receber-quantia-milionaria\/\"},\"wordCount\":355,\"commentCount\":0,\"image\":{\"@id\":\"https:\/\/www.gaveanews.com\/index.php\/2024\/12\/03\/vasco-confirma-saida-e-vai-receber-quantia-milionaria\/#primaryimage\"},\"thumbnailUrl\":\"https:\/\/www.gaveanews.com\/wp-content\/uploads\/Bandeira-do-Vasco-da-Gama.webp\",\"articleSection\":[\"Vasco\"],\"inLanguage\":\"pt-BR\",\"potentialAction\":[{\"@type\":\"CommentAction\",\"name\":\"Comment\",\"target\":[\"https:\/\/www.gaveanews.com\/index.php\/2024\/12\/03\/vasco-confirma-saida-e-vai-receber-quantia-milionaria\/#respond\"]}],\"copyrightYear\":\"2024\",\"copyrightHolder\":{\"@id\":\"https:\/\/www.gaveanews.com\/#organization\"}},{\"@type\":\"WebPage\",\"@id\":\"https:\/\/www.gaveanews.com\/index.php\/2024\/12\/03\/vasco-confirma-saida-e-vai-receber-quantia-milionaria\/\",\"url\":\"https:\/\/www.gaveanews.com\/index.php\/2024\/12\/03\/vasco-confirma-saida-e-vai-receber-quantia-milionaria\/\",\"name\":\"Vasco confirma sa\u00edda e vai receber quantia milion\u00e1ria\",\"isPartOf\":{\"@id\":\"https:\/\/www.gaveanews.com\/#website\"},\"primaryImageOfPage\":{\"@id\":\"https:\/\/www.gaveanews.com\/index.php\/2024\/12\/03\/vasco-confirma-saida-e-vai-receber-quantia-milionaria\/#primaryimage\"},\"image\":{\"@id\":\"https:\/\/www.gaveanews.com\/index.php\/2024\/12\/03\/vasco-confirma-saida-e-vai-receber-quantia-milionaria\/#primaryimage\"},\"thumbnailUrl\":\"https:\/\/www.gaveanews.com\/wp-content\/uploads\/Bandeira-do-Vasco-da-Gama.webp\",\"datePublished\":\"2024-12-03T18:55:49+00:00\",\"dateModified\":\"2024-12-03T18:55:52+00:00\",\"author\":{\"@id\":\"https:\/\/www.gaveanews.com\/#\/schema\/person\/a9f62fe75380c6bada1b2fc49bc23d69\"},\"breadcrumb\":{\"@id\":\"https:\/\/www.gaveanews.com\/index.php\/2024\/12\/03\/vasco-confirma-saida-e-vai-receber-quantia-milionaria\/#breadcrumb\"},\"inLanguage\":\"pt-BR\",\"potentialAction\":[{\"@type\":\"ReadAction\",\"target\":[\"https:\/\/www.gaveanews.com\/index.php\/2024\/12\/03\/vasco-confirma-saida-e-vai-receber-quantia-milionaria\/\"]}]},{\"@type\":\"ImageObject\",\"inLanguage\":\"pt-BR\",\"@id\":\"https:\/\/www.gaveanews.com\/index.php\/2024\/12\/03\/vasco-confirma-saida-e-vai-receber-quantia-milionaria\/#primaryimage\",\"url\":\"https:\/\/www.gaveanews.com\/wp-content\/uploads\/Bandeira-do-Vasco-da-Gama.webp\",\"contentUrl\":\"https:\/\/www.gaveanews.com\/wp-content\/uploads\/Bandeira-do-Vasco-da-Gama.webp\",\"width\":1159,\"height\":772,\"caption\":\"Bandeira do Vasco da Gama (Foto: Reprodu\u00e7\u00e3o\/Vasco)\"},{\"@type\":\"BreadcrumbList\",\"@id\":\"https:\/\/www.gaveanews.com\/index.php\/2024\/12\/03\/vasco-confirma-saida-e-vai-receber-quantia-milionaria\/#breadcrumb\",\"itemListElement\":[{\"@type\":\"ListItem\",\"position\":1,\"name\":\"Home\",\"item\":\"https:\/\/www.gaveanews.com\/\"},{\"@type\":\"ListItem\",\"position\":2,\"name\":\"Vasco confirma sa\u00edda e vai receber quantia milion\u00e1ria\"}]},{\"@type\":\"WebSite\",\"@id\":\"https:\/\/www.gaveanews.com\/#website\",\"url\":\"https:\/\/www.gaveanews.com\/\",\"name\":\"G\u00e1vea News\",\"description\":\"Veja todas as not\u00edcias sobre o Flamengo: Contrata\u00e7\u00f5es, categorias de base, resultados das partidas, tabela de classifica\u00e7\u00e3o, pr\u00f3ximos jogos!\",\"potentialAction\":[{\"@type\":\"SearchAction\",\"target\":{\"@type\":\"EntryPoint\",\"urlTemplate\":\"https:\/\/www.gaveanews.com\/?s={search_term_string}\"},\"query-input\":{\"@type\":\"PropertyValueSpecification\",\"valueRequired\":true,\"valueName\":\"search_term_string\"}}],\"inLanguage\":\"pt-BR\"},{\"@type\":\"Person\",\"@id\":\"https:\/\/www.gaveanews.com\/#\/schema\/person\/a9f62fe75380c6bada1b2fc49bc23d69\",\"name\":\"Marco Menezes\",\"image\":{\"@type\":\"ImageObject\",\"inLanguage\":\"pt-BR\",\"@id\":\"https:\/\/www.gaveanews.com\/#\/schema\/person\/image\/\",\"url\":\"https:\/\/secure.gravatar.com\/avatar\/a1d148ae17fc8bfc5dbccffd07979e8bd2c9ba494221779de86ec2c7907b71ec?s=96&d=mm&r=g\",\"contentUrl\":\"https:\/\/secure.gravatar.com\/avatar\/a1d148ae17fc8bfc5dbccffd07979e8bd2c9ba494221779de86ec2c7907b71ec?s=96&d=mm&r=g\",\"caption\":\"Marco Menezes\"}}]}<\/script>\n<!-- \/ Yoast SEO Premium plugin. -->","yoast_head_json":{"title":"Vasco confirma sa\u00edda e vai receber quantia milion\u00e1ria","robots":{"index":"index","follow":"follow","max-snippet":"max-snippet:-1","max-image-preview":"max-image-preview:large","max-video-preview":"max-video-preview:-1"},"canonical":"https:\/\/www.gaveanews.com\/index.php\/2024\/12\/03\/vasco-confirma-saida-e-vai-receber-quantia-milionaria\/","og_locale":"pt_BR","og_type":"article","og_title":"Vasco confirma sa\u00edda e vai receber quantia milion\u00e1ria","og_description":"O Vasco da Gama encaminhou a venda do meia-atacante Luca Orellano para o FC Cincinnati, dos Estados Unidos. O jogador estava emprestado desde o come\u00e7o da temporada e ter\u00e1 os direitos econ\u00f4micos adquiridos por meio do gatilho contratual pr\u00e9-estabelecido no contrato. O jogador de 24 anos chegou ao Vasco em 2023 cercado de muita expectativa, [&hellip;]","og_url":"https:\/\/www.gaveanews.com\/index.php\/2024\/12\/03\/vasco-confirma-saida-e-vai-receber-quantia-milionaria\/","og_site_name":"G\u00e1vea News","article_publisher":"https:\/\/facebook.com\/gaveaNews\/","article_published_time":"2024-12-03T18:55:49+00:00","article_modified_time":"2024-12-03T18:55:52+00:00","og_image":[{"width":1159,"height":772,"url":"https:\/\/www.gaveanews.com\/wp-content\/uploads\/Bandeira-do-Vasco-da-Gama.webp","type":"image\/webp"}],"author":"Marco Menezes","twitter_card":"summary_large_image","twitter_misc":{"Escrito por":"Marco Menezes","Est. tempo de leitura":"2 minutos"},"schema":{"@context":"https:\/\/schema.org","@graph":[{"@type":"NewsArticle","@id":"https:\/\/www.gaveanews.com\/index.php\/2024\/12\/03\/vasco-confirma-saida-e-vai-receber-quantia-milionaria\/#article","isPartOf":{"@id":"https:\/\/www.gaveanews.com\/index.php\/2024\/12\/03\/vasco-confirma-saida-e-vai-receber-quantia-milionaria\/"},"author":{"name":"Marco Menezes","@id":"https:\/\/www.gaveanews.com\/#\/schema\/person\/a9f62fe75380c6bada1b2fc49bc23d69"},"headline":"Vasco confirma sa\u00edda e vai receber quantia milion\u00e1ria","datePublished":"2024-12-03T18:55:49+00:00","dateModified":"2024-12-03T18:55:52+00:00","mainEntityOfPage":{"@id":"https:\/\/www.gaveanews.com\/index.php\/2024\/12\/03\/vasco-confirma-saida-e-vai-receber-quantia-milionaria\/"},"wordCount":355,"commentCount":0,"image":{"@id":"https:\/\/www.gaveanews.com\/index.php\/2024\/12\/03\/vasco-confirma-saida-e-vai-receber-quantia-milionaria\/#primaryimage"},"thumbnailUrl":"https:\/\/www.gaveanews.com\/wp-content\/uploads\/Bandeira-do-Vasco-da-Gama.webp","articleSection":["Vasco"],"inLanguage":"pt-BR","potentialAction":[{"@type":"CommentAction","name":"Comment","target":["https:\/\/www.gaveanews.com\/index.php\/2024\/12\/03\/vasco-confirma-saida-e-vai-receber-quantia-milionaria\/#respond"]}],"copyrightYear":"2024","copyrightHolder":{"@id":"https:\/\/www.gaveanews.com\/#organization"}},{"@type":"WebPage","@id":"https:\/\/www.gaveanews.com\/index.php\/2024\/12\/03\/vasco-confirma-saida-e-vai-receber-quantia-milionaria\/","url":"https:\/\/www.gaveanews.com\/index.php\/2024\/12\/03\/vasco-confirma-saida-e-vai-receber-quantia-milionaria\/","name":"Vasco confirma sa\u00edda e vai receber quantia milion\u00e1ria","isPartOf":{"@id":"https:\/\/www.gaveanews.com\/#website"},"primaryImageOfPage":{"@id":"https:\/\/www.gaveanews.com\/index.php\/2024\/12\/03\/vasco-confirma-saida-e-vai-receber-quantia-milionaria\/#primaryimage"},"image":{"@id":"https:\/\/www.gaveanews.com\/index.php\/2024\/12\/03\/vasco-confirma-saida-e-vai-receber-quantia-milionaria\/#primaryimage"},"thumbnailUrl":"https:\/\/www.gaveanews.com\/wp-content\/uploads\/Bandeira-do-Vasco-da-Gama.webp","datePublished":"2024-12-03T18:55:49+00:00","dateModified":"2024-12-03T18:55:52+00:00","author":{"@id":"https:\/\/www.gaveanews.com\/#\/schema\/person\/a9f62fe75380c6bada1b2fc49bc23d69"},"breadcrumb":{"@id":"https:\/\/www.gaveanews.com\/index.php\/2024\/12\/03\/vasco-confirma-saida-e-vai-receber-quantia-milionaria\/#breadcrumb"},"inLanguage":"pt-BR","potentialAction":[{"@type":"ReadAction","target":["https:\/\/www.gaveanews.com\/index.php\/2024\/12\/03\/vasco-confirma-saida-e-vai-receber-quantia-milionaria\/"]}]},{"@type":"ImageObject","inLanguage":"pt-BR","@id":"https:\/\/www.gaveanews.com\/index.php\/2024\/12\/03\/vasco-confirma-saida-e-vai-receber-quantia-milionaria\/#primaryimage","url":"https:\/\/www.gaveanews.com\/wp-content\/uploads\/Bandeira-do-Vasco-da-Gama.webp","contentUrl":"https:\/\/www.gaveanews.com\/wp-content\/uploads\/Bandeira-do-Vasco-da-Gama.webp","width":1159,"height":772,"caption":"Bandeira do Vasco da Gama (Foto: Reprodu\u00e7\u00e3o\/Vasco)"},{"@type":"BreadcrumbList","@id":"https:\/\/www.gaveanews.com\/index.php\/2024\/12\/03\/vasco-confirma-saida-e-vai-receber-quantia-milionaria\/#breadcrumb","itemListElement":[{"@type":"ListItem","position":1,"name":"Home","item":"https:\/\/www.gaveanews.com\/"},{"@type":"ListItem","position":2,"name":"Vasco confirma sa\u00edda e vai receber quantia milion\u00e1ria"}]},{"@type":"WebSite","@id":"https:\/\/www.gaveanews.com\/#website","url":"https:\/\/www.gaveanews.com\/","name":"G\u00e1vea News","description":"Veja todas as not\u00edcias sobre o Flamengo: Contrata\u00e7\u00f5es, categorias de base, resultados das partidas, tabela de classifica\u00e7\u00e3o, pr\u00f3ximos jogos!","potentialAction":[{"@type":"SearchAction","target":{"@type":"EntryPoint","urlTemplate":"https:\/\/www.gaveanews.com\/?s={search_term_string}"},"query-input":{"@type":"PropertyValueSpecification","valueRequired":true,"valueName":"search_term_string"}}],"inLanguage":"pt-BR"},{"@type":"Person","@id":"https:\/\/www.gaveanews.com\/#\/schema\/person\/a9f62fe75380c6bada1b2fc49bc23d69","name":"Marco Menezes","image":{"@type":"ImageObject","inLanguage":"pt-BR","@id":"https:\/\/www.gaveanews.com\/#\/schema\/person\/image\/","url":"https:\/\/secure.gravatar.com\/avatar\/a1d148ae17fc8bfc5dbccffd07979e8bd2c9ba494221779de86ec2c7907b71ec?s=96&d=mm&r=g","contentUrl":"https:\/\/secure.gravatar.com\/avatar\/a1d148ae17fc8bfc5dbccffd07979e8bd2c9ba494221779de86ec2c7907b71ec?s=96&d=mm&r=g","caption":"Marco Menezes"}}]}},"_links":{"self":[{"href":"https:\/\/www.gaveanews.com\/index.php\/wp-json\/wp\/v2\/posts\/193984","targetHints":{"allow":["GET"]}}],"collection":[{"href":"https:\/\/www.gaveanews.com\/index.php\/wp-json\/wp\/v2\/posts"}],"about":[{"href":"https:\/\/www.gaveanews.com\/index.php\/wp-json\/wp\/v2\/types\/post"}],"author":[{"embeddable":true,"href":"https:\/\/www.gaveanews.com\/index.php\/wp-json\/wp\/v2\/users\/29"}],"replies":[{"embeddable":true,"href":"https:\/\/www.gaveanews.com\/index.php\/wp-json\/wp\/v2\/comments?post=193984"}],"version-history":[{"count":2,"href":"https:\/\/www.gaveanews.com\/index.php\/wp-json\/wp\/v2\/posts\/193984\/revisions"}],"predecessor-version":[{"id":194024,"href":"https:\/\/www.gaveanews.com\/index.php\/wp-json\/wp\/v2\/posts\/193984\/revisions\/194024"}],"wp:featuredmedia":[{"embeddable":true,"href":"https:\/\/www.gaveanews.com\/index.php\/wp-json\/wp\/v2\/media\/152090"}],"wp:attachment":[{"href":"https:\/\/www.gaveanews.com\/index.php\/wp-json\/wp\/v2\/media?parent=193984"}],"wp:term":[{"taxonomy":"category","embeddable":true,"href":"https:\/\/www.gaveanews.com\/index.php\/wp-json\/wp\/v2\/categories?post=193984"},{"taxonomy":"post_tag","embeddable":true,"href":"https:\/\/www.gaveanews.com\/index.php\/wp-json\/wp\/v2\/tags?post=193984"}],"curies":[{"name":"wp","href":"https:\/\/api.w.org\/{rel}","templated":true}]}}