{"id":193985,"date":"2024-12-03T15:40:08","date_gmt":"2024-12-03T18:40:08","guid":{"rendered":"https:\/\/www.gaveanews.com\/?p=193985"},"modified":"2024-12-03T15:30:37","modified_gmt":"2024-12-03T18:30:37","slug":"botafogo-a-declaracao-de-savarino-direcionada-a-artur-jorge-2","status":"publish","type":"post","link":"https:\/\/www.gaveanews.com\/index.php\/2024\/12\/03\/botafogo-a-declaracao-de-savarino-direcionada-a-artur-jorge-2\/","title":{"rendered":"Botafogo: a declara\u00e7\u00e3o de Savarino direcionada a Artur Jorge"},"content":{"rendered":"\n<h2 class=\"wp-block-heading\" id=\"h-meia-disse-que-treinador-foi-bastante-corajoso\">Meia disse que treinador foi bastante corajoso <\/h2>\n\n\n\n<p>O Botafogo \u00e9 o grande campe\u00e3o da Libertadores de 2024 ao vencer o Atl\u00e9tico-MG por 3 a 1 no \u00faltimo fim de semana, com o meia-atacante Jefferson Savarino sendo um dos principais destaques do time no torneio. O jogador concedeu entrevista ao &#8220;Boleiragem&#8221; e comentou sobre a final. <\/p>\n\n\n\n<ul class=\"wp-block-list\">\n<li><a href=\"https:\/\/www.gaveanews.com\/index.php\/2024\/12\/03\/a-declaracao-de-andre-rizek-direcionada-a-torcida-do-botafogo-2\/\">A declara\u00e7\u00e3o de Andr\u00e9 Rizek direcionada a torcida do Botafogo<\/a><\/li>\n\n\n\n<li><a href=\"https:\/\/www.gaveanews.com\/index.php\/2024\/12\/03\/veja-o-que-o-botafogo-precisa-fazer-para-ser-campeao-brasileiro\/\">Veja o que o Botafogo precisa fazer para ser campe\u00e3o Brasileiro<\/a><\/li>\n<\/ul>\n\n\n\n<p>Savarino deu uma entrevista exclusiva ao &#8220;Boleiragem&#8221; e falou sobre acontecimentos da final da Conmebol Libertadores. O jogador venezuelano ainda deu sua opini\u00e3o sobre o jogo mais dif\u00edcil no torneio e rasgou elogios para Artur Jorge e John Textor. <\/p>\n\n\n\n<p>Na grande decis\u00e3o, o volante Gregore foi expulso com apenas 40 segundos de jogo. Com isso, o Botafogo jogou mais fechado durante o jogo todo, e apostava em contra-ataques e segurar a bola no campo de ataque. Savarino destacou a coragem que o t\u00e9cnico Artur Jorge teve na partida. <\/p>\n\n\n\n<p>&#8220;Foi um momento muito ruim, com um minuto perder um jogador muito importante como o Gregore, que toma conta do meio de campo. Acho que o time teve muita sabedoria, intelig\u00eancia. O Artur Jorge foi muito corajoso de me deixar sozinho no meio, junto com o Luiz Henrique. Gra\u00e7as a Deus deu tudo certo&#8221;, disse Savarino, continuando:<\/p>\n\n\n\n<p>&#8220;N\u00f3s n\u00e3o trabalhamos isso (atuar com um a menos), jamais pensamos que numa final t\u00e3o crucial como era a Libertadores a gente ia perder um jogador como o Gregore. Foi no momento. O time foi muito corajoso, teve muita intelig\u00eancia e sabedoria para enfrentar o momento. Fomos efetivos no ataque, isso nos ajudou muito. A mentalidade do grupo estava muito forte para esse momento&#8221;, completou. <\/p>\n\n\n\n<p>Savarino ainda comentou sobre uma conversa que o volante e capit\u00e3o Marlon Freitas teve com os jogadores em campo logo ap\u00f3s a expuls\u00e3o de Gregore. O meia botafoguense disse que essa reuni\u00e3o deu confian\u00e7a para eles.<\/p>\n\n\n\n<p>&#8220;O Marlon reuniu todos os jogadores, falou: &#8220;Amigos, se for desse jeito, \u00e9 assim que vamos ganhar&#8221;. Quando ele falou isso, passou muita confian\u00e7a para a gente. Tudo come\u00e7ou quando Luiz Henrique fez o gol, senti que pod\u00edamos ganhar o jogo. Depois do p\u00eanalti, tivemos mais confian\u00e7a. No 2 a 1, pensamos: &#8220;Agora v\u00e3o vir para cima&#8221;. Mas gra\u00e7as a Deus deu tudo certo, ganhamos um t\u00edtulo muito importante n\u00e3o s\u00f3 para nossa carreira, mas para a torcida do Botafogo&#8221;, disse o meia venezuelano. <\/p>\n\n\n\n<p>Para finalizar, Savarino ainda comentou sobre John Textor, dono da SAF do Botafogo. O jogador do Glorioso falou sobre a rela\u00e7\u00e3o dos jogadores com o americano e disse que ele \u00e9 um amigo. <\/p>\n\n\n\n<p>&#8220;O Textor \u00e9 mais do que um presidente, \u00e9 uma amigo para n\u00f3s. A forma como ele atua, nos visita, vai no treino, no jogo. Isso transmite muita confian\u00e7a para n\u00f3s. Ele foi o cara que me ligou quando eu vim para o Botafogo, \u00e9 uma pessoa extraordin\u00e1ria. Para n\u00f3s \u00e9 muito importante, espero que a gente continue dando muita alegria para ele&#8221;, finalizou Jefferson Savarino. <\/p>\n","protected":false},"excerpt":{"rendered":"<p>Meia disse que treinador foi bastante corajoso O Botafogo \u00e9 o grande campe\u00e3o da Libertadores de 2024 ao vencer o Atl\u00e9tico-MG por 3 a 1 no \u00faltimo fim de semana, com o meia-atacante Jefferson Savarino sendo um dos principais destaques do time no torneio. O jogador concedeu entrevista ao &#8220;Boleiragem&#8221; e comentou sobre a final. [&hellip;]<\/p>\n","protected":false},"author":21,"featured_media":149046,"comment_status":"open","ping_status":"closed","sticky":false,"template":"","format":"standard","meta":{"footnotes":""},"categories":[138],"tags":[],"class_list":["post-193985","post","type-post","status-publish","format-standard","has-post-thumbnail","hentry","category-botafogo"],"yoast_head":"<!-- This site is optimized with the Yoast SEO Premium plugin v24.2 (Yoast SEO v26.9) - https:\/\/yoast.com\/product\/yoast-seo-premium-wordpress\/ -->\n<title>Botafogo: a declara\u00e7\u00e3o de Savarino direcionada a Artur Jorge<\/title>\n<meta name=\"robots\" content=\"index, follow, max-snippet:-1, max-image-preview:large, max-video-preview:-1\" \/>\n<link rel=\"canonical\" href=\"https:\/\/www.gaveanews.com\/index.php\/2024\/12\/03\/botafogo-a-declaracao-de-savarino-direcionada-a-artur-jorge-2\/\" \/>\n<meta property=\"og:locale\" content=\"pt_BR\" \/>\n<meta property=\"og:type\" content=\"article\" \/>\n<meta property=\"og:title\" content=\"Botafogo: a declara\u00e7\u00e3o de Savarino direcionada a Artur Jorge\" \/>\n<meta property=\"og:description\" content=\"Meia disse que treinador foi bastante corajoso O Botafogo \u00e9 o grande campe\u00e3o da Libertadores de 2024 ao vencer o Atl\u00e9tico-MG por 3 a 1 no \u00faltimo fim de semana, com o meia-atacante Jefferson Savarino sendo um dos principais destaques do time no torneio. O jogador concedeu entrevista ao &#8220;Boleiragem&#8221; e comentou sobre a final. [&hellip;]\" \/>\n<meta property=\"og:url\" content=\"https:\/\/www.gaveanews.com\/index.php\/2024\/12\/03\/botafogo-a-declaracao-de-savarino-direcionada-a-artur-jorge-2\/\" \/>\n<meta property=\"og:site_name\" content=\"G\u00e1vea News\" \/>\n<meta property=\"article:publisher\" content=\"https:\/\/facebook.com\/gaveaNews\/\" \/>\n<meta property=\"article:published_time\" content=\"2024-12-03T18:40:08+00:00\" \/>\n<meta property=\"og:image\" content=\"https:\/\/www.gaveanews.com\/wp-content\/uploads\/53646308019_88b185bf1f_o-1536x1024-1.webp\" \/>\n\t<meta property=\"og:image:width\" content=\"1536\" \/>\n\t<meta property=\"og:image:height\" content=\"1024\" \/>\n\t<meta property=\"og:image:type\" content=\"image\/jpeg\" \/>\n<meta name=\"author\" content=\"Andr\u00e9 Serra\" \/>\n<meta name=\"twitter:card\" content=\"summary_large_image\" \/>\n<meta name=\"twitter:label1\" content=\"Escrito por\" \/>\n\t<meta name=\"twitter:data1\" content=\"Andr\u00e9 Serra\" \/>\n\t<meta name=\"twitter:label2\" content=\"Est. tempo de leitura\" \/>\n\t<meta name=\"twitter:data2\" content=\"3 minutos\" \/>\n<script type=\"application\/ld+json\" class=\"yoast-schema-graph\">{\"@context\":\"https:\/\/schema.org\",\"@graph\":[{\"@type\":\"NewsArticle\",\"@id\":\"https:\/\/www.gaveanews.com\/index.php\/2024\/12\/03\/botafogo-a-declaracao-de-savarino-direcionada-a-artur-jorge-2\/#article\",\"isPartOf\":{\"@id\":\"https:\/\/www.gaveanews.com\/index.php\/2024\/12\/03\/botafogo-a-declaracao-de-savarino-direcionada-a-artur-jorge-2\/\"},\"author\":{\"name\":\"Andr\u00e9 Serra\",\"@id\":\"https:\/\/www.gaveanews.com\/#\/schema\/person\/0277a79a1289c451c281ec0411d84f0c\"},\"headline\":\"Botafogo: a declara\u00e7\u00e3o de Savarino direcionada a Artur Jorge\",\"datePublished\":\"2024-12-03T18:40:08+00:00\",\"mainEntityOfPage\":{\"@id\":\"https:\/\/www.gaveanews.com\/index.php\/2024\/12\/03\/botafogo-a-declaracao-de-savarino-direcionada-a-artur-jorge-2\/\"},\"wordCount\":536,\"commentCount\":0,\"image\":{\"@id\":\"https:\/\/www.gaveanews.com\/index.php\/2024\/12\/03\/botafogo-a-declaracao-de-savarino-direcionada-a-artur-jorge-2\/#primaryimage\"},\"thumbnailUrl\":\"https:\/\/www.gaveanews.com\/wp-content\/uploads\/53646308019_88b185bf1f_o-1536x1024-1.webp\",\"articleSection\":[\"Botafogo\"],\"inLanguage\":\"pt-BR\",\"potentialAction\":[{\"@type\":\"CommentAction\",\"name\":\"Comment\",\"target\":[\"https:\/\/www.gaveanews.com\/index.php\/2024\/12\/03\/botafogo-a-declaracao-de-savarino-direcionada-a-artur-jorge-2\/#respond\"]}],\"copyrightYear\":\"2024\",\"copyrightHolder\":{\"@id\":\"https:\/\/www.gaveanews.com\/#organization\"}},{\"@type\":\"WebPage\",\"@id\":\"https:\/\/www.gaveanews.com\/index.php\/2024\/12\/03\/botafogo-a-declaracao-de-savarino-direcionada-a-artur-jorge-2\/\",\"url\":\"https:\/\/www.gaveanews.com\/index.php\/2024\/12\/03\/botafogo-a-declaracao-de-savarino-direcionada-a-artur-jorge-2\/\",\"name\":\"Botafogo: a declara\u00e7\u00e3o de Savarino direcionada a Artur Jorge\",\"isPartOf\":{\"@id\":\"https:\/\/www.gaveanews.com\/#website\"},\"primaryImageOfPage\":{\"@id\":\"https:\/\/www.gaveanews.com\/index.php\/2024\/12\/03\/botafogo-a-declaracao-de-savarino-direcionada-a-artur-jorge-2\/#primaryimage\"},\"image\":{\"@id\":\"https:\/\/www.gaveanews.com\/index.php\/2024\/12\/03\/botafogo-a-declaracao-de-savarino-direcionada-a-artur-jorge-2\/#primaryimage\"},\"thumbnailUrl\":\"https:\/\/www.gaveanews.com\/wp-content\/uploads\/53646308019_88b185bf1f_o-1536x1024-1.webp\",\"datePublished\":\"2024-12-03T18:40:08+00:00\",\"author\":{\"@id\":\"https:\/\/www.gaveanews.com\/#\/schema\/person\/0277a79a1289c451c281ec0411d84f0c\"},\"breadcrumb\":{\"@id\":\"https:\/\/www.gaveanews.com\/index.php\/2024\/12\/03\/botafogo-a-declaracao-de-savarino-direcionada-a-artur-jorge-2\/#breadcrumb\"},\"inLanguage\":\"pt-BR\",\"potentialAction\":[{\"@type\":\"ReadAction\",\"target\":[\"https:\/\/www.gaveanews.com\/index.php\/2024\/12\/03\/botafogo-a-declaracao-de-savarino-direcionada-a-artur-jorge-2\/\"]}]},{\"@type\":\"ImageObject\",\"inLanguage\":\"pt-BR\",\"@id\":\"https:\/\/www.gaveanews.com\/index.php\/2024\/12\/03\/botafogo-a-declaracao-de-savarino-direcionada-a-artur-jorge-2\/#primaryimage\",\"url\":\"https:\/\/www.gaveanews.com\/wp-content\/uploads\/53646308019_88b185bf1f_o-1536x1024-1.webp\",\"contentUrl\":\"https:\/\/www.gaveanews.com\/wp-content\/uploads\/53646308019_88b185bf1f_o-1536x1024-1.webp\",\"width\":1536,\"height\":1024,\"caption\":\"Artur Jorge - Foto: Vitor Silva\/Botafogo\"},{\"@type\":\"BreadcrumbList\",\"@id\":\"https:\/\/www.gaveanews.com\/index.php\/2024\/12\/03\/botafogo-a-declaracao-de-savarino-direcionada-a-artur-jorge-2\/#breadcrumb\",\"itemListElement\":[{\"@type\":\"ListItem\",\"position\":1,\"name\":\"Home\",\"item\":\"https:\/\/www.gaveanews.com\/\"},{\"@type\":\"ListItem\",\"position\":2,\"name\":\"Botafogo: a declara\u00e7\u00e3o de Savarino direcionada a Artur Jorge\"}]},{\"@type\":\"WebSite\",\"@id\":\"https:\/\/www.gaveanews.com\/#website\",\"url\":\"https:\/\/www.gaveanews.com\/\",\"name\":\"G\u00e1vea News\",\"description\":\"Veja todas as not\u00edcias sobre o Flamengo: Contrata\u00e7\u00f5es, categorias de base, resultados das partidas, tabela de classifica\u00e7\u00e3o, pr\u00f3ximos jogos!\",\"potentialAction\":[{\"@type\":\"SearchAction\",\"target\":{\"@type\":\"EntryPoint\",\"urlTemplate\":\"https:\/\/www.gaveanews.com\/?s={search_term_string}\"},\"query-input\":{\"@type\":\"PropertyValueSpecification\",\"valueRequired\":true,\"valueName\":\"search_term_string\"}}],\"inLanguage\":\"pt-BR\"},{\"@type\":\"Person\",\"@id\":\"https:\/\/www.gaveanews.com\/#\/schema\/person\/0277a79a1289c451c281ec0411d84f0c\",\"name\":\"Andr\u00e9 Serra\",\"image\":{\"@type\":\"ImageObject\",\"inLanguage\":\"pt-BR\",\"@id\":\"https:\/\/www.gaveanews.com\/#\/schema\/person\/image\/\",\"url\":\"https:\/\/secure.gravatar.com\/avatar\/d7231369fe48db93292b3e88eb2162dbd9a34a47a8437d9ef3bcaca2a86a83d7?s=96&d=mm&r=g\",\"contentUrl\":\"https:\/\/secure.gravatar.com\/avatar\/d7231369fe48db93292b3e88eb2162dbd9a34a47a8437d9ef3bcaca2a86a83d7?s=96&d=mm&r=g\",\"caption\":\"Andr\u00e9 Serra\"}}]}<\/script>\n<!-- \/ Yoast SEO Premium plugin. -->","yoast_head_json":{"title":"Botafogo: a declara\u00e7\u00e3o de Savarino direcionada a Artur Jorge","robots":{"index":"index","follow":"follow","max-snippet":"max-snippet:-1","max-image-preview":"max-image-preview:large","max-video-preview":"max-video-preview:-1"},"canonical":"https:\/\/www.gaveanews.com\/index.php\/2024\/12\/03\/botafogo-a-declaracao-de-savarino-direcionada-a-artur-jorge-2\/","og_locale":"pt_BR","og_type":"article","og_title":"Botafogo: a declara\u00e7\u00e3o de Savarino direcionada a Artur Jorge","og_description":"Meia disse que treinador foi bastante corajoso O Botafogo \u00e9 o grande campe\u00e3o da Libertadores de 2024 ao vencer o Atl\u00e9tico-MG por 3 a 1 no \u00faltimo fim de semana, com o meia-atacante Jefferson Savarino sendo um dos principais destaques do time no torneio. O jogador concedeu entrevista ao &#8220;Boleiragem&#8221; e comentou sobre a final. [&hellip;]","og_url":"https:\/\/www.gaveanews.com\/index.php\/2024\/12\/03\/botafogo-a-declaracao-de-savarino-direcionada-a-artur-jorge-2\/","og_site_name":"G\u00e1vea News","article_publisher":"https:\/\/facebook.com\/gaveaNews\/","article_published_time":"2024-12-03T18:40:08+00:00","og_image":[{"width":1536,"height":1024,"url":"https:\/\/www.gaveanews.com\/wp-content\/uploads\/53646308019_88b185bf1f_o-1536x1024-1.webp","type":"image\/jpeg"}],"author":"Andr\u00e9 Serra","twitter_card":"summary_large_image","twitter_misc":{"Escrito por":"Andr\u00e9 Serra","Est. tempo de leitura":"3 minutos"},"schema":{"@context":"https:\/\/schema.org","@graph":[{"@type":"NewsArticle","@id":"https:\/\/www.gaveanews.com\/index.php\/2024\/12\/03\/botafogo-a-declaracao-de-savarino-direcionada-a-artur-jorge-2\/#article","isPartOf":{"@id":"https:\/\/www.gaveanews.com\/index.php\/2024\/12\/03\/botafogo-a-declaracao-de-savarino-direcionada-a-artur-jorge-2\/"},"author":{"name":"Andr\u00e9 Serra","@id":"https:\/\/www.gaveanews.com\/#\/schema\/person\/0277a79a1289c451c281ec0411d84f0c"},"headline":"Botafogo: a declara\u00e7\u00e3o de Savarino direcionada a Artur Jorge","datePublished":"2024-12-03T18:40:08+00:00","mainEntityOfPage":{"@id":"https:\/\/www.gaveanews.com\/index.php\/2024\/12\/03\/botafogo-a-declaracao-de-savarino-direcionada-a-artur-jorge-2\/"},"wordCount":536,"commentCount":0,"image":{"@id":"https:\/\/www.gaveanews.com\/index.php\/2024\/12\/03\/botafogo-a-declaracao-de-savarino-direcionada-a-artur-jorge-2\/#primaryimage"},"thumbnailUrl":"https:\/\/www.gaveanews.com\/wp-content\/uploads\/53646308019_88b185bf1f_o-1536x1024-1.webp","articleSection":["Botafogo"],"inLanguage":"pt-BR","potentialAction":[{"@type":"CommentAction","name":"Comment","target":["https:\/\/www.gaveanews.com\/index.php\/2024\/12\/03\/botafogo-a-declaracao-de-savarino-direcionada-a-artur-jorge-2\/#respond"]}],"copyrightYear":"2024","copyrightHolder":{"@id":"https:\/\/www.gaveanews.com\/#organization"}},{"@type":"WebPage","@id":"https:\/\/www.gaveanews.com\/index.php\/2024\/12\/03\/botafogo-a-declaracao-de-savarino-direcionada-a-artur-jorge-2\/","url":"https:\/\/www.gaveanews.com\/index.php\/2024\/12\/03\/botafogo-a-declaracao-de-savarino-direcionada-a-artur-jorge-2\/","name":"Botafogo: a declara\u00e7\u00e3o de Savarino direcionada a Artur Jorge","isPartOf":{"@id":"https:\/\/www.gaveanews.com\/#website"},"primaryImageOfPage":{"@id":"https:\/\/www.gaveanews.com\/index.php\/2024\/12\/03\/botafogo-a-declaracao-de-savarino-direcionada-a-artur-jorge-2\/#primaryimage"},"image":{"@id":"https:\/\/www.gaveanews.com\/index.php\/2024\/12\/03\/botafogo-a-declaracao-de-savarino-direcionada-a-artur-jorge-2\/#primaryimage"},"thumbnailUrl":"https:\/\/www.gaveanews.com\/wp-content\/uploads\/53646308019_88b185bf1f_o-1536x1024-1.webp","datePublished":"2024-12-03T18:40:08+00:00","author":{"@id":"https:\/\/www.gaveanews.com\/#\/schema\/person\/0277a79a1289c451c281ec0411d84f0c"},"breadcrumb":{"@id":"https:\/\/www.gaveanews.com\/index.php\/2024\/12\/03\/botafogo-a-declaracao-de-savarino-direcionada-a-artur-jorge-2\/#breadcrumb"},"inLanguage":"pt-BR","potentialAction":[{"@type":"ReadAction","target":["https:\/\/www.gaveanews.com\/index.php\/2024\/12\/03\/botafogo-a-declaracao-de-savarino-direcionada-a-artur-jorge-2\/"]}]},{"@type":"ImageObject","inLanguage":"pt-BR","@id":"https:\/\/www.gaveanews.com\/index.php\/2024\/12\/03\/botafogo-a-declaracao-de-savarino-direcionada-a-artur-jorge-2\/#primaryimage","url":"https:\/\/www.gaveanews.com\/wp-content\/uploads\/53646308019_88b185bf1f_o-1536x1024-1.webp","contentUrl":"https:\/\/www.gaveanews.com\/wp-content\/uploads\/53646308019_88b185bf1f_o-1536x1024-1.webp","width":1536,"height":1024,"caption":"Artur Jorge - Foto: Vitor Silva\/Botafogo"},{"@type":"BreadcrumbList","@id":"https:\/\/www.gaveanews.com\/index.php\/2024\/12\/03\/botafogo-a-declaracao-de-savarino-direcionada-a-artur-jorge-2\/#breadcrumb","itemListElement":[{"@type":"ListItem","position":1,"name":"Home","item":"https:\/\/www.gaveanews.com\/"},{"@type":"ListItem","position":2,"name":"Botafogo: a declara\u00e7\u00e3o de Savarino direcionada a Artur Jorge"}]},{"@type":"WebSite","@id":"https:\/\/www.gaveanews.com\/#website","url":"https:\/\/www.gaveanews.com\/","name":"G\u00e1vea News","description":"Veja todas as not\u00edcias sobre o Flamengo: Contrata\u00e7\u00f5es, categorias de base, resultados das partidas, tabela de classifica\u00e7\u00e3o, pr\u00f3ximos jogos!","potentialAction":[{"@type":"SearchAction","target":{"@type":"EntryPoint","urlTemplate":"https:\/\/www.gaveanews.com\/?s={search_term_string}"},"query-input":{"@type":"PropertyValueSpecification","valueRequired":true,"valueName":"search_term_string"}}],"inLanguage":"pt-BR"},{"@type":"Person","@id":"https:\/\/www.gaveanews.com\/#\/schema\/person\/0277a79a1289c451c281ec0411d84f0c","name":"Andr\u00e9 Serra","image":{"@type":"ImageObject","inLanguage":"pt-BR","@id":"https:\/\/www.gaveanews.com\/#\/schema\/person\/image\/","url":"https:\/\/secure.gravatar.com\/avatar\/d7231369fe48db93292b3e88eb2162dbd9a34a47a8437d9ef3bcaca2a86a83d7?s=96&d=mm&r=g","contentUrl":"https:\/\/secure.gravatar.com\/avatar\/d7231369fe48db93292b3e88eb2162dbd9a34a47a8437d9ef3bcaca2a86a83d7?s=96&d=mm&r=g","caption":"Andr\u00e9 Serra"}}]}},"_links":{"self":[{"href":"https:\/\/www.gaveanews.com\/index.php\/wp-json\/wp\/v2\/posts\/193985","targetHints":{"allow":["GET"]}}],"collection":[{"href":"https:\/\/www.gaveanews.com\/index.php\/wp-json\/wp\/v2\/posts"}],"about":[{"href":"https:\/\/www.gaveanews.com\/index.php\/wp-json\/wp\/v2\/types\/post"}],"author":[{"embeddable":true,"href":"https:\/\/www.gaveanews.com\/index.php\/wp-json\/wp\/v2\/users\/21"}],"replies":[{"embeddable":true,"href":"https:\/\/www.gaveanews.com\/index.php\/wp-json\/wp\/v2\/comments?post=193985"}],"version-history":[{"count":1,"href":"https:\/\/www.gaveanews.com\/index.php\/wp-json\/wp\/v2\/posts\/193985\/revisions"}],"predecessor-version":[{"id":193991,"href":"https:\/\/www.gaveanews.com\/index.php\/wp-json\/wp\/v2\/posts\/193985\/revisions\/193991"}],"wp:featuredmedia":[{"embeddable":true,"href":"https:\/\/www.gaveanews.com\/index.php\/wp-json\/wp\/v2\/media\/149046"}],"wp:attachment":[{"href":"https:\/\/www.gaveanews.com\/index.php\/wp-json\/wp\/v2\/media?parent=193985"}],"wp:term":[{"taxonomy":"category","embeddable":true,"href":"https:\/\/www.gaveanews.com\/index.php\/wp-json\/wp\/v2\/categories?post=193985"},{"taxonomy":"post_tag","embeddable":true,"href":"https:\/\/www.gaveanews.com\/index.php\/wp-json\/wp\/v2\/tags?post=193985"}],"curies":[{"name":"wp","href":"https:\/\/api.w.org\/{rel}","templated":true}]}}