{"id":193997,"date":"2024-12-03T15:20:38","date_gmt":"2024-12-03T18:20:38","guid":{"rendered":"https:\/\/www.gaveanews.com\/?p=193997"},"modified":"2024-12-03T15:20:41","modified_gmt":"2024-12-03T18:20:41","slug":"flamengo-emite-nota-oficial-sobre-rossi-leo-pereira-e-alex-sandro","status":"publish","type":"post","link":"https:\/\/www.gaveanews.com\/index.php\/2024\/12\/03\/flamengo-emite-nota-oficial-sobre-rossi-leo-pereira-e-alex-sandro\/","title":{"rendered":"Flamengo emite nota oficial sobre Rossi, L\u00e9o Pereira e Alex Sandro"},"content":{"rendered":"\n<p>O Flamengo enfrenta uma s\u00e9rie de desafios para o confronto contra o Crici\u00fama, v\u00e1lido pela 37\u00aa rodada do Campeonato Brasileiro. Em nota oficial, o clube informou que tr\u00eas importantes atletas n\u00e3o viajar\u00e3o para Santa Catarina.&nbsp;<\/p>\n\n\n\n<ul class=\"wp-block-list\">\n<li><a href=\"https:\/\/www.gaveanews.com\/index.php\/2024\/12\/03\/zico-detona-atitude-da-diretoria-do-flamengo\/\">Zico detona atitude da diretoria do Flamengo<\/a><\/li>\n\n\n\n<li><a href=\"https:\/\/www.gaveanews.com\/index.php\/2024\/12\/03\/flamengo-define-o-futuro-de-thiago-maia\/\">Flamengo define o futuro de Thiago Maia<\/a><\/li>\n<\/ul>\n\n\n\n<p>Enquanto isso, os torcedores aguardam ansiosos pela defini\u00e7\u00e3o do time que entrar\u00e1 em campo nesta quarta-feira (4), \u00e0s 20h (de Bras\u00edlia), no Est\u00e1dio Heriberto H\u00fclse.<\/p>\n\n\n\n<h2 class=\"wp-block-heading\" id=\"h-entenda-os-desfalques-anunciados-pelo-clube\">Entenda os desfalques anunciados pelo clube<\/h2>\n\n\n\n<p>De acordo com o comunicado oficial, o goleiro Rossi, o zagueiro L\u00e9o Pereira e o lateral-esquerdo Alex Sandro est\u00e3o fora do duelo contra o Crici\u00fama.&nbsp;<\/p>\n\n\n\n<p>&#8220;O Clube de Regatas do Flamengo informa que os atletas Rossi, L\u00e9o Pereira e Alex Sandro n\u00e3o ser\u00e3o relacionados para a viagem com dores no ombro direito, no m\u00fasculo adutor da coxa direita e na panturrilha esquerda, respectivamente&#8221;, disse o Flamengo em nota oficial.<\/p>\n\n\n\n<blockquote class=\"twitter-tweet\"><p lang=\"pt\" dir=\"ltr\">O Clube de Regatas do Flamengo informa que os atletas Rossi, L\u00e9o Pereira e Alex Sandro n\u00e3o ser\u00e3o relacionados para a viagem com dores no ombro direito, no m\u00fasculo adutor da coxa direita e na panturrilha esquerda, respectivamente.<a href=\"https:\/\/twitter.com\/hashtag\/CRF?src=hash&amp;ref_src=twsrc%5Etfw\">#CRF<\/a><\/p>&mdash; Flamengo (@Flamengo) <a href=\"https:\/\/twitter.com\/Flamengo\/status\/1863976537260695597?ref_src=twsrc%5Etfw\">December 3, 2024<\/a><\/blockquote> <script async src=\"https:\/\/platform.twitter.com\/widgets.js\" charset=\"utf-8\"><\/script>\n\n\n\n<p>Al\u00e9m disso, o Flamengo tamb\u00e9m n\u00e3o contar\u00e1 com Gerson e De La Cruz, ambos suspensos.<\/p>\n\n\n\n<p>Vale destacar que esses desfalques representam um grande desafio para o t\u00e9cnico, que precisa reorganizar o elenco em busca de pontos importantes na reta final do campeonato. Sendo assim, o terceiro colocado do Brasileir\u00e3o, com 66 pontos, entrar\u00e1 em campo com uma forma\u00e7\u00e3o alternativa.<\/p>\n\n\n\n<h2 class=\"wp-block-heading\" id=\"h-a-volta-de-luiz-araujo-anima-os-torcedores\">A volta de Luiz Ara\u00fajo anima os torcedores<\/h2>\n\n\n\n<p>Por outro lado, uma boa not\u00edcia chega para a Na\u00e7\u00e3o Rubro-Negra: Luiz Ara\u00fajo est\u00e1 de volta aos relacionados. Totalmente recuperado da fratura de cartilagem no joelho direito sofrida em setembro, o jogador pode ganhar minutos preciosos na partida.&nbsp;<\/p>\n\n\n\n<p>Isso porque, mesmo com um longo per\u00edodo de recupera\u00e7\u00e3o, ele \u00e9 considerado pe\u00e7a fundamental no esquema rubro-negro.<\/p>\n\n\n\n<p>Contratado no segundo semestre do ano passado, Luiz vinha tendo sua melhor temporada pelo Flamengo at\u00e9 a les\u00e3o. Com 50 jogos, seis gols e 10 assist\u00eancias em 2024, ele refor\u00e7a o time em um momento decisivo.&nbsp;<\/p>\n\n\n\n<p>Dessa maneira, a expectativa \u00e9 de que sua reintegra\u00e7\u00e3o seja gradual, evitando novos problemas f\u00edsicos.<\/p>\n\n\n\n<p>Com isso, o Flamengo aposta na combina\u00e7\u00e3o de ajustes t\u00e1ticos e retorno de pe\u00e7as importantes para superar os obst\u00e1culos nesta reta final do Brasileir\u00e3o.<\/p>\n","protected":false},"excerpt":{"rendered":"<p>O Flamengo enfrenta uma s\u00e9rie de desafios para o confronto contra o Crici\u00fama, v\u00e1lido pela 37\u00aa rodada do Campeonato Brasileiro. Em nota oficial, o clube informou que tr\u00eas importantes atletas n\u00e3o viajar\u00e3o para Santa Catarina.&nbsp; Enquanto isso, os torcedores aguardam ansiosos pela defini\u00e7\u00e3o do time que entrar\u00e1 em campo nesta quarta-feira (4), \u00e0s 20h (de [&hellip;]<\/p>\n","protected":false},"author":25,"featured_media":129425,"comment_status":"open","ping_status":"closed","sticky":false,"template":"","format":"standard","meta":{"footnotes":""},"categories":[1],"tags":[],"class_list":["post-193997","post","type-post","status-publish","format-standard","has-post-thumbnail","hentry","category-flamengo"],"yoast_head":"<!-- This site is optimized with the Yoast SEO Premium plugin v24.2 (Yoast SEO v26.9) - https:\/\/yoast.com\/product\/yoast-seo-premium-wordpress\/ -->\n<title>Flamengo emite nota oficial sobre Rossi, L\u00e9o Pereira e Alex Sandro<\/title>\n<meta name=\"robots\" content=\"index, follow, max-snippet:-1, max-image-preview:large, max-video-preview:-1\" \/>\n<link rel=\"canonical\" href=\"https:\/\/www.gaveanews.com\/index.php\/2024\/12\/03\/flamengo-emite-nota-oficial-sobre-rossi-leo-pereira-e-alex-sandro\/\" \/>\n<meta property=\"og:locale\" content=\"pt_BR\" \/>\n<meta property=\"og:type\" content=\"article\" \/>\n<meta property=\"og:title\" content=\"Flamengo emite nota oficial sobre Rossi, L\u00e9o Pereira e Alex Sandro\" \/>\n<meta property=\"og:description\" content=\"O Flamengo enfrenta uma s\u00e9rie de desafios para o confronto contra o Crici\u00fama, v\u00e1lido pela 37\u00aa rodada do Campeonato Brasileiro. Em nota oficial, o clube informou que tr\u00eas importantes atletas n\u00e3o viajar\u00e3o para Santa Catarina.&nbsp; Enquanto isso, os torcedores aguardam ansiosos pela defini\u00e7\u00e3o do time que entrar\u00e1 em campo nesta quarta-feira (4), \u00e0s 20h (de [&hellip;]\" \/>\n<meta property=\"og:url\" content=\"https:\/\/www.gaveanews.com\/index.php\/2024\/12\/03\/flamengo-emite-nota-oficial-sobre-rossi-leo-pereira-e-alex-sandro\/\" \/>\n<meta property=\"og:site_name\" content=\"G\u00e1vea News\" \/>\n<meta property=\"article:publisher\" content=\"https:\/\/facebook.com\/gaveaNews\/\" \/>\n<meta property=\"article:published_time\" content=\"2024-12-03T18:20:38+00:00\" \/>\n<meta property=\"article:modified_time\" content=\"2024-12-03T18:20:41+00:00\" \/>\n<meta property=\"og:image\" content=\"https:\/\/www.gaveanews.com\/wp-content\/uploads\/CT-Ninho-do-Urubu.webp\" \/>\n\t<meta property=\"og:image:width\" content=\"640\" \/>\n\t<meta property=\"og:image:height\" content=\"400\" \/>\n\t<meta property=\"og:image:type\" content=\"image\/jpeg\" \/>\n<meta name=\"author\" content=\"Rafaela Ladeira\" \/>\n<meta name=\"twitter:card\" content=\"summary_large_image\" \/>\n<meta name=\"twitter:label1\" content=\"Escrito por\" \/>\n\t<meta name=\"twitter:data1\" content=\"Rafaela Ladeira\" \/>\n\t<meta name=\"twitter:label2\" content=\"Est. tempo de leitura\" \/>\n\t<meta name=\"twitter:data2\" content=\"3 minutos\" \/>\n<script type=\"application\/ld+json\" class=\"yoast-schema-graph\">{\"@context\":\"https:\/\/schema.org\",\"@graph\":[{\"@type\":\"NewsArticle\",\"@id\":\"https:\/\/www.gaveanews.com\/index.php\/2024\/12\/03\/flamengo-emite-nota-oficial-sobre-rossi-leo-pereira-e-alex-sandro\/#article\",\"isPartOf\":{\"@id\":\"https:\/\/www.gaveanews.com\/index.php\/2024\/12\/03\/flamengo-emite-nota-oficial-sobre-rossi-leo-pereira-e-alex-sandro\/\"},\"author\":{\"name\":\"Rafaela Ladeira\",\"@id\":\"https:\/\/www.gaveanews.com\/#\/schema\/person\/0eb3e3fe1754f0205218538adbe8f5ed\"},\"headline\":\"Flamengo emite nota oficial sobre Rossi, L\u00e9o Pereira e Alex Sandro\",\"datePublished\":\"2024-12-03T18:20:38+00:00\",\"dateModified\":\"2024-12-03T18:20:41+00:00\",\"mainEntityOfPage\":{\"@id\":\"https:\/\/www.gaveanews.com\/index.php\/2024\/12\/03\/flamengo-emite-nota-oficial-sobre-rossi-leo-pereira-e-alex-sandro\/\"},\"wordCount\":441,\"commentCount\":0,\"image\":{\"@id\":\"https:\/\/www.gaveanews.com\/index.php\/2024\/12\/03\/flamengo-emite-nota-oficial-sobre-rossi-leo-pereira-e-alex-sandro\/#primaryimage\"},\"thumbnailUrl\":\"https:\/\/www.gaveanews.com\/wp-content\/uploads\/CT-Ninho-do-Urubu.webp\",\"articleSection\":[\"Flamengo\"],\"inLanguage\":\"pt-BR\",\"potentialAction\":[{\"@type\":\"CommentAction\",\"name\":\"Comment\",\"target\":[\"https:\/\/www.gaveanews.com\/index.php\/2024\/12\/03\/flamengo-emite-nota-oficial-sobre-rossi-leo-pereira-e-alex-sandro\/#respond\"]}],\"copyrightYear\":\"2024\",\"copyrightHolder\":{\"@id\":\"https:\/\/www.gaveanews.com\/#organization\"}},{\"@type\":\"WebPage\",\"@id\":\"https:\/\/www.gaveanews.com\/index.php\/2024\/12\/03\/flamengo-emite-nota-oficial-sobre-rossi-leo-pereira-e-alex-sandro\/\",\"url\":\"https:\/\/www.gaveanews.com\/index.php\/2024\/12\/03\/flamengo-emite-nota-oficial-sobre-rossi-leo-pereira-e-alex-sandro\/\",\"name\":\"Flamengo emite nota oficial sobre Rossi, L\u00e9o Pereira e Alex Sandro\",\"isPartOf\":{\"@id\":\"https:\/\/www.gaveanews.com\/#website\"},\"primaryImageOfPage\":{\"@id\":\"https:\/\/www.gaveanews.com\/index.php\/2024\/12\/03\/flamengo-emite-nota-oficial-sobre-rossi-leo-pereira-e-alex-sandro\/#primaryimage\"},\"image\":{\"@id\":\"https:\/\/www.gaveanews.com\/index.php\/2024\/12\/03\/flamengo-emite-nota-oficial-sobre-rossi-leo-pereira-e-alex-sandro\/#primaryimage\"},\"thumbnailUrl\":\"https:\/\/www.gaveanews.com\/wp-content\/uploads\/CT-Ninho-do-Urubu.webp\",\"datePublished\":\"2024-12-03T18:20:38+00:00\",\"dateModified\":\"2024-12-03T18:20:41+00:00\",\"author\":{\"@id\":\"https:\/\/www.gaveanews.com\/#\/schema\/person\/0eb3e3fe1754f0205218538adbe8f5ed\"},\"breadcrumb\":{\"@id\":\"https:\/\/www.gaveanews.com\/index.php\/2024\/12\/03\/flamengo-emite-nota-oficial-sobre-rossi-leo-pereira-e-alex-sandro\/#breadcrumb\"},\"inLanguage\":\"pt-BR\",\"potentialAction\":[{\"@type\":\"ReadAction\",\"target\":[\"https:\/\/www.gaveanews.com\/index.php\/2024\/12\/03\/flamengo-emite-nota-oficial-sobre-rossi-leo-pereira-e-alex-sandro\/\"]}]},{\"@type\":\"ImageObject\",\"inLanguage\":\"pt-BR\",\"@id\":\"https:\/\/www.gaveanews.com\/index.php\/2024\/12\/03\/flamengo-emite-nota-oficial-sobre-rossi-leo-pereira-e-alex-sandro\/#primaryimage\",\"url\":\"https:\/\/www.gaveanews.com\/wp-content\/uploads\/CT-Ninho-do-Urubu.webp\",\"contentUrl\":\"https:\/\/www.gaveanews.com\/wp-content\/uploads\/CT-Ninho-do-Urubu.webp\",\"width\":640,\"height\":400,\"caption\":\"CT Ninho do Urubu - Foto: Paula Reis\"},{\"@type\":\"BreadcrumbList\",\"@id\":\"https:\/\/www.gaveanews.com\/index.php\/2024\/12\/03\/flamengo-emite-nota-oficial-sobre-rossi-leo-pereira-e-alex-sandro\/#breadcrumb\",\"itemListElement\":[{\"@type\":\"ListItem\",\"position\":1,\"name\":\"Home\",\"item\":\"https:\/\/www.gaveanews.com\/\"},{\"@type\":\"ListItem\",\"position\":2,\"name\":\"Flamengo emite nota oficial sobre Rossi, L\u00e9o Pereira e Alex Sandro\"}]},{\"@type\":\"WebSite\",\"@id\":\"https:\/\/www.gaveanews.com\/#website\",\"url\":\"https:\/\/www.gaveanews.com\/\",\"name\":\"G\u00e1vea News\",\"description\":\"Veja todas as not\u00edcias sobre o Flamengo: Contrata\u00e7\u00f5es, categorias de base, resultados das partidas, tabela de classifica\u00e7\u00e3o, pr\u00f3ximos jogos!\",\"potentialAction\":[{\"@type\":\"SearchAction\",\"target\":{\"@type\":\"EntryPoint\",\"urlTemplate\":\"https:\/\/www.gaveanews.com\/?s={search_term_string}\"},\"query-input\":{\"@type\":\"PropertyValueSpecification\",\"valueRequired\":true,\"valueName\":\"search_term_string\"}}],\"inLanguage\":\"pt-BR\"},{\"@type\":\"Person\",\"@id\":\"https:\/\/www.gaveanews.com\/#\/schema\/person\/0eb3e3fe1754f0205218538adbe8f5ed\",\"name\":\"Rafaela Ladeira\",\"image\":{\"@type\":\"ImageObject\",\"inLanguage\":\"pt-BR\",\"@id\":\"https:\/\/www.gaveanews.com\/#\/schema\/person\/image\/\",\"url\":\"https:\/\/secure.gravatar.com\/avatar\/c31f513acffd85eacab5730cbdfdbbf59f21ba5aeada8cd890acea879fbb2455?s=96&d=mm&r=g\",\"contentUrl\":\"https:\/\/secure.gravatar.com\/avatar\/c31f513acffd85eacab5730cbdfdbbf59f21ba5aeada8cd890acea879fbb2455?s=96&d=mm&r=g\",\"caption\":\"Rafaela Ladeira\"}}]}<\/script>\n<!-- \/ Yoast SEO Premium plugin. -->","yoast_head_json":{"title":"Flamengo emite nota oficial sobre Rossi, L\u00e9o Pereira e Alex Sandro","robots":{"index":"index","follow":"follow","max-snippet":"max-snippet:-1","max-image-preview":"max-image-preview:large","max-video-preview":"max-video-preview:-1"},"canonical":"https:\/\/www.gaveanews.com\/index.php\/2024\/12\/03\/flamengo-emite-nota-oficial-sobre-rossi-leo-pereira-e-alex-sandro\/","og_locale":"pt_BR","og_type":"article","og_title":"Flamengo emite nota oficial sobre Rossi, L\u00e9o Pereira e Alex Sandro","og_description":"O Flamengo enfrenta uma s\u00e9rie de desafios para o confronto contra o Crici\u00fama, v\u00e1lido pela 37\u00aa rodada do Campeonato Brasileiro. Em nota oficial, o clube informou que tr\u00eas importantes atletas n\u00e3o viajar\u00e3o para Santa Catarina.&nbsp; Enquanto isso, os torcedores aguardam ansiosos pela defini\u00e7\u00e3o do time que entrar\u00e1 em campo nesta quarta-feira (4), \u00e0s 20h (de [&hellip;]","og_url":"https:\/\/www.gaveanews.com\/index.php\/2024\/12\/03\/flamengo-emite-nota-oficial-sobre-rossi-leo-pereira-e-alex-sandro\/","og_site_name":"G\u00e1vea News","article_publisher":"https:\/\/facebook.com\/gaveaNews\/","article_published_time":"2024-12-03T18:20:38+00:00","article_modified_time":"2024-12-03T18:20:41+00:00","og_image":[{"width":640,"height":400,"url":"https:\/\/www.gaveanews.com\/wp-content\/uploads\/CT-Ninho-do-Urubu.webp","type":"image\/jpeg"}],"author":"Rafaela Ladeira","twitter_card":"summary_large_image","twitter_misc":{"Escrito por":"Rafaela Ladeira","Est. tempo de leitura":"3 minutos"},"schema":{"@context":"https:\/\/schema.org","@graph":[{"@type":"NewsArticle","@id":"https:\/\/www.gaveanews.com\/index.php\/2024\/12\/03\/flamengo-emite-nota-oficial-sobre-rossi-leo-pereira-e-alex-sandro\/#article","isPartOf":{"@id":"https:\/\/www.gaveanews.com\/index.php\/2024\/12\/03\/flamengo-emite-nota-oficial-sobre-rossi-leo-pereira-e-alex-sandro\/"},"author":{"name":"Rafaela Ladeira","@id":"https:\/\/www.gaveanews.com\/#\/schema\/person\/0eb3e3fe1754f0205218538adbe8f5ed"},"headline":"Flamengo emite nota oficial sobre Rossi, L\u00e9o Pereira e Alex Sandro","datePublished":"2024-12-03T18:20:38+00:00","dateModified":"2024-12-03T18:20:41+00:00","mainEntityOfPage":{"@id":"https:\/\/www.gaveanews.com\/index.php\/2024\/12\/03\/flamengo-emite-nota-oficial-sobre-rossi-leo-pereira-e-alex-sandro\/"},"wordCount":441,"commentCount":0,"image":{"@id":"https:\/\/www.gaveanews.com\/index.php\/2024\/12\/03\/flamengo-emite-nota-oficial-sobre-rossi-leo-pereira-e-alex-sandro\/#primaryimage"},"thumbnailUrl":"https:\/\/www.gaveanews.com\/wp-content\/uploads\/CT-Ninho-do-Urubu.webp","articleSection":["Flamengo"],"inLanguage":"pt-BR","potentialAction":[{"@type":"CommentAction","name":"Comment","target":["https:\/\/www.gaveanews.com\/index.php\/2024\/12\/03\/flamengo-emite-nota-oficial-sobre-rossi-leo-pereira-e-alex-sandro\/#respond"]}],"copyrightYear":"2024","copyrightHolder":{"@id":"https:\/\/www.gaveanews.com\/#organization"}},{"@type":"WebPage","@id":"https:\/\/www.gaveanews.com\/index.php\/2024\/12\/03\/flamengo-emite-nota-oficial-sobre-rossi-leo-pereira-e-alex-sandro\/","url":"https:\/\/www.gaveanews.com\/index.php\/2024\/12\/03\/flamengo-emite-nota-oficial-sobre-rossi-leo-pereira-e-alex-sandro\/","name":"Flamengo emite nota oficial sobre Rossi, L\u00e9o Pereira e Alex Sandro","isPartOf":{"@id":"https:\/\/www.gaveanews.com\/#website"},"primaryImageOfPage":{"@id":"https:\/\/www.gaveanews.com\/index.php\/2024\/12\/03\/flamengo-emite-nota-oficial-sobre-rossi-leo-pereira-e-alex-sandro\/#primaryimage"},"image":{"@id":"https:\/\/www.gaveanews.com\/index.php\/2024\/12\/03\/flamengo-emite-nota-oficial-sobre-rossi-leo-pereira-e-alex-sandro\/#primaryimage"},"thumbnailUrl":"https:\/\/www.gaveanews.com\/wp-content\/uploads\/CT-Ninho-do-Urubu.webp","datePublished":"2024-12-03T18:20:38+00:00","dateModified":"2024-12-03T18:20:41+00:00","author":{"@id":"https:\/\/www.gaveanews.com\/#\/schema\/person\/0eb3e3fe1754f0205218538adbe8f5ed"},"breadcrumb":{"@id":"https:\/\/www.gaveanews.com\/index.php\/2024\/12\/03\/flamengo-emite-nota-oficial-sobre-rossi-leo-pereira-e-alex-sandro\/#breadcrumb"},"inLanguage":"pt-BR","potentialAction":[{"@type":"ReadAction","target":["https:\/\/www.gaveanews.com\/index.php\/2024\/12\/03\/flamengo-emite-nota-oficial-sobre-rossi-leo-pereira-e-alex-sandro\/"]}]},{"@type":"ImageObject","inLanguage":"pt-BR","@id":"https:\/\/www.gaveanews.com\/index.php\/2024\/12\/03\/flamengo-emite-nota-oficial-sobre-rossi-leo-pereira-e-alex-sandro\/#primaryimage","url":"https:\/\/www.gaveanews.com\/wp-content\/uploads\/CT-Ninho-do-Urubu.webp","contentUrl":"https:\/\/www.gaveanews.com\/wp-content\/uploads\/CT-Ninho-do-Urubu.webp","width":640,"height":400,"caption":"CT Ninho do Urubu - Foto: Paula Reis"},{"@type":"BreadcrumbList","@id":"https:\/\/www.gaveanews.com\/index.php\/2024\/12\/03\/flamengo-emite-nota-oficial-sobre-rossi-leo-pereira-e-alex-sandro\/#breadcrumb","itemListElement":[{"@type":"ListItem","position":1,"name":"Home","item":"https:\/\/www.gaveanews.com\/"},{"@type":"ListItem","position":2,"name":"Flamengo emite nota oficial sobre Rossi, L\u00e9o Pereira e Alex Sandro"}]},{"@type":"WebSite","@id":"https:\/\/www.gaveanews.com\/#website","url":"https:\/\/www.gaveanews.com\/","name":"G\u00e1vea News","description":"Veja todas as not\u00edcias sobre o Flamengo: Contrata\u00e7\u00f5es, categorias de base, resultados das partidas, tabela de classifica\u00e7\u00e3o, pr\u00f3ximos jogos!","potentialAction":[{"@type":"SearchAction","target":{"@type":"EntryPoint","urlTemplate":"https:\/\/www.gaveanews.com\/?s={search_term_string}"},"query-input":{"@type":"PropertyValueSpecification","valueRequired":true,"valueName":"search_term_string"}}],"inLanguage":"pt-BR"},{"@type":"Person","@id":"https:\/\/www.gaveanews.com\/#\/schema\/person\/0eb3e3fe1754f0205218538adbe8f5ed","name":"Rafaela Ladeira","image":{"@type":"ImageObject","inLanguage":"pt-BR","@id":"https:\/\/www.gaveanews.com\/#\/schema\/person\/image\/","url":"https:\/\/secure.gravatar.com\/avatar\/c31f513acffd85eacab5730cbdfdbbf59f21ba5aeada8cd890acea879fbb2455?s=96&d=mm&r=g","contentUrl":"https:\/\/secure.gravatar.com\/avatar\/c31f513acffd85eacab5730cbdfdbbf59f21ba5aeada8cd890acea879fbb2455?s=96&d=mm&r=g","caption":"Rafaela Ladeira"}}]}},"_links":{"self":[{"href":"https:\/\/www.gaveanews.com\/index.php\/wp-json\/wp\/v2\/posts\/193997","targetHints":{"allow":["GET"]}}],"collection":[{"href":"https:\/\/www.gaveanews.com\/index.php\/wp-json\/wp\/v2\/posts"}],"about":[{"href":"https:\/\/www.gaveanews.com\/index.php\/wp-json\/wp\/v2\/types\/post"}],"author":[{"embeddable":true,"href":"https:\/\/www.gaveanews.com\/index.php\/wp-json\/wp\/v2\/users\/25"}],"replies":[{"embeddable":true,"href":"https:\/\/www.gaveanews.com\/index.php\/wp-json\/wp\/v2\/comments?post=193997"}],"version-history":[{"count":1,"href":"https:\/\/www.gaveanews.com\/index.php\/wp-json\/wp\/v2\/posts\/193997\/revisions"}],"predecessor-version":[{"id":193999,"href":"https:\/\/www.gaveanews.com\/index.php\/wp-json\/wp\/v2\/posts\/193997\/revisions\/193999"}],"wp:featuredmedia":[{"embeddable":true,"href":"https:\/\/www.gaveanews.com\/index.php\/wp-json\/wp\/v2\/media\/129425"}],"wp:attachment":[{"href":"https:\/\/www.gaveanews.com\/index.php\/wp-json\/wp\/v2\/media?parent=193997"}],"wp:term":[{"taxonomy":"category","embeddable":true,"href":"https:\/\/www.gaveanews.com\/index.php\/wp-json\/wp\/v2\/categories?post=193997"},{"taxonomy":"post_tag","embeddable":true,"href":"https:\/\/www.gaveanews.com\/index.php\/wp-json\/wp\/v2\/tags?post=193997"}],"curies":[{"name":"wp","href":"https:\/\/api.w.org\/{rel}","templated":true}]}}