{"id":194017,"date":"2024-12-03T19:30:00","date_gmt":"2024-12-03T22:30:00","guid":{"rendered":"https:\/\/www.gaveanews.com\/?p=194017"},"modified":"2024-12-03T19:15:45","modified_gmt":"2024-12-03T22:15:45","slug":"allan-do-flamengo-atrai-interesse-de-clube-do-exterior","status":"publish","type":"post","link":"https:\/\/www.gaveanews.com\/index.php\/2024\/12\/03\/allan-do-flamengo-atrai-interesse-de-clube-do-exterior\/","title":{"rendered":"Allan, do Flamengo, atrai interesse de clube do exterior"},"content":{"rendered":"\n<p>O futuro de Allan no Flamengo est\u00e1 em xeque. Ap\u00f3s perder espa\u00e7o na equipe comandada por Filipe Lu\u00eds, o volante tem atra\u00eddo o interesse de clubes fora do Brasil, e o Pumas, do M\u00e9xico, aparece como um dos principais interessados. Com uma proposta robusta na mesa, Allan pode estar de sa\u00edda do Flamengo em busca de novos desafios no futebol mexicano.<\/p>\n\n\n\n<ul class=\"wp-block-list\">\n<li><a href=\"https:\/\/www.gaveanews.com\/index.php\/2024\/12\/03\/zico-detona-atitude-da-diretoria-do-flamengo\/\">Zico detona atitude da diretoria do Flamengo<\/a><\/li>\n\n\n\n<li><a href=\"https:\/\/www.gaveanews.com\/index.php\/2024\/12\/03\/flamengo-define-o-futuro-de-thiago-maia\/\">Flamengo define o futuro de Thiago Maia<\/a><\/li>\n<\/ul>\n\n\n\n<h2 class=\"wp-block-heading\" id=\"h-proposta-de-emprestimo-com-opcao-de-compra-atraente\">Proposta de empr\u00e9stimo com op\u00e7\u00e3o de compra atraente<\/h2>\n\n\n\n<p>O Pumas n\u00e3o perdeu tempo e j\u00e1 apresentou uma proposta de empr\u00e9stimo para Allan, avaliada em 1 milh\u00e3o de d\u00f3lares (aproximadamente R$ 6 milh\u00f5es). Al\u00e9m disso, a negocia\u00e7\u00e3o inclui uma op\u00e7\u00e3o de compra de 4 milh\u00f5es de d\u00f3lares (cerca de R$ 24,2 milh\u00f5es), caso o clube decida permanecer com o jogador ap\u00f3s o per\u00edodo de empr\u00e9stimo. Dessa maneira, o Flamengo poderia obter uma boa compensa\u00e7\u00e3o financeira por um jogador que, at\u00e9 o momento, n\u00e3o tem conseguido se firmar como titular no time carioca.<\/p>\n\n\n\n<blockquote class=\"twitter-tweet\"><p lang=\"pt\" dir=\"ltr\">Pumas, do M\u00e9xico, quer a contrata\u00e7\u00e3o do volante Allan, do Flamengo.<br><br>O clube est\u00e1 disposto a pagar 1 milh\u00e3o de d\u00f3lares (R$ 6 milh\u00f5es) pelo empr\u00e9stimo, com op\u00e7\u00e3o de compra de 4 milh\u00f5es de d\u00f3lares (R$ 24,2 milh\u00f5es).<br><br>O estafe do jogador confirmou o interesse dos mexicanos.<br><br>\ud83d\uddde\u2026 <a href=\"https:\/\/t.co\/lrRazYu54h\">pic.twitter.com\/lrRazYu54h<\/a><\/p>&mdash; Planeta do Futebol \ud83c\udf0e (@futebol_info) <a href=\"https:\/\/twitter.com\/futebol_info\/status\/1864012950845170161?ref_src=twsrc%5Etfw\">December 3, 2024<\/a><\/blockquote> <script async src=\"https:\/\/platform.twitter.com\/widgets.js\" charset=\"utf-8\"><\/script>\n\n\n\n<h2 class=\"wp-block-heading\" id=\"h-filipe-luis-nao-ve-espaco-para-allan-no-flamengo\">Filipe Lu\u00eds n\u00e3o v\u00ea espa\u00e7o para Allan no Flamengo<\/h2>\n\n\n\n<p>A principal raz\u00e3o para o poss\u00edvel adeus de Allan ao Flamengo est\u00e1 na falta de oportunidades com o treinador Filipe Lu\u00eds. Isso porque, com a chegada do novo t\u00e9cnico, a prioriza\u00e7\u00e3o de outros jogadores para o meio-campo dificultou a perman\u00eancia do volante na equipe titular. <\/p>\n\n\n\n<p>Vale destacar que, mesmo com o desgaste de Allan, o Flamengo ainda precisa avaliar a situa\u00e7\u00e3o com mais cautela, considerando o impacto de uma poss\u00edvel sa\u00edda para o planejamento da pr\u00f3xima temporada.<\/p>\n\n\n\n<h2 class=\"wp-block-heading\" id=\"h-futuro-de-allan-depende-das-eleicoes-no-flamengo\">Futuro de Allan depende das elei\u00e7\u00f5es no Flamengo<\/h2>\n\n\n\n<p>As negocia\u00e7\u00f5es com o Pumas ainda est\u00e3o no in\u00edcio e podem ser afetadas pela elei\u00e7\u00e3o presidencial do Flamengo, marcada para dezembro. Por isso, qualquer decis\u00e3o sobre o futuro de Allan ficar\u00e1 em suspense at\u00e9 a defini\u00e7\u00e3o do novo comando do clube. O resultado das elei\u00e7\u00f5es poder\u00e1 influenciar diretamente o planejamento para a temporada de 2025 e, consequentemente, a perman\u00eancia ou sa\u00edda de Allan.<\/p>\n\n\n\n<h2 class=\"wp-block-heading\" id=\"h-allan-pode-ter-mais-espaco-no-pumas\">Allan pode ter mais espa\u00e7o no Pumas<\/h2>\n\n\n\n<p>No Pumas, Allan teria mais oportunidades de atuar como titular, o que poderia representar um novo cap\u00edtulo para sua carreira. Al\u00e9m disso, o clube mexicano tem buscado refor\u00e7ar seu meio-campo, e o volante do Flamengo se encaixaria bem nesse cen\u00e1rio. <\/p>\n\n\n\n<p>Com isso, a proposta do Pumas se torna uma alternativa interessante tanto para o jogador quanto para o Flamengo, que avaliaria a transfer\u00eancia com base no cen\u00e1rio pol\u00edtico e esportivo que se desenha nos pr\u00f3ximos meses. Cabe ressaltar que, mesmo em meio a incertezas, Allan continua com a responsabilidade de manter seu foco no time at\u00e9 que a decis\u00e3o final seja tomada.<\/p>\n","protected":false},"excerpt":{"rendered":"<p>O futuro de Allan no Flamengo est\u00e1 em xeque. Ap\u00f3s perder espa\u00e7o na equipe comandada por Filipe Lu\u00eds, o volante tem atra\u00eddo o interesse de clubes fora do Brasil, e o Pumas, do M\u00e9xico, aparece como um dos principais interessados. Com uma proposta robusta na mesa, Allan pode estar de sa\u00edda do Flamengo em busca [&hellip;]<\/p>\n","protected":false},"author":24,"featured_media":145519,"comment_status":"open","ping_status":"closed","sticky":false,"template":"","format":"standard","meta":{"footnotes":""},"categories":[1],"tags":[],"class_list":["post-194017","post","type-post","status-publish","format-standard","has-post-thumbnail","hentry","category-flamengo"],"yoast_head":"<!-- This site is optimized with the Yoast SEO Premium plugin v24.2 (Yoast SEO v26.9) - https:\/\/yoast.com\/product\/yoast-seo-premium-wordpress\/ -->\n<title>Allan, do Flamengo, atrai interesse de clube do exterior<\/title>\n<meta name=\"robots\" content=\"index, follow, max-snippet:-1, max-image-preview:large, max-video-preview:-1\" \/>\n<link rel=\"canonical\" href=\"https:\/\/www.gaveanews.com\/index.php\/2024\/12\/03\/allan-do-flamengo-atrai-interesse-de-clube-do-exterior\/\" \/>\n<meta property=\"og:locale\" content=\"pt_BR\" \/>\n<meta property=\"og:type\" content=\"article\" \/>\n<meta property=\"og:title\" content=\"Allan, do Flamengo, atrai interesse de clube do exterior\" \/>\n<meta property=\"og:description\" content=\"O futuro de Allan no Flamengo est\u00e1 em xeque. Ap\u00f3s perder espa\u00e7o na equipe comandada por Filipe Lu\u00eds, o volante tem atra\u00eddo o interesse de clubes fora do Brasil, e o Pumas, do M\u00e9xico, aparece como um dos principais interessados. Com uma proposta robusta na mesa, Allan pode estar de sa\u00edda do Flamengo em busca [&hellip;]\" \/>\n<meta property=\"og:url\" content=\"https:\/\/www.gaveanews.com\/index.php\/2024\/12\/03\/allan-do-flamengo-atrai-interesse-de-clube-do-exterior\/\" \/>\n<meta property=\"og:site_name\" content=\"G\u00e1vea News\" \/>\n<meta property=\"article:publisher\" content=\"https:\/\/facebook.com\/gaveaNews\/\" \/>\n<meta property=\"article:published_time\" content=\"2024-12-03T22:30:00+00:00\" \/>\n<meta property=\"og:image\" content=\"https:\/\/www.gaveanews.com\/wp-content\/uploads\/allan-flamengo.webp\" \/>\n\t<meta property=\"og:image:width\" content=\"900\" \/>\n\t<meta property=\"og:image:height\" content=\"600\" \/>\n\t<meta property=\"og:image:type\" content=\"image\/jpeg\" \/>\n<meta name=\"author\" content=\"Leandro Cardoso\" \/>\n<meta name=\"twitter:card\" content=\"summary_large_image\" \/>\n<meta name=\"twitter:label1\" content=\"Escrito por\" \/>\n\t<meta name=\"twitter:data1\" content=\"Leandro Cardoso\" \/>\n\t<meta name=\"twitter:label2\" content=\"Est. tempo de leitura\" \/>\n\t<meta name=\"twitter:data2\" content=\"3 minutos\" \/>\n<script type=\"application\/ld+json\" class=\"yoast-schema-graph\">{\"@context\":\"https:\/\/schema.org\",\"@graph\":[{\"@type\":\"NewsArticle\",\"@id\":\"https:\/\/www.gaveanews.com\/index.php\/2024\/12\/03\/allan-do-flamengo-atrai-interesse-de-clube-do-exterior\/#article\",\"isPartOf\":{\"@id\":\"https:\/\/www.gaveanews.com\/index.php\/2024\/12\/03\/allan-do-flamengo-atrai-interesse-de-clube-do-exterior\/\"},\"author\":{\"name\":\"Leandro Cardoso\",\"@id\":\"https:\/\/www.gaveanews.com\/#\/schema\/person\/2424ec6409bc3f068411fc5e4e9b6168\"},\"headline\":\"Allan, do Flamengo, atrai interesse de clube do exterior\",\"datePublished\":\"2024-12-03T22:30:00+00:00\",\"mainEntityOfPage\":{\"@id\":\"https:\/\/www.gaveanews.com\/index.php\/2024\/12\/03\/allan-do-flamengo-atrai-interesse-de-clube-do-exterior\/\"},\"wordCount\":558,\"commentCount\":0,\"image\":{\"@id\":\"https:\/\/www.gaveanews.com\/index.php\/2024\/12\/03\/allan-do-flamengo-atrai-interesse-de-clube-do-exterior\/#primaryimage\"},\"thumbnailUrl\":\"https:\/\/www.gaveanews.com\/wp-content\/uploads\/allan-flamengo.webp\",\"articleSection\":[\"Flamengo\"],\"inLanguage\":\"pt-BR\",\"potentialAction\":[{\"@type\":\"CommentAction\",\"name\":\"Comment\",\"target\":[\"https:\/\/www.gaveanews.com\/index.php\/2024\/12\/03\/allan-do-flamengo-atrai-interesse-de-clube-do-exterior\/#respond\"]}],\"copyrightYear\":\"2024\",\"copyrightHolder\":{\"@id\":\"https:\/\/www.gaveanews.com\/#organization\"}},{\"@type\":\"WebPage\",\"@id\":\"https:\/\/www.gaveanews.com\/index.php\/2024\/12\/03\/allan-do-flamengo-atrai-interesse-de-clube-do-exterior\/\",\"url\":\"https:\/\/www.gaveanews.com\/index.php\/2024\/12\/03\/allan-do-flamengo-atrai-interesse-de-clube-do-exterior\/\",\"name\":\"Allan, do Flamengo, atrai interesse de clube do exterior\",\"isPartOf\":{\"@id\":\"https:\/\/www.gaveanews.com\/#website\"},\"primaryImageOfPage\":{\"@id\":\"https:\/\/www.gaveanews.com\/index.php\/2024\/12\/03\/allan-do-flamengo-atrai-interesse-de-clube-do-exterior\/#primaryimage\"},\"image\":{\"@id\":\"https:\/\/www.gaveanews.com\/index.php\/2024\/12\/03\/allan-do-flamengo-atrai-interesse-de-clube-do-exterior\/#primaryimage\"},\"thumbnailUrl\":\"https:\/\/www.gaveanews.com\/wp-content\/uploads\/allan-flamengo.webp\",\"datePublished\":\"2024-12-03T22:30:00+00:00\",\"author\":{\"@id\":\"https:\/\/www.gaveanews.com\/#\/schema\/person\/2424ec6409bc3f068411fc5e4e9b6168\"},\"breadcrumb\":{\"@id\":\"https:\/\/www.gaveanews.com\/index.php\/2024\/12\/03\/allan-do-flamengo-atrai-interesse-de-clube-do-exterior\/#breadcrumb\"},\"inLanguage\":\"pt-BR\",\"potentialAction\":[{\"@type\":\"ReadAction\",\"target\":[\"https:\/\/www.gaveanews.com\/index.php\/2024\/12\/03\/allan-do-flamengo-atrai-interesse-de-clube-do-exterior\/\"]}]},{\"@type\":\"ImageObject\",\"inLanguage\":\"pt-BR\",\"@id\":\"https:\/\/www.gaveanews.com\/index.php\/2024\/12\/03\/allan-do-flamengo-atrai-interesse-de-clube-do-exterior\/#primaryimage\",\"url\":\"https:\/\/www.gaveanews.com\/wp-content\/uploads\/allan-flamengo.webp\",\"contentUrl\":\"https:\/\/www.gaveanews.com\/wp-content\/uploads\/allan-flamengo.webp\",\"width\":900,\"height\":600,\"caption\":\"Allan em a\u00e7\u00e3o pelo Flamengo (Foto: Marcelo Cortes\/Flamengo)\"},{\"@type\":\"BreadcrumbList\",\"@id\":\"https:\/\/www.gaveanews.com\/index.php\/2024\/12\/03\/allan-do-flamengo-atrai-interesse-de-clube-do-exterior\/#breadcrumb\",\"itemListElement\":[{\"@type\":\"ListItem\",\"position\":1,\"name\":\"Home\",\"item\":\"https:\/\/www.gaveanews.com\/\"},{\"@type\":\"ListItem\",\"position\":2,\"name\":\"Allan, do Flamengo, atrai interesse de clube do exterior\"}]},{\"@type\":\"WebSite\",\"@id\":\"https:\/\/www.gaveanews.com\/#website\",\"url\":\"https:\/\/www.gaveanews.com\/\",\"name\":\"G\u00e1vea News\",\"description\":\"Veja todas as not\u00edcias sobre o Flamengo: Contrata\u00e7\u00f5es, categorias de base, resultados das partidas, tabela de classifica\u00e7\u00e3o, pr\u00f3ximos jogos!\",\"potentialAction\":[{\"@type\":\"SearchAction\",\"target\":{\"@type\":\"EntryPoint\",\"urlTemplate\":\"https:\/\/www.gaveanews.com\/?s={search_term_string}\"},\"query-input\":{\"@type\":\"PropertyValueSpecification\",\"valueRequired\":true,\"valueName\":\"search_term_string\"}}],\"inLanguage\":\"pt-BR\"},{\"@type\":\"Person\",\"@id\":\"https:\/\/www.gaveanews.com\/#\/schema\/person\/2424ec6409bc3f068411fc5e4e9b6168\",\"name\":\"Leandro Cardoso\",\"image\":{\"@type\":\"ImageObject\",\"inLanguage\":\"pt-BR\",\"@id\":\"https:\/\/www.gaveanews.com\/#\/schema\/person\/image\/\",\"url\":\"https:\/\/secure.gravatar.com\/avatar\/8ca179f9b55eefe9f376f5493ef25475bfa59fbc28ce937f6076ce20e523098f?s=96&d=mm&r=g\",\"contentUrl\":\"https:\/\/secure.gravatar.com\/avatar\/8ca179f9b55eefe9f376f5493ef25475bfa59fbc28ce937f6076ce20e523098f?s=96&d=mm&r=g\",\"caption\":\"Leandro Cardoso\"}}]}<\/script>\n<!-- \/ Yoast SEO Premium plugin. -->","yoast_head_json":{"title":"Allan, do Flamengo, atrai interesse de clube do exterior","robots":{"index":"index","follow":"follow","max-snippet":"max-snippet:-1","max-image-preview":"max-image-preview:large","max-video-preview":"max-video-preview:-1"},"canonical":"https:\/\/www.gaveanews.com\/index.php\/2024\/12\/03\/allan-do-flamengo-atrai-interesse-de-clube-do-exterior\/","og_locale":"pt_BR","og_type":"article","og_title":"Allan, do Flamengo, atrai interesse de clube do exterior","og_description":"O futuro de Allan no Flamengo est\u00e1 em xeque. Ap\u00f3s perder espa\u00e7o na equipe comandada por Filipe Lu\u00eds, o volante tem atra\u00eddo o interesse de clubes fora do Brasil, e o Pumas, do M\u00e9xico, aparece como um dos principais interessados. Com uma proposta robusta na mesa, Allan pode estar de sa\u00edda do Flamengo em busca [&hellip;]","og_url":"https:\/\/www.gaveanews.com\/index.php\/2024\/12\/03\/allan-do-flamengo-atrai-interesse-de-clube-do-exterior\/","og_site_name":"G\u00e1vea News","article_publisher":"https:\/\/facebook.com\/gaveaNews\/","article_published_time":"2024-12-03T22:30:00+00:00","og_image":[{"width":900,"height":600,"url":"https:\/\/www.gaveanews.com\/wp-content\/uploads\/allan-flamengo.webp","type":"image\/jpeg"}],"author":"Leandro Cardoso","twitter_card":"summary_large_image","twitter_misc":{"Escrito por":"Leandro Cardoso","Est. tempo de leitura":"3 minutos"},"schema":{"@context":"https:\/\/schema.org","@graph":[{"@type":"NewsArticle","@id":"https:\/\/www.gaveanews.com\/index.php\/2024\/12\/03\/allan-do-flamengo-atrai-interesse-de-clube-do-exterior\/#article","isPartOf":{"@id":"https:\/\/www.gaveanews.com\/index.php\/2024\/12\/03\/allan-do-flamengo-atrai-interesse-de-clube-do-exterior\/"},"author":{"name":"Leandro Cardoso","@id":"https:\/\/www.gaveanews.com\/#\/schema\/person\/2424ec6409bc3f068411fc5e4e9b6168"},"headline":"Allan, do Flamengo, atrai interesse de clube do exterior","datePublished":"2024-12-03T22:30:00+00:00","mainEntityOfPage":{"@id":"https:\/\/www.gaveanews.com\/index.php\/2024\/12\/03\/allan-do-flamengo-atrai-interesse-de-clube-do-exterior\/"},"wordCount":558,"commentCount":0,"image":{"@id":"https:\/\/www.gaveanews.com\/index.php\/2024\/12\/03\/allan-do-flamengo-atrai-interesse-de-clube-do-exterior\/#primaryimage"},"thumbnailUrl":"https:\/\/www.gaveanews.com\/wp-content\/uploads\/allan-flamengo.webp","articleSection":["Flamengo"],"inLanguage":"pt-BR","potentialAction":[{"@type":"CommentAction","name":"Comment","target":["https:\/\/www.gaveanews.com\/index.php\/2024\/12\/03\/allan-do-flamengo-atrai-interesse-de-clube-do-exterior\/#respond"]}],"copyrightYear":"2024","copyrightHolder":{"@id":"https:\/\/www.gaveanews.com\/#organization"}},{"@type":"WebPage","@id":"https:\/\/www.gaveanews.com\/index.php\/2024\/12\/03\/allan-do-flamengo-atrai-interesse-de-clube-do-exterior\/","url":"https:\/\/www.gaveanews.com\/index.php\/2024\/12\/03\/allan-do-flamengo-atrai-interesse-de-clube-do-exterior\/","name":"Allan, do Flamengo, atrai interesse de clube do exterior","isPartOf":{"@id":"https:\/\/www.gaveanews.com\/#website"},"primaryImageOfPage":{"@id":"https:\/\/www.gaveanews.com\/index.php\/2024\/12\/03\/allan-do-flamengo-atrai-interesse-de-clube-do-exterior\/#primaryimage"},"image":{"@id":"https:\/\/www.gaveanews.com\/index.php\/2024\/12\/03\/allan-do-flamengo-atrai-interesse-de-clube-do-exterior\/#primaryimage"},"thumbnailUrl":"https:\/\/www.gaveanews.com\/wp-content\/uploads\/allan-flamengo.webp","datePublished":"2024-12-03T22:30:00+00:00","author":{"@id":"https:\/\/www.gaveanews.com\/#\/schema\/person\/2424ec6409bc3f068411fc5e4e9b6168"},"breadcrumb":{"@id":"https:\/\/www.gaveanews.com\/index.php\/2024\/12\/03\/allan-do-flamengo-atrai-interesse-de-clube-do-exterior\/#breadcrumb"},"inLanguage":"pt-BR","potentialAction":[{"@type":"ReadAction","target":["https:\/\/www.gaveanews.com\/index.php\/2024\/12\/03\/allan-do-flamengo-atrai-interesse-de-clube-do-exterior\/"]}]},{"@type":"ImageObject","inLanguage":"pt-BR","@id":"https:\/\/www.gaveanews.com\/index.php\/2024\/12\/03\/allan-do-flamengo-atrai-interesse-de-clube-do-exterior\/#primaryimage","url":"https:\/\/www.gaveanews.com\/wp-content\/uploads\/allan-flamengo.webp","contentUrl":"https:\/\/www.gaveanews.com\/wp-content\/uploads\/allan-flamengo.webp","width":900,"height":600,"caption":"Allan em a\u00e7\u00e3o pelo Flamengo (Foto: Marcelo Cortes\/Flamengo)"},{"@type":"BreadcrumbList","@id":"https:\/\/www.gaveanews.com\/index.php\/2024\/12\/03\/allan-do-flamengo-atrai-interesse-de-clube-do-exterior\/#breadcrumb","itemListElement":[{"@type":"ListItem","position":1,"name":"Home","item":"https:\/\/www.gaveanews.com\/"},{"@type":"ListItem","position":2,"name":"Allan, do Flamengo, atrai interesse de clube do exterior"}]},{"@type":"WebSite","@id":"https:\/\/www.gaveanews.com\/#website","url":"https:\/\/www.gaveanews.com\/","name":"G\u00e1vea News","description":"Veja todas as not\u00edcias sobre o Flamengo: Contrata\u00e7\u00f5es, categorias de base, resultados das partidas, tabela de classifica\u00e7\u00e3o, pr\u00f3ximos jogos!","potentialAction":[{"@type":"SearchAction","target":{"@type":"EntryPoint","urlTemplate":"https:\/\/www.gaveanews.com\/?s={search_term_string}"},"query-input":{"@type":"PropertyValueSpecification","valueRequired":true,"valueName":"search_term_string"}}],"inLanguage":"pt-BR"},{"@type":"Person","@id":"https:\/\/www.gaveanews.com\/#\/schema\/person\/2424ec6409bc3f068411fc5e4e9b6168","name":"Leandro Cardoso","image":{"@type":"ImageObject","inLanguage":"pt-BR","@id":"https:\/\/www.gaveanews.com\/#\/schema\/person\/image\/","url":"https:\/\/secure.gravatar.com\/avatar\/8ca179f9b55eefe9f376f5493ef25475bfa59fbc28ce937f6076ce20e523098f?s=96&d=mm&r=g","contentUrl":"https:\/\/secure.gravatar.com\/avatar\/8ca179f9b55eefe9f376f5493ef25475bfa59fbc28ce937f6076ce20e523098f?s=96&d=mm&r=g","caption":"Leandro Cardoso"}}]}},"_links":{"self":[{"href":"https:\/\/www.gaveanews.com\/index.php\/wp-json\/wp\/v2\/posts\/194017","targetHints":{"allow":["GET"]}}],"collection":[{"href":"https:\/\/www.gaveanews.com\/index.php\/wp-json\/wp\/v2\/posts"}],"about":[{"href":"https:\/\/www.gaveanews.com\/index.php\/wp-json\/wp\/v2\/types\/post"}],"author":[{"embeddable":true,"href":"https:\/\/www.gaveanews.com\/index.php\/wp-json\/wp\/v2\/users\/24"}],"replies":[{"embeddable":true,"href":"https:\/\/www.gaveanews.com\/index.php\/wp-json\/wp\/v2\/comments?post=194017"}],"version-history":[{"count":2,"href":"https:\/\/www.gaveanews.com\/index.php\/wp-json\/wp\/v2\/posts\/194017\/revisions"}],"predecessor-version":[{"id":194038,"href":"https:\/\/www.gaveanews.com\/index.php\/wp-json\/wp\/v2\/posts\/194017\/revisions\/194038"}],"wp:featuredmedia":[{"embeddable":true,"href":"https:\/\/www.gaveanews.com\/index.php\/wp-json\/wp\/v2\/media\/145519"}],"wp:attachment":[{"href":"https:\/\/www.gaveanews.com\/index.php\/wp-json\/wp\/v2\/media?parent=194017"}],"wp:term":[{"taxonomy":"category","embeddable":true,"href":"https:\/\/www.gaveanews.com\/index.php\/wp-json\/wp\/v2\/categories?post=194017"},{"taxonomy":"post_tag","embeddable":true,"href":"https:\/\/www.gaveanews.com\/index.php\/wp-json\/wp\/v2\/tags?post=194017"}],"curies":[{"name":"wp","href":"https:\/\/api.w.org\/{rel}","templated":true}]}}