{"id":194093,"date":"2024-12-03T20:05:00","date_gmt":"2024-12-03T23:05:00","guid":{"rendered":"https:\/\/www.gaveanews.com\/?p=194093"},"modified":"2024-12-03T19:54:06","modified_gmt":"2024-12-03T22:54:06","slug":"a-declaracao-de-rafinha-sobre-a-torcida-do-sao-paulo","status":"publish","type":"post","link":"https:\/\/www.gaveanews.com\/index.php\/2024\/12\/03\/a-declaracao-de-rafinha-sobre-a-torcida-do-sao-paulo\/","title":{"rendered":"A declara\u00e7\u00e3o de Rafinha sobre a torcida do S\u00e3o Paulo"},"content":{"rendered":"\n<h2 class=\"wp-block-heading\" id=\"h-lateral-concedeu-entrevista-para-a-tnt-sports-brasil\">Lateral concedeu entrevista para a TNT Sports Brasil <\/h2>\n\n\n\n<p>Rafinha possui uma bela e vitoriosa carreira, passando por diversos clubes europeus e tamb\u00e9m brasileiros. O jogador conviveu em times com muita press\u00e3o, e destacou que a torcida do S\u00e3o Paulo \u00e9 uma das que mais apoia, mas que tamb\u00e9m \u00e9 uma das que mais cobra. <\/p>\n\n\n\n<ul class=\"wp-block-list\">\n<li><a href=\"https:\/\/www.gaveanews.com\/index.php\/2024\/12\/03\/esse-sera-o-salario-de-rafinha-apos-a-renovacao-com-o-sao-paulo\/\">Esse ser\u00e1 o sal\u00e1rio de Rafinha ap\u00f3s a renova\u00e7\u00e3o com o S\u00e3o Paulo<\/a><\/li>\n\n\n\n<li><a href=\"https:\/\/www.gaveanews.com\/index.php\/2024\/12\/03\/sao-paulo-luis-zubeldia-tem-planejamento-ousado-para-a-reta-final-do-brasileirao\/\">S\u00e3o Paulo: Luis Zubeld\u00eda tem planejamento ousado para a reta final do Brasileir\u00e3o<\/a><\/li>\n<\/ul>\n\n\n\n<p>Rafinha concedeu entrevista exclusiva para a TNT Sports Brasil e comentou sobre a torcida do S\u00e3o Paulo. O lateral-direito falou sobre a press\u00e3o que \u00e9 jogador em um clube t\u00e3o grande e sobre toda a exig\u00eancia da torcida S\u00e3o Paulina. <\/p>\n\n\n\n<p>\u201cClube grande \u00e9 assim, se voc\u00ea n\u00e3o conquista t\u00edtulo, \u00e9 cobran\u00e7a, press\u00e3o. Isso \u00e9 normal. Aqui a cobran\u00e7a \u00e9 gigante. Aqui \u00e9 para jogador grande, crian\u00e7a n\u00e3o pode jogar no SPFC\u201d, comentou o lateral.<\/p>\n\n\n\n<p>Ap\u00f3s a conquista in\u00e9dita da Copa do Brasil de 2023, a expectativa do S\u00e3o Paulo e da torcida tamb\u00e9m, era de conquistas em 2024. No entanto, Dorival Jr deixou o clube h\u00e1 poucos dias da primeira partida na temporada, acabando com todo o planejamento feito pelo clube. <\/p>\n\n\n\n<p>O S\u00e3o Paulo ent\u00e3o trouxe Thiago Carpini, que estava no Juventude. O treinador conquistou a Supercopa do Brasil contra o Palmeiras, mas acabou demitido ap\u00f3s uma sequ\u00eancia de resultados negativos entre Campeonato Paulista, Campeonato Brasileiro e Libertadores. <\/p>\n\n\n\n<p>Luis Zubeld\u00eda ent\u00e3o foi o escolhido e chegou com tudo no clube. O time empolgava com boas atua\u00e7\u00f5es e resultados positivos, mas acabou oscilando e caindo de produ\u00e7\u00e3o, resultando em elimina\u00e7\u00f5es nas copas. Com isso, Rafinha decidiu por renovar com o Tricolor com objetivo de se aposentar sendo campe\u00e3o. Para isso, o jogador renovar\u00e1 at\u00e9 o fim do Paulist\u00e3o de 2025 e depois se preparar\u00e1 para ser treinador. <\/p>\n\n\n\n<p>\u201cEu vou me preparar neste ano de 2025, quero fazer est\u00e1gio com alguns treinadores. Eu quero ser treinador, \u00e9 meu objetivo. No come\u00e7o de 2026, quero estar no mercado. Terei agora quase um ano para me preparar&#8221;, finalizou Rafinha. <\/p>\n","protected":false},"excerpt":{"rendered":"<p>Lateral concedeu entrevista para a TNT Sports Brasil Rafinha possui uma bela e vitoriosa carreira, passando por diversos clubes europeus e tamb\u00e9m brasileiros. O jogador conviveu em times com muita press\u00e3o, e destacou que a torcida do S\u00e3o Paulo \u00e9 uma das que mais apoia, mas que tamb\u00e9m \u00e9 uma das que mais cobra. Rafinha [&hellip;]<\/p>\n","protected":false},"author":21,"featured_media":156438,"comment_status":"open","ping_status":"closed","sticky":false,"template":"","format":"standard","meta":{"footnotes":""},"categories":[151],"tags":[],"class_list":["post-194093","post","type-post","status-publish","format-standard","has-post-thumbnail","hentry","category-sao-paulo"],"yoast_head":"<!-- This site is optimized with the Yoast SEO Premium plugin v24.2 (Yoast SEO v26.9) - https:\/\/yoast.com\/product\/yoast-seo-premium-wordpress\/ -->\n<title>A declara\u00e7\u00e3o de Rafinha sobre a torcida do S\u00e3o Paulo<\/title>\n<meta name=\"robots\" content=\"index, follow, max-snippet:-1, max-image-preview:large, max-video-preview:-1\" \/>\n<link rel=\"canonical\" href=\"https:\/\/www.gaveanews.com\/index.php\/2024\/12\/03\/a-declaracao-de-rafinha-sobre-a-torcida-do-sao-paulo\/\" \/>\n<meta property=\"og:locale\" content=\"pt_BR\" \/>\n<meta property=\"og:type\" content=\"article\" \/>\n<meta property=\"og:title\" content=\"A declara\u00e7\u00e3o de Rafinha sobre a torcida do S\u00e3o Paulo\" \/>\n<meta property=\"og:description\" content=\"Lateral concedeu entrevista para a TNT Sports Brasil Rafinha possui uma bela e vitoriosa carreira, passando por diversos clubes europeus e tamb\u00e9m brasileiros. O jogador conviveu em times com muita press\u00e3o, e destacou que a torcida do S\u00e3o Paulo \u00e9 uma das que mais apoia, mas que tamb\u00e9m \u00e9 uma das que mais cobra. Rafinha [&hellip;]\" \/>\n<meta property=\"og:url\" content=\"https:\/\/www.gaveanews.com\/index.php\/2024\/12\/03\/a-declaracao-de-rafinha-sobre-a-torcida-do-sao-paulo\/\" \/>\n<meta property=\"og:site_name\" content=\"G\u00e1vea News\" \/>\n<meta property=\"article:publisher\" content=\"https:\/\/facebook.com\/gaveaNews\/\" \/>\n<meta property=\"article:published_time\" content=\"2024-12-03T23:05:00+00:00\" \/>\n<meta property=\"og:image\" content=\"https:\/\/www.gaveanews.com\/wp-content\/uploads\/Rafinha-durante-o-jogo-entre-Sao-Paulo-x-Flamengo-pelo-Brasileirao-2024-no-Morumbi.webp\" \/>\n\t<meta property=\"og:image:width\" content=\"800\" \/>\n\t<meta property=\"og:image:height\" content=\"534\" \/>\n\t<meta property=\"og:image:type\" content=\"image\/jpeg\" \/>\n<meta name=\"author\" content=\"Andr\u00e9 Serra\" \/>\n<meta name=\"twitter:card\" content=\"summary_large_image\" \/>\n<meta name=\"twitter:label1\" content=\"Escrito por\" \/>\n\t<meta name=\"twitter:data1\" content=\"Andr\u00e9 Serra\" \/>\n\t<meta name=\"twitter:label2\" content=\"Est. tempo de leitura\" \/>\n\t<meta name=\"twitter:data2\" content=\"3 minutos\" \/>\n<script type=\"application\/ld+json\" class=\"yoast-schema-graph\">{\"@context\":\"https:\/\/schema.org\",\"@graph\":[{\"@type\":\"NewsArticle\",\"@id\":\"https:\/\/www.gaveanews.com\/index.php\/2024\/12\/03\/a-declaracao-de-rafinha-sobre-a-torcida-do-sao-paulo\/#article\",\"isPartOf\":{\"@id\":\"https:\/\/www.gaveanews.com\/index.php\/2024\/12\/03\/a-declaracao-de-rafinha-sobre-a-torcida-do-sao-paulo\/\"},\"author\":{\"name\":\"Andr\u00e9 Serra\",\"@id\":\"https:\/\/www.gaveanews.com\/#\/schema\/person\/0277a79a1289c451c281ec0411d84f0c\"},\"headline\":\"A declara\u00e7\u00e3o de Rafinha sobre a torcida do S\u00e3o Paulo\",\"datePublished\":\"2024-12-03T23:05:00+00:00\",\"mainEntityOfPage\":{\"@id\":\"https:\/\/www.gaveanews.com\/index.php\/2024\/12\/03\/a-declaracao-de-rafinha-sobre-a-torcida-do-sao-paulo\/\"},\"wordCount\":383,\"commentCount\":0,\"image\":{\"@id\":\"https:\/\/www.gaveanews.com\/index.php\/2024\/12\/03\/a-declaracao-de-rafinha-sobre-a-torcida-do-sao-paulo\/#primaryimage\"},\"thumbnailUrl\":\"https:\/\/www.gaveanews.com\/wp-content\/uploads\/Rafinha-durante-o-jogo-entre-Sao-Paulo-x-Flamengo-pelo-Brasileirao-2024-no-Morumbi.webp\",\"articleSection\":[\"S\u00e3o Paulo\"],\"inLanguage\":\"pt-BR\",\"potentialAction\":[{\"@type\":\"CommentAction\",\"name\":\"Comment\",\"target\":[\"https:\/\/www.gaveanews.com\/index.php\/2024\/12\/03\/a-declaracao-de-rafinha-sobre-a-torcida-do-sao-paulo\/#respond\"]}],\"copyrightYear\":\"2024\",\"copyrightHolder\":{\"@id\":\"https:\/\/www.gaveanews.com\/#organization\"}},{\"@type\":\"WebPage\",\"@id\":\"https:\/\/www.gaveanews.com\/index.php\/2024\/12\/03\/a-declaracao-de-rafinha-sobre-a-torcida-do-sao-paulo\/\",\"url\":\"https:\/\/www.gaveanews.com\/index.php\/2024\/12\/03\/a-declaracao-de-rafinha-sobre-a-torcida-do-sao-paulo\/\",\"name\":\"A declara\u00e7\u00e3o de Rafinha sobre a torcida do S\u00e3o Paulo\",\"isPartOf\":{\"@id\":\"https:\/\/www.gaveanews.com\/#website\"},\"primaryImageOfPage\":{\"@id\":\"https:\/\/www.gaveanews.com\/index.php\/2024\/12\/03\/a-declaracao-de-rafinha-sobre-a-torcida-do-sao-paulo\/#primaryimage\"},\"image\":{\"@id\":\"https:\/\/www.gaveanews.com\/index.php\/2024\/12\/03\/a-declaracao-de-rafinha-sobre-a-torcida-do-sao-paulo\/#primaryimage\"},\"thumbnailUrl\":\"https:\/\/www.gaveanews.com\/wp-content\/uploads\/Rafinha-durante-o-jogo-entre-Sao-Paulo-x-Flamengo-pelo-Brasileirao-2024-no-Morumbi.webp\",\"datePublished\":\"2024-12-03T23:05:00+00:00\",\"author\":{\"@id\":\"https:\/\/www.gaveanews.com\/#\/schema\/person\/0277a79a1289c451c281ec0411d84f0c\"},\"breadcrumb\":{\"@id\":\"https:\/\/www.gaveanews.com\/index.php\/2024\/12\/03\/a-declaracao-de-rafinha-sobre-a-torcida-do-sao-paulo\/#breadcrumb\"},\"inLanguage\":\"pt-BR\",\"potentialAction\":[{\"@type\":\"ReadAction\",\"target\":[\"https:\/\/www.gaveanews.com\/index.php\/2024\/12\/03\/a-declaracao-de-rafinha-sobre-a-torcida-do-sao-paulo\/\"]}]},{\"@type\":\"ImageObject\",\"inLanguage\":\"pt-BR\",\"@id\":\"https:\/\/www.gaveanews.com\/index.php\/2024\/12\/03\/a-declaracao-de-rafinha-sobre-a-torcida-do-sao-paulo\/#primaryimage\",\"url\":\"https:\/\/www.gaveanews.com\/wp-content\/uploads\/Rafinha-durante-o-jogo-entre-Sao-Paulo-x-Flamengo-pelo-Brasileirao-2024-no-Morumbi.webp\",\"contentUrl\":\"https:\/\/www.gaveanews.com\/wp-content\/uploads\/Rafinha-durante-o-jogo-entre-Sao-Paulo-x-Flamengo-pelo-Brasileirao-2024-no-Morumbi.webp\",\"width\":800,\"height\":534,\"caption\":\"Rafinha durante o jogo entre S\u00e3o Paulo x Flamengo pelo Brasileir\u00e3o 2024 no Morumbi (Foto: Paulo Pinto\/ S\u00e3o Paulo)\"},{\"@type\":\"BreadcrumbList\",\"@id\":\"https:\/\/www.gaveanews.com\/index.php\/2024\/12\/03\/a-declaracao-de-rafinha-sobre-a-torcida-do-sao-paulo\/#breadcrumb\",\"itemListElement\":[{\"@type\":\"ListItem\",\"position\":1,\"name\":\"Home\",\"item\":\"https:\/\/www.gaveanews.com\/\"},{\"@type\":\"ListItem\",\"position\":2,\"name\":\"A declara\u00e7\u00e3o de Rafinha sobre a torcida do S\u00e3o Paulo\"}]},{\"@type\":\"WebSite\",\"@id\":\"https:\/\/www.gaveanews.com\/#website\",\"url\":\"https:\/\/www.gaveanews.com\/\",\"name\":\"G\u00e1vea News\",\"description\":\"Veja todas as not\u00edcias sobre o Flamengo: Contrata\u00e7\u00f5es, categorias de base, resultados das partidas, tabela de classifica\u00e7\u00e3o, pr\u00f3ximos jogos!\",\"potentialAction\":[{\"@type\":\"SearchAction\",\"target\":{\"@type\":\"EntryPoint\",\"urlTemplate\":\"https:\/\/www.gaveanews.com\/?s={search_term_string}\"},\"query-input\":{\"@type\":\"PropertyValueSpecification\",\"valueRequired\":true,\"valueName\":\"search_term_string\"}}],\"inLanguage\":\"pt-BR\"},{\"@type\":\"Person\",\"@id\":\"https:\/\/www.gaveanews.com\/#\/schema\/person\/0277a79a1289c451c281ec0411d84f0c\",\"name\":\"Andr\u00e9 Serra\",\"image\":{\"@type\":\"ImageObject\",\"inLanguage\":\"pt-BR\",\"@id\":\"https:\/\/www.gaveanews.com\/#\/schema\/person\/image\/\",\"url\":\"https:\/\/secure.gravatar.com\/avatar\/d7231369fe48db93292b3e88eb2162dbd9a34a47a8437d9ef3bcaca2a86a83d7?s=96&d=mm&r=g\",\"contentUrl\":\"https:\/\/secure.gravatar.com\/avatar\/d7231369fe48db93292b3e88eb2162dbd9a34a47a8437d9ef3bcaca2a86a83d7?s=96&d=mm&r=g\",\"caption\":\"Andr\u00e9 Serra\"}}]}<\/script>\n<!-- \/ Yoast SEO Premium plugin. -->","yoast_head_json":{"title":"A declara\u00e7\u00e3o de Rafinha sobre a torcida do S\u00e3o Paulo","robots":{"index":"index","follow":"follow","max-snippet":"max-snippet:-1","max-image-preview":"max-image-preview:large","max-video-preview":"max-video-preview:-1"},"canonical":"https:\/\/www.gaveanews.com\/index.php\/2024\/12\/03\/a-declaracao-de-rafinha-sobre-a-torcida-do-sao-paulo\/","og_locale":"pt_BR","og_type":"article","og_title":"A declara\u00e7\u00e3o de Rafinha sobre a torcida do S\u00e3o Paulo","og_description":"Lateral concedeu entrevista para a TNT Sports Brasil Rafinha possui uma bela e vitoriosa carreira, passando por diversos clubes europeus e tamb\u00e9m brasileiros. O jogador conviveu em times com muita press\u00e3o, e destacou que a torcida do S\u00e3o Paulo \u00e9 uma das que mais apoia, mas que tamb\u00e9m \u00e9 uma das que mais cobra. Rafinha [&hellip;]","og_url":"https:\/\/www.gaveanews.com\/index.php\/2024\/12\/03\/a-declaracao-de-rafinha-sobre-a-torcida-do-sao-paulo\/","og_site_name":"G\u00e1vea News","article_publisher":"https:\/\/facebook.com\/gaveaNews\/","article_published_time":"2024-12-03T23:05:00+00:00","og_image":[{"width":800,"height":534,"url":"https:\/\/www.gaveanews.com\/wp-content\/uploads\/Rafinha-durante-o-jogo-entre-Sao-Paulo-x-Flamengo-pelo-Brasileirao-2024-no-Morumbi.webp","type":"image\/jpeg"}],"author":"Andr\u00e9 Serra","twitter_card":"summary_large_image","twitter_misc":{"Escrito por":"Andr\u00e9 Serra","Est. tempo de leitura":"3 minutos"},"schema":{"@context":"https:\/\/schema.org","@graph":[{"@type":"NewsArticle","@id":"https:\/\/www.gaveanews.com\/index.php\/2024\/12\/03\/a-declaracao-de-rafinha-sobre-a-torcida-do-sao-paulo\/#article","isPartOf":{"@id":"https:\/\/www.gaveanews.com\/index.php\/2024\/12\/03\/a-declaracao-de-rafinha-sobre-a-torcida-do-sao-paulo\/"},"author":{"name":"Andr\u00e9 Serra","@id":"https:\/\/www.gaveanews.com\/#\/schema\/person\/0277a79a1289c451c281ec0411d84f0c"},"headline":"A declara\u00e7\u00e3o de Rafinha sobre a torcida do S\u00e3o Paulo","datePublished":"2024-12-03T23:05:00+00:00","mainEntityOfPage":{"@id":"https:\/\/www.gaveanews.com\/index.php\/2024\/12\/03\/a-declaracao-de-rafinha-sobre-a-torcida-do-sao-paulo\/"},"wordCount":383,"commentCount":0,"image":{"@id":"https:\/\/www.gaveanews.com\/index.php\/2024\/12\/03\/a-declaracao-de-rafinha-sobre-a-torcida-do-sao-paulo\/#primaryimage"},"thumbnailUrl":"https:\/\/www.gaveanews.com\/wp-content\/uploads\/Rafinha-durante-o-jogo-entre-Sao-Paulo-x-Flamengo-pelo-Brasileirao-2024-no-Morumbi.webp","articleSection":["S\u00e3o Paulo"],"inLanguage":"pt-BR","potentialAction":[{"@type":"CommentAction","name":"Comment","target":["https:\/\/www.gaveanews.com\/index.php\/2024\/12\/03\/a-declaracao-de-rafinha-sobre-a-torcida-do-sao-paulo\/#respond"]}],"copyrightYear":"2024","copyrightHolder":{"@id":"https:\/\/www.gaveanews.com\/#organization"}},{"@type":"WebPage","@id":"https:\/\/www.gaveanews.com\/index.php\/2024\/12\/03\/a-declaracao-de-rafinha-sobre-a-torcida-do-sao-paulo\/","url":"https:\/\/www.gaveanews.com\/index.php\/2024\/12\/03\/a-declaracao-de-rafinha-sobre-a-torcida-do-sao-paulo\/","name":"A declara\u00e7\u00e3o de Rafinha sobre a torcida do S\u00e3o Paulo","isPartOf":{"@id":"https:\/\/www.gaveanews.com\/#website"},"primaryImageOfPage":{"@id":"https:\/\/www.gaveanews.com\/index.php\/2024\/12\/03\/a-declaracao-de-rafinha-sobre-a-torcida-do-sao-paulo\/#primaryimage"},"image":{"@id":"https:\/\/www.gaveanews.com\/index.php\/2024\/12\/03\/a-declaracao-de-rafinha-sobre-a-torcida-do-sao-paulo\/#primaryimage"},"thumbnailUrl":"https:\/\/www.gaveanews.com\/wp-content\/uploads\/Rafinha-durante-o-jogo-entre-Sao-Paulo-x-Flamengo-pelo-Brasileirao-2024-no-Morumbi.webp","datePublished":"2024-12-03T23:05:00+00:00","author":{"@id":"https:\/\/www.gaveanews.com\/#\/schema\/person\/0277a79a1289c451c281ec0411d84f0c"},"breadcrumb":{"@id":"https:\/\/www.gaveanews.com\/index.php\/2024\/12\/03\/a-declaracao-de-rafinha-sobre-a-torcida-do-sao-paulo\/#breadcrumb"},"inLanguage":"pt-BR","potentialAction":[{"@type":"ReadAction","target":["https:\/\/www.gaveanews.com\/index.php\/2024\/12\/03\/a-declaracao-de-rafinha-sobre-a-torcida-do-sao-paulo\/"]}]},{"@type":"ImageObject","inLanguage":"pt-BR","@id":"https:\/\/www.gaveanews.com\/index.php\/2024\/12\/03\/a-declaracao-de-rafinha-sobre-a-torcida-do-sao-paulo\/#primaryimage","url":"https:\/\/www.gaveanews.com\/wp-content\/uploads\/Rafinha-durante-o-jogo-entre-Sao-Paulo-x-Flamengo-pelo-Brasileirao-2024-no-Morumbi.webp","contentUrl":"https:\/\/www.gaveanews.com\/wp-content\/uploads\/Rafinha-durante-o-jogo-entre-Sao-Paulo-x-Flamengo-pelo-Brasileirao-2024-no-Morumbi.webp","width":800,"height":534,"caption":"Rafinha durante o jogo entre S\u00e3o Paulo x Flamengo pelo Brasileir\u00e3o 2024 no Morumbi (Foto: Paulo Pinto\/ S\u00e3o Paulo)"},{"@type":"BreadcrumbList","@id":"https:\/\/www.gaveanews.com\/index.php\/2024\/12\/03\/a-declaracao-de-rafinha-sobre-a-torcida-do-sao-paulo\/#breadcrumb","itemListElement":[{"@type":"ListItem","position":1,"name":"Home","item":"https:\/\/www.gaveanews.com\/"},{"@type":"ListItem","position":2,"name":"A declara\u00e7\u00e3o de Rafinha sobre a torcida do S\u00e3o Paulo"}]},{"@type":"WebSite","@id":"https:\/\/www.gaveanews.com\/#website","url":"https:\/\/www.gaveanews.com\/","name":"G\u00e1vea News","description":"Veja todas as not\u00edcias sobre o Flamengo: Contrata\u00e7\u00f5es, categorias de base, resultados das partidas, tabela de classifica\u00e7\u00e3o, pr\u00f3ximos jogos!","potentialAction":[{"@type":"SearchAction","target":{"@type":"EntryPoint","urlTemplate":"https:\/\/www.gaveanews.com\/?s={search_term_string}"},"query-input":{"@type":"PropertyValueSpecification","valueRequired":true,"valueName":"search_term_string"}}],"inLanguage":"pt-BR"},{"@type":"Person","@id":"https:\/\/www.gaveanews.com\/#\/schema\/person\/0277a79a1289c451c281ec0411d84f0c","name":"Andr\u00e9 Serra","image":{"@type":"ImageObject","inLanguage":"pt-BR","@id":"https:\/\/www.gaveanews.com\/#\/schema\/person\/image\/","url":"https:\/\/secure.gravatar.com\/avatar\/d7231369fe48db93292b3e88eb2162dbd9a34a47a8437d9ef3bcaca2a86a83d7?s=96&d=mm&r=g","contentUrl":"https:\/\/secure.gravatar.com\/avatar\/d7231369fe48db93292b3e88eb2162dbd9a34a47a8437d9ef3bcaca2a86a83d7?s=96&d=mm&r=g","caption":"Andr\u00e9 Serra"}}]}},"_links":{"self":[{"href":"https:\/\/www.gaveanews.com\/index.php\/wp-json\/wp\/v2\/posts\/194093","targetHints":{"allow":["GET"]}}],"collection":[{"href":"https:\/\/www.gaveanews.com\/index.php\/wp-json\/wp\/v2\/posts"}],"about":[{"href":"https:\/\/www.gaveanews.com\/index.php\/wp-json\/wp\/v2\/types\/post"}],"author":[{"embeddable":true,"href":"https:\/\/www.gaveanews.com\/index.php\/wp-json\/wp\/v2\/users\/21"}],"replies":[{"embeddable":true,"href":"https:\/\/www.gaveanews.com\/index.php\/wp-json\/wp\/v2\/comments?post=194093"}],"version-history":[{"count":1,"href":"https:\/\/www.gaveanews.com\/index.php\/wp-json\/wp\/v2\/posts\/194093\/revisions"}],"predecessor-version":[{"id":194129,"href":"https:\/\/www.gaveanews.com\/index.php\/wp-json\/wp\/v2\/posts\/194093\/revisions\/194129"}],"wp:featuredmedia":[{"embeddable":true,"href":"https:\/\/www.gaveanews.com\/index.php\/wp-json\/wp\/v2\/media\/156438"}],"wp:attachment":[{"href":"https:\/\/www.gaveanews.com\/index.php\/wp-json\/wp\/v2\/media?parent=194093"}],"wp:term":[{"taxonomy":"category","embeddable":true,"href":"https:\/\/www.gaveanews.com\/index.php\/wp-json\/wp\/v2\/categories?post=194093"},{"taxonomy":"post_tag","embeddable":true,"href":"https:\/\/www.gaveanews.com\/index.php\/wp-json\/wp\/v2\/tags?post=194093"}],"curies":[{"name":"wp","href":"https:\/\/api.w.org\/{rel}","templated":true}]}}