{"id":194114,"date":"2024-12-03T19:55:00","date_gmt":"2024-12-03T22:55:00","guid":{"rendered":"https:\/\/www.gaveanews.com\/?p=194114"},"modified":"2024-12-03T19:52:15","modified_gmt":"2024-12-03T22:52:15","slug":"gremio-tem-desfalques-de-peso-para-jogo-conta-o-vitoria","status":"publish","type":"post","link":"https:\/\/www.gaveanews.com\/index.php\/2024\/12\/03\/gremio-tem-desfalques-de-peso-para-jogo-conta-o-vitoria\/","title":{"rendered":"Gr\u00eamio tem desfalques de peso para jogo conta o Vit\u00f3ria"},"content":{"rendered":"\n<h2 class=\"wp-block-heading\" id=\"h-gremio-encara-o-vitoria-com-desfalques-na-defesa-rodrigo-caio-deve-ser-titular\">Gr\u00eamio encara o Vit\u00f3ria com desfalques na defesa; Rodrigo Caio deve ser titular<\/h2>\n\n\n\n<p>O Gr\u00eamio n\u00e3o poder\u00e1 contar com os zagueiros Pedro Geromel e Rodrigo Ely para o duelo contra o Vit\u00f3ria, nesta quarta-feira (4), no Barrad\u00e3o, pela pen\u00faltima rodada do Brasileir\u00e3o Betano. Com isso, a tend\u00eancia \u00e9 que Rodrigo Caio seja novamente o escolhido para formar a zaga ao lado de Jemerson.<\/p>\n\n\n\n<ul class=\"wp-block-list\">\n<li><a href=\"https:\/\/www.gaveanews.com\/index.php\/2024\/12\/02\/gremio-renato-portaluppi-ganha-dois-reforcos-no-gremio\/\">Gr\u00eamio: Renato Portaluppi ganha dois refor\u00e7os no Gr\u00eamio<\/a><\/li>\n\n\n\n<li><a href=\"https:\/\/www.gaveanews.com\/index.php\/2024\/12\/02\/gremio-renato-gaucho-xinga-representante-da-imprensa-gaucha\/\">Gr\u00eamio: Renato Ga\u00facho xinga representante da imprensa ga\u00facha<\/a><\/li>\n<\/ul>\n\n\n\n<p>Pedro Geromel, que atuou os 90 minutos na vit\u00f3ria sobre o S\u00e3o Paulo, ser\u00e1 poupado devido \u00e0 dificuldade de jogar duas vezes na mesma semana. O zagueiro de 39 anos est\u00e1 sendo preparado para enfrentar o Corinthians, no pr\u00f3ximo domingo (8), na Arena, partida que marcar\u00e1 sua despedida oficial dos gramados.<\/p>\n\n\n\n<p>Rodrigo Ely segue fora por conta de uma luxa\u00e7\u00e3o no p\u00e9 direito e n\u00e3o estar\u00e1 dispon\u00edvel para os \u00faltimos dois jogos do Gr\u00eamio no campeonato. O zagueiro j\u00e1 desfalcou a equipe nas \u00faltimas partidas contra S\u00e3o Paulo e Cruzeiro e s\u00f3 deve retornar aos treinos em 2024.<\/p>\n\n\n\n<p>Rodrigo Caio, que j\u00e1 foi titular no empate com o Cruzeiro, \u00e9 o principal candidato \u00e0 vaga deixada por Ely. Gustavo Martins, jovem defensor, corre por fora na disputa, mas a expectativa \u00e9 que Caio mantenha a titularidade.<\/p>\n\n\n\n<h2 class=\"wp-block-heading\" id=\"h-provavel-escalacao\">Prov\u00e1vel escala\u00e7\u00e3o <\/h2>\n\n\n\n<p>Com poucas mudan\u00e7as al\u00e9m da zaga, o t\u00e9cnico Renato Portaluppi deve escalar a equipe da seguinte forma:<\/p>\n\n\n\n<p>Marches\u00edn; Jo\u00e3o Pedro, Rodrigo Caio, Jemerson e Reinaldo; Villasanti, Dodi, Aravena, Cristaldo e Soteldo; Braithwaite.<\/p>\n\n\n\n<p>Com 44 pontos, o Gr\u00eamio j\u00e1 garantiu sua perman\u00eancia na S\u00e9rie A e agora busca uma vaga na Copa Sul-Americana. H\u00e1 ainda uma remota possibilidade de classifica\u00e7\u00e3o para a fase preliminar da Libertadores, dependendo dos resultados das \u00faltimas rodadas.<\/p>\n\n\n\n<p>O confronto contra o Vit\u00f3ria ser\u00e1 \u00e0s 21h30 (de Bras\u00edlia) no Barrad\u00e3o.<\/p>\n","protected":false},"excerpt":{"rendered":"<p>Gr\u00eamio encara o Vit\u00f3ria com desfalques na defesa; Rodrigo Caio deve ser titular O Gr\u00eamio n\u00e3o poder\u00e1 contar com os zagueiros Pedro Geromel e Rodrigo Ely para o duelo contra o Vit\u00f3ria, nesta quarta-feira (4), no Barrad\u00e3o, pela pen\u00faltima rodada do Brasileir\u00e3o Betano. Com isso, a tend\u00eancia \u00e9 que Rodrigo Caio seja novamente o escolhido [&hellip;]<\/p>\n","protected":false},"author":17,"featured_media":165925,"comment_status":"open","ping_status":"closed","sticky":false,"template":"","format":"standard","meta":{"footnotes":""},"categories":[147],"tags":[],"class_list":["post-194114","post","type-post","status-publish","format-standard","has-post-thumbnail","hentry","category-gremio"],"yoast_head":"<!-- This site is optimized with the Yoast SEO Premium plugin v24.2 (Yoast SEO v26.9) - https:\/\/yoast.com\/product\/yoast-seo-premium-wordpress\/ -->\n<title>Gr\u00eamio tem desfalques de peso para jogo conta o Vit\u00f3ria<\/title>\n<meta name=\"robots\" content=\"index, follow, max-snippet:-1, max-image-preview:large, max-video-preview:-1\" \/>\n<link rel=\"canonical\" href=\"https:\/\/www.gaveanews.com\/index.php\/2024\/12\/03\/gremio-tem-desfalques-de-peso-para-jogo-conta-o-vitoria\/\" \/>\n<meta property=\"og:locale\" content=\"pt_BR\" \/>\n<meta property=\"og:type\" content=\"article\" \/>\n<meta property=\"og:title\" content=\"Gr\u00eamio tem desfalques de peso para jogo conta o Vit\u00f3ria\" \/>\n<meta property=\"og:description\" content=\"Gr\u00eamio encara o Vit\u00f3ria com desfalques na defesa; Rodrigo Caio deve ser titular O Gr\u00eamio n\u00e3o poder\u00e1 contar com os zagueiros Pedro Geromel e Rodrigo Ely para o duelo contra o Vit\u00f3ria, nesta quarta-feira (4), no Barrad\u00e3o, pela pen\u00faltima rodada do Brasileir\u00e3o Betano. Com isso, a tend\u00eancia \u00e9 que Rodrigo Caio seja novamente o escolhido [&hellip;]\" \/>\n<meta property=\"og:url\" content=\"https:\/\/www.gaveanews.com\/index.php\/2024\/12\/03\/gremio-tem-desfalques-de-peso-para-jogo-conta-o-vitoria\/\" \/>\n<meta property=\"og:site_name\" content=\"G\u00e1vea News\" \/>\n<meta property=\"article:publisher\" content=\"https:\/\/facebook.com\/gaveaNews\/\" \/>\n<meta property=\"article:published_time\" content=\"2024-12-03T22:55:00+00:00\" \/>\n<meta property=\"og:image\" content=\"https:\/\/www.gaveanews.com\/wp-content\/uploads\/Bandeira-do-Gremio.webp\" \/>\n\t<meta property=\"og:image:width\" content=\"1043\" \/>\n\t<meta property=\"og:image:height\" content=\"695\" \/>\n\t<meta property=\"og:image:type\" content=\"image\/webp\" \/>\n<meta name=\"author\" content=\"Geovanna Thomaz\" \/>\n<meta name=\"twitter:card\" content=\"summary_large_image\" \/>\n<meta name=\"twitter:label1\" content=\"Escrito por\" \/>\n\t<meta name=\"twitter:data1\" content=\"Geovanna Thomaz\" \/>\n\t<meta name=\"twitter:label2\" content=\"Est. tempo de leitura\" \/>\n\t<meta name=\"twitter:data2\" content=\"2 minutos\" \/>\n<script type=\"application\/ld+json\" class=\"yoast-schema-graph\">{\"@context\":\"https:\/\/schema.org\",\"@graph\":[{\"@type\":\"NewsArticle\",\"@id\":\"https:\/\/www.gaveanews.com\/index.php\/2024\/12\/03\/gremio-tem-desfalques-de-peso-para-jogo-conta-o-vitoria\/#article\",\"isPartOf\":{\"@id\":\"https:\/\/www.gaveanews.com\/index.php\/2024\/12\/03\/gremio-tem-desfalques-de-peso-para-jogo-conta-o-vitoria\/\"},\"author\":{\"name\":\"Geovanna Thomaz\",\"@id\":\"https:\/\/www.gaveanews.com\/#\/schema\/person\/f42654babcd2b2014a1a65af82b081f1\"},\"headline\":\"Gr\u00eamio tem desfalques de peso para jogo conta o Vit\u00f3ria\",\"datePublished\":\"2024-12-03T22:55:00+00:00\",\"mainEntityOfPage\":{\"@id\":\"https:\/\/www.gaveanews.com\/index.php\/2024\/12\/03\/gremio-tem-desfalques-de-peso-para-jogo-conta-o-vitoria\/\"},\"wordCount\":338,\"commentCount\":0,\"image\":{\"@id\":\"https:\/\/www.gaveanews.com\/index.php\/2024\/12\/03\/gremio-tem-desfalques-de-peso-para-jogo-conta-o-vitoria\/#primaryimage\"},\"thumbnailUrl\":\"https:\/\/www.gaveanews.com\/wp-content\/uploads\/Bandeira-do-Gremio.webp\",\"articleSection\":[\"Gr\u00eamio\"],\"inLanguage\":\"pt-BR\",\"potentialAction\":[{\"@type\":\"CommentAction\",\"name\":\"Comment\",\"target\":[\"https:\/\/www.gaveanews.com\/index.php\/2024\/12\/03\/gremio-tem-desfalques-de-peso-para-jogo-conta-o-vitoria\/#respond\"]}],\"copyrightYear\":\"2024\",\"copyrightHolder\":{\"@id\":\"https:\/\/www.gaveanews.com\/#organization\"}},{\"@type\":\"WebPage\",\"@id\":\"https:\/\/www.gaveanews.com\/index.php\/2024\/12\/03\/gremio-tem-desfalques-de-peso-para-jogo-conta-o-vitoria\/\",\"url\":\"https:\/\/www.gaveanews.com\/index.php\/2024\/12\/03\/gremio-tem-desfalques-de-peso-para-jogo-conta-o-vitoria\/\",\"name\":\"Gr\u00eamio tem desfalques de peso para jogo conta o Vit\u00f3ria\",\"isPartOf\":{\"@id\":\"https:\/\/www.gaveanews.com\/#website\"},\"primaryImageOfPage\":{\"@id\":\"https:\/\/www.gaveanews.com\/index.php\/2024\/12\/03\/gremio-tem-desfalques-de-peso-para-jogo-conta-o-vitoria\/#primaryimage\"},\"image\":{\"@id\":\"https:\/\/www.gaveanews.com\/index.php\/2024\/12\/03\/gremio-tem-desfalques-de-peso-para-jogo-conta-o-vitoria\/#primaryimage\"},\"thumbnailUrl\":\"https:\/\/www.gaveanews.com\/wp-content\/uploads\/Bandeira-do-Gremio.webp\",\"datePublished\":\"2024-12-03T22:55:00+00:00\",\"author\":{\"@id\":\"https:\/\/www.gaveanews.com\/#\/schema\/person\/f42654babcd2b2014a1a65af82b081f1\"},\"breadcrumb\":{\"@id\":\"https:\/\/www.gaveanews.com\/index.php\/2024\/12\/03\/gremio-tem-desfalques-de-peso-para-jogo-conta-o-vitoria\/#breadcrumb\"},\"inLanguage\":\"pt-BR\",\"potentialAction\":[{\"@type\":\"ReadAction\",\"target\":[\"https:\/\/www.gaveanews.com\/index.php\/2024\/12\/03\/gremio-tem-desfalques-de-peso-para-jogo-conta-o-vitoria\/\"]}]},{\"@type\":\"ImageObject\",\"inLanguage\":\"pt-BR\",\"@id\":\"https:\/\/www.gaveanews.com\/index.php\/2024\/12\/03\/gremio-tem-desfalques-de-peso-para-jogo-conta-o-vitoria\/#primaryimage\",\"url\":\"https:\/\/www.gaveanews.com\/wp-content\/uploads\/Bandeira-do-Gremio.webp\",\"contentUrl\":\"https:\/\/www.gaveanews.com\/wp-content\/uploads\/Bandeira-do-Gremio.webp\",\"width\":1043,\"height\":695,\"caption\":\"Bandeira do Gr\u00eamio (Foto: Reprodu\u00e7\u00e3o\/Gr\u00eamio)\"},{\"@type\":\"BreadcrumbList\",\"@id\":\"https:\/\/www.gaveanews.com\/index.php\/2024\/12\/03\/gremio-tem-desfalques-de-peso-para-jogo-conta-o-vitoria\/#breadcrumb\",\"itemListElement\":[{\"@type\":\"ListItem\",\"position\":1,\"name\":\"Home\",\"item\":\"https:\/\/www.gaveanews.com\/\"},{\"@type\":\"ListItem\",\"position\":2,\"name\":\"Gr\u00eamio tem desfalques de peso para jogo conta o Vit\u00f3ria\"}]},{\"@type\":\"WebSite\",\"@id\":\"https:\/\/www.gaveanews.com\/#website\",\"url\":\"https:\/\/www.gaveanews.com\/\",\"name\":\"G\u00e1vea News\",\"description\":\"Veja todas as not\u00edcias sobre o Flamengo: Contrata\u00e7\u00f5es, categorias de base, resultados das partidas, tabela de classifica\u00e7\u00e3o, pr\u00f3ximos jogos!\",\"potentialAction\":[{\"@type\":\"SearchAction\",\"target\":{\"@type\":\"EntryPoint\",\"urlTemplate\":\"https:\/\/www.gaveanews.com\/?s={search_term_string}\"},\"query-input\":{\"@type\":\"PropertyValueSpecification\",\"valueRequired\":true,\"valueName\":\"search_term_string\"}}],\"inLanguage\":\"pt-BR\"},{\"@type\":\"Person\",\"@id\":\"https:\/\/www.gaveanews.com\/#\/schema\/person\/f42654babcd2b2014a1a65af82b081f1\",\"name\":\"Geovanna Thomaz\",\"image\":{\"@type\":\"ImageObject\",\"inLanguage\":\"pt-BR\",\"@id\":\"https:\/\/www.gaveanews.com\/#\/schema\/person\/image\/\",\"url\":\"https:\/\/secure.gravatar.com\/avatar\/4092073255489533afb558984b49b64268c47198af8623cc82a925ae9fb7118a?s=96&d=mm&r=g\",\"contentUrl\":\"https:\/\/secure.gravatar.com\/avatar\/4092073255489533afb558984b49b64268c47198af8623cc82a925ae9fb7118a?s=96&d=mm&r=g\",\"caption\":\"Geovanna Thomaz\"}}]}<\/script>\n<!-- \/ Yoast SEO Premium plugin. -->","yoast_head_json":{"title":"Gr\u00eamio tem desfalques de peso para jogo conta o Vit\u00f3ria","robots":{"index":"index","follow":"follow","max-snippet":"max-snippet:-1","max-image-preview":"max-image-preview:large","max-video-preview":"max-video-preview:-1"},"canonical":"https:\/\/www.gaveanews.com\/index.php\/2024\/12\/03\/gremio-tem-desfalques-de-peso-para-jogo-conta-o-vitoria\/","og_locale":"pt_BR","og_type":"article","og_title":"Gr\u00eamio tem desfalques de peso para jogo conta o Vit\u00f3ria","og_description":"Gr\u00eamio encara o Vit\u00f3ria com desfalques na defesa; Rodrigo Caio deve ser titular O Gr\u00eamio n\u00e3o poder\u00e1 contar com os zagueiros Pedro Geromel e Rodrigo Ely para o duelo contra o Vit\u00f3ria, nesta quarta-feira (4), no Barrad\u00e3o, pela pen\u00faltima rodada do Brasileir\u00e3o Betano. Com isso, a tend\u00eancia \u00e9 que Rodrigo Caio seja novamente o escolhido [&hellip;]","og_url":"https:\/\/www.gaveanews.com\/index.php\/2024\/12\/03\/gremio-tem-desfalques-de-peso-para-jogo-conta-o-vitoria\/","og_site_name":"G\u00e1vea News","article_publisher":"https:\/\/facebook.com\/gaveaNews\/","article_published_time":"2024-12-03T22:55:00+00:00","og_image":[{"width":1043,"height":695,"url":"https:\/\/www.gaveanews.com\/wp-content\/uploads\/Bandeira-do-Gremio.webp","type":"image\/webp"}],"author":"Geovanna Thomaz","twitter_card":"summary_large_image","twitter_misc":{"Escrito por":"Geovanna Thomaz","Est. tempo de leitura":"2 minutos"},"schema":{"@context":"https:\/\/schema.org","@graph":[{"@type":"NewsArticle","@id":"https:\/\/www.gaveanews.com\/index.php\/2024\/12\/03\/gremio-tem-desfalques-de-peso-para-jogo-conta-o-vitoria\/#article","isPartOf":{"@id":"https:\/\/www.gaveanews.com\/index.php\/2024\/12\/03\/gremio-tem-desfalques-de-peso-para-jogo-conta-o-vitoria\/"},"author":{"name":"Geovanna Thomaz","@id":"https:\/\/www.gaveanews.com\/#\/schema\/person\/f42654babcd2b2014a1a65af82b081f1"},"headline":"Gr\u00eamio tem desfalques de peso para jogo conta o Vit\u00f3ria","datePublished":"2024-12-03T22:55:00+00:00","mainEntityOfPage":{"@id":"https:\/\/www.gaveanews.com\/index.php\/2024\/12\/03\/gremio-tem-desfalques-de-peso-para-jogo-conta-o-vitoria\/"},"wordCount":338,"commentCount":0,"image":{"@id":"https:\/\/www.gaveanews.com\/index.php\/2024\/12\/03\/gremio-tem-desfalques-de-peso-para-jogo-conta-o-vitoria\/#primaryimage"},"thumbnailUrl":"https:\/\/www.gaveanews.com\/wp-content\/uploads\/Bandeira-do-Gremio.webp","articleSection":["Gr\u00eamio"],"inLanguage":"pt-BR","potentialAction":[{"@type":"CommentAction","name":"Comment","target":["https:\/\/www.gaveanews.com\/index.php\/2024\/12\/03\/gremio-tem-desfalques-de-peso-para-jogo-conta-o-vitoria\/#respond"]}],"copyrightYear":"2024","copyrightHolder":{"@id":"https:\/\/www.gaveanews.com\/#organization"}},{"@type":"WebPage","@id":"https:\/\/www.gaveanews.com\/index.php\/2024\/12\/03\/gremio-tem-desfalques-de-peso-para-jogo-conta-o-vitoria\/","url":"https:\/\/www.gaveanews.com\/index.php\/2024\/12\/03\/gremio-tem-desfalques-de-peso-para-jogo-conta-o-vitoria\/","name":"Gr\u00eamio tem desfalques de peso para jogo conta o Vit\u00f3ria","isPartOf":{"@id":"https:\/\/www.gaveanews.com\/#website"},"primaryImageOfPage":{"@id":"https:\/\/www.gaveanews.com\/index.php\/2024\/12\/03\/gremio-tem-desfalques-de-peso-para-jogo-conta-o-vitoria\/#primaryimage"},"image":{"@id":"https:\/\/www.gaveanews.com\/index.php\/2024\/12\/03\/gremio-tem-desfalques-de-peso-para-jogo-conta-o-vitoria\/#primaryimage"},"thumbnailUrl":"https:\/\/www.gaveanews.com\/wp-content\/uploads\/Bandeira-do-Gremio.webp","datePublished":"2024-12-03T22:55:00+00:00","author":{"@id":"https:\/\/www.gaveanews.com\/#\/schema\/person\/f42654babcd2b2014a1a65af82b081f1"},"breadcrumb":{"@id":"https:\/\/www.gaveanews.com\/index.php\/2024\/12\/03\/gremio-tem-desfalques-de-peso-para-jogo-conta-o-vitoria\/#breadcrumb"},"inLanguage":"pt-BR","potentialAction":[{"@type":"ReadAction","target":["https:\/\/www.gaveanews.com\/index.php\/2024\/12\/03\/gremio-tem-desfalques-de-peso-para-jogo-conta-o-vitoria\/"]}]},{"@type":"ImageObject","inLanguage":"pt-BR","@id":"https:\/\/www.gaveanews.com\/index.php\/2024\/12\/03\/gremio-tem-desfalques-de-peso-para-jogo-conta-o-vitoria\/#primaryimage","url":"https:\/\/www.gaveanews.com\/wp-content\/uploads\/Bandeira-do-Gremio.webp","contentUrl":"https:\/\/www.gaveanews.com\/wp-content\/uploads\/Bandeira-do-Gremio.webp","width":1043,"height":695,"caption":"Bandeira do Gr\u00eamio (Foto: Reprodu\u00e7\u00e3o\/Gr\u00eamio)"},{"@type":"BreadcrumbList","@id":"https:\/\/www.gaveanews.com\/index.php\/2024\/12\/03\/gremio-tem-desfalques-de-peso-para-jogo-conta-o-vitoria\/#breadcrumb","itemListElement":[{"@type":"ListItem","position":1,"name":"Home","item":"https:\/\/www.gaveanews.com\/"},{"@type":"ListItem","position":2,"name":"Gr\u00eamio tem desfalques de peso para jogo conta o Vit\u00f3ria"}]},{"@type":"WebSite","@id":"https:\/\/www.gaveanews.com\/#website","url":"https:\/\/www.gaveanews.com\/","name":"G\u00e1vea News","description":"Veja todas as not\u00edcias sobre o Flamengo: Contrata\u00e7\u00f5es, categorias de base, resultados das partidas, tabela de classifica\u00e7\u00e3o, pr\u00f3ximos jogos!","potentialAction":[{"@type":"SearchAction","target":{"@type":"EntryPoint","urlTemplate":"https:\/\/www.gaveanews.com\/?s={search_term_string}"},"query-input":{"@type":"PropertyValueSpecification","valueRequired":true,"valueName":"search_term_string"}}],"inLanguage":"pt-BR"},{"@type":"Person","@id":"https:\/\/www.gaveanews.com\/#\/schema\/person\/f42654babcd2b2014a1a65af82b081f1","name":"Geovanna Thomaz","image":{"@type":"ImageObject","inLanguage":"pt-BR","@id":"https:\/\/www.gaveanews.com\/#\/schema\/person\/image\/","url":"https:\/\/secure.gravatar.com\/avatar\/4092073255489533afb558984b49b64268c47198af8623cc82a925ae9fb7118a?s=96&d=mm&r=g","contentUrl":"https:\/\/secure.gravatar.com\/avatar\/4092073255489533afb558984b49b64268c47198af8623cc82a925ae9fb7118a?s=96&d=mm&r=g","caption":"Geovanna Thomaz"}}]}},"_links":{"self":[{"href":"https:\/\/www.gaveanews.com\/index.php\/wp-json\/wp\/v2\/posts\/194114","targetHints":{"allow":["GET"]}}],"collection":[{"href":"https:\/\/www.gaveanews.com\/index.php\/wp-json\/wp\/v2\/posts"}],"about":[{"href":"https:\/\/www.gaveanews.com\/index.php\/wp-json\/wp\/v2\/types\/post"}],"author":[{"embeddable":true,"href":"https:\/\/www.gaveanews.com\/index.php\/wp-json\/wp\/v2\/users\/17"}],"replies":[{"embeddable":true,"href":"https:\/\/www.gaveanews.com\/index.php\/wp-json\/wp\/v2\/comments?post=194114"}],"version-history":[{"count":1,"href":"https:\/\/www.gaveanews.com\/index.php\/wp-json\/wp\/v2\/posts\/194114\/revisions"}],"predecessor-version":[{"id":194115,"href":"https:\/\/www.gaveanews.com\/index.php\/wp-json\/wp\/v2\/posts\/194114\/revisions\/194115"}],"wp:featuredmedia":[{"embeddable":true,"href":"https:\/\/www.gaveanews.com\/index.php\/wp-json\/wp\/v2\/media\/165925"}],"wp:attachment":[{"href":"https:\/\/www.gaveanews.com\/index.php\/wp-json\/wp\/v2\/media?parent=194114"}],"wp:term":[{"taxonomy":"category","embeddable":true,"href":"https:\/\/www.gaveanews.com\/index.php\/wp-json\/wp\/v2\/categories?post=194114"},{"taxonomy":"post_tag","embeddable":true,"href":"https:\/\/www.gaveanews.com\/index.php\/wp-json\/wp\/v2\/tags?post=194114"}],"curies":[{"name":"wp","href":"https:\/\/api.w.org\/{rel}","templated":true}]}}