{"id":194120,"date":"2024-12-03T20:00:00","date_gmt":"2024-12-03T23:00:00","guid":{"rendered":"https:\/\/www.gaveanews.com\/?p=194120"},"modified":"2024-12-03T19:53:23","modified_gmt":"2024-12-03T22:53:23","slug":"athletico-pr-apresenta-proposta-por-atacante","status":"publish","type":"post","link":"https:\/\/www.gaveanews.com\/index.php\/2024\/12\/03\/athletico-pr-apresenta-proposta-por-atacante\/","title":{"rendered":"Athletico-PR apresenta proposta por atacante"},"content":{"rendered":"\n<h2 class=\"wp-block-heading\" id=\"h-athletico-se-aproxima-de-acerto-com-luiz-fernando-do-atletico-go\">Athletico se aproxima de acerto com Luiz Fernando, do Atl\u00e9tico-GO<\/h2>\n\n\n\n<p>O Athletico-PR est\u00e1 perto de oficializar a contrata\u00e7\u00e3o do atacante Luiz Fernando, atualmente no Atl\u00e9tico-GO. O jogador, que tem contrato com o Drag\u00e3o at\u00e9 o fim de 2024, j\u00e1 decidiu n\u00e3o renovar seu v\u00ednculo e analisa a proposta do Furac\u00e3o, que aguarda o encerramento do Brasileir\u00e3o para concretizar a negocia\u00e7\u00e3o.<\/p>\n\n\n\n<ul class=\"wp-block-list\">\n<li><a href=\"https:\/\/www.gaveanews.com\/index.php\/2024\/11\/29\/nota-oficial-probabilidade-de-rebaixamento-e-jogadores-com-mais-passes-certos-as-ultimas-noticias-sobre-o-athletico-pr\/\">Nota oficial, probabilidade de rebaixamento e jogadores com mais passes certos: as \u00faltimas not\u00edcias sobre o Athletico-PR<\/a><\/li>\n\n\n\n<li><a href=\"https:\/\/www.gaveanews.com\/index.php\/2024\/10\/01\/kaique-rocha-erick-thiago-heleno-lucas-esquivel-canobbio-christian-fernandinho-e-cuello-os-jogadores-com-mais-minutos-pelo-athletico-pr\/\">Kaique Rocha, Erick, Thiago Heleno, Lucas Esquivel, Canobbio, Christian, Fernandinho e Cuello: os jogadores com mais minutos pelo Athletico-PR<\/a><\/li>\n<\/ul>\n\n\n\n<h2 class=\"wp-block-heading\" id=\"h-planejamento-para-2025\">Planejamento para 2025<\/h2>\n\n\n\n<p>Mesmo sem definir completamente sua situa\u00e7\u00e3o na S\u00e9rie A, o Athletico j\u00e1 se movimenta no mercado pensando na pr\u00f3xima temporada. Luiz Fernando \u00e9 um dos nomes que interessam ao clube para refor\u00e7ar o elenco em 2025.<\/p>\n\n\n\n<h2 class=\"wp-block-heading\" id=\"h-destaque-no-atletico-go\">Destaque no Atl\u00e9tico-GO<\/h2>\n\n\n\n<p>Aos 28 anos, Luiz Fernando vive uma das melhores fases da carreira. Em 2023, marcou 21 gols em 53 partidas. O atacante, que atua pelos lados do campo, foi o artilheiro das duas \u00faltimas edi\u00e7\u00f5es do Campeonato Goiano e \u00e9 considerado pe\u00e7a fundamental no esquema do Atl\u00e9tico-GO.<\/p>\n\n\n\n<p>Revelado pelo pr\u00f3prio Drag\u00e3o, Luiz Fernando acumula passagens por Botafogo e Gr\u00eamio. Sua versatilidade e capacidade de decis\u00e3o chamaram a aten\u00e7\u00e3o do Athletico, que v\u00ea no jogador uma boa op\u00e7\u00e3o para o ataque.<\/p>\n\n\n\n<h2 class=\"wp-block-heading\" id=\"h-concorrencia-internacional\">Concorr\u00eancia internacional<\/h2>\n\n\n\n<p>Al\u00e9m do interesse do Athletico, Luiz Fernando tamb\u00e9m atraiu olhares de um clube japon\u00eas. No entanto, a tend\u00eancia \u00e9 que o jogador opte por permanecer no Brasil, com o Furac\u00e3o liderando as tratativas.<\/p>\n\n\n\n<p>A informa\u00e7\u00e3o sobre as negocia\u00e7\u00f5es foi divulgada pelo portal Tr\u00e9tis e confirmada pelo <strong>ge<\/strong>. O an\u00fancio oficial deve ocorrer ap\u00f3s o t\u00e9rmino do Campeonato Brasileiro.<\/p>\n\n\n\n<p>O Athletico-PR volta a campo no pr\u00f3ximo dia 5, quinta-feira, contra o Bragantino, na Ligga Arena em partida v\u00e1lida pela 37\u00b0 rodada do Campeonato Brasileiro. <\/p>\n","protected":false},"excerpt":{"rendered":"<p>Athletico se aproxima de acerto com Luiz Fernando, do Atl\u00e9tico-GO O Athletico-PR est\u00e1 perto de oficializar a contrata\u00e7\u00e3o do atacante Luiz Fernando, atualmente no Atl\u00e9tico-GO. O jogador, que tem contrato com o Drag\u00e3o at\u00e9 o fim de 2024, j\u00e1 decidiu n\u00e3o renovar seu v\u00ednculo e analisa a proposta do Furac\u00e3o, que aguarda o encerramento do [&hellip;]<\/p>\n","protected":false},"author":17,"featured_media":139304,"comment_status":"open","ping_status":"closed","sticky":false,"template":"","format":"standard","meta":{"footnotes":""},"categories":[134],"tags":[],"class_list":["post-194120","post","type-post","status-publish","format-standard","has-post-thumbnail","hentry","category-athletico-pr"],"yoast_head":"<!-- This site is optimized with the Yoast SEO Premium plugin v24.2 (Yoast SEO v26.9) - https:\/\/yoast.com\/product\/yoast-seo-premium-wordpress\/ -->\n<title>Athletico-PR apresenta proposta por atacante<\/title>\n<meta name=\"robots\" content=\"index, follow, max-snippet:-1, max-image-preview:large, max-video-preview:-1\" \/>\n<link rel=\"canonical\" href=\"https:\/\/www.gaveanews.com\/index.php\/2024\/12\/03\/athletico-pr-apresenta-proposta-por-atacante\/\" \/>\n<meta property=\"og:locale\" content=\"pt_BR\" \/>\n<meta property=\"og:type\" content=\"article\" \/>\n<meta property=\"og:title\" content=\"Athletico-PR apresenta proposta por atacante\" \/>\n<meta property=\"og:description\" content=\"Athletico se aproxima de acerto com Luiz Fernando, do Atl\u00e9tico-GO O Athletico-PR est\u00e1 perto de oficializar a contrata\u00e7\u00e3o do atacante Luiz Fernando, atualmente no Atl\u00e9tico-GO. O jogador, que tem contrato com o Drag\u00e3o at\u00e9 o fim de 2024, j\u00e1 decidiu n\u00e3o renovar seu v\u00ednculo e analisa a proposta do Furac\u00e3o, que aguarda o encerramento do [&hellip;]\" \/>\n<meta property=\"og:url\" content=\"https:\/\/www.gaveanews.com\/index.php\/2024\/12\/03\/athletico-pr-apresenta-proposta-por-atacante\/\" \/>\n<meta property=\"og:site_name\" content=\"G\u00e1vea News\" \/>\n<meta property=\"article:publisher\" content=\"https:\/\/facebook.com\/gaveaNews\/\" \/>\n<meta property=\"article:published_time\" content=\"2024-12-03T23:00:00+00:00\" \/>\n<meta property=\"og:image\" content=\"https:\/\/www.gaveanews.com\/wp-content\/uploads\/Bandeira-do-Athletico-na-Arena-da-Baixada.webp\" \/>\n\t<meta property=\"og:image:width\" content=\"1600\" \/>\n\t<meta property=\"og:image:height\" content=\"1066\" \/>\n\t<meta property=\"og:image:type\" content=\"image\/jpeg\" \/>\n<meta name=\"author\" content=\"Geovanna Thomaz\" \/>\n<meta name=\"twitter:card\" content=\"summary_large_image\" \/>\n<meta name=\"twitter:label1\" content=\"Escrito por\" \/>\n\t<meta name=\"twitter:data1\" content=\"Geovanna Thomaz\" \/>\n\t<meta name=\"twitter:label2\" content=\"Est. tempo de leitura\" \/>\n\t<meta name=\"twitter:data2\" content=\"2 minutos\" \/>\n<script type=\"application\/ld+json\" class=\"yoast-schema-graph\">{\"@context\":\"https:\/\/schema.org\",\"@graph\":[{\"@type\":\"NewsArticle\",\"@id\":\"https:\/\/www.gaveanews.com\/index.php\/2024\/12\/03\/athletico-pr-apresenta-proposta-por-atacante\/#article\",\"isPartOf\":{\"@id\":\"https:\/\/www.gaveanews.com\/index.php\/2024\/12\/03\/athletico-pr-apresenta-proposta-por-atacante\/\"},\"author\":{\"name\":\"Geovanna Thomaz\",\"@id\":\"https:\/\/www.gaveanews.com\/#\/schema\/person\/f42654babcd2b2014a1a65af82b081f1\"},\"headline\":\"Athletico-PR apresenta proposta por atacante\",\"datePublished\":\"2024-12-03T23:00:00+00:00\",\"mainEntityOfPage\":{\"@id\":\"https:\/\/www.gaveanews.com\/index.php\/2024\/12\/03\/athletico-pr-apresenta-proposta-por-atacante\/\"},\"wordCount\":334,\"commentCount\":0,\"image\":{\"@id\":\"https:\/\/www.gaveanews.com\/index.php\/2024\/12\/03\/athletico-pr-apresenta-proposta-por-atacante\/#primaryimage\"},\"thumbnailUrl\":\"https:\/\/www.gaveanews.com\/wp-content\/uploads\/Bandeira-do-Athletico-na-Arena-da-Baixada.webp\",\"articleSection\":[\"Athletico-PR\"],\"inLanguage\":\"pt-BR\",\"potentialAction\":[{\"@type\":\"CommentAction\",\"name\":\"Comment\",\"target\":[\"https:\/\/www.gaveanews.com\/index.php\/2024\/12\/03\/athletico-pr-apresenta-proposta-por-atacante\/#respond\"]}],\"copyrightYear\":\"2024\",\"copyrightHolder\":{\"@id\":\"https:\/\/www.gaveanews.com\/#organization\"}},{\"@type\":\"WebPage\",\"@id\":\"https:\/\/www.gaveanews.com\/index.php\/2024\/12\/03\/athletico-pr-apresenta-proposta-por-atacante\/\",\"url\":\"https:\/\/www.gaveanews.com\/index.php\/2024\/12\/03\/athletico-pr-apresenta-proposta-por-atacante\/\",\"name\":\"Athletico-PR apresenta proposta por atacante\",\"isPartOf\":{\"@id\":\"https:\/\/www.gaveanews.com\/#website\"},\"primaryImageOfPage\":{\"@id\":\"https:\/\/www.gaveanews.com\/index.php\/2024\/12\/03\/athletico-pr-apresenta-proposta-por-atacante\/#primaryimage\"},\"image\":{\"@id\":\"https:\/\/www.gaveanews.com\/index.php\/2024\/12\/03\/athletico-pr-apresenta-proposta-por-atacante\/#primaryimage\"},\"thumbnailUrl\":\"https:\/\/www.gaveanews.com\/wp-content\/uploads\/Bandeira-do-Athletico-na-Arena-da-Baixada.webp\",\"datePublished\":\"2024-12-03T23:00:00+00:00\",\"author\":{\"@id\":\"https:\/\/www.gaveanews.com\/#\/schema\/person\/f42654babcd2b2014a1a65af82b081f1\"},\"breadcrumb\":{\"@id\":\"https:\/\/www.gaveanews.com\/index.php\/2024\/12\/03\/athletico-pr-apresenta-proposta-por-atacante\/#breadcrumb\"},\"inLanguage\":\"pt-BR\",\"potentialAction\":[{\"@type\":\"ReadAction\",\"target\":[\"https:\/\/www.gaveanews.com\/index.php\/2024\/12\/03\/athletico-pr-apresenta-proposta-por-atacante\/\"]}]},{\"@type\":\"ImageObject\",\"inLanguage\":\"pt-BR\",\"@id\":\"https:\/\/www.gaveanews.com\/index.php\/2024\/12\/03\/athletico-pr-apresenta-proposta-por-atacante\/#primaryimage\",\"url\":\"https:\/\/www.gaveanews.com\/wp-content\/uploads\/Bandeira-do-Athletico-na-Arena-da-Baixada.webp\",\"contentUrl\":\"https:\/\/www.gaveanews.com\/wp-content\/uploads\/Bandeira-do-Athletico-na-Arena-da-Baixada.webp\",\"width\":1600,\"height\":1066,\"caption\":\"Bandeira do Athletico na Arena da Baixada Jos\u00e9 (Foto: Jos\u00e9 Tramontin\/Athletico)\"},{\"@type\":\"BreadcrumbList\",\"@id\":\"https:\/\/www.gaveanews.com\/index.php\/2024\/12\/03\/athletico-pr-apresenta-proposta-por-atacante\/#breadcrumb\",\"itemListElement\":[{\"@type\":\"ListItem\",\"position\":1,\"name\":\"Home\",\"item\":\"https:\/\/www.gaveanews.com\/\"},{\"@type\":\"ListItem\",\"position\":2,\"name\":\"Athletico-PR apresenta proposta por atacante\"}]},{\"@type\":\"WebSite\",\"@id\":\"https:\/\/www.gaveanews.com\/#website\",\"url\":\"https:\/\/www.gaveanews.com\/\",\"name\":\"G\u00e1vea News\",\"description\":\"Veja todas as not\u00edcias sobre o Flamengo: Contrata\u00e7\u00f5es, categorias de base, resultados das partidas, tabela de classifica\u00e7\u00e3o, pr\u00f3ximos jogos!\",\"potentialAction\":[{\"@type\":\"SearchAction\",\"target\":{\"@type\":\"EntryPoint\",\"urlTemplate\":\"https:\/\/www.gaveanews.com\/?s={search_term_string}\"},\"query-input\":{\"@type\":\"PropertyValueSpecification\",\"valueRequired\":true,\"valueName\":\"search_term_string\"}}],\"inLanguage\":\"pt-BR\"},{\"@type\":\"Person\",\"@id\":\"https:\/\/www.gaveanews.com\/#\/schema\/person\/f42654babcd2b2014a1a65af82b081f1\",\"name\":\"Geovanna Thomaz\",\"image\":{\"@type\":\"ImageObject\",\"inLanguage\":\"pt-BR\",\"@id\":\"https:\/\/www.gaveanews.com\/#\/schema\/person\/image\/\",\"url\":\"https:\/\/secure.gravatar.com\/avatar\/4092073255489533afb558984b49b64268c47198af8623cc82a925ae9fb7118a?s=96&d=mm&r=g\",\"contentUrl\":\"https:\/\/secure.gravatar.com\/avatar\/4092073255489533afb558984b49b64268c47198af8623cc82a925ae9fb7118a?s=96&d=mm&r=g\",\"caption\":\"Geovanna Thomaz\"}}]}<\/script>\n<!-- \/ Yoast SEO Premium plugin. -->","yoast_head_json":{"title":"Athletico-PR apresenta proposta por atacante","robots":{"index":"index","follow":"follow","max-snippet":"max-snippet:-1","max-image-preview":"max-image-preview:large","max-video-preview":"max-video-preview:-1"},"canonical":"https:\/\/www.gaveanews.com\/index.php\/2024\/12\/03\/athletico-pr-apresenta-proposta-por-atacante\/","og_locale":"pt_BR","og_type":"article","og_title":"Athletico-PR apresenta proposta por atacante","og_description":"Athletico se aproxima de acerto com Luiz Fernando, do Atl\u00e9tico-GO O Athletico-PR est\u00e1 perto de oficializar a contrata\u00e7\u00e3o do atacante Luiz Fernando, atualmente no Atl\u00e9tico-GO. O jogador, que tem contrato com o Drag\u00e3o at\u00e9 o fim de 2024, j\u00e1 decidiu n\u00e3o renovar seu v\u00ednculo e analisa a proposta do Furac\u00e3o, que aguarda o encerramento do [&hellip;]","og_url":"https:\/\/www.gaveanews.com\/index.php\/2024\/12\/03\/athletico-pr-apresenta-proposta-por-atacante\/","og_site_name":"G\u00e1vea News","article_publisher":"https:\/\/facebook.com\/gaveaNews\/","article_published_time":"2024-12-03T23:00:00+00:00","og_image":[{"width":1600,"height":1066,"url":"https:\/\/www.gaveanews.com\/wp-content\/uploads\/Bandeira-do-Athletico-na-Arena-da-Baixada.webp","type":"image\/jpeg"}],"author":"Geovanna Thomaz","twitter_card":"summary_large_image","twitter_misc":{"Escrito por":"Geovanna Thomaz","Est. tempo de leitura":"2 minutos"},"schema":{"@context":"https:\/\/schema.org","@graph":[{"@type":"NewsArticle","@id":"https:\/\/www.gaveanews.com\/index.php\/2024\/12\/03\/athletico-pr-apresenta-proposta-por-atacante\/#article","isPartOf":{"@id":"https:\/\/www.gaveanews.com\/index.php\/2024\/12\/03\/athletico-pr-apresenta-proposta-por-atacante\/"},"author":{"name":"Geovanna Thomaz","@id":"https:\/\/www.gaveanews.com\/#\/schema\/person\/f42654babcd2b2014a1a65af82b081f1"},"headline":"Athletico-PR apresenta proposta por atacante","datePublished":"2024-12-03T23:00:00+00:00","mainEntityOfPage":{"@id":"https:\/\/www.gaveanews.com\/index.php\/2024\/12\/03\/athletico-pr-apresenta-proposta-por-atacante\/"},"wordCount":334,"commentCount":0,"image":{"@id":"https:\/\/www.gaveanews.com\/index.php\/2024\/12\/03\/athletico-pr-apresenta-proposta-por-atacante\/#primaryimage"},"thumbnailUrl":"https:\/\/www.gaveanews.com\/wp-content\/uploads\/Bandeira-do-Athletico-na-Arena-da-Baixada.webp","articleSection":["Athletico-PR"],"inLanguage":"pt-BR","potentialAction":[{"@type":"CommentAction","name":"Comment","target":["https:\/\/www.gaveanews.com\/index.php\/2024\/12\/03\/athletico-pr-apresenta-proposta-por-atacante\/#respond"]}],"copyrightYear":"2024","copyrightHolder":{"@id":"https:\/\/www.gaveanews.com\/#organization"}},{"@type":"WebPage","@id":"https:\/\/www.gaveanews.com\/index.php\/2024\/12\/03\/athletico-pr-apresenta-proposta-por-atacante\/","url":"https:\/\/www.gaveanews.com\/index.php\/2024\/12\/03\/athletico-pr-apresenta-proposta-por-atacante\/","name":"Athletico-PR apresenta proposta por atacante","isPartOf":{"@id":"https:\/\/www.gaveanews.com\/#website"},"primaryImageOfPage":{"@id":"https:\/\/www.gaveanews.com\/index.php\/2024\/12\/03\/athletico-pr-apresenta-proposta-por-atacante\/#primaryimage"},"image":{"@id":"https:\/\/www.gaveanews.com\/index.php\/2024\/12\/03\/athletico-pr-apresenta-proposta-por-atacante\/#primaryimage"},"thumbnailUrl":"https:\/\/www.gaveanews.com\/wp-content\/uploads\/Bandeira-do-Athletico-na-Arena-da-Baixada.webp","datePublished":"2024-12-03T23:00:00+00:00","author":{"@id":"https:\/\/www.gaveanews.com\/#\/schema\/person\/f42654babcd2b2014a1a65af82b081f1"},"breadcrumb":{"@id":"https:\/\/www.gaveanews.com\/index.php\/2024\/12\/03\/athletico-pr-apresenta-proposta-por-atacante\/#breadcrumb"},"inLanguage":"pt-BR","potentialAction":[{"@type":"ReadAction","target":["https:\/\/www.gaveanews.com\/index.php\/2024\/12\/03\/athletico-pr-apresenta-proposta-por-atacante\/"]}]},{"@type":"ImageObject","inLanguage":"pt-BR","@id":"https:\/\/www.gaveanews.com\/index.php\/2024\/12\/03\/athletico-pr-apresenta-proposta-por-atacante\/#primaryimage","url":"https:\/\/www.gaveanews.com\/wp-content\/uploads\/Bandeira-do-Athletico-na-Arena-da-Baixada.webp","contentUrl":"https:\/\/www.gaveanews.com\/wp-content\/uploads\/Bandeira-do-Athletico-na-Arena-da-Baixada.webp","width":1600,"height":1066,"caption":"Bandeira do Athletico na Arena da Baixada Jos\u00e9 (Foto: Jos\u00e9 Tramontin\/Athletico)"},{"@type":"BreadcrumbList","@id":"https:\/\/www.gaveanews.com\/index.php\/2024\/12\/03\/athletico-pr-apresenta-proposta-por-atacante\/#breadcrumb","itemListElement":[{"@type":"ListItem","position":1,"name":"Home","item":"https:\/\/www.gaveanews.com\/"},{"@type":"ListItem","position":2,"name":"Athletico-PR apresenta proposta por atacante"}]},{"@type":"WebSite","@id":"https:\/\/www.gaveanews.com\/#website","url":"https:\/\/www.gaveanews.com\/","name":"G\u00e1vea News","description":"Veja todas as not\u00edcias sobre o Flamengo: Contrata\u00e7\u00f5es, categorias de base, resultados das partidas, tabela de classifica\u00e7\u00e3o, pr\u00f3ximos jogos!","potentialAction":[{"@type":"SearchAction","target":{"@type":"EntryPoint","urlTemplate":"https:\/\/www.gaveanews.com\/?s={search_term_string}"},"query-input":{"@type":"PropertyValueSpecification","valueRequired":true,"valueName":"search_term_string"}}],"inLanguage":"pt-BR"},{"@type":"Person","@id":"https:\/\/www.gaveanews.com\/#\/schema\/person\/f42654babcd2b2014a1a65af82b081f1","name":"Geovanna Thomaz","image":{"@type":"ImageObject","inLanguage":"pt-BR","@id":"https:\/\/www.gaveanews.com\/#\/schema\/person\/image\/","url":"https:\/\/secure.gravatar.com\/avatar\/4092073255489533afb558984b49b64268c47198af8623cc82a925ae9fb7118a?s=96&d=mm&r=g","contentUrl":"https:\/\/secure.gravatar.com\/avatar\/4092073255489533afb558984b49b64268c47198af8623cc82a925ae9fb7118a?s=96&d=mm&r=g","caption":"Geovanna Thomaz"}}]}},"_links":{"self":[{"href":"https:\/\/www.gaveanews.com\/index.php\/wp-json\/wp\/v2\/posts\/194120","targetHints":{"allow":["GET"]}}],"collection":[{"href":"https:\/\/www.gaveanews.com\/index.php\/wp-json\/wp\/v2\/posts"}],"about":[{"href":"https:\/\/www.gaveanews.com\/index.php\/wp-json\/wp\/v2\/types\/post"}],"author":[{"embeddable":true,"href":"https:\/\/www.gaveanews.com\/index.php\/wp-json\/wp\/v2\/users\/17"}],"replies":[{"embeddable":true,"href":"https:\/\/www.gaveanews.com\/index.php\/wp-json\/wp\/v2\/comments?post=194120"}],"version-history":[{"count":2,"href":"https:\/\/www.gaveanews.com\/index.php\/wp-json\/wp\/v2\/posts\/194120\/revisions"}],"predecessor-version":[{"id":194126,"href":"https:\/\/www.gaveanews.com\/index.php\/wp-json\/wp\/v2\/posts\/194120\/revisions\/194126"}],"wp:featuredmedia":[{"embeddable":true,"href":"https:\/\/www.gaveanews.com\/index.php\/wp-json\/wp\/v2\/media\/139304"}],"wp:attachment":[{"href":"https:\/\/www.gaveanews.com\/index.php\/wp-json\/wp\/v2\/media?parent=194120"}],"wp:term":[{"taxonomy":"category","embeddable":true,"href":"https:\/\/www.gaveanews.com\/index.php\/wp-json\/wp\/v2\/categories?post=194120"},{"taxonomy":"post_tag","embeddable":true,"href":"https:\/\/www.gaveanews.com\/index.php\/wp-json\/wp\/v2\/tags?post=194120"}],"curies":[{"name":"wp","href":"https:\/\/api.w.org\/{rel}","templated":true}]}}