{"id":194173,"date":"2024-12-03T21:20:00","date_gmt":"2024-12-04T00:20:00","guid":{"rendered":"https:\/\/www.gaveanews.com\/?p=194173"},"modified":"2024-12-03T21:14:34","modified_gmt":"2024-12-04T00:14:34","slug":"vitoria-pode-garantir-vaga-na-sul-americana-saiba-como","status":"publish","type":"post","link":"https:\/\/www.gaveanews.com\/index.php\/2024\/12\/03\/vitoria-pode-garantir-vaga-na-sul-americana-saiba-como\/","title":{"rendered":"Vit\u00f3ria pode garantir vaga na Sul-Americana; saiba como"},"content":{"rendered":"\n<p>Garantido na S\u00e9rie A de 2025, o Vit\u00f3ria tem a chance de encerrar a temporada de forma hist\u00f3rica. O Rubro-Negro est\u00e1 na 10\u00aa posi\u00e7\u00e3o, com 45 pontos, e tem 96,9% de probabilidade de classifica\u00e7\u00e3o para a Sul-Americana. Depende apenas de si para conquistar a vaga na competi\u00e7\u00e3o internacional. Apesar de mais distante, o sonho da Libertadores n\u00e3o est\u00e1 descartado, e para um time que desafiou as probabilidades na S\u00e9rie C, os 2,7% de chances de classifica\u00e7\u00e3o para a competi\u00e7\u00e3o continental ainda s\u00e3o um est\u00edmulo.<\/p>\n\n\n\n<ul class=\"wp-block-list\">\n<li><strong><a href=\"https:\/\/www.gaveanews.com\/index.php\/2024\/12\/03\/estadio-da-serie-a-prepara-melhorias-para-2025\/?utm_source=terra_capa_parceiros&amp;utm_medium=referral\">Est\u00e1dio da S\u00e9rie A prepara melhorias para 2025<\/a><\/strong><\/li>\n\n\n\n<li><strong><a href=\"https:\/\/www.gaveanews.com\/index.php\/2024\/12\/03\/vitoria-x-fortaleza-a-declaracao-de-joao-ricardo-sobre-o-jogo\/?utm_source=terra_capa_parceiros&amp;utm_medium=referral\">Vit\u00f3ria x Fortaleza: a declara\u00e7\u00e3o de Jo\u00e3o Ricardo sobre o jogo<\/a><\/strong><\/li>\n<\/ul>\n\n\n\n<p>A vit\u00f3ria sobre o Fortaleza no \u00faltimo domingo selou a perman\u00eancia do Vit\u00f3ria na elite do futebol brasileiro. Agora, o time precisa de apenas dois empates nos jogos restantes, contra Gr\u00eamio e Flamengo, para atingir 47 pontos e garantir matematicamente a vaga na Sul-Americana. Segundo o professor Gilcione Nonato, da UFMG, essa pontua\u00e7\u00e3o d\u00e1 ao time 99,9995% de chances de classifica\u00e7\u00e3o.<\/p>\n\n\n\n<p>Com 48 pontos, cen\u00e1rio poss\u00edvel em caso de vit\u00f3ria em uma das duas partidas restantes, o Vit\u00f3ria se coloca fora do alcance de Atl\u00e9tico-MG, Athletico-PR e Vasco, que disputam jogos diretos e n\u00e3o conseguem alcan\u00e7ar essa marca. Mesmo que perca seus dois compromissos finais, o Rubro-Negro ainda teria 97,1% de chances de disputar a Sul-Americana.<\/p>\n\n\n\n<p>Para o torcedor mais otimista, ainda existe a possibilidade de classifica\u00e7\u00e3o para a Libertadores, embora a miss\u00e3o seja desafiadora. De acordo com os c\u00e1lculos da UFMG, o time precisaria somar 50 pontos para sonhar com a fase preliminar da competi\u00e7\u00e3o continental. Isso exige que o Vit\u00f3ria ven\u00e7a os dois \u00faltimos jogos e conte com trope\u00e7os de concorrentes diretos, como Bahia, Corinthians e Cruzeiro.<\/p>\n\n\n\n<p>A combina\u00e7\u00e3o de resultados necess\u00e1ria inclui: uma vit\u00f3ria contra Gr\u00eamio e Flamengo, o Bahia somando no m\u00e1ximo um ponto, o Corinthians conquistando apenas um ponto e o Cruzeiro n\u00e3o somando mais do que dois pontos nas rodadas finais. Apesar de improv\u00e1vel, o Rubro-Negro j\u00e1 superou situa\u00e7\u00f5es adversas na S\u00e9rie C e alimenta a esperan\u00e7a de um desfecho \u00e9pico.<\/p>\n\n\n\n<p>O primeiro passo para alcan\u00e7ar esses objetivos acontece nesta quarta-feira, \u00e0s 20h (hor\u00e1rio de Bras\u00edlia), quando o Vit\u00f3ria recebe o Gr\u00eamio no Barrad\u00e3o. Com a torcida ao lado e a possibilidade de conquistar novos feitos, o Le\u00e3o encara o confronto como uma verdadeira final.<\/p>\n","protected":false},"excerpt":{"rendered":"<p>Garantido na S\u00e9rie A de 2025, o Vit\u00f3ria tem a chance de encerrar a temporada de forma hist\u00f3rica. O Rubro-Negro est\u00e1 na 10\u00aa posi\u00e7\u00e3o, com 45 pontos, e tem 96,9% de probabilidade de classifica\u00e7\u00e3o para a Sul-Americana. Depende apenas de si para conquistar a vaga na competi\u00e7\u00e3o internacional. Apesar de mais distante, o sonho da [&hellip;]<\/p>\n","protected":false},"author":23,"featured_media":154111,"comment_status":"open","ping_status":"closed","sticky":false,"template":"","format":"standard","meta":{"footnotes":""},"categories":[153],"tags":[],"class_list":["post-194173","post","type-post","status-publish","format-standard","has-post-thumbnail","hentry","category-vitoria"],"yoast_head":"<!-- This site is optimized with the Yoast SEO Premium plugin v24.2 (Yoast SEO v26.9) - https:\/\/yoast.com\/product\/yoast-seo-premium-wordpress\/ -->\n<title>Vit\u00f3ria pode garantir vaga na Sul-Americana; saiba como<\/title>\n<meta name=\"robots\" content=\"index, follow, max-snippet:-1, max-image-preview:large, max-video-preview:-1\" \/>\n<link rel=\"canonical\" href=\"https:\/\/www.gaveanews.com\/index.php\/2024\/12\/03\/vitoria-pode-garantir-vaga-na-sul-americana-saiba-como\/\" \/>\n<meta property=\"og:locale\" content=\"pt_BR\" \/>\n<meta property=\"og:type\" content=\"article\" \/>\n<meta property=\"og:title\" content=\"Vit\u00f3ria pode garantir vaga na Sul-Americana; saiba como\" \/>\n<meta property=\"og:description\" content=\"Garantido na S\u00e9rie A de 2025, o Vit\u00f3ria tem a chance de encerrar a temporada de forma hist\u00f3rica. O Rubro-Negro est\u00e1 na 10\u00aa posi\u00e7\u00e3o, com 45 pontos, e tem 96,9% de probabilidade de classifica\u00e7\u00e3o para a Sul-Americana. Depende apenas de si para conquistar a vaga na competi\u00e7\u00e3o internacional. Apesar de mais distante, o sonho da [&hellip;]\" \/>\n<meta property=\"og:url\" content=\"https:\/\/www.gaveanews.com\/index.php\/2024\/12\/03\/vitoria-pode-garantir-vaga-na-sul-americana-saiba-como\/\" \/>\n<meta property=\"og:site_name\" content=\"G\u00e1vea News\" \/>\n<meta property=\"article:publisher\" content=\"https:\/\/facebook.com\/gaveaNews\/\" \/>\n<meta property=\"article:published_time\" content=\"2024-12-04T00:20:00+00:00\" \/>\n<meta property=\"og:image\" content=\"https:\/\/www.gaveanews.com\/wp-content\/uploads\/IMAGEM_NOTICIA_3-1.webp\" \/>\n\t<meta property=\"og:image:width\" content=\"640\" \/>\n\t<meta property=\"og:image:height\" content=\"426\" \/>\n\t<meta property=\"og:image:type\" content=\"image\/jpeg\" \/>\n<meta name=\"author\" content=\"Leandro Azevedo\" \/>\n<meta name=\"twitter:card\" content=\"summary_large_image\" \/>\n<meta name=\"twitter:label1\" content=\"Escrito por\" \/>\n\t<meta name=\"twitter:data1\" content=\"Leandro Azevedo\" \/>\n\t<meta name=\"twitter:label2\" content=\"Est. tempo de leitura\" \/>\n\t<meta name=\"twitter:data2\" content=\"3 minutos\" \/>\n<script type=\"application\/ld+json\" class=\"yoast-schema-graph\">{\"@context\":\"https:\/\/schema.org\",\"@graph\":[{\"@type\":\"NewsArticle\",\"@id\":\"https:\/\/www.gaveanews.com\/index.php\/2024\/12\/03\/vitoria-pode-garantir-vaga-na-sul-americana-saiba-como\/#article\",\"isPartOf\":{\"@id\":\"https:\/\/www.gaveanews.com\/index.php\/2024\/12\/03\/vitoria-pode-garantir-vaga-na-sul-americana-saiba-como\/\"},\"author\":{\"name\":\"Leandro Azevedo\",\"@id\":\"https:\/\/www.gaveanews.com\/#\/schema\/person\/2877169f354c4596cf5aab74ea7c56a8\"},\"headline\":\"Vit\u00f3ria pode garantir vaga na Sul-Americana; saiba como\",\"datePublished\":\"2024-12-04T00:20:00+00:00\",\"mainEntityOfPage\":{\"@id\":\"https:\/\/www.gaveanews.com\/index.php\/2024\/12\/03\/vitoria-pode-garantir-vaga-na-sul-americana-saiba-como\/\"},\"wordCount\":436,\"commentCount\":0,\"image\":{\"@id\":\"https:\/\/www.gaveanews.com\/index.php\/2024\/12\/03\/vitoria-pode-garantir-vaga-na-sul-americana-saiba-como\/#primaryimage\"},\"thumbnailUrl\":\"https:\/\/www.gaveanews.com\/wp-content\/uploads\/IMAGEM_NOTICIA_3-1.webp\",\"articleSection\":[\"Vit\u00f3ria\"],\"inLanguage\":\"pt-BR\",\"potentialAction\":[{\"@type\":\"CommentAction\",\"name\":\"Comment\",\"target\":[\"https:\/\/www.gaveanews.com\/index.php\/2024\/12\/03\/vitoria-pode-garantir-vaga-na-sul-americana-saiba-como\/#respond\"]}],\"copyrightYear\":\"2024\",\"copyrightHolder\":{\"@id\":\"https:\/\/www.gaveanews.com\/#organization\"}},{\"@type\":\"WebPage\",\"@id\":\"https:\/\/www.gaveanews.com\/index.php\/2024\/12\/03\/vitoria-pode-garantir-vaga-na-sul-americana-saiba-como\/\",\"url\":\"https:\/\/www.gaveanews.com\/index.php\/2024\/12\/03\/vitoria-pode-garantir-vaga-na-sul-americana-saiba-como\/\",\"name\":\"Vit\u00f3ria pode garantir vaga na Sul-Americana; saiba como\",\"isPartOf\":{\"@id\":\"https:\/\/www.gaveanews.com\/#website\"},\"primaryImageOfPage\":{\"@id\":\"https:\/\/www.gaveanews.com\/index.php\/2024\/12\/03\/vitoria-pode-garantir-vaga-na-sul-americana-saiba-como\/#primaryimage\"},\"image\":{\"@id\":\"https:\/\/www.gaveanews.com\/index.php\/2024\/12\/03\/vitoria-pode-garantir-vaga-na-sul-americana-saiba-como\/#primaryimage\"},\"thumbnailUrl\":\"https:\/\/www.gaveanews.com\/wp-content\/uploads\/IMAGEM_NOTICIA_3-1.webp\",\"datePublished\":\"2024-12-04T00:20:00+00:00\",\"author\":{\"@id\":\"https:\/\/www.gaveanews.com\/#\/schema\/person\/2877169f354c4596cf5aab74ea7c56a8\"},\"breadcrumb\":{\"@id\":\"https:\/\/www.gaveanews.com\/index.php\/2024\/12\/03\/vitoria-pode-garantir-vaga-na-sul-americana-saiba-como\/#breadcrumb\"},\"inLanguage\":\"pt-BR\",\"potentialAction\":[{\"@type\":\"ReadAction\",\"target\":[\"https:\/\/www.gaveanews.com\/index.php\/2024\/12\/03\/vitoria-pode-garantir-vaga-na-sul-americana-saiba-como\/\"]}]},{\"@type\":\"ImageObject\",\"inLanguage\":\"pt-BR\",\"@id\":\"https:\/\/www.gaveanews.com\/index.php\/2024\/12\/03\/vitoria-pode-garantir-vaga-na-sul-americana-saiba-como\/#primaryimage\",\"url\":\"https:\/\/www.gaveanews.com\/wp-content\/uploads\/IMAGEM_NOTICIA_3-1.webp\",\"contentUrl\":\"https:\/\/www.gaveanews.com\/wp-content\/uploads\/IMAGEM_NOTICIA_3-1.webp\",\"width\":640,\"height\":426,\"caption\":\"Foto: Victor Ferreira\/EC Vit\u00f3ria\"},{\"@type\":\"BreadcrumbList\",\"@id\":\"https:\/\/www.gaveanews.com\/index.php\/2024\/12\/03\/vitoria-pode-garantir-vaga-na-sul-americana-saiba-como\/#breadcrumb\",\"itemListElement\":[{\"@type\":\"ListItem\",\"position\":1,\"name\":\"Home\",\"item\":\"https:\/\/www.gaveanews.com\/\"},{\"@type\":\"ListItem\",\"position\":2,\"name\":\"Vit\u00f3ria pode garantir vaga na Sul-Americana; saiba como\"}]},{\"@type\":\"WebSite\",\"@id\":\"https:\/\/www.gaveanews.com\/#website\",\"url\":\"https:\/\/www.gaveanews.com\/\",\"name\":\"G\u00e1vea News\",\"description\":\"Veja todas as not\u00edcias sobre o Flamengo: Contrata\u00e7\u00f5es, categorias de base, resultados das partidas, tabela de classifica\u00e7\u00e3o, pr\u00f3ximos jogos!\",\"potentialAction\":[{\"@type\":\"SearchAction\",\"target\":{\"@type\":\"EntryPoint\",\"urlTemplate\":\"https:\/\/www.gaveanews.com\/?s={search_term_string}\"},\"query-input\":{\"@type\":\"PropertyValueSpecification\",\"valueRequired\":true,\"valueName\":\"search_term_string\"}}],\"inLanguage\":\"pt-BR\"},{\"@type\":\"Person\",\"@id\":\"https:\/\/www.gaveanews.com\/#\/schema\/person\/2877169f354c4596cf5aab74ea7c56a8\",\"name\":\"Leandro Azevedo\",\"image\":{\"@type\":\"ImageObject\",\"inLanguage\":\"pt-BR\",\"@id\":\"https:\/\/www.gaveanews.com\/#\/schema\/person\/image\/\",\"url\":\"https:\/\/secure.gravatar.com\/avatar\/e2f72eb6d986a41d592a85e4e36a6c6170e9ea8a1f433dfc29d0011a8968f89c?s=96&d=mm&r=g\",\"contentUrl\":\"https:\/\/secure.gravatar.com\/avatar\/e2f72eb6d986a41d592a85e4e36a6c6170e9ea8a1f433dfc29d0011a8968f89c?s=96&d=mm&r=g\",\"caption\":\"Leandro Azevedo\"}}]}<\/script>\n<!-- \/ Yoast SEO Premium plugin. -->","yoast_head_json":{"title":"Vit\u00f3ria pode garantir vaga na Sul-Americana; saiba como","robots":{"index":"index","follow":"follow","max-snippet":"max-snippet:-1","max-image-preview":"max-image-preview:large","max-video-preview":"max-video-preview:-1"},"canonical":"https:\/\/www.gaveanews.com\/index.php\/2024\/12\/03\/vitoria-pode-garantir-vaga-na-sul-americana-saiba-como\/","og_locale":"pt_BR","og_type":"article","og_title":"Vit\u00f3ria pode garantir vaga na Sul-Americana; saiba como","og_description":"Garantido na S\u00e9rie A de 2025, o Vit\u00f3ria tem a chance de encerrar a temporada de forma hist\u00f3rica. O Rubro-Negro est\u00e1 na 10\u00aa posi\u00e7\u00e3o, com 45 pontos, e tem 96,9% de probabilidade de classifica\u00e7\u00e3o para a Sul-Americana. Depende apenas de si para conquistar a vaga na competi\u00e7\u00e3o internacional. Apesar de mais distante, o sonho da [&hellip;]","og_url":"https:\/\/www.gaveanews.com\/index.php\/2024\/12\/03\/vitoria-pode-garantir-vaga-na-sul-americana-saiba-como\/","og_site_name":"G\u00e1vea News","article_publisher":"https:\/\/facebook.com\/gaveaNews\/","article_published_time":"2024-12-04T00:20:00+00:00","og_image":[{"width":640,"height":426,"url":"https:\/\/www.gaveanews.com\/wp-content\/uploads\/IMAGEM_NOTICIA_3-1.webp","type":"image\/jpeg"}],"author":"Leandro Azevedo","twitter_card":"summary_large_image","twitter_misc":{"Escrito por":"Leandro Azevedo","Est. tempo de leitura":"3 minutos"},"schema":{"@context":"https:\/\/schema.org","@graph":[{"@type":"NewsArticle","@id":"https:\/\/www.gaveanews.com\/index.php\/2024\/12\/03\/vitoria-pode-garantir-vaga-na-sul-americana-saiba-como\/#article","isPartOf":{"@id":"https:\/\/www.gaveanews.com\/index.php\/2024\/12\/03\/vitoria-pode-garantir-vaga-na-sul-americana-saiba-como\/"},"author":{"name":"Leandro Azevedo","@id":"https:\/\/www.gaveanews.com\/#\/schema\/person\/2877169f354c4596cf5aab74ea7c56a8"},"headline":"Vit\u00f3ria pode garantir vaga na Sul-Americana; saiba como","datePublished":"2024-12-04T00:20:00+00:00","mainEntityOfPage":{"@id":"https:\/\/www.gaveanews.com\/index.php\/2024\/12\/03\/vitoria-pode-garantir-vaga-na-sul-americana-saiba-como\/"},"wordCount":436,"commentCount":0,"image":{"@id":"https:\/\/www.gaveanews.com\/index.php\/2024\/12\/03\/vitoria-pode-garantir-vaga-na-sul-americana-saiba-como\/#primaryimage"},"thumbnailUrl":"https:\/\/www.gaveanews.com\/wp-content\/uploads\/IMAGEM_NOTICIA_3-1.webp","articleSection":["Vit\u00f3ria"],"inLanguage":"pt-BR","potentialAction":[{"@type":"CommentAction","name":"Comment","target":["https:\/\/www.gaveanews.com\/index.php\/2024\/12\/03\/vitoria-pode-garantir-vaga-na-sul-americana-saiba-como\/#respond"]}],"copyrightYear":"2024","copyrightHolder":{"@id":"https:\/\/www.gaveanews.com\/#organization"}},{"@type":"WebPage","@id":"https:\/\/www.gaveanews.com\/index.php\/2024\/12\/03\/vitoria-pode-garantir-vaga-na-sul-americana-saiba-como\/","url":"https:\/\/www.gaveanews.com\/index.php\/2024\/12\/03\/vitoria-pode-garantir-vaga-na-sul-americana-saiba-como\/","name":"Vit\u00f3ria pode garantir vaga na Sul-Americana; saiba como","isPartOf":{"@id":"https:\/\/www.gaveanews.com\/#website"},"primaryImageOfPage":{"@id":"https:\/\/www.gaveanews.com\/index.php\/2024\/12\/03\/vitoria-pode-garantir-vaga-na-sul-americana-saiba-como\/#primaryimage"},"image":{"@id":"https:\/\/www.gaveanews.com\/index.php\/2024\/12\/03\/vitoria-pode-garantir-vaga-na-sul-americana-saiba-como\/#primaryimage"},"thumbnailUrl":"https:\/\/www.gaveanews.com\/wp-content\/uploads\/IMAGEM_NOTICIA_3-1.webp","datePublished":"2024-12-04T00:20:00+00:00","author":{"@id":"https:\/\/www.gaveanews.com\/#\/schema\/person\/2877169f354c4596cf5aab74ea7c56a8"},"breadcrumb":{"@id":"https:\/\/www.gaveanews.com\/index.php\/2024\/12\/03\/vitoria-pode-garantir-vaga-na-sul-americana-saiba-como\/#breadcrumb"},"inLanguage":"pt-BR","potentialAction":[{"@type":"ReadAction","target":["https:\/\/www.gaveanews.com\/index.php\/2024\/12\/03\/vitoria-pode-garantir-vaga-na-sul-americana-saiba-como\/"]}]},{"@type":"ImageObject","inLanguage":"pt-BR","@id":"https:\/\/www.gaveanews.com\/index.php\/2024\/12\/03\/vitoria-pode-garantir-vaga-na-sul-americana-saiba-como\/#primaryimage","url":"https:\/\/www.gaveanews.com\/wp-content\/uploads\/IMAGEM_NOTICIA_3-1.webp","contentUrl":"https:\/\/www.gaveanews.com\/wp-content\/uploads\/IMAGEM_NOTICIA_3-1.webp","width":640,"height":426,"caption":"Foto: Victor Ferreira\/EC Vit\u00f3ria"},{"@type":"BreadcrumbList","@id":"https:\/\/www.gaveanews.com\/index.php\/2024\/12\/03\/vitoria-pode-garantir-vaga-na-sul-americana-saiba-como\/#breadcrumb","itemListElement":[{"@type":"ListItem","position":1,"name":"Home","item":"https:\/\/www.gaveanews.com\/"},{"@type":"ListItem","position":2,"name":"Vit\u00f3ria pode garantir vaga na Sul-Americana; saiba como"}]},{"@type":"WebSite","@id":"https:\/\/www.gaveanews.com\/#website","url":"https:\/\/www.gaveanews.com\/","name":"G\u00e1vea News","description":"Veja todas as not\u00edcias sobre o Flamengo: Contrata\u00e7\u00f5es, categorias de base, resultados das partidas, tabela de classifica\u00e7\u00e3o, pr\u00f3ximos jogos!","potentialAction":[{"@type":"SearchAction","target":{"@type":"EntryPoint","urlTemplate":"https:\/\/www.gaveanews.com\/?s={search_term_string}"},"query-input":{"@type":"PropertyValueSpecification","valueRequired":true,"valueName":"search_term_string"}}],"inLanguage":"pt-BR"},{"@type":"Person","@id":"https:\/\/www.gaveanews.com\/#\/schema\/person\/2877169f354c4596cf5aab74ea7c56a8","name":"Leandro Azevedo","image":{"@type":"ImageObject","inLanguage":"pt-BR","@id":"https:\/\/www.gaveanews.com\/#\/schema\/person\/image\/","url":"https:\/\/secure.gravatar.com\/avatar\/e2f72eb6d986a41d592a85e4e36a6c6170e9ea8a1f433dfc29d0011a8968f89c?s=96&d=mm&r=g","contentUrl":"https:\/\/secure.gravatar.com\/avatar\/e2f72eb6d986a41d592a85e4e36a6c6170e9ea8a1f433dfc29d0011a8968f89c?s=96&d=mm&r=g","caption":"Leandro Azevedo"}}]}},"_links":{"self":[{"href":"https:\/\/www.gaveanews.com\/index.php\/wp-json\/wp\/v2\/posts\/194173","targetHints":{"allow":["GET"]}}],"collection":[{"href":"https:\/\/www.gaveanews.com\/index.php\/wp-json\/wp\/v2\/posts"}],"about":[{"href":"https:\/\/www.gaveanews.com\/index.php\/wp-json\/wp\/v2\/types\/post"}],"author":[{"embeddable":true,"href":"https:\/\/www.gaveanews.com\/index.php\/wp-json\/wp\/v2\/users\/23"}],"replies":[{"embeddable":true,"href":"https:\/\/www.gaveanews.com\/index.php\/wp-json\/wp\/v2\/comments?post=194173"}],"version-history":[{"count":2,"href":"https:\/\/www.gaveanews.com\/index.php\/wp-json\/wp\/v2\/posts\/194173\/revisions"}],"predecessor-version":[{"id":194192,"href":"https:\/\/www.gaveanews.com\/index.php\/wp-json\/wp\/v2\/posts\/194173\/revisions\/194192"}],"wp:featuredmedia":[{"embeddable":true,"href":"https:\/\/www.gaveanews.com\/index.php\/wp-json\/wp\/v2\/media\/154111"}],"wp:attachment":[{"href":"https:\/\/www.gaveanews.com\/index.php\/wp-json\/wp\/v2\/media?parent=194173"}],"wp:term":[{"taxonomy":"category","embeddable":true,"href":"https:\/\/www.gaveanews.com\/index.php\/wp-json\/wp\/v2\/categories?post=194173"},{"taxonomy":"post_tag","embeddable":true,"href":"https:\/\/www.gaveanews.com\/index.php\/wp-json\/wp\/v2\/tags?post=194173"}],"curies":[{"name":"wp","href":"https:\/\/api.w.org\/{rel}","templated":true}]}}