{"id":194364,"date":"2024-12-04T05:30:00","date_gmt":"2024-12-04T08:30:00","guid":{"rendered":"https:\/\/www.gaveanews.com\/?p=194364"},"modified":"2024-12-04T01:19:02","modified_gmt":"2024-12-04T04:19:02","slug":"declaracao-de-luxemburgo-saida-de-renato-gaucho-e-interesse-de-rival-as-ultimas-noticias-do-santos","status":"publish","type":"post","link":"https:\/\/www.gaveanews.com\/index.php\/2024\/12\/04\/declaracao-de-luxemburgo-saida-de-renato-gaucho-e-interesse-de-rival-as-ultimas-noticias-do-santos\/","title":{"rendered":"Declara\u00e7\u00e3o de Luxemburgo, sa\u00edda de Renato Ga\u00facho e interesse de rival: as \u00faltimas not\u00edcias do Santos"},"content":{"rendered":"\n<p>Nas \u00faltimas horas, o foco das not\u00edcias sobre o Santos se concentram nos bastidores do clube, com destaques como a sa\u00edda de Renato Ga\u00facho e interesse de rival.<\/p>\n\n\n\n<p>Por conta deste contexto, leia abaixo um resumo preparado pela equipe do portal G\u00e1vea News para lhe manter muito bem informado!<\/p>\n\n\n\n<h2 class=\"wp-block-heading\" id=\"h-interesse-de-rival\">Interesse de rival<\/h2>\n\n\n\n<p>Lucas Lima, emprestado ao Sport pelo Santos, \u00e9 a prioridade do clube pernambucano para a temporada de 2025, mas sua perman\u00eancia ainda depende de negocia\u00e7\u00f5es. O meio-campista, que tem contrato com o Santos at\u00e9 abril de 2025, marcou tr\u00eas gols e deu onze assist\u00eancias em 54 partidas pelo Le\u00e3o em 2024, sendo pe\u00e7a fundamental na campanha de retorno \u00e0 S\u00e9rie A. O Sport j\u00e1 demonstrou interesse em pagar integralmente seus sal\u00e1rios e negociar com o Santos, que exige uma multa rescis\u00f3ria de R$ 5 milh\u00f5es, embora esteja aberto a discutir um parcelamento <strong><a href=\"https:\/\/www.gaveanews.com\/index.php\/2024\/12\/03\/veja-o-valor-que-o-sport-tera-que-pagar-ao-santos-por-lucas-lima\/\">(leia a mat\u00e9ria completa).<\/a><\/strong><\/p>\n\n\n\n<figure class=\"wp-block-image size-full\"><img loading=\"lazy\" decoding=\"async\" width=\"904\" height=\"597\" src=\"https:\/\/www.gaveanews.com\/wp-content\/uploads\/Lucas-Lima-pelo-Sport.webp\" alt=\"\" class=\"wp-image-187607\" srcset=\"https:\/\/www.gaveanews.com\/wp-content\/uploads\/Lucas-Lima-pelo-Sport.webp 904w, https:\/\/www.gaveanews.com\/wp-content\/uploads\/Lucas-Lima-pelo-Sport-300x198.webp 300w, https:\/\/www.gaveanews.com\/wp-content\/uploads\/Lucas-Lima-pelo-Sport-768x507.webp 768w, https:\/\/www.gaveanews.com\/wp-content\/uploads\/Lucas-Lima-pelo-Sport-636x420.webp 636w, https:\/\/www.gaveanews.com\/wp-content\/uploads\/Lucas-Lima-pelo-Sport-640x423.webp 640w, https:\/\/www.gaveanews.com\/wp-content\/uploads\/Lucas-Lima-pelo-Sport-681x450.webp 681w, https:\/\/www.gaveanews.com\/wp-content\/uploads\/Lucas-Lima-pelo-Sport-100x66.webp 100w\" sizes=\"auto, (max-width: 904px) 100vw, 904px\" \/><figcaption class=\"wp-element-caption\">Lucas Lima pelo Sport (Foto: Reprodu\u00e7\u00e3o\/Twitter Sport)<\/figcaption><\/figure>\n\n\n\n<p>A perman\u00eancia de Lucas Lima no Sport tamb\u00e9m \u00e9 desejo do pr\u00f3prio jogador, que j\u00e1 manifestou ao presidente do clube, Yuri Rom\u00e3o, sua vontade de continuar na Ilha do Retiro. Apesar disso, a diretoria do Sport adota uma abordagem cautelosa nas negocia\u00e7\u00f5es, reconhecendo a import\u00e2ncia do atleta para a equipe, mas avaliando as condi\u00e7\u00f5es financeiras para viabilizar o acordo. <\/p>\n\n\n\n<p>Uma reuni\u00e3o entre os representantes do jogador e o Santos est\u00e1 prevista para os pr\u00f3ximos dias e ser\u00e1 crucial para definir o futuro do meio-campista.<\/p>\n\n\n\n<p>Com 34 anos, Lucas Lima n\u00e3o faz parte dos planos do Santos, especialmente ap\u00f3s a insatisfa\u00e7\u00e3o da torcida que culminou no rebaixamento do time \u00e0 S\u00e9rie B. No entanto, o clube paulista v\u00ea na negocia\u00e7\u00e3o com o Sport uma oportunidade para se livrar de parte de seus compromissos salariais. A resolu\u00e7\u00e3o deste impasse ser\u00e1 decisiva tanto para o planejamento do Sport na S\u00e9rie A quanto para o Santos, que busca reestruturar seu elenco e aliviar sua folha salarial.<\/p>\n\n\n\n<h2 class=\"wp-block-heading\" id=\"h-saida-de-renato-gaucho\">Sa\u00edda de Renato Ga\u00facho<\/h2>\n\n\n\n<p>Renato Ga\u00facho est\u00e1 pr\u00f3ximo de encerrar seu ciclo no Gr\u00eamio, em uma temporada marcada por desafios, mas com a manuten\u00e7\u00e3o do clube na S\u00e9rie A. Com sua sa\u00edda iminente, o t\u00e9cnico j\u00e1 desperta interesse de outros times, sendo o Santos um dos principais candidatos a contrat\u00e1-lo. O clube da Vila Belmiro, que garantiu o acesso \u00e0 elite do Brasileir\u00e3o, busca um treinador experiente para liderar o ambicioso projeto de 2025, com investimentos pesados no elenco e a meta de conquistar uma vaga na Libertadores de 2026 <strong><a href=\"https:\/\/www.gaveanews.com\/index.php\/2024\/12\/03\/de-saida-do-gremio-renato-gaucho-e-alvo-de-gigante-da-serie-a-para-2025\/\">(leia a mat\u00e9ria completa).<\/a><\/strong><\/p>\n\n\n\n<figure class=\"wp-block-image size-full\"><img loading=\"lazy\" decoding=\"async\" width=\"1000\" height=\"563\" src=\"https:\/\/www.gaveanews.com\/wp-content\/uploads\/renato-gaucho-gremio.webp\" alt=\"\" class=\"wp-image-144188\" srcset=\"https:\/\/www.gaveanews.com\/wp-content\/uploads\/renato-gaucho-gremio.webp 1000w, https:\/\/www.gaveanews.com\/wp-content\/uploads\/renato-gaucho-gremio-300x169.webp 300w, https:\/\/www.gaveanews.com\/wp-content\/uploads\/renato-gaucho-gremio-768x432.webp 768w, https:\/\/www.gaveanews.com\/wp-content\/uploads\/renato-gaucho-gremio-746x420.webp 746w, https:\/\/www.gaveanews.com\/wp-content\/uploads\/renato-gaucho-gremio-640x360.webp 640w, https:\/\/www.gaveanews.com\/wp-content\/uploads\/renato-gaucho-gremio-681x383.webp 681w, https:\/\/www.gaveanews.com\/wp-content\/uploads\/renato-gaucho-gremio-100x56.webp 100w\" sizes=\"auto, (max-width: 1000px) 100vw, 1000px\" \/><figcaption class=\"wp-element-caption\">Renato Ga\u00facho comanda treino do Gr\u00eamio (Foto: Lucas Uebel\/Gr\u00eamio FBPA)<\/figcaption><\/figure>\n\n\n\n<p>Embora o Santos tenha iniciado conversas com Lu\u00eds Castro, ex-Botafogo, as negocia\u00e7\u00f5es esfriaram. O clube ofereceu um sal\u00e1rio de R$ 2 milh\u00f5es ao t\u00e9cnico portugu\u00eas, mas considera que o prazo para um acerto est\u00e1 se esgotando. Nesse contexto, Renato Ga\u00facho surge como uma op\u00e7\u00e3o vi\u00e1vel caso as tratativas com Castro n\u00e3o avancem. No entanto, at\u00e9 o momento, o Santos n\u00e3o formalizou uma proposta ao treinador do Gr\u00eamio, que pretende concluir o Brasileir\u00e3o em boa posi\u00e7\u00e3o antes de definir seu futuro.<\/p>\n\n\n\n<p>Com o Gr\u00eamio ocupando a 11\u00aa coloca\u00e7\u00e3o no campeonato, Renato se prepara para os \u00faltimos compromissos da temporada, incluindo o confronto contra o Vit\u00f3ria. Enquanto isso, o Santos avalia suas op\u00e7\u00f5es para o comando t\u00e9cnico, sabendo que a escolha ser\u00e1 decisiva para sustentar seu planejamento ousado em 2025. A poss\u00edvel chegada de Renato Ga\u00facho ao clube pode representar uma aposta em experi\u00eancia para alcan\u00e7ar os objetivos tra\u00e7ados.<\/p>\n\n\n\n<h2 class=\"wp-block-heading\" id=\"h-declaracao-de-luxemburgo\">Declara\u00e7\u00e3o de Luxemburgo<\/h2>\n\n\n\n<p>Vanderlei Luxemburgo revelou ter negociado duas vezes com o Santos, mas ambas as tentativas n\u00e3o resultaram em um acerto. A primeira conversa ocorreu em 2022, quando Andr\u00e9s Rueda presidia o clube. Luxemburgo desistiu ap\u00f3s uma diverg\u00eancia com Rueda, que teria vazado informa\u00e7\u00f5es sobre a negocia\u00e7\u00e3o. O t\u00e9cnico afirmou que perdeu a confian\u00e7a no dirigente, encerrando qualquer possibilidade de assumir o comando naquela ocasi\u00e3o. <strong><a href=\"https:\/\/www.gaveanews.com\/index.php\/2024\/12\/03\/a-declaracao-de-vanderlei-luxemburgo-direcionada-ao-santos\/\">(leia a mat\u00e9ria completa)<\/a><\/strong><\/p>\n\n\n\n<figure class=\"wp-block-image size-large\"><img loading=\"lazy\" decoding=\"async\" width=\"1024\" height=\"683\" src=\"https:\/\/www.gaveanews.com\/wp-content\/uploads\/esporte-vanderlei-luxemburgo-28092015-001-1024x683.webp\" alt=\"\" class=\"wp-image-33887\" srcset=\"https:\/\/www.gaveanews.com\/wp-content\/uploads\/esporte-vanderlei-luxemburgo-28092015-001-1024x683.webp 1024w, https:\/\/www.gaveanews.com\/wp-content\/uploads\/esporte-vanderlei-luxemburgo-28092015-001-300x200.webp 300w, https:\/\/www.gaveanews.com\/wp-content\/uploads\/esporte-vanderlei-luxemburgo-28092015-001-768x512.webp 768w, https:\/\/www.gaveanews.com\/wp-content\/uploads\/esporte-vanderlei-luxemburgo-28092015-001-1536x1024.webp 1536w, https:\/\/www.gaveanews.com\/wp-content\/uploads\/esporte-vanderlei-luxemburgo-28092015-001-2048x1365.webp 2048w, https:\/\/www.gaveanews.com\/wp-content\/uploads\/esporte-vanderlei-luxemburgo-28092015-001-630x420.webp 630w, https:\/\/www.gaveanews.com\/wp-content\/uploads\/esporte-vanderlei-luxemburgo-28092015-001-1260x840.webp 1260w, https:\/\/www.gaveanews.com\/wp-content\/uploads\/esporte-vanderlei-luxemburgo-28092015-001-640x427.webp 640w, https:\/\/www.gaveanews.com\/wp-content\/uploads\/esporte-vanderlei-luxemburgo-28092015-001-1280x853.webp 1280w, https:\/\/www.gaveanews.com\/wp-content\/uploads\/esporte-vanderlei-luxemburgo-28092015-001-681x454.webp 681w, https:\/\/www.gaveanews.com\/wp-content\/uploads\/esporte-vanderlei-luxemburgo-28092015-001-1362x908.webp 1362w, https:\/\/www.gaveanews.com\/wp-content\/uploads\/esporte-vanderlei-luxemburgo-28092015-001-100x67.webp 100w\" sizes=\"auto, (max-width: 1024px) 100vw, 1024px\" \/><figcaption class=\"wp-element-caption\">Vanderlei Luxemburgo (Photo by VCG\/VCG via Getty Images)<\/figcaption><\/figure>\n\n\n\n<p>A segunda oportunidade surgiu em 2024, enquanto o Santos disputava a S\u00e9rie B. Apesar da boa rela\u00e7\u00e3o com o atual presidente, Marcelo Teixeira, Luxemburgo recusou o convite, argumentando que sua chegada poderia trazer press\u00e3o excessiva ao clube, que precisava de tranquilidade para focar no acesso \u00e0 S\u00e9rie A. O treinador reconheceu sua admira\u00e7\u00e3o por Teixeira, mas julgou que sua presen\u00e7a poderia atrapalhar mais do que ajudar no momento delicado vivido pela equipe.<\/p>\n\n\n\n<p>Luxemburgo destacou ainda o impacto de seu perfil forte e direto, que poderia gerar pol\u00eamicas desnecess\u00e1rias em um cen\u00e1rio que exigia estabilidade. O Santos, por sua vez, segue em busca de um t\u00e9cnico que possa liderar o clube em 2025, com o objetivo de reestruturar o elenco e retomar o protagonismo no futebol brasileiro, ap\u00f3s uma temporada marcada pelo rebaixamento.<\/p>\n","protected":false},"excerpt":{"rendered":"<p>Nas \u00faltimas horas, o foco das not\u00edcias sobre o Santos se concentram nos bastidores do clube, com destaques como a sa\u00edda de Renato Ga\u00facho e interesse de rival. Por conta deste contexto, leia abaixo um resumo preparado pela equipe do portal G\u00e1vea News para lhe manter muito bem informado! Interesse de rival Lucas Lima, emprestado [&hellip;]<\/p>\n","protected":false},"author":27,"featured_media":165619,"comment_status":"open","ping_status":"closed","sticky":false,"template":"","format":"standard","meta":{"footnotes":""},"categories":[139],"tags":[],"class_list":["post-194364","post","type-post","status-publish","format-standard","has-post-thumbnail","hentry","category-santos"],"yoast_head":"<!-- This site is optimized with the Yoast SEO Premium plugin v24.2 (Yoast SEO v26.9) - https:\/\/yoast.com\/product\/yoast-seo-premium-wordpress\/ -->\n<title>Declara\u00e7\u00e3o de Luxemburgo, sa\u00edda de Renato Ga\u00facho e interesse de rival: as \u00faltimas not\u00edcias do Santos<\/title>\n<meta name=\"robots\" content=\"index, follow, max-snippet:-1, max-image-preview:large, max-video-preview:-1\" \/>\n<link rel=\"canonical\" href=\"https:\/\/www.gaveanews.com\/index.php\/2024\/12\/04\/declaracao-de-luxemburgo-saida-de-renato-gaucho-e-interesse-de-rival-as-ultimas-noticias-do-santos\/\" \/>\n<meta property=\"og:locale\" content=\"pt_BR\" \/>\n<meta property=\"og:type\" content=\"article\" \/>\n<meta property=\"og:title\" content=\"Declara\u00e7\u00e3o de Luxemburgo, sa\u00edda de Renato Ga\u00facho e interesse de rival: as \u00faltimas not\u00edcias do Santos\" \/>\n<meta property=\"og:description\" content=\"Nas \u00faltimas horas, o foco das not\u00edcias sobre o Santos se concentram nos bastidores do clube, com destaques como a sa\u00edda de Renato Ga\u00facho e interesse de rival. Por conta deste contexto, leia abaixo um resumo preparado pela equipe do portal G\u00e1vea News para lhe manter muito bem informado! Interesse de rival Lucas Lima, emprestado [&hellip;]\" \/>\n<meta property=\"og:url\" content=\"https:\/\/www.gaveanews.com\/index.php\/2024\/12\/04\/declaracao-de-luxemburgo-saida-de-renato-gaucho-e-interesse-de-rival-as-ultimas-noticias-do-santos\/\" \/>\n<meta property=\"og:site_name\" content=\"G\u00e1vea News\" \/>\n<meta property=\"article:publisher\" content=\"https:\/\/facebook.com\/gaveaNews\/\" \/>\n<meta property=\"article:published_time\" content=\"2024-12-04T08:30:00+00:00\" \/>\n<meta property=\"og:image\" content=\"https:\/\/www.gaveanews.com\/wp-content\/uploads\/Escudo-do-Santos-2.webp\" \/>\n\t<meta property=\"og:image:width\" content=\"1424\" \/>\n\t<meta property=\"og:image:height\" content=\"949\" \/>\n\t<meta property=\"og:image:type\" content=\"image\/webp\" \/>\n<meta name=\"author\" content=\"Matheus Felipe\" \/>\n<meta name=\"twitter:card\" content=\"summary_large_image\" \/>\n<meta name=\"twitter:label1\" content=\"Escrito por\" \/>\n\t<meta name=\"twitter:data1\" content=\"Matheus Felipe\" \/>\n\t<meta name=\"twitter:label2\" content=\"Est. tempo de leitura\" \/>\n\t<meta name=\"twitter:data2\" content=\"6 minutos\" \/>\n<script type=\"application\/ld+json\" class=\"yoast-schema-graph\">{\"@context\":\"https:\/\/schema.org\",\"@graph\":[{\"@type\":\"NewsArticle\",\"@id\":\"https:\/\/www.gaveanews.com\/index.php\/2024\/12\/04\/declaracao-de-luxemburgo-saida-de-renato-gaucho-e-interesse-de-rival-as-ultimas-noticias-do-santos\/#article\",\"isPartOf\":{\"@id\":\"https:\/\/www.gaveanews.com\/index.php\/2024\/12\/04\/declaracao-de-luxemburgo-saida-de-renato-gaucho-e-interesse-de-rival-as-ultimas-noticias-do-santos\/\"},\"author\":{\"name\":\"Matheus Felipe\",\"@id\":\"https:\/\/www.gaveanews.com\/#\/schema\/person\/8207cd4627f56151707418bfc835b2fb\"},\"headline\":\"Declara\u00e7\u00e3o de Luxemburgo, sa\u00edda de Renato Ga\u00facho e interesse de rival: as \u00faltimas not\u00edcias do Santos\",\"datePublished\":\"2024-12-04T08:30:00+00:00\",\"mainEntityOfPage\":{\"@id\":\"https:\/\/www.gaveanews.com\/index.php\/2024\/12\/04\/declaracao-de-luxemburgo-saida-de-renato-gaucho-e-interesse-de-rival-as-ultimas-noticias-do-santos\/\"},\"wordCount\":874,\"commentCount\":0,\"image\":{\"@id\":\"https:\/\/www.gaveanews.com\/index.php\/2024\/12\/04\/declaracao-de-luxemburgo-saida-de-renato-gaucho-e-interesse-de-rival-as-ultimas-noticias-do-santos\/#primaryimage\"},\"thumbnailUrl\":\"https:\/\/www.gaveanews.com\/wp-content\/uploads\/Escudo-do-Santos-2.webp\",\"articleSection\":[\"Santos\"],\"inLanguage\":\"pt-BR\",\"potentialAction\":[{\"@type\":\"CommentAction\",\"name\":\"Comment\",\"target\":[\"https:\/\/www.gaveanews.com\/index.php\/2024\/12\/04\/declaracao-de-luxemburgo-saida-de-renato-gaucho-e-interesse-de-rival-as-ultimas-noticias-do-santos\/#respond\"]}],\"copyrightYear\":\"2024\",\"copyrightHolder\":{\"@id\":\"https:\/\/www.gaveanews.com\/#organization\"}},{\"@type\":\"WebPage\",\"@id\":\"https:\/\/www.gaveanews.com\/index.php\/2024\/12\/04\/declaracao-de-luxemburgo-saida-de-renato-gaucho-e-interesse-de-rival-as-ultimas-noticias-do-santos\/\",\"url\":\"https:\/\/www.gaveanews.com\/index.php\/2024\/12\/04\/declaracao-de-luxemburgo-saida-de-renato-gaucho-e-interesse-de-rival-as-ultimas-noticias-do-santos\/\",\"name\":\"Declara\u00e7\u00e3o de Luxemburgo, sa\u00edda de Renato Ga\u00facho e interesse de rival: as \u00faltimas not\u00edcias do Santos\",\"isPartOf\":{\"@id\":\"https:\/\/www.gaveanews.com\/#website\"},\"primaryImageOfPage\":{\"@id\":\"https:\/\/www.gaveanews.com\/index.php\/2024\/12\/04\/declaracao-de-luxemburgo-saida-de-renato-gaucho-e-interesse-de-rival-as-ultimas-noticias-do-santos\/#primaryimage\"},\"image\":{\"@id\":\"https:\/\/www.gaveanews.com\/index.php\/2024\/12\/04\/declaracao-de-luxemburgo-saida-de-renato-gaucho-e-interesse-de-rival-as-ultimas-noticias-do-santos\/#primaryimage\"},\"thumbnailUrl\":\"https:\/\/www.gaveanews.com\/wp-content\/uploads\/Escudo-do-Santos-2.webp\",\"datePublished\":\"2024-12-04T08:30:00+00:00\",\"author\":{\"@id\":\"https:\/\/www.gaveanews.com\/#\/schema\/person\/8207cd4627f56151707418bfc835b2fb\"},\"breadcrumb\":{\"@id\":\"https:\/\/www.gaveanews.com\/index.php\/2024\/12\/04\/declaracao-de-luxemburgo-saida-de-renato-gaucho-e-interesse-de-rival-as-ultimas-noticias-do-santos\/#breadcrumb\"},\"inLanguage\":\"pt-BR\",\"potentialAction\":[{\"@type\":\"ReadAction\",\"target\":[\"https:\/\/www.gaveanews.com\/index.php\/2024\/12\/04\/declaracao-de-luxemburgo-saida-de-renato-gaucho-e-interesse-de-rival-as-ultimas-noticias-do-santos\/\"]}]},{\"@type\":\"ImageObject\",\"inLanguage\":\"pt-BR\",\"@id\":\"https:\/\/www.gaveanews.com\/index.php\/2024\/12\/04\/declaracao-de-luxemburgo-saida-de-renato-gaucho-e-interesse-de-rival-as-ultimas-noticias-do-santos\/#primaryimage\",\"url\":\"https:\/\/www.gaveanews.com\/wp-content\/uploads\/Escudo-do-Santos-2.webp\",\"contentUrl\":\"https:\/\/www.gaveanews.com\/wp-content\/uploads\/Escudo-do-Santos-2.webp\",\"width\":1424,\"height\":949,\"caption\":\"Escudo do Santos (Foto: Raul Baretta\/Santos FC)\"},{\"@type\":\"BreadcrumbList\",\"@id\":\"https:\/\/www.gaveanews.com\/index.php\/2024\/12\/04\/declaracao-de-luxemburgo-saida-de-renato-gaucho-e-interesse-de-rival-as-ultimas-noticias-do-santos\/#breadcrumb\",\"itemListElement\":[{\"@type\":\"ListItem\",\"position\":1,\"name\":\"Home\",\"item\":\"https:\/\/www.gaveanews.com\/\"},{\"@type\":\"ListItem\",\"position\":2,\"name\":\"Declara\u00e7\u00e3o de Luxemburgo, sa\u00edda de Renato Ga\u00facho e interesse de rival: as \u00faltimas not\u00edcias do Santos\"}]},{\"@type\":\"WebSite\",\"@id\":\"https:\/\/www.gaveanews.com\/#website\",\"url\":\"https:\/\/www.gaveanews.com\/\",\"name\":\"G\u00e1vea News\",\"description\":\"Veja todas as not\u00edcias sobre o Flamengo: Contrata\u00e7\u00f5es, categorias de base, resultados das partidas, tabela de classifica\u00e7\u00e3o, pr\u00f3ximos jogos!\",\"potentialAction\":[{\"@type\":\"SearchAction\",\"target\":{\"@type\":\"EntryPoint\",\"urlTemplate\":\"https:\/\/www.gaveanews.com\/?s={search_term_string}\"},\"query-input\":{\"@type\":\"PropertyValueSpecification\",\"valueRequired\":true,\"valueName\":\"search_term_string\"}}],\"inLanguage\":\"pt-BR\"},{\"@type\":\"Person\",\"@id\":\"https:\/\/www.gaveanews.com\/#\/schema\/person\/8207cd4627f56151707418bfc835b2fb\",\"name\":\"Matheus Felipe\",\"image\":{\"@type\":\"ImageObject\",\"inLanguage\":\"pt-BR\",\"@id\":\"https:\/\/www.gaveanews.com\/#\/schema\/person\/image\/\",\"url\":\"https:\/\/secure.gravatar.com\/avatar\/a452ffbed9130f726358b298bb3a99ce4bd3c5338411f8440e87e14d74c7c087?s=96&d=mm&r=g\",\"contentUrl\":\"https:\/\/secure.gravatar.com\/avatar\/a452ffbed9130f726358b298bb3a99ce4bd3c5338411f8440e87e14d74c7c087?s=96&d=mm&r=g\",\"caption\":\"Matheus Felipe\"}}]}<\/script>\n<!-- \/ Yoast SEO Premium plugin. -->","yoast_head_json":{"title":"Declara\u00e7\u00e3o de Luxemburgo, sa\u00edda de Renato Ga\u00facho e interesse de rival: as \u00faltimas not\u00edcias do Santos","robots":{"index":"index","follow":"follow","max-snippet":"max-snippet:-1","max-image-preview":"max-image-preview:large","max-video-preview":"max-video-preview:-1"},"canonical":"https:\/\/www.gaveanews.com\/index.php\/2024\/12\/04\/declaracao-de-luxemburgo-saida-de-renato-gaucho-e-interesse-de-rival-as-ultimas-noticias-do-santos\/","og_locale":"pt_BR","og_type":"article","og_title":"Declara\u00e7\u00e3o de Luxemburgo, sa\u00edda de Renato Ga\u00facho e interesse de rival: as \u00faltimas not\u00edcias do Santos","og_description":"Nas \u00faltimas horas, o foco das not\u00edcias sobre o Santos se concentram nos bastidores do clube, com destaques como a sa\u00edda de Renato Ga\u00facho e interesse de rival. Por conta deste contexto, leia abaixo um resumo preparado pela equipe do portal G\u00e1vea News para lhe manter muito bem informado! Interesse de rival Lucas Lima, emprestado [&hellip;]","og_url":"https:\/\/www.gaveanews.com\/index.php\/2024\/12\/04\/declaracao-de-luxemburgo-saida-de-renato-gaucho-e-interesse-de-rival-as-ultimas-noticias-do-santos\/","og_site_name":"G\u00e1vea News","article_publisher":"https:\/\/facebook.com\/gaveaNews\/","article_published_time":"2024-12-04T08:30:00+00:00","og_image":[{"width":1424,"height":949,"url":"https:\/\/www.gaveanews.com\/wp-content\/uploads\/Escudo-do-Santos-2.webp","type":"image\/webp"}],"author":"Matheus Felipe","twitter_card":"summary_large_image","twitter_misc":{"Escrito por":"Matheus Felipe","Est. tempo de leitura":"6 minutos"},"schema":{"@context":"https:\/\/schema.org","@graph":[{"@type":"NewsArticle","@id":"https:\/\/www.gaveanews.com\/index.php\/2024\/12\/04\/declaracao-de-luxemburgo-saida-de-renato-gaucho-e-interesse-de-rival-as-ultimas-noticias-do-santos\/#article","isPartOf":{"@id":"https:\/\/www.gaveanews.com\/index.php\/2024\/12\/04\/declaracao-de-luxemburgo-saida-de-renato-gaucho-e-interesse-de-rival-as-ultimas-noticias-do-santos\/"},"author":{"name":"Matheus Felipe","@id":"https:\/\/www.gaveanews.com\/#\/schema\/person\/8207cd4627f56151707418bfc835b2fb"},"headline":"Declara\u00e7\u00e3o de Luxemburgo, sa\u00edda de Renato Ga\u00facho e interesse de rival: as \u00faltimas not\u00edcias do Santos","datePublished":"2024-12-04T08:30:00+00:00","mainEntityOfPage":{"@id":"https:\/\/www.gaveanews.com\/index.php\/2024\/12\/04\/declaracao-de-luxemburgo-saida-de-renato-gaucho-e-interesse-de-rival-as-ultimas-noticias-do-santos\/"},"wordCount":874,"commentCount":0,"image":{"@id":"https:\/\/www.gaveanews.com\/index.php\/2024\/12\/04\/declaracao-de-luxemburgo-saida-de-renato-gaucho-e-interesse-de-rival-as-ultimas-noticias-do-santos\/#primaryimage"},"thumbnailUrl":"https:\/\/www.gaveanews.com\/wp-content\/uploads\/Escudo-do-Santos-2.webp","articleSection":["Santos"],"inLanguage":"pt-BR","potentialAction":[{"@type":"CommentAction","name":"Comment","target":["https:\/\/www.gaveanews.com\/index.php\/2024\/12\/04\/declaracao-de-luxemburgo-saida-de-renato-gaucho-e-interesse-de-rival-as-ultimas-noticias-do-santos\/#respond"]}],"copyrightYear":"2024","copyrightHolder":{"@id":"https:\/\/www.gaveanews.com\/#organization"}},{"@type":"WebPage","@id":"https:\/\/www.gaveanews.com\/index.php\/2024\/12\/04\/declaracao-de-luxemburgo-saida-de-renato-gaucho-e-interesse-de-rival-as-ultimas-noticias-do-santos\/","url":"https:\/\/www.gaveanews.com\/index.php\/2024\/12\/04\/declaracao-de-luxemburgo-saida-de-renato-gaucho-e-interesse-de-rival-as-ultimas-noticias-do-santos\/","name":"Declara\u00e7\u00e3o de Luxemburgo, sa\u00edda de Renato Ga\u00facho e interesse de rival: as \u00faltimas not\u00edcias do Santos","isPartOf":{"@id":"https:\/\/www.gaveanews.com\/#website"},"primaryImageOfPage":{"@id":"https:\/\/www.gaveanews.com\/index.php\/2024\/12\/04\/declaracao-de-luxemburgo-saida-de-renato-gaucho-e-interesse-de-rival-as-ultimas-noticias-do-santos\/#primaryimage"},"image":{"@id":"https:\/\/www.gaveanews.com\/index.php\/2024\/12\/04\/declaracao-de-luxemburgo-saida-de-renato-gaucho-e-interesse-de-rival-as-ultimas-noticias-do-santos\/#primaryimage"},"thumbnailUrl":"https:\/\/www.gaveanews.com\/wp-content\/uploads\/Escudo-do-Santos-2.webp","datePublished":"2024-12-04T08:30:00+00:00","author":{"@id":"https:\/\/www.gaveanews.com\/#\/schema\/person\/8207cd4627f56151707418bfc835b2fb"},"breadcrumb":{"@id":"https:\/\/www.gaveanews.com\/index.php\/2024\/12\/04\/declaracao-de-luxemburgo-saida-de-renato-gaucho-e-interesse-de-rival-as-ultimas-noticias-do-santos\/#breadcrumb"},"inLanguage":"pt-BR","potentialAction":[{"@type":"ReadAction","target":["https:\/\/www.gaveanews.com\/index.php\/2024\/12\/04\/declaracao-de-luxemburgo-saida-de-renato-gaucho-e-interesse-de-rival-as-ultimas-noticias-do-santos\/"]}]},{"@type":"ImageObject","inLanguage":"pt-BR","@id":"https:\/\/www.gaveanews.com\/index.php\/2024\/12\/04\/declaracao-de-luxemburgo-saida-de-renato-gaucho-e-interesse-de-rival-as-ultimas-noticias-do-santos\/#primaryimage","url":"https:\/\/www.gaveanews.com\/wp-content\/uploads\/Escudo-do-Santos-2.webp","contentUrl":"https:\/\/www.gaveanews.com\/wp-content\/uploads\/Escudo-do-Santos-2.webp","width":1424,"height":949,"caption":"Escudo do Santos (Foto: Raul Baretta\/Santos FC)"},{"@type":"BreadcrumbList","@id":"https:\/\/www.gaveanews.com\/index.php\/2024\/12\/04\/declaracao-de-luxemburgo-saida-de-renato-gaucho-e-interesse-de-rival-as-ultimas-noticias-do-santos\/#breadcrumb","itemListElement":[{"@type":"ListItem","position":1,"name":"Home","item":"https:\/\/www.gaveanews.com\/"},{"@type":"ListItem","position":2,"name":"Declara\u00e7\u00e3o de Luxemburgo, sa\u00edda de Renato Ga\u00facho e interesse de rival: as \u00faltimas not\u00edcias do Santos"}]},{"@type":"WebSite","@id":"https:\/\/www.gaveanews.com\/#website","url":"https:\/\/www.gaveanews.com\/","name":"G\u00e1vea News","description":"Veja todas as not\u00edcias sobre o Flamengo: Contrata\u00e7\u00f5es, categorias de base, resultados das partidas, tabela de classifica\u00e7\u00e3o, pr\u00f3ximos jogos!","potentialAction":[{"@type":"SearchAction","target":{"@type":"EntryPoint","urlTemplate":"https:\/\/www.gaveanews.com\/?s={search_term_string}"},"query-input":{"@type":"PropertyValueSpecification","valueRequired":true,"valueName":"search_term_string"}}],"inLanguage":"pt-BR"},{"@type":"Person","@id":"https:\/\/www.gaveanews.com\/#\/schema\/person\/8207cd4627f56151707418bfc835b2fb","name":"Matheus Felipe","image":{"@type":"ImageObject","inLanguage":"pt-BR","@id":"https:\/\/www.gaveanews.com\/#\/schema\/person\/image\/","url":"https:\/\/secure.gravatar.com\/avatar\/a452ffbed9130f726358b298bb3a99ce4bd3c5338411f8440e87e14d74c7c087?s=96&d=mm&r=g","contentUrl":"https:\/\/secure.gravatar.com\/avatar\/a452ffbed9130f726358b298bb3a99ce4bd3c5338411f8440e87e14d74c7c087?s=96&d=mm&r=g","caption":"Matheus Felipe"}}]}},"_links":{"self":[{"href":"https:\/\/www.gaveanews.com\/index.php\/wp-json\/wp\/v2\/posts\/194364","targetHints":{"allow":["GET"]}}],"collection":[{"href":"https:\/\/www.gaveanews.com\/index.php\/wp-json\/wp\/v2\/posts"}],"about":[{"href":"https:\/\/www.gaveanews.com\/index.php\/wp-json\/wp\/v2\/types\/post"}],"author":[{"embeddable":true,"href":"https:\/\/www.gaveanews.com\/index.php\/wp-json\/wp\/v2\/users\/27"}],"replies":[{"embeddable":true,"href":"https:\/\/www.gaveanews.com\/index.php\/wp-json\/wp\/v2\/comments?post=194364"}],"version-history":[{"count":1,"href":"https:\/\/www.gaveanews.com\/index.php\/wp-json\/wp\/v2\/posts\/194364\/revisions"}],"predecessor-version":[{"id":194371,"href":"https:\/\/www.gaveanews.com\/index.php\/wp-json\/wp\/v2\/posts\/194364\/revisions\/194371"}],"wp:featuredmedia":[{"embeddable":true,"href":"https:\/\/www.gaveanews.com\/index.php\/wp-json\/wp\/v2\/media\/165619"}],"wp:attachment":[{"href":"https:\/\/www.gaveanews.com\/index.php\/wp-json\/wp\/v2\/media?parent=194364"}],"wp:term":[{"taxonomy":"category","embeddable":true,"href":"https:\/\/www.gaveanews.com\/index.php\/wp-json\/wp\/v2\/categories?post=194364"},{"taxonomy":"post_tag","embeddable":true,"href":"https:\/\/www.gaveanews.com\/index.php\/wp-json\/wp\/v2\/tags?post=194364"}],"curies":[{"name":"wp","href":"https:\/\/api.w.org\/{rel}","templated":true}]}}