{"id":194452,"date":"2024-12-04T12:45:00","date_gmt":"2024-12-04T15:45:00","guid":{"rendered":"https:\/\/www.gaveanews.com\/?p=194452"},"modified":"2024-12-04T11:31:23","modified_gmt":"2024-12-04T14:31:23","slug":"botafogo-a-declaracao-de-rafael-apos-conquistar-a-libertadores","status":"publish","type":"post","link":"https:\/\/www.gaveanews.com\/index.php\/2024\/12\/04\/botafogo-a-declaracao-de-rafael-apos-conquistar-a-libertadores\/","title":{"rendered":"Botafogo: a declara\u00e7\u00e3o de Rafael ap\u00f3s conquistar a Libertadores"},"content":{"rendered":"\n<h2 class=\"wp-block-heading\" id=\"h-lateral-se-emociona-apos-passar-por-periodo-complicado\">Lateral se emociona ap\u00f3s passar por per\u00edodo complicado <\/h2>\n\n\n\n<p>O Botafogo \u00e9 o grande vencedor da Libertadores de 2024, conquista muito comemorada por todos os funcion\u00e1rios do clube e claro, os torcedores, em especial o lateral-direito Rafael. Al\u00e9m de defender as cores do clube, o jogador \u00e9 torcedor declarado do Fog\u00e3o. O atleta conviveu com muitas les\u00f5es e se emocionou ao conquistar a Am\u00e9rica. <\/p>\n\n\n\n<ul class=\"wp-block-list\">\n<li><a href=\"https:\/\/www.gaveanews.com\/index.php\/2024\/12\/03\/botafogo-a-declaracao-de-savarino-direcionada-a-artur-jorge-2\/\">Botafogo: a declara\u00e7\u00e3o de Savarino direcionada a Artur Jorge<\/a><\/li>\n\n\n\n<li><a href=\"https:\/\/www.gaveanews.com\/index.php\/2024\/12\/03\/a-declaracao-de-zinho-direcionada-a-artur-jorge-do-botafogo\/\">A declara\u00e7\u00e3o de Zinho direcionada a Artur Jorge, do Botafogo<\/a><\/li>\n<\/ul>\n\n\n\n<p>Na \u00faltima segunda-feira (2), Rafael deu entrevista exclusiva para a BotafogoTV e n\u00e3o escondeu sua emo\u00e7\u00e3o ao ser campe\u00e3o da Libertadores pelo seu time do cora\u00e7\u00e3o. Al\u00e9m disso, outro fato que deixou o atleta bastante emocionado foi as les\u00f5es que o afastaram dos gramados. <\/p>\n\n\n\n<p>&#8220;O time ter conquistado isso aqui vale por todas as les\u00f5es que eu tive, cara. Eu n\u00e3o consegui jogar no Botafogo, mas eu estar vivendo esse momento com certeza vale por tudo. Eu acho que isso aqui foi papai do c\u00e9u que mandou para mim e disse &#8220;calma, meu filho, voc\u00ea est\u00e1 a\u00ed, voc\u00ea \u00e9 campe\u00e3o da Libertadores&#8221;. Por tudo que eu j\u00e1 sofri, n\u00e3o tem nada maior que isso a\u00ed&#8221;, disse Rafael. <\/p>\n\n\n\n<p>Ainda durante a entrevista, Rafael comentou que chegou a pensar em se aposentar devido as suas les\u00f5es. O jogador n\u00e3o entra em campo desde o come\u00e7o do m\u00eas de abril, por ter sofrido uma fratura na patela do joelho esquerdo. No ano passado, o lateral j\u00e1 havia ficado afastado por cerca de oito meses por causa de um rompimento no tend\u00e3o do mesmo joelho. <\/p>\n\n\n\n<p>&#8220;Eu nunca imaginava que ia fraturar a patela. Pensei em largar mesmo. Pensei: &#8220;n\u00e3o vou tentar mais nada, vou nem esperar&#8221;. Mas eu via e pensava &#8220;n\u00e3o, estou vivendo tudo isso aqui dentro, vou continuar aqui&#8221;. A torcida \u00e0s vezes brinca e fala: &#8220;o Rafael \u00e9 um torcedor que n\u00e3o joga e est\u00e1 ali dentro&#8221;. Voc\u00eas fiquem com inveja. Eu estou l\u00e1, assistindo a tudo de perto. Eu sou o torcedor mais privilegiado de todos, com certeza (risos)&#8221;, finalizou Rafael.<\/p>\n\n\n\n<p>Rafael possui 34 anos de idade e chegou ao Botafogo em 2021. Por\u00e9m, o lateral-direito vem sofrendo com problemas f\u00edsicos e por conta disso j\u00e1 afirmou que ir\u00e1 se aposentar ao final dessa temporada. Vale lembrar que o jogador ainda pode ser campe\u00e3o brasileiro pelo Glorioso. <\/p>\n","protected":false},"excerpt":{"rendered":"<p>Lateral se emociona ap\u00f3s passar por per\u00edodo complicado O Botafogo \u00e9 o grande vencedor da Libertadores de 2024, conquista muito comemorada por todos os funcion\u00e1rios do clube e claro, os torcedores, em especial o lateral-direito Rafael. Al\u00e9m de defender as cores do clube, o jogador \u00e9 torcedor declarado do Fog\u00e3o. O atleta conviveu com muitas [&hellip;]<\/p>\n","protected":false},"author":21,"featured_media":171415,"comment_status":"open","ping_status":"closed","sticky":false,"template":"","format":"standard","meta":{"footnotes":""},"categories":[138],"tags":[],"class_list":["post-194452","post","type-post","status-publish","format-standard","has-post-thumbnail","hentry","category-botafogo"],"yoast_head":"<!-- This site is optimized with the Yoast SEO Premium plugin v24.2 (Yoast SEO v26.9) - https:\/\/yoast.com\/product\/yoast-seo-premium-wordpress\/ -->\n<title>Botafogo: a declara\u00e7\u00e3o de Rafael ap\u00f3s conquistar a Libertadores<\/title>\n<meta name=\"robots\" content=\"index, follow, max-snippet:-1, max-image-preview:large, max-video-preview:-1\" \/>\n<link rel=\"canonical\" href=\"https:\/\/www.gaveanews.com\/index.php\/2024\/12\/04\/botafogo-a-declaracao-de-rafael-apos-conquistar-a-libertadores\/\" \/>\n<meta property=\"og:locale\" content=\"pt_BR\" \/>\n<meta property=\"og:type\" content=\"article\" \/>\n<meta property=\"og:title\" content=\"Botafogo: a declara\u00e7\u00e3o de Rafael ap\u00f3s conquistar a Libertadores\" \/>\n<meta property=\"og:description\" content=\"Lateral se emociona ap\u00f3s passar por per\u00edodo complicado O Botafogo \u00e9 o grande vencedor da Libertadores de 2024, conquista muito comemorada por todos os funcion\u00e1rios do clube e claro, os torcedores, em especial o lateral-direito Rafael. Al\u00e9m de defender as cores do clube, o jogador \u00e9 torcedor declarado do Fog\u00e3o. O atleta conviveu com muitas [&hellip;]\" \/>\n<meta property=\"og:url\" content=\"https:\/\/www.gaveanews.com\/index.php\/2024\/12\/04\/botafogo-a-declaracao-de-rafael-apos-conquistar-a-libertadores\/\" \/>\n<meta property=\"og:site_name\" content=\"G\u00e1vea News\" \/>\n<meta property=\"article:publisher\" content=\"https:\/\/facebook.com\/gaveaNews\/\" \/>\n<meta property=\"article:published_time\" content=\"2024-12-04T15:45:00+00:00\" \/>\n<meta property=\"og:image\" content=\"https:\/\/www.gaveanews.com\/wp-content\/uploads\/Rafael-em-acao-pelo-Botafogo.webp\" \/>\n\t<meta property=\"og:image:width\" content=\"538\" \/>\n\t<meta property=\"og:image:height\" content=\"446\" \/>\n\t<meta property=\"og:image:type\" content=\"image\/jpeg\" \/>\n<meta name=\"author\" content=\"Andr\u00e9 Serra\" \/>\n<meta name=\"twitter:card\" content=\"summary_large_image\" \/>\n<meta name=\"twitter:label1\" content=\"Escrito por\" \/>\n\t<meta name=\"twitter:data1\" content=\"Andr\u00e9 Serra\" \/>\n\t<meta name=\"twitter:label2\" content=\"Est. tempo de leitura\" \/>\n\t<meta name=\"twitter:data2\" content=\"3 minutos\" \/>\n<script type=\"application\/ld+json\" class=\"yoast-schema-graph\">{\"@context\":\"https:\/\/schema.org\",\"@graph\":[{\"@type\":\"NewsArticle\",\"@id\":\"https:\/\/www.gaveanews.com\/index.php\/2024\/12\/04\/botafogo-a-declaracao-de-rafael-apos-conquistar-a-libertadores\/#article\",\"isPartOf\":{\"@id\":\"https:\/\/www.gaveanews.com\/index.php\/2024\/12\/04\/botafogo-a-declaracao-de-rafael-apos-conquistar-a-libertadores\/\"},\"author\":{\"name\":\"Andr\u00e9 Serra\",\"@id\":\"https:\/\/www.gaveanews.com\/#\/schema\/person\/0277a79a1289c451c281ec0411d84f0c\"},\"headline\":\"Botafogo: a declara\u00e7\u00e3o de Rafael ap\u00f3s conquistar a Libertadores\",\"datePublished\":\"2024-12-04T15:45:00+00:00\",\"mainEntityOfPage\":{\"@id\":\"https:\/\/www.gaveanews.com\/index.php\/2024\/12\/04\/botafogo-a-declaracao-de-rafael-apos-conquistar-a-libertadores\/\"},\"wordCount\":424,\"commentCount\":0,\"image\":{\"@id\":\"https:\/\/www.gaveanews.com\/index.php\/2024\/12\/04\/botafogo-a-declaracao-de-rafael-apos-conquistar-a-libertadores\/#primaryimage\"},\"thumbnailUrl\":\"https:\/\/www.gaveanews.com\/wp-content\/uploads\/Rafael-em-acao-pelo-Botafogo.webp\",\"articleSection\":[\"Botafogo\"],\"inLanguage\":\"pt-BR\",\"potentialAction\":[{\"@type\":\"CommentAction\",\"name\":\"Comment\",\"target\":[\"https:\/\/www.gaveanews.com\/index.php\/2024\/12\/04\/botafogo-a-declaracao-de-rafael-apos-conquistar-a-libertadores\/#respond\"]}],\"copyrightYear\":\"2024\",\"copyrightHolder\":{\"@id\":\"https:\/\/www.gaveanews.com\/#organization\"}},{\"@type\":\"WebPage\",\"@id\":\"https:\/\/www.gaveanews.com\/index.php\/2024\/12\/04\/botafogo-a-declaracao-de-rafael-apos-conquistar-a-libertadores\/\",\"url\":\"https:\/\/www.gaveanews.com\/index.php\/2024\/12\/04\/botafogo-a-declaracao-de-rafael-apos-conquistar-a-libertadores\/\",\"name\":\"Botafogo: a declara\u00e7\u00e3o de Rafael ap\u00f3s conquistar a Libertadores\",\"isPartOf\":{\"@id\":\"https:\/\/www.gaveanews.com\/#website\"},\"primaryImageOfPage\":{\"@id\":\"https:\/\/www.gaveanews.com\/index.php\/2024\/12\/04\/botafogo-a-declaracao-de-rafael-apos-conquistar-a-libertadores\/#primaryimage\"},\"image\":{\"@id\":\"https:\/\/www.gaveanews.com\/index.php\/2024\/12\/04\/botafogo-a-declaracao-de-rafael-apos-conquistar-a-libertadores\/#primaryimage\"},\"thumbnailUrl\":\"https:\/\/www.gaveanews.com\/wp-content\/uploads\/Rafael-em-acao-pelo-Botafogo.webp\",\"datePublished\":\"2024-12-04T15:45:00+00:00\",\"author\":{\"@id\":\"https:\/\/www.gaveanews.com\/#\/schema\/person\/0277a79a1289c451c281ec0411d84f0c\"},\"breadcrumb\":{\"@id\":\"https:\/\/www.gaveanews.com\/index.php\/2024\/12\/04\/botafogo-a-declaracao-de-rafael-apos-conquistar-a-libertadores\/#breadcrumb\"},\"inLanguage\":\"pt-BR\",\"potentialAction\":[{\"@type\":\"ReadAction\",\"target\":[\"https:\/\/www.gaveanews.com\/index.php\/2024\/12\/04\/botafogo-a-declaracao-de-rafael-apos-conquistar-a-libertadores\/\"]}]},{\"@type\":\"ImageObject\",\"inLanguage\":\"pt-BR\",\"@id\":\"https:\/\/www.gaveanews.com\/index.php\/2024\/12\/04\/botafogo-a-declaracao-de-rafael-apos-conquistar-a-libertadores\/#primaryimage\",\"url\":\"https:\/\/www.gaveanews.com\/wp-content\/uploads\/Rafael-em-acao-pelo-Botafogo.webp\",\"contentUrl\":\"https:\/\/www.gaveanews.com\/wp-content\/uploads\/Rafael-em-acao-pelo-Botafogo.webp\",\"width\":538,\"height\":446,\"caption\":\"Rafael em a\u00e7\u00e3o pelo Botafogo (Foto: Vitor Silva\/Botafogo)\"},{\"@type\":\"BreadcrumbList\",\"@id\":\"https:\/\/www.gaveanews.com\/index.php\/2024\/12\/04\/botafogo-a-declaracao-de-rafael-apos-conquistar-a-libertadores\/#breadcrumb\",\"itemListElement\":[{\"@type\":\"ListItem\",\"position\":1,\"name\":\"Home\",\"item\":\"https:\/\/www.gaveanews.com\/\"},{\"@type\":\"ListItem\",\"position\":2,\"name\":\"Botafogo: a declara\u00e7\u00e3o de Rafael ap\u00f3s conquistar a Libertadores\"}]},{\"@type\":\"WebSite\",\"@id\":\"https:\/\/www.gaveanews.com\/#website\",\"url\":\"https:\/\/www.gaveanews.com\/\",\"name\":\"G\u00e1vea News\",\"description\":\"Veja todas as not\u00edcias sobre o Flamengo: Contrata\u00e7\u00f5es, categorias de base, resultados das partidas, tabela de classifica\u00e7\u00e3o, pr\u00f3ximos jogos!\",\"potentialAction\":[{\"@type\":\"SearchAction\",\"target\":{\"@type\":\"EntryPoint\",\"urlTemplate\":\"https:\/\/www.gaveanews.com\/?s={search_term_string}\"},\"query-input\":{\"@type\":\"PropertyValueSpecification\",\"valueRequired\":true,\"valueName\":\"search_term_string\"}}],\"inLanguage\":\"pt-BR\"},{\"@type\":\"Person\",\"@id\":\"https:\/\/www.gaveanews.com\/#\/schema\/person\/0277a79a1289c451c281ec0411d84f0c\",\"name\":\"Andr\u00e9 Serra\",\"image\":{\"@type\":\"ImageObject\",\"inLanguage\":\"pt-BR\",\"@id\":\"https:\/\/www.gaveanews.com\/#\/schema\/person\/image\/\",\"url\":\"https:\/\/secure.gravatar.com\/avatar\/d7231369fe48db93292b3e88eb2162dbd9a34a47a8437d9ef3bcaca2a86a83d7?s=96&d=mm&r=g\",\"contentUrl\":\"https:\/\/secure.gravatar.com\/avatar\/d7231369fe48db93292b3e88eb2162dbd9a34a47a8437d9ef3bcaca2a86a83d7?s=96&d=mm&r=g\",\"caption\":\"Andr\u00e9 Serra\"}}]}<\/script>\n<!-- \/ Yoast SEO Premium plugin. -->","yoast_head_json":{"title":"Botafogo: a declara\u00e7\u00e3o de Rafael ap\u00f3s conquistar a Libertadores","robots":{"index":"index","follow":"follow","max-snippet":"max-snippet:-1","max-image-preview":"max-image-preview:large","max-video-preview":"max-video-preview:-1"},"canonical":"https:\/\/www.gaveanews.com\/index.php\/2024\/12\/04\/botafogo-a-declaracao-de-rafael-apos-conquistar-a-libertadores\/","og_locale":"pt_BR","og_type":"article","og_title":"Botafogo: a declara\u00e7\u00e3o de Rafael ap\u00f3s conquistar a Libertadores","og_description":"Lateral se emociona ap\u00f3s passar por per\u00edodo complicado O Botafogo \u00e9 o grande vencedor da Libertadores de 2024, conquista muito comemorada por todos os funcion\u00e1rios do clube e claro, os torcedores, em especial o lateral-direito Rafael. Al\u00e9m de defender as cores do clube, o jogador \u00e9 torcedor declarado do Fog\u00e3o. O atleta conviveu com muitas [&hellip;]","og_url":"https:\/\/www.gaveanews.com\/index.php\/2024\/12\/04\/botafogo-a-declaracao-de-rafael-apos-conquistar-a-libertadores\/","og_site_name":"G\u00e1vea News","article_publisher":"https:\/\/facebook.com\/gaveaNews\/","article_published_time":"2024-12-04T15:45:00+00:00","og_image":[{"width":538,"height":446,"url":"https:\/\/www.gaveanews.com\/wp-content\/uploads\/Rafael-em-acao-pelo-Botafogo.webp","type":"image\/jpeg"}],"author":"Andr\u00e9 Serra","twitter_card":"summary_large_image","twitter_misc":{"Escrito por":"Andr\u00e9 Serra","Est. tempo de leitura":"3 minutos"},"schema":{"@context":"https:\/\/schema.org","@graph":[{"@type":"NewsArticle","@id":"https:\/\/www.gaveanews.com\/index.php\/2024\/12\/04\/botafogo-a-declaracao-de-rafael-apos-conquistar-a-libertadores\/#article","isPartOf":{"@id":"https:\/\/www.gaveanews.com\/index.php\/2024\/12\/04\/botafogo-a-declaracao-de-rafael-apos-conquistar-a-libertadores\/"},"author":{"name":"Andr\u00e9 Serra","@id":"https:\/\/www.gaveanews.com\/#\/schema\/person\/0277a79a1289c451c281ec0411d84f0c"},"headline":"Botafogo: a declara\u00e7\u00e3o de Rafael ap\u00f3s conquistar a Libertadores","datePublished":"2024-12-04T15:45:00+00:00","mainEntityOfPage":{"@id":"https:\/\/www.gaveanews.com\/index.php\/2024\/12\/04\/botafogo-a-declaracao-de-rafael-apos-conquistar-a-libertadores\/"},"wordCount":424,"commentCount":0,"image":{"@id":"https:\/\/www.gaveanews.com\/index.php\/2024\/12\/04\/botafogo-a-declaracao-de-rafael-apos-conquistar-a-libertadores\/#primaryimage"},"thumbnailUrl":"https:\/\/www.gaveanews.com\/wp-content\/uploads\/Rafael-em-acao-pelo-Botafogo.webp","articleSection":["Botafogo"],"inLanguage":"pt-BR","potentialAction":[{"@type":"CommentAction","name":"Comment","target":["https:\/\/www.gaveanews.com\/index.php\/2024\/12\/04\/botafogo-a-declaracao-de-rafael-apos-conquistar-a-libertadores\/#respond"]}],"copyrightYear":"2024","copyrightHolder":{"@id":"https:\/\/www.gaveanews.com\/#organization"}},{"@type":"WebPage","@id":"https:\/\/www.gaveanews.com\/index.php\/2024\/12\/04\/botafogo-a-declaracao-de-rafael-apos-conquistar-a-libertadores\/","url":"https:\/\/www.gaveanews.com\/index.php\/2024\/12\/04\/botafogo-a-declaracao-de-rafael-apos-conquistar-a-libertadores\/","name":"Botafogo: a declara\u00e7\u00e3o de Rafael ap\u00f3s conquistar a Libertadores","isPartOf":{"@id":"https:\/\/www.gaveanews.com\/#website"},"primaryImageOfPage":{"@id":"https:\/\/www.gaveanews.com\/index.php\/2024\/12\/04\/botafogo-a-declaracao-de-rafael-apos-conquistar-a-libertadores\/#primaryimage"},"image":{"@id":"https:\/\/www.gaveanews.com\/index.php\/2024\/12\/04\/botafogo-a-declaracao-de-rafael-apos-conquistar-a-libertadores\/#primaryimage"},"thumbnailUrl":"https:\/\/www.gaveanews.com\/wp-content\/uploads\/Rafael-em-acao-pelo-Botafogo.webp","datePublished":"2024-12-04T15:45:00+00:00","author":{"@id":"https:\/\/www.gaveanews.com\/#\/schema\/person\/0277a79a1289c451c281ec0411d84f0c"},"breadcrumb":{"@id":"https:\/\/www.gaveanews.com\/index.php\/2024\/12\/04\/botafogo-a-declaracao-de-rafael-apos-conquistar-a-libertadores\/#breadcrumb"},"inLanguage":"pt-BR","potentialAction":[{"@type":"ReadAction","target":["https:\/\/www.gaveanews.com\/index.php\/2024\/12\/04\/botafogo-a-declaracao-de-rafael-apos-conquistar-a-libertadores\/"]}]},{"@type":"ImageObject","inLanguage":"pt-BR","@id":"https:\/\/www.gaveanews.com\/index.php\/2024\/12\/04\/botafogo-a-declaracao-de-rafael-apos-conquistar-a-libertadores\/#primaryimage","url":"https:\/\/www.gaveanews.com\/wp-content\/uploads\/Rafael-em-acao-pelo-Botafogo.webp","contentUrl":"https:\/\/www.gaveanews.com\/wp-content\/uploads\/Rafael-em-acao-pelo-Botafogo.webp","width":538,"height":446,"caption":"Rafael em a\u00e7\u00e3o pelo Botafogo (Foto: Vitor Silva\/Botafogo)"},{"@type":"BreadcrumbList","@id":"https:\/\/www.gaveanews.com\/index.php\/2024\/12\/04\/botafogo-a-declaracao-de-rafael-apos-conquistar-a-libertadores\/#breadcrumb","itemListElement":[{"@type":"ListItem","position":1,"name":"Home","item":"https:\/\/www.gaveanews.com\/"},{"@type":"ListItem","position":2,"name":"Botafogo: a declara\u00e7\u00e3o de Rafael ap\u00f3s conquistar a Libertadores"}]},{"@type":"WebSite","@id":"https:\/\/www.gaveanews.com\/#website","url":"https:\/\/www.gaveanews.com\/","name":"G\u00e1vea News","description":"Veja todas as not\u00edcias sobre o Flamengo: Contrata\u00e7\u00f5es, categorias de base, resultados das partidas, tabela de classifica\u00e7\u00e3o, pr\u00f3ximos jogos!","potentialAction":[{"@type":"SearchAction","target":{"@type":"EntryPoint","urlTemplate":"https:\/\/www.gaveanews.com\/?s={search_term_string}"},"query-input":{"@type":"PropertyValueSpecification","valueRequired":true,"valueName":"search_term_string"}}],"inLanguage":"pt-BR"},{"@type":"Person","@id":"https:\/\/www.gaveanews.com\/#\/schema\/person\/0277a79a1289c451c281ec0411d84f0c","name":"Andr\u00e9 Serra","image":{"@type":"ImageObject","inLanguage":"pt-BR","@id":"https:\/\/www.gaveanews.com\/#\/schema\/person\/image\/","url":"https:\/\/secure.gravatar.com\/avatar\/d7231369fe48db93292b3e88eb2162dbd9a34a47a8437d9ef3bcaca2a86a83d7?s=96&d=mm&r=g","contentUrl":"https:\/\/secure.gravatar.com\/avatar\/d7231369fe48db93292b3e88eb2162dbd9a34a47a8437d9ef3bcaca2a86a83d7?s=96&d=mm&r=g","caption":"Andr\u00e9 Serra"}}]}},"_links":{"self":[{"href":"https:\/\/www.gaveanews.com\/index.php\/wp-json\/wp\/v2\/posts\/194452","targetHints":{"allow":["GET"]}}],"collection":[{"href":"https:\/\/www.gaveanews.com\/index.php\/wp-json\/wp\/v2\/posts"}],"about":[{"href":"https:\/\/www.gaveanews.com\/index.php\/wp-json\/wp\/v2\/types\/post"}],"author":[{"embeddable":true,"href":"https:\/\/www.gaveanews.com\/index.php\/wp-json\/wp\/v2\/users\/21"}],"replies":[{"embeddable":true,"href":"https:\/\/www.gaveanews.com\/index.php\/wp-json\/wp\/v2\/comments?post=194452"}],"version-history":[{"count":1,"href":"https:\/\/www.gaveanews.com\/index.php\/wp-json\/wp\/v2\/posts\/194452\/revisions"}],"predecessor-version":[{"id":194460,"href":"https:\/\/www.gaveanews.com\/index.php\/wp-json\/wp\/v2\/posts\/194452\/revisions\/194460"}],"wp:featuredmedia":[{"embeddable":true,"href":"https:\/\/www.gaveanews.com\/index.php\/wp-json\/wp\/v2\/media\/171415"}],"wp:attachment":[{"href":"https:\/\/www.gaveanews.com\/index.php\/wp-json\/wp\/v2\/media?parent=194452"}],"wp:term":[{"taxonomy":"category","embeddable":true,"href":"https:\/\/www.gaveanews.com\/index.php\/wp-json\/wp\/v2\/categories?post=194452"},{"taxonomy":"post_tag","embeddable":true,"href":"https:\/\/www.gaveanews.com\/index.php\/wp-json\/wp\/v2\/tags?post=194452"}],"curies":[{"name":"wp","href":"https:\/\/api.w.org\/{rel}","templated":true}]}}