{"id":194462,"date":"2024-12-04T12:50:00","date_gmt":"2024-12-04T15:50:00","guid":{"rendered":"https:\/\/www.gaveanews.com\/?p=194462"},"modified":"2024-12-04T12:03:54","modified_gmt":"2024-12-04T15:03:54","slug":"quem-e-evangelos-marinakis-magnata-bilionario-interessado-na-compra-do-vasco","status":"publish","type":"post","link":"https:\/\/www.gaveanews.com\/index.php\/2024\/12\/04\/quem-e-evangelos-marinakis-magnata-bilionario-interessado-na-compra-do-vasco\/","title":{"rendered":"Quem \u00e9 Evangelos Marinakis, magnata bilion\u00e1rio interessado na compra do Vasco?"},"content":{"rendered":"\n<p>Desde que encerrou o v\u00ednculo entre o Vasco da Gama e a 777 partners, primeira dona da SAF do clube carioca, Pedrinho, Presidente do Cruzmaltino, tem trabalhado para conseguir outro investidor, capaz de cumprir com as ordens de investimento e que possa fazer com que o Vasco cres\u00e7a.<\/p>\n\n\n\n<p>Aparentemente esse investidor, enfim chegou. Em entrevista para a imprensa da Inglaterra, Evangelos Marinakis, magnata bilion\u00e1rio Grego, admitiu as conversas e interesse na compra da SAF do Vasco da Gama.<\/p>\n\n\n\n<ul class=\"wp-block-list\">\n<li><a href=\"https:\/\/www.gaveanews.com\/index.php\/2024\/12\/02\/veja-grupos-interessados-na-compra-da-saf-vasco\/\">Veja grupos interessados na compra da SAF Vasco<\/a><\/li>\n\n\n\n<li><a href=\"https:\/\/www.gaveanews.com\/index.php\/2024\/12\/02\/tiago-leifert-divulga-novas-informacoes-sobre-a-nova-saf-do-vasco\/\">Tiago Leifert divulga novas informa\u00e7\u00f5es sobre a nova SAF do Vasco<\/a><\/li>\n<\/ul>\n\n\n\n<p>As conversas com Marinakis foi de forma indireta e, segundo o GE, o clube recebeu com surpresa a entrevista dada pelo Grego. Como as negocia\u00e7\u00f5es com o Grego est\u00e3o estagnadas, o Vasco tem outros nomes mais avan\u00e7ados como investidores norte americanos, \u00e1rabes e italianos.<\/p>\n\n\n\n<h2 class=\"wp-block-heading\" id=\"h-de-onde-e-evangelos-marinakis\">De onde \u00e9 Evangelos Marinakis?<\/h2>\n\n\n\n<p>Aos 57 anos, Marinakis \u00e9 de Piraeus, cidade vizinha a capital Atenas, na Gr\u00e9cia. O local tem o principal porto do pa\u00eds, local onde Evangelos faz parte de sua fortuna que \u00e9 estimada em R$ 20 bilh\u00f5es.<\/p>\n\n\n\n<p>Marinakis \u00e9 dono da Capital Maritime Group, empresa de transporte privado de navios, a frota dele conta com mais de 100 navios e 56% na Capital Product Partners.<\/p>\n\n\n\n<p>Em 2023, para se ter ideia, ele fez o aporte de R$ 690 milh\u00f5es para comprar um dos maiores navios do mundo todo.<\/p>\n\n\n\n<p>Ele \u00e9 dono tamb\u00e9m da Alter Ego Media que \u00e9 dono de dois dos maiores jornais do pa\u00eds e do segundo maior canal de TV da Gr\u00e9cia.<\/p>\n\n\n\n<h2 class=\"wp-block-heading\" id=\"h-por-que-o-investimento-no-futebol\">Por que o investimento no Futebol?<\/h2>\n\n\n\n<p>Evangelos herdou do pai a fortuna e os neg\u00f3cios dentro das \u00e1guas do mundo todo e tamb\u00e9m  paix\u00e3o pelo esporte mais popular do mundo todo, o futebol.<\/p>\n\n\n\n<p>Miltiadis Marinakis, pai do Evangelos, comprou na d\u00e9cada de 70 uma parte das participa\u00e7\u00f5es do Olympiacos, da Gr\u00e9cia, e levava o pequeno Evangelos para os jogos.<\/p>\n\n\n\n<p>Ano passado, Evangelos levou o trof\u00e9u da Europa League ao t\u00famulo do pai. Evangelos \u00e9 dono de 86% do Olympiacos hoje em dia, tatuou o escudo do clube no bra\u00e7o esquerdo, \u00e9 ativo no dia a dia do clube e tem contato direto com os jogadores do elenco.<\/p>\n\n\n\n<p>Ele tem neg\u00f3cios na Inglaterra, mais especificamente no Nottingham Forest, que ele conheceu quando foi estudar no pa\u00eds do Rei nos anos 80. <\/p>\n\n\n\n<p>Amante do esporte, ele ainda tem investimentos em outros 17 esportes dentro da Gr\u00e9cia, sendo alguns deles v\u00f4lei, polo aqu\u00e1tico, vela, boxe, atletismo e taekwondo.<\/p>\n\n\n\n<p>O investimento dele no Nottingham Forest deu certo, fez a equipe retornar a s\u00e9rie A, ser refer\u00eancia em contrata\u00e7\u00f5es, disputa vagas na Champions League com o &#8216;Big six&#8217; e ainda por cima profissionalizou a equipe feminina.<\/p>\n\n\n\n<p>Em 2023, adquiriu 80% do Rio Ave, de Portugal, neg\u00f3cio que girou em torno dos 20.5 milh\u00f5es de Euros, que deu na \u00e9poca 108 milh\u00f5es de reais.<\/p>\n\n\n\n<p>O ex-jogador, Edu Gaspar, \u00e9 contratado de Evangelos com o objetivo de expandir os neg\u00f3cios no futebol. O magnata teve interesse no Vasco a partir dessa proximidade com o Brasileiro.<\/p>\n\n\n\n<h2 class=\"wp-block-heading\" id=\"h-acoes-sociais\">A\u00e7\u00f5es sociais:<\/h2>\n\n\n\n<p>Marinakis \u00e9 conhecido, tamb\u00e9m, por manter ativamente suas causas sociais, durante a pandemia, por exemplo, investiu muito dinheiro na compra de equipamentos voltados para o tratamento da Covid, ele tamb\u00e9m apoia institui\u00e7\u00f5es que combatem o c\u00e2ncer, faz doa\u00e7\u00f5es a refugiados na Gr\u00e9cia que chegam do Oriente m\u00e9dio, al\u00e9m de constru\u00e7\u00e3o de pr\u00e9dios e escolas para os desabrigados dos terremotos.<\/p>\n\n\n\n<h2 class=\"wp-block-heading\" id=\"h-acusacao-de-trafico-de-drogas\">Acusa\u00e7\u00e3o de tr\u00e1fico de drogas:<\/h2>\n\n\n\n<p>Em 2018, Evangelos foi acusado de traficar 2.1 toneladas de hero\u00edna em investiga\u00e7\u00e3o que durou mais de 4 anos pela pol\u00edcia local. A droga foi interceptada no porto de Piraeus.<\/p>\n\n\n\n<p>Ele foi absolvido do processo, assim como foi absolvido do processo de manipula\u00e7\u00e3o de resultado de apostas esportivas e corrup\u00e7\u00e3o de \u00e1rbitros no futebol grego.<\/p>\n\n\n\n<p>Recentemente ele foi suspenso por 5 jogos pelo Tribunal da Justi\u00e7a Desportiva da Gr\u00e9cia por xingamentos aos \u00e1rbitros durante os jogos do Olympiacos.<\/p>\n\n\n\n<h3 class=\"wp-block-heading\" id=\"h-qual-o-proximo-jogo-do-vasco\">Qual o pr\u00f3ximo jogo do Vasco?<\/h3>\n\n\n\n<p>Vasco&nbsp;e&nbsp;Atl\u00e9tico-MG&nbsp;se enfrentam nesta quarta-feira, \u00e0s 19h (de Bras\u00edlia), em S\u00e3o Janu\u00e1rio, pela 37\u00aa rodada do Brasileir\u00e3o. A partida ter\u00e1 transmiss\u00e3o ao vivo do Premiere.&nbsp;<\/p>\n","protected":false},"excerpt":{"rendered":"<p>Desde que encerrou o v\u00ednculo entre o Vasco da Gama e a 777 partners, primeira dona da SAF do clube carioca, Pedrinho, Presidente do Cruzmaltino, tem trabalhado para conseguir outro investidor, capaz de cumprir com as ordens de investimento e que possa fazer com que o Vasco cres\u00e7a. Aparentemente esse investidor, enfim chegou. Em entrevista [&hellip;]<\/p>\n","protected":false},"author":19,"featured_media":194527,"comment_status":"open","ping_status":"closed","sticky":false,"template":"","format":"standard","meta":{"footnotes":""},"categories":[152],"tags":[],"class_list":["post-194462","post","type-post","status-publish","format-standard","has-post-thumbnail","hentry","category-vasco"],"yoast_head":"<!-- This site is optimized with the Yoast SEO Premium plugin v24.2 (Yoast SEO v26.9) - https:\/\/yoast.com\/product\/yoast-seo-premium-wordpress\/ -->\n<title>Quem \u00e9 Evangelos Marinakis, magnata bilion\u00e1rio interessado na compra do Vasco?<\/title>\n<meta name=\"robots\" content=\"index, follow, max-snippet:-1, max-image-preview:large, max-video-preview:-1\" \/>\n<link rel=\"canonical\" href=\"https:\/\/www.gaveanews.com\/index.php\/2024\/12\/04\/quem-e-evangelos-marinakis-magnata-bilionario-interessado-na-compra-do-vasco\/\" \/>\n<meta property=\"og:locale\" content=\"pt_BR\" \/>\n<meta property=\"og:type\" content=\"article\" \/>\n<meta property=\"og:title\" content=\"Quem \u00e9 Evangelos Marinakis, magnata bilion\u00e1rio interessado na compra do Vasco?\" \/>\n<meta property=\"og:description\" content=\"Desde que encerrou o v\u00ednculo entre o Vasco da Gama e a 777 partners, primeira dona da SAF do clube carioca, Pedrinho, Presidente do Cruzmaltino, tem trabalhado para conseguir outro investidor, capaz de cumprir com as ordens de investimento e que possa fazer com que o Vasco cres\u00e7a. Aparentemente esse investidor, enfim chegou. Em entrevista [&hellip;]\" \/>\n<meta property=\"og:url\" content=\"https:\/\/www.gaveanews.com\/index.php\/2024\/12\/04\/quem-e-evangelos-marinakis-magnata-bilionario-interessado-na-compra-do-vasco\/\" \/>\n<meta property=\"og:site_name\" content=\"G\u00e1vea News\" \/>\n<meta property=\"article:publisher\" content=\"https:\/\/facebook.com\/gaveaNews\/\" \/>\n<meta property=\"article:published_time\" content=\"2024-12-04T15:50:00+00:00\" \/>\n<meta property=\"og:image\" content=\"https:\/\/www.gaveanews.com\/wp-content\/uploads\/Evangelos-Marinakis-magnata-bilionario.webp\" \/>\n\t<meta property=\"og:image:width\" content=\"915\" \/>\n\t<meta property=\"og:image:height\" content=\"585\" \/>\n\t<meta property=\"og:image:type\" content=\"image\/webp\" \/>\n<meta name=\"author\" content=\"Bruno Zanchetta\" \/>\n<meta name=\"twitter:card\" content=\"summary_large_image\" \/>\n<meta name=\"twitter:label1\" content=\"Escrito por\" \/>\n\t<meta name=\"twitter:data1\" content=\"Bruno Zanchetta\" \/>\n\t<meta name=\"twitter:label2\" content=\"Est. tempo de leitura\" \/>\n\t<meta name=\"twitter:data2\" content=\"4 minutos\" \/>\n<script type=\"application\/ld+json\" class=\"yoast-schema-graph\">{\"@context\":\"https:\/\/schema.org\",\"@graph\":[{\"@type\":\"NewsArticle\",\"@id\":\"https:\/\/www.gaveanews.com\/index.php\/2024\/12\/04\/quem-e-evangelos-marinakis-magnata-bilionario-interessado-na-compra-do-vasco\/#article\",\"isPartOf\":{\"@id\":\"https:\/\/www.gaveanews.com\/index.php\/2024\/12\/04\/quem-e-evangelos-marinakis-magnata-bilionario-interessado-na-compra-do-vasco\/\"},\"author\":{\"name\":\"Bruno Zanchetta\",\"@id\":\"https:\/\/www.gaveanews.com\/#\/schema\/person\/32fddefab25b466689f181be346cd98c\"},\"headline\":\"Quem \u00e9 Evangelos Marinakis, magnata bilion\u00e1rio interessado na compra do Vasco?\",\"datePublished\":\"2024-12-04T15:50:00+00:00\",\"mainEntityOfPage\":{\"@id\":\"https:\/\/www.gaveanews.com\/index.php\/2024\/12\/04\/quem-e-evangelos-marinakis-magnata-bilionario-interessado-na-compra-do-vasco\/\"},\"wordCount\":733,\"commentCount\":0,\"image\":{\"@id\":\"https:\/\/www.gaveanews.com\/index.php\/2024\/12\/04\/quem-e-evangelos-marinakis-magnata-bilionario-interessado-na-compra-do-vasco\/#primaryimage\"},\"thumbnailUrl\":\"https:\/\/www.gaveanews.com\/wp-content\/uploads\/Evangelos-Marinakis-magnata-bilionario.webp\",\"articleSection\":[\"Vasco\"],\"inLanguage\":\"pt-BR\",\"potentialAction\":[{\"@type\":\"CommentAction\",\"name\":\"Comment\",\"target\":[\"https:\/\/www.gaveanews.com\/index.php\/2024\/12\/04\/quem-e-evangelos-marinakis-magnata-bilionario-interessado-na-compra-do-vasco\/#respond\"]}],\"copyrightYear\":\"2024\",\"copyrightHolder\":{\"@id\":\"https:\/\/www.gaveanews.com\/#organization\"}},{\"@type\":\"WebPage\",\"@id\":\"https:\/\/www.gaveanews.com\/index.php\/2024\/12\/04\/quem-e-evangelos-marinakis-magnata-bilionario-interessado-na-compra-do-vasco\/\",\"url\":\"https:\/\/www.gaveanews.com\/index.php\/2024\/12\/04\/quem-e-evangelos-marinakis-magnata-bilionario-interessado-na-compra-do-vasco\/\",\"name\":\"Quem \u00e9 Evangelos Marinakis, magnata bilion\u00e1rio interessado na compra do Vasco?\",\"isPartOf\":{\"@id\":\"https:\/\/www.gaveanews.com\/#website\"},\"primaryImageOfPage\":{\"@id\":\"https:\/\/www.gaveanews.com\/index.php\/2024\/12\/04\/quem-e-evangelos-marinakis-magnata-bilionario-interessado-na-compra-do-vasco\/#primaryimage\"},\"image\":{\"@id\":\"https:\/\/www.gaveanews.com\/index.php\/2024\/12\/04\/quem-e-evangelos-marinakis-magnata-bilionario-interessado-na-compra-do-vasco\/#primaryimage\"},\"thumbnailUrl\":\"https:\/\/www.gaveanews.com\/wp-content\/uploads\/Evangelos-Marinakis-magnata-bilionario.webp\",\"datePublished\":\"2024-12-04T15:50:00+00:00\",\"author\":{\"@id\":\"https:\/\/www.gaveanews.com\/#\/schema\/person\/32fddefab25b466689f181be346cd98c\"},\"breadcrumb\":{\"@id\":\"https:\/\/www.gaveanews.com\/index.php\/2024\/12\/04\/quem-e-evangelos-marinakis-magnata-bilionario-interessado-na-compra-do-vasco\/#breadcrumb\"},\"inLanguage\":\"pt-BR\",\"potentialAction\":[{\"@type\":\"ReadAction\",\"target\":[\"https:\/\/www.gaveanews.com\/index.php\/2024\/12\/04\/quem-e-evangelos-marinakis-magnata-bilionario-interessado-na-compra-do-vasco\/\"]}]},{\"@type\":\"ImageObject\",\"inLanguage\":\"pt-BR\",\"@id\":\"https:\/\/www.gaveanews.com\/index.php\/2024\/12\/04\/quem-e-evangelos-marinakis-magnata-bilionario-interessado-na-compra-do-vasco\/#primaryimage\",\"url\":\"https:\/\/www.gaveanews.com\/wp-content\/uploads\/Evangelos-Marinakis-magnata-bilionario.webp\",\"contentUrl\":\"https:\/\/www.gaveanews.com\/wp-content\/uploads\/Evangelos-Marinakis-magnata-bilionario.webp\",\"width\":915,\"height\":585,\"caption\":\"Evangelos Marinakis, magnata bilion\u00e1rio (Foto: Reprodu\u00e7\u00e3o\/Instagram)\"},{\"@type\":\"BreadcrumbList\",\"@id\":\"https:\/\/www.gaveanews.com\/index.php\/2024\/12\/04\/quem-e-evangelos-marinakis-magnata-bilionario-interessado-na-compra-do-vasco\/#breadcrumb\",\"itemListElement\":[{\"@type\":\"ListItem\",\"position\":1,\"name\":\"Home\",\"item\":\"https:\/\/www.gaveanews.com\/\"},{\"@type\":\"ListItem\",\"position\":2,\"name\":\"Quem \u00e9 Evangelos Marinakis, magnata bilion\u00e1rio interessado na compra do Vasco?\"}]},{\"@type\":\"WebSite\",\"@id\":\"https:\/\/www.gaveanews.com\/#website\",\"url\":\"https:\/\/www.gaveanews.com\/\",\"name\":\"G\u00e1vea News\",\"description\":\"Veja todas as not\u00edcias sobre o Flamengo: Contrata\u00e7\u00f5es, categorias de base, resultados das partidas, tabela de classifica\u00e7\u00e3o, pr\u00f3ximos jogos!\",\"potentialAction\":[{\"@type\":\"SearchAction\",\"target\":{\"@type\":\"EntryPoint\",\"urlTemplate\":\"https:\/\/www.gaveanews.com\/?s={search_term_string}\"},\"query-input\":{\"@type\":\"PropertyValueSpecification\",\"valueRequired\":true,\"valueName\":\"search_term_string\"}}],\"inLanguage\":\"pt-BR\"},{\"@type\":\"Person\",\"@id\":\"https:\/\/www.gaveanews.com\/#\/schema\/person\/32fddefab25b466689f181be346cd98c\",\"name\":\"Bruno Zanchetta\",\"image\":{\"@type\":\"ImageObject\",\"inLanguage\":\"pt-BR\",\"@id\":\"https:\/\/www.gaveanews.com\/#\/schema\/person\/image\/\",\"url\":\"https:\/\/secure.gravatar.com\/avatar\/3ba2d39f8a912ad65276975a996d6ad8d9e3dd13448684be8dc4d7c17099d2ee?s=96&d=mm&r=g\",\"contentUrl\":\"https:\/\/secure.gravatar.com\/avatar\/3ba2d39f8a912ad65276975a996d6ad8d9e3dd13448684be8dc4d7c17099d2ee?s=96&d=mm&r=g\",\"caption\":\"Bruno Zanchetta\"}}]}<\/script>\n<!-- \/ Yoast SEO Premium plugin. -->","yoast_head_json":{"title":"Quem \u00e9 Evangelos Marinakis, magnata bilion\u00e1rio interessado na compra do Vasco?","robots":{"index":"index","follow":"follow","max-snippet":"max-snippet:-1","max-image-preview":"max-image-preview:large","max-video-preview":"max-video-preview:-1"},"canonical":"https:\/\/www.gaveanews.com\/index.php\/2024\/12\/04\/quem-e-evangelos-marinakis-magnata-bilionario-interessado-na-compra-do-vasco\/","og_locale":"pt_BR","og_type":"article","og_title":"Quem \u00e9 Evangelos Marinakis, magnata bilion\u00e1rio interessado na compra do Vasco?","og_description":"Desde que encerrou o v\u00ednculo entre o Vasco da Gama e a 777 partners, primeira dona da SAF do clube carioca, Pedrinho, Presidente do Cruzmaltino, tem trabalhado para conseguir outro investidor, capaz de cumprir com as ordens de investimento e que possa fazer com que o Vasco cres\u00e7a. Aparentemente esse investidor, enfim chegou. Em entrevista [&hellip;]","og_url":"https:\/\/www.gaveanews.com\/index.php\/2024\/12\/04\/quem-e-evangelos-marinakis-magnata-bilionario-interessado-na-compra-do-vasco\/","og_site_name":"G\u00e1vea News","article_publisher":"https:\/\/facebook.com\/gaveaNews\/","article_published_time":"2024-12-04T15:50:00+00:00","og_image":[{"width":915,"height":585,"url":"https:\/\/www.gaveanews.com\/wp-content\/uploads\/Evangelos-Marinakis-magnata-bilionario.webp","type":"image\/webp"}],"author":"Bruno Zanchetta","twitter_card":"summary_large_image","twitter_misc":{"Escrito por":"Bruno Zanchetta","Est. tempo de leitura":"4 minutos"},"schema":{"@context":"https:\/\/schema.org","@graph":[{"@type":"NewsArticle","@id":"https:\/\/www.gaveanews.com\/index.php\/2024\/12\/04\/quem-e-evangelos-marinakis-magnata-bilionario-interessado-na-compra-do-vasco\/#article","isPartOf":{"@id":"https:\/\/www.gaveanews.com\/index.php\/2024\/12\/04\/quem-e-evangelos-marinakis-magnata-bilionario-interessado-na-compra-do-vasco\/"},"author":{"name":"Bruno Zanchetta","@id":"https:\/\/www.gaveanews.com\/#\/schema\/person\/32fddefab25b466689f181be346cd98c"},"headline":"Quem \u00e9 Evangelos Marinakis, magnata bilion\u00e1rio interessado na compra do Vasco?","datePublished":"2024-12-04T15:50:00+00:00","mainEntityOfPage":{"@id":"https:\/\/www.gaveanews.com\/index.php\/2024\/12\/04\/quem-e-evangelos-marinakis-magnata-bilionario-interessado-na-compra-do-vasco\/"},"wordCount":733,"commentCount":0,"image":{"@id":"https:\/\/www.gaveanews.com\/index.php\/2024\/12\/04\/quem-e-evangelos-marinakis-magnata-bilionario-interessado-na-compra-do-vasco\/#primaryimage"},"thumbnailUrl":"https:\/\/www.gaveanews.com\/wp-content\/uploads\/Evangelos-Marinakis-magnata-bilionario.webp","articleSection":["Vasco"],"inLanguage":"pt-BR","potentialAction":[{"@type":"CommentAction","name":"Comment","target":["https:\/\/www.gaveanews.com\/index.php\/2024\/12\/04\/quem-e-evangelos-marinakis-magnata-bilionario-interessado-na-compra-do-vasco\/#respond"]}],"copyrightYear":"2024","copyrightHolder":{"@id":"https:\/\/www.gaveanews.com\/#organization"}},{"@type":"WebPage","@id":"https:\/\/www.gaveanews.com\/index.php\/2024\/12\/04\/quem-e-evangelos-marinakis-magnata-bilionario-interessado-na-compra-do-vasco\/","url":"https:\/\/www.gaveanews.com\/index.php\/2024\/12\/04\/quem-e-evangelos-marinakis-magnata-bilionario-interessado-na-compra-do-vasco\/","name":"Quem \u00e9 Evangelos Marinakis, magnata bilion\u00e1rio interessado na compra do Vasco?","isPartOf":{"@id":"https:\/\/www.gaveanews.com\/#website"},"primaryImageOfPage":{"@id":"https:\/\/www.gaveanews.com\/index.php\/2024\/12\/04\/quem-e-evangelos-marinakis-magnata-bilionario-interessado-na-compra-do-vasco\/#primaryimage"},"image":{"@id":"https:\/\/www.gaveanews.com\/index.php\/2024\/12\/04\/quem-e-evangelos-marinakis-magnata-bilionario-interessado-na-compra-do-vasco\/#primaryimage"},"thumbnailUrl":"https:\/\/www.gaveanews.com\/wp-content\/uploads\/Evangelos-Marinakis-magnata-bilionario.webp","datePublished":"2024-12-04T15:50:00+00:00","author":{"@id":"https:\/\/www.gaveanews.com\/#\/schema\/person\/32fddefab25b466689f181be346cd98c"},"breadcrumb":{"@id":"https:\/\/www.gaveanews.com\/index.php\/2024\/12\/04\/quem-e-evangelos-marinakis-magnata-bilionario-interessado-na-compra-do-vasco\/#breadcrumb"},"inLanguage":"pt-BR","potentialAction":[{"@type":"ReadAction","target":["https:\/\/www.gaveanews.com\/index.php\/2024\/12\/04\/quem-e-evangelos-marinakis-magnata-bilionario-interessado-na-compra-do-vasco\/"]}]},{"@type":"ImageObject","inLanguage":"pt-BR","@id":"https:\/\/www.gaveanews.com\/index.php\/2024\/12\/04\/quem-e-evangelos-marinakis-magnata-bilionario-interessado-na-compra-do-vasco\/#primaryimage","url":"https:\/\/www.gaveanews.com\/wp-content\/uploads\/Evangelos-Marinakis-magnata-bilionario.webp","contentUrl":"https:\/\/www.gaveanews.com\/wp-content\/uploads\/Evangelos-Marinakis-magnata-bilionario.webp","width":915,"height":585,"caption":"Evangelos Marinakis, magnata bilion\u00e1rio (Foto: Reprodu\u00e7\u00e3o\/Instagram)"},{"@type":"BreadcrumbList","@id":"https:\/\/www.gaveanews.com\/index.php\/2024\/12\/04\/quem-e-evangelos-marinakis-magnata-bilionario-interessado-na-compra-do-vasco\/#breadcrumb","itemListElement":[{"@type":"ListItem","position":1,"name":"Home","item":"https:\/\/www.gaveanews.com\/"},{"@type":"ListItem","position":2,"name":"Quem \u00e9 Evangelos Marinakis, magnata bilion\u00e1rio interessado na compra do Vasco?"}]},{"@type":"WebSite","@id":"https:\/\/www.gaveanews.com\/#website","url":"https:\/\/www.gaveanews.com\/","name":"G\u00e1vea News","description":"Veja todas as not\u00edcias sobre o Flamengo: Contrata\u00e7\u00f5es, categorias de base, resultados das partidas, tabela de classifica\u00e7\u00e3o, pr\u00f3ximos jogos!","potentialAction":[{"@type":"SearchAction","target":{"@type":"EntryPoint","urlTemplate":"https:\/\/www.gaveanews.com\/?s={search_term_string}"},"query-input":{"@type":"PropertyValueSpecification","valueRequired":true,"valueName":"search_term_string"}}],"inLanguage":"pt-BR"},{"@type":"Person","@id":"https:\/\/www.gaveanews.com\/#\/schema\/person\/32fddefab25b466689f181be346cd98c","name":"Bruno Zanchetta","image":{"@type":"ImageObject","inLanguage":"pt-BR","@id":"https:\/\/www.gaveanews.com\/#\/schema\/person\/image\/","url":"https:\/\/secure.gravatar.com\/avatar\/3ba2d39f8a912ad65276975a996d6ad8d9e3dd13448684be8dc4d7c17099d2ee?s=96&d=mm&r=g","contentUrl":"https:\/\/secure.gravatar.com\/avatar\/3ba2d39f8a912ad65276975a996d6ad8d9e3dd13448684be8dc4d7c17099d2ee?s=96&d=mm&r=g","caption":"Bruno Zanchetta"}}]}},"_links":{"self":[{"href":"https:\/\/www.gaveanews.com\/index.php\/wp-json\/wp\/v2\/posts\/194462","targetHints":{"allow":["GET"]}}],"collection":[{"href":"https:\/\/www.gaveanews.com\/index.php\/wp-json\/wp\/v2\/posts"}],"about":[{"href":"https:\/\/www.gaveanews.com\/index.php\/wp-json\/wp\/v2\/types\/post"}],"author":[{"embeddable":true,"href":"https:\/\/www.gaveanews.com\/index.php\/wp-json\/wp\/v2\/users\/19"}],"replies":[{"embeddable":true,"href":"https:\/\/www.gaveanews.com\/index.php\/wp-json\/wp\/v2\/comments?post=194462"}],"version-history":[{"count":2,"href":"https:\/\/www.gaveanews.com\/index.php\/wp-json\/wp\/v2\/posts\/194462\/revisions"}],"predecessor-version":[{"id":194548,"href":"https:\/\/www.gaveanews.com\/index.php\/wp-json\/wp\/v2\/posts\/194462\/revisions\/194548"}],"wp:featuredmedia":[{"embeddable":true,"href":"https:\/\/www.gaveanews.com\/index.php\/wp-json\/wp\/v2\/media\/194527"}],"wp:attachment":[{"href":"https:\/\/www.gaveanews.com\/index.php\/wp-json\/wp\/v2\/media?parent=194462"}],"wp:term":[{"taxonomy":"category","embeddable":true,"href":"https:\/\/www.gaveanews.com\/index.php\/wp-json\/wp\/v2\/categories?post=194462"},{"taxonomy":"post_tag","embeddable":true,"href":"https:\/\/www.gaveanews.com\/index.php\/wp-json\/wp\/v2\/tags?post=194462"}],"curies":[{"name":"wp","href":"https:\/\/api.w.org\/{rel}","templated":true}]}}