{"id":194613,"date":"2024-12-04T17:55:00","date_gmt":"2024-12-04T20:55:00","guid":{"rendered":"https:\/\/www.gaveanews.com\/?p=194613"},"modified":"2024-12-04T17:52:22","modified_gmt":"2024-12-04T20:52:22","slug":"adeus-john-kennedy-nao-vai-continuar-no-fluminense","status":"publish","type":"post","link":"https:\/\/www.gaveanews.com\/index.php\/2024\/12\/04\/adeus-john-kennedy-nao-vai-continuar-no-fluminense\/","title":{"rendered":"Adeus! John Kennedy n\u00e3o vai continuar no Fluminense"},"content":{"rendered":"\n<p>Respons\u00e1vel pelo gol do t\u00edtulo da Libertadores de 2023 no Fluminense, John Kennedy nunca mais conseguiu o espa\u00e7o que ganhava quando Diniz era t\u00e9cnico. <\/p>\n\n\n\n<p>Com a chegada de Mano Menezes e a ascens\u00e3o de nomes como o Kau\u00e3 Elias, o John Kennedy perdeu cada dia mais espa\u00e7o no tricolor carioca.<\/p>\n\n\n\n<ul class=\"wp-block-list\">\n<li><a href=\"https:\/\/www.gaveanews.com\/index.php\/2024\/07\/09\/fluminense-define-o-que-ira-fazer-com-john-kennedy\/\">Fluminense define o que ir\u00e1 fazer com John Kennedy<\/a><\/li>\n\n\n\n<li><a href=\"https:\/\/www.gaveanews.com\/index.php\/2024\/09\/28\/jhon-arias-martinelli-kaua-elias-john-kennedy-marquinhos-david-terans-guga-e-lima-os-jogadores-mais-valiosos-do-fluminense\/\">Jhon Arias, Martinelli, Kau\u00e3 Elias, John Kennedy, Marquinhos, David Terans, Guga e Lima: os jogadores mais valiosos do Fluminense<\/a><\/li>\n<\/ul>\n\n\n\n<p>Por isso que o Pachuca, do M\u00e9xico, equipe que vai disputar o Mundial de Clubes nesse ano, entrou como um dos interessados em John Kennedy no elenco do clube.<\/p>\n\n\n\n<p>Pachuca quer que o Fluminense\u00a0aceite um processo de venda em cerca de R$ 36 milh\u00f5es. O tricolor carioca n\u00e3o tem pressa para finalizar os neg\u00f3cios. A ideia do Fluminense, no entanto, \u00e9 priorizar o Campeonato Brasileiro para conseguir permanecer na s\u00e9rie A do Brasileir\u00e3o.<\/p>\n\n\n\n<p>John Kennedy teve problemas extra campo no futebol, foi emprestado pelo Fluminense para a Ferrovi\u00e1ria em 2023, teve um excelente campeonato Paulista, depois retornou ao Fluminense. Ele teve um bom relacionamento com Diniz e fez o gol do t\u00edtulo da Libertadores.<\/p>\n\n\n\n<h2 class=\"wp-block-heading\" id=\"h-qual-a-proxima-partida-do-fluminense\">Qual a pr\u00f3xima partida do Fluminense?<\/h2>\n\n\n\n<p><strong>Fluminense e Cuiab\u00e1<\/strong>&nbsp;se enfrentam nesta&nbsp;<strong>quinta-feira (05)<\/strong>, em confronto v\u00e1lido pela 37\u00aa rodada do Campeonato Brasileiro. A partida ser\u00e1 no Maracan\u00e3, no Rio de Janeiro, \u00e0s&nbsp;<strong>20h<\/strong>&nbsp;(hor\u00e1rio de Bras\u00edlia).<\/p>\n\n\n\n<p>O&nbsp;<strong>SporTV<\/strong>&nbsp;(canal fechado) e o&nbsp;<strong>Premiere<\/strong>&nbsp;(pay-per-view) anunciam a transmiss\u00e3o da partida desta quinta-feira (05\/12) entre Fluminense x Cuiab\u00e1, v\u00e1lida pela 37\u00aa rodada do Brasileir\u00e3o 2024.<\/p>\n\n\n\n<ul class=\"wp-block-list\">\n<li><strong>Data:<\/strong>&nbsp;Quinta-feira, 05 de dezembro de 2024;<\/li>\n\n\n\n<li><strong>Hor\u00e1rio:<\/strong>&nbsp;20h (hor\u00e1rio de Bras\u00edlia);<\/li>\n\n\n\n<li><strong>Local:<\/strong>&nbsp;Maracan\u00e3, no Rio de Janeiro<\/li>\n\n\n\n<li><strong>Onde assistir:<\/strong>&nbsp;Sportv (canal fechado) e Premiere (pay-per-view)<\/li>\n<\/ul>\n\n\n\n<p><strong>Fluminense<\/strong>: F\u00e1bio; Samuel Xavier, Thiago Silva, Thiago Santos, Diogo Barbosa; Bernal, Martinelli, Lima; Arias, Serna (Keno), Kau\u00e3 Elias.<\/p>\n\n\n\n<p><strong>Cuiab\u00e1<\/strong>: Walter; Matheus Alexandre, Marllon (Bruno Alves), Alan Empereur e Ramon; Lucas Mineiro, Fernando Sobral e Denilson; Eliel, Clayson e Isidro Pitta.<\/p>\n","protected":false},"excerpt":{"rendered":"<p>Respons\u00e1vel pelo gol do t\u00edtulo da Libertadores de 2023 no Fluminense, John Kennedy nunca mais conseguiu o espa\u00e7o que ganhava quando Diniz era t\u00e9cnico. Com a chegada de Mano Menezes e a ascens\u00e3o de nomes como o Kau\u00e3 Elias, o John Kennedy perdeu cada dia mais espa\u00e7o no tricolor carioca. Por isso que o Pachuca, [&hellip;]<\/p>\n","protected":false},"author":19,"featured_media":160045,"comment_status":"open","ping_status":"closed","sticky":false,"template":"","format":"standard","meta":{"footnotes":""},"categories":[145],"tags":[],"class_list":["post-194613","post","type-post","status-publish","format-standard","has-post-thumbnail","hentry","category-fluminense"],"yoast_head":"<!-- This site is optimized with the Yoast SEO Premium plugin v24.2 (Yoast SEO v26.9) - https:\/\/yoast.com\/product\/yoast-seo-premium-wordpress\/ -->\n<title>Adeus! John Kennedy n\u00e3o vai continuar no Fluminense<\/title>\n<meta name=\"robots\" content=\"index, follow, max-snippet:-1, max-image-preview:large, max-video-preview:-1\" \/>\n<link rel=\"canonical\" href=\"https:\/\/www.gaveanews.com\/index.php\/2024\/12\/04\/adeus-john-kennedy-nao-vai-continuar-no-fluminense\/\" \/>\n<meta property=\"og:locale\" content=\"pt_BR\" \/>\n<meta property=\"og:type\" content=\"article\" \/>\n<meta property=\"og:title\" content=\"Adeus! John Kennedy n\u00e3o vai continuar no Fluminense\" \/>\n<meta property=\"og:description\" content=\"Respons\u00e1vel pelo gol do t\u00edtulo da Libertadores de 2023 no Fluminense, John Kennedy nunca mais conseguiu o espa\u00e7o que ganhava quando Diniz era t\u00e9cnico. Com a chegada de Mano Menezes e a ascens\u00e3o de nomes como o Kau\u00e3 Elias, o John Kennedy perdeu cada dia mais espa\u00e7o no tricolor carioca. Por isso que o Pachuca, [&hellip;]\" \/>\n<meta property=\"og:url\" content=\"https:\/\/www.gaveanews.com\/index.php\/2024\/12\/04\/adeus-john-kennedy-nao-vai-continuar-no-fluminense\/\" \/>\n<meta property=\"og:site_name\" content=\"G\u00e1vea News\" \/>\n<meta property=\"article:publisher\" content=\"https:\/\/facebook.com\/gaveaNews\/\" \/>\n<meta property=\"article:published_time\" content=\"2024-12-04T20:55:00+00:00\" \/>\n<meta property=\"og:image\" content=\"https:\/\/www.gaveanews.com\/wp-content\/uploads\/John-Kennedy-em-acao-pelo-Fluminense-em-2024.webp\" \/>\n\t<meta property=\"og:image:width\" content=\"1440\" \/>\n\t<meta property=\"og:image:height\" content=\"960\" \/>\n\t<meta property=\"og:image:type\" content=\"image\/jpeg\" \/>\n<meta name=\"author\" content=\"Bruno Zanchetta\" \/>\n<meta name=\"twitter:card\" content=\"summary_large_image\" \/>\n<meta name=\"twitter:label1\" content=\"Escrito por\" \/>\n\t<meta name=\"twitter:data1\" content=\"Bruno Zanchetta\" \/>\n\t<meta name=\"twitter:label2\" content=\"Est. tempo de leitura\" \/>\n\t<meta name=\"twitter:data2\" content=\"2 minutos\" \/>\n<script type=\"application\/ld+json\" class=\"yoast-schema-graph\">{\"@context\":\"https:\/\/schema.org\",\"@graph\":[{\"@type\":\"NewsArticle\",\"@id\":\"https:\/\/www.gaveanews.com\/index.php\/2024\/12\/04\/adeus-john-kennedy-nao-vai-continuar-no-fluminense\/#article\",\"isPartOf\":{\"@id\":\"https:\/\/www.gaveanews.com\/index.php\/2024\/12\/04\/adeus-john-kennedy-nao-vai-continuar-no-fluminense\/\"},\"author\":{\"name\":\"Bruno Zanchetta\",\"@id\":\"https:\/\/www.gaveanews.com\/#\/schema\/person\/32fddefab25b466689f181be346cd98c\"},\"headline\":\"Adeus! John Kennedy n\u00e3o vai continuar no Fluminense\",\"datePublished\":\"2024-12-04T20:55:00+00:00\",\"mainEntityOfPage\":{\"@id\":\"https:\/\/www.gaveanews.com\/index.php\/2024\/12\/04\/adeus-john-kennedy-nao-vai-continuar-no-fluminense\/\"},\"wordCount\":358,\"commentCount\":0,\"image\":{\"@id\":\"https:\/\/www.gaveanews.com\/index.php\/2024\/12\/04\/adeus-john-kennedy-nao-vai-continuar-no-fluminense\/#primaryimage\"},\"thumbnailUrl\":\"https:\/\/www.gaveanews.com\/wp-content\/uploads\/John-Kennedy-em-acao-pelo-Fluminense-em-2024.webp\",\"articleSection\":[\"Fluminense\"],\"inLanguage\":\"pt-BR\",\"potentialAction\":[{\"@type\":\"CommentAction\",\"name\":\"Comment\",\"target\":[\"https:\/\/www.gaveanews.com\/index.php\/2024\/12\/04\/adeus-john-kennedy-nao-vai-continuar-no-fluminense\/#respond\"]}],\"copyrightYear\":\"2024\",\"copyrightHolder\":{\"@id\":\"https:\/\/www.gaveanews.com\/#organization\"}},{\"@type\":\"WebPage\",\"@id\":\"https:\/\/www.gaveanews.com\/index.php\/2024\/12\/04\/adeus-john-kennedy-nao-vai-continuar-no-fluminense\/\",\"url\":\"https:\/\/www.gaveanews.com\/index.php\/2024\/12\/04\/adeus-john-kennedy-nao-vai-continuar-no-fluminense\/\",\"name\":\"Adeus! John Kennedy n\u00e3o vai continuar no Fluminense\",\"isPartOf\":{\"@id\":\"https:\/\/www.gaveanews.com\/#website\"},\"primaryImageOfPage\":{\"@id\":\"https:\/\/www.gaveanews.com\/index.php\/2024\/12\/04\/adeus-john-kennedy-nao-vai-continuar-no-fluminense\/#primaryimage\"},\"image\":{\"@id\":\"https:\/\/www.gaveanews.com\/index.php\/2024\/12\/04\/adeus-john-kennedy-nao-vai-continuar-no-fluminense\/#primaryimage\"},\"thumbnailUrl\":\"https:\/\/www.gaveanews.com\/wp-content\/uploads\/John-Kennedy-em-acao-pelo-Fluminense-em-2024.webp\",\"datePublished\":\"2024-12-04T20:55:00+00:00\",\"author\":{\"@id\":\"https:\/\/www.gaveanews.com\/#\/schema\/person\/32fddefab25b466689f181be346cd98c\"},\"breadcrumb\":{\"@id\":\"https:\/\/www.gaveanews.com\/index.php\/2024\/12\/04\/adeus-john-kennedy-nao-vai-continuar-no-fluminense\/#breadcrumb\"},\"inLanguage\":\"pt-BR\",\"potentialAction\":[{\"@type\":\"ReadAction\",\"target\":[\"https:\/\/www.gaveanews.com\/index.php\/2024\/12\/04\/adeus-john-kennedy-nao-vai-continuar-no-fluminense\/\"]}]},{\"@type\":\"ImageObject\",\"inLanguage\":\"pt-BR\",\"@id\":\"https:\/\/www.gaveanews.com\/index.php\/2024\/12\/04\/adeus-john-kennedy-nao-vai-continuar-no-fluminense\/#primaryimage\",\"url\":\"https:\/\/www.gaveanews.com\/wp-content\/uploads\/John-Kennedy-em-acao-pelo-Fluminense-em-2024.webp\",\"contentUrl\":\"https:\/\/www.gaveanews.com\/wp-content\/uploads\/John-Kennedy-em-acao-pelo-Fluminense-em-2024.webp\",\"width\":1440,\"height\":960,\"caption\":\"John Kennedy em a\u00e7\u00e3o pelo Fluminense em 2024 (Foto: Reprodu\u00e7\u00e3o\/Instagram)\"},{\"@type\":\"BreadcrumbList\",\"@id\":\"https:\/\/www.gaveanews.com\/index.php\/2024\/12\/04\/adeus-john-kennedy-nao-vai-continuar-no-fluminense\/#breadcrumb\",\"itemListElement\":[{\"@type\":\"ListItem\",\"position\":1,\"name\":\"Home\",\"item\":\"https:\/\/www.gaveanews.com\/\"},{\"@type\":\"ListItem\",\"position\":2,\"name\":\"Adeus! John Kennedy n\u00e3o vai continuar no Fluminense\"}]},{\"@type\":\"WebSite\",\"@id\":\"https:\/\/www.gaveanews.com\/#website\",\"url\":\"https:\/\/www.gaveanews.com\/\",\"name\":\"G\u00e1vea News\",\"description\":\"Veja todas as not\u00edcias sobre o Flamengo: Contrata\u00e7\u00f5es, categorias de base, resultados das partidas, tabela de classifica\u00e7\u00e3o, pr\u00f3ximos jogos!\",\"potentialAction\":[{\"@type\":\"SearchAction\",\"target\":{\"@type\":\"EntryPoint\",\"urlTemplate\":\"https:\/\/www.gaveanews.com\/?s={search_term_string}\"},\"query-input\":{\"@type\":\"PropertyValueSpecification\",\"valueRequired\":true,\"valueName\":\"search_term_string\"}}],\"inLanguage\":\"pt-BR\"},{\"@type\":\"Person\",\"@id\":\"https:\/\/www.gaveanews.com\/#\/schema\/person\/32fddefab25b466689f181be346cd98c\",\"name\":\"Bruno Zanchetta\",\"image\":{\"@type\":\"ImageObject\",\"inLanguage\":\"pt-BR\",\"@id\":\"https:\/\/www.gaveanews.com\/#\/schema\/person\/image\/\",\"url\":\"https:\/\/secure.gravatar.com\/avatar\/3ba2d39f8a912ad65276975a996d6ad8d9e3dd13448684be8dc4d7c17099d2ee?s=96&d=mm&r=g\",\"contentUrl\":\"https:\/\/secure.gravatar.com\/avatar\/3ba2d39f8a912ad65276975a996d6ad8d9e3dd13448684be8dc4d7c17099d2ee?s=96&d=mm&r=g\",\"caption\":\"Bruno Zanchetta\"}}]}<\/script>\n<!-- \/ Yoast SEO Premium plugin. -->","yoast_head_json":{"title":"Adeus! John Kennedy n\u00e3o vai continuar no Fluminense","robots":{"index":"index","follow":"follow","max-snippet":"max-snippet:-1","max-image-preview":"max-image-preview:large","max-video-preview":"max-video-preview:-1"},"canonical":"https:\/\/www.gaveanews.com\/index.php\/2024\/12\/04\/adeus-john-kennedy-nao-vai-continuar-no-fluminense\/","og_locale":"pt_BR","og_type":"article","og_title":"Adeus! John Kennedy n\u00e3o vai continuar no Fluminense","og_description":"Respons\u00e1vel pelo gol do t\u00edtulo da Libertadores de 2023 no Fluminense, John Kennedy nunca mais conseguiu o espa\u00e7o que ganhava quando Diniz era t\u00e9cnico. Com a chegada de Mano Menezes e a ascens\u00e3o de nomes como o Kau\u00e3 Elias, o John Kennedy perdeu cada dia mais espa\u00e7o no tricolor carioca. Por isso que o Pachuca, [&hellip;]","og_url":"https:\/\/www.gaveanews.com\/index.php\/2024\/12\/04\/adeus-john-kennedy-nao-vai-continuar-no-fluminense\/","og_site_name":"G\u00e1vea News","article_publisher":"https:\/\/facebook.com\/gaveaNews\/","article_published_time":"2024-12-04T20:55:00+00:00","og_image":[{"width":1440,"height":960,"url":"https:\/\/www.gaveanews.com\/wp-content\/uploads\/John-Kennedy-em-acao-pelo-Fluminense-em-2024.webp","type":"image\/jpeg"}],"author":"Bruno Zanchetta","twitter_card":"summary_large_image","twitter_misc":{"Escrito por":"Bruno Zanchetta","Est. tempo de leitura":"2 minutos"},"schema":{"@context":"https:\/\/schema.org","@graph":[{"@type":"NewsArticle","@id":"https:\/\/www.gaveanews.com\/index.php\/2024\/12\/04\/adeus-john-kennedy-nao-vai-continuar-no-fluminense\/#article","isPartOf":{"@id":"https:\/\/www.gaveanews.com\/index.php\/2024\/12\/04\/adeus-john-kennedy-nao-vai-continuar-no-fluminense\/"},"author":{"name":"Bruno Zanchetta","@id":"https:\/\/www.gaveanews.com\/#\/schema\/person\/32fddefab25b466689f181be346cd98c"},"headline":"Adeus! John Kennedy n\u00e3o vai continuar no Fluminense","datePublished":"2024-12-04T20:55:00+00:00","mainEntityOfPage":{"@id":"https:\/\/www.gaveanews.com\/index.php\/2024\/12\/04\/adeus-john-kennedy-nao-vai-continuar-no-fluminense\/"},"wordCount":358,"commentCount":0,"image":{"@id":"https:\/\/www.gaveanews.com\/index.php\/2024\/12\/04\/adeus-john-kennedy-nao-vai-continuar-no-fluminense\/#primaryimage"},"thumbnailUrl":"https:\/\/www.gaveanews.com\/wp-content\/uploads\/John-Kennedy-em-acao-pelo-Fluminense-em-2024.webp","articleSection":["Fluminense"],"inLanguage":"pt-BR","potentialAction":[{"@type":"CommentAction","name":"Comment","target":["https:\/\/www.gaveanews.com\/index.php\/2024\/12\/04\/adeus-john-kennedy-nao-vai-continuar-no-fluminense\/#respond"]}],"copyrightYear":"2024","copyrightHolder":{"@id":"https:\/\/www.gaveanews.com\/#organization"}},{"@type":"WebPage","@id":"https:\/\/www.gaveanews.com\/index.php\/2024\/12\/04\/adeus-john-kennedy-nao-vai-continuar-no-fluminense\/","url":"https:\/\/www.gaveanews.com\/index.php\/2024\/12\/04\/adeus-john-kennedy-nao-vai-continuar-no-fluminense\/","name":"Adeus! John Kennedy n\u00e3o vai continuar no Fluminense","isPartOf":{"@id":"https:\/\/www.gaveanews.com\/#website"},"primaryImageOfPage":{"@id":"https:\/\/www.gaveanews.com\/index.php\/2024\/12\/04\/adeus-john-kennedy-nao-vai-continuar-no-fluminense\/#primaryimage"},"image":{"@id":"https:\/\/www.gaveanews.com\/index.php\/2024\/12\/04\/adeus-john-kennedy-nao-vai-continuar-no-fluminense\/#primaryimage"},"thumbnailUrl":"https:\/\/www.gaveanews.com\/wp-content\/uploads\/John-Kennedy-em-acao-pelo-Fluminense-em-2024.webp","datePublished":"2024-12-04T20:55:00+00:00","author":{"@id":"https:\/\/www.gaveanews.com\/#\/schema\/person\/32fddefab25b466689f181be346cd98c"},"breadcrumb":{"@id":"https:\/\/www.gaveanews.com\/index.php\/2024\/12\/04\/adeus-john-kennedy-nao-vai-continuar-no-fluminense\/#breadcrumb"},"inLanguage":"pt-BR","potentialAction":[{"@type":"ReadAction","target":["https:\/\/www.gaveanews.com\/index.php\/2024\/12\/04\/adeus-john-kennedy-nao-vai-continuar-no-fluminense\/"]}]},{"@type":"ImageObject","inLanguage":"pt-BR","@id":"https:\/\/www.gaveanews.com\/index.php\/2024\/12\/04\/adeus-john-kennedy-nao-vai-continuar-no-fluminense\/#primaryimage","url":"https:\/\/www.gaveanews.com\/wp-content\/uploads\/John-Kennedy-em-acao-pelo-Fluminense-em-2024.webp","contentUrl":"https:\/\/www.gaveanews.com\/wp-content\/uploads\/John-Kennedy-em-acao-pelo-Fluminense-em-2024.webp","width":1440,"height":960,"caption":"John Kennedy em a\u00e7\u00e3o pelo Fluminense em 2024 (Foto: Reprodu\u00e7\u00e3o\/Instagram)"},{"@type":"BreadcrumbList","@id":"https:\/\/www.gaveanews.com\/index.php\/2024\/12\/04\/adeus-john-kennedy-nao-vai-continuar-no-fluminense\/#breadcrumb","itemListElement":[{"@type":"ListItem","position":1,"name":"Home","item":"https:\/\/www.gaveanews.com\/"},{"@type":"ListItem","position":2,"name":"Adeus! John Kennedy n\u00e3o vai continuar no Fluminense"}]},{"@type":"WebSite","@id":"https:\/\/www.gaveanews.com\/#website","url":"https:\/\/www.gaveanews.com\/","name":"G\u00e1vea News","description":"Veja todas as not\u00edcias sobre o Flamengo: Contrata\u00e7\u00f5es, categorias de base, resultados das partidas, tabela de classifica\u00e7\u00e3o, pr\u00f3ximos jogos!","potentialAction":[{"@type":"SearchAction","target":{"@type":"EntryPoint","urlTemplate":"https:\/\/www.gaveanews.com\/?s={search_term_string}"},"query-input":{"@type":"PropertyValueSpecification","valueRequired":true,"valueName":"search_term_string"}}],"inLanguage":"pt-BR"},{"@type":"Person","@id":"https:\/\/www.gaveanews.com\/#\/schema\/person\/32fddefab25b466689f181be346cd98c","name":"Bruno Zanchetta","image":{"@type":"ImageObject","inLanguage":"pt-BR","@id":"https:\/\/www.gaveanews.com\/#\/schema\/person\/image\/","url":"https:\/\/secure.gravatar.com\/avatar\/3ba2d39f8a912ad65276975a996d6ad8d9e3dd13448684be8dc4d7c17099d2ee?s=96&d=mm&r=g","contentUrl":"https:\/\/secure.gravatar.com\/avatar\/3ba2d39f8a912ad65276975a996d6ad8d9e3dd13448684be8dc4d7c17099d2ee?s=96&d=mm&r=g","caption":"Bruno Zanchetta"}}]}},"_links":{"self":[{"href":"https:\/\/www.gaveanews.com\/index.php\/wp-json\/wp\/v2\/posts\/194613","targetHints":{"allow":["GET"]}}],"collection":[{"href":"https:\/\/www.gaveanews.com\/index.php\/wp-json\/wp\/v2\/posts"}],"about":[{"href":"https:\/\/www.gaveanews.com\/index.php\/wp-json\/wp\/v2\/types\/post"}],"author":[{"embeddable":true,"href":"https:\/\/www.gaveanews.com\/index.php\/wp-json\/wp\/v2\/users\/19"}],"replies":[{"embeddable":true,"href":"https:\/\/www.gaveanews.com\/index.php\/wp-json\/wp\/v2\/comments?post=194613"}],"version-history":[{"count":2,"href":"https:\/\/www.gaveanews.com\/index.php\/wp-json\/wp\/v2\/posts\/194613\/revisions"}],"predecessor-version":[{"id":194698,"href":"https:\/\/www.gaveanews.com\/index.php\/wp-json\/wp\/v2\/posts\/194613\/revisions\/194698"}],"wp:featuredmedia":[{"embeddable":true,"href":"https:\/\/www.gaveanews.com\/index.php\/wp-json\/wp\/v2\/media\/160045"}],"wp:attachment":[{"href":"https:\/\/www.gaveanews.com\/index.php\/wp-json\/wp\/v2\/media?parent=194613"}],"wp:term":[{"taxonomy":"category","embeddable":true,"href":"https:\/\/www.gaveanews.com\/index.php\/wp-json\/wp\/v2\/categories?post=194613"},{"taxonomy":"post_tag","embeddable":true,"href":"https:\/\/www.gaveanews.com\/index.php\/wp-json\/wp\/v2\/tags?post=194613"}],"curies":[{"name":"wp","href":"https:\/\/api.w.org\/{rel}","templated":true}]}}