{"id":194697,"date":"2024-12-04T21:10:00","date_gmt":"2024-12-05T00:10:00","guid":{"rendered":"https:\/\/www.gaveanews.com\/?p=194697"},"modified":"2024-12-04T20:47:33","modified_gmt":"2024-12-04T23:47:33","slug":"a-publicacao-de-andre-rizek-sobre-o-futuro-do-corinthians","status":"publish","type":"post","link":"https:\/\/www.gaveanews.com\/index.php\/2024\/12\/04\/a-publicacao-de-andre-rizek-sobre-o-futuro-do-corinthians\/","title":{"rendered":"A publica\u00e7\u00e3o de Andr\u00e9 Rizek sobre o futuro do Corinthians"},"content":{"rendered":"\n<p>Ap\u00f3s o triunfo do Corinthians sobre o Bahia, pela pen\u00faltima rodada do Brasileir\u00e3o, o jornalista Andr\u00e9 Rizek, do Grupo Globo, fez uma an\u00e1lise instigante sobre o desempenho do clube paulista.&nbsp;<\/p>\n\n\n\n<ul class=\"wp-block-list\">\n<li><a href=\"https:\/\/www.gaveanews.com\/index.php\/2024\/12\/04\/corinthians-toma-decisao-importante-visando-2025\/\">Corinthians toma decis\u00e3o importante visando 2025<\/a><\/li>\n\n\n\n<li><a href=\"https:\/\/www.gaveanews.com\/index.php\/2024\/12\/04\/corinthians-diretoria-quer-buscar-atacante-na-europa\/\">Corinthians: diretoria quer buscar atacante na Europa<\/a><\/li>\n<\/ul>\n\n\n\n<p>Al\u00e9m disso, Rizek destacou as perspectivas do clube para o futuro, projetando uma temporada de 2025 com grandes ambi\u00e7\u00f5es. Isso porque o Corinthians viveu um 2024 turbulento, com drama contra o rebaixamento, mas se recuperou de maneira espetacular sob o comando de Ram\u00f3n D\u00edaz.&nbsp;<\/p>\n\n\n\n<p>Sendo assim, o time agora se encontra com uma vaga poss\u00edvel para a Libertadores e uma nova chance de brigar por t\u00edtulos.<\/p>\n\n\n\n<h2 class=\"wp-block-heading\" id=\"h-a-projecao-de-rizek-jogadores-chave-e-ajustes-necessarios\">A proje\u00e7\u00e3o de Rizek: jogadores-chave e ajustes necess\u00e1rios<\/h2>\n\n\n\n<p>Na avalia\u00e7\u00e3o de Rizek, o Corinthians tem potencial para ser protagonista no futebol brasileiro em 2025, caso mantenha os principais jogadores de seu elenco.&nbsp;<\/p>\n\n\n\n<p>\u201cSe o Corinthians mantiver Bidon, Carrillo, Memphis, Garro, Yuri Alberto para o ano que vem, o Memphis fazendo pr\u00e9-temporada, querendo voltar \u00e0 sele\u00e7\u00e3o holandesa\u2026 Ter\u00e1 time capaz de brigar por coisas grandes\u201d, afirmou o jornalista.&nbsp;<\/p>\n\n\n\n<blockquote class=\"twitter-tweet\"><p lang=\"pt\" dir=\"ltr\">Se o Corinthians mantiver Bidon, Carrillo, Memphis, Garro, Yuri Alberto para o ano que vem, o Memphis fazendo pr\u00e9-temporada, querendo voltar \u00e0 sele\u00e7\u00e3o holandesa&#8230; Ter\u00e1 time capaz de brigar por coisas grandes.<\/p>&mdash; Andr\u00e9 Rizek (@andrizek) <a href=\"https:\/\/twitter.com\/andrizek\/status\/1864108626954055969?ref_src=twsrc%5Etfw\">December 4, 2024<\/a><\/blockquote> <script async src=\"https:\/\/platform.twitter.com\/widgets.js\" charset=\"utf-8\"><\/script>\n\n\n\n<p>Por isso, a manuten\u00e7\u00e3o desses atletas ser\u00e1 crucial para garantir que o time alvinegro seja competitivo nas disputas nacionais e internacionais. Dessa maneira, a base de um time forte j\u00e1 est\u00e1 constru\u00edda, e os ajustes que restam s\u00e3o m\u00ednimos, mas importantes.<\/p>\n\n\n\n<h2 class=\"wp-block-heading\" id=\"h-corinthians-avassalador-no-returno-desempenho-digno-do-g4\">Corinthians avassalador no returno: desempenho digno do G4<\/h2>\n\n\n\n<p>O Corinthians tem mostrado um desempenho avassalador no returno do Campeonato Brasileiro, com uma sequ\u00eancia de oito vit\u00f3rias seguidas, algo que n\u00e3o acontecia h\u00e1 muito tempo.&nbsp;<\/p>\n\n\n\n<p>Vale destacar que, na segunda metade do campeonato, o Tim\u00e3o alcan\u00e7ou 31 gols marcados e \u00e9 atualmente o quinto melhor time no returno, se igualando a equipes do G4, como Internacional, Botafogo, Palmeiras e Fortaleza.&nbsp;<\/p>\n\n\n\n<p>Por isso, o time de Ram\u00f3n D\u00edaz se tornou uma das for\u00e7as do campeonato, ganhando moral para as competi\u00e7\u00f5es de 2025.<\/p>\n\n\n\n<h2 class=\"wp-block-heading\" id=\"h-libertadores-2025-rizek-vislumbra-um-cenario-de-hegemonia-brasileira\">Libertadores 2025: Rizek vislumbra um cen\u00e1rio de hegemonia brasileira<\/h2>\n\n\n\n<p>Em outra publica\u00e7\u00e3o, Rizek projetou uma Libertadores 2025 vibrante, com equipes brasileiras dominando a competi\u00e7\u00e3o. Com isso, ele listou os times que j\u00e1 garantiram vaga, como Botafogo, Internacional e o pr\u00f3prio Corinthians, e fez uma an\u00e1lise sobre o n\u00edvel de competitividade da pr\u00f3xima edi\u00e7\u00e3o do torneio.&nbsp;<\/p>\n\n\n\n<p>\u201cOlha o n\u00edvel dos nossos times\u2026\u201d, comentou, destacando tamb\u00e9m a presen\u00e7a de Flamengo, Palmeiras, Fortaleza, S\u00e3o Paulo, e at\u00e9 a poss\u00edvel ascens\u00e3o de Cruzeiro e Bahia.<\/p>\n\n\n\n<p>Dessa maneira, a Libertadores 2025 promete ser uma competi\u00e7\u00e3o acirrada, com equipes brasileiras brigando pela hegemonia continental.<\/p>\n\n\n\n<p><\/p>\n","protected":false},"excerpt":{"rendered":"<p>Ap\u00f3s o triunfo do Corinthians sobre o Bahia, pela pen\u00faltima rodada do Brasileir\u00e3o, o jornalista Andr\u00e9 Rizek, do Grupo Globo, fez uma an\u00e1lise instigante sobre o desempenho do clube paulista.&nbsp; Al\u00e9m disso, Rizek destacou as perspectivas do clube para o futuro, projetando uma temporada de 2025 com grandes ambi\u00e7\u00f5es. Isso porque o Corinthians viveu um [&hellip;]<\/p>\n","protected":false},"author":25,"featured_media":101875,"comment_status":"open","ping_status":"closed","sticky":false,"template":"","format":"standard","meta":{"footnotes":""},"categories":[141],"tags":[],"class_list":["post-194697","post","type-post","status-publish","format-standard","has-post-thumbnail","hentry","category-corinthians"],"yoast_head":"<!-- This site is optimized with the Yoast SEO Premium plugin v24.2 (Yoast SEO v26.9) - https:\/\/yoast.com\/product\/yoast-seo-premium-wordpress\/ -->\n<title>A publica\u00e7\u00e3o de Andr\u00e9 Rizek sobre o futuro do Corinthians<\/title>\n<meta name=\"robots\" content=\"index, follow, max-snippet:-1, max-image-preview:large, max-video-preview:-1\" \/>\n<link rel=\"canonical\" href=\"https:\/\/www.gaveanews.com\/index.php\/2024\/12\/04\/a-publicacao-de-andre-rizek-sobre-o-futuro-do-corinthians\/\" \/>\n<meta property=\"og:locale\" content=\"pt_BR\" \/>\n<meta property=\"og:type\" content=\"article\" \/>\n<meta property=\"og:title\" content=\"A publica\u00e7\u00e3o de Andr\u00e9 Rizek sobre o futuro do Corinthians\" \/>\n<meta property=\"og:description\" content=\"Ap\u00f3s o triunfo do Corinthians sobre o Bahia, pela pen\u00faltima rodada do Brasileir\u00e3o, o jornalista Andr\u00e9 Rizek, do Grupo Globo, fez uma an\u00e1lise instigante sobre o desempenho do clube paulista.&nbsp; Al\u00e9m disso, Rizek destacou as perspectivas do clube para o futuro, projetando uma temporada de 2025 com grandes ambi\u00e7\u00f5es. Isso porque o Corinthians viveu um [&hellip;]\" \/>\n<meta property=\"og:url\" content=\"https:\/\/www.gaveanews.com\/index.php\/2024\/12\/04\/a-publicacao-de-andre-rizek-sobre-o-futuro-do-corinthians\/\" \/>\n<meta property=\"og:site_name\" content=\"G\u00e1vea News\" \/>\n<meta property=\"article:publisher\" content=\"https:\/\/facebook.com\/gaveaNews\/\" \/>\n<meta property=\"article:published_time\" content=\"2024-12-05T00:10:00+00:00\" \/>\n<meta property=\"og:image\" content=\"https:\/\/www.gaveanews.com\/wp-content\/uploads\/Andre-Rizek-durante-um-programa-do-SporTV.webp\" \/>\n\t<meta property=\"og:image:width\" content=\"795\" \/>\n\t<meta property=\"og:image:height\" content=\"448\" \/>\n\t<meta property=\"og:image:type\" content=\"image\/jpeg\" \/>\n<meta name=\"author\" content=\"Rafaela Ladeira\" \/>\n<meta name=\"twitter:card\" content=\"summary_large_image\" \/>\n<meta name=\"twitter:label1\" content=\"Escrito por\" \/>\n\t<meta name=\"twitter:data1\" content=\"Rafaela Ladeira\" \/>\n\t<meta name=\"twitter:label2\" content=\"Est. tempo de leitura\" \/>\n\t<meta name=\"twitter:data2\" content=\"3 minutos\" \/>\n<script type=\"application\/ld+json\" class=\"yoast-schema-graph\">{\"@context\":\"https:\/\/schema.org\",\"@graph\":[{\"@type\":\"NewsArticle\",\"@id\":\"https:\/\/www.gaveanews.com\/index.php\/2024\/12\/04\/a-publicacao-de-andre-rizek-sobre-o-futuro-do-corinthians\/#article\",\"isPartOf\":{\"@id\":\"https:\/\/www.gaveanews.com\/index.php\/2024\/12\/04\/a-publicacao-de-andre-rizek-sobre-o-futuro-do-corinthians\/\"},\"author\":{\"name\":\"Rafaela Ladeira\",\"@id\":\"https:\/\/www.gaveanews.com\/#\/schema\/person\/0eb3e3fe1754f0205218538adbe8f5ed\"},\"headline\":\"A publica\u00e7\u00e3o de Andr\u00e9 Rizek sobre o futuro do Corinthians\",\"datePublished\":\"2024-12-05T00:10:00+00:00\",\"mainEntityOfPage\":{\"@id\":\"https:\/\/www.gaveanews.com\/index.php\/2024\/12\/04\/a-publicacao-de-andre-rizek-sobre-o-futuro-do-corinthians\/\"},\"wordCount\":494,\"commentCount\":0,\"image\":{\"@id\":\"https:\/\/www.gaveanews.com\/index.php\/2024\/12\/04\/a-publicacao-de-andre-rizek-sobre-o-futuro-do-corinthians\/#primaryimage\"},\"thumbnailUrl\":\"https:\/\/www.gaveanews.com\/wp-content\/uploads\/Andre-Rizek-durante-um-programa-do-SporTV.webp\",\"articleSection\":[\"Corinthians\"],\"inLanguage\":\"pt-BR\",\"potentialAction\":[{\"@type\":\"CommentAction\",\"name\":\"Comment\",\"target\":[\"https:\/\/www.gaveanews.com\/index.php\/2024\/12\/04\/a-publicacao-de-andre-rizek-sobre-o-futuro-do-corinthians\/#respond\"]}],\"copyrightYear\":\"2024\",\"copyrightHolder\":{\"@id\":\"https:\/\/www.gaveanews.com\/#organization\"}},{\"@type\":\"WebPage\",\"@id\":\"https:\/\/www.gaveanews.com\/index.php\/2024\/12\/04\/a-publicacao-de-andre-rizek-sobre-o-futuro-do-corinthians\/\",\"url\":\"https:\/\/www.gaveanews.com\/index.php\/2024\/12\/04\/a-publicacao-de-andre-rizek-sobre-o-futuro-do-corinthians\/\",\"name\":\"A publica\u00e7\u00e3o de Andr\u00e9 Rizek sobre o futuro do Corinthians\",\"isPartOf\":{\"@id\":\"https:\/\/www.gaveanews.com\/#website\"},\"primaryImageOfPage\":{\"@id\":\"https:\/\/www.gaveanews.com\/index.php\/2024\/12\/04\/a-publicacao-de-andre-rizek-sobre-o-futuro-do-corinthians\/#primaryimage\"},\"image\":{\"@id\":\"https:\/\/www.gaveanews.com\/index.php\/2024\/12\/04\/a-publicacao-de-andre-rizek-sobre-o-futuro-do-corinthians\/#primaryimage\"},\"thumbnailUrl\":\"https:\/\/www.gaveanews.com\/wp-content\/uploads\/Andre-Rizek-durante-um-programa-do-SporTV.webp\",\"datePublished\":\"2024-12-05T00:10:00+00:00\",\"author\":{\"@id\":\"https:\/\/www.gaveanews.com\/#\/schema\/person\/0eb3e3fe1754f0205218538adbe8f5ed\"},\"breadcrumb\":{\"@id\":\"https:\/\/www.gaveanews.com\/index.php\/2024\/12\/04\/a-publicacao-de-andre-rizek-sobre-o-futuro-do-corinthians\/#breadcrumb\"},\"inLanguage\":\"pt-BR\",\"potentialAction\":[{\"@type\":\"ReadAction\",\"target\":[\"https:\/\/www.gaveanews.com\/index.php\/2024\/12\/04\/a-publicacao-de-andre-rizek-sobre-o-futuro-do-corinthians\/\"]}]},{\"@type\":\"ImageObject\",\"inLanguage\":\"pt-BR\",\"@id\":\"https:\/\/www.gaveanews.com\/index.php\/2024\/12\/04\/a-publicacao-de-andre-rizek-sobre-o-futuro-do-corinthians\/#primaryimage\",\"url\":\"https:\/\/www.gaveanews.com\/wp-content\/uploads\/Andre-Rizek-durante-um-programa-do-SporTV.webp\",\"contentUrl\":\"https:\/\/www.gaveanews.com\/wp-content\/uploads\/Andre-Rizek-durante-um-programa-do-SporTV.webp\",\"width\":795,\"height\":448,\"caption\":\"Andr\u00e9 Rizek durante um programa do SporTV (Foto: Reprodu\u00e7\u00e3o\/SporTV)\"},{\"@type\":\"BreadcrumbList\",\"@id\":\"https:\/\/www.gaveanews.com\/index.php\/2024\/12\/04\/a-publicacao-de-andre-rizek-sobre-o-futuro-do-corinthians\/#breadcrumb\",\"itemListElement\":[{\"@type\":\"ListItem\",\"position\":1,\"name\":\"Home\",\"item\":\"https:\/\/www.gaveanews.com\/\"},{\"@type\":\"ListItem\",\"position\":2,\"name\":\"A publica\u00e7\u00e3o de Andr\u00e9 Rizek sobre o futuro do Corinthians\"}]},{\"@type\":\"WebSite\",\"@id\":\"https:\/\/www.gaveanews.com\/#website\",\"url\":\"https:\/\/www.gaveanews.com\/\",\"name\":\"G\u00e1vea News\",\"description\":\"Veja todas as not\u00edcias sobre o Flamengo: Contrata\u00e7\u00f5es, categorias de base, resultados das partidas, tabela de classifica\u00e7\u00e3o, pr\u00f3ximos jogos!\",\"potentialAction\":[{\"@type\":\"SearchAction\",\"target\":{\"@type\":\"EntryPoint\",\"urlTemplate\":\"https:\/\/www.gaveanews.com\/?s={search_term_string}\"},\"query-input\":{\"@type\":\"PropertyValueSpecification\",\"valueRequired\":true,\"valueName\":\"search_term_string\"}}],\"inLanguage\":\"pt-BR\"},{\"@type\":\"Person\",\"@id\":\"https:\/\/www.gaveanews.com\/#\/schema\/person\/0eb3e3fe1754f0205218538adbe8f5ed\",\"name\":\"Rafaela Ladeira\",\"image\":{\"@type\":\"ImageObject\",\"inLanguage\":\"pt-BR\",\"@id\":\"https:\/\/www.gaveanews.com\/#\/schema\/person\/image\/\",\"url\":\"https:\/\/secure.gravatar.com\/avatar\/c31f513acffd85eacab5730cbdfdbbf59f21ba5aeada8cd890acea879fbb2455?s=96&d=mm&r=g\",\"contentUrl\":\"https:\/\/secure.gravatar.com\/avatar\/c31f513acffd85eacab5730cbdfdbbf59f21ba5aeada8cd890acea879fbb2455?s=96&d=mm&r=g\",\"caption\":\"Rafaela Ladeira\"}}]}<\/script>\n<!-- \/ Yoast SEO Premium plugin. -->","yoast_head_json":{"title":"A publica\u00e7\u00e3o de Andr\u00e9 Rizek sobre o futuro do Corinthians","robots":{"index":"index","follow":"follow","max-snippet":"max-snippet:-1","max-image-preview":"max-image-preview:large","max-video-preview":"max-video-preview:-1"},"canonical":"https:\/\/www.gaveanews.com\/index.php\/2024\/12\/04\/a-publicacao-de-andre-rizek-sobre-o-futuro-do-corinthians\/","og_locale":"pt_BR","og_type":"article","og_title":"A publica\u00e7\u00e3o de Andr\u00e9 Rizek sobre o futuro do Corinthians","og_description":"Ap\u00f3s o triunfo do Corinthians sobre o Bahia, pela pen\u00faltima rodada do Brasileir\u00e3o, o jornalista Andr\u00e9 Rizek, do Grupo Globo, fez uma an\u00e1lise instigante sobre o desempenho do clube paulista.&nbsp; Al\u00e9m disso, Rizek destacou as perspectivas do clube para o futuro, projetando uma temporada de 2025 com grandes ambi\u00e7\u00f5es. Isso porque o Corinthians viveu um [&hellip;]","og_url":"https:\/\/www.gaveanews.com\/index.php\/2024\/12\/04\/a-publicacao-de-andre-rizek-sobre-o-futuro-do-corinthians\/","og_site_name":"G\u00e1vea News","article_publisher":"https:\/\/facebook.com\/gaveaNews\/","article_published_time":"2024-12-05T00:10:00+00:00","og_image":[{"width":795,"height":448,"url":"https:\/\/www.gaveanews.com\/wp-content\/uploads\/Andre-Rizek-durante-um-programa-do-SporTV.webp","type":"image\/jpeg"}],"author":"Rafaela Ladeira","twitter_card":"summary_large_image","twitter_misc":{"Escrito por":"Rafaela Ladeira","Est. tempo de leitura":"3 minutos"},"schema":{"@context":"https:\/\/schema.org","@graph":[{"@type":"NewsArticle","@id":"https:\/\/www.gaveanews.com\/index.php\/2024\/12\/04\/a-publicacao-de-andre-rizek-sobre-o-futuro-do-corinthians\/#article","isPartOf":{"@id":"https:\/\/www.gaveanews.com\/index.php\/2024\/12\/04\/a-publicacao-de-andre-rizek-sobre-o-futuro-do-corinthians\/"},"author":{"name":"Rafaela Ladeira","@id":"https:\/\/www.gaveanews.com\/#\/schema\/person\/0eb3e3fe1754f0205218538adbe8f5ed"},"headline":"A publica\u00e7\u00e3o de Andr\u00e9 Rizek sobre o futuro do Corinthians","datePublished":"2024-12-05T00:10:00+00:00","mainEntityOfPage":{"@id":"https:\/\/www.gaveanews.com\/index.php\/2024\/12\/04\/a-publicacao-de-andre-rizek-sobre-o-futuro-do-corinthians\/"},"wordCount":494,"commentCount":0,"image":{"@id":"https:\/\/www.gaveanews.com\/index.php\/2024\/12\/04\/a-publicacao-de-andre-rizek-sobre-o-futuro-do-corinthians\/#primaryimage"},"thumbnailUrl":"https:\/\/www.gaveanews.com\/wp-content\/uploads\/Andre-Rizek-durante-um-programa-do-SporTV.webp","articleSection":["Corinthians"],"inLanguage":"pt-BR","potentialAction":[{"@type":"CommentAction","name":"Comment","target":["https:\/\/www.gaveanews.com\/index.php\/2024\/12\/04\/a-publicacao-de-andre-rizek-sobre-o-futuro-do-corinthians\/#respond"]}],"copyrightYear":"2024","copyrightHolder":{"@id":"https:\/\/www.gaveanews.com\/#organization"}},{"@type":"WebPage","@id":"https:\/\/www.gaveanews.com\/index.php\/2024\/12\/04\/a-publicacao-de-andre-rizek-sobre-o-futuro-do-corinthians\/","url":"https:\/\/www.gaveanews.com\/index.php\/2024\/12\/04\/a-publicacao-de-andre-rizek-sobre-o-futuro-do-corinthians\/","name":"A publica\u00e7\u00e3o de Andr\u00e9 Rizek sobre o futuro do Corinthians","isPartOf":{"@id":"https:\/\/www.gaveanews.com\/#website"},"primaryImageOfPage":{"@id":"https:\/\/www.gaveanews.com\/index.php\/2024\/12\/04\/a-publicacao-de-andre-rizek-sobre-o-futuro-do-corinthians\/#primaryimage"},"image":{"@id":"https:\/\/www.gaveanews.com\/index.php\/2024\/12\/04\/a-publicacao-de-andre-rizek-sobre-o-futuro-do-corinthians\/#primaryimage"},"thumbnailUrl":"https:\/\/www.gaveanews.com\/wp-content\/uploads\/Andre-Rizek-durante-um-programa-do-SporTV.webp","datePublished":"2024-12-05T00:10:00+00:00","author":{"@id":"https:\/\/www.gaveanews.com\/#\/schema\/person\/0eb3e3fe1754f0205218538adbe8f5ed"},"breadcrumb":{"@id":"https:\/\/www.gaveanews.com\/index.php\/2024\/12\/04\/a-publicacao-de-andre-rizek-sobre-o-futuro-do-corinthians\/#breadcrumb"},"inLanguage":"pt-BR","potentialAction":[{"@type":"ReadAction","target":["https:\/\/www.gaveanews.com\/index.php\/2024\/12\/04\/a-publicacao-de-andre-rizek-sobre-o-futuro-do-corinthians\/"]}]},{"@type":"ImageObject","inLanguage":"pt-BR","@id":"https:\/\/www.gaveanews.com\/index.php\/2024\/12\/04\/a-publicacao-de-andre-rizek-sobre-o-futuro-do-corinthians\/#primaryimage","url":"https:\/\/www.gaveanews.com\/wp-content\/uploads\/Andre-Rizek-durante-um-programa-do-SporTV.webp","contentUrl":"https:\/\/www.gaveanews.com\/wp-content\/uploads\/Andre-Rizek-durante-um-programa-do-SporTV.webp","width":795,"height":448,"caption":"Andr\u00e9 Rizek durante um programa do SporTV (Foto: Reprodu\u00e7\u00e3o\/SporTV)"},{"@type":"BreadcrumbList","@id":"https:\/\/www.gaveanews.com\/index.php\/2024\/12\/04\/a-publicacao-de-andre-rizek-sobre-o-futuro-do-corinthians\/#breadcrumb","itemListElement":[{"@type":"ListItem","position":1,"name":"Home","item":"https:\/\/www.gaveanews.com\/"},{"@type":"ListItem","position":2,"name":"A publica\u00e7\u00e3o de Andr\u00e9 Rizek sobre o futuro do Corinthians"}]},{"@type":"WebSite","@id":"https:\/\/www.gaveanews.com\/#website","url":"https:\/\/www.gaveanews.com\/","name":"G\u00e1vea News","description":"Veja todas as not\u00edcias sobre o Flamengo: Contrata\u00e7\u00f5es, categorias de base, resultados das partidas, tabela de classifica\u00e7\u00e3o, pr\u00f3ximos jogos!","potentialAction":[{"@type":"SearchAction","target":{"@type":"EntryPoint","urlTemplate":"https:\/\/www.gaveanews.com\/?s={search_term_string}"},"query-input":{"@type":"PropertyValueSpecification","valueRequired":true,"valueName":"search_term_string"}}],"inLanguage":"pt-BR"},{"@type":"Person","@id":"https:\/\/www.gaveanews.com\/#\/schema\/person\/0eb3e3fe1754f0205218538adbe8f5ed","name":"Rafaela Ladeira","image":{"@type":"ImageObject","inLanguage":"pt-BR","@id":"https:\/\/www.gaveanews.com\/#\/schema\/person\/image\/","url":"https:\/\/secure.gravatar.com\/avatar\/c31f513acffd85eacab5730cbdfdbbf59f21ba5aeada8cd890acea879fbb2455?s=96&d=mm&r=g","contentUrl":"https:\/\/secure.gravatar.com\/avatar\/c31f513acffd85eacab5730cbdfdbbf59f21ba5aeada8cd890acea879fbb2455?s=96&d=mm&r=g","caption":"Rafaela Ladeira"}}]}},"_links":{"self":[{"href":"https:\/\/www.gaveanews.com\/index.php\/wp-json\/wp\/v2\/posts\/194697","targetHints":{"allow":["GET"]}}],"collection":[{"href":"https:\/\/www.gaveanews.com\/index.php\/wp-json\/wp\/v2\/posts"}],"about":[{"href":"https:\/\/www.gaveanews.com\/index.php\/wp-json\/wp\/v2\/types\/post"}],"author":[{"embeddable":true,"href":"https:\/\/www.gaveanews.com\/index.php\/wp-json\/wp\/v2\/users\/25"}],"replies":[{"embeddable":true,"href":"https:\/\/www.gaveanews.com\/index.php\/wp-json\/wp\/v2\/comments?post=194697"}],"version-history":[{"count":1,"href":"https:\/\/www.gaveanews.com\/index.php\/wp-json\/wp\/v2\/posts\/194697\/revisions"}],"predecessor-version":[{"id":194699,"href":"https:\/\/www.gaveanews.com\/index.php\/wp-json\/wp\/v2\/posts\/194697\/revisions\/194699"}],"wp:featuredmedia":[{"embeddable":true,"href":"https:\/\/www.gaveanews.com\/index.php\/wp-json\/wp\/v2\/media\/101875"}],"wp:attachment":[{"href":"https:\/\/www.gaveanews.com\/index.php\/wp-json\/wp\/v2\/media?parent=194697"}],"wp:term":[{"taxonomy":"category","embeddable":true,"href":"https:\/\/www.gaveanews.com\/index.php\/wp-json\/wp\/v2\/categories?post=194697"},{"taxonomy":"post_tag","embeddable":true,"href":"https:\/\/www.gaveanews.com\/index.php\/wp-json\/wp\/v2\/tags?post=194697"}],"curies":[{"name":"wp","href":"https:\/\/api.w.org\/{rel}","templated":true}]}}