{"id":194766,"date":"2024-12-05T08:55:53","date_gmt":"2024-12-05T11:55:53","guid":{"rendered":"https:\/\/www.gaveanews.com\/?p=194766"},"modified":"2024-12-05T08:50:33","modified_gmt":"2024-12-05T11:50:33","slug":"a-declaracao-de-andre-rizek-sobre-o-2025-do-corinthians","status":"publish","type":"post","link":"https:\/\/www.gaveanews.com\/index.php\/2024\/12\/05\/a-declaracao-de-andre-rizek-sobre-o-2025-do-corinthians\/","title":{"rendered":"A declara\u00e7\u00e3o de Andr\u00e9 Rizek sobre o 2025 do Corinthians"},"content":{"rendered":"\n<p>O Corinthians 2024 tem dois recordes muito curiosos no Campeonato Brasileiro, pois \u00e9 a edi\u00e7\u00e3o em que o clube mais passou rodadas na zona do rebaixamento.<\/p>\n\n\n\n<ul class=\"wp-block-list\">\n<li><a href=\"https:\/\/www.gaveanews.com\/index.php\/2024\/12\/04\/corinthians-diretoria-quer-buscar-atacante-na-europa\/\">Corinthians: diretoria quer buscar atacante na Europa<\/a><\/li>\n\n\n\n<li><a href=\"https:\/\/www.gaveanews.com\/index.php\/2024\/12\/04\/corinthians-memphis-depay-ganha-destaque-na-europa\/\">Corinthians: Memphis Depay ganha destaque na Europa<\/a><\/li>\n<\/ul>\n\n\n\n<p>At\u00e9 mais que o ano de 2007, quando caiu, pois foram <strong>20 <\/strong>rodadas no <strong>Z4<\/strong>, sendo ainda mais da metade do campeonato no ano.<\/p>\n\n\n\n<h2 class=\"wp-block-heading\" id=\"h-maior-sequencia-de-partidas-que-sairam-vitoriosos\">Maior sequ\u00eancia de partidas que sa\u00edram vitoriosos<\/h2>\n\n\n\n<p>E, ao mesmo tempo, est\u00e1 sendo a edi\u00e7\u00e3o de brasileiro com a maior sequ\u00eancia de partidas que sa\u00edram vitoriosas em toda a hist\u00f3ria do clube.<\/p>\n\n\n\n<p>Al\u00e9m disso, Andr\u00e9 Riezk&nbsp;jornalista esportivo&nbsp;que atualmente est\u00e1 no SporTV, ainda menciona outras sequ\u00eancias do Corinthians:<\/p>\n\n\n\n<p>&#8220;Mais que nos tempos do Tevez, de Marcelinho, Ricardinho, dos times do Tite. Com oito vit\u00f3rias seguidas, podendo chegar a nove no fim de semana&#8221;, disse o jornalista.<\/p>\n\n\n\n<h2 class=\"wp-block-heading\" id=\"h-time-com-o-recorde-mais-negativo-e-o-mais-positivo\">Time com o recorde mais negativo e o mais positivo <\/h2>\n\n\n\n<p>Ent\u00e3o fica o questionamento de como explicar o Corinthians que, no mesmo campeonato, o time tem o recorde mais negativo e o mais positivo do Campeonato.<\/p>\n\n\n\n<p>A resposta \u00e9 que n\u00e3o \u00e9 o mesmo time, quando olhamos o Tim\u00e3o que come\u00e7a a temporada e o Corinthians que termina 2024, s\u00e3o coisas completamente diferentes.<\/p>\n\n\n\n<h2 class=\"wp-block-heading\" id=\"h-elenco-do-ano-passado\">Elenco do ano passado<\/h2>\n\n\n\n<p>Pois no come\u00e7o da temporada, ap\u00f3s fazer aquela faxina necess\u00e1ria no elenco do ano passado, o Mano Menezes tinha em sua equipe:<\/p>\n\n\n\n<ul class=\"wp-block-list\">\n<li>Caetano na zaga;<\/li>\n\n\n\n<li>C\u00e1ssio no gol em p\u00e9ssima fase;<\/li>\n\n\n\n<li>Fagner na lateral em p\u00e9ssima fase;<\/li>\n\n\n\n<li>Fausto Vera de volante, sendo a grande aposta de um jogador criativo;<\/li>\n\n\n\n<li>E o ataque era o Yuri Alberto e Wesley.<\/li>\n<\/ul>\n\n\n\n<p>Onde foi visto que esse time jogou t\u00e3o mal que at\u00e9 ficaram longe de conseguir avan\u00e7ar para o mata-mata do Campeonato Paulista.<\/p>\n\n\n\n<h2 class=\"wp-block-heading\" id=\"h-o-clube-comecou-a-contar-com-outros-jogadores\">O clube come\u00e7ou a contar com outros jogadores<\/h2>\n\n\n\n<p>Assim sai Ant\u00f4nio e chega Ramon, mas principalmente a janela corintiana come\u00e7a a mudar de patamar quando chegam <strong>Hugo<\/strong>, <strong>Andr\u00e9 Ramalho<\/strong>, <strong>Charles<\/strong>, <strong>Mart\u00ednez<\/strong>, <strong>Carrilho<\/strong>, <strong>Memphis<\/strong>, <strong>Thales Magno<\/strong>.<\/p>\n\n\n\n<p>E o espanhol <strong>Hernandes<\/strong>, que de todos os mencionados acima, foi o \u00fanico que n\u00e3o acrescentou em nada, mas \u00e9 uma janela t\u00e3o forte que, al\u00e9m de melhorar o time, melhorou muito quem l\u00e1 estava.<\/p>\n\n\n\n<h2 class=\"wp-block-heading\" id=\"h-desempenho-do-yuri-alberto\">Desempenho do Yuri Alberto<\/h2>\n\n\n\n<p>Ainda foi n\u00edtido que o desempenho do Yuri Alberto poder\u00e1 o tornar o artilheiro do Brasil desde&nbsp;quando come\u00e7ou a jogar ao lado do Memphis.<\/p>\n\n\n\n<p>Pois antes disso, o Garro era quem sempre carregava o time sozinho, e olha como evolu\u00edram esses jogadores, tendo o Carrilho de um lado, o Memphis de outro.<\/p>\n\n\n\n<h2 class=\"wp-block-heading\" id=\"h-e-capaz-de-poder-brigar-por-coisas-grandes\">\u00c9 capaz de poder brigar por coisas grandes<\/h2>\n\n\n\n<p>Contudo, o jornalista Rizek ainda complementa dizendo que o time que est\u00e1 terminando o Campeonato Brasileiro de 2024 tendo uma sequ\u00eancia impressionante de vit\u00f3rias.<\/p>\n\n\n\n<p>Assim, poder\u00e1 ser capaz de brigar por coisas muito grandes no ano que vem, ainda disputar com for\u00e7a m\u00e1xima a parte de cima da tabela.<\/p>\n\n\n\n<h2 class=\"wp-block-heading\" id=\"h-memphis-tem-condicao-de-ser-o-melhor-jogador-em-atividade\">Memphis tem condi\u00e7\u00e3o de ser o melhor jogador em atividade <\/h2>\n\n\n\n<p>Al\u00e9m disso, foi falado tamb\u00e9m sobre Memphis, que em <strong>13 <\/strong>jogos, o craque marcou&nbsp;<strong>seis gols<\/strong>&nbsp;e deu q<strong>uatro assist\u00eancias<\/strong>, totalizando <strong>10 <\/strong>participa\u00e7\u00f5es em gols.<\/p>\n\n\n\n<p>&#8220;O Memphis tem condi\u00e7\u00e3o de ser, tecnicamente, o melhor jogador em atividade aqui no Brasil, n\u00e3o \u00e9 nenhum exagero afirmar isso&#8221;, afirmou Rizek.<\/p>\n\n\n\n<h2 class=\"wp-block-heading\" id=\"h-pode-ser-bem-melhor-desde-2017\">Pode ser bem melhor desde 2017<\/h2>\n\n\n\n<p>Para finalizar, Rizek j\u00e1 cogita como ser\u00e1 o futuro do Corinthians no ano de 2025, e posso te afirmar que o jornalista trouxe supersti\u00e7\u00f5es bem boas para o clube:<\/p>\n\n\n\n<p>&#8220;\u00c9 um gigante adormecido e quem sabe, mantendo esse elenco e conseguindo pag\u00e1-lo, o 2025 do Corinthians pode ser bem melhor do que vencendo os anos desde 2017&#8221;, finalizou o jornalista.<\/p>\n","protected":false},"excerpt":{"rendered":"<p>O Corinthians 2024 tem dois recordes muito curiosos no Campeonato Brasileiro, pois \u00e9 a edi\u00e7\u00e3o em que o clube mais passou rodadas na zona do rebaixamento. At\u00e9 mais que o ano de 2007, quando caiu, pois foram 20 rodadas no Z4, sendo ainda mais da metade do campeonato no ano. Maior sequ\u00eancia de partidas que [&hellip;]<\/p>\n","protected":false},"author":22,"featured_media":101875,"comment_status":"open","ping_status":"closed","sticky":false,"template":"","format":"standard","meta":{"footnotes":""},"categories":[141],"tags":[],"class_list":["post-194766","post","type-post","status-publish","format-standard","has-post-thumbnail","hentry","category-corinthians"],"yoast_head":"<!-- This site is optimized with the Yoast SEO Premium plugin v24.2 (Yoast SEO v26.9) - https:\/\/yoast.com\/product\/yoast-seo-premium-wordpress\/ -->\n<title>A declara\u00e7\u00e3o de Andr\u00e9 Rizek sobre o 2025 do Corinthians<\/title>\n<meta name=\"robots\" content=\"index, follow, max-snippet:-1, max-image-preview:large, max-video-preview:-1\" \/>\n<link rel=\"canonical\" href=\"https:\/\/www.gaveanews.com\/index.php\/2024\/12\/05\/a-declaracao-de-andre-rizek-sobre-o-2025-do-corinthians\/\" \/>\n<meta property=\"og:locale\" content=\"pt_BR\" \/>\n<meta property=\"og:type\" content=\"article\" \/>\n<meta property=\"og:title\" content=\"A declara\u00e7\u00e3o de Andr\u00e9 Rizek sobre o 2025 do Corinthians\" \/>\n<meta property=\"og:description\" content=\"O Corinthians 2024 tem dois recordes muito curiosos no Campeonato Brasileiro, pois \u00e9 a edi\u00e7\u00e3o em que o clube mais passou rodadas na zona do rebaixamento. At\u00e9 mais que o ano de 2007, quando caiu, pois foram 20 rodadas no Z4, sendo ainda mais da metade do campeonato no ano. Maior sequ\u00eancia de partidas que [&hellip;]\" \/>\n<meta property=\"og:url\" content=\"https:\/\/www.gaveanews.com\/index.php\/2024\/12\/05\/a-declaracao-de-andre-rizek-sobre-o-2025-do-corinthians\/\" \/>\n<meta property=\"og:site_name\" content=\"G\u00e1vea News\" \/>\n<meta property=\"article:publisher\" content=\"https:\/\/facebook.com\/gaveaNews\/\" \/>\n<meta property=\"article:published_time\" content=\"2024-12-05T11:55:53+00:00\" \/>\n<meta property=\"og:image\" content=\"https:\/\/www.gaveanews.com\/wp-content\/uploads\/Andre-Rizek-durante-um-programa-do-SporTV.webp\" \/>\n\t<meta property=\"og:image:width\" content=\"795\" \/>\n\t<meta property=\"og:image:height\" content=\"448\" \/>\n\t<meta property=\"og:image:type\" content=\"image\/jpeg\" \/>\n<meta name=\"author\" content=\"Emilly Lima\" \/>\n<meta name=\"twitter:card\" content=\"summary_large_image\" \/>\n<meta name=\"twitter:label1\" content=\"Escrito por\" \/>\n\t<meta name=\"twitter:data1\" content=\"Emilly Lima\" \/>\n\t<meta name=\"twitter:label2\" content=\"Est. tempo de leitura\" \/>\n\t<meta name=\"twitter:data2\" content=\"4 minutos\" \/>\n<script type=\"application\/ld+json\" class=\"yoast-schema-graph\">{\"@context\":\"https:\/\/schema.org\",\"@graph\":[{\"@type\":\"NewsArticle\",\"@id\":\"https:\/\/www.gaveanews.com\/index.php\/2024\/12\/05\/a-declaracao-de-andre-rizek-sobre-o-2025-do-corinthians\/#article\",\"isPartOf\":{\"@id\":\"https:\/\/www.gaveanews.com\/index.php\/2024\/12\/05\/a-declaracao-de-andre-rizek-sobre-o-2025-do-corinthians\/\"},\"author\":{\"name\":\"Emilly Lima\",\"@id\":\"https:\/\/www.gaveanews.com\/#\/schema\/person\/8597dbe3f4d8513dd20048ce95a1895b\"},\"headline\":\"A declara\u00e7\u00e3o de Andr\u00e9 Rizek sobre o 2025 do Corinthians\",\"datePublished\":\"2024-12-05T11:55:53+00:00\",\"mainEntityOfPage\":{\"@id\":\"https:\/\/www.gaveanews.com\/index.php\/2024\/12\/05\/a-declaracao-de-andre-rizek-sobre-o-2025-do-corinthians\/\"},\"wordCount\":639,\"commentCount\":0,\"image\":{\"@id\":\"https:\/\/www.gaveanews.com\/index.php\/2024\/12\/05\/a-declaracao-de-andre-rizek-sobre-o-2025-do-corinthians\/#primaryimage\"},\"thumbnailUrl\":\"https:\/\/www.gaveanews.com\/wp-content\/uploads\/Andre-Rizek-durante-um-programa-do-SporTV.webp\",\"articleSection\":[\"Corinthians\"],\"inLanguage\":\"pt-BR\",\"potentialAction\":[{\"@type\":\"CommentAction\",\"name\":\"Comment\",\"target\":[\"https:\/\/www.gaveanews.com\/index.php\/2024\/12\/05\/a-declaracao-de-andre-rizek-sobre-o-2025-do-corinthians\/#respond\"]}],\"copyrightYear\":\"2024\",\"copyrightHolder\":{\"@id\":\"https:\/\/www.gaveanews.com\/#organization\"}},{\"@type\":\"WebPage\",\"@id\":\"https:\/\/www.gaveanews.com\/index.php\/2024\/12\/05\/a-declaracao-de-andre-rizek-sobre-o-2025-do-corinthians\/\",\"url\":\"https:\/\/www.gaveanews.com\/index.php\/2024\/12\/05\/a-declaracao-de-andre-rizek-sobre-o-2025-do-corinthians\/\",\"name\":\"A declara\u00e7\u00e3o de Andr\u00e9 Rizek sobre o 2025 do Corinthians\",\"isPartOf\":{\"@id\":\"https:\/\/www.gaveanews.com\/#website\"},\"primaryImageOfPage\":{\"@id\":\"https:\/\/www.gaveanews.com\/index.php\/2024\/12\/05\/a-declaracao-de-andre-rizek-sobre-o-2025-do-corinthians\/#primaryimage\"},\"image\":{\"@id\":\"https:\/\/www.gaveanews.com\/index.php\/2024\/12\/05\/a-declaracao-de-andre-rizek-sobre-o-2025-do-corinthians\/#primaryimage\"},\"thumbnailUrl\":\"https:\/\/www.gaveanews.com\/wp-content\/uploads\/Andre-Rizek-durante-um-programa-do-SporTV.webp\",\"datePublished\":\"2024-12-05T11:55:53+00:00\",\"author\":{\"@id\":\"https:\/\/www.gaveanews.com\/#\/schema\/person\/8597dbe3f4d8513dd20048ce95a1895b\"},\"breadcrumb\":{\"@id\":\"https:\/\/www.gaveanews.com\/index.php\/2024\/12\/05\/a-declaracao-de-andre-rizek-sobre-o-2025-do-corinthians\/#breadcrumb\"},\"inLanguage\":\"pt-BR\",\"potentialAction\":[{\"@type\":\"ReadAction\",\"target\":[\"https:\/\/www.gaveanews.com\/index.php\/2024\/12\/05\/a-declaracao-de-andre-rizek-sobre-o-2025-do-corinthians\/\"]}]},{\"@type\":\"ImageObject\",\"inLanguage\":\"pt-BR\",\"@id\":\"https:\/\/www.gaveanews.com\/index.php\/2024\/12\/05\/a-declaracao-de-andre-rizek-sobre-o-2025-do-corinthians\/#primaryimage\",\"url\":\"https:\/\/www.gaveanews.com\/wp-content\/uploads\/Andre-Rizek-durante-um-programa-do-SporTV.webp\",\"contentUrl\":\"https:\/\/www.gaveanews.com\/wp-content\/uploads\/Andre-Rizek-durante-um-programa-do-SporTV.webp\",\"width\":795,\"height\":448,\"caption\":\"Andr\u00e9 Rizek durante um programa do SporTV (Foto: Reprodu\u00e7\u00e3o\/SporTV)\"},{\"@type\":\"BreadcrumbList\",\"@id\":\"https:\/\/www.gaveanews.com\/index.php\/2024\/12\/05\/a-declaracao-de-andre-rizek-sobre-o-2025-do-corinthians\/#breadcrumb\",\"itemListElement\":[{\"@type\":\"ListItem\",\"position\":1,\"name\":\"Home\",\"item\":\"https:\/\/www.gaveanews.com\/\"},{\"@type\":\"ListItem\",\"position\":2,\"name\":\"A declara\u00e7\u00e3o de Andr\u00e9 Rizek sobre o 2025 do Corinthians\"}]},{\"@type\":\"WebSite\",\"@id\":\"https:\/\/www.gaveanews.com\/#website\",\"url\":\"https:\/\/www.gaveanews.com\/\",\"name\":\"G\u00e1vea News\",\"description\":\"Veja todas as not\u00edcias sobre o Flamengo: Contrata\u00e7\u00f5es, categorias de base, resultados das partidas, tabela de classifica\u00e7\u00e3o, pr\u00f3ximos jogos!\",\"potentialAction\":[{\"@type\":\"SearchAction\",\"target\":{\"@type\":\"EntryPoint\",\"urlTemplate\":\"https:\/\/www.gaveanews.com\/?s={search_term_string}\"},\"query-input\":{\"@type\":\"PropertyValueSpecification\",\"valueRequired\":true,\"valueName\":\"search_term_string\"}}],\"inLanguage\":\"pt-BR\"},{\"@type\":\"Person\",\"@id\":\"https:\/\/www.gaveanews.com\/#\/schema\/person\/8597dbe3f4d8513dd20048ce95a1895b\",\"name\":\"Emilly Lima\",\"image\":{\"@type\":\"ImageObject\",\"inLanguage\":\"pt-BR\",\"@id\":\"https:\/\/www.gaveanews.com\/#\/schema\/person\/image\/\",\"url\":\"https:\/\/secure.gravatar.com\/avatar\/ddb4d0548bae01de3cb52e0fe30386754e9c41797565aa0a5bf4440ab4f7c0be?s=96&d=mm&r=g\",\"contentUrl\":\"https:\/\/secure.gravatar.com\/avatar\/ddb4d0548bae01de3cb52e0fe30386754e9c41797565aa0a5bf4440ab4f7c0be?s=96&d=mm&r=g\",\"caption\":\"Emilly Lima\"}}]}<\/script>\n<!-- \/ Yoast SEO Premium plugin. -->","yoast_head_json":{"title":"A declara\u00e7\u00e3o de Andr\u00e9 Rizek sobre o 2025 do Corinthians","robots":{"index":"index","follow":"follow","max-snippet":"max-snippet:-1","max-image-preview":"max-image-preview:large","max-video-preview":"max-video-preview:-1"},"canonical":"https:\/\/www.gaveanews.com\/index.php\/2024\/12\/05\/a-declaracao-de-andre-rizek-sobre-o-2025-do-corinthians\/","og_locale":"pt_BR","og_type":"article","og_title":"A declara\u00e7\u00e3o de Andr\u00e9 Rizek sobre o 2025 do Corinthians","og_description":"O Corinthians 2024 tem dois recordes muito curiosos no Campeonato Brasileiro, pois \u00e9 a edi\u00e7\u00e3o em que o clube mais passou rodadas na zona do rebaixamento. At\u00e9 mais que o ano de 2007, quando caiu, pois foram 20 rodadas no Z4, sendo ainda mais da metade do campeonato no ano. Maior sequ\u00eancia de partidas que [&hellip;]","og_url":"https:\/\/www.gaveanews.com\/index.php\/2024\/12\/05\/a-declaracao-de-andre-rizek-sobre-o-2025-do-corinthians\/","og_site_name":"G\u00e1vea News","article_publisher":"https:\/\/facebook.com\/gaveaNews\/","article_published_time":"2024-12-05T11:55:53+00:00","og_image":[{"width":795,"height":448,"url":"https:\/\/www.gaveanews.com\/wp-content\/uploads\/Andre-Rizek-durante-um-programa-do-SporTV.webp","type":"image\/jpeg"}],"author":"Emilly Lima","twitter_card":"summary_large_image","twitter_misc":{"Escrito por":"Emilly Lima","Est. tempo de leitura":"4 minutos"},"schema":{"@context":"https:\/\/schema.org","@graph":[{"@type":"NewsArticle","@id":"https:\/\/www.gaveanews.com\/index.php\/2024\/12\/05\/a-declaracao-de-andre-rizek-sobre-o-2025-do-corinthians\/#article","isPartOf":{"@id":"https:\/\/www.gaveanews.com\/index.php\/2024\/12\/05\/a-declaracao-de-andre-rizek-sobre-o-2025-do-corinthians\/"},"author":{"name":"Emilly Lima","@id":"https:\/\/www.gaveanews.com\/#\/schema\/person\/8597dbe3f4d8513dd20048ce95a1895b"},"headline":"A declara\u00e7\u00e3o de Andr\u00e9 Rizek sobre o 2025 do Corinthians","datePublished":"2024-12-05T11:55:53+00:00","mainEntityOfPage":{"@id":"https:\/\/www.gaveanews.com\/index.php\/2024\/12\/05\/a-declaracao-de-andre-rizek-sobre-o-2025-do-corinthians\/"},"wordCount":639,"commentCount":0,"image":{"@id":"https:\/\/www.gaveanews.com\/index.php\/2024\/12\/05\/a-declaracao-de-andre-rizek-sobre-o-2025-do-corinthians\/#primaryimage"},"thumbnailUrl":"https:\/\/www.gaveanews.com\/wp-content\/uploads\/Andre-Rizek-durante-um-programa-do-SporTV.webp","articleSection":["Corinthians"],"inLanguage":"pt-BR","potentialAction":[{"@type":"CommentAction","name":"Comment","target":["https:\/\/www.gaveanews.com\/index.php\/2024\/12\/05\/a-declaracao-de-andre-rizek-sobre-o-2025-do-corinthians\/#respond"]}],"copyrightYear":"2024","copyrightHolder":{"@id":"https:\/\/www.gaveanews.com\/#organization"}},{"@type":"WebPage","@id":"https:\/\/www.gaveanews.com\/index.php\/2024\/12\/05\/a-declaracao-de-andre-rizek-sobre-o-2025-do-corinthians\/","url":"https:\/\/www.gaveanews.com\/index.php\/2024\/12\/05\/a-declaracao-de-andre-rizek-sobre-o-2025-do-corinthians\/","name":"A declara\u00e7\u00e3o de Andr\u00e9 Rizek sobre o 2025 do Corinthians","isPartOf":{"@id":"https:\/\/www.gaveanews.com\/#website"},"primaryImageOfPage":{"@id":"https:\/\/www.gaveanews.com\/index.php\/2024\/12\/05\/a-declaracao-de-andre-rizek-sobre-o-2025-do-corinthians\/#primaryimage"},"image":{"@id":"https:\/\/www.gaveanews.com\/index.php\/2024\/12\/05\/a-declaracao-de-andre-rizek-sobre-o-2025-do-corinthians\/#primaryimage"},"thumbnailUrl":"https:\/\/www.gaveanews.com\/wp-content\/uploads\/Andre-Rizek-durante-um-programa-do-SporTV.webp","datePublished":"2024-12-05T11:55:53+00:00","author":{"@id":"https:\/\/www.gaveanews.com\/#\/schema\/person\/8597dbe3f4d8513dd20048ce95a1895b"},"breadcrumb":{"@id":"https:\/\/www.gaveanews.com\/index.php\/2024\/12\/05\/a-declaracao-de-andre-rizek-sobre-o-2025-do-corinthians\/#breadcrumb"},"inLanguage":"pt-BR","potentialAction":[{"@type":"ReadAction","target":["https:\/\/www.gaveanews.com\/index.php\/2024\/12\/05\/a-declaracao-de-andre-rizek-sobre-o-2025-do-corinthians\/"]}]},{"@type":"ImageObject","inLanguage":"pt-BR","@id":"https:\/\/www.gaveanews.com\/index.php\/2024\/12\/05\/a-declaracao-de-andre-rizek-sobre-o-2025-do-corinthians\/#primaryimage","url":"https:\/\/www.gaveanews.com\/wp-content\/uploads\/Andre-Rizek-durante-um-programa-do-SporTV.webp","contentUrl":"https:\/\/www.gaveanews.com\/wp-content\/uploads\/Andre-Rizek-durante-um-programa-do-SporTV.webp","width":795,"height":448,"caption":"Andr\u00e9 Rizek durante um programa do SporTV (Foto: Reprodu\u00e7\u00e3o\/SporTV)"},{"@type":"BreadcrumbList","@id":"https:\/\/www.gaveanews.com\/index.php\/2024\/12\/05\/a-declaracao-de-andre-rizek-sobre-o-2025-do-corinthians\/#breadcrumb","itemListElement":[{"@type":"ListItem","position":1,"name":"Home","item":"https:\/\/www.gaveanews.com\/"},{"@type":"ListItem","position":2,"name":"A declara\u00e7\u00e3o de Andr\u00e9 Rizek sobre o 2025 do Corinthians"}]},{"@type":"WebSite","@id":"https:\/\/www.gaveanews.com\/#website","url":"https:\/\/www.gaveanews.com\/","name":"G\u00e1vea News","description":"Veja todas as not\u00edcias sobre o Flamengo: Contrata\u00e7\u00f5es, categorias de base, resultados das partidas, tabela de classifica\u00e7\u00e3o, pr\u00f3ximos jogos!","potentialAction":[{"@type":"SearchAction","target":{"@type":"EntryPoint","urlTemplate":"https:\/\/www.gaveanews.com\/?s={search_term_string}"},"query-input":{"@type":"PropertyValueSpecification","valueRequired":true,"valueName":"search_term_string"}}],"inLanguage":"pt-BR"},{"@type":"Person","@id":"https:\/\/www.gaveanews.com\/#\/schema\/person\/8597dbe3f4d8513dd20048ce95a1895b","name":"Emilly Lima","image":{"@type":"ImageObject","inLanguage":"pt-BR","@id":"https:\/\/www.gaveanews.com\/#\/schema\/person\/image\/","url":"https:\/\/secure.gravatar.com\/avatar\/ddb4d0548bae01de3cb52e0fe30386754e9c41797565aa0a5bf4440ab4f7c0be?s=96&d=mm&r=g","contentUrl":"https:\/\/secure.gravatar.com\/avatar\/ddb4d0548bae01de3cb52e0fe30386754e9c41797565aa0a5bf4440ab4f7c0be?s=96&d=mm&r=g","caption":"Emilly Lima"}}]}},"_links":{"self":[{"href":"https:\/\/www.gaveanews.com\/index.php\/wp-json\/wp\/v2\/posts\/194766","targetHints":{"allow":["GET"]}}],"collection":[{"href":"https:\/\/www.gaveanews.com\/index.php\/wp-json\/wp\/v2\/posts"}],"about":[{"href":"https:\/\/www.gaveanews.com\/index.php\/wp-json\/wp\/v2\/types\/post"}],"author":[{"embeddable":true,"href":"https:\/\/www.gaveanews.com\/index.php\/wp-json\/wp\/v2\/users\/22"}],"replies":[{"embeddable":true,"href":"https:\/\/www.gaveanews.com\/index.php\/wp-json\/wp\/v2\/comments?post=194766"}],"version-history":[{"count":2,"href":"https:\/\/www.gaveanews.com\/index.php\/wp-json\/wp\/v2\/posts\/194766\/revisions"}],"predecessor-version":[{"id":195018,"href":"https:\/\/www.gaveanews.com\/index.php\/wp-json\/wp\/v2\/posts\/194766\/revisions\/195018"}],"wp:featuredmedia":[{"embeddable":true,"href":"https:\/\/www.gaveanews.com\/index.php\/wp-json\/wp\/v2\/media\/101875"}],"wp:attachment":[{"href":"https:\/\/www.gaveanews.com\/index.php\/wp-json\/wp\/v2\/media?parent=194766"}],"wp:term":[{"taxonomy":"category","embeddable":true,"href":"https:\/\/www.gaveanews.com\/index.php\/wp-json\/wp\/v2\/categories?post=194766"},{"taxonomy":"post_tag","embeddable":true,"href":"https:\/\/www.gaveanews.com\/index.php\/wp-json\/wp\/v2\/tags?post=194766"}],"curies":[{"name":"wp","href":"https:\/\/api.w.org\/{rel}","templated":true}]}}