{"id":194849,"date":"2024-12-05T10:20:00","date_gmt":"2024-12-05T13:20:00","guid":{"rendered":"https:\/\/www.gaveanews.com\/?p=194849"},"modified":"2024-12-05T09:00:14","modified_gmt":"2024-12-05T12:00:14","slug":"video-lucas-pedrosa-revela-detalhes-sobre-a-venda-da-saf-do-vasco","status":"publish","type":"post","link":"https:\/\/www.gaveanews.com\/index.php\/2024\/12\/05\/video-lucas-pedrosa-revela-detalhes-sobre-a-venda-da-saf-do-vasco\/","title":{"rendered":"V\u00eddeo: Lucas Pedrosa revela detalhes sobre a venda da SAF do Vasco"},"content":{"rendered":"\n<h2 class=\"wp-block-heading\" id=\"h-veja-o-que-ele-disse\">Veja o que ele disse<\/h2>\n\n\n\n<p>O Vasco enfrenta um ano desafiador, procurando um novo investidor para a SAF do clube, ap\u00f3s o rompimento conturbado com a 777 Partners. Uma not\u00edcia acabou animando os torcedores do Vasco, que ficaram entusiasmados ao saber que alguns deles estavam interessados na aquisi\u00e7\u00e3o da SAF do clube carioca.<\/p>\n\n\n\n<ul class=\"wp-block-list\">\n<li><a href=\"https:\/\/www.gaveanews.com\/index.php\/2024\/12\/04\/apos-10-meses-ele-voltou-a-jogar-pelo-vasco\/\">Ap\u00f3s 10 meses, ele voltou a jogar pelo Vasco<\/a><\/li>\n\n\n\n<li><a href=\"https:\/\/www.gaveanews.com\/index.php\/2024\/12\/04\/vasco-se-garante-em-nova-competicao-para-2025\/\">Vasco se garante em nova competi\u00e7\u00e3o para 2025<br><\/a><\/li>\n<\/ul>\n\n\n\n<p>Segundo Rodrigo Mattos, Andrea Radrizzani, um empres\u00e1rio italiano, ex-presidente e fundador do grupo de transmiss\u00e3o esportiva Eleven Sports, ex-dono e presidente do Leeds United e do UC Sampdoria, e ex-presidente do Leeds United e do UC Sampdoria, estaria interessado na SAF do Gigante da Colina. O nome mais citado atualmente \u00e9 o do grego Evangelos Marinakis.<\/p>\n\n\n\n<p>De acordo com informa\u00e7\u00f5es do Lucas Pedrosa a venda pode ser que aconte\u00e7a sim e a venda deve ser com 70% igual foi a 777 mas em algumas quest\u00f5es ainda e que o Vasco alega quer pegar de volta a SAF pra realizar a venda do clube novamente em breve, ainda n\u00e3o est\u00e1 em negocia\u00e7\u00f5es concretas mas a informa\u00e7\u00e3o do momento \u00e9 essa.<\/p>\n\n\n\n<figure class=\"wp-block-embed is-type-rich is-provider-twitter wp-block-embed-twitter\"><div class=\"wp-block-embed__wrapper\">\n<blockquote class=\"twitter-tweet\" data-width=\"550\" data-dnt=\"true\"><p lang=\"pt\" dir=\"ltr\">&quot;A venda do Vasco da Gama deve acontecer novamente nos moldes de 70% porque a associa\u00e7\u00e3o acredita que ter os 30% \u00e9 importante para se proteger.&quot; &#8211; <a href=\"https:\/\/twitter.com\/pedrosa?ref_src=twsrc%5Etfw\">@pedrosa<\/a> <a href=\"https:\/\/twitter.com\/hashtag\/sbtsportsrio?src=hash&amp;ref_src=twsrc%5Etfw\">#sbtsportsrio<\/a> <a href=\"https:\/\/twitter.com\/hashtag\/sbt?src=hash&amp;ref_src=twsrc%5Etfw\">#sbt<\/a> <a href=\"https:\/\/twitter.com\/hashtag\/futebol?src=hash&amp;ref_src=twsrc%5Etfw\">#futebol<\/a> <a href=\"https:\/\/t.co\/iDCZXmWB9Q\">pic.twitter.com\/iDCZXmWB9Q<\/a><\/p>&mdash; SBT Rio (@sbtrio) <a href=\"https:\/\/twitter.com\/sbtrio\/status\/1863996741025964295?ref_src=twsrc%5Etfw\">December 3, 2024<\/a><\/blockquote><script async src=\"https:\/\/platform.twitter.com\/widgets.js\" charset=\"utf-8\"><\/script>\n<\/div><\/figure>\n\n\n\n<p>Evangelos Marinakis, um empres\u00e1rio grego e dono do Nottingham Forest, manifestou interesse na aquisi\u00e7\u00e3o da SAF do Vasco, provocando um tumulto nos corredores do clube carioca. Embora haja euforia, segundo o O Globo informa, a negocia\u00e7\u00e3o pode ser afetada por um lit\u00edgio judicial em curso nos Estados Unidos, que envolve o fundo A-Cap e a 777 Partners, que det\u00e9m o controle da SAF do Vasco.<\/p>\n\n\n\n<p>Este caso est\u00e1 ligado \u00e0 contenda com a Leadenhall, uma das companhias que concedeu financiamento \u00e0 777 antes da crise financeira que o fundo enfrentou. A disputa \u00e9 motivada por um processo de fraude financeira instaurado pela Leadenhall contra a 777 Partners. Esta contenda come\u00e7ou a impactar a administra\u00e7\u00e3o dos clubes sob controle da 777, incluindo o Vasco, ap\u00f3s a Leadenhall conseguir uma liminar que impede a A-Cap de vender ativos sem o seu consentimento.<\/p>\n\n\n\n<p>A A-Cap, que possui 31% das a\u00e7\u00f5es da SAF do Vasco, tamb\u00e9m se encontra em uma contenda de 39% com o clube, atrav\u00e9s de um procedimento de arbitragem realizado no Brasil. Este emaranhado legal pode provocar d\u00favidas que dificultam qualquer negocia\u00e7\u00e3o, particularmente com investidores interessados, como \u00e9 o caso de Marinakis.<\/p>\n\n\n\n<p>Ademais, a A-Cap est\u00e1 sob press\u00e3o da Leadenhall, que solicita clareza nos neg\u00f3cios conduzidos pela 777 Partners, particularmente os relacionados ao Standard Li\u00e8ge e \u00e0 aquisi\u00e7\u00e3o do Everton, clube da Premier League. Esses empreendimentos totalizam aproximadamente 200 milh\u00f5es de libras e fazem parte de uma rede de empr\u00e9stimos que o fundo precisa quitar.<\/p>\n\n\n\n<p>A situa\u00e7\u00e3o se torna ainda mais delicada, j\u00e1 que qualquer transa\u00e7\u00e3o financeira sem o consentimento da Leadenhall pode prejudicar a viabilidade de futuras aquisi\u00e7\u00f5es e acordos, como a venda da SAF do Vasco. No momento, a Leadenhall n\u00e3o imp\u00f4s restri\u00e7\u00f5es definitivas aos ativos da 777 ou seus clubes.<\/p>\n\n\n\n<p>Contudo, enquanto o processo judicial n\u00e3o for conclu\u00eddo, as negocia\u00e7\u00f5es relacionadas \u00e0 venda do Vasco podem encontrar barreiras. A A-Cap assumiu o compromisso de elucidar quest\u00f5es relacionadas ao caso Everton, por\u00e9m as discuss\u00f5es com a Leadenhall ainda n\u00e3o alcan\u00e7aram um acordo. Esta aus\u00eancia de consenso entre os participantes pode retardar ou at\u00e9 mesmo impedir transa\u00e7\u00f5es futuras que envolvam os clubes administrados pela 777, o que inclui o Vasco.<\/p>\n\n\n\n<p>O departamento jur\u00eddico do Vasco est\u00e1 monitorando de perto o progresso do caso, por\u00e9m, no momento, n\u00e3o existe uma situa\u00e7\u00e3o de p\u00e2nico em rela\u00e7\u00e3o ao efeito no clube. No entanto, a situa\u00e7\u00e3o ainda \u00e9 incerta, e o desfecho do processo legal pode ser crucial para a continuidade das negocia\u00e7\u00f5es com investidores, como Marinakis.<\/p>\n","protected":false},"excerpt":{"rendered":"<p>Veja o que ele disse O Vasco enfrenta um ano desafiador, procurando um novo investidor para a SAF do clube, ap\u00f3s o rompimento conturbado com a 777 Partners. Uma not\u00edcia acabou animando os torcedores do Vasco, que ficaram entusiasmados ao saber que alguns deles estavam interessados na aquisi\u00e7\u00e3o da SAF do clube carioca. Segundo Rodrigo [&hellip;]<\/p>\n","protected":false},"author":16,"featured_media":161261,"comment_status":"open","ping_status":"closed","sticky":false,"template":"","format":"standard","meta":{"footnotes":""},"categories":[152,40],"tags":[],"class_list":["post-194849","post","type-post","status-publish","format-standard","has-post-thumbnail","hentry","category-vasco","category-video"],"yoast_head":"<!-- This site is optimized with the Yoast SEO Premium plugin v24.2 (Yoast SEO v26.9) - https:\/\/yoast.com\/product\/yoast-seo-premium-wordpress\/ -->\n<title>V\u00eddeo: Lucas Pedrosa revela detalhes sobre a venda da SAF do Vasco<\/title>\n<meta name=\"robots\" content=\"index, follow, max-snippet:-1, max-image-preview:large, max-video-preview:-1\" \/>\n<link rel=\"canonical\" href=\"https:\/\/www.gaveanews.com\/index.php\/2024\/12\/05\/video-lucas-pedrosa-revela-detalhes-sobre-a-venda-da-saf-do-vasco\/\" \/>\n<meta property=\"og:locale\" content=\"pt_BR\" \/>\n<meta property=\"og:type\" content=\"article\" \/>\n<meta property=\"og:title\" content=\"V\u00eddeo: Lucas Pedrosa revela detalhes sobre a venda da SAF do Vasco\" \/>\n<meta property=\"og:description\" content=\"Veja o que ele disse O Vasco enfrenta um ano desafiador, procurando um novo investidor para a SAF do clube, ap\u00f3s o rompimento conturbado com a 777 Partners. Uma not\u00edcia acabou animando os torcedores do Vasco, que ficaram entusiasmados ao saber que alguns deles estavam interessados na aquisi\u00e7\u00e3o da SAF do clube carioca. Segundo Rodrigo [&hellip;]\" \/>\n<meta property=\"og:url\" content=\"https:\/\/www.gaveanews.com\/index.php\/2024\/12\/05\/video-lucas-pedrosa-revela-detalhes-sobre-a-venda-da-saf-do-vasco\/\" \/>\n<meta property=\"og:site_name\" content=\"G\u00e1vea News\" \/>\n<meta property=\"article:publisher\" content=\"https:\/\/facebook.com\/gaveaNews\/\" \/>\n<meta property=\"article:published_time\" content=\"2024-12-05T13:20:00+00:00\" \/>\n<meta property=\"og:image\" content=\"https:\/\/www.gaveanews.com\/wp-content\/uploads\/Camisa-do-Vasco-2024.webp\" \/>\n\t<meta property=\"og:image:width\" content=\"1059\" \/>\n\t<meta property=\"og:image:height\" content=\"794\" \/>\n\t<meta property=\"og:image:type\" content=\"image\/webp\" \/>\n<meta name=\"author\" content=\"D\u00e9bora Figueiredo\" \/>\n<meta name=\"twitter:card\" content=\"summary_large_image\" \/>\n<meta name=\"twitter:label1\" content=\"Escrito por\" \/>\n\t<meta name=\"twitter:data1\" content=\"D\u00e9bora Figueiredo\" \/>\n\t<meta name=\"twitter:label2\" content=\"Est. tempo de leitura\" \/>\n\t<meta name=\"twitter:data2\" content=\"4 minutos\" \/>\n<script type=\"application\/ld+json\" class=\"yoast-schema-graph\">{\"@context\":\"https:\/\/schema.org\",\"@graph\":[{\"@type\":\"NewsArticle\",\"@id\":\"https:\/\/www.gaveanews.com\/index.php\/2024\/12\/05\/video-lucas-pedrosa-revela-detalhes-sobre-a-venda-da-saf-do-vasco\/#article\",\"isPartOf\":{\"@id\":\"https:\/\/www.gaveanews.com\/index.php\/2024\/12\/05\/video-lucas-pedrosa-revela-detalhes-sobre-a-venda-da-saf-do-vasco\/\"},\"author\":{\"name\":\"D\u00e9bora Figueiredo\",\"@id\":\"https:\/\/www.gaveanews.com\/#\/schema\/person\/37122681a8575a5c8db05a56f099a5e4\"},\"headline\":\"V\u00eddeo: Lucas Pedrosa revela detalhes sobre a venda da SAF do Vasco\",\"datePublished\":\"2024-12-05T13:20:00+00:00\",\"mainEntityOfPage\":{\"@id\":\"https:\/\/www.gaveanews.com\/index.php\/2024\/12\/05\/video-lucas-pedrosa-revela-detalhes-sobre-a-venda-da-saf-do-vasco\/\"},\"wordCount\":652,\"commentCount\":0,\"image\":{\"@id\":\"https:\/\/www.gaveanews.com\/index.php\/2024\/12\/05\/video-lucas-pedrosa-revela-detalhes-sobre-a-venda-da-saf-do-vasco\/#primaryimage\"},\"thumbnailUrl\":\"https:\/\/www.gaveanews.com\/wp-content\/uploads\/Camisa-do-Vasco-2024.webp\",\"articleSection\":[\"Vasco\",\"V\u00eddeos\"],\"inLanguage\":\"pt-BR\",\"potentialAction\":[{\"@type\":\"CommentAction\",\"name\":\"Comment\",\"target\":[\"https:\/\/www.gaveanews.com\/index.php\/2024\/12\/05\/video-lucas-pedrosa-revela-detalhes-sobre-a-venda-da-saf-do-vasco\/#respond\"]}],\"copyrightYear\":\"2024\",\"copyrightHolder\":{\"@id\":\"https:\/\/www.gaveanews.com\/#organization\"}},{\"@type\":\"WebPage\",\"@id\":\"https:\/\/www.gaveanews.com\/index.php\/2024\/12\/05\/video-lucas-pedrosa-revela-detalhes-sobre-a-venda-da-saf-do-vasco\/\",\"url\":\"https:\/\/www.gaveanews.com\/index.php\/2024\/12\/05\/video-lucas-pedrosa-revela-detalhes-sobre-a-venda-da-saf-do-vasco\/\",\"name\":\"V\u00eddeo: Lucas Pedrosa revela detalhes sobre a venda da SAF do Vasco\",\"isPartOf\":{\"@id\":\"https:\/\/www.gaveanews.com\/#website\"},\"primaryImageOfPage\":{\"@id\":\"https:\/\/www.gaveanews.com\/index.php\/2024\/12\/05\/video-lucas-pedrosa-revela-detalhes-sobre-a-venda-da-saf-do-vasco\/#primaryimage\"},\"image\":{\"@id\":\"https:\/\/www.gaveanews.com\/index.php\/2024\/12\/05\/video-lucas-pedrosa-revela-detalhes-sobre-a-venda-da-saf-do-vasco\/#primaryimage\"},\"thumbnailUrl\":\"https:\/\/www.gaveanews.com\/wp-content\/uploads\/Camisa-do-Vasco-2024.webp\",\"datePublished\":\"2024-12-05T13:20:00+00:00\",\"author\":{\"@id\":\"https:\/\/www.gaveanews.com\/#\/schema\/person\/37122681a8575a5c8db05a56f099a5e4\"},\"breadcrumb\":{\"@id\":\"https:\/\/www.gaveanews.com\/index.php\/2024\/12\/05\/video-lucas-pedrosa-revela-detalhes-sobre-a-venda-da-saf-do-vasco\/#breadcrumb\"},\"inLanguage\":\"pt-BR\",\"potentialAction\":[{\"@type\":\"ReadAction\",\"target\":[\"https:\/\/www.gaveanews.com\/index.php\/2024\/12\/05\/video-lucas-pedrosa-revela-detalhes-sobre-a-venda-da-saf-do-vasco\/\"]}]},{\"@type\":\"ImageObject\",\"inLanguage\":\"pt-BR\",\"@id\":\"https:\/\/www.gaveanews.com\/index.php\/2024\/12\/05\/video-lucas-pedrosa-revela-detalhes-sobre-a-venda-da-saf-do-vasco\/#primaryimage\",\"url\":\"https:\/\/www.gaveanews.com\/wp-content\/uploads\/Camisa-do-Vasco-2024.webp\",\"contentUrl\":\"https:\/\/www.gaveanews.com\/wp-content\/uploads\/Camisa-do-Vasco-2024.webp\",\"width\":1059,\"height\":794,\"caption\":\"Camisa do Vasco 2024 (Foto: Reprodu\u00e7\u00e3o\/Instagram)\"},{\"@type\":\"BreadcrumbList\",\"@id\":\"https:\/\/www.gaveanews.com\/index.php\/2024\/12\/05\/video-lucas-pedrosa-revela-detalhes-sobre-a-venda-da-saf-do-vasco\/#breadcrumb\",\"itemListElement\":[{\"@type\":\"ListItem\",\"position\":1,\"name\":\"Home\",\"item\":\"https:\/\/www.gaveanews.com\/\"},{\"@type\":\"ListItem\",\"position\":2,\"name\":\"V\u00eddeo: Lucas Pedrosa revela detalhes sobre a venda da SAF do Vasco\"}]},{\"@type\":\"WebSite\",\"@id\":\"https:\/\/www.gaveanews.com\/#website\",\"url\":\"https:\/\/www.gaveanews.com\/\",\"name\":\"G\u00e1vea News\",\"description\":\"Veja todas as not\u00edcias sobre o Flamengo: Contrata\u00e7\u00f5es, categorias de base, resultados das partidas, tabela de classifica\u00e7\u00e3o, pr\u00f3ximos jogos!\",\"potentialAction\":[{\"@type\":\"SearchAction\",\"target\":{\"@type\":\"EntryPoint\",\"urlTemplate\":\"https:\/\/www.gaveanews.com\/?s={search_term_string}\"},\"query-input\":{\"@type\":\"PropertyValueSpecification\",\"valueRequired\":true,\"valueName\":\"search_term_string\"}}],\"inLanguage\":\"pt-BR\"},{\"@type\":\"Person\",\"@id\":\"https:\/\/www.gaveanews.com\/#\/schema\/person\/37122681a8575a5c8db05a56f099a5e4\",\"name\":\"D\u00e9bora Figueiredo\",\"image\":{\"@type\":\"ImageObject\",\"inLanguage\":\"pt-BR\",\"@id\":\"https:\/\/www.gaveanews.com\/#\/schema\/person\/image\/\",\"url\":\"https:\/\/secure.gravatar.com\/avatar\/1f44802859351588499d26f52aed1d15796ce17e67602895b72837c08018868d?s=96&d=mm&r=g\",\"contentUrl\":\"https:\/\/secure.gravatar.com\/avatar\/1f44802859351588499d26f52aed1d15796ce17e67602895b72837c08018868d?s=96&d=mm&r=g\",\"caption\":\"D\u00e9bora Figueiredo\"}}]}<\/script>\n<!-- \/ Yoast SEO Premium plugin. -->","yoast_head_json":{"title":"V\u00eddeo: Lucas Pedrosa revela detalhes sobre a venda da SAF do Vasco","robots":{"index":"index","follow":"follow","max-snippet":"max-snippet:-1","max-image-preview":"max-image-preview:large","max-video-preview":"max-video-preview:-1"},"canonical":"https:\/\/www.gaveanews.com\/index.php\/2024\/12\/05\/video-lucas-pedrosa-revela-detalhes-sobre-a-venda-da-saf-do-vasco\/","og_locale":"pt_BR","og_type":"article","og_title":"V\u00eddeo: Lucas Pedrosa revela detalhes sobre a venda da SAF do Vasco","og_description":"Veja o que ele disse O Vasco enfrenta um ano desafiador, procurando um novo investidor para a SAF do clube, ap\u00f3s o rompimento conturbado com a 777 Partners. Uma not\u00edcia acabou animando os torcedores do Vasco, que ficaram entusiasmados ao saber que alguns deles estavam interessados na aquisi\u00e7\u00e3o da SAF do clube carioca. Segundo Rodrigo [&hellip;]","og_url":"https:\/\/www.gaveanews.com\/index.php\/2024\/12\/05\/video-lucas-pedrosa-revela-detalhes-sobre-a-venda-da-saf-do-vasco\/","og_site_name":"G\u00e1vea News","article_publisher":"https:\/\/facebook.com\/gaveaNews\/","article_published_time":"2024-12-05T13:20:00+00:00","og_image":[{"width":1059,"height":794,"url":"https:\/\/www.gaveanews.com\/wp-content\/uploads\/Camisa-do-Vasco-2024.webp","type":"image\/webp"}],"author":"D\u00e9bora Figueiredo","twitter_card":"summary_large_image","twitter_misc":{"Escrito por":"D\u00e9bora Figueiredo","Est. tempo de leitura":"4 minutos"},"schema":{"@context":"https:\/\/schema.org","@graph":[{"@type":"NewsArticle","@id":"https:\/\/www.gaveanews.com\/index.php\/2024\/12\/05\/video-lucas-pedrosa-revela-detalhes-sobre-a-venda-da-saf-do-vasco\/#article","isPartOf":{"@id":"https:\/\/www.gaveanews.com\/index.php\/2024\/12\/05\/video-lucas-pedrosa-revela-detalhes-sobre-a-venda-da-saf-do-vasco\/"},"author":{"name":"D\u00e9bora Figueiredo","@id":"https:\/\/www.gaveanews.com\/#\/schema\/person\/37122681a8575a5c8db05a56f099a5e4"},"headline":"V\u00eddeo: Lucas Pedrosa revela detalhes sobre a venda da SAF do Vasco","datePublished":"2024-12-05T13:20:00+00:00","mainEntityOfPage":{"@id":"https:\/\/www.gaveanews.com\/index.php\/2024\/12\/05\/video-lucas-pedrosa-revela-detalhes-sobre-a-venda-da-saf-do-vasco\/"},"wordCount":652,"commentCount":0,"image":{"@id":"https:\/\/www.gaveanews.com\/index.php\/2024\/12\/05\/video-lucas-pedrosa-revela-detalhes-sobre-a-venda-da-saf-do-vasco\/#primaryimage"},"thumbnailUrl":"https:\/\/www.gaveanews.com\/wp-content\/uploads\/Camisa-do-Vasco-2024.webp","articleSection":["Vasco","V\u00eddeos"],"inLanguage":"pt-BR","potentialAction":[{"@type":"CommentAction","name":"Comment","target":["https:\/\/www.gaveanews.com\/index.php\/2024\/12\/05\/video-lucas-pedrosa-revela-detalhes-sobre-a-venda-da-saf-do-vasco\/#respond"]}],"copyrightYear":"2024","copyrightHolder":{"@id":"https:\/\/www.gaveanews.com\/#organization"}},{"@type":"WebPage","@id":"https:\/\/www.gaveanews.com\/index.php\/2024\/12\/05\/video-lucas-pedrosa-revela-detalhes-sobre-a-venda-da-saf-do-vasco\/","url":"https:\/\/www.gaveanews.com\/index.php\/2024\/12\/05\/video-lucas-pedrosa-revela-detalhes-sobre-a-venda-da-saf-do-vasco\/","name":"V\u00eddeo: Lucas Pedrosa revela detalhes sobre a venda da SAF do Vasco","isPartOf":{"@id":"https:\/\/www.gaveanews.com\/#website"},"primaryImageOfPage":{"@id":"https:\/\/www.gaveanews.com\/index.php\/2024\/12\/05\/video-lucas-pedrosa-revela-detalhes-sobre-a-venda-da-saf-do-vasco\/#primaryimage"},"image":{"@id":"https:\/\/www.gaveanews.com\/index.php\/2024\/12\/05\/video-lucas-pedrosa-revela-detalhes-sobre-a-venda-da-saf-do-vasco\/#primaryimage"},"thumbnailUrl":"https:\/\/www.gaveanews.com\/wp-content\/uploads\/Camisa-do-Vasco-2024.webp","datePublished":"2024-12-05T13:20:00+00:00","author":{"@id":"https:\/\/www.gaveanews.com\/#\/schema\/person\/37122681a8575a5c8db05a56f099a5e4"},"breadcrumb":{"@id":"https:\/\/www.gaveanews.com\/index.php\/2024\/12\/05\/video-lucas-pedrosa-revela-detalhes-sobre-a-venda-da-saf-do-vasco\/#breadcrumb"},"inLanguage":"pt-BR","potentialAction":[{"@type":"ReadAction","target":["https:\/\/www.gaveanews.com\/index.php\/2024\/12\/05\/video-lucas-pedrosa-revela-detalhes-sobre-a-venda-da-saf-do-vasco\/"]}]},{"@type":"ImageObject","inLanguage":"pt-BR","@id":"https:\/\/www.gaveanews.com\/index.php\/2024\/12\/05\/video-lucas-pedrosa-revela-detalhes-sobre-a-venda-da-saf-do-vasco\/#primaryimage","url":"https:\/\/www.gaveanews.com\/wp-content\/uploads\/Camisa-do-Vasco-2024.webp","contentUrl":"https:\/\/www.gaveanews.com\/wp-content\/uploads\/Camisa-do-Vasco-2024.webp","width":1059,"height":794,"caption":"Camisa do Vasco 2024 (Foto: Reprodu\u00e7\u00e3o\/Instagram)"},{"@type":"BreadcrumbList","@id":"https:\/\/www.gaveanews.com\/index.php\/2024\/12\/05\/video-lucas-pedrosa-revela-detalhes-sobre-a-venda-da-saf-do-vasco\/#breadcrumb","itemListElement":[{"@type":"ListItem","position":1,"name":"Home","item":"https:\/\/www.gaveanews.com\/"},{"@type":"ListItem","position":2,"name":"V\u00eddeo: Lucas Pedrosa revela detalhes sobre a venda da SAF do Vasco"}]},{"@type":"WebSite","@id":"https:\/\/www.gaveanews.com\/#website","url":"https:\/\/www.gaveanews.com\/","name":"G\u00e1vea News","description":"Veja todas as not\u00edcias sobre o Flamengo: Contrata\u00e7\u00f5es, categorias de base, resultados das partidas, tabela de classifica\u00e7\u00e3o, pr\u00f3ximos jogos!","potentialAction":[{"@type":"SearchAction","target":{"@type":"EntryPoint","urlTemplate":"https:\/\/www.gaveanews.com\/?s={search_term_string}"},"query-input":{"@type":"PropertyValueSpecification","valueRequired":true,"valueName":"search_term_string"}}],"inLanguage":"pt-BR"},{"@type":"Person","@id":"https:\/\/www.gaveanews.com\/#\/schema\/person\/37122681a8575a5c8db05a56f099a5e4","name":"D\u00e9bora Figueiredo","image":{"@type":"ImageObject","inLanguage":"pt-BR","@id":"https:\/\/www.gaveanews.com\/#\/schema\/person\/image\/","url":"https:\/\/secure.gravatar.com\/avatar\/1f44802859351588499d26f52aed1d15796ce17e67602895b72837c08018868d?s=96&d=mm&r=g","contentUrl":"https:\/\/secure.gravatar.com\/avatar\/1f44802859351588499d26f52aed1d15796ce17e67602895b72837c08018868d?s=96&d=mm&r=g","caption":"D\u00e9bora Figueiredo"}}]}},"_links":{"self":[{"href":"https:\/\/www.gaveanews.com\/index.php\/wp-json\/wp\/v2\/posts\/194849","targetHints":{"allow":["GET"]}}],"collection":[{"href":"https:\/\/www.gaveanews.com\/index.php\/wp-json\/wp\/v2\/posts"}],"about":[{"href":"https:\/\/www.gaveanews.com\/index.php\/wp-json\/wp\/v2\/types\/post"}],"author":[{"embeddable":true,"href":"https:\/\/www.gaveanews.com\/index.php\/wp-json\/wp\/v2\/users\/16"}],"replies":[{"embeddable":true,"href":"https:\/\/www.gaveanews.com\/index.php\/wp-json\/wp\/v2\/comments?post=194849"}],"version-history":[{"count":1,"href":"https:\/\/www.gaveanews.com\/index.php\/wp-json\/wp\/v2\/posts\/194849\/revisions"}],"predecessor-version":[{"id":194861,"href":"https:\/\/www.gaveanews.com\/index.php\/wp-json\/wp\/v2\/posts\/194849\/revisions\/194861"}],"wp:featuredmedia":[{"embeddable":true,"href":"https:\/\/www.gaveanews.com\/index.php\/wp-json\/wp\/v2\/media\/161261"}],"wp:attachment":[{"href":"https:\/\/www.gaveanews.com\/index.php\/wp-json\/wp\/v2\/media?parent=194849"}],"wp:term":[{"taxonomy":"category","embeddable":true,"href":"https:\/\/www.gaveanews.com\/index.php\/wp-json\/wp\/v2\/categories?post=194849"},{"taxonomy":"post_tag","embeddable":true,"href":"https:\/\/www.gaveanews.com\/index.php\/wp-json\/wp\/v2\/tags?post=194849"}],"curies":[{"name":"wp","href":"https:\/\/api.w.org\/{rel}","templated":true}]}}