{"id":194854,"date":"2024-12-05T10:25:00","date_gmt":"2024-12-05T13:25:00","guid":{"rendered":"https:\/\/www.gaveanews.com\/?p=194854"},"modified":"2024-12-05T09:00:27","modified_gmt":"2024-12-05T12:00:27","slug":"santos-define-permanencias-de-lucas-braga-e-lucas-barbosa-no-elenco-em-2025","status":"publish","type":"post","link":"https:\/\/www.gaveanews.com\/index.php\/2024\/12\/05\/santos-define-permanencias-de-lucas-braga-e-lucas-barbosa-no-elenco-em-2025\/","title":{"rendered":"Santos define perman\u00eancias de Lucas Braga e Lucas Barbosa no elenco em 2025"},"content":{"rendered":"\n<h2 class=\"wp-block-heading\" id=\"h-santos-confirma-retorno-de-lucas-braga-e-lucas-barbosa-para-a-temporada-2025\">Santos confirma retorno de Lucas Braga e Lucas Barbosa para a temporada 2025<\/h2>\n\n\n\n<p>O Santos oficializou a reintegra\u00e7\u00e3o dos atacantes Lucas Braga e Lucas Barbosa ao elenco para a pr\u00f3xima temporada. A dupla viajar\u00e1 com o grupo no dia 5 de janeiro para Orlando, nos Estados Unidos, onde o clube realizar\u00e1 a pr\u00e9-temporada. A decis\u00e3o busca refor\u00e7ar o setor ofensivo, que sofreu baixas importantes ao fim de 2024, e dar mais op\u00e7\u00f5es ao novo t\u00e9cnico, ainda n\u00e3o anunciado pela diretoria santista.<\/p>\n\n\n\n<ul class=\"wp-block-list\">\n<li><a href=\"https:\/\/www.gaveanews.com\/index.php\/2024\/12\/03\/futuro-de-cinco-jogadores-do-santos-vai-depender-do-novo-treinador\/\">Futuro de cinco jogadores do Santos vai depender do novo treinador<\/a><\/li>\n\n\n\n<li><a href=\"https:\/\/www.gaveanews.com\/index.php\/2024\/12\/03\/futuro-dos-jogadores-contratacao-fracassada-e-renovacao-ate-2028-as-ultimas-noticias-do-santos\/\">Futuro dos jogadores, contrata\u00e7\u00e3o fracassada e renova\u00e7\u00e3o at\u00e9 2028: as \u00faltimas not\u00edcias do Santos<\/a><\/li>\n<\/ul>\n\n\n\n<p>Lucas Barbosa, de 23 anos, teve uma temporada de destaque pelo Juventude, onde atuou emprestado. Foram 54 partidas, com 14 gols e cinco assist\u00eancias, n\u00fameros que chamaram a aten\u00e7\u00e3o de outros clubes, incluindo o Vasco. No entanto, o Santos optou por manter o jogador em seu elenco, confiando no potencial de crescimento e na versatilidade do atleta. <\/p>\n\n\n\n<p>Com contrato v\u00e1lido at\u00e9 julho de 2026, Barbosa pode atuar pelas duas pontas do ataque e tamb\u00e9m no meio-campo, o que o torna uma pe\u00e7a estrat\u00e9gica para o Peixe em 2025.<\/p>\n\n\n\n<p>J\u00e1 Lucas Braga retorna ap\u00f3s um per\u00edodo no futebol japon\u00eas. Emprestado ao Shimizu S-Pulse, da segunda divis\u00e3o do Jap\u00e3o, o atacante disputou a temporada completa e agora volta ao Santos para ser aproveitado. <\/p>\n\n\n\n<p>Aos 28 anos, Braga tem contrato at\u00e9 abril de 2026 e traz experi\u00eancia ao elenco santista. A expectativa \u00e9 de que ele contribua tanto na cria\u00e7\u00e3o de jogadas quanto na finaliza\u00e7\u00e3o, oferecendo mais profundidade ao ataque alvinegro.<\/p>\n\n\n\n<p>A volta da dupla \u00e9 uma resposta \u00e0s recentes sa\u00eddas no setor ofensivo. Pedrinho e Nacho Laquintanna, que tiveram contratos encerrados ao fim da temporada, n\u00e3o permanecer\u00e3o no clube. A diretoria trabalha para equilibrar o elenco e oferecer alternativas competitivas.<\/p>\n","protected":false},"excerpt":{"rendered":"<p>Santos confirma retorno de Lucas Braga e Lucas Barbosa para a temporada 2025 O Santos oficializou a reintegra\u00e7\u00e3o dos atacantes Lucas Braga e Lucas Barbosa ao elenco para a pr\u00f3xima temporada. A dupla viajar\u00e1 com o grupo no dia 5 de janeiro para Orlando, nos Estados Unidos, onde o clube realizar\u00e1 a pr\u00e9-temporada. A decis\u00e3o [&hellip;]<\/p>\n","protected":false},"author":17,"featured_media":147446,"comment_status":"open","ping_status":"closed","sticky":false,"template":"","format":"standard","meta":{"footnotes":""},"categories":[139],"tags":[],"class_list":["post-194854","post","type-post","status-publish","format-standard","has-post-thumbnail","hentry","category-santos"],"yoast_head":"<!-- This site is optimized with the Yoast SEO Premium plugin v24.2 (Yoast SEO v26.9) - https:\/\/yoast.com\/product\/yoast-seo-premium-wordpress\/ -->\n<title>Santos define perman\u00eancias de Lucas Braga e Lucas Barbosa no elenco em 2025<\/title>\n<meta name=\"robots\" content=\"index, follow, max-snippet:-1, max-image-preview:large, max-video-preview:-1\" \/>\n<link rel=\"canonical\" href=\"https:\/\/www.gaveanews.com\/index.php\/2024\/12\/05\/santos-define-permanencias-de-lucas-braga-e-lucas-barbosa-no-elenco-em-2025\/\" \/>\n<meta property=\"og:locale\" content=\"pt_BR\" \/>\n<meta property=\"og:type\" content=\"article\" \/>\n<meta property=\"og:title\" content=\"Santos define perman\u00eancias de Lucas Braga e Lucas Barbosa no elenco em 2025\" \/>\n<meta property=\"og:description\" content=\"Santos confirma retorno de Lucas Braga e Lucas Barbosa para a temporada 2025 O Santos oficializou a reintegra\u00e7\u00e3o dos atacantes Lucas Braga e Lucas Barbosa ao elenco para a pr\u00f3xima temporada. A dupla viajar\u00e1 com o grupo no dia 5 de janeiro para Orlando, nos Estados Unidos, onde o clube realizar\u00e1 a pr\u00e9-temporada. A decis\u00e3o [&hellip;]\" \/>\n<meta property=\"og:url\" content=\"https:\/\/www.gaveanews.com\/index.php\/2024\/12\/05\/santos-define-permanencias-de-lucas-braga-e-lucas-barbosa-no-elenco-em-2025\/\" \/>\n<meta property=\"og:site_name\" content=\"G\u00e1vea News\" \/>\n<meta property=\"article:publisher\" content=\"https:\/\/facebook.com\/gaveaNews\/\" \/>\n<meta property=\"article:published_time\" content=\"2024-12-05T13:25:00+00:00\" \/>\n<meta property=\"og:image\" content=\"https:\/\/www.gaveanews.com\/wp-content\/uploads\/Escudo-do-Santos.webp\" \/>\n\t<meta property=\"og:image:width\" content=\"1621\" \/>\n\t<meta property=\"og:image:height\" content=\"1081\" \/>\n\t<meta property=\"og:image:type\" content=\"image\/webp\" \/>\n<meta name=\"author\" content=\"Geovanna Thomaz\" \/>\n<meta name=\"twitter:card\" content=\"summary_large_image\" \/>\n<meta name=\"twitter:label1\" content=\"Escrito por\" \/>\n\t<meta name=\"twitter:data1\" content=\"Geovanna Thomaz\" \/>\n\t<meta name=\"twitter:label2\" content=\"Est. tempo de leitura\" \/>\n\t<meta name=\"twitter:data2\" content=\"2 minutos\" \/>\n<script type=\"application\/ld+json\" class=\"yoast-schema-graph\">{\"@context\":\"https:\/\/schema.org\",\"@graph\":[{\"@type\":\"NewsArticle\",\"@id\":\"https:\/\/www.gaveanews.com\/index.php\/2024\/12\/05\/santos-define-permanencias-de-lucas-braga-e-lucas-barbosa-no-elenco-em-2025\/#article\",\"isPartOf\":{\"@id\":\"https:\/\/www.gaveanews.com\/index.php\/2024\/12\/05\/santos-define-permanencias-de-lucas-braga-e-lucas-barbosa-no-elenco-em-2025\/\"},\"author\":{\"name\":\"Geovanna Thomaz\",\"@id\":\"https:\/\/www.gaveanews.com\/#\/schema\/person\/f42654babcd2b2014a1a65af82b081f1\"},\"headline\":\"Santos define perman\u00eancias de Lucas Braga e Lucas Barbosa no elenco em 2025\",\"datePublished\":\"2024-12-05T13:25:00+00:00\",\"mainEntityOfPage\":{\"@id\":\"https:\/\/www.gaveanews.com\/index.php\/2024\/12\/05\/santos-define-permanencias-de-lucas-braga-e-lucas-barbosa-no-elenco-em-2025\/\"},\"wordCount\":333,\"commentCount\":0,\"image\":{\"@id\":\"https:\/\/www.gaveanews.com\/index.php\/2024\/12\/05\/santos-define-permanencias-de-lucas-braga-e-lucas-barbosa-no-elenco-em-2025\/#primaryimage\"},\"thumbnailUrl\":\"https:\/\/www.gaveanews.com\/wp-content\/uploads\/Escudo-do-Santos.webp\",\"articleSection\":[\"Santos\"],\"inLanguage\":\"pt-BR\",\"potentialAction\":[{\"@type\":\"CommentAction\",\"name\":\"Comment\",\"target\":[\"https:\/\/www.gaveanews.com\/index.php\/2024\/12\/05\/santos-define-permanencias-de-lucas-braga-e-lucas-barbosa-no-elenco-em-2025\/#respond\"]}],\"copyrightYear\":\"2024\",\"copyrightHolder\":{\"@id\":\"https:\/\/www.gaveanews.com\/#organization\"}},{\"@type\":\"WebPage\",\"@id\":\"https:\/\/www.gaveanews.com\/index.php\/2024\/12\/05\/santos-define-permanencias-de-lucas-braga-e-lucas-barbosa-no-elenco-em-2025\/\",\"url\":\"https:\/\/www.gaveanews.com\/index.php\/2024\/12\/05\/santos-define-permanencias-de-lucas-braga-e-lucas-barbosa-no-elenco-em-2025\/\",\"name\":\"Santos define perman\u00eancias de Lucas Braga e Lucas Barbosa no elenco em 2025\",\"isPartOf\":{\"@id\":\"https:\/\/www.gaveanews.com\/#website\"},\"primaryImageOfPage\":{\"@id\":\"https:\/\/www.gaveanews.com\/index.php\/2024\/12\/05\/santos-define-permanencias-de-lucas-braga-e-lucas-barbosa-no-elenco-em-2025\/#primaryimage\"},\"image\":{\"@id\":\"https:\/\/www.gaveanews.com\/index.php\/2024\/12\/05\/santos-define-permanencias-de-lucas-braga-e-lucas-barbosa-no-elenco-em-2025\/#primaryimage\"},\"thumbnailUrl\":\"https:\/\/www.gaveanews.com\/wp-content\/uploads\/Escudo-do-Santos.webp\",\"datePublished\":\"2024-12-05T13:25:00+00:00\",\"author\":{\"@id\":\"https:\/\/www.gaveanews.com\/#\/schema\/person\/f42654babcd2b2014a1a65af82b081f1\"},\"breadcrumb\":{\"@id\":\"https:\/\/www.gaveanews.com\/index.php\/2024\/12\/05\/santos-define-permanencias-de-lucas-braga-e-lucas-barbosa-no-elenco-em-2025\/#breadcrumb\"},\"inLanguage\":\"pt-BR\",\"potentialAction\":[{\"@type\":\"ReadAction\",\"target\":[\"https:\/\/www.gaveanews.com\/index.php\/2024\/12\/05\/santos-define-permanencias-de-lucas-braga-e-lucas-barbosa-no-elenco-em-2025\/\"]}]},{\"@type\":\"ImageObject\",\"inLanguage\":\"pt-BR\",\"@id\":\"https:\/\/www.gaveanews.com\/index.php\/2024\/12\/05\/santos-define-permanencias-de-lucas-braga-e-lucas-barbosa-no-elenco-em-2025\/#primaryimage\",\"url\":\"https:\/\/www.gaveanews.com\/wp-content\/uploads\/Escudo-do-Santos.webp\",\"contentUrl\":\"https:\/\/www.gaveanews.com\/wp-content\/uploads\/Escudo-do-Santos.webp\",\"width\":1621,\"height\":1081,\"caption\":\"Escudo do Santos (Foto: Reprodu\u00e7\u00e3o\/Instagram)\"},{\"@type\":\"BreadcrumbList\",\"@id\":\"https:\/\/www.gaveanews.com\/index.php\/2024\/12\/05\/santos-define-permanencias-de-lucas-braga-e-lucas-barbosa-no-elenco-em-2025\/#breadcrumb\",\"itemListElement\":[{\"@type\":\"ListItem\",\"position\":1,\"name\":\"Home\",\"item\":\"https:\/\/www.gaveanews.com\/\"},{\"@type\":\"ListItem\",\"position\":2,\"name\":\"Santos define perman\u00eancias de Lucas Braga e Lucas Barbosa no elenco em 2025\"}]},{\"@type\":\"WebSite\",\"@id\":\"https:\/\/www.gaveanews.com\/#website\",\"url\":\"https:\/\/www.gaveanews.com\/\",\"name\":\"G\u00e1vea News\",\"description\":\"Veja todas as not\u00edcias sobre o Flamengo: Contrata\u00e7\u00f5es, categorias de base, resultados das partidas, tabela de classifica\u00e7\u00e3o, pr\u00f3ximos jogos!\",\"potentialAction\":[{\"@type\":\"SearchAction\",\"target\":{\"@type\":\"EntryPoint\",\"urlTemplate\":\"https:\/\/www.gaveanews.com\/?s={search_term_string}\"},\"query-input\":{\"@type\":\"PropertyValueSpecification\",\"valueRequired\":true,\"valueName\":\"search_term_string\"}}],\"inLanguage\":\"pt-BR\"},{\"@type\":\"Person\",\"@id\":\"https:\/\/www.gaveanews.com\/#\/schema\/person\/f42654babcd2b2014a1a65af82b081f1\",\"name\":\"Geovanna Thomaz\",\"image\":{\"@type\":\"ImageObject\",\"inLanguage\":\"pt-BR\",\"@id\":\"https:\/\/www.gaveanews.com\/#\/schema\/person\/image\/\",\"url\":\"https:\/\/secure.gravatar.com\/avatar\/4092073255489533afb558984b49b64268c47198af8623cc82a925ae9fb7118a?s=96&d=mm&r=g\",\"contentUrl\":\"https:\/\/secure.gravatar.com\/avatar\/4092073255489533afb558984b49b64268c47198af8623cc82a925ae9fb7118a?s=96&d=mm&r=g\",\"caption\":\"Geovanna Thomaz\"}}]}<\/script>\n<!-- \/ Yoast SEO Premium plugin. -->","yoast_head_json":{"title":"Santos define perman\u00eancias de Lucas Braga e Lucas Barbosa no elenco em 2025","robots":{"index":"index","follow":"follow","max-snippet":"max-snippet:-1","max-image-preview":"max-image-preview:large","max-video-preview":"max-video-preview:-1"},"canonical":"https:\/\/www.gaveanews.com\/index.php\/2024\/12\/05\/santos-define-permanencias-de-lucas-braga-e-lucas-barbosa-no-elenco-em-2025\/","og_locale":"pt_BR","og_type":"article","og_title":"Santos define perman\u00eancias de Lucas Braga e Lucas Barbosa no elenco em 2025","og_description":"Santos confirma retorno de Lucas Braga e Lucas Barbosa para a temporada 2025 O Santos oficializou a reintegra\u00e7\u00e3o dos atacantes Lucas Braga e Lucas Barbosa ao elenco para a pr\u00f3xima temporada. A dupla viajar\u00e1 com o grupo no dia 5 de janeiro para Orlando, nos Estados Unidos, onde o clube realizar\u00e1 a pr\u00e9-temporada. A decis\u00e3o [&hellip;]","og_url":"https:\/\/www.gaveanews.com\/index.php\/2024\/12\/05\/santos-define-permanencias-de-lucas-braga-e-lucas-barbosa-no-elenco-em-2025\/","og_site_name":"G\u00e1vea News","article_publisher":"https:\/\/facebook.com\/gaveaNews\/","article_published_time":"2024-12-05T13:25:00+00:00","og_image":[{"width":1621,"height":1081,"url":"https:\/\/www.gaveanews.com\/wp-content\/uploads\/Escudo-do-Santos.webp","type":"image\/webp"}],"author":"Geovanna Thomaz","twitter_card":"summary_large_image","twitter_misc":{"Escrito por":"Geovanna Thomaz","Est. tempo de leitura":"2 minutos"},"schema":{"@context":"https:\/\/schema.org","@graph":[{"@type":"NewsArticle","@id":"https:\/\/www.gaveanews.com\/index.php\/2024\/12\/05\/santos-define-permanencias-de-lucas-braga-e-lucas-barbosa-no-elenco-em-2025\/#article","isPartOf":{"@id":"https:\/\/www.gaveanews.com\/index.php\/2024\/12\/05\/santos-define-permanencias-de-lucas-braga-e-lucas-barbosa-no-elenco-em-2025\/"},"author":{"name":"Geovanna Thomaz","@id":"https:\/\/www.gaveanews.com\/#\/schema\/person\/f42654babcd2b2014a1a65af82b081f1"},"headline":"Santos define perman\u00eancias de Lucas Braga e Lucas Barbosa no elenco em 2025","datePublished":"2024-12-05T13:25:00+00:00","mainEntityOfPage":{"@id":"https:\/\/www.gaveanews.com\/index.php\/2024\/12\/05\/santos-define-permanencias-de-lucas-braga-e-lucas-barbosa-no-elenco-em-2025\/"},"wordCount":333,"commentCount":0,"image":{"@id":"https:\/\/www.gaveanews.com\/index.php\/2024\/12\/05\/santos-define-permanencias-de-lucas-braga-e-lucas-barbosa-no-elenco-em-2025\/#primaryimage"},"thumbnailUrl":"https:\/\/www.gaveanews.com\/wp-content\/uploads\/Escudo-do-Santos.webp","articleSection":["Santos"],"inLanguage":"pt-BR","potentialAction":[{"@type":"CommentAction","name":"Comment","target":["https:\/\/www.gaveanews.com\/index.php\/2024\/12\/05\/santos-define-permanencias-de-lucas-braga-e-lucas-barbosa-no-elenco-em-2025\/#respond"]}],"copyrightYear":"2024","copyrightHolder":{"@id":"https:\/\/www.gaveanews.com\/#organization"}},{"@type":"WebPage","@id":"https:\/\/www.gaveanews.com\/index.php\/2024\/12\/05\/santos-define-permanencias-de-lucas-braga-e-lucas-barbosa-no-elenco-em-2025\/","url":"https:\/\/www.gaveanews.com\/index.php\/2024\/12\/05\/santos-define-permanencias-de-lucas-braga-e-lucas-barbosa-no-elenco-em-2025\/","name":"Santos define perman\u00eancias de Lucas Braga e Lucas Barbosa no elenco em 2025","isPartOf":{"@id":"https:\/\/www.gaveanews.com\/#website"},"primaryImageOfPage":{"@id":"https:\/\/www.gaveanews.com\/index.php\/2024\/12\/05\/santos-define-permanencias-de-lucas-braga-e-lucas-barbosa-no-elenco-em-2025\/#primaryimage"},"image":{"@id":"https:\/\/www.gaveanews.com\/index.php\/2024\/12\/05\/santos-define-permanencias-de-lucas-braga-e-lucas-barbosa-no-elenco-em-2025\/#primaryimage"},"thumbnailUrl":"https:\/\/www.gaveanews.com\/wp-content\/uploads\/Escudo-do-Santos.webp","datePublished":"2024-12-05T13:25:00+00:00","author":{"@id":"https:\/\/www.gaveanews.com\/#\/schema\/person\/f42654babcd2b2014a1a65af82b081f1"},"breadcrumb":{"@id":"https:\/\/www.gaveanews.com\/index.php\/2024\/12\/05\/santos-define-permanencias-de-lucas-braga-e-lucas-barbosa-no-elenco-em-2025\/#breadcrumb"},"inLanguage":"pt-BR","potentialAction":[{"@type":"ReadAction","target":["https:\/\/www.gaveanews.com\/index.php\/2024\/12\/05\/santos-define-permanencias-de-lucas-braga-e-lucas-barbosa-no-elenco-em-2025\/"]}]},{"@type":"ImageObject","inLanguage":"pt-BR","@id":"https:\/\/www.gaveanews.com\/index.php\/2024\/12\/05\/santos-define-permanencias-de-lucas-braga-e-lucas-barbosa-no-elenco-em-2025\/#primaryimage","url":"https:\/\/www.gaveanews.com\/wp-content\/uploads\/Escudo-do-Santos.webp","contentUrl":"https:\/\/www.gaveanews.com\/wp-content\/uploads\/Escudo-do-Santos.webp","width":1621,"height":1081,"caption":"Escudo do Santos (Foto: Reprodu\u00e7\u00e3o\/Instagram)"},{"@type":"BreadcrumbList","@id":"https:\/\/www.gaveanews.com\/index.php\/2024\/12\/05\/santos-define-permanencias-de-lucas-braga-e-lucas-barbosa-no-elenco-em-2025\/#breadcrumb","itemListElement":[{"@type":"ListItem","position":1,"name":"Home","item":"https:\/\/www.gaveanews.com\/"},{"@type":"ListItem","position":2,"name":"Santos define perman\u00eancias de Lucas Braga e Lucas Barbosa no elenco em 2025"}]},{"@type":"WebSite","@id":"https:\/\/www.gaveanews.com\/#website","url":"https:\/\/www.gaveanews.com\/","name":"G\u00e1vea News","description":"Veja todas as not\u00edcias sobre o Flamengo: Contrata\u00e7\u00f5es, categorias de base, resultados das partidas, tabela de classifica\u00e7\u00e3o, pr\u00f3ximos jogos!","potentialAction":[{"@type":"SearchAction","target":{"@type":"EntryPoint","urlTemplate":"https:\/\/www.gaveanews.com\/?s={search_term_string}"},"query-input":{"@type":"PropertyValueSpecification","valueRequired":true,"valueName":"search_term_string"}}],"inLanguage":"pt-BR"},{"@type":"Person","@id":"https:\/\/www.gaveanews.com\/#\/schema\/person\/f42654babcd2b2014a1a65af82b081f1","name":"Geovanna Thomaz","image":{"@type":"ImageObject","inLanguage":"pt-BR","@id":"https:\/\/www.gaveanews.com\/#\/schema\/person\/image\/","url":"https:\/\/secure.gravatar.com\/avatar\/4092073255489533afb558984b49b64268c47198af8623cc82a925ae9fb7118a?s=96&d=mm&r=g","contentUrl":"https:\/\/secure.gravatar.com\/avatar\/4092073255489533afb558984b49b64268c47198af8623cc82a925ae9fb7118a?s=96&d=mm&r=g","caption":"Geovanna Thomaz"}}]}},"_links":{"self":[{"href":"https:\/\/www.gaveanews.com\/index.php\/wp-json\/wp\/v2\/posts\/194854","targetHints":{"allow":["GET"]}}],"collection":[{"href":"https:\/\/www.gaveanews.com\/index.php\/wp-json\/wp\/v2\/posts"}],"about":[{"href":"https:\/\/www.gaveanews.com\/index.php\/wp-json\/wp\/v2\/types\/post"}],"author":[{"embeddable":true,"href":"https:\/\/www.gaveanews.com\/index.php\/wp-json\/wp\/v2\/users\/17"}],"replies":[{"embeddable":true,"href":"https:\/\/www.gaveanews.com\/index.php\/wp-json\/wp\/v2\/comments?post=194854"}],"version-history":[{"count":1,"href":"https:\/\/www.gaveanews.com\/index.php\/wp-json\/wp\/v2\/posts\/194854\/revisions"}],"predecessor-version":[{"id":194856,"href":"https:\/\/www.gaveanews.com\/index.php\/wp-json\/wp\/v2\/posts\/194854\/revisions\/194856"}],"wp:featuredmedia":[{"embeddable":true,"href":"https:\/\/www.gaveanews.com\/index.php\/wp-json\/wp\/v2\/media\/147446"}],"wp:attachment":[{"href":"https:\/\/www.gaveanews.com\/index.php\/wp-json\/wp\/v2\/media?parent=194854"}],"wp:term":[{"taxonomy":"category","embeddable":true,"href":"https:\/\/www.gaveanews.com\/index.php\/wp-json\/wp\/v2\/categories?post=194854"},{"taxonomy":"post_tag","embeddable":true,"href":"https:\/\/www.gaveanews.com\/index.php\/wp-json\/wp\/v2\/tags?post=194854"}],"curies":[{"name":"wp","href":"https:\/\/api.w.org\/{rel}","templated":true}]}}