{"id":194971,"date":"2024-12-05T07:30:00","date_gmt":"2024-12-05T10:30:00","guid":{"rendered":"https:\/\/www.gaveanews.com\/?p=194971"},"modified":"2024-12-05T07:25:44","modified_gmt":"2024-12-05T10:25:44","slug":"situacao-de-joao-lucas-declaracao-de-gabriel-brazao-e-contratacao-para-2025-as-ultimas-noticias-do-santos","status":"publish","type":"post","link":"https:\/\/www.gaveanews.com\/index.php\/2024\/12\/05\/situacao-de-joao-lucas-declaracao-de-gabriel-brazao-e-contratacao-para-2025-as-ultimas-noticias-do-santos\/","title":{"rendered":"Situa\u00e7\u00e3o de Jo\u00e3o Lucas, declara\u00e7\u00e3o de Gabriel Braz\u00e3o e contrata\u00e7\u00e3o para 2025: as \u00faltimas not\u00edcias do Santos"},"content":{"rendered":"\n<p>Nas \u00faltimas horas, o foco das not\u00edcias sobre o Santos se concentram nos bastidores do clube, com destaques como a declara\u00e7\u00e3o de Gabriel Braz\u00e3o e contrata\u00e7\u00e3o para 2025.<\/p>\n\n\n\n<p>Por conta deste contexto, leia abaixo um resumo preparado pela equipe do portal G\u00e1vea News para lhe manter muito bem informado!<\/p>\n\n\n\n<h2 class=\"wp-block-heading\" id=\"h-contratacao-para-2025\">Contrata\u00e7\u00e3o para 2025<\/h2>\n\n\n\n<p>O Santos anunciou oficialmente a contrata\u00e7\u00e3o de Guilherme Sousa como novo gerente de futebol para a temporada de 2025. Com experi\u00eancia em clubes como Atl\u00e9tico-MG e Coritiba, al\u00e9m de passagens pela CBF e Comit\u00ea Ol\u00edmpico Brasileiro, Guilherme ter\u00e1 papel fundamental no planejamento do Departamento de Futebol, trabalhando ao lado de Paulo Bracks, CEO do clube, Alexandre Gallo, coordenador de futebol, e Leo, assessor especial. O novo gerente expressou entusiasmo ao assumir o cargo, destacando o peso hist\u00f3rico do Santos e prometendo dedica\u00e7\u00e3o para ajudar o clube a voltar a conquistar t\u00edtulos <strong><a href=\"https:\/\/www.gaveanews.com\/index.php\/2024\/12\/04\/e-oficial-santos-confirma-sua-primeira-contratacao-para-2025\/\">(leia a mat\u00e9ria completa).<\/a><\/strong><\/p>\n\n\n\n<figure class=\"wp-block-image size-full\"><img loading=\"lazy\" decoding=\"async\" width=\"800\" height=\"640\" src=\"https:\/\/www.gaveanews.com\/wp-content\/uploads\/Alexandre-Gallo-durante-coletiva-no-CT-Rei-Pele.webp\" alt=\"\" class=\"wp-image-155797\" srcset=\"https:\/\/www.gaveanews.com\/wp-content\/uploads\/Alexandre-Gallo-durante-coletiva-no-CT-Rei-Pele.webp 800w, https:\/\/www.gaveanews.com\/wp-content\/uploads\/Alexandre-Gallo-durante-coletiva-no-CT-Rei-Pele-300x240.webp 300w, https:\/\/www.gaveanews.com\/wp-content\/uploads\/Alexandre-Gallo-durante-coletiva-no-CT-Rei-Pele-768x614.webp 768w, https:\/\/www.gaveanews.com\/wp-content\/uploads\/Alexandre-Gallo-durante-coletiva-no-CT-Rei-Pele-525x420.webp 525w, https:\/\/www.gaveanews.com\/wp-content\/uploads\/Alexandre-Gallo-durante-coletiva-no-CT-Rei-Pele-640x512.webp 640w, https:\/\/www.gaveanews.com\/wp-content\/uploads\/Alexandre-Gallo-durante-coletiva-no-CT-Rei-Pele-681x545.webp 681w, https:\/\/www.gaveanews.com\/wp-content\/uploads\/Alexandre-Gallo-durante-coletiva-no-CT-Rei-Pele-100x80.webp 100w\" sizes=\"auto, (max-width: 800px) 100vw, 800px\" \/><figcaption class=\"wp-element-caption\">Alexandre Gallo durante coletiva no CT Rei Pel\u00e9 (Foto: Raul Baretta\/Santos)<\/figcaption><\/figure>\n\n\n\n<p>No Coritiba, Guilherme atuou inicialmente na base, sendo promovido ao time principal em 2023. No Atl\u00e9tico-MG, gerenciou a base de 2018 a 2022, participando de importantes competi\u00e7\u00f5es como a Ta\u00e7a BH e o Campeonato Mineiro Sub-20. Sua chegada ao Santos busca refor\u00e7ar a estrutura administrativa e t\u00e9cnica do clube, que enfrenta desafios ap\u00f3s temporadas inst\u00e1veis. <\/p>\n\n\n\n<p>A diretoria destacou que sua contrata\u00e7\u00e3o \u00e9 parte de um esfor\u00e7o para profissionalizar ainda mais a gest\u00e3o, visando integrar os departamentos masculino, feminino e de base.<\/p>\n\n\n\n<p>Apesar da chegada de Guilherme, especula\u00e7\u00f5es sobre uma poss\u00edvel sa\u00edda de Alexandre Gallo, atual coordenador de futebol, ganharam for\u00e7a. Contudo, o presidente Marcelo Teixeira reafirmou seu apoio a Gallo, que enfrenta press\u00e3o ap\u00f3s epis\u00f3dios como o rebaixamento de 2023. A diretoria santista aposta na nova equipe de gest\u00e3o para conduzir o clube a um planejamento mais eficiente, estabelecendo uma base s\u00f3lida para o futuro competitivo do Santos.<\/p>\n\n\n\n<h2 class=\"wp-block-heading\" id=\"h-declaracao-de-gabriel-brazao\">Declara\u00e7\u00e3o de Gabriel Braz\u00e3o<\/h2>\n\n\n\n<p>O goleiro Gabriel Braz\u00e3o, destaque do Santos na temporada de 2024, comentou sobre a sa\u00edda do t\u00e9cnico F\u00e1bio Carille, que deixou o clube ap\u00f3s conquistar o t\u00edtulo da S\u00e9rie B e garantir o retorno \u00e0 elite do futebol brasileiro. Em entrevista, Braz\u00e3o expressou sua gratid\u00e3o ao treinador, destacando a confian\u00e7a depositada nele ap\u00f3s a les\u00e3o do titular Jo\u00e3o Paulo. &#8220;Sou muito grato ao Carille, aprendi muito com ele. \u00c9 um baita treinador&#8221;, afirmou o goleiro, que ganhou espa\u00e7o durante a temporada sob o comando do t\u00e9cnico<strong><a href=\"https:\/\/www.gaveanews.com\/index.php\/2024\/12\/04\/a-declaracao-de-gabriel-brazao-sobre-o-novo-tecnico-do-santos\/\"> (leia a mat\u00e9ria completa).<\/a><\/strong><\/p>\n\n\n\n<figure class=\"wp-block-image size-large\"><img loading=\"lazy\" decoding=\"async\" width=\"1024\" height=\"675\" src=\"https:\/\/www.gaveanews.com\/wp-content\/uploads\/Fabio-Carille-treinando-o-Santos-1024x675.webp\" alt=\"\" class=\"wp-image-153906\" srcset=\"https:\/\/www.gaveanews.com\/wp-content\/uploads\/Fabio-Carille-treinando-o-Santos-1024x675.webp 1024w, https:\/\/www.gaveanews.com\/wp-content\/uploads\/Fabio-Carille-treinando-o-Santos-300x198.webp 300w, https:\/\/www.gaveanews.com\/wp-content\/uploads\/Fabio-Carille-treinando-o-Santos-768x506.webp 768w, https:\/\/www.gaveanews.com\/wp-content\/uploads\/Fabio-Carille-treinando-o-Santos-1536x1012.webp 1536w, https:\/\/www.gaveanews.com\/wp-content\/uploads\/Fabio-Carille-treinando-o-Santos-638x420.webp 638w, https:\/\/www.gaveanews.com\/wp-content\/uploads\/Fabio-Carille-treinando-o-Santos-1275x840.webp 1275w, https:\/\/www.gaveanews.com\/wp-content\/uploads\/Fabio-Carille-treinando-o-Santos-640x422.webp 640w, https:\/\/www.gaveanews.com\/wp-content\/uploads\/Fabio-Carille-treinando-o-Santos-1280x843.webp 1280w, https:\/\/www.gaveanews.com\/wp-content\/uploads\/Fabio-Carille-treinando-o-Santos-681x449.webp 681w, https:\/\/www.gaveanews.com\/wp-content\/uploads\/Fabio-Carille-treinando-o-Santos-1362x897.webp 1362w, https:\/\/www.gaveanews.com\/wp-content\/uploads\/Fabio-Carille-treinando-o-Santos-100x66.webp 100w, https:\/\/www.gaveanews.com\/wp-content\/uploads\/Fabio-Carille-treinando-o-Santos.webp 1600w\" sizes=\"auto, (max-width: 1024px) 100vw, 1024px\" \/><figcaption class=\"wp-element-caption\">F\u00e1bio Carille treinando o Santos (Foto: Reprodu\u00e7\u00e3o\/Santos)<\/figcaption><\/figure>\n\n\n\n<p>Apesar do t\u00edtulo, a passagem de Carille foi marcada por cr\u00edticas da torcida devido ao desempenho inconsistente da equipe e \u00e0 pouca utiliza\u00e7\u00e3o de jogadores da base, um dos pilares hist\u00f3ricos do Santos. Agora, a diretoria trabalha para contratar um novo t\u00e9cnico para 2025, tendo o portugu\u00eas Lu\u00eds Castro como principal alvo. O treinador j\u00e1 visitou as instala\u00e7\u00f5es do clube, mas tamb\u00e9m recebeu uma proposta do Vasco, o que pode complicar sua chegada \u00e0 Vila Belmiro. Enquanto isso, outros nomes est\u00e3o sendo avaliados como alternativas.<\/p>\n\n\n\n<p>Braz\u00e3o demonstrou otimismo quanto ao futuro e \u00e0 escolha do novo comandante, ressaltando a expectativa por um profissional capacitado para liderar o time na S\u00e9rie A. &#8220;A expectativa \u00e9 muito grande, temos certeza de que a diretoria est\u00e1 trabalhando para trazer um grande treinador que possa fazer um excelente trabalho conosco&#8221;, concluiu o goleiro. A defini\u00e7\u00e3o do novo t\u00e9cnico \u00e9 vista como essencial para o planejamento do Santos, que busca iniciar 2025 com ambi\u00e7\u00f5es elevadas.<\/p>\n\n\n\n<h2 class=\"wp-block-heading\" id=\"h-situacao-de-joao-lucas\">Situa\u00e7\u00e3o de Jo\u00e3o Lucas<\/h2>\n\n\n\n<p>O Internacional est\u00e1 interessado na contrata\u00e7\u00e3o de Jo\u00e3o Lucas, lateral de 26 anos do Santos, atendendo a um pedido pessoal do t\u00e9cnico Roger Machado, que j\u00e1 trabalhou com o jogador no Juventude. Jo\u00e3o Lucas, que pertence ao Santos at\u00e9 o final de 2025, destacou-se na temporada com 28 jogos, dois gols e cinco assist\u00eancias sob o comando de Roger. O Internacional realizou consultas iniciais aos agentes do atleta, mas nenhuma negocia\u00e7\u00e3o formal foi oficializada at\u00e9 o momento<strong><a href=\"https:\/\/www.gaveanews.com\/index.php\/2024\/12\/04\/lateral-do-santos-pode-deixar-o-clube-e-assinar-com-o-internacional\/\"> (leia a mat\u00e9ria completa).<\/a><\/strong><\/p>\n\n\n\n<figure class=\"wp-block-image size-large\"><img loading=\"lazy\" decoding=\"async\" width=\"1024\" height=\"682\" src=\"https:\/\/www.gaveanews.com\/wp-content\/uploads\/Escudo-do-Santos-2-1024x682.webp\" alt=\"\" class=\"wp-image-165619\" srcset=\"https:\/\/www.gaveanews.com\/wp-content\/uploads\/Escudo-do-Santos-2-1024x682.webp 1024w, https:\/\/www.gaveanews.com\/wp-content\/uploads\/Escudo-do-Santos-2-300x200.webp 300w, https:\/\/www.gaveanews.com\/wp-content\/uploads\/Escudo-do-Santos-2-768x512.webp 768w, https:\/\/www.gaveanews.com\/wp-content\/uploads\/Escudo-do-Santos-2-630x420.webp 630w, https:\/\/www.gaveanews.com\/wp-content\/uploads\/Escudo-do-Santos-2-1260x840.webp 1260w, https:\/\/www.gaveanews.com\/wp-content\/uploads\/Escudo-do-Santos-2-640x427.webp 640w, https:\/\/www.gaveanews.com\/wp-content\/uploads\/Escudo-do-Santos-2-1280x853.webp 1280w, https:\/\/www.gaveanews.com\/wp-content\/uploads\/Escudo-do-Santos-2-681x454.webp 681w, https:\/\/www.gaveanews.com\/wp-content\/uploads\/Escudo-do-Santos-2-1362x908.webp 1362w, https:\/\/www.gaveanews.com\/wp-content\/uploads\/Escudo-do-Santos-2-100x67.webp 100w, https:\/\/www.gaveanews.com\/wp-content\/uploads\/Escudo-do-Santos-2.webp 1424w\" sizes=\"auto, (max-width: 1024px) 100vw, 1024px\" \/><figcaption class=\"wp-element-caption\">Escudo do Santos (Foto: Raul Baretta\/Santos FC)<\/figcaption><\/figure>\n\n\n\n<p>Al\u00e9m do Colorado, outros clubes, como Gr\u00eamio e duas equipes n\u00e3o reveladas, tamb\u00e9m demonstraram interesse no lateral, que chegou ao Santos em 2024 por R$ 6 milh\u00f5es. Apesar de ter jogado 30 partidas pelo Peixe, com uma assist\u00eancia, ele foi emprestado ao Juventude, onde apresentou desempenho superior. Agora, sua poss\u00edvel transfer\u00eancia pode refor\u00e7ar o setor defensivo do Internacional, que busca solu\u00e7\u00f5es para manter a competitividade em 2025.<\/p>\n\n\n\n<p>O Internacional, atualmente em quarto lugar no Brasileir\u00e3o com 65 pontos, enfrenta o Botafogo nesta quarta-feira (4), no Beira-Rio, pela pen\u00faltima rodada do campeonato. J\u00e1 o Santos segue analisando o mercado para definir sa\u00eddas e refor\u00e7os em seu elenco, enquanto se prepara para a temporada do pr\u00f3ximo ano, focando na reconstru\u00e7\u00e3o e no desempenho em competi\u00e7\u00f5es importantes.<\/p>\n","protected":false},"excerpt":{"rendered":"<p>Nas \u00faltimas horas, o foco das not\u00edcias sobre o Santos se concentram nos bastidores do clube, com destaques como a declara\u00e7\u00e3o de Gabriel Braz\u00e3o e contrata\u00e7\u00e3o para 2025. Por conta deste contexto, leia abaixo um resumo preparado pela equipe do portal G\u00e1vea News para lhe manter muito bem informado! Contrata\u00e7\u00e3o para 2025 O Santos anunciou [&hellip;]<\/p>\n","protected":false},"author":27,"featured_media":151180,"comment_status":"open","ping_status":"closed","sticky":false,"template":"","format":"standard","meta":{"footnotes":""},"categories":[139],"tags":[],"class_list":["post-194971","post","type-post","status-publish","format-standard","has-post-thumbnail","hentry","category-santos"],"yoast_head":"<!-- This site is optimized with the Yoast SEO Premium plugin v24.2 (Yoast SEO v26.9) - https:\/\/yoast.com\/product\/yoast-seo-premium-wordpress\/ -->\n<title>Situa\u00e7\u00e3o de Jo\u00e3o Lucas, declara\u00e7\u00e3o de Gabriel Braz\u00e3o e contrata\u00e7\u00e3o para 2025: as \u00faltimas not\u00edcias do Santos<\/title>\n<meta name=\"robots\" content=\"index, follow, max-snippet:-1, max-image-preview:large, max-video-preview:-1\" \/>\n<link rel=\"canonical\" href=\"https:\/\/www.gaveanews.com\/index.php\/2024\/12\/05\/situacao-de-joao-lucas-declaracao-de-gabriel-brazao-e-contratacao-para-2025-as-ultimas-noticias-do-santos\/\" \/>\n<meta property=\"og:locale\" content=\"pt_BR\" \/>\n<meta property=\"og:type\" content=\"article\" \/>\n<meta property=\"og:title\" content=\"Situa\u00e7\u00e3o de Jo\u00e3o Lucas, declara\u00e7\u00e3o de Gabriel Braz\u00e3o e contrata\u00e7\u00e3o para 2025: as \u00faltimas not\u00edcias do Santos\" \/>\n<meta property=\"og:description\" content=\"Nas \u00faltimas horas, o foco das not\u00edcias sobre o Santos se concentram nos bastidores do clube, com destaques como a declara\u00e7\u00e3o de Gabriel Braz\u00e3o e contrata\u00e7\u00e3o para 2025. Por conta deste contexto, leia abaixo um resumo preparado pela equipe do portal G\u00e1vea News para lhe manter muito bem informado! Contrata\u00e7\u00e3o para 2025 O Santos anunciou [&hellip;]\" \/>\n<meta property=\"og:url\" content=\"https:\/\/www.gaveanews.com\/index.php\/2024\/12\/05\/situacao-de-joao-lucas-declaracao-de-gabriel-brazao-e-contratacao-para-2025-as-ultimas-noticias-do-santos\/\" \/>\n<meta property=\"og:site_name\" content=\"G\u00e1vea News\" \/>\n<meta property=\"article:publisher\" content=\"https:\/\/facebook.com\/gaveaNews\/\" \/>\n<meta property=\"article:published_time\" content=\"2024-12-05T10:30:00+00:00\" \/>\n<meta property=\"og:image\" content=\"https:\/\/www.gaveanews.com\/wp-content\/uploads\/Gabriel-Brazao-em-acao-pelo-Santos.webp\" \/>\n\t<meta property=\"og:image:width\" content=\"1080\" \/>\n\t<meta property=\"og:image:height\" content=\"1346\" \/>\n\t<meta property=\"og:image:type\" content=\"image\/jpeg\" \/>\n<meta name=\"author\" content=\"Matheus Felipe\" \/>\n<meta name=\"twitter:card\" content=\"summary_large_image\" \/>\n<meta name=\"twitter:label1\" content=\"Escrito por\" \/>\n\t<meta name=\"twitter:data1\" content=\"Matheus Felipe\" \/>\n\t<meta name=\"twitter:label2\" content=\"Est. tempo de leitura\" \/>\n\t<meta name=\"twitter:data2\" content=\"6 minutos\" \/>\n<script type=\"application\/ld+json\" class=\"yoast-schema-graph\">{\"@context\":\"https:\/\/schema.org\",\"@graph\":[{\"@type\":\"NewsArticle\",\"@id\":\"https:\/\/www.gaveanews.com\/index.php\/2024\/12\/05\/situacao-de-joao-lucas-declaracao-de-gabriel-brazao-e-contratacao-para-2025-as-ultimas-noticias-do-santos\/#article\",\"isPartOf\":{\"@id\":\"https:\/\/www.gaveanews.com\/index.php\/2024\/12\/05\/situacao-de-joao-lucas-declaracao-de-gabriel-brazao-e-contratacao-para-2025-as-ultimas-noticias-do-santos\/\"},\"author\":{\"name\":\"Matheus Felipe\",\"@id\":\"https:\/\/www.gaveanews.com\/#\/schema\/person\/8207cd4627f56151707418bfc835b2fb\"},\"headline\":\"Situa\u00e7\u00e3o de Jo\u00e3o Lucas, declara\u00e7\u00e3o de Gabriel Braz\u00e3o e contrata\u00e7\u00e3o para 2025: as \u00faltimas not\u00edcias do Santos\",\"datePublished\":\"2024-12-05T10:30:00+00:00\",\"mainEntityOfPage\":{\"@id\":\"https:\/\/www.gaveanews.com\/index.php\/2024\/12\/05\/situacao-de-joao-lucas-declaracao-de-gabriel-brazao-e-contratacao-para-2025-as-ultimas-noticias-do-santos\/\"},\"wordCount\":876,\"commentCount\":0,\"image\":{\"@id\":\"https:\/\/www.gaveanews.com\/index.php\/2024\/12\/05\/situacao-de-joao-lucas-declaracao-de-gabriel-brazao-e-contratacao-para-2025-as-ultimas-noticias-do-santos\/#primaryimage\"},\"thumbnailUrl\":\"https:\/\/www.gaveanews.com\/wp-content\/uploads\/Gabriel-Brazao-em-acao-pelo-Santos.webp\",\"articleSection\":[\"Santos\"],\"inLanguage\":\"pt-BR\",\"potentialAction\":[{\"@type\":\"CommentAction\",\"name\":\"Comment\",\"target\":[\"https:\/\/www.gaveanews.com\/index.php\/2024\/12\/05\/situacao-de-joao-lucas-declaracao-de-gabriel-brazao-e-contratacao-para-2025-as-ultimas-noticias-do-santos\/#respond\"]}],\"copyrightYear\":\"2024\",\"copyrightHolder\":{\"@id\":\"https:\/\/www.gaveanews.com\/#organization\"}},{\"@type\":\"WebPage\",\"@id\":\"https:\/\/www.gaveanews.com\/index.php\/2024\/12\/05\/situacao-de-joao-lucas-declaracao-de-gabriel-brazao-e-contratacao-para-2025-as-ultimas-noticias-do-santos\/\",\"url\":\"https:\/\/www.gaveanews.com\/index.php\/2024\/12\/05\/situacao-de-joao-lucas-declaracao-de-gabriel-brazao-e-contratacao-para-2025-as-ultimas-noticias-do-santos\/\",\"name\":\"Situa\u00e7\u00e3o de Jo\u00e3o Lucas, declara\u00e7\u00e3o de Gabriel Braz\u00e3o e contrata\u00e7\u00e3o para 2025: as \u00faltimas not\u00edcias do Santos\",\"isPartOf\":{\"@id\":\"https:\/\/www.gaveanews.com\/#website\"},\"primaryImageOfPage\":{\"@id\":\"https:\/\/www.gaveanews.com\/index.php\/2024\/12\/05\/situacao-de-joao-lucas-declaracao-de-gabriel-brazao-e-contratacao-para-2025-as-ultimas-noticias-do-santos\/#primaryimage\"},\"image\":{\"@id\":\"https:\/\/www.gaveanews.com\/index.php\/2024\/12\/05\/situacao-de-joao-lucas-declaracao-de-gabriel-brazao-e-contratacao-para-2025-as-ultimas-noticias-do-santos\/#primaryimage\"},\"thumbnailUrl\":\"https:\/\/www.gaveanews.com\/wp-content\/uploads\/Gabriel-Brazao-em-acao-pelo-Santos.webp\",\"datePublished\":\"2024-12-05T10:30:00+00:00\",\"author\":{\"@id\":\"https:\/\/www.gaveanews.com\/#\/schema\/person\/8207cd4627f56151707418bfc835b2fb\"},\"breadcrumb\":{\"@id\":\"https:\/\/www.gaveanews.com\/index.php\/2024\/12\/05\/situacao-de-joao-lucas-declaracao-de-gabriel-brazao-e-contratacao-para-2025-as-ultimas-noticias-do-santos\/#breadcrumb\"},\"inLanguage\":\"pt-BR\",\"potentialAction\":[{\"@type\":\"ReadAction\",\"target\":[\"https:\/\/www.gaveanews.com\/index.php\/2024\/12\/05\/situacao-de-joao-lucas-declaracao-de-gabriel-brazao-e-contratacao-para-2025-as-ultimas-noticias-do-santos\/\"]}]},{\"@type\":\"ImageObject\",\"inLanguage\":\"pt-BR\",\"@id\":\"https:\/\/www.gaveanews.com\/index.php\/2024\/12\/05\/situacao-de-joao-lucas-declaracao-de-gabriel-brazao-e-contratacao-para-2025-as-ultimas-noticias-do-santos\/#primaryimage\",\"url\":\"https:\/\/www.gaveanews.com\/wp-content\/uploads\/Gabriel-Brazao-em-acao-pelo-Santos.webp\",\"contentUrl\":\"https:\/\/www.gaveanews.com\/wp-content\/uploads\/Gabriel-Brazao-em-acao-pelo-Santos.webp\",\"width\":1080,\"height\":1346,\"caption\":\"Gabriel Braz\u00e3o em a\u00e7\u00e3o pelo Santos (Foto: Reprodu\u00e7\u00e3o\/Instagram)\"},{\"@type\":\"BreadcrumbList\",\"@id\":\"https:\/\/www.gaveanews.com\/index.php\/2024\/12\/05\/situacao-de-joao-lucas-declaracao-de-gabriel-brazao-e-contratacao-para-2025-as-ultimas-noticias-do-santos\/#breadcrumb\",\"itemListElement\":[{\"@type\":\"ListItem\",\"position\":1,\"name\":\"Home\",\"item\":\"https:\/\/www.gaveanews.com\/\"},{\"@type\":\"ListItem\",\"position\":2,\"name\":\"Situa\u00e7\u00e3o de Jo\u00e3o Lucas, declara\u00e7\u00e3o de Gabriel Braz\u00e3o e contrata\u00e7\u00e3o para 2025: as \u00faltimas not\u00edcias do Santos\"}]},{\"@type\":\"WebSite\",\"@id\":\"https:\/\/www.gaveanews.com\/#website\",\"url\":\"https:\/\/www.gaveanews.com\/\",\"name\":\"G\u00e1vea News\",\"description\":\"Veja todas as not\u00edcias sobre o Flamengo: Contrata\u00e7\u00f5es, categorias de base, resultados das partidas, tabela de classifica\u00e7\u00e3o, pr\u00f3ximos jogos!\",\"potentialAction\":[{\"@type\":\"SearchAction\",\"target\":{\"@type\":\"EntryPoint\",\"urlTemplate\":\"https:\/\/www.gaveanews.com\/?s={search_term_string}\"},\"query-input\":{\"@type\":\"PropertyValueSpecification\",\"valueRequired\":true,\"valueName\":\"search_term_string\"}}],\"inLanguage\":\"pt-BR\"},{\"@type\":\"Person\",\"@id\":\"https:\/\/www.gaveanews.com\/#\/schema\/person\/8207cd4627f56151707418bfc835b2fb\",\"name\":\"Matheus Felipe\",\"image\":{\"@type\":\"ImageObject\",\"inLanguage\":\"pt-BR\",\"@id\":\"https:\/\/www.gaveanews.com\/#\/schema\/person\/image\/\",\"url\":\"https:\/\/secure.gravatar.com\/avatar\/a452ffbed9130f726358b298bb3a99ce4bd3c5338411f8440e87e14d74c7c087?s=96&d=mm&r=g\",\"contentUrl\":\"https:\/\/secure.gravatar.com\/avatar\/a452ffbed9130f726358b298bb3a99ce4bd3c5338411f8440e87e14d74c7c087?s=96&d=mm&r=g\",\"caption\":\"Matheus Felipe\"}}]}<\/script>\n<!-- \/ Yoast SEO Premium plugin. -->","yoast_head_json":{"title":"Situa\u00e7\u00e3o de Jo\u00e3o Lucas, declara\u00e7\u00e3o de Gabriel Braz\u00e3o e contrata\u00e7\u00e3o para 2025: as \u00faltimas not\u00edcias do Santos","robots":{"index":"index","follow":"follow","max-snippet":"max-snippet:-1","max-image-preview":"max-image-preview:large","max-video-preview":"max-video-preview:-1"},"canonical":"https:\/\/www.gaveanews.com\/index.php\/2024\/12\/05\/situacao-de-joao-lucas-declaracao-de-gabriel-brazao-e-contratacao-para-2025-as-ultimas-noticias-do-santos\/","og_locale":"pt_BR","og_type":"article","og_title":"Situa\u00e7\u00e3o de Jo\u00e3o Lucas, declara\u00e7\u00e3o de Gabriel Braz\u00e3o e contrata\u00e7\u00e3o para 2025: as \u00faltimas not\u00edcias do Santos","og_description":"Nas \u00faltimas horas, o foco das not\u00edcias sobre o Santos se concentram nos bastidores do clube, com destaques como a declara\u00e7\u00e3o de Gabriel Braz\u00e3o e contrata\u00e7\u00e3o para 2025. Por conta deste contexto, leia abaixo um resumo preparado pela equipe do portal G\u00e1vea News para lhe manter muito bem informado! Contrata\u00e7\u00e3o para 2025 O Santos anunciou [&hellip;]","og_url":"https:\/\/www.gaveanews.com\/index.php\/2024\/12\/05\/situacao-de-joao-lucas-declaracao-de-gabriel-brazao-e-contratacao-para-2025-as-ultimas-noticias-do-santos\/","og_site_name":"G\u00e1vea News","article_publisher":"https:\/\/facebook.com\/gaveaNews\/","article_published_time":"2024-12-05T10:30:00+00:00","og_image":[{"width":1080,"height":1346,"url":"https:\/\/www.gaveanews.com\/wp-content\/uploads\/Gabriel-Brazao-em-acao-pelo-Santos.webp","type":"image\/jpeg"}],"author":"Matheus Felipe","twitter_card":"summary_large_image","twitter_misc":{"Escrito por":"Matheus Felipe","Est. tempo de leitura":"6 minutos"},"schema":{"@context":"https:\/\/schema.org","@graph":[{"@type":"NewsArticle","@id":"https:\/\/www.gaveanews.com\/index.php\/2024\/12\/05\/situacao-de-joao-lucas-declaracao-de-gabriel-brazao-e-contratacao-para-2025-as-ultimas-noticias-do-santos\/#article","isPartOf":{"@id":"https:\/\/www.gaveanews.com\/index.php\/2024\/12\/05\/situacao-de-joao-lucas-declaracao-de-gabriel-brazao-e-contratacao-para-2025-as-ultimas-noticias-do-santos\/"},"author":{"name":"Matheus Felipe","@id":"https:\/\/www.gaveanews.com\/#\/schema\/person\/8207cd4627f56151707418bfc835b2fb"},"headline":"Situa\u00e7\u00e3o de Jo\u00e3o Lucas, declara\u00e7\u00e3o de Gabriel Braz\u00e3o e contrata\u00e7\u00e3o para 2025: as \u00faltimas not\u00edcias do Santos","datePublished":"2024-12-05T10:30:00+00:00","mainEntityOfPage":{"@id":"https:\/\/www.gaveanews.com\/index.php\/2024\/12\/05\/situacao-de-joao-lucas-declaracao-de-gabriel-brazao-e-contratacao-para-2025-as-ultimas-noticias-do-santos\/"},"wordCount":876,"commentCount":0,"image":{"@id":"https:\/\/www.gaveanews.com\/index.php\/2024\/12\/05\/situacao-de-joao-lucas-declaracao-de-gabriel-brazao-e-contratacao-para-2025-as-ultimas-noticias-do-santos\/#primaryimage"},"thumbnailUrl":"https:\/\/www.gaveanews.com\/wp-content\/uploads\/Gabriel-Brazao-em-acao-pelo-Santos.webp","articleSection":["Santos"],"inLanguage":"pt-BR","potentialAction":[{"@type":"CommentAction","name":"Comment","target":["https:\/\/www.gaveanews.com\/index.php\/2024\/12\/05\/situacao-de-joao-lucas-declaracao-de-gabriel-brazao-e-contratacao-para-2025-as-ultimas-noticias-do-santos\/#respond"]}],"copyrightYear":"2024","copyrightHolder":{"@id":"https:\/\/www.gaveanews.com\/#organization"}},{"@type":"WebPage","@id":"https:\/\/www.gaveanews.com\/index.php\/2024\/12\/05\/situacao-de-joao-lucas-declaracao-de-gabriel-brazao-e-contratacao-para-2025-as-ultimas-noticias-do-santos\/","url":"https:\/\/www.gaveanews.com\/index.php\/2024\/12\/05\/situacao-de-joao-lucas-declaracao-de-gabriel-brazao-e-contratacao-para-2025-as-ultimas-noticias-do-santos\/","name":"Situa\u00e7\u00e3o de Jo\u00e3o Lucas, declara\u00e7\u00e3o de Gabriel Braz\u00e3o e contrata\u00e7\u00e3o para 2025: as \u00faltimas not\u00edcias do Santos","isPartOf":{"@id":"https:\/\/www.gaveanews.com\/#website"},"primaryImageOfPage":{"@id":"https:\/\/www.gaveanews.com\/index.php\/2024\/12\/05\/situacao-de-joao-lucas-declaracao-de-gabriel-brazao-e-contratacao-para-2025-as-ultimas-noticias-do-santos\/#primaryimage"},"image":{"@id":"https:\/\/www.gaveanews.com\/index.php\/2024\/12\/05\/situacao-de-joao-lucas-declaracao-de-gabriel-brazao-e-contratacao-para-2025-as-ultimas-noticias-do-santos\/#primaryimage"},"thumbnailUrl":"https:\/\/www.gaveanews.com\/wp-content\/uploads\/Gabriel-Brazao-em-acao-pelo-Santos.webp","datePublished":"2024-12-05T10:30:00+00:00","author":{"@id":"https:\/\/www.gaveanews.com\/#\/schema\/person\/8207cd4627f56151707418bfc835b2fb"},"breadcrumb":{"@id":"https:\/\/www.gaveanews.com\/index.php\/2024\/12\/05\/situacao-de-joao-lucas-declaracao-de-gabriel-brazao-e-contratacao-para-2025-as-ultimas-noticias-do-santos\/#breadcrumb"},"inLanguage":"pt-BR","potentialAction":[{"@type":"ReadAction","target":["https:\/\/www.gaveanews.com\/index.php\/2024\/12\/05\/situacao-de-joao-lucas-declaracao-de-gabriel-brazao-e-contratacao-para-2025-as-ultimas-noticias-do-santos\/"]}]},{"@type":"ImageObject","inLanguage":"pt-BR","@id":"https:\/\/www.gaveanews.com\/index.php\/2024\/12\/05\/situacao-de-joao-lucas-declaracao-de-gabriel-brazao-e-contratacao-para-2025-as-ultimas-noticias-do-santos\/#primaryimage","url":"https:\/\/www.gaveanews.com\/wp-content\/uploads\/Gabriel-Brazao-em-acao-pelo-Santos.webp","contentUrl":"https:\/\/www.gaveanews.com\/wp-content\/uploads\/Gabriel-Brazao-em-acao-pelo-Santos.webp","width":1080,"height":1346,"caption":"Gabriel Braz\u00e3o em a\u00e7\u00e3o pelo Santos (Foto: Reprodu\u00e7\u00e3o\/Instagram)"},{"@type":"BreadcrumbList","@id":"https:\/\/www.gaveanews.com\/index.php\/2024\/12\/05\/situacao-de-joao-lucas-declaracao-de-gabriel-brazao-e-contratacao-para-2025-as-ultimas-noticias-do-santos\/#breadcrumb","itemListElement":[{"@type":"ListItem","position":1,"name":"Home","item":"https:\/\/www.gaveanews.com\/"},{"@type":"ListItem","position":2,"name":"Situa\u00e7\u00e3o de Jo\u00e3o Lucas, declara\u00e7\u00e3o de Gabriel Braz\u00e3o e contrata\u00e7\u00e3o para 2025: as \u00faltimas not\u00edcias do Santos"}]},{"@type":"WebSite","@id":"https:\/\/www.gaveanews.com\/#website","url":"https:\/\/www.gaveanews.com\/","name":"G\u00e1vea News","description":"Veja todas as not\u00edcias sobre o Flamengo: Contrata\u00e7\u00f5es, categorias de base, resultados das partidas, tabela de classifica\u00e7\u00e3o, pr\u00f3ximos jogos!","potentialAction":[{"@type":"SearchAction","target":{"@type":"EntryPoint","urlTemplate":"https:\/\/www.gaveanews.com\/?s={search_term_string}"},"query-input":{"@type":"PropertyValueSpecification","valueRequired":true,"valueName":"search_term_string"}}],"inLanguage":"pt-BR"},{"@type":"Person","@id":"https:\/\/www.gaveanews.com\/#\/schema\/person\/8207cd4627f56151707418bfc835b2fb","name":"Matheus Felipe","image":{"@type":"ImageObject","inLanguage":"pt-BR","@id":"https:\/\/www.gaveanews.com\/#\/schema\/person\/image\/","url":"https:\/\/secure.gravatar.com\/avatar\/a452ffbed9130f726358b298bb3a99ce4bd3c5338411f8440e87e14d74c7c087?s=96&d=mm&r=g","contentUrl":"https:\/\/secure.gravatar.com\/avatar\/a452ffbed9130f726358b298bb3a99ce4bd3c5338411f8440e87e14d74c7c087?s=96&d=mm&r=g","caption":"Matheus Felipe"}}]}},"_links":{"self":[{"href":"https:\/\/www.gaveanews.com\/index.php\/wp-json\/wp\/v2\/posts\/194971","targetHints":{"allow":["GET"]}}],"collection":[{"href":"https:\/\/www.gaveanews.com\/index.php\/wp-json\/wp\/v2\/posts"}],"about":[{"href":"https:\/\/www.gaveanews.com\/index.php\/wp-json\/wp\/v2\/types\/post"}],"author":[{"embeddable":true,"href":"https:\/\/www.gaveanews.com\/index.php\/wp-json\/wp\/v2\/users\/27"}],"replies":[{"embeddable":true,"href":"https:\/\/www.gaveanews.com\/index.php\/wp-json\/wp\/v2\/comments?post=194971"}],"version-history":[{"count":1,"href":"https:\/\/www.gaveanews.com\/index.php\/wp-json\/wp\/v2\/posts\/194971\/revisions"}],"predecessor-version":[{"id":194991,"href":"https:\/\/www.gaveanews.com\/index.php\/wp-json\/wp\/v2\/posts\/194971\/revisions\/194991"}],"wp:featuredmedia":[{"embeddable":true,"href":"https:\/\/www.gaveanews.com\/index.php\/wp-json\/wp\/v2\/media\/151180"}],"wp:attachment":[{"href":"https:\/\/www.gaveanews.com\/index.php\/wp-json\/wp\/v2\/media?parent=194971"}],"wp:term":[{"taxonomy":"category","embeddable":true,"href":"https:\/\/www.gaveanews.com\/index.php\/wp-json\/wp\/v2\/categories?post=194971"},{"taxonomy":"post_tag","embeddable":true,"href":"https:\/\/www.gaveanews.com\/index.php\/wp-json\/wp\/v2\/tags?post=194971"}],"curies":[{"name":"wp","href":"https:\/\/api.w.org\/{rel}","templated":true}]}}