{"id":194973,"date":"2024-12-05T07:25:00","date_gmt":"2024-12-05T10:25:00","guid":{"rendered":"https:\/\/www.gaveanews.com\/?p=194973"},"modified":"2024-12-05T02:00:56","modified_gmt":"2024-12-05T05:00:56","slug":"pedido-de-ramon-diaz-publicacao-de-rizek-e-situacao-de-neto-e-casagrande-as-ultimas-noticias-do-corinthians","status":"publish","type":"post","link":"https:\/\/www.gaveanews.com\/index.php\/2024\/12\/05\/pedido-de-ramon-diaz-publicacao-de-rizek-e-situacao-de-neto-e-casagrande-as-ultimas-noticias-do-corinthians\/","title":{"rendered":"Pedido de Ram\u00f3n D\u00edaz, publica\u00e7\u00e3o de Rizek e situa\u00e7\u00e3o de Neto e Casagrande: as \u00faltimas not\u00edcias do Corinthians"},"content":{"rendered":"\n<p>Nas \u00faltimas horas, o foco das not\u00edcias sobre o Corinthians se concentram nos bastidores do clube, com destaques como o pedido de Ram\u00f3n D\u00edaz e a publica\u00e7\u00e3o de Rizek.<\/p>\n\n\n\n<p>Por conta deste contexto, leia abaixo um resumo preparado pela equipe do portal G\u00e1vea News para lhe manter muito bem informado!<\/p>\n\n\n\n<h2 class=\"wp-block-heading\" id=\"h-situacao-de-neto-e-casagrande\">Situa\u00e7\u00e3o de Neto e Casagrande<\/h2>\n\n\n\n<p>A recente &#8220;vaquinha&#8221; organizada por torcedores do Corinthians para ajudar a quitar a d\u00edvida da Neo Qu\u00edmica Arena gerou diverg\u00eancias entre Casagrande e Craque Neto, ambos \u00edcones do clube. Casagrande criticou a iniciativa, apontando como inaceit\u00e1vel que torcedores arquem com despesas enquanto jogadores, como Memphis Depay, recebem sal\u00e1rios milion\u00e1rios. Em contrapartida, Craque Neto defendeu a a\u00e7\u00e3o como uma demonstra\u00e7\u00e3o de apoio ao clube em um momento financeiro delicado, refor\u00e7ando que ele pr\u00f3prio contribuiu para a campanha <strong><a href=\"https:\/\/www.gaveanews.com\/index.php\/2024\/12\/04\/casagrande-e-craque-neto-discordam-sobre-situacao-envolvendo-o-corinthians\/\">(leia a mat\u00e9ria completa).<\/a><\/strong><\/p>\n\n\n\n<figure class=\"wp-block-image size-full\"><img loading=\"lazy\" decoding=\"async\" width=\"846\" height=\"476\" src=\"https:\/\/www.gaveanews.com\/wp-content\/uploads\/Comentarista-Neto-em-programa-da-Band.webp\" alt=\"\" class=\"wp-image-71983\" srcset=\"https:\/\/www.gaveanews.com\/wp-content\/uploads\/Comentarista-Neto-em-programa-da-Band.webp 846w, https:\/\/www.gaveanews.com\/wp-content\/uploads\/Comentarista-Neto-em-programa-da-Band-300x169.webp 300w, https:\/\/www.gaveanews.com\/wp-content\/uploads\/Comentarista-Neto-em-programa-da-Band-768x432.webp 768w, https:\/\/www.gaveanews.com\/wp-content\/uploads\/Comentarista-Neto-em-programa-da-Band-746x420.webp 746w, https:\/\/www.gaveanews.com\/wp-content\/uploads\/Comentarista-Neto-em-programa-da-Band-640x360.webp 640w, https:\/\/www.gaveanews.com\/wp-content\/uploads\/Comentarista-Neto-em-programa-da-Band-681x383.webp 681w, https:\/\/www.gaveanews.com\/wp-content\/uploads\/Comentarista-Neto-em-programa-da-Band-100x56.webp 100w\" sizes=\"auto, (max-width: 846px) 100vw, 846px\" \/><figcaption class=\"wp-element-caption\">Comentarista Neto em programa da Band (Foto: Reprodu\u00e7\u00e3o\/Band)<\/figcaption><\/figure>\n\n\n\n<p>Neto aproveitou para criticar ex-presidentes do Corinthians, como Andr\u00e9s Sanchez e Du\u00edlio Monteiro Alves, por n\u00e3o terem resolvido a d\u00edvida com a Caixa Econ\u00f4mica Federal. <\/p>\n\n\n\n<p>Ele destacou que, apesar da meta de R$ 700 milh\u00f5es ser desafiadora, a arrecada\u00e7\u00e3o de valores menores, como R$ 100 milh\u00f5es, j\u00e1 representaria um avan\u00e7o significativo. At\u00e9 o momento, a campanha j\u00e1 acumulou mais de R$ 30 milh\u00f5es.<\/p>\n\n\n\n<p>Enquanto o clube apresenta uma recupera\u00e7\u00e3o not\u00e1vel em campo, com destaque para jogadores como Depay e Yuri Alberto, fora das quatro linhas, enfrenta pol\u00eamicas relacionadas \u00e0s d\u00edvidas, disputas com patrocinadores e processos administrativos. A diverg\u00eancia entre Casagrande e Neto reflete os desafios complexos de equilibrar paix\u00e3o, gest\u00e3o financeira e responsabilidade no futebol brasileiro.<\/p>\n\n\n\n<h2 class=\"wp-block-heading\" id=\"h-publicacao-de-rizek\">Publica\u00e7\u00e3o de Rizek<\/h2>\n\n\n\n<p>Ap\u00f3s a vit\u00f3ria do Corinthians sobre o Bahia, Andr\u00e9 Rizek, jornalista do Grupo Globo, analisou a recupera\u00e7\u00e3o do clube em 2024 e projetou grandes ambi\u00e7\u00f5es para a temporada de 2025. Sob o comando de Ram\u00f3n D\u00edaz, o time superou um in\u00edcio turbulento no Brasileir\u00e3o, acumulando uma sequ\u00eancia de oito vit\u00f3rias consecutivas e entrando na disputa por uma vaga na Libertadores. Rizek destacou a import\u00e2ncia de manter jogadores como Memphis Depay, Yuri Alberto e outros para garantir um elenco competitivo <strong><a href=\"https:\/\/www.gaveanews.com\/index.php\/2024\/12\/04\/a-publicacao-de-andre-rizek-sobre-o-futuro-do-corinthians\/\">(leia a mat\u00e9ria completa).<\/a><\/strong><\/p>\n\n\n\n<figure class=\"wp-block-image size-full\"><img loading=\"lazy\" decoding=\"async\" width=\"795\" height=\"448\" src=\"https:\/\/www.gaveanews.com\/wp-content\/uploads\/Andre-Rizek-durante-um-programa-do-SporTV.webp\" alt=\"\" class=\"wp-image-101875\" srcset=\"https:\/\/www.gaveanews.com\/wp-content\/uploads\/Andre-Rizek-durante-um-programa-do-SporTV.webp 795w, https:\/\/www.gaveanews.com\/wp-content\/uploads\/Andre-Rizek-durante-um-programa-do-SporTV-300x169.webp 300w, https:\/\/www.gaveanews.com\/wp-content\/uploads\/Andre-Rizek-durante-um-programa-do-SporTV-768x433.webp 768w, https:\/\/www.gaveanews.com\/wp-content\/uploads\/Andre-Rizek-durante-um-programa-do-SporTV-745x420.webp 745w, https:\/\/www.gaveanews.com\/wp-content\/uploads\/Andre-Rizek-durante-um-programa-do-SporTV-640x361.webp 640w, https:\/\/www.gaveanews.com\/wp-content\/uploads\/Andre-Rizek-durante-um-programa-do-SporTV-681x384.webp 681w, https:\/\/www.gaveanews.com\/wp-content\/uploads\/Andre-Rizek-durante-um-programa-do-SporTV-100x56.webp 100w\" sizes=\"auto, (max-width: 795px) 100vw, 795px\" \/><figcaption class=\"wp-element-caption\">Andr\u00e9 Rizek durante um programa do SporTV (Foto: Reprodu\u00e7\u00e3o\/SporTV)<\/figcaption><\/figure>\n\n\n\n<p>A an\u00e1lise apontou o Corinthians como um dos protagonistas em potencial no cen\u00e1rio nacional e internacional, caso o clube consiga consolidar os ajustes necess\u00e1rios. O jornalista tamb\u00e9m vislumbrou uma Libertadores 2025 dominada por equipes brasileiras de alto n\u00edvel, como Botafogo, Flamengo, Palmeiras e Internacional, refor\u00e7ando a competitividade do futebol nacional no torneio.<\/p>\n\n\n\n<p>Com um returno impressionante no Brasileir\u00e3o, o Corinthians demonstrou capacidade de brigar por t\u00edtulos, elevando as expectativas de sua torcida para a pr\u00f3xima temporada. A manuten\u00e7\u00e3o da base do elenco e o desempenho consistente ser\u00e3o fundamentais para sustentar essa nova fase do clube, que busca retomar seu protagonismo hist\u00f3rico no futebol sul-americano.<\/p>\n\n\n\n<h2 class=\"wp-block-heading\" id=\"h-pedido-de-ramon-diaz\">Pedido de Ramon D\u00edaz<\/h2>\n\n\n\n<p>Ram\u00f3n D\u00edaz, t\u00e9cnico do Corinthians, sugeriu que tr\u00eas jogadores de destaque do time sejam convocados para suas sele\u00e7\u00f5es nacionais. Em entrevista ap\u00f3s a vit\u00f3ria por 3 a 0 contra o Bahia, o treinador defendeu que Yuri Alberto, Memphis Depay e Rodrigo Garro merecem oportunidades em suas respectivas equipes nacionais. A atua\u00e7\u00e3o brilhante do trio tem sido crucial na arrancada do Tim\u00e3o, que acumula oito vit\u00f3rias consecutivas e est\u00e1 pr\u00f3ximo de garantir vaga na Libertadores de 2025 <strong><a href=\"https:\/\/www.gaveanews.com\/index.php\/2024\/12\/04\/corinthians-ramon-diaz-pede-que-tres-jogadores-sejam-convocados\/\">(leia a mat\u00e9ria completa).<\/a><\/strong><\/p>\n\n\n\n<figure class=\"wp-block-image size-full\"><img loading=\"lazy\" decoding=\"async\" width=\"774\" height=\"483\" src=\"https:\/\/www.gaveanews.com\/wp-content\/uploads\/Ramon-Diaz-pelo-Corinthians-em-2024-1.webp\" alt=\"\" class=\"wp-image-190015\" srcset=\"https:\/\/www.gaveanews.com\/wp-content\/uploads\/Ramon-Diaz-pelo-Corinthians-em-2024-1.webp 774w, https:\/\/www.gaveanews.com\/wp-content\/uploads\/Ramon-Diaz-pelo-Corinthians-em-2024-1-300x187.webp 300w, https:\/\/www.gaveanews.com\/wp-content\/uploads\/Ramon-Diaz-pelo-Corinthians-em-2024-1-768x479.webp 768w, https:\/\/www.gaveanews.com\/wp-content\/uploads\/Ramon-Diaz-pelo-Corinthians-em-2024-1-673x420.webp 673w, https:\/\/www.gaveanews.com\/wp-content\/uploads\/Ramon-Diaz-pelo-Corinthians-em-2024-1-640x399.webp 640w, https:\/\/www.gaveanews.com\/wp-content\/uploads\/Ramon-Diaz-pelo-Corinthians-em-2024-1-681x425.webp 681w, https:\/\/www.gaveanews.com\/wp-content\/uploads\/Ramon-Diaz-pelo-Corinthians-em-2024-1-100x62.webp 100w\" sizes=\"auto, (max-width: 774px) 100vw, 774px\" \/><figcaption class=\"wp-element-caption\">Ram\u00f3n D\u00edaz pelo Corinthians em 2024 (Foto: Rodrigo Coca\/Ag\u00eancia Corinthians \/ Esporte News Mundo)<\/figcaption><\/figure>\n\n\n\n<p>Yuri Alberto, artilheiro do Brasileir\u00e3o com 14 gols, empatou com Pedro, do Flamengo, na artilharia geral da temporada, somando 30 gols. Memphis Depay, com seis gols pelo Corinthians desde sua chegada em setembro, se destacou na \u00faltima partida com dois gols e mostrou ser uma pe\u00e7a essencial no ataque. J\u00e1 Rodrigo Garro tem impressionado no meio-campo, controlando o ritmo de jogo e contribuindo para a consist\u00eancia da equipe.<\/p>\n\n\n\n<p>D\u00edaz enfatizou que, al\u00e9m do desempenho coletivo, o reconhecimento individual dos jogadores \u00e9 um objetivo claro da comiss\u00e3o t\u00e9cnica. A convoca\u00e7\u00e3o do trio para suas sele\u00e7\u00f5es seria um reflexo do bom trabalho realizado no clube, refor\u00e7ando o impacto positivo da lideran\u00e7a de Ram\u00f3n D\u00edaz e do entrosamento do elenco corintiano.<\/p>\n","protected":false},"excerpt":{"rendered":"<p>Nas \u00faltimas horas, o foco das not\u00edcias sobre o Corinthians se concentram nos bastidores do clube, com destaques como o pedido de Ram\u00f3n D\u00edaz e a publica\u00e7\u00e3o de Rizek. Por conta deste contexto, leia abaixo um resumo preparado pela equipe do portal G\u00e1vea News para lhe manter muito bem informado! Situa\u00e7\u00e3o de Neto e Casagrande [&hellip;]<\/p>\n","protected":false},"author":27,"featured_media":146951,"comment_status":"open","ping_status":"closed","sticky":false,"template":"","format":"standard","meta":{"footnotes":""},"categories":[141],"tags":[],"class_list":["post-194973","post","type-post","status-publish","format-standard","has-post-thumbnail","hentry","category-corinthians"],"yoast_head":"<!-- This site is optimized with the Yoast SEO Premium plugin v24.2 (Yoast SEO v26.9) - https:\/\/yoast.com\/product\/yoast-seo-premium-wordpress\/ -->\n<title>Pedido de Ram\u00f3n D\u00edaz, publica\u00e7\u00e3o de Rizek e situa\u00e7\u00e3o de Neto e Casagrande: as \u00faltimas not\u00edcias do Corinthians<\/title>\n<meta name=\"robots\" content=\"index, follow, max-snippet:-1, max-image-preview:large, max-video-preview:-1\" \/>\n<link rel=\"canonical\" href=\"https:\/\/www.gaveanews.com\/index.php\/2024\/12\/05\/pedido-de-ramon-diaz-publicacao-de-rizek-e-situacao-de-neto-e-casagrande-as-ultimas-noticias-do-corinthians\/\" \/>\n<meta property=\"og:locale\" content=\"pt_BR\" \/>\n<meta property=\"og:type\" content=\"article\" \/>\n<meta property=\"og:title\" content=\"Pedido de Ram\u00f3n D\u00edaz, publica\u00e7\u00e3o de Rizek e situa\u00e7\u00e3o de Neto e Casagrande: as \u00faltimas not\u00edcias do Corinthians\" \/>\n<meta property=\"og:description\" content=\"Nas \u00faltimas horas, o foco das not\u00edcias sobre o Corinthians se concentram nos bastidores do clube, com destaques como o pedido de Ram\u00f3n D\u00edaz e a publica\u00e7\u00e3o de Rizek. Por conta deste contexto, leia abaixo um resumo preparado pela equipe do portal G\u00e1vea News para lhe manter muito bem informado! Situa\u00e7\u00e3o de Neto e Casagrande [&hellip;]\" \/>\n<meta property=\"og:url\" content=\"https:\/\/www.gaveanews.com\/index.php\/2024\/12\/05\/pedido-de-ramon-diaz-publicacao-de-rizek-e-situacao-de-neto-e-casagrande-as-ultimas-noticias-do-corinthians\/\" \/>\n<meta property=\"og:site_name\" content=\"G\u00e1vea News\" \/>\n<meta property=\"article:publisher\" content=\"https:\/\/facebook.com\/gaveaNews\/\" \/>\n<meta property=\"article:published_time\" content=\"2024-12-05T10:25:00+00:00\" \/>\n<meta property=\"og:image\" content=\"https:\/\/www.gaveanews.com\/wp-content\/uploads\/Escudo-do-Corinthians.webp\" \/>\n\t<meta property=\"og:image:width\" content=\"1000\" \/>\n\t<meta property=\"og:image:height\" content=\"667\" \/>\n\t<meta property=\"og:image:type\" content=\"image\/webp\" \/>\n<meta name=\"author\" content=\"Matheus Felipe\" \/>\n<meta name=\"twitter:card\" content=\"summary_large_image\" \/>\n<meta name=\"twitter:label1\" content=\"Escrito por\" \/>\n\t<meta name=\"twitter:data1\" content=\"Matheus Felipe\" \/>\n\t<meta name=\"twitter:label2\" content=\"Est. tempo de leitura\" \/>\n\t<meta name=\"twitter:data2\" content=\"5 minutos\" \/>\n<script type=\"application\/ld+json\" class=\"yoast-schema-graph\">{\"@context\":\"https:\/\/schema.org\",\"@graph\":[{\"@type\":\"NewsArticle\",\"@id\":\"https:\/\/www.gaveanews.com\/index.php\/2024\/12\/05\/pedido-de-ramon-diaz-publicacao-de-rizek-e-situacao-de-neto-e-casagrande-as-ultimas-noticias-do-corinthians\/#article\",\"isPartOf\":{\"@id\":\"https:\/\/www.gaveanews.com\/index.php\/2024\/12\/05\/pedido-de-ramon-diaz-publicacao-de-rizek-e-situacao-de-neto-e-casagrande-as-ultimas-noticias-do-corinthians\/\"},\"author\":{\"name\":\"Matheus Felipe\",\"@id\":\"https:\/\/www.gaveanews.com\/#\/schema\/person\/8207cd4627f56151707418bfc835b2fb\"},\"headline\":\"Pedido de Ram\u00f3n D\u00edaz, publica\u00e7\u00e3o de Rizek e situa\u00e7\u00e3o de Neto e Casagrande: as \u00faltimas not\u00edcias do Corinthians\",\"datePublished\":\"2024-12-05T10:25:00+00:00\",\"mainEntityOfPage\":{\"@id\":\"https:\/\/www.gaveanews.com\/index.php\/2024\/12\/05\/pedido-de-ramon-diaz-publicacao-de-rizek-e-situacao-de-neto-e-casagrande-as-ultimas-noticias-do-corinthians\/\"},\"wordCount\":776,\"commentCount\":0,\"image\":{\"@id\":\"https:\/\/www.gaveanews.com\/index.php\/2024\/12\/05\/pedido-de-ramon-diaz-publicacao-de-rizek-e-situacao-de-neto-e-casagrande-as-ultimas-noticias-do-corinthians\/#primaryimage\"},\"thumbnailUrl\":\"https:\/\/www.gaveanews.com\/wp-content\/uploads\/Escudo-do-Corinthians.webp\",\"articleSection\":[\"Corinthians\"],\"inLanguage\":\"pt-BR\",\"potentialAction\":[{\"@type\":\"CommentAction\",\"name\":\"Comment\",\"target\":[\"https:\/\/www.gaveanews.com\/index.php\/2024\/12\/05\/pedido-de-ramon-diaz-publicacao-de-rizek-e-situacao-de-neto-e-casagrande-as-ultimas-noticias-do-corinthians\/#respond\"]}],\"copyrightYear\":\"2024\",\"copyrightHolder\":{\"@id\":\"https:\/\/www.gaveanews.com\/#organization\"}},{\"@type\":\"WebPage\",\"@id\":\"https:\/\/www.gaveanews.com\/index.php\/2024\/12\/05\/pedido-de-ramon-diaz-publicacao-de-rizek-e-situacao-de-neto-e-casagrande-as-ultimas-noticias-do-corinthians\/\",\"url\":\"https:\/\/www.gaveanews.com\/index.php\/2024\/12\/05\/pedido-de-ramon-diaz-publicacao-de-rizek-e-situacao-de-neto-e-casagrande-as-ultimas-noticias-do-corinthians\/\",\"name\":\"Pedido de Ram\u00f3n D\u00edaz, publica\u00e7\u00e3o de Rizek e situa\u00e7\u00e3o de Neto e Casagrande: as \u00faltimas not\u00edcias do Corinthians\",\"isPartOf\":{\"@id\":\"https:\/\/www.gaveanews.com\/#website\"},\"primaryImageOfPage\":{\"@id\":\"https:\/\/www.gaveanews.com\/index.php\/2024\/12\/05\/pedido-de-ramon-diaz-publicacao-de-rizek-e-situacao-de-neto-e-casagrande-as-ultimas-noticias-do-corinthians\/#primaryimage\"},\"image\":{\"@id\":\"https:\/\/www.gaveanews.com\/index.php\/2024\/12\/05\/pedido-de-ramon-diaz-publicacao-de-rizek-e-situacao-de-neto-e-casagrande-as-ultimas-noticias-do-corinthians\/#primaryimage\"},\"thumbnailUrl\":\"https:\/\/www.gaveanews.com\/wp-content\/uploads\/Escudo-do-Corinthians.webp\",\"datePublished\":\"2024-12-05T10:25:00+00:00\",\"author\":{\"@id\":\"https:\/\/www.gaveanews.com\/#\/schema\/person\/8207cd4627f56151707418bfc835b2fb\"},\"breadcrumb\":{\"@id\":\"https:\/\/www.gaveanews.com\/index.php\/2024\/12\/05\/pedido-de-ramon-diaz-publicacao-de-rizek-e-situacao-de-neto-e-casagrande-as-ultimas-noticias-do-corinthians\/#breadcrumb\"},\"inLanguage\":\"pt-BR\",\"potentialAction\":[{\"@type\":\"ReadAction\",\"target\":[\"https:\/\/www.gaveanews.com\/index.php\/2024\/12\/05\/pedido-de-ramon-diaz-publicacao-de-rizek-e-situacao-de-neto-e-casagrande-as-ultimas-noticias-do-corinthians\/\"]}]},{\"@type\":\"ImageObject\",\"inLanguage\":\"pt-BR\",\"@id\":\"https:\/\/www.gaveanews.com\/index.php\/2024\/12\/05\/pedido-de-ramon-diaz-publicacao-de-rizek-e-situacao-de-neto-e-casagrande-as-ultimas-noticias-do-corinthians\/#primaryimage\",\"url\":\"https:\/\/www.gaveanews.com\/wp-content\/uploads\/Escudo-do-Corinthians.webp\",\"contentUrl\":\"https:\/\/www.gaveanews.com\/wp-content\/uploads\/Escudo-do-Corinthians.webp\",\"width\":1000,\"height\":667,\"caption\":\"Escudo do Corinthians (Foto Reprodu\u00e7\u00e3o\/Instagram)\"},{\"@type\":\"BreadcrumbList\",\"@id\":\"https:\/\/www.gaveanews.com\/index.php\/2024\/12\/05\/pedido-de-ramon-diaz-publicacao-de-rizek-e-situacao-de-neto-e-casagrande-as-ultimas-noticias-do-corinthians\/#breadcrumb\",\"itemListElement\":[{\"@type\":\"ListItem\",\"position\":1,\"name\":\"Home\",\"item\":\"https:\/\/www.gaveanews.com\/\"},{\"@type\":\"ListItem\",\"position\":2,\"name\":\"Pedido de Ram\u00f3n D\u00edaz, publica\u00e7\u00e3o de Rizek e situa\u00e7\u00e3o de Neto e Casagrande: as \u00faltimas not\u00edcias do Corinthians\"}]},{\"@type\":\"WebSite\",\"@id\":\"https:\/\/www.gaveanews.com\/#website\",\"url\":\"https:\/\/www.gaveanews.com\/\",\"name\":\"G\u00e1vea News\",\"description\":\"Veja todas as not\u00edcias sobre o Flamengo: Contrata\u00e7\u00f5es, categorias de base, resultados das partidas, tabela de classifica\u00e7\u00e3o, pr\u00f3ximos jogos!\",\"potentialAction\":[{\"@type\":\"SearchAction\",\"target\":{\"@type\":\"EntryPoint\",\"urlTemplate\":\"https:\/\/www.gaveanews.com\/?s={search_term_string}\"},\"query-input\":{\"@type\":\"PropertyValueSpecification\",\"valueRequired\":true,\"valueName\":\"search_term_string\"}}],\"inLanguage\":\"pt-BR\"},{\"@type\":\"Person\",\"@id\":\"https:\/\/www.gaveanews.com\/#\/schema\/person\/8207cd4627f56151707418bfc835b2fb\",\"name\":\"Matheus Felipe\",\"image\":{\"@type\":\"ImageObject\",\"inLanguage\":\"pt-BR\",\"@id\":\"https:\/\/www.gaveanews.com\/#\/schema\/person\/image\/\",\"url\":\"https:\/\/secure.gravatar.com\/avatar\/a452ffbed9130f726358b298bb3a99ce4bd3c5338411f8440e87e14d74c7c087?s=96&d=mm&r=g\",\"contentUrl\":\"https:\/\/secure.gravatar.com\/avatar\/a452ffbed9130f726358b298bb3a99ce4bd3c5338411f8440e87e14d74c7c087?s=96&d=mm&r=g\",\"caption\":\"Matheus Felipe\"}}]}<\/script>\n<!-- \/ Yoast SEO Premium plugin. -->","yoast_head_json":{"title":"Pedido de Ram\u00f3n D\u00edaz, publica\u00e7\u00e3o de Rizek e situa\u00e7\u00e3o de Neto e Casagrande: as \u00faltimas not\u00edcias do Corinthians","robots":{"index":"index","follow":"follow","max-snippet":"max-snippet:-1","max-image-preview":"max-image-preview:large","max-video-preview":"max-video-preview:-1"},"canonical":"https:\/\/www.gaveanews.com\/index.php\/2024\/12\/05\/pedido-de-ramon-diaz-publicacao-de-rizek-e-situacao-de-neto-e-casagrande-as-ultimas-noticias-do-corinthians\/","og_locale":"pt_BR","og_type":"article","og_title":"Pedido de Ram\u00f3n D\u00edaz, publica\u00e7\u00e3o de Rizek e situa\u00e7\u00e3o de Neto e Casagrande: as \u00faltimas not\u00edcias do Corinthians","og_description":"Nas \u00faltimas horas, o foco das not\u00edcias sobre o Corinthians se concentram nos bastidores do clube, com destaques como o pedido de Ram\u00f3n D\u00edaz e a publica\u00e7\u00e3o de Rizek. Por conta deste contexto, leia abaixo um resumo preparado pela equipe do portal G\u00e1vea News para lhe manter muito bem informado! Situa\u00e7\u00e3o de Neto e Casagrande [&hellip;]","og_url":"https:\/\/www.gaveanews.com\/index.php\/2024\/12\/05\/pedido-de-ramon-diaz-publicacao-de-rizek-e-situacao-de-neto-e-casagrande-as-ultimas-noticias-do-corinthians\/","og_site_name":"G\u00e1vea News","article_publisher":"https:\/\/facebook.com\/gaveaNews\/","article_published_time":"2024-12-05T10:25:00+00:00","og_image":[{"width":1000,"height":667,"url":"https:\/\/www.gaveanews.com\/wp-content\/uploads\/Escudo-do-Corinthians.webp","type":"image\/webp"}],"author":"Matheus Felipe","twitter_card":"summary_large_image","twitter_misc":{"Escrito por":"Matheus Felipe","Est. tempo de leitura":"5 minutos"},"schema":{"@context":"https:\/\/schema.org","@graph":[{"@type":"NewsArticle","@id":"https:\/\/www.gaveanews.com\/index.php\/2024\/12\/05\/pedido-de-ramon-diaz-publicacao-de-rizek-e-situacao-de-neto-e-casagrande-as-ultimas-noticias-do-corinthians\/#article","isPartOf":{"@id":"https:\/\/www.gaveanews.com\/index.php\/2024\/12\/05\/pedido-de-ramon-diaz-publicacao-de-rizek-e-situacao-de-neto-e-casagrande-as-ultimas-noticias-do-corinthians\/"},"author":{"name":"Matheus Felipe","@id":"https:\/\/www.gaveanews.com\/#\/schema\/person\/8207cd4627f56151707418bfc835b2fb"},"headline":"Pedido de Ram\u00f3n D\u00edaz, publica\u00e7\u00e3o de Rizek e situa\u00e7\u00e3o de Neto e Casagrande: as \u00faltimas not\u00edcias do Corinthians","datePublished":"2024-12-05T10:25:00+00:00","mainEntityOfPage":{"@id":"https:\/\/www.gaveanews.com\/index.php\/2024\/12\/05\/pedido-de-ramon-diaz-publicacao-de-rizek-e-situacao-de-neto-e-casagrande-as-ultimas-noticias-do-corinthians\/"},"wordCount":776,"commentCount":0,"image":{"@id":"https:\/\/www.gaveanews.com\/index.php\/2024\/12\/05\/pedido-de-ramon-diaz-publicacao-de-rizek-e-situacao-de-neto-e-casagrande-as-ultimas-noticias-do-corinthians\/#primaryimage"},"thumbnailUrl":"https:\/\/www.gaveanews.com\/wp-content\/uploads\/Escudo-do-Corinthians.webp","articleSection":["Corinthians"],"inLanguage":"pt-BR","potentialAction":[{"@type":"CommentAction","name":"Comment","target":["https:\/\/www.gaveanews.com\/index.php\/2024\/12\/05\/pedido-de-ramon-diaz-publicacao-de-rizek-e-situacao-de-neto-e-casagrande-as-ultimas-noticias-do-corinthians\/#respond"]}],"copyrightYear":"2024","copyrightHolder":{"@id":"https:\/\/www.gaveanews.com\/#organization"}},{"@type":"WebPage","@id":"https:\/\/www.gaveanews.com\/index.php\/2024\/12\/05\/pedido-de-ramon-diaz-publicacao-de-rizek-e-situacao-de-neto-e-casagrande-as-ultimas-noticias-do-corinthians\/","url":"https:\/\/www.gaveanews.com\/index.php\/2024\/12\/05\/pedido-de-ramon-diaz-publicacao-de-rizek-e-situacao-de-neto-e-casagrande-as-ultimas-noticias-do-corinthians\/","name":"Pedido de Ram\u00f3n D\u00edaz, publica\u00e7\u00e3o de Rizek e situa\u00e7\u00e3o de Neto e Casagrande: as \u00faltimas not\u00edcias do Corinthians","isPartOf":{"@id":"https:\/\/www.gaveanews.com\/#website"},"primaryImageOfPage":{"@id":"https:\/\/www.gaveanews.com\/index.php\/2024\/12\/05\/pedido-de-ramon-diaz-publicacao-de-rizek-e-situacao-de-neto-e-casagrande-as-ultimas-noticias-do-corinthians\/#primaryimage"},"image":{"@id":"https:\/\/www.gaveanews.com\/index.php\/2024\/12\/05\/pedido-de-ramon-diaz-publicacao-de-rizek-e-situacao-de-neto-e-casagrande-as-ultimas-noticias-do-corinthians\/#primaryimage"},"thumbnailUrl":"https:\/\/www.gaveanews.com\/wp-content\/uploads\/Escudo-do-Corinthians.webp","datePublished":"2024-12-05T10:25:00+00:00","author":{"@id":"https:\/\/www.gaveanews.com\/#\/schema\/person\/8207cd4627f56151707418bfc835b2fb"},"breadcrumb":{"@id":"https:\/\/www.gaveanews.com\/index.php\/2024\/12\/05\/pedido-de-ramon-diaz-publicacao-de-rizek-e-situacao-de-neto-e-casagrande-as-ultimas-noticias-do-corinthians\/#breadcrumb"},"inLanguage":"pt-BR","potentialAction":[{"@type":"ReadAction","target":["https:\/\/www.gaveanews.com\/index.php\/2024\/12\/05\/pedido-de-ramon-diaz-publicacao-de-rizek-e-situacao-de-neto-e-casagrande-as-ultimas-noticias-do-corinthians\/"]}]},{"@type":"ImageObject","inLanguage":"pt-BR","@id":"https:\/\/www.gaveanews.com\/index.php\/2024\/12\/05\/pedido-de-ramon-diaz-publicacao-de-rizek-e-situacao-de-neto-e-casagrande-as-ultimas-noticias-do-corinthians\/#primaryimage","url":"https:\/\/www.gaveanews.com\/wp-content\/uploads\/Escudo-do-Corinthians.webp","contentUrl":"https:\/\/www.gaveanews.com\/wp-content\/uploads\/Escudo-do-Corinthians.webp","width":1000,"height":667,"caption":"Escudo do Corinthians (Foto Reprodu\u00e7\u00e3o\/Instagram)"},{"@type":"BreadcrumbList","@id":"https:\/\/www.gaveanews.com\/index.php\/2024\/12\/05\/pedido-de-ramon-diaz-publicacao-de-rizek-e-situacao-de-neto-e-casagrande-as-ultimas-noticias-do-corinthians\/#breadcrumb","itemListElement":[{"@type":"ListItem","position":1,"name":"Home","item":"https:\/\/www.gaveanews.com\/"},{"@type":"ListItem","position":2,"name":"Pedido de Ram\u00f3n D\u00edaz, publica\u00e7\u00e3o de Rizek e situa\u00e7\u00e3o de Neto e Casagrande: as \u00faltimas not\u00edcias do Corinthians"}]},{"@type":"WebSite","@id":"https:\/\/www.gaveanews.com\/#website","url":"https:\/\/www.gaveanews.com\/","name":"G\u00e1vea News","description":"Veja todas as not\u00edcias sobre o Flamengo: Contrata\u00e7\u00f5es, categorias de base, resultados das partidas, tabela de classifica\u00e7\u00e3o, pr\u00f3ximos jogos!","potentialAction":[{"@type":"SearchAction","target":{"@type":"EntryPoint","urlTemplate":"https:\/\/www.gaveanews.com\/?s={search_term_string}"},"query-input":{"@type":"PropertyValueSpecification","valueRequired":true,"valueName":"search_term_string"}}],"inLanguage":"pt-BR"},{"@type":"Person","@id":"https:\/\/www.gaveanews.com\/#\/schema\/person\/8207cd4627f56151707418bfc835b2fb","name":"Matheus Felipe","image":{"@type":"ImageObject","inLanguage":"pt-BR","@id":"https:\/\/www.gaveanews.com\/#\/schema\/person\/image\/","url":"https:\/\/secure.gravatar.com\/avatar\/a452ffbed9130f726358b298bb3a99ce4bd3c5338411f8440e87e14d74c7c087?s=96&d=mm&r=g","contentUrl":"https:\/\/secure.gravatar.com\/avatar\/a452ffbed9130f726358b298bb3a99ce4bd3c5338411f8440e87e14d74c7c087?s=96&d=mm&r=g","caption":"Matheus Felipe"}}]}},"_links":{"self":[{"href":"https:\/\/www.gaveanews.com\/index.php\/wp-json\/wp\/v2\/posts\/194973","targetHints":{"allow":["GET"]}}],"collection":[{"href":"https:\/\/www.gaveanews.com\/index.php\/wp-json\/wp\/v2\/posts"}],"about":[{"href":"https:\/\/www.gaveanews.com\/index.php\/wp-json\/wp\/v2\/types\/post"}],"author":[{"embeddable":true,"href":"https:\/\/www.gaveanews.com\/index.php\/wp-json\/wp\/v2\/users\/27"}],"replies":[{"embeddable":true,"href":"https:\/\/www.gaveanews.com\/index.php\/wp-json\/wp\/v2\/comments?post=194973"}],"version-history":[{"count":1,"href":"https:\/\/www.gaveanews.com\/index.php\/wp-json\/wp\/v2\/posts\/194973\/revisions"}],"predecessor-version":[{"id":194976,"href":"https:\/\/www.gaveanews.com\/index.php\/wp-json\/wp\/v2\/posts\/194973\/revisions\/194976"}],"wp:featuredmedia":[{"embeddable":true,"href":"https:\/\/www.gaveanews.com\/index.php\/wp-json\/wp\/v2\/media\/146951"}],"wp:attachment":[{"href":"https:\/\/www.gaveanews.com\/index.php\/wp-json\/wp\/v2\/media?parent=194973"}],"wp:term":[{"taxonomy":"category","embeddable":true,"href":"https:\/\/www.gaveanews.com\/index.php\/wp-json\/wp\/v2\/categories?post=194973"},{"taxonomy":"post_tag","embeddable":true,"href":"https:\/\/www.gaveanews.com\/index.php\/wp-json\/wp\/v2\/tags?post=194973"}],"curies":[{"name":"wp","href":"https:\/\/api.w.org\/{rel}","templated":true}]}}