{"id":194990,"date":"2024-12-06T04:45:00","date_gmt":"2024-12-06T07:45:00","guid":{"rendered":"https:\/\/www.gaveanews.com\/?p=194990"},"modified":"2024-12-05T20:40:21","modified_gmt":"2024-12-05T23:40:21","slug":"declaracao-de-roger-machado-recado-de-ronaldo-e-rival-viraliza-as-ultimas-noticias-do-internacional","status":"publish","type":"post","link":"https:\/\/www.gaveanews.com\/index.php\/2024\/12\/06\/declaracao-de-roger-machado-recado-de-ronaldo-e-rival-viraliza-as-ultimas-noticias-do-internacional\/","title":{"rendered":"Declara\u00e7\u00e3o de Roger Machado, recado de Ronaldo e rival viraliza: as \u00faltimas not\u00edcias do Internacional"},"content":{"rendered":"\n<p>Nas \u00faltimas horas, o foco das not\u00edcias sobre o Internacional se concentram nos bastidores do clube, com destaques como a declara\u00e7\u00e3o de Ronaldo e a rea\u00e7\u00e3o de rival.<\/p>\n\n\n\n<p>Por conta deste contexto, leia abaixo um resumo preparado pela equipe do portal G\u00e1vea News para lhe manter muito bem informado!<\/p>\n\n\n\n<h2 class=\"wp-block-heading\" id=\"h-rival-viraliza\">Rival viraliza<\/h2>\n\n\n\n<p>O Flamengo venceu o Internacional por 3 a 2 em partida realizada no Maracan\u00e3, eliminando matematicamente o time ga\u00facho da disputa pelo t\u00edtulo do Campeonato Brasileiro de 2024. O confronto, marcado por uma atua\u00e7\u00e3o avassaladora do Flamengo no primeiro tempo, tamb\u00e9m ganhou repercuss\u00e3o devido \u00e0 rea\u00e7\u00e3o curiosa do jogador Gonzalo Plata ap\u00f3s o segundo gol rubro-negro, o que chamou aten\u00e7\u00e3o nas redes sociais <strong><a href=\"https:\/\/www.gaveanews.com\/index.php\/2024\/12\/03\/plata-fica-inconformado-com-gol-do-flamengo-e-video-viraliza\/\">(leia a mat\u00e9ria completa).<\/a><\/strong><\/p>\n\n\n\n<figure class=\"wp-block-image size-large\"><img loading=\"lazy\" decoding=\"async\" width=\"1024\" height=\"680\" src=\"https:\/\/www.gaveanews.com\/wp-content\/uploads\/Gonzalo-Plata-em-acao-com-a-camisa-do-Flameng-o-em-2024-1024x680.webp\" alt=\"\" class=\"wp-image-185890\" srcset=\"https:\/\/www.gaveanews.com\/wp-content\/uploads\/Gonzalo-Plata-em-acao-com-a-camisa-do-Flameng-o-em-2024-1024x680.webp 1024w, https:\/\/www.gaveanews.com\/wp-content\/uploads\/Gonzalo-Plata-em-acao-com-a-camisa-do-Flameng-o-em-2024-300x199.webp 300w, https:\/\/www.gaveanews.com\/wp-content\/uploads\/Gonzalo-Plata-em-acao-com-a-camisa-do-Flameng-o-em-2024-768x510.webp 768w, https:\/\/www.gaveanews.com\/wp-content\/uploads\/Gonzalo-Plata-em-acao-com-a-camisa-do-Flameng-o-em-2024-633x420.webp 633w, https:\/\/www.gaveanews.com\/wp-content\/uploads\/Gonzalo-Plata-em-acao-com-a-camisa-do-Flameng-o-em-2024-1265x840.webp 1265w, https:\/\/www.gaveanews.com\/wp-content\/uploads\/Gonzalo-Plata-em-acao-com-a-camisa-do-Flameng-o-em-2024-640x425.webp 640w, https:\/\/www.gaveanews.com\/wp-content\/uploads\/Gonzalo-Plata-em-acao-com-a-camisa-do-Flameng-o-em-2024-1280x850.webp 1280w, https:\/\/www.gaveanews.com\/wp-content\/uploads\/Gonzalo-Plata-em-acao-com-a-camisa-do-Flameng-o-em-2024-681x452.webp 681w, https:\/\/www.gaveanews.com\/wp-content\/uploads\/Gonzalo-Plata-em-acao-com-a-camisa-do-Flameng-o-em-2024-1362x904.webp 1362w, https:\/\/www.gaveanews.com\/wp-content\/uploads\/Gonzalo-Plata-em-acao-com-a-camisa-do-Flameng-o-em-2024-100x66.webp 100w, https:\/\/www.gaveanews.com\/wp-content\/uploads\/Gonzalo-Plata-em-acao-com-a-camisa-do-Flameng-o-em-2024.webp 1440w\" sizes=\"auto, (max-width: 1024px) 100vw, 1024px\" \/><figcaption class=\"wp-element-caption\">Gonzalo Plata em a\u00e7\u00e3o com a camisa do Flamengo em 2024 (Foto: Reprodu\u00e7\u00e3o\/Instagram)<\/figcaption><\/figure>\n\n\n\n<p>Durante o jogo, Plata foi flagrado colocando as m\u00e3os na cabe\u00e7a ap\u00f3s um gol do companheiro Michael, gesto que gerou interpreta\u00e7\u00f5es diversas entre os torcedores. <\/p>\n\n\n\n<p>Muitos atribu\u00edram sua frustra\u00e7\u00e3o a um erro anterior, em que ele cabeceou a bola no travess\u00e3o, logo antes do gol de Michael. A performance coletiva do Flamengo tamb\u00e9m se destacou, com tr\u00eas gols no primeiro tempo, enquanto o Internacional reagiu na etapa final, mas n\u00e3o conseguiu reverter a desvantagem.<\/p>\n\n\n\n<p>Com a vit\u00f3ria, o Flamengo alcan\u00e7ou a terceira posi\u00e7\u00e3o na tabela, ultrapassando o Internacional. Ambos os times garantiram vaga na fase de grupos da Libertadores de 2025, mas j\u00e1 n\u00e3o t\u00eam mais ambi\u00e7\u00f5es no campeonato. Na pr\u00f3xima rodada, o Internacional enfrentar\u00e1 o Botafogo, l\u00edder do campeonato, e o Flamengo jogar\u00e1 contra o Crici\u00fama, que luta contra o rebaixamento, prometendo emo\u00e7\u00f5es at\u00e9 o fim da competi\u00e7\u00e3o.<\/p>\n\n\n\n<h2 class=\"wp-block-heading\" id=\"h-recado-de-ronaldo\">Recado de Ronaldo<\/h2>\n\n\n\n<p>O ex-jogador Ronaldo Fen\u00f4meno apontou o Botafogo como favorito ao t\u00edtulo do Campeonato Brasileiro, destacando a evolu\u00e7\u00e3o do clube na disputa de pontos corridos. Ele tamb\u00e9m elogiou Fortaleza, Palmeiras e Internacional, ressaltando o equil\u00edbrio da competi\u00e7\u00e3o e a imprevisibilidade que a define. Segundo Ronaldo, o Fortaleza se destaca como uma equipe promissora, enquanto o Palmeiras, com sua tradi\u00e7\u00e3o e experi\u00eancia, segue firme como candidato consistente. No caso do Internacional, o elogio recai sobre a recupera\u00e7\u00e3o e o desempenho est\u00e1vel no segundo turno, mesmo ap\u00f3s momentos dif\u00edceis enfrentados pelo clube <strong><a href=\"https:\/\/www.gaveanews.com\/index.php\/2024\/12\/03\/a-declaracao-de-ronaldo-fenomeno-envolvendo-botafogo-palmeiras-fortaleza-e-internacional\/\">(leia a mat\u00e9ria completa).<\/a><\/strong><\/p>\n\n\n\n<figure class=\"wp-block-image size-full\"><img loading=\"lazy\" decoding=\"async\" width=\"640\" height=\"480\" src=\"https:\/\/www.gaveanews.com\/wp-content\/uploads\/Ronaldo-Fenomeno-durante-premiacao-da-FIFA.webp\" alt=\"\" class=\"wp-image-157476\" srcset=\"https:\/\/www.gaveanews.com\/wp-content\/uploads\/Ronaldo-Fenomeno-durante-premiacao-da-FIFA.webp 640w, https:\/\/www.gaveanews.com\/wp-content\/uploads\/Ronaldo-Fenomeno-durante-premiacao-da-FIFA-300x225.webp 300w, https:\/\/www.gaveanews.com\/wp-content\/uploads\/Ronaldo-Fenomeno-durante-premiacao-da-FIFA-560x420.webp 560w, https:\/\/www.gaveanews.com\/wp-content\/uploads\/Ronaldo-Fenomeno-durante-premiacao-da-FIFA-80x60.webp 80w, https:\/\/www.gaveanews.com\/wp-content\/uploads\/Ronaldo-Fenomeno-durante-premiacao-da-FIFA-160x120.webp 160w, https:\/\/www.gaveanews.com\/wp-content\/uploads\/Ronaldo-Fenomeno-durante-premiacao-da-FIFA-100x75.webp 100w, https:\/\/www.gaveanews.com\/wp-content\/uploads\/Ronaldo-Fenomeno-durante-premiacao-da-FIFA-200x150.webp 200w, https:\/\/www.gaveanews.com\/wp-content\/uploads\/Ronaldo-Fenomeno-durante-premiacao-da-FIFA-180x135.webp 180w, https:\/\/www.gaveanews.com\/wp-content\/uploads\/Ronaldo-Fenomeno-durante-premiacao-da-FIFA-360x270.webp 360w, https:\/\/www.gaveanews.com\/wp-content\/uploads\/Ronaldo-Fenomeno-durante-premiacao-da-FIFA-238x178.webp 238w, https:\/\/www.gaveanews.com\/wp-content\/uploads\/Ronaldo-Fenomeno-durante-premiacao-da-FIFA-476x356.webp 476w\" sizes=\"auto, (max-width: 640px) 100vw, 640px\" \/><figcaption class=\"wp-element-caption\">Ronaldo Fen\u00f4meno durante premia\u00e7\u00e3o da FIFA (Foto: Reprodu\u00e7\u00e3o)<\/figcaption><\/figure>\n\n\n\n<p>Ronaldo enfatizou a necessidade de equil\u00edbrio emocional na reta final, especialmente com duas rodadas restantes. Apesar de favor\u00e1vel ao Botafogo, ele advertiu sobre os riscos de deslizes e destacou a compet\u00eancia do Palmeiras em superar situa\u00e7\u00f5es de press\u00e3o. Abel Ferreira, t\u00e9cnico do Palmeiras, foi citado como um fator-chave na habilidade da equipe em se manter competitiva no topo da tabela.<\/p>\n\n\n\n<p>No geral, Ronaldo prev\u00ea um desfecho emocionante para o Brasileir\u00e3o, com o Botafogo liderando, mas ciente dos desafios impostos por advers\u00e1rios experientes como o Palmeiras. Suas declara\u00e7\u00f5es refor\u00e7am a vis\u00e3o de que o futebol brasileiro continua a oferecer um espet\u00e1culo marcado por rivalidade e talento em abund\u00e2ncia.<\/p>\n\n\n\n<h2 class=\"wp-block-heading\" id=\"h-declaracao-de-roger-machado\">Declara\u00e7\u00e3o de Roger Machado <\/h2>\n\n\n\n<p>Ap\u00f3s a derrota do Internacional por 3 a 2 contra o Flamengo, no Maracan\u00e3, pela 36\u00aa rodada do Brasileir\u00e3o, o time viu o sonho do t\u00edtulo se encerrar. O desempenho abaixo do esperado no primeiro tempo, quando sofreu tr\u00eas gols em apenas 12 minutos, comprometeu o resultado, apesar de uma rea\u00e7\u00e3o na etapa final. A invencibilidade de 16 jogos foi quebrada, marcando um momento de reflex\u00e3o para a equipe ga\u00facha <strong><a href=\"https:\/\/www.gaveanews.com\/index.php\/2024\/12\/03\/a-declaracao-de-roger-machado-sobre-o-fim-das-chances-de-titulo-do-internacional\/\">(leia a mat\u00e9ria completa).<\/a><\/strong><\/p>\n\n\n\n<figure class=\"wp-block-image size-large\"><img loading=\"lazy\" decoding=\"async\" width=\"1024\" height=\"769\" src=\"https:\/\/www.gaveanews.com\/wp-content\/uploads\/Roger-Machado-durante-coletiva-pelo-Internacional-em-2024-1024x769.webp\" alt=\"\" class=\"wp-image-154272\" srcset=\"https:\/\/www.gaveanews.com\/wp-content\/uploads\/Roger-Machado-durante-coletiva-pelo-Internacional-em-2024-1024x769.webp 1024w, https:\/\/www.gaveanews.com\/wp-content\/uploads\/Roger-Machado-durante-coletiva-pelo-Internacional-em-2024-300x225.webp 300w, https:\/\/www.gaveanews.com\/wp-content\/uploads\/Roger-Machado-durante-coletiva-pelo-Internacional-em-2024-768x576.webp 768w, https:\/\/www.gaveanews.com\/wp-content\/uploads\/Roger-Machado-durante-coletiva-pelo-Internacional-em-2024-560x420.webp 560w, https:\/\/www.gaveanews.com\/wp-content\/uploads\/Roger-Machado-durante-coletiva-pelo-Internacional-em-2024-1119x840.webp 1119w, https:\/\/www.gaveanews.com\/wp-content\/uploads\/Roger-Machado-durante-coletiva-pelo-Internacional-em-2024-80x60.webp 80w, https:\/\/www.gaveanews.com\/wp-content\/uploads\/Roger-Machado-durante-coletiva-pelo-Internacional-em-2024-160x120.webp 160w, https:\/\/www.gaveanews.com\/wp-content\/uploads\/Roger-Machado-durante-coletiva-pelo-Internacional-em-2024-100x75.webp 100w, https:\/\/www.gaveanews.com\/wp-content\/uploads\/Roger-Machado-durante-coletiva-pelo-Internacional-em-2024-200x150.webp 200w, https:\/\/www.gaveanews.com\/wp-content\/uploads\/Roger-Machado-durante-coletiva-pelo-Internacional-em-2024-180x135.webp 180w, https:\/\/www.gaveanews.com\/wp-content\/uploads\/Roger-Machado-durante-coletiva-pelo-Internacional-em-2024-360x270.webp 360w, https:\/\/www.gaveanews.com\/wp-content\/uploads\/Roger-Machado-durante-coletiva-pelo-Internacional-em-2024-238x178.webp 238w, https:\/\/www.gaveanews.com\/wp-content\/uploads\/Roger-Machado-durante-coletiva-pelo-Internacional-em-2024-476x356.webp 476w, https:\/\/www.gaveanews.com\/wp-content\/uploads\/Roger-Machado-durante-coletiva-pelo-Internacional-em-2024-640x480.webp 640w, https:\/\/www.gaveanews.com\/wp-content\/uploads\/Roger-Machado-durante-coletiva-pelo-Internacional-em-2024-1280x961.webp 1280w, https:\/\/www.gaveanews.com\/wp-content\/uploads\/Roger-Machado-durante-coletiva-pelo-Internacional-em-2024-681x511.webp 681w, https:\/\/www.gaveanews.com\/wp-content\/uploads\/Roger-Machado-durante-coletiva-pelo-Internacional-em-2024-1362x1022.webp 1362w, https:\/\/www.gaveanews.com\/wp-content\/uploads\/Roger-Machado-durante-coletiva-pelo-Internacional-em-2024.webp 1419w\" sizes=\"auto, (max-width: 1024px) 100vw, 1024px\" \/><figcaption class=\"wp-element-caption\">Roger Machado durante coletiva pelo Internacional em 2024 (Foto: Reprodu\u00e7\u00e3o\/Internacional)<\/figcaption><\/figure>\n\n\n\n<p>Roger Machado, t\u00e9cnico do Internacional, reconheceu a superioridade do advers\u00e1rio e os erros cometidos pelo time, especialmente na marca\u00e7\u00e3o e na bola parada. Ainda assim, ele destacou o ano positivo do clube e a luta pelo t\u00edtulo ao longo da temporada. O treinador refor\u00e7ou o compromisso com metas de curto, m\u00e9dio e longo prazo, al\u00e9m de demonstrar confian\u00e7a em encerrar a temporada em alta, com foco total no pr\u00f3ximo jogo contra o Botafogo.<\/p>\n\n\n\n<p>Agora ocupando a quarta posi\u00e7\u00e3o com 65 pontos, o Internacional encara o l\u00edder Botafogo no Beira-Rio, onde espera contar com o apoio da torcida para garantir uma boa despedida da temporada. Para Roger, o esfor\u00e7o ser\u00e1 em consolidar a melhor classifica\u00e7\u00e3o poss\u00edvel no campeonato e preservar o \u00e2nimo da equipe para os desafios futuros.<\/p>\n","protected":false},"excerpt":{"rendered":"<p>Nas \u00faltimas horas, o foco das not\u00edcias sobre o Internacional se concentram nos bastidores do clube, com destaques como a declara\u00e7\u00e3o de Ronaldo e a rea\u00e7\u00e3o de rival. Por conta deste contexto, leia abaixo um resumo preparado pela equipe do portal G\u00e1vea News para lhe manter muito bem informado! Rival viraliza O Flamengo venceu o [&hellip;]<\/p>\n","protected":false},"author":27,"featured_media":181543,"comment_status":"open","ping_status":"closed","sticky":false,"template":"","format":"standard","meta":{"footnotes":""},"categories":[148],"tags":[],"class_list":["post-194990","post","type-post","status-publish","format-standard","has-post-thumbnail","hentry","category-internacional"],"yoast_head":"<!-- This site is optimized with the Yoast SEO Premium plugin v24.2 (Yoast SEO v26.9) - https:\/\/yoast.com\/product\/yoast-seo-premium-wordpress\/ -->\n<title>Declara\u00e7\u00e3o de Roger Machado, recado de Ronaldo e rival viraliza: as \u00faltimas not\u00edcias do Internacional<\/title>\n<meta name=\"robots\" content=\"index, follow, max-snippet:-1, max-image-preview:large, max-video-preview:-1\" \/>\n<link rel=\"canonical\" href=\"https:\/\/www.gaveanews.com\/index.php\/2024\/12\/06\/declaracao-de-roger-machado-recado-de-ronaldo-e-rival-viraliza-as-ultimas-noticias-do-internacional\/\" \/>\n<meta property=\"og:locale\" content=\"pt_BR\" \/>\n<meta property=\"og:type\" content=\"article\" \/>\n<meta property=\"og:title\" content=\"Declara\u00e7\u00e3o de Roger Machado, recado de Ronaldo e rival viraliza: as \u00faltimas not\u00edcias do Internacional\" \/>\n<meta property=\"og:description\" content=\"Nas \u00faltimas horas, o foco das not\u00edcias sobre o Internacional se concentram nos bastidores do clube, com destaques como a declara\u00e7\u00e3o de Ronaldo e a rea\u00e7\u00e3o de rival. Por conta deste contexto, leia abaixo um resumo preparado pela equipe do portal G\u00e1vea News para lhe manter muito bem informado! Rival viraliza O Flamengo venceu o [&hellip;]\" \/>\n<meta property=\"og:url\" content=\"https:\/\/www.gaveanews.com\/index.php\/2024\/12\/06\/declaracao-de-roger-machado-recado-de-ronaldo-e-rival-viraliza-as-ultimas-noticias-do-internacional\/\" \/>\n<meta property=\"og:site_name\" content=\"G\u00e1vea News\" \/>\n<meta property=\"article:publisher\" content=\"https:\/\/facebook.com\/gaveaNews\/\" \/>\n<meta property=\"article:published_time\" content=\"2024-12-06T07:45:00+00:00\" \/>\n<meta property=\"og:image\" content=\"https:\/\/www.gaveanews.com\/wp-content\/uploads\/Elenco-do-Internacional-em-2024.webp\" \/>\n\t<meta property=\"og:image:width\" content=\"1120\" \/>\n\t<meta property=\"og:image:height\" content=\"747\" \/>\n\t<meta property=\"og:image:type\" content=\"image\/webp\" \/>\n<meta name=\"author\" content=\"Matheus Felipe\" \/>\n<meta name=\"twitter:card\" content=\"summary_large_image\" \/>\n<meta name=\"twitter:label1\" content=\"Escrito por\" \/>\n\t<meta name=\"twitter:data1\" content=\"Matheus Felipe\" \/>\n\t<meta name=\"twitter:label2\" content=\"Est. tempo de leitura\" \/>\n\t<meta name=\"twitter:data2\" content=\"5 minutos\" \/>\n<script type=\"application\/ld+json\" class=\"yoast-schema-graph\">{\"@context\":\"https:\/\/schema.org\",\"@graph\":[{\"@type\":\"NewsArticle\",\"@id\":\"https:\/\/www.gaveanews.com\/index.php\/2024\/12\/06\/declaracao-de-roger-machado-recado-de-ronaldo-e-rival-viraliza-as-ultimas-noticias-do-internacional\/#article\",\"isPartOf\":{\"@id\":\"https:\/\/www.gaveanews.com\/index.php\/2024\/12\/06\/declaracao-de-roger-machado-recado-de-ronaldo-e-rival-viraliza-as-ultimas-noticias-do-internacional\/\"},\"author\":{\"name\":\"Matheus Felipe\",\"@id\":\"https:\/\/www.gaveanews.com\/#\/schema\/person\/8207cd4627f56151707418bfc835b2fb\"},\"headline\":\"Declara\u00e7\u00e3o de Roger Machado, recado de Ronaldo e rival viraliza: as \u00faltimas not\u00edcias do Internacional\",\"datePublished\":\"2024-12-06T07:45:00+00:00\",\"mainEntityOfPage\":{\"@id\":\"https:\/\/www.gaveanews.com\/index.php\/2024\/12\/06\/declaracao-de-roger-machado-recado-de-ronaldo-e-rival-viraliza-as-ultimas-noticias-do-internacional\/\"},\"wordCount\":791,\"commentCount\":0,\"image\":{\"@id\":\"https:\/\/www.gaveanews.com\/index.php\/2024\/12\/06\/declaracao-de-roger-machado-recado-de-ronaldo-e-rival-viraliza-as-ultimas-noticias-do-internacional\/#primaryimage\"},\"thumbnailUrl\":\"https:\/\/www.gaveanews.com\/wp-content\/uploads\/Elenco-do-Internacional-em-2024.webp\",\"articleSection\":[\"Internacional\"],\"inLanguage\":\"pt-BR\",\"potentialAction\":[{\"@type\":\"CommentAction\",\"name\":\"Comment\",\"target\":[\"https:\/\/www.gaveanews.com\/index.php\/2024\/12\/06\/declaracao-de-roger-machado-recado-de-ronaldo-e-rival-viraliza-as-ultimas-noticias-do-internacional\/#respond\"]}],\"copyrightYear\":\"2024\",\"copyrightHolder\":{\"@id\":\"https:\/\/www.gaveanews.com\/#organization\"}},{\"@type\":\"WebPage\",\"@id\":\"https:\/\/www.gaveanews.com\/index.php\/2024\/12\/06\/declaracao-de-roger-machado-recado-de-ronaldo-e-rival-viraliza-as-ultimas-noticias-do-internacional\/\",\"url\":\"https:\/\/www.gaveanews.com\/index.php\/2024\/12\/06\/declaracao-de-roger-machado-recado-de-ronaldo-e-rival-viraliza-as-ultimas-noticias-do-internacional\/\",\"name\":\"Declara\u00e7\u00e3o de Roger Machado, recado de Ronaldo e rival viraliza: as \u00faltimas not\u00edcias do Internacional\",\"isPartOf\":{\"@id\":\"https:\/\/www.gaveanews.com\/#website\"},\"primaryImageOfPage\":{\"@id\":\"https:\/\/www.gaveanews.com\/index.php\/2024\/12\/06\/declaracao-de-roger-machado-recado-de-ronaldo-e-rival-viraliza-as-ultimas-noticias-do-internacional\/#primaryimage\"},\"image\":{\"@id\":\"https:\/\/www.gaveanews.com\/index.php\/2024\/12\/06\/declaracao-de-roger-machado-recado-de-ronaldo-e-rival-viraliza-as-ultimas-noticias-do-internacional\/#primaryimage\"},\"thumbnailUrl\":\"https:\/\/www.gaveanews.com\/wp-content\/uploads\/Elenco-do-Internacional-em-2024.webp\",\"datePublished\":\"2024-12-06T07:45:00+00:00\",\"author\":{\"@id\":\"https:\/\/www.gaveanews.com\/#\/schema\/person\/8207cd4627f56151707418bfc835b2fb\"},\"breadcrumb\":{\"@id\":\"https:\/\/www.gaveanews.com\/index.php\/2024\/12\/06\/declaracao-de-roger-machado-recado-de-ronaldo-e-rival-viraliza-as-ultimas-noticias-do-internacional\/#breadcrumb\"},\"inLanguage\":\"pt-BR\",\"potentialAction\":[{\"@type\":\"ReadAction\",\"target\":[\"https:\/\/www.gaveanews.com\/index.php\/2024\/12\/06\/declaracao-de-roger-machado-recado-de-ronaldo-e-rival-viraliza-as-ultimas-noticias-do-internacional\/\"]}]},{\"@type\":\"ImageObject\",\"inLanguage\":\"pt-BR\",\"@id\":\"https:\/\/www.gaveanews.com\/index.php\/2024\/12\/06\/declaracao-de-roger-machado-recado-de-ronaldo-e-rival-viraliza-as-ultimas-noticias-do-internacional\/#primaryimage\",\"url\":\"https:\/\/www.gaveanews.com\/wp-content\/uploads\/Elenco-do-Internacional-em-2024.webp\",\"contentUrl\":\"https:\/\/www.gaveanews.com\/wp-content\/uploads\/Elenco-do-Internacional-em-2024.webp\",\"width\":1120,\"height\":747,\"caption\":\"Elenco do Internacional em 2024 (Foto: Reprodu\u00e7\u00e3o\/R Duarte)\"},{\"@type\":\"BreadcrumbList\",\"@id\":\"https:\/\/www.gaveanews.com\/index.php\/2024\/12\/06\/declaracao-de-roger-machado-recado-de-ronaldo-e-rival-viraliza-as-ultimas-noticias-do-internacional\/#breadcrumb\",\"itemListElement\":[{\"@type\":\"ListItem\",\"position\":1,\"name\":\"Home\",\"item\":\"https:\/\/www.gaveanews.com\/\"},{\"@type\":\"ListItem\",\"position\":2,\"name\":\"Declara\u00e7\u00e3o de Roger Machado, recado de Ronaldo e rival viraliza: as \u00faltimas not\u00edcias do Internacional\"}]},{\"@type\":\"WebSite\",\"@id\":\"https:\/\/www.gaveanews.com\/#website\",\"url\":\"https:\/\/www.gaveanews.com\/\",\"name\":\"G\u00e1vea News\",\"description\":\"Veja todas as not\u00edcias sobre o Flamengo: Contrata\u00e7\u00f5es, categorias de base, resultados das partidas, tabela de classifica\u00e7\u00e3o, pr\u00f3ximos jogos!\",\"potentialAction\":[{\"@type\":\"SearchAction\",\"target\":{\"@type\":\"EntryPoint\",\"urlTemplate\":\"https:\/\/www.gaveanews.com\/?s={search_term_string}\"},\"query-input\":{\"@type\":\"PropertyValueSpecification\",\"valueRequired\":true,\"valueName\":\"search_term_string\"}}],\"inLanguage\":\"pt-BR\"},{\"@type\":\"Person\",\"@id\":\"https:\/\/www.gaveanews.com\/#\/schema\/person\/8207cd4627f56151707418bfc835b2fb\",\"name\":\"Matheus Felipe\",\"image\":{\"@type\":\"ImageObject\",\"inLanguage\":\"pt-BR\",\"@id\":\"https:\/\/www.gaveanews.com\/#\/schema\/person\/image\/\",\"url\":\"https:\/\/secure.gravatar.com\/avatar\/a452ffbed9130f726358b298bb3a99ce4bd3c5338411f8440e87e14d74c7c087?s=96&d=mm&r=g\",\"contentUrl\":\"https:\/\/secure.gravatar.com\/avatar\/a452ffbed9130f726358b298bb3a99ce4bd3c5338411f8440e87e14d74c7c087?s=96&d=mm&r=g\",\"caption\":\"Matheus Felipe\"}}]}<\/script>\n<!-- \/ Yoast SEO Premium plugin. -->","yoast_head_json":{"title":"Declara\u00e7\u00e3o de Roger Machado, recado de Ronaldo e rival viraliza: as \u00faltimas not\u00edcias do Internacional","robots":{"index":"index","follow":"follow","max-snippet":"max-snippet:-1","max-image-preview":"max-image-preview:large","max-video-preview":"max-video-preview:-1"},"canonical":"https:\/\/www.gaveanews.com\/index.php\/2024\/12\/06\/declaracao-de-roger-machado-recado-de-ronaldo-e-rival-viraliza-as-ultimas-noticias-do-internacional\/","og_locale":"pt_BR","og_type":"article","og_title":"Declara\u00e7\u00e3o de Roger Machado, recado de Ronaldo e rival viraliza: as \u00faltimas not\u00edcias do Internacional","og_description":"Nas \u00faltimas horas, o foco das not\u00edcias sobre o Internacional se concentram nos bastidores do clube, com destaques como a declara\u00e7\u00e3o de Ronaldo e a rea\u00e7\u00e3o de rival. Por conta deste contexto, leia abaixo um resumo preparado pela equipe do portal G\u00e1vea News para lhe manter muito bem informado! Rival viraliza O Flamengo venceu o [&hellip;]","og_url":"https:\/\/www.gaveanews.com\/index.php\/2024\/12\/06\/declaracao-de-roger-machado-recado-de-ronaldo-e-rival-viraliza-as-ultimas-noticias-do-internacional\/","og_site_name":"G\u00e1vea News","article_publisher":"https:\/\/facebook.com\/gaveaNews\/","article_published_time":"2024-12-06T07:45:00+00:00","og_image":[{"width":1120,"height":747,"url":"https:\/\/www.gaveanews.com\/wp-content\/uploads\/Elenco-do-Internacional-em-2024.webp","type":"image\/webp"}],"author":"Matheus Felipe","twitter_card":"summary_large_image","twitter_misc":{"Escrito por":"Matheus Felipe","Est. tempo de leitura":"5 minutos"},"schema":{"@context":"https:\/\/schema.org","@graph":[{"@type":"NewsArticle","@id":"https:\/\/www.gaveanews.com\/index.php\/2024\/12\/06\/declaracao-de-roger-machado-recado-de-ronaldo-e-rival-viraliza-as-ultimas-noticias-do-internacional\/#article","isPartOf":{"@id":"https:\/\/www.gaveanews.com\/index.php\/2024\/12\/06\/declaracao-de-roger-machado-recado-de-ronaldo-e-rival-viraliza-as-ultimas-noticias-do-internacional\/"},"author":{"name":"Matheus Felipe","@id":"https:\/\/www.gaveanews.com\/#\/schema\/person\/8207cd4627f56151707418bfc835b2fb"},"headline":"Declara\u00e7\u00e3o de Roger Machado, recado de Ronaldo e rival viraliza: as \u00faltimas not\u00edcias do Internacional","datePublished":"2024-12-06T07:45:00+00:00","mainEntityOfPage":{"@id":"https:\/\/www.gaveanews.com\/index.php\/2024\/12\/06\/declaracao-de-roger-machado-recado-de-ronaldo-e-rival-viraliza-as-ultimas-noticias-do-internacional\/"},"wordCount":791,"commentCount":0,"image":{"@id":"https:\/\/www.gaveanews.com\/index.php\/2024\/12\/06\/declaracao-de-roger-machado-recado-de-ronaldo-e-rival-viraliza-as-ultimas-noticias-do-internacional\/#primaryimage"},"thumbnailUrl":"https:\/\/www.gaveanews.com\/wp-content\/uploads\/Elenco-do-Internacional-em-2024.webp","articleSection":["Internacional"],"inLanguage":"pt-BR","potentialAction":[{"@type":"CommentAction","name":"Comment","target":["https:\/\/www.gaveanews.com\/index.php\/2024\/12\/06\/declaracao-de-roger-machado-recado-de-ronaldo-e-rival-viraliza-as-ultimas-noticias-do-internacional\/#respond"]}],"copyrightYear":"2024","copyrightHolder":{"@id":"https:\/\/www.gaveanews.com\/#organization"}},{"@type":"WebPage","@id":"https:\/\/www.gaveanews.com\/index.php\/2024\/12\/06\/declaracao-de-roger-machado-recado-de-ronaldo-e-rival-viraliza-as-ultimas-noticias-do-internacional\/","url":"https:\/\/www.gaveanews.com\/index.php\/2024\/12\/06\/declaracao-de-roger-machado-recado-de-ronaldo-e-rival-viraliza-as-ultimas-noticias-do-internacional\/","name":"Declara\u00e7\u00e3o de Roger Machado, recado de Ronaldo e rival viraliza: as \u00faltimas not\u00edcias do Internacional","isPartOf":{"@id":"https:\/\/www.gaveanews.com\/#website"},"primaryImageOfPage":{"@id":"https:\/\/www.gaveanews.com\/index.php\/2024\/12\/06\/declaracao-de-roger-machado-recado-de-ronaldo-e-rival-viraliza-as-ultimas-noticias-do-internacional\/#primaryimage"},"image":{"@id":"https:\/\/www.gaveanews.com\/index.php\/2024\/12\/06\/declaracao-de-roger-machado-recado-de-ronaldo-e-rival-viraliza-as-ultimas-noticias-do-internacional\/#primaryimage"},"thumbnailUrl":"https:\/\/www.gaveanews.com\/wp-content\/uploads\/Elenco-do-Internacional-em-2024.webp","datePublished":"2024-12-06T07:45:00+00:00","author":{"@id":"https:\/\/www.gaveanews.com\/#\/schema\/person\/8207cd4627f56151707418bfc835b2fb"},"breadcrumb":{"@id":"https:\/\/www.gaveanews.com\/index.php\/2024\/12\/06\/declaracao-de-roger-machado-recado-de-ronaldo-e-rival-viraliza-as-ultimas-noticias-do-internacional\/#breadcrumb"},"inLanguage":"pt-BR","potentialAction":[{"@type":"ReadAction","target":["https:\/\/www.gaveanews.com\/index.php\/2024\/12\/06\/declaracao-de-roger-machado-recado-de-ronaldo-e-rival-viraliza-as-ultimas-noticias-do-internacional\/"]}]},{"@type":"ImageObject","inLanguage":"pt-BR","@id":"https:\/\/www.gaveanews.com\/index.php\/2024\/12\/06\/declaracao-de-roger-machado-recado-de-ronaldo-e-rival-viraliza-as-ultimas-noticias-do-internacional\/#primaryimage","url":"https:\/\/www.gaveanews.com\/wp-content\/uploads\/Elenco-do-Internacional-em-2024.webp","contentUrl":"https:\/\/www.gaveanews.com\/wp-content\/uploads\/Elenco-do-Internacional-em-2024.webp","width":1120,"height":747,"caption":"Elenco do Internacional em 2024 (Foto: Reprodu\u00e7\u00e3o\/R Duarte)"},{"@type":"BreadcrumbList","@id":"https:\/\/www.gaveanews.com\/index.php\/2024\/12\/06\/declaracao-de-roger-machado-recado-de-ronaldo-e-rival-viraliza-as-ultimas-noticias-do-internacional\/#breadcrumb","itemListElement":[{"@type":"ListItem","position":1,"name":"Home","item":"https:\/\/www.gaveanews.com\/"},{"@type":"ListItem","position":2,"name":"Declara\u00e7\u00e3o de Roger Machado, recado de Ronaldo e rival viraliza: as \u00faltimas not\u00edcias do Internacional"}]},{"@type":"WebSite","@id":"https:\/\/www.gaveanews.com\/#website","url":"https:\/\/www.gaveanews.com\/","name":"G\u00e1vea News","description":"Veja todas as not\u00edcias sobre o Flamengo: Contrata\u00e7\u00f5es, categorias de base, resultados das partidas, tabela de classifica\u00e7\u00e3o, pr\u00f3ximos jogos!","potentialAction":[{"@type":"SearchAction","target":{"@type":"EntryPoint","urlTemplate":"https:\/\/www.gaveanews.com\/?s={search_term_string}"},"query-input":{"@type":"PropertyValueSpecification","valueRequired":true,"valueName":"search_term_string"}}],"inLanguage":"pt-BR"},{"@type":"Person","@id":"https:\/\/www.gaveanews.com\/#\/schema\/person\/8207cd4627f56151707418bfc835b2fb","name":"Matheus Felipe","image":{"@type":"ImageObject","inLanguage":"pt-BR","@id":"https:\/\/www.gaveanews.com\/#\/schema\/person\/image\/","url":"https:\/\/secure.gravatar.com\/avatar\/a452ffbed9130f726358b298bb3a99ce4bd3c5338411f8440e87e14d74c7c087?s=96&d=mm&r=g","contentUrl":"https:\/\/secure.gravatar.com\/avatar\/a452ffbed9130f726358b298bb3a99ce4bd3c5338411f8440e87e14d74c7c087?s=96&d=mm&r=g","caption":"Matheus Felipe"}}]}},"_links":{"self":[{"href":"https:\/\/www.gaveanews.com\/index.php\/wp-json\/wp\/v2\/posts\/194990","targetHints":{"allow":["GET"]}}],"collection":[{"href":"https:\/\/www.gaveanews.com\/index.php\/wp-json\/wp\/v2\/posts"}],"about":[{"href":"https:\/\/www.gaveanews.com\/index.php\/wp-json\/wp\/v2\/types\/post"}],"author":[{"embeddable":true,"href":"https:\/\/www.gaveanews.com\/index.php\/wp-json\/wp\/v2\/users\/27"}],"replies":[{"embeddable":true,"href":"https:\/\/www.gaveanews.com\/index.php\/wp-json\/wp\/v2\/comments?post=194990"}],"version-history":[{"count":1,"href":"https:\/\/www.gaveanews.com\/index.php\/wp-json\/wp\/v2\/posts\/194990\/revisions"}],"predecessor-version":[{"id":195419,"href":"https:\/\/www.gaveanews.com\/index.php\/wp-json\/wp\/v2\/posts\/194990\/revisions\/195419"}],"wp:featuredmedia":[{"embeddable":true,"href":"https:\/\/www.gaveanews.com\/index.php\/wp-json\/wp\/v2\/media\/181543"}],"wp:attachment":[{"href":"https:\/\/www.gaveanews.com\/index.php\/wp-json\/wp\/v2\/media?parent=194990"}],"wp:term":[{"taxonomy":"category","embeddable":true,"href":"https:\/\/www.gaveanews.com\/index.php\/wp-json\/wp\/v2\/categories?post=194990"},{"taxonomy":"post_tag","embeddable":true,"href":"https:\/\/www.gaveanews.com\/index.php\/wp-json\/wp\/v2\/tags?post=194990"}],"curies":[{"name":"wp","href":"https:\/\/api.w.org\/{rel}","templated":true}]}}