{"id":195314,"date":"2024-12-05T19:40:00","date_gmt":"2024-12-05T22:40:00","guid":{"rendered":"https:\/\/www.gaveanews.com\/?p=195314"},"modified":"2024-12-05T19:10:16","modified_gmt":"2024-12-05T22:10:16","slug":"bastidores-a-declaracao-de-ramon-diaz-apos-vitoria-do-corinthians","status":"publish","type":"post","link":"https:\/\/www.gaveanews.com\/index.php\/2024\/12\/05\/bastidores-a-declaracao-de-ramon-diaz-apos-vitoria-do-corinthians\/","title":{"rendered":"Bastidores: a declara\u00e7\u00e3o de Ram\u00f3n D\u00edaz ap\u00f3s vit\u00f3ria do Corinthians"},"content":{"rendered":"\n<p>Ap\u00f3s a vit\u00f3ria por 3 a 0 sobre o Bahia, o clima nos bastidores do Corinthians foi de otimismo e renova\u00e7\u00e3o. Em coletiva de imprensa, Ram\u00f3n D\u00edaz e Emiliano D\u00edaz confirmaram a perman\u00eancia da comiss\u00e3o t\u00e9cnica para a temporada 2025, um an\u00fancio oficial feito pelo diretor executivo Fabinho Soldado.&nbsp;<\/p>\n\n\n\n<ul class=\"wp-block-list\">\n<li><a href=\"https:\/\/www.gaveanews.com\/index.php\/2024\/12\/04\/stjd-toma-decisao-prejudicial-ao-corinthians\/\">STJD toma decis\u00e3o prejudicial ao Corinthians<\/a><\/li>\n\n\n\n<li><a href=\"https:\/\/www.gaveanews.com\/index.php\/2024\/12\/05\/angel-romero-faz-publicacao-direcionada-ao-corinthians\/\">\u00c1ngel Romero faz publica\u00e7\u00e3o direcionada ao Corinthians<\/a><\/li>\n<\/ul>\n\n\n\n<p>Apesar das dificuldades enfrentadas durante a temporada, o trabalho da comiss\u00e3o conquistou a confian\u00e7a da diretoria, principalmente ap\u00f3s uma sequ\u00eancia hist\u00f3rica de oito vit\u00f3rias consecutivas no Campeonato Brasileiro.<\/p>\n\n\n\n<h2 class=\"wp-block-heading\" id=\"h-a-analise-de-ramon-diaz-sobre-a-temporada\">A an\u00e1lise de Ram\u00f3n D\u00edaz sobre a temporada<\/h2>\n\n\n\n<p>Ram\u00f3n D\u00edaz, com contrato at\u00e9 o final de 2025, aproveitou a oportunidade para refor\u00e7ar a import\u00e2ncia de terminar a temporada com um bom desempenho.&nbsp;<\/p>\n\n\n\n<p>Vale destacar que, embora a equipe tenha se livrado da amea\u00e7a do rebaixamento, o argentino refor\u00e7ou a necessidade de manter a luta na parte de cima da tabela, como deixou claro em suas palavras: &#8220;Este \u00e9 um grupo que precisa lutar na parte de cima. N\u00e3o pelo rebaixamento, como fizemos. Estiveram muito bem, tiveram muita personalidade.&#8221;&nbsp;<\/p>\n\n\n\n<p>Al\u00e9m disso, ele reconheceu o apoio crucial que recebeu, tanto da comiss\u00e3o t\u00e9cnica quanto da diretoria, especialmente durante os momentos mais dif\u00edceis do campeonato.<\/p>\n\n\n\n<h2 class=\"wp-block-heading\" id=\"h-a-relacao-com-a-diretoria-e-o-planejamento-para-2025\">A rela\u00e7\u00e3o com a diretoria e o planejamento para 2025<\/h2>\n\n\n\n<p>Emiliano D\u00edaz, por sua vez, fez quest\u00e3o de elogiar Fabinho Soldado, diretor executivo do Corinthians, destacando a clareza nas negocia\u00e7\u00f5es e o apoio cont\u00ednuo. &#8220;Falei isso quando ainda est\u00e1vamos na zona de rebaixamento: agrade\u00e7o a ele (Fabinho) porque nunca trabalhei com um diretor assim&#8221;, afirmou Emiliano.&nbsp;<\/p>\n\n\n\n<p>Por isso, a rela\u00e7\u00e3o de transpar\u00eancia entre os dois lados tem sido fundamental para que o Corinthians possa planejar com mais confian\u00e7a o pr\u00f3ximo ano.<\/p>\n\n\n\n<h2 class=\"wp-block-heading\" id=\"h-o-que-vem-pela-frente-para-o-corinthians\">O que vem pela frente para o Corinthians?<\/h2>\n\n\n\n<p>Sendo assim, a continuidade de Ram\u00f3n D\u00edaz \u00e0 frente do time reflete a confian\u00e7a da diretoria no trabalho realizado at\u00e9 aqui. Embora ainda haja um objetivo a ser alcan\u00e7ado na \u00faltima rodada contra o Gr\u00eamio, a decis\u00e3o de manter a comiss\u00e3o t\u00e9cnica para 2025 j\u00e1 est\u00e1 tomada, com foco em conquistar t\u00edtulos e consolidar a equipe como protagonista nas competi\u00e7\u00f5es.&nbsp;<\/p>\n\n\n\n<p>Dessa maneira, a expectativa para o pr\u00f3ximo ano cresce, e a miss\u00e3o de deixar um legado positivo para o clube est\u00e1 cada vez mais clara. Com isso, o Corinthians se prepara para seguir brigando por grandes conquistas no futebol brasileiro e internacional.<\/p>\n","protected":false},"excerpt":{"rendered":"<p>Ap\u00f3s a vit\u00f3ria por 3 a 0 sobre o Bahia, o clima nos bastidores do Corinthians foi de otimismo e renova\u00e7\u00e3o. Em coletiva de imprensa, Ram\u00f3n D\u00edaz e Emiliano D\u00edaz confirmaram a perman\u00eancia da comiss\u00e3o t\u00e9cnica para a temporada 2025, um an\u00fancio oficial feito pelo diretor executivo Fabinho Soldado.&nbsp; Apesar das dificuldades enfrentadas durante a [&hellip;]<\/p>\n","protected":false},"author":25,"featured_media":190015,"comment_status":"open","ping_status":"closed","sticky":false,"template":"","format":"standard","meta":{"footnotes":""},"categories":[141],"tags":[],"class_list":["post-195314","post","type-post","status-publish","format-standard","has-post-thumbnail","hentry","category-corinthians"],"yoast_head":"<!-- This site is optimized with the Yoast SEO Premium plugin v24.2 (Yoast SEO v26.9) - https:\/\/yoast.com\/product\/yoast-seo-premium-wordpress\/ -->\n<title>Bastidores: a declara\u00e7\u00e3o de Ram\u00f3n D\u00edaz ap\u00f3s vit\u00f3ria do Corinthians<\/title>\n<meta name=\"robots\" content=\"index, follow, max-snippet:-1, max-image-preview:large, max-video-preview:-1\" \/>\n<link rel=\"canonical\" href=\"https:\/\/www.gaveanews.com\/index.php\/2024\/12\/05\/bastidores-a-declaracao-de-ramon-diaz-apos-vitoria-do-corinthians\/\" \/>\n<meta property=\"og:locale\" content=\"pt_BR\" \/>\n<meta property=\"og:type\" content=\"article\" \/>\n<meta property=\"og:title\" content=\"Bastidores: a declara\u00e7\u00e3o de Ram\u00f3n D\u00edaz ap\u00f3s vit\u00f3ria do Corinthians\" \/>\n<meta property=\"og:description\" content=\"Ap\u00f3s a vit\u00f3ria por 3 a 0 sobre o Bahia, o clima nos bastidores do Corinthians foi de otimismo e renova\u00e7\u00e3o. Em coletiva de imprensa, Ram\u00f3n D\u00edaz e Emiliano D\u00edaz confirmaram a perman\u00eancia da comiss\u00e3o t\u00e9cnica para a temporada 2025, um an\u00fancio oficial feito pelo diretor executivo Fabinho Soldado.&nbsp; Apesar das dificuldades enfrentadas durante a [&hellip;]\" \/>\n<meta property=\"og:url\" content=\"https:\/\/www.gaveanews.com\/index.php\/2024\/12\/05\/bastidores-a-declaracao-de-ramon-diaz-apos-vitoria-do-corinthians\/\" \/>\n<meta property=\"og:site_name\" content=\"G\u00e1vea News\" \/>\n<meta property=\"article:publisher\" content=\"https:\/\/facebook.com\/gaveaNews\/\" \/>\n<meta property=\"article:published_time\" content=\"2024-12-05T22:40:00+00:00\" \/>\n<meta property=\"og:image\" content=\"https:\/\/www.gaveanews.com\/wp-content\/uploads\/Ramon-Diaz-pelo-Corinthians-em-2024-1.webp\" \/>\n\t<meta property=\"og:image:width\" content=\"774\" \/>\n\t<meta property=\"og:image:height\" content=\"483\" \/>\n\t<meta property=\"og:image:type\" content=\"image\/webp\" \/>\n<meta name=\"author\" content=\"Rafaela Ladeira\" \/>\n<meta name=\"twitter:card\" content=\"summary_large_image\" \/>\n<meta name=\"twitter:label1\" content=\"Escrito por\" \/>\n\t<meta name=\"twitter:data1\" content=\"Rafaela Ladeira\" \/>\n\t<meta name=\"twitter:label2\" content=\"Est. tempo de leitura\" \/>\n\t<meta name=\"twitter:data2\" content=\"3 minutos\" \/>\n<script type=\"application\/ld+json\" class=\"yoast-schema-graph\">{\"@context\":\"https:\/\/schema.org\",\"@graph\":[{\"@type\":\"NewsArticle\",\"@id\":\"https:\/\/www.gaveanews.com\/index.php\/2024\/12\/05\/bastidores-a-declaracao-de-ramon-diaz-apos-vitoria-do-corinthians\/#article\",\"isPartOf\":{\"@id\":\"https:\/\/www.gaveanews.com\/index.php\/2024\/12\/05\/bastidores-a-declaracao-de-ramon-diaz-apos-vitoria-do-corinthians\/\"},\"author\":{\"name\":\"Rafaela Ladeira\",\"@id\":\"https:\/\/www.gaveanews.com\/#\/schema\/person\/0eb3e3fe1754f0205218538adbe8f5ed\"},\"headline\":\"Bastidores: a declara\u00e7\u00e3o de Ram\u00f3n D\u00edaz ap\u00f3s vit\u00f3ria do Corinthians\",\"datePublished\":\"2024-12-05T22:40:00+00:00\",\"mainEntityOfPage\":{\"@id\":\"https:\/\/www.gaveanews.com\/index.php\/2024\/12\/05\/bastidores-a-declaracao-de-ramon-diaz-apos-vitoria-do-corinthians\/\"},\"wordCount\":460,\"commentCount\":0,\"image\":{\"@id\":\"https:\/\/www.gaveanews.com\/index.php\/2024\/12\/05\/bastidores-a-declaracao-de-ramon-diaz-apos-vitoria-do-corinthians\/#primaryimage\"},\"thumbnailUrl\":\"https:\/\/www.gaveanews.com\/wp-content\/uploads\/Ramon-Diaz-pelo-Corinthians-em-2024-1.webp\",\"articleSection\":[\"Corinthians\"],\"inLanguage\":\"pt-BR\",\"potentialAction\":[{\"@type\":\"CommentAction\",\"name\":\"Comment\",\"target\":[\"https:\/\/www.gaveanews.com\/index.php\/2024\/12\/05\/bastidores-a-declaracao-de-ramon-diaz-apos-vitoria-do-corinthians\/#respond\"]}],\"copyrightYear\":\"2024\",\"copyrightHolder\":{\"@id\":\"https:\/\/www.gaveanews.com\/#organization\"}},{\"@type\":\"WebPage\",\"@id\":\"https:\/\/www.gaveanews.com\/index.php\/2024\/12\/05\/bastidores-a-declaracao-de-ramon-diaz-apos-vitoria-do-corinthians\/\",\"url\":\"https:\/\/www.gaveanews.com\/index.php\/2024\/12\/05\/bastidores-a-declaracao-de-ramon-diaz-apos-vitoria-do-corinthians\/\",\"name\":\"Bastidores: a declara\u00e7\u00e3o de Ram\u00f3n D\u00edaz ap\u00f3s vit\u00f3ria do Corinthians\",\"isPartOf\":{\"@id\":\"https:\/\/www.gaveanews.com\/#website\"},\"primaryImageOfPage\":{\"@id\":\"https:\/\/www.gaveanews.com\/index.php\/2024\/12\/05\/bastidores-a-declaracao-de-ramon-diaz-apos-vitoria-do-corinthians\/#primaryimage\"},\"image\":{\"@id\":\"https:\/\/www.gaveanews.com\/index.php\/2024\/12\/05\/bastidores-a-declaracao-de-ramon-diaz-apos-vitoria-do-corinthians\/#primaryimage\"},\"thumbnailUrl\":\"https:\/\/www.gaveanews.com\/wp-content\/uploads\/Ramon-Diaz-pelo-Corinthians-em-2024-1.webp\",\"datePublished\":\"2024-12-05T22:40:00+00:00\",\"author\":{\"@id\":\"https:\/\/www.gaveanews.com\/#\/schema\/person\/0eb3e3fe1754f0205218538adbe8f5ed\"},\"breadcrumb\":{\"@id\":\"https:\/\/www.gaveanews.com\/index.php\/2024\/12\/05\/bastidores-a-declaracao-de-ramon-diaz-apos-vitoria-do-corinthians\/#breadcrumb\"},\"inLanguage\":\"pt-BR\",\"potentialAction\":[{\"@type\":\"ReadAction\",\"target\":[\"https:\/\/www.gaveanews.com\/index.php\/2024\/12\/05\/bastidores-a-declaracao-de-ramon-diaz-apos-vitoria-do-corinthians\/\"]}]},{\"@type\":\"ImageObject\",\"inLanguage\":\"pt-BR\",\"@id\":\"https:\/\/www.gaveanews.com\/index.php\/2024\/12\/05\/bastidores-a-declaracao-de-ramon-diaz-apos-vitoria-do-corinthians\/#primaryimage\",\"url\":\"https:\/\/www.gaveanews.com\/wp-content\/uploads\/Ramon-Diaz-pelo-Corinthians-em-2024-1.webp\",\"contentUrl\":\"https:\/\/www.gaveanews.com\/wp-content\/uploads\/Ramon-Diaz-pelo-Corinthians-em-2024-1.webp\",\"width\":774,\"height\":483,\"caption\":\"Ram\u00f3n D\u00edaz pelo Corinthians em 2024 (Foto: Rodrigo Coca\/Ag\u00eancia Corinthians)\"},{\"@type\":\"BreadcrumbList\",\"@id\":\"https:\/\/www.gaveanews.com\/index.php\/2024\/12\/05\/bastidores-a-declaracao-de-ramon-diaz-apos-vitoria-do-corinthians\/#breadcrumb\",\"itemListElement\":[{\"@type\":\"ListItem\",\"position\":1,\"name\":\"Home\",\"item\":\"https:\/\/www.gaveanews.com\/\"},{\"@type\":\"ListItem\",\"position\":2,\"name\":\"Bastidores: a declara\u00e7\u00e3o de Ram\u00f3n D\u00edaz ap\u00f3s vit\u00f3ria do Corinthians\"}]},{\"@type\":\"WebSite\",\"@id\":\"https:\/\/www.gaveanews.com\/#website\",\"url\":\"https:\/\/www.gaveanews.com\/\",\"name\":\"G\u00e1vea News\",\"description\":\"Veja todas as not\u00edcias sobre o Flamengo: Contrata\u00e7\u00f5es, categorias de base, resultados das partidas, tabela de classifica\u00e7\u00e3o, pr\u00f3ximos jogos!\",\"potentialAction\":[{\"@type\":\"SearchAction\",\"target\":{\"@type\":\"EntryPoint\",\"urlTemplate\":\"https:\/\/www.gaveanews.com\/?s={search_term_string}\"},\"query-input\":{\"@type\":\"PropertyValueSpecification\",\"valueRequired\":true,\"valueName\":\"search_term_string\"}}],\"inLanguage\":\"pt-BR\"},{\"@type\":\"Person\",\"@id\":\"https:\/\/www.gaveanews.com\/#\/schema\/person\/0eb3e3fe1754f0205218538adbe8f5ed\",\"name\":\"Rafaela Ladeira\",\"image\":{\"@type\":\"ImageObject\",\"inLanguage\":\"pt-BR\",\"@id\":\"https:\/\/www.gaveanews.com\/#\/schema\/person\/image\/\",\"url\":\"https:\/\/secure.gravatar.com\/avatar\/c31f513acffd85eacab5730cbdfdbbf59f21ba5aeada8cd890acea879fbb2455?s=96&d=mm&r=g\",\"contentUrl\":\"https:\/\/secure.gravatar.com\/avatar\/c31f513acffd85eacab5730cbdfdbbf59f21ba5aeada8cd890acea879fbb2455?s=96&d=mm&r=g\",\"caption\":\"Rafaela Ladeira\"}}]}<\/script>\n<!-- \/ Yoast SEO Premium plugin. -->","yoast_head_json":{"title":"Bastidores: a declara\u00e7\u00e3o de Ram\u00f3n D\u00edaz ap\u00f3s vit\u00f3ria do Corinthians","robots":{"index":"index","follow":"follow","max-snippet":"max-snippet:-1","max-image-preview":"max-image-preview:large","max-video-preview":"max-video-preview:-1"},"canonical":"https:\/\/www.gaveanews.com\/index.php\/2024\/12\/05\/bastidores-a-declaracao-de-ramon-diaz-apos-vitoria-do-corinthians\/","og_locale":"pt_BR","og_type":"article","og_title":"Bastidores: a declara\u00e7\u00e3o de Ram\u00f3n D\u00edaz ap\u00f3s vit\u00f3ria do Corinthians","og_description":"Ap\u00f3s a vit\u00f3ria por 3 a 0 sobre o Bahia, o clima nos bastidores do Corinthians foi de otimismo e renova\u00e7\u00e3o. Em coletiva de imprensa, Ram\u00f3n D\u00edaz e Emiliano D\u00edaz confirmaram a perman\u00eancia da comiss\u00e3o t\u00e9cnica para a temporada 2025, um an\u00fancio oficial feito pelo diretor executivo Fabinho Soldado.&nbsp; Apesar das dificuldades enfrentadas durante a [&hellip;]","og_url":"https:\/\/www.gaveanews.com\/index.php\/2024\/12\/05\/bastidores-a-declaracao-de-ramon-diaz-apos-vitoria-do-corinthians\/","og_site_name":"G\u00e1vea News","article_publisher":"https:\/\/facebook.com\/gaveaNews\/","article_published_time":"2024-12-05T22:40:00+00:00","og_image":[{"width":774,"height":483,"url":"https:\/\/www.gaveanews.com\/wp-content\/uploads\/Ramon-Diaz-pelo-Corinthians-em-2024-1.webp","type":"image\/webp"}],"author":"Rafaela Ladeira","twitter_card":"summary_large_image","twitter_misc":{"Escrito por":"Rafaela Ladeira","Est. tempo de leitura":"3 minutos"},"schema":{"@context":"https:\/\/schema.org","@graph":[{"@type":"NewsArticle","@id":"https:\/\/www.gaveanews.com\/index.php\/2024\/12\/05\/bastidores-a-declaracao-de-ramon-diaz-apos-vitoria-do-corinthians\/#article","isPartOf":{"@id":"https:\/\/www.gaveanews.com\/index.php\/2024\/12\/05\/bastidores-a-declaracao-de-ramon-diaz-apos-vitoria-do-corinthians\/"},"author":{"name":"Rafaela Ladeira","@id":"https:\/\/www.gaveanews.com\/#\/schema\/person\/0eb3e3fe1754f0205218538adbe8f5ed"},"headline":"Bastidores: a declara\u00e7\u00e3o de Ram\u00f3n D\u00edaz ap\u00f3s vit\u00f3ria do Corinthians","datePublished":"2024-12-05T22:40:00+00:00","mainEntityOfPage":{"@id":"https:\/\/www.gaveanews.com\/index.php\/2024\/12\/05\/bastidores-a-declaracao-de-ramon-diaz-apos-vitoria-do-corinthians\/"},"wordCount":460,"commentCount":0,"image":{"@id":"https:\/\/www.gaveanews.com\/index.php\/2024\/12\/05\/bastidores-a-declaracao-de-ramon-diaz-apos-vitoria-do-corinthians\/#primaryimage"},"thumbnailUrl":"https:\/\/www.gaveanews.com\/wp-content\/uploads\/Ramon-Diaz-pelo-Corinthians-em-2024-1.webp","articleSection":["Corinthians"],"inLanguage":"pt-BR","potentialAction":[{"@type":"CommentAction","name":"Comment","target":["https:\/\/www.gaveanews.com\/index.php\/2024\/12\/05\/bastidores-a-declaracao-de-ramon-diaz-apos-vitoria-do-corinthians\/#respond"]}],"copyrightYear":"2024","copyrightHolder":{"@id":"https:\/\/www.gaveanews.com\/#organization"}},{"@type":"WebPage","@id":"https:\/\/www.gaveanews.com\/index.php\/2024\/12\/05\/bastidores-a-declaracao-de-ramon-diaz-apos-vitoria-do-corinthians\/","url":"https:\/\/www.gaveanews.com\/index.php\/2024\/12\/05\/bastidores-a-declaracao-de-ramon-diaz-apos-vitoria-do-corinthians\/","name":"Bastidores: a declara\u00e7\u00e3o de Ram\u00f3n D\u00edaz ap\u00f3s vit\u00f3ria do Corinthians","isPartOf":{"@id":"https:\/\/www.gaveanews.com\/#website"},"primaryImageOfPage":{"@id":"https:\/\/www.gaveanews.com\/index.php\/2024\/12\/05\/bastidores-a-declaracao-de-ramon-diaz-apos-vitoria-do-corinthians\/#primaryimage"},"image":{"@id":"https:\/\/www.gaveanews.com\/index.php\/2024\/12\/05\/bastidores-a-declaracao-de-ramon-diaz-apos-vitoria-do-corinthians\/#primaryimage"},"thumbnailUrl":"https:\/\/www.gaveanews.com\/wp-content\/uploads\/Ramon-Diaz-pelo-Corinthians-em-2024-1.webp","datePublished":"2024-12-05T22:40:00+00:00","author":{"@id":"https:\/\/www.gaveanews.com\/#\/schema\/person\/0eb3e3fe1754f0205218538adbe8f5ed"},"breadcrumb":{"@id":"https:\/\/www.gaveanews.com\/index.php\/2024\/12\/05\/bastidores-a-declaracao-de-ramon-diaz-apos-vitoria-do-corinthians\/#breadcrumb"},"inLanguage":"pt-BR","potentialAction":[{"@type":"ReadAction","target":["https:\/\/www.gaveanews.com\/index.php\/2024\/12\/05\/bastidores-a-declaracao-de-ramon-diaz-apos-vitoria-do-corinthians\/"]}]},{"@type":"ImageObject","inLanguage":"pt-BR","@id":"https:\/\/www.gaveanews.com\/index.php\/2024\/12\/05\/bastidores-a-declaracao-de-ramon-diaz-apos-vitoria-do-corinthians\/#primaryimage","url":"https:\/\/www.gaveanews.com\/wp-content\/uploads\/Ramon-Diaz-pelo-Corinthians-em-2024-1.webp","contentUrl":"https:\/\/www.gaveanews.com\/wp-content\/uploads\/Ramon-Diaz-pelo-Corinthians-em-2024-1.webp","width":774,"height":483,"caption":"Ram\u00f3n D\u00edaz pelo Corinthians em 2024 (Foto: Rodrigo Coca\/Ag\u00eancia Corinthians)"},{"@type":"BreadcrumbList","@id":"https:\/\/www.gaveanews.com\/index.php\/2024\/12\/05\/bastidores-a-declaracao-de-ramon-diaz-apos-vitoria-do-corinthians\/#breadcrumb","itemListElement":[{"@type":"ListItem","position":1,"name":"Home","item":"https:\/\/www.gaveanews.com\/"},{"@type":"ListItem","position":2,"name":"Bastidores: a declara\u00e7\u00e3o de Ram\u00f3n D\u00edaz ap\u00f3s vit\u00f3ria do Corinthians"}]},{"@type":"WebSite","@id":"https:\/\/www.gaveanews.com\/#website","url":"https:\/\/www.gaveanews.com\/","name":"G\u00e1vea News","description":"Veja todas as not\u00edcias sobre o Flamengo: Contrata\u00e7\u00f5es, categorias de base, resultados das partidas, tabela de classifica\u00e7\u00e3o, pr\u00f3ximos jogos!","potentialAction":[{"@type":"SearchAction","target":{"@type":"EntryPoint","urlTemplate":"https:\/\/www.gaveanews.com\/?s={search_term_string}"},"query-input":{"@type":"PropertyValueSpecification","valueRequired":true,"valueName":"search_term_string"}}],"inLanguage":"pt-BR"},{"@type":"Person","@id":"https:\/\/www.gaveanews.com\/#\/schema\/person\/0eb3e3fe1754f0205218538adbe8f5ed","name":"Rafaela Ladeira","image":{"@type":"ImageObject","inLanguage":"pt-BR","@id":"https:\/\/www.gaveanews.com\/#\/schema\/person\/image\/","url":"https:\/\/secure.gravatar.com\/avatar\/c31f513acffd85eacab5730cbdfdbbf59f21ba5aeada8cd890acea879fbb2455?s=96&d=mm&r=g","contentUrl":"https:\/\/secure.gravatar.com\/avatar\/c31f513acffd85eacab5730cbdfdbbf59f21ba5aeada8cd890acea879fbb2455?s=96&d=mm&r=g","caption":"Rafaela Ladeira"}}]}},"_links":{"self":[{"href":"https:\/\/www.gaveanews.com\/index.php\/wp-json\/wp\/v2\/posts\/195314","targetHints":{"allow":["GET"]}}],"collection":[{"href":"https:\/\/www.gaveanews.com\/index.php\/wp-json\/wp\/v2\/posts"}],"about":[{"href":"https:\/\/www.gaveanews.com\/index.php\/wp-json\/wp\/v2\/types\/post"}],"author":[{"embeddable":true,"href":"https:\/\/www.gaveanews.com\/index.php\/wp-json\/wp\/v2\/users\/25"}],"replies":[{"embeddable":true,"href":"https:\/\/www.gaveanews.com\/index.php\/wp-json\/wp\/v2\/comments?post=195314"}],"version-history":[{"count":1,"href":"https:\/\/www.gaveanews.com\/index.php\/wp-json\/wp\/v2\/posts\/195314\/revisions"}],"predecessor-version":[{"id":195315,"href":"https:\/\/www.gaveanews.com\/index.php\/wp-json\/wp\/v2\/posts\/195314\/revisions\/195315"}],"wp:featuredmedia":[{"embeddable":true,"href":"https:\/\/www.gaveanews.com\/index.php\/wp-json\/wp\/v2\/media\/190015"}],"wp:attachment":[{"href":"https:\/\/www.gaveanews.com\/index.php\/wp-json\/wp\/v2\/media?parent=195314"}],"wp:term":[{"taxonomy":"category","embeddable":true,"href":"https:\/\/www.gaveanews.com\/index.php\/wp-json\/wp\/v2\/categories?post=195314"},{"taxonomy":"post_tag","embeddable":true,"href":"https:\/\/www.gaveanews.com\/index.php\/wp-json\/wp\/v2\/tags?post=195314"}],"curies":[{"name":"wp","href":"https:\/\/api.w.org\/{rel}","templated":true}]}}